{"id":8246,"date":"2021-05-24T07:59:00","date_gmt":"2021-05-24T12:59:00","guid":{"rendered":"https:\/\/difusionculturaluninter.wordpress.com\/2021\/05\/24\/dia-del-estudiante-2021-cuando-y-por-que-se-celebra-hoy-domingo-23-de-mayo-en-mexico\/"},"modified":"2021-05-24T07:59:00","modified_gmt":"2021-05-24T12:59:00","slug":"dia-del-estudiante-2021-cuando-y-por-que-se-celebra-hoy-domingo-23-de-mayo-en-mexico","status":"publish","type":"post","link":"https:\/\/blogs.uninter.edu.mx\/difusioncultural\/?p=8246","title":{"rendered":"D\u00eda del Estudiante 2021: \u00bfcu\u00e1ndo y por qu\u00e9 se celebra hoy domingo 23 de mayo en M\u00e9xico?"},"content":{"rendered":"\n<figure class=\"wp-block-gallery columns-1 is-cropped wp-block-gallery-1 is-layout-flex wp-block-gallery-is-layout-flex\"><ul class=\"blocks-gallery-grid\"><li class=\"blocks-gallery-item\"><figure><img fetchpriority=\"high\" decoding=\"async\" width=\"600\" height=\"360\" src=\"https:\/\/blogs.uninter.edu.mx\/difusioncultural\/wp-content\/uploads\/2021\/05\/faj4u2nf2rfk5fshi6gm4ge5qe.jpg\" data-id=\"8244\" class=\"wp-image-8244\" \/><\/figure><\/li><\/ul><\/figure>\n\n\n\n<p><\/p>\n\n\n\n<p>D\u00eda del Estudiante 2021: \u00bfcu\u00e1ndo y por qu\u00e9 se celebra hoy domingo 23 de mayo en M\u00e9xico?<br><br>Este domingo 23 de mayo se conmemora un a\u00f1o m\u00e1s del movimiento estudiantil que logr\u00f3 la autonom\u00eda de la Universidad Nacional, y aqu\u00ed te contamos todos los detalles sobre esta celebraci\u00f3n.<br>D\u00eda del Estudiante en M\u00e9xico: \u00bfcu\u00e1ndo y por qu\u00e9 se celebra esta festividad en todo el pa\u00eds? (Foto: Difusi\u00f3n)<br>D\u00eda del Estudiante en M\u00e9xico: \u00bfcu\u00e1ndo y por qu\u00e9 se celebra esta festividad en todo el pa\u00eds? (Foto: Difusi\u00f3n)<br><br>Redacci\u00f3n Depor MX<br><br>Actualizado el 23\/05\/2021 06:16 p.m.<br>Toma nota. Pese a no ser considerada por muchos como una fecha importante en todo el pa\u00eds, la misma s\u00ed es celebrada por todo lo alto por los j\u00f3venes en M\u00e9xico, puesto que marc\u00f3 un antes y un despu\u00e9s en la educaci\u00f3n. Y es que, un d\u00eda como hoy, se conmemora el movimiento estudiantil de 1929 que llev\u00f3 a la autonom\u00eda de la Universidad Nacional, reconocida en la actualidad como la instituci\u00f3n m\u00e1s representativa de tierras aztecas.<br><br>\u00bfPor qu\u00e9 se celebra el D\u00eda del Estudiante? Fundada en 1910, la Universidad Nacional de M\u00e9xico (UNAM) era dirigida por el entonces presidente Porfirio D\u00edaz, hasta que en 1929, gracias a Ley Constitutiva, se le dio al Ministro de Instrucci\u00f3n P\u00fablica el puesto de jefe de la universidad, as\u00ed como tambi\u00e9n el rector era nombrado por el Presidente de la Rep\u00fablica de esa \u00e9poca.<br><br>Sin embargo, un d\u00eda, un grupo de estudiantes de diferentes facultades y escuelas de la Universidad Nacional se organizaron para formar una federaci\u00f3n con el objetivo de hacer llegar numerosas demandas que terminaran con la dependencia de la instituci\u00f3n. Fue as\u00ed que las autoridades optaron por hacer algunos cambios en pro del pedido estudiantil, aunque estos no mantuvieron conformes a los alumnos.<br><br>Y es que a pesar de que agregaron un a\u00f1o m\u00e1s de estudios a la educaci\u00f3n preparatoria y cambiaron los ex\u00e1menes profesionales en la Facultad de Derecho, los estudiantes no cedieron y, descontentos con las medidas, colocaron una bandera rojinegra en la Facultad de Derecho en se\u00f1al de huelga el 5 de mayo, haciendo oficial la misma cuatro d\u00edas despu\u00e9s.<\/p>\n\n\n\n<p>As\u00ed, tras varios d\u00edas de protesta, el 23 de mayo \u2018estall\u00f3&#8217; una gresca entre estudiantes y las fuerzas del orden p\u00fablico muy cerca Colegio de San Ildefonso. La confrontaci\u00f3n, como era de esperarse, termin\u00f3 con un gran n\u00famero de heridos, provocando que el entonces jefe del Departamento Distrito Federal, Jos\u00e9 Manuel Puig Casauranc, se ofreciera como intermediario con el presidente, logrando as\u00ed la autonom\u00eda de la UNAM el 10 de junio.<\/p>\n","protected":false},"excerpt":{"rendered":"<p>D\u00eda del Estudiante 2021: \u00bfcu\u00e1ndo y por qu\u00e9 se celebra hoy domingo 23 de mayo en M\u00e9xico? Este domingo 23 de mayo se conmemora un a\u00f1o m\u00e1s del movimiento estudiantil que logr\u00f3 la autonom\u00eda de la Universidad Nacional, y aqu\u00ed te contamos todos los detalles sobre esta celebraci\u00f3n.D\u00eda del Estudiante en M\u00e9xico: \u00bfcu\u00e1ndo y por&hellip;<\/p>\n","protected":false},"author":1,"featured_media":8245,"comment_status":"closed","ping_status":"open","sticky":false,"template":"","format":"standard","meta":{"_jetpack_memberships_contains_paid_content":false,"footnotes":"","jetpack_publicize_message":"","jetpack_publicize_feature_enabled":true,"jetpack_social_post_already_shared":false,"jetpack_social_options":{"image_generator_settings":{"template":"highway","default_image_id":0,"font":"","enabled":false},"version":2}},"categories":[10,11],"tags":[],"class_list":["post-8246","post","type-post","status-publish","format-standard","has-post-thumbnail","hentry","category-galeria-fotografica-talleres","category-estudiantiles-culturales"],"yoast_head":"<!-- This site is optimized with the Yoast SEO plugin v26.3 - https:\/\/yoast.com\/wordpress\/plugins\/seo\/ -->\r\n<title>D\u00eda del Estudiante 2021: \u00bfcu\u00e1ndo y por qu\u00e9 se celebra hoy domingo 23 de mayo en M\u00e9xico? - Difusi\u00f3n Cultural<\/title>\r\n<meta name=\"robots\" content=\"index, follow, max-snippet:-1, max-image-preview:large, max-video-preview:-1\" \/>\r\n<link rel=\"canonical\" href=\"https:\/\/blogs.uninter.edu.mx\/difusioncultural\/?p=8246\" \/>\r\n<meta property=\"og:locale\" content=\"es_MX\" \/>\r\n<meta property=\"og:type\" content=\"article\" \/>\r\n<meta property=\"og:title\" content=\"D\u00eda del Estudiante 2021: \u00bfcu\u00e1ndo y por qu\u00e9 se celebra hoy domingo 23 de mayo en M\u00e9xico? - Difusi\u00f3n Cultural\" \/>\r\n<meta property=\"og:description\" content=\"D\u00eda del Estudiante 2021: \u00bfcu\u00e1ndo y por qu\u00e9 se celebra hoy domingo 23 de mayo en M\u00e9xico? Este domingo 23 de mayo se conmemora un a\u00f1o m\u00e1s del movimiento estudiantil que logr\u00f3 la autonom\u00eda de la Universidad Nacional, y aqu\u00ed te contamos todos los detalles sobre esta celebraci\u00f3n.D\u00eda del Estudiante en M\u00e9xico: \u00bfcu\u00e1ndo y por&hellip;\" \/>\r\n<meta property=\"og:url\" content=\"https:\/\/blogs.uninter.edu.mx\/difusioncultural\/?p=8246\" \/>\r\n<meta property=\"og:site_name\" content=\"Difusi\u00f3n Cultural\" \/>\r\n<meta property=\"article:published_time\" content=\"2021-05-24T12:59:00+00:00\" \/>\r\n<meta property=\"og:image\" content=\"https:\/\/blogs.uninter.edu.mx\/difusioncultural\/wp-content\/uploads\/2021\/05\/faj4u2nf2rfk5fshi6gm4ge5qe-1.jpg\" \/>\r\n\t<meta property=\"og:image:width\" content=\"600\" \/>\r\n\t<meta property=\"og:image:height\" content=\"360\" \/>\r\n\t<meta property=\"og:image:type\" content=\"image\/jpeg\" \/>\r\n<meta name=\"author\" content=\"webmaster\" \/>\r\n<meta name=\"twitter:card\" content=\"summary_large_image\" \/>\r\n<meta name=\"twitter:label1\" content=\"Escrito por\" \/>\n\t<meta name=\"twitter:data1\" content=\"webmaster\" \/>\n\t<meta name=\"twitter:label2\" content=\"Tiempo de lectura\" \/>\n\t<meta name=\"twitter:data2\" content=\"2 minutos\" \/>\r\n<script type=\"application\/ld+json\" class=\"yoast-schema-graph\">{\"@context\":\"https:\/\/schema.org\",\"@graph\":[{\"@type\":\"Article\",\"@id\":\"https:\/\/blogs.uninter.edu.mx\/difusioncultural\/?p=8246#article\",\"isPartOf\":{\"@id\":\"https:\/\/blogs.uninter.edu.mx\/difusioncultural\/?p=8246\"},\"author\":{\"name\":\"webmaster\",\"@id\":\"https:\/\/blogs.uninter.edu.mx\/difusioncultural\/#\/schema\/person\/37a0926f4dd300a814993fd595abdc4a\"},\"headline\":\"D\u00eda del Estudiante 2021: \u00bfcu\u00e1ndo y por qu\u00e9 se celebra hoy domingo 23 de mayo en M\u00e9xico?\",\"datePublished\":\"2021-05-24T12:59:00+00:00\",\"mainEntityOfPage\":{\"@id\":\"https:\/\/blogs.uninter.edu.mx\/difusioncultural\/?p=8246\"},\"wordCount\":485,\"publisher\":{\"@id\":\"https:\/\/blogs.uninter.edu.mx\/difusioncultural\/#organization\"},\"image\":{\"@id\":\"https:\/\/blogs.uninter.edu.mx\/difusioncultural\/?p=8246#primaryimage\"},\"thumbnailUrl\":\"https:\/\/blogs.uninter.edu.mx\/difusioncultural\/wp-content\/uploads\/2021\/05\/faj4u2nf2rfk5fshi6gm4ge5qe-1.jpg\",\"articleSection\":[\"Galer\u00eda Fotografica Talleres\",\"Talleres Culturales\"],\"inLanguage\":\"es\"},{\"@type\":\"WebPage\",\"@id\":\"https:\/\/blogs.uninter.edu.mx\/difusioncultural\/?p=8246\",\"url\":\"https:\/\/blogs.uninter.edu.mx\/difusioncultural\/?p=8246\",\"name\":\"D\u00eda del Estudiante 2021: \u00bfcu\u00e1ndo y por qu\u00e9 se celebra hoy domingo 23 de mayo en M\u00e9xico? - Difusi\u00f3n Cultural\",\"isPartOf\":{\"@id\":\"https:\/\/blogs.uninter.edu.mx\/difusioncultural\/#website\"},\"primaryImageOfPage\":{\"@id\":\"https:\/\/blogs.uninter.edu.mx\/difusioncultural\/?p=8246#primaryimage\"},\"image\":{\"@id\":\"https:\/\/blogs.uninter.edu.mx\/difusioncultural\/?p=8246#primaryimage\"},\"thumbnailUrl\":\"https:\/\/blogs.uninter.edu.mx\/difusioncultural\/wp-content\/uploads\/2021\/05\/faj4u2nf2rfk5fshi6gm4ge5qe-1.jpg\",\"datePublished\":\"2021-05-24T12:59:00+00:00\",\"breadcrumb\":{\"@id\":\"https:\/\/blogs.uninter.edu.mx\/difusioncultural\/?p=8246#breadcrumb\"},\"inLanguage\":\"es\",\"potentialAction\":[{\"@type\":\"ReadAction\",\"target\":[\"https:\/\/blogs.uninter.edu.mx\/difusioncultural\/?p=8246\"]}]},{\"@type\":\"ImageObject\",\"inLanguage\":\"es\",\"@id\":\"https:\/\/blogs.uninter.edu.mx\/difusioncultural\/?p=8246#primaryimage\",\"url\":\"https:\/\/blogs.uninter.edu.mx\/difusioncultural\/wp-content\/uploads\/2021\/05\/faj4u2nf2rfk5fshi6gm4ge5qe-1.jpg\",\"contentUrl\":\"https:\/\/blogs.uninter.edu.mx\/difusioncultural\/wp-content\/uploads\/2021\/05\/faj4u2nf2rfk5fshi6gm4ge5qe-1.jpg\",\"width\":600,\"height\":360},{\"@type\":\"BreadcrumbList\",\"@id\":\"https:\/\/blogs.uninter.edu.mx\/difusioncultural\/?p=8246#breadcrumb\",\"itemListElement\":[{\"@type\":\"ListItem\",\"position\":1,\"name\":\"Inicio\",\"item\":\"https:\/\/blogs.uninter.edu.mx\/difusioncultural\/\"},{\"@type\":\"ListItem\",\"position\":2,\"name\":\"D\u00eda del Estudiante 2021: \u00bfcu\u00e1ndo y por qu\u00e9 se celebra hoy domingo 23 de mayo en M\u00e9xico?\"}]},{\"@type\":\"WebSite\",\"@id\":\"https:\/\/blogs.uninter.edu.mx\/difusioncultural\/#website\",\"url\":\"https:\/\/blogs.uninter.edu.mx\/difusioncultural\/\",\"name\":\"Difusi\u00f3n Cultural\",\"description\":\"UNINTER\",\"publisher\":{\"@id\":\"https:\/\/blogs.uninter.edu.mx\/difusioncultural\/#organization\"},\"potentialAction\":[{\"@type\":\"SearchAction\",\"target\":{\"@type\":\"EntryPoint\",\"urlTemplate\":\"https:\/\/blogs.uninter.edu.mx\/difusioncultural\/?s={search_term_string}\"},\"query-input\":{\"@type\":\"PropertyValueSpecification\",\"valueRequired\":true,\"valueName\":\"search_term_string\"}}],\"inLanguage\":\"es\"},{\"@type\":\"Organization\",\"@id\":\"https:\/\/blogs.uninter.edu.mx\/difusioncultural\/#organization\",\"name\":\"Difusi\u00f3n Cultural\",\"url\":\"https:\/\/blogs.uninter.edu.mx\/difusioncultural\/\",\"logo\":{\"@type\":\"ImageObject\",\"inLanguage\":\"es\",\"@id\":\"https:\/\/blogs.uninter.edu.mx\/difusioncultural\/#\/schema\/logo\/image\/\",\"url\":\"https:\/\/blogs.uninter.edu.mx\/difusioncultural\/wp-content\/uploads\/2022\/09\/uninter.jpg\",\"contentUrl\":\"https:\/\/blogs.uninter.edu.mx\/difusioncultural\/wp-content\/uploads\/2022\/09\/uninter.jpg\",\"width\":2048,\"height\":2048,\"caption\":\"Difusi\u00f3n Cultural\"},\"image\":{\"@id\":\"https:\/\/blogs.uninter.edu.mx\/difusioncultural\/#\/schema\/logo\/image\/\"}},{\"@type\":\"Person\",\"@id\":\"https:\/\/blogs.uninter.edu.mx\/difusioncultural\/#\/schema\/person\/37a0926f4dd300a814993fd595abdc4a\",\"name\":\"webmaster\",\"image\":{\"@type\":\"ImageObject\",\"inLanguage\":\"es\",\"@id\":\"https:\/\/blogs.uninter.edu.mx\/difusioncultural\/#\/schema\/person\/image\/\",\"url\":\"https:\/\/secure.gravatar.com\/avatar\/a59c276b01147463ef3aab4118e3137ebc5e1ad6700deb39ccdf8b89e517f7dc?s=96&d=mm&r=g\",\"contentUrl\":\"https:\/\/secure.gravatar.com\/avatar\/a59c276b01147463ef3aab4118e3137ebc5e1ad6700deb39ccdf8b89e517f7dc?s=96&d=mm&r=g\",\"caption\":\"webmaster\"},\"sameAs\":[\"https:\/\/blogs.uninter.edu.mx\/difusioncultural\"],\"url\":\"https:\/\/blogs.uninter.edu.mx\/difusioncultural\/?author=1\"}]}<\/script>\r\n<!-- \/ Yoast SEO plugin. -->","yoast_head_json":{"title":"D\u00eda del Estudiante 2021: \u00bfcu\u00e1ndo y por qu\u00e9 se celebra hoy domingo 23 de mayo en M\u00e9xico? - Difusi\u00f3n Cultural","robots":{"index":"index","follow":"follow","max-snippet":"max-snippet:-1","max-image-preview":"max-image-preview:large","max-video-preview":"max-video-preview:-1"},"canonical":"https:\/\/blogs.uninter.edu.mx\/difusioncultural\/?p=8246","og_locale":"es_MX","og_type":"article","og_title":"D\u00eda del Estudiante 2021: \u00bfcu\u00e1ndo y por qu\u00e9 se celebra hoy domingo 23 de mayo en M\u00e9xico? - Difusi\u00f3n Cultural","og_description":"D\u00eda del Estudiante 2021: \u00bfcu\u00e1ndo y por qu\u00e9 se celebra hoy domingo 23 de mayo en M\u00e9xico? Este domingo 23 de mayo se conmemora un a\u00f1o m\u00e1s del movimiento estudiantil que logr\u00f3 la autonom\u00eda de la Universidad Nacional, y aqu\u00ed te contamos todos los detalles sobre esta celebraci\u00f3n.D\u00eda del Estudiante en M\u00e9xico: \u00bfcu\u00e1ndo y por&hellip;","og_url":"https:\/\/blogs.uninter.edu.mx\/difusioncultural\/?p=8246","og_site_name":"Difusi\u00f3n Cultural","article_published_time":"2021-05-24T12:59:00+00:00","og_image":[{"width":600,"height":360,"url":"https:\/\/blogs.uninter.edu.mx\/difusioncultural\/wp-content\/uploads\/2021\/05\/faj4u2nf2rfk5fshi6gm4ge5qe-1.jpg","type":"image\/jpeg"}],"author":"webmaster","twitter_card":"summary_large_image","twitter_misc":{"Escrito por":"webmaster","Tiempo de lectura":"2 minutos"},"schema":{"@context":"https:\/\/schema.org","@graph":[{"@type":"Article","@id":"https:\/\/blogs.uninter.edu.mx\/difusioncultural\/?p=8246#article","isPartOf":{"@id":"https:\/\/blogs.uninter.edu.mx\/difusioncultural\/?p=8246"},"author":{"name":"webmaster","@id":"https:\/\/blogs.uninter.edu.mx\/difusioncultural\/#\/schema\/person\/37a0926f4dd300a814993fd595abdc4a"},"headline":"D\u00eda del Estudiante 2021: \u00bfcu\u00e1ndo y por qu\u00e9 se celebra hoy domingo 23 de mayo en M\u00e9xico?","datePublished":"2021-05-24T12:59:00+00:00","mainEntityOfPage":{"@id":"https:\/\/blogs.uninter.edu.mx\/difusioncultural\/?p=8246"},"wordCount":485,"publisher":{"@id":"https:\/\/blogs.uninter.edu.mx\/difusioncultural\/#organization"},"image":{"@id":"https:\/\/blogs.uninter.edu.mx\/difusioncultural\/?p=8246#primaryimage"},"thumbnailUrl":"https:\/\/blogs.uninter.edu.mx\/difusioncultural\/wp-content\/uploads\/2021\/05\/faj4u2nf2rfk5fshi6gm4ge5qe-1.jpg","articleSection":["Galer\u00eda Fotografica Talleres","Talleres Culturales"],"inLanguage":"es"},{"@type":"WebPage","@id":"https:\/\/blogs.uninter.edu.mx\/difusioncultural\/?p=8246","url":"https:\/\/blogs.uninter.edu.mx\/difusioncultural\/?p=8246","name":"D\u00eda del Estudiante 2021: \u00bfcu\u00e1ndo y por qu\u00e9 se celebra hoy domingo 23 de mayo en M\u00e9xico? - Difusi\u00f3n Cultural","isPartOf":{"@id":"https:\/\/blogs.uninter.edu.mx\/difusioncultural\/#website"},"primaryImageOfPage":{"@id":"https:\/\/blogs.uninter.edu.mx\/difusioncultural\/?p=8246#primaryimage"},"image":{"@id":"https:\/\/blogs.uninter.edu.mx\/difusioncultural\/?p=8246#primaryimage"},"thumbnailUrl":"https:\/\/blogs.uninter.edu.mx\/difusioncultural\/wp-content\/uploads\/2021\/05\/faj4u2nf2rfk5fshi6gm4ge5qe-1.jpg","datePublished":"2021-05-24T12:59:00+00:00","breadcrumb":{"@id":"https:\/\/blogs.uninter.edu.mx\/difusioncultural\/?p=8246#breadcrumb"},"inLanguage":"es","potentialAction":[{"@type":"ReadAction","target":["https:\/\/blogs.uninter.edu.mx\/difusioncultural\/?p=8246"]}]},{"@type":"ImageObject","inLanguage":"es","@id":"https:\/\/blogs.uninter.edu.mx\/difusioncultural\/?p=8246#primaryimage","url":"https:\/\/blogs.uninter.edu.mx\/difusioncultural\/wp-content\/uploads\/2021\/05\/faj4u2nf2rfk5fshi6gm4ge5qe-1.jpg","contentUrl":"https:\/\/blogs.uninter.edu.mx\/difusioncultural\/wp-content\/uploads\/2021\/05\/faj4u2nf2rfk5fshi6gm4ge5qe-1.jpg","width":600,"height":360},{"@type":"BreadcrumbList","@id":"https:\/\/blogs.uninter.edu.mx\/difusioncultural\/?p=8246#breadcrumb","itemListElement":[{"@type":"ListItem","position":1,"name":"Inicio","item":"https:\/\/blogs.uninter.edu.mx\/difusioncultural\/"},{"@type":"ListItem","position":2,"name":"D\u00eda del Estudiante 2021: \u00bfcu\u00e1ndo y por qu\u00e9 se celebra hoy domingo 23 de mayo en M\u00e9xico?"}]},{"@type":"WebSite","@id":"https:\/\/blogs.uninter.edu.mx\/difusioncultural\/#website","url":"https:\/\/blogs.uninter.edu.mx\/difusioncultural\/","name":"Difusi\u00f3n Cultural","description":"UNINTER","publisher":{"@id":"https:\/\/blogs.uninter.edu.mx\/difusioncultural\/#organization"},"potentialAction":[{"@type":"SearchAction","target":{"@type":"EntryPoint","urlTemplate":"https:\/\/blogs.uninter.edu.mx\/difusioncultural\/?s={search_term_string}"},"query-input":{"@type":"PropertyValueSpecification","valueRequired":true,"valueName":"search_term_string"}}],"inLanguage":"es"},{"@type":"Organization","@id":"https:\/\/blogs.uninter.edu.mx\/difusioncultural\/#organization","name":"Difusi\u00f3n Cultural","url":"https:\/\/blogs.uninter.edu.mx\/difusioncultural\/","logo":{"@type":"ImageObject","inLanguage":"es","@id":"https:\/\/blogs.uninter.edu.mx\/difusioncultural\/#\/schema\/logo\/image\/","url":"https:\/\/blogs.uninter.edu.mx\/difusioncultural\/wp-content\/uploads\/2022\/09\/uninter.jpg","contentUrl":"https:\/\/blogs.uninter.edu.mx\/difusioncultural\/wp-content\/uploads\/2022\/09\/uninter.jpg","width":2048,"height":2048,"caption":"Difusi\u00f3n Cultural"},"image":{"@id":"https:\/\/blogs.uninter.edu.mx\/difusioncultural\/#\/schema\/logo\/image\/"}},{"@type":"Person","@id":"https:\/\/blogs.uninter.edu.mx\/difusioncultural\/#\/schema\/person\/37a0926f4dd300a814993fd595abdc4a","name":"webmaster","image":{"@type":"ImageObject","inLanguage":"es","@id":"https:\/\/blogs.uninter.edu.mx\/difusioncultural\/#\/schema\/person\/image\/","url":"https:\/\/secure.gravatar.com\/avatar\/a59c276b01147463ef3aab4118e3137ebc5e1ad6700deb39ccdf8b89e517f7dc?s=96&d=mm&r=g","contentUrl":"https:\/\/secure.gravatar.com\/avatar\/a59c276b01147463ef3aab4118e3137ebc5e1ad6700deb39ccdf8b89e517f7dc?s=96&d=mm&r=g","caption":"webmaster"},"sameAs":["https:\/\/blogs.uninter.edu.mx\/difusioncultural"],"url":"https:\/\/blogs.uninter.edu.mx\/difusioncultural\/?author=1"}]}},"jetpack_publicize_connections":[],"jetpack_featured_media_url":"https:\/\/blogs.uninter.edu.mx\/difusioncultural\/wp-content\/uploads\/2021\/05\/faj4u2nf2rfk5fshi6gm4ge5qe-1.jpg","jetpack_sharing_enabled":true,"_links":{"self":[{"href":"https:\/\/blogs.uninter.edu.mx\/difusioncultural\/index.php?rest_route=\/wp\/v2\/posts\/8246","targetHints":{"allow":["GET"]}}],"collection":[{"href":"https:\/\/blogs.uninter.edu.mx\/difusioncultural\/index.php?rest_route=\/wp\/v2\/posts"}],"about":[{"href":"https:\/\/blogs.uninter.edu.mx\/difusioncultural\/index.php?rest_route=\/wp\/v2\/types\/post"}],"author":[{"embeddable":true,"href":"https:\/\/blogs.uninter.edu.mx\/difusioncultural\/index.php?rest_route=\/wp\/v2\/users\/1"}],"replies":[{"embeddable":true,"href":"https:\/\/blogs.uninter.edu.mx\/difusioncultural\/index.php?rest_route=%2Fwp%2Fv2%2Fcomments&post=8246"}],"version-history":[{"count":0,"href":"https:\/\/blogs.uninter.edu.mx\/difusioncultural\/index.php?rest_route=\/wp\/v2\/posts\/8246\/revisions"}],"wp:featuredmedia":[{"embeddable":true,"href":"https:\/\/blogs.uninter.edu.mx\/difusioncultural\/index.php?rest_route=\/wp\/v2\/media\/8245"}],"wp:attachment":[{"href":"https:\/\/blogs.uninter.edu.mx\/difusioncultural\/index.php?rest_route=%2Fwp%2Fv2%2Fmedia&parent=8246"}],"wp:term":[{"taxonomy":"category","embeddable":true,"href":"https:\/\/blogs.uninter.edu.mx\/difusioncultural\/index.php?rest_route=%2Fwp%2Fv2%2Fcategories&post=8246"},{"taxonomy":"post_tag","embeddable":true,"href":"https:\/\/blogs.uninter.edu.mx\/difusioncultural\/index.php?rest_route=%2Fwp%2Fv2%2Ftags&post=8246"}],"curies":[{"name":"wp","href":"https:\/\/api.w.org\/{rel}","templated":true}]}}