{"id":8252,"date":"2021-05-24T08:31:44","date_gmt":"2021-05-24T13:31:44","guid":{"rendered":"https:\/\/difusionculturaluninter.wordpress.com\/2021\/05\/24\/el-teatro-real-presento-su-temporada-oficial-2021-2022\/"},"modified":"2021-05-24T08:31:44","modified_gmt":"2021-05-24T13:31:44","slug":"el-teatro-real-presento-su-temporada-oficial-2021-2022","status":"publish","type":"post","link":"https:\/\/blogs.uninter.edu.mx\/difusioncultural\/?p=8252","title":{"rendered":"El Teatro Real present\u00f3 su temporada oficial 2021-2022"},"content":{"rendered":"\n<figure class=\"wp-block-gallery columns-1 is-cropped wp-block-gallery-1 is-layout-flex wp-block-gallery-is-layout-flex\"><ul class=\"blocks-gallery-grid\"><li class=\"blocks-gallery-item\"><figure><img fetchpriority=\"high\" decoding=\"async\" width=\"300\" height=\"300\" src=\"https:\/\/blogs.uninter.edu.mx\/difusioncultural\/wp-content\/uploads\/2021\/05\/teatroreal-tempo-21-22_300.jpg\" data-id=\"8250\" class=\"wp-image-8250\" \/><\/figure><\/li><\/ul><\/figure>\n\n\n\n<p>Hola comunidad uninter, nos levantamos con la buena noticia que el Teatro Real lanz\u00f3 su calendario oficial de eventos de este 2021 d\u00f3nde culminar\u00e1 en el 2022.<\/p>\n\n\n\n<p>Con una programaci\u00f3n ecl\u00e9ctica y ambiciosa, el Teatro Real de Madrid present\u00f3 su temporada 2021-2022, que mostrar\u00e1 un recorrido por cinco siglos de m\u00fasica, conformada por diecis\u00e9is \u00f3peras, tres programas de danza y nueve conciertos, diez de ellos ser\u00e1n t\u00edtulos totalmente nuevos.<br><br>La programaci\u00f3n, en la que participan directores musicales, directores de escena y cantantes de primer nivel internacional, alcanza este a\u00f1o un n\u00famero r\u00e9cord de artistas espa\u00f1oles e hispanoamericanos.<br><br>Los directores musicales que forman parte de esta temporada, ser\u00e1n Pablo Heras-Casado (El ocaso de los dioses), Juanjo Mena (Juana de Arco en la hoguera), Gustavo Gimeno (El \u00e1ngel de fuego), Alexis Soriano (Las horas vac\u00edas), Javier Ulises Ill\u00e1n (Extinci\u00f3n), Daniel Montan\u00e9 (concierto Tenor Vi\u00f1as) y Rub\u00e9n Gimeno (Mozart Revolution), as\u00ed como el argentino Fabi\u00e1n Panisello (El abrecartas) y el venezolano Domingo Hindoyan (Siberia).<br><br>Mientras que el ciclo Voces del Real estar\u00e1 compuesto en esta temporada por seis conciertos, protagonizados por algunos de los mejores artistas l\u00edricos del mundo: Juan Diego Fl\u00f3rez, Ana Netrebko y Yusif Eyvazof, Lise Davidsen y Leif Ove Andsnes (piano), Lisette Oropesa, Jakub J\u00f3zef Orlinski y Bejun Metha.<br><br>La programaci\u00f3n de danza incluir\u00e1 tres compa\u00f1\u00edas que representan diferentes universos coreogr\u00e1ficos. El Ballet Nacional de Espa\u00f1a celebrar\u00e1 el centenario de Antonio Ruiz Soler, con un programa compuesto por coreograf\u00edas de esta m\u00edtica figura de la danza espa\u00f1ola. Por su parte, el Ballet Bolshoi regresar\u00e1 con uno de los t\u00edtulos m\u00e1s emblem\u00e1ticos de la danza cl\u00e1sica, La bayadera, en la versi\u00f3n de Yuri Grigorovich sobre el original de Marius Petip\u00e1.<\/p>\n","protected":false},"excerpt":{"rendered":"<p>Hola comunidad uninter, nos levantamos con la buena noticia que el Teatro Real lanz\u00f3 su calendario oficial de eventos de este 2021 d\u00f3nde culminar\u00e1 en el 2022. Con una programaci\u00f3n ecl\u00e9ctica y ambiciosa, el Teatro Real de Madrid present\u00f3 su temporada 2021-2022, que mostrar\u00e1 un recorrido por cinco siglos de m\u00fasica, conformada por diecis\u00e9is \u00f3peras,&hellip;<\/p>\n","protected":false},"author":1,"featured_media":8251,"comment_status":"closed","ping_status":"open","sticky":false,"template":"","format":"standard","meta":{"_jetpack_memberships_contains_paid_content":false,"footnotes":"","jetpack_publicize_message":"","jetpack_publicize_feature_enabled":true,"jetpack_social_post_already_shared":false,"jetpack_social_options":{"image_generator_settings":{"template":"highway","default_image_id":0,"font":"","enabled":false},"version":2}},"categories":[2,6],"tags":[],"class_list":["post-8252","post","type-post","status-publish","format-standard","has-post-thumbnail","hentry","category-actividades-artisticas-y-culturales","category-compania-de-teatro"],"yoast_head":"<!-- This site is optimized with the Yoast SEO plugin v26.3 - https:\/\/yoast.com\/wordpress\/plugins\/seo\/ -->\r\n<title>El Teatro Real present\u00f3 su temporada oficial 2021-2022 - Difusi\u00f3n Cultural<\/title>\r\n<meta name=\"robots\" content=\"index, follow, max-snippet:-1, max-image-preview:large, max-video-preview:-1\" \/>\r\n<link rel=\"canonical\" href=\"https:\/\/blogs.uninter.edu.mx\/difusioncultural\/?p=8252\" \/>\r\n<meta property=\"og:locale\" content=\"es_MX\" \/>\r\n<meta property=\"og:type\" content=\"article\" \/>\r\n<meta property=\"og:title\" content=\"El Teatro Real present\u00f3 su temporada oficial 2021-2022 - Difusi\u00f3n Cultural\" \/>\r\n<meta property=\"og:description\" content=\"Hola comunidad uninter, nos levantamos con la buena noticia que el Teatro Real lanz\u00f3 su calendario oficial de eventos de este 2021 d\u00f3nde culminar\u00e1 en el 2022. Con una programaci\u00f3n ecl\u00e9ctica y ambiciosa, el Teatro Real de Madrid present\u00f3 su temporada 2021-2022, que mostrar\u00e1 un recorrido por cinco siglos de m\u00fasica, conformada por diecis\u00e9is \u00f3peras,&hellip;\" \/>\r\n<meta property=\"og:url\" content=\"https:\/\/blogs.uninter.edu.mx\/difusioncultural\/?p=8252\" \/>\r\n<meta property=\"og:site_name\" content=\"Difusi\u00f3n Cultural\" \/>\r\n<meta property=\"article:published_time\" content=\"2021-05-24T13:31:44+00:00\" \/>\r\n<meta property=\"og:image\" content=\"https:\/\/blogs.uninter.edu.mx\/difusioncultural\/wp-content\/uploads\/2021\/05\/teatroreal-tempo-21-22_300-1.jpg\" \/>\r\n\t<meta property=\"og:image:width\" content=\"300\" \/>\r\n\t<meta property=\"og:image:height\" content=\"300\" \/>\r\n\t<meta property=\"og:image:type\" content=\"image\/jpeg\" \/>\r\n<meta name=\"author\" content=\"webmaster\" \/>\r\n<meta name=\"twitter:card\" content=\"summary_large_image\" \/>\r\n<meta name=\"twitter:label1\" content=\"Escrito por\" \/>\n\t<meta name=\"twitter:data1\" content=\"webmaster\" \/>\n\t<meta name=\"twitter:label2\" content=\"Tiempo de lectura\" \/>\n\t<meta name=\"twitter:data2\" content=\"2 minutos\" \/>\r\n<script type=\"application\/ld+json\" class=\"yoast-schema-graph\">{\"@context\":\"https:\/\/schema.org\",\"@graph\":[{\"@type\":\"Article\",\"@id\":\"https:\/\/blogs.uninter.edu.mx\/difusioncultural\/?p=8252#article\",\"isPartOf\":{\"@id\":\"https:\/\/blogs.uninter.edu.mx\/difusioncultural\/?p=8252\"},\"author\":{\"name\":\"webmaster\",\"@id\":\"https:\/\/blogs.uninter.edu.mx\/difusioncultural\/#\/schema\/person\/37a0926f4dd300a814993fd595abdc4a\"},\"headline\":\"El Teatro Real present\u00f3 su temporada oficial 2021-2022\",\"datePublished\":\"2021-05-24T13:31:44+00:00\",\"mainEntityOfPage\":{\"@id\":\"https:\/\/blogs.uninter.edu.mx\/difusioncultural\/?p=8252\"},\"wordCount\":319,\"publisher\":{\"@id\":\"https:\/\/blogs.uninter.edu.mx\/difusioncultural\/#organization\"},\"image\":{\"@id\":\"https:\/\/blogs.uninter.edu.mx\/difusioncultural\/?p=8252#primaryimage\"},\"thumbnailUrl\":\"https:\/\/blogs.uninter.edu.mx\/difusioncultural\/wp-content\/uploads\/2021\/05\/teatroreal-tempo-21-22_300-1.jpg\",\"articleSection\":[\"Actividades Art\u00edsticas y Culturales\",\"Compa\u00f1ia de Teatro\"],\"inLanguage\":\"es\"},{\"@type\":\"WebPage\",\"@id\":\"https:\/\/blogs.uninter.edu.mx\/difusioncultural\/?p=8252\",\"url\":\"https:\/\/blogs.uninter.edu.mx\/difusioncultural\/?p=8252\",\"name\":\"El Teatro Real present\u00f3 su temporada oficial 2021-2022 - Difusi\u00f3n Cultural\",\"isPartOf\":{\"@id\":\"https:\/\/blogs.uninter.edu.mx\/difusioncultural\/#website\"},\"primaryImageOfPage\":{\"@id\":\"https:\/\/blogs.uninter.edu.mx\/difusioncultural\/?p=8252#primaryimage\"},\"image\":{\"@id\":\"https:\/\/blogs.uninter.edu.mx\/difusioncultural\/?p=8252#primaryimage\"},\"thumbnailUrl\":\"https:\/\/blogs.uninter.edu.mx\/difusioncultural\/wp-content\/uploads\/2021\/05\/teatroreal-tempo-21-22_300-1.jpg\",\"datePublished\":\"2021-05-24T13:31:44+00:00\",\"breadcrumb\":{\"@id\":\"https:\/\/blogs.uninter.edu.mx\/difusioncultural\/?p=8252#breadcrumb\"},\"inLanguage\":\"es\",\"potentialAction\":[{\"@type\":\"ReadAction\",\"target\":[\"https:\/\/blogs.uninter.edu.mx\/difusioncultural\/?p=8252\"]}]},{\"@type\":\"ImageObject\",\"inLanguage\":\"es\",\"@id\":\"https:\/\/blogs.uninter.edu.mx\/difusioncultural\/?p=8252#primaryimage\",\"url\":\"https:\/\/blogs.uninter.edu.mx\/difusioncultural\/wp-content\/uploads\/2021\/05\/teatroreal-tempo-21-22_300-1.jpg\",\"contentUrl\":\"https:\/\/blogs.uninter.edu.mx\/difusioncultural\/wp-content\/uploads\/2021\/05\/teatroreal-tempo-21-22_300-1.jpg\",\"width\":300,\"height\":300},{\"@type\":\"BreadcrumbList\",\"@id\":\"https:\/\/blogs.uninter.edu.mx\/difusioncultural\/?p=8252#breadcrumb\",\"itemListElement\":[{\"@type\":\"ListItem\",\"position\":1,\"name\":\"Inicio\",\"item\":\"https:\/\/blogs.uninter.edu.mx\/difusioncultural\/\"},{\"@type\":\"ListItem\",\"position\":2,\"name\":\"El Teatro Real present\u00f3 su temporada oficial 2021-2022\"}]},{\"@type\":\"WebSite\",\"@id\":\"https:\/\/blogs.uninter.edu.mx\/difusioncultural\/#website\",\"url\":\"https:\/\/blogs.uninter.edu.mx\/difusioncultural\/\",\"name\":\"Difusi\u00f3n Cultural\",\"description\":\"UNINTER\",\"publisher\":{\"@id\":\"https:\/\/blogs.uninter.edu.mx\/difusioncultural\/#organization\"},\"potentialAction\":[{\"@type\":\"SearchAction\",\"target\":{\"@type\":\"EntryPoint\",\"urlTemplate\":\"https:\/\/blogs.uninter.edu.mx\/difusioncultural\/?s={search_term_string}\"},\"query-input\":{\"@type\":\"PropertyValueSpecification\",\"valueRequired\":true,\"valueName\":\"search_term_string\"}}],\"inLanguage\":\"es\"},{\"@type\":\"Organization\",\"@id\":\"https:\/\/blogs.uninter.edu.mx\/difusioncultural\/#organization\",\"name\":\"Difusi\u00f3n Cultural\",\"url\":\"https:\/\/blogs.uninter.edu.mx\/difusioncultural\/\",\"logo\":{\"@type\":\"ImageObject\",\"inLanguage\":\"es\",\"@id\":\"https:\/\/blogs.uninter.edu.mx\/difusioncultural\/#\/schema\/logo\/image\/\",\"url\":\"https:\/\/blogs.uninter.edu.mx\/difusioncultural\/wp-content\/uploads\/2022\/09\/uninter.jpg\",\"contentUrl\":\"https:\/\/blogs.uninter.edu.mx\/difusioncultural\/wp-content\/uploads\/2022\/09\/uninter.jpg\",\"width\":2048,\"height\":2048,\"caption\":\"Difusi\u00f3n Cultural\"},\"image\":{\"@id\":\"https:\/\/blogs.uninter.edu.mx\/difusioncultural\/#\/schema\/logo\/image\/\"}},{\"@type\":\"Person\",\"@id\":\"https:\/\/blogs.uninter.edu.mx\/difusioncultural\/#\/schema\/person\/37a0926f4dd300a814993fd595abdc4a\",\"name\":\"webmaster\",\"image\":{\"@type\":\"ImageObject\",\"inLanguage\":\"es\",\"@id\":\"https:\/\/blogs.uninter.edu.mx\/difusioncultural\/#\/schema\/person\/image\/\",\"url\":\"https:\/\/secure.gravatar.com\/avatar\/a59c276b01147463ef3aab4118e3137ebc5e1ad6700deb39ccdf8b89e517f7dc?s=96&d=mm&r=g\",\"contentUrl\":\"https:\/\/secure.gravatar.com\/avatar\/a59c276b01147463ef3aab4118e3137ebc5e1ad6700deb39ccdf8b89e517f7dc?s=96&d=mm&r=g\",\"caption\":\"webmaster\"},\"sameAs\":[\"https:\/\/blogs.uninter.edu.mx\/difusioncultural\"],\"url\":\"https:\/\/blogs.uninter.edu.mx\/difusioncultural\/?author=1\"}]}<\/script>\r\n<!-- \/ Yoast SEO plugin. -->","yoast_head_json":{"title":"El Teatro Real present\u00f3 su temporada oficial 2021-2022 - Difusi\u00f3n Cultural","robots":{"index":"index","follow":"follow","max-snippet":"max-snippet:-1","max-image-preview":"max-image-preview:large","max-video-preview":"max-video-preview:-1"},"canonical":"https:\/\/blogs.uninter.edu.mx\/difusioncultural\/?p=8252","og_locale":"es_MX","og_type":"article","og_title":"El Teatro Real present\u00f3 su temporada oficial 2021-2022 - Difusi\u00f3n Cultural","og_description":"Hola comunidad uninter, nos levantamos con la buena noticia que el Teatro Real lanz\u00f3 su calendario oficial de eventos de este 2021 d\u00f3nde culminar\u00e1 en el 2022. Con una programaci\u00f3n ecl\u00e9ctica y ambiciosa, el Teatro Real de Madrid present\u00f3 su temporada 2021-2022, que mostrar\u00e1 un recorrido por cinco siglos de m\u00fasica, conformada por diecis\u00e9is \u00f3peras,&hellip;","og_url":"https:\/\/blogs.uninter.edu.mx\/difusioncultural\/?p=8252","og_site_name":"Difusi\u00f3n Cultural","article_published_time":"2021-05-24T13:31:44+00:00","og_image":[{"width":300,"height":300,"url":"https:\/\/blogs.uninter.edu.mx\/difusioncultural\/wp-content\/uploads\/2021\/05\/teatroreal-tempo-21-22_300-1.jpg","type":"image\/jpeg"}],"author":"webmaster","twitter_card":"summary_large_image","twitter_misc":{"Escrito por":"webmaster","Tiempo de lectura":"2 minutos"},"schema":{"@context":"https:\/\/schema.org","@graph":[{"@type":"Article","@id":"https:\/\/blogs.uninter.edu.mx\/difusioncultural\/?p=8252#article","isPartOf":{"@id":"https:\/\/blogs.uninter.edu.mx\/difusioncultural\/?p=8252"},"author":{"name":"webmaster","@id":"https:\/\/blogs.uninter.edu.mx\/difusioncultural\/#\/schema\/person\/37a0926f4dd300a814993fd595abdc4a"},"headline":"El Teatro Real present\u00f3 su temporada oficial 2021-2022","datePublished":"2021-05-24T13:31:44+00:00","mainEntityOfPage":{"@id":"https:\/\/blogs.uninter.edu.mx\/difusioncultural\/?p=8252"},"wordCount":319,"publisher":{"@id":"https:\/\/blogs.uninter.edu.mx\/difusioncultural\/#organization"},"image":{"@id":"https:\/\/blogs.uninter.edu.mx\/difusioncultural\/?p=8252#primaryimage"},"thumbnailUrl":"https:\/\/blogs.uninter.edu.mx\/difusioncultural\/wp-content\/uploads\/2021\/05\/teatroreal-tempo-21-22_300-1.jpg","articleSection":["Actividades Art\u00edsticas y Culturales","Compa\u00f1ia de Teatro"],"inLanguage":"es"},{"@type":"WebPage","@id":"https:\/\/blogs.uninter.edu.mx\/difusioncultural\/?p=8252","url":"https:\/\/blogs.uninter.edu.mx\/difusioncultural\/?p=8252","name":"El Teatro Real present\u00f3 su temporada oficial 2021-2022 - Difusi\u00f3n Cultural","isPartOf":{"@id":"https:\/\/blogs.uninter.edu.mx\/difusioncultural\/#website"},"primaryImageOfPage":{"@id":"https:\/\/blogs.uninter.edu.mx\/difusioncultural\/?p=8252#primaryimage"},"image":{"@id":"https:\/\/blogs.uninter.edu.mx\/difusioncultural\/?p=8252#primaryimage"},"thumbnailUrl":"https:\/\/blogs.uninter.edu.mx\/difusioncultural\/wp-content\/uploads\/2021\/05\/teatroreal-tempo-21-22_300-1.jpg","datePublished":"2021-05-24T13:31:44+00:00","breadcrumb":{"@id":"https:\/\/blogs.uninter.edu.mx\/difusioncultural\/?p=8252#breadcrumb"},"inLanguage":"es","potentialAction":[{"@type":"ReadAction","target":["https:\/\/blogs.uninter.edu.mx\/difusioncultural\/?p=8252"]}]},{"@type":"ImageObject","inLanguage":"es","@id":"https:\/\/blogs.uninter.edu.mx\/difusioncultural\/?p=8252#primaryimage","url":"https:\/\/blogs.uninter.edu.mx\/difusioncultural\/wp-content\/uploads\/2021\/05\/teatroreal-tempo-21-22_300-1.jpg","contentUrl":"https:\/\/blogs.uninter.edu.mx\/difusioncultural\/wp-content\/uploads\/2021\/05\/teatroreal-tempo-21-22_300-1.jpg","width":300,"height":300},{"@type":"BreadcrumbList","@id":"https:\/\/blogs.uninter.edu.mx\/difusioncultural\/?p=8252#breadcrumb","itemListElement":[{"@type":"ListItem","position":1,"name":"Inicio","item":"https:\/\/blogs.uninter.edu.mx\/difusioncultural\/"},{"@type":"ListItem","position":2,"name":"El Teatro Real present\u00f3 su temporada oficial 2021-2022"}]},{"@type":"WebSite","@id":"https:\/\/blogs.uninter.edu.mx\/difusioncultural\/#website","url":"https:\/\/blogs.uninter.edu.mx\/difusioncultural\/","name":"Difusi\u00f3n Cultural","description":"UNINTER","publisher":{"@id":"https:\/\/blogs.uninter.edu.mx\/difusioncultural\/#organization"},"potentialAction":[{"@type":"SearchAction","target":{"@type":"EntryPoint","urlTemplate":"https:\/\/blogs.uninter.edu.mx\/difusioncultural\/?s={search_term_string}"},"query-input":{"@type":"PropertyValueSpecification","valueRequired":true,"valueName":"search_term_string"}}],"inLanguage":"es"},{"@type":"Organization","@id":"https:\/\/blogs.uninter.edu.mx\/difusioncultural\/#organization","name":"Difusi\u00f3n Cultural","url":"https:\/\/blogs.uninter.edu.mx\/difusioncultural\/","logo":{"@type":"ImageObject","inLanguage":"es","@id":"https:\/\/blogs.uninter.edu.mx\/difusioncultural\/#\/schema\/logo\/image\/","url":"https:\/\/blogs.uninter.edu.mx\/difusioncultural\/wp-content\/uploads\/2022\/09\/uninter.jpg","contentUrl":"https:\/\/blogs.uninter.edu.mx\/difusioncultural\/wp-content\/uploads\/2022\/09\/uninter.jpg","width":2048,"height":2048,"caption":"Difusi\u00f3n Cultural"},"image":{"@id":"https:\/\/blogs.uninter.edu.mx\/difusioncultural\/#\/schema\/logo\/image\/"}},{"@type":"Person","@id":"https:\/\/blogs.uninter.edu.mx\/difusioncultural\/#\/schema\/person\/37a0926f4dd300a814993fd595abdc4a","name":"webmaster","image":{"@type":"ImageObject","inLanguage":"es","@id":"https:\/\/blogs.uninter.edu.mx\/difusioncultural\/#\/schema\/person\/image\/","url":"https:\/\/secure.gravatar.com\/avatar\/a59c276b01147463ef3aab4118e3137ebc5e1ad6700deb39ccdf8b89e517f7dc?s=96&d=mm&r=g","contentUrl":"https:\/\/secure.gravatar.com\/avatar\/a59c276b01147463ef3aab4118e3137ebc5e1ad6700deb39ccdf8b89e517f7dc?s=96&d=mm&r=g","caption":"webmaster"},"sameAs":["https:\/\/blogs.uninter.edu.mx\/difusioncultural"],"url":"https:\/\/blogs.uninter.edu.mx\/difusioncultural\/?author=1"}]}},"jetpack_publicize_connections":[],"jetpack_featured_media_url":"https:\/\/blogs.uninter.edu.mx\/difusioncultural\/wp-content\/uploads\/2021\/05\/teatroreal-tempo-21-22_300-1.jpg","jetpack_sharing_enabled":true,"_links":{"self":[{"href":"https:\/\/blogs.uninter.edu.mx\/difusioncultural\/index.php?rest_route=\/wp\/v2\/posts\/8252","targetHints":{"allow":["GET"]}}],"collection":[{"href":"https:\/\/blogs.uninter.edu.mx\/difusioncultural\/index.php?rest_route=\/wp\/v2\/posts"}],"about":[{"href":"https:\/\/blogs.uninter.edu.mx\/difusioncultural\/index.php?rest_route=\/wp\/v2\/types\/post"}],"author":[{"embeddable":true,"href":"https:\/\/blogs.uninter.edu.mx\/difusioncultural\/index.php?rest_route=\/wp\/v2\/users\/1"}],"replies":[{"embeddable":true,"href":"https:\/\/blogs.uninter.edu.mx\/difusioncultural\/index.php?rest_route=%2Fwp%2Fv2%2Fcomments&post=8252"}],"version-history":[{"count":0,"href":"https:\/\/blogs.uninter.edu.mx\/difusioncultural\/index.php?rest_route=\/wp\/v2\/posts\/8252\/revisions"}],"wp:featuredmedia":[{"embeddable":true,"href":"https:\/\/blogs.uninter.edu.mx\/difusioncultural\/index.php?rest_route=\/wp\/v2\/media\/8251"}],"wp:attachment":[{"href":"https:\/\/blogs.uninter.edu.mx\/difusioncultural\/index.php?rest_route=%2Fwp%2Fv2%2Fmedia&parent=8252"}],"wp:term":[{"taxonomy":"category","embeddable":true,"href":"https:\/\/blogs.uninter.edu.mx\/difusioncultural\/index.php?rest_route=%2Fwp%2Fv2%2Fcategories&post=8252"},{"taxonomy":"post_tag","embeddable":true,"href":"https:\/\/blogs.uninter.edu.mx\/difusioncultural\/index.php?rest_route=%2Fwp%2Fv2%2Ftags&post=8252"}],"curies":[{"name":"wp","href":"https:\/\/api.w.org\/{rel}","templated":true}]}}