{"id":8268,"date":"2021-06-01T07:50:29","date_gmt":"2021-06-01T12:50:29","guid":{"rendered":"https:\/\/difusionculturaluninter.wordpress.com\/2021\/06\/01\/musica-teatro-y-baile-dentro-de-las-actividades-culturales-del-ccu\/"},"modified":"2021-06-01T07:50:29","modified_gmt":"2021-06-01T12:50:29","slug":"musica-teatro-y-baile-dentro-de-las-actividades-culturales-del-ccu","status":"publish","type":"post","link":"https:\/\/blogs.uninter.edu.mx\/difusioncultural\/?p=8268","title":{"rendered":"M\u00fasica, teatro y baile dentro de las actividades culturales del CCU"},"content":{"rendered":"\n<figure class=\"wp-block-image size-large\"><img fetchpriority=\"high\" decoding=\"async\" width=\"626\" height=\"417\" src=\"https:\/\/blogs.uninter.edu.mx\/difusioncultural\/wp-content\/uploads\/2021\/06\/images28329.jpeg?w=626\" alt=\"\" class=\"wp-image-8266\" \/><\/figure>\n\n\n\n<p>El Complejo Cultural Universitario (CCU) dio a conocer la cartelera de actividades culturales que se realizar\u00e1n del 31 de mayo al 6 de junio del 2021.<br><br>Todas las actividades podr\u00e1n verse y estar\u00e1n disponibles en los siguientes horarios, a trav\u00e9s de la p\u00e1gina de Facebook del CCU.<\/p>\n\n\n\n<p>1. \u201cConcierto en Si Menor\u201d<br>Lunes 31 de mayo a las 17:00 h.<br><br>Soledad Cruz, Francisco Gonz\u00e1lez, Yovanni P\u00e9rez y David Ponce, integrantes de la secci\u00f3n violines segundos de la Orquesta Sinf\u00f3nica BUAP interpretan el concierto del virtuoso compositor barroco Antonio Vivaldi.<br><br>2. \u201cLa vida es un sue\u00f1o\u201d<br>Martes 1 de junio a las 17:00 h.<br><br>Mon\u00f3logo de la segunda escena de la obra La vida es un sue\u00f1o, del escritor espa\u00f1ol Pedro Calder\u00f3n de la Barca, a cargo de Izhac Sagan. \u201cDebido a una profec\u00eda hecha al nacer, el pr\u00edncipe Segismundo ha pasado toda su vida encerrado en una prisi\u00f3n por orden del Rey, su padre. Segismundo crece y no comprende por qu\u00e9 est\u00e1 ah\u00ed encadenado, ya que no es consciente de ning\u00fan delito.\u201d<br><br>3. \u201cLa Cumbancha\u201d<br>Mi\u00e9rcoles 2 de junio a las 17:00 h.<br><br>Karol, integrante del Coro de Ni\u00f1os del Complejo Cultural Universitario BUAP presenta una canci\u00f3n del m\u00fasico y compositor veracruzano Agust\u00edn Lara.<br><br>4. \u201cYou\u00b4ll be back\u201d<br>Jueves 3 de junio a las 17:00 h.<br><br>El Rey Jorge lll se dirige a los colonos sobre la revoluci\u00f3n y les dice que aunque desean ser independientes, en sus t\u00e9rminos siempre estar\u00e1n bajo alguna forma de dominio brit\u00e1nico. La s\u00e9ptima canci\u00f3n del primer acto de \u201cHamilton: el Musical\u201d es interpretada por Erik Josafat, integrante de la Compa\u00f1\u00eda Titular de Teatro BUAP CCU.<br><br>5. Story time: EX CODACOS<br>Jueves 3 de junio a las 19:00 h.<br><br>Serie de audiovisuales donde ex integrantes de la Compa\u00f1\u00eda de Danza Contempor\u00e1nea BUAP CCU cuentan un poco de su experiencia con la compa\u00f1\u00eda. Esta ocasi\u00f3n conoceremos a Gabriela P\u00e9rez Montero, ex int\u00e9rprete y bailarina de la CODACO.<br><br>6. \u201cHomesick\u201d<br>Viernes 4 de junio a las 17:00 h.<br><br>Bere Jara, integrante del Coro Sinf\u00f3nico BUAP CCU, presenta el \u00e9xito musical de Dua Lipa \u00a1No te lo pierdas!<br><br>7. Jarana yucateca: el Chinito Koy Koy<br>Viernes 4 de junio a las 18:00 h.<br><br>La Jarana es un baile festivo que se ejecuta en la pen\u00ednsula de Yucat\u00e1n en celebraciones llamadas vaquer\u00edas. Esta ocasi\u00f3n, la danza es ejecutada por Alejandra Gonz\u00e1lez y Carlos Eduardo Hern\u00e1ndez, bailarines del Ballet Folkl\u00f3rico BUAP CCU.<br><br>8. Recital desde casa<br>S\u00e1bado 5 de junio a las 21:00 h.<br><br>El tenor Alan Montiel, jefe de cuerdas de tenores del Coro Sinf\u00f3nico BUAP CCU, presenta una selecci\u00f3n musical agradable para todas y todos.<br><br>9. Autores de todos los tiempos<br>Domingo 6 de junio a las 18:00 h.<br><br>El tenor Antonio de la Rosa, director del Coro Sinf\u00f3nico BUAP CCU, presenta canciones del poeta Jos\u00e9 Antonio Zorrilla \u201cMon\u00eds\u201d \u00a1No te lo pierdas!<\/p>\n","protected":false},"excerpt":{"rendered":"<p>El Complejo Cultural Universitario (CCU) dio a conocer la cartelera de actividades culturales que se realizar\u00e1n del 31 de mayo al 6 de junio del 2021. Todas las actividades podr\u00e1n verse y estar\u00e1n disponibles en los siguientes horarios, a trav\u00e9s de la p\u00e1gina de Facebook del CCU. 1. \u201cConcierto en Si Menor\u201dLunes 31 de mayo&hellip;<\/p>\n","protected":false},"author":1,"featured_media":8267,"comment_status":"closed","ping_status":"open","sticky":false,"template":"","format":"standard","meta":{"_jetpack_memberships_contains_paid_content":false,"footnotes":"","jetpack_publicize_message":"","jetpack_publicize_feature_enabled":true,"jetpack_social_post_already_shared":false,"jetpack_social_options":{"image_generator_settings":{"template":"highway","default_image_id":0,"font":"","enabled":false},"version":2}},"categories":[2,6,10,11],"tags":[],"class_list":["post-8268","post","type-post","status-publish","format-standard","has-post-thumbnail","hentry","category-actividades-artisticas-y-culturales","category-compania-de-teatro","category-galeria-fotografica-talleres","category-estudiantiles-culturales"],"yoast_head":"<!-- This site is optimized with the Yoast SEO plugin v26.3 - https:\/\/yoast.com\/wordpress\/plugins\/seo\/ -->\r\n<title>M\u00fasica, teatro y baile dentro de las actividades culturales del CCU - Difusi\u00f3n Cultural<\/title>\r\n<meta name=\"robots\" content=\"index, follow, max-snippet:-1, max-image-preview:large, max-video-preview:-1\" \/>\r\n<link rel=\"canonical\" href=\"https:\/\/blogs.uninter.edu.mx\/difusioncultural\/?p=8268\" \/>\r\n<meta property=\"og:locale\" content=\"es_MX\" \/>\r\n<meta property=\"og:type\" content=\"article\" \/>\r\n<meta property=\"og:title\" content=\"M\u00fasica, teatro y baile dentro de las actividades culturales del CCU - Difusi\u00f3n Cultural\" \/>\r\n<meta property=\"og:description\" content=\"El Complejo Cultural Universitario (CCU) dio a conocer la cartelera de actividades culturales que se realizar\u00e1n del 31 de mayo al 6 de junio del 2021. Todas las actividades podr\u00e1n verse y estar\u00e1n disponibles en los siguientes horarios, a trav\u00e9s de la p\u00e1gina de Facebook del CCU. 1. \u201cConcierto en Si Menor\u201dLunes 31 de mayo&hellip;\" \/>\r\n<meta property=\"og:url\" content=\"https:\/\/blogs.uninter.edu.mx\/difusioncultural\/?p=8268\" \/>\r\n<meta property=\"og:site_name\" content=\"Difusi\u00f3n Cultural\" \/>\r\n<meta property=\"article:published_time\" content=\"2021-06-01T12:50:29+00:00\" \/>\r\n<meta property=\"og:image\" content=\"https:\/\/blogs.uninter.edu.mx\/difusioncultural\/wp-content\/uploads\/2021\/06\/images28329-1.jpeg\" \/>\r\n\t<meta property=\"og:image:width\" content=\"626\" \/>\r\n\t<meta property=\"og:image:height\" content=\"417\" \/>\r\n\t<meta property=\"og:image:type\" content=\"image\/jpeg\" \/>\r\n<meta name=\"author\" content=\"webmaster\" \/>\r\n<meta name=\"twitter:card\" content=\"summary_large_image\" \/>\r\n<meta name=\"twitter:label1\" content=\"Escrito por\" \/>\n\t<meta name=\"twitter:data1\" content=\"webmaster\" \/>\n\t<meta name=\"twitter:label2\" content=\"Tiempo de lectura\" \/>\n\t<meta name=\"twitter:data2\" content=\"2 minutos\" \/>\r\n<script type=\"application\/ld+json\" class=\"yoast-schema-graph\">{\"@context\":\"https:\/\/schema.org\",\"@graph\":[{\"@type\":\"Article\",\"@id\":\"https:\/\/blogs.uninter.edu.mx\/difusioncultural\/?p=8268#article\",\"isPartOf\":{\"@id\":\"https:\/\/blogs.uninter.edu.mx\/difusioncultural\/?p=8268\"},\"author\":{\"name\":\"webmaster\",\"@id\":\"https:\/\/blogs.uninter.edu.mx\/difusioncultural\/#\/schema\/person\/37a0926f4dd300a814993fd595abdc4a\"},\"headline\":\"M\u00fasica, teatro y baile dentro de las actividades culturales del CCU\",\"datePublished\":\"2021-06-01T12:50:29+00:00\",\"mainEntityOfPage\":{\"@id\":\"https:\/\/blogs.uninter.edu.mx\/difusioncultural\/?p=8268\"},\"wordCount\":503,\"publisher\":{\"@id\":\"https:\/\/blogs.uninter.edu.mx\/difusioncultural\/#organization\"},\"image\":{\"@id\":\"https:\/\/blogs.uninter.edu.mx\/difusioncultural\/?p=8268#primaryimage\"},\"thumbnailUrl\":\"https:\/\/blogs.uninter.edu.mx\/difusioncultural\/wp-content\/uploads\/2021\/06\/images28329-1.jpeg\",\"articleSection\":[\"Actividades Art\u00edsticas y Culturales\",\"Compa\u00f1ia de Teatro\",\"Galer\u00eda Fotografica Talleres\",\"Talleres Culturales\"],\"inLanguage\":\"es\"},{\"@type\":\"WebPage\",\"@id\":\"https:\/\/blogs.uninter.edu.mx\/difusioncultural\/?p=8268\",\"url\":\"https:\/\/blogs.uninter.edu.mx\/difusioncultural\/?p=8268\",\"name\":\"M\u00fasica, teatro y baile dentro de las actividades culturales del CCU - Difusi\u00f3n Cultural\",\"isPartOf\":{\"@id\":\"https:\/\/blogs.uninter.edu.mx\/difusioncultural\/#website\"},\"primaryImageOfPage\":{\"@id\":\"https:\/\/blogs.uninter.edu.mx\/difusioncultural\/?p=8268#primaryimage\"},\"image\":{\"@id\":\"https:\/\/blogs.uninter.edu.mx\/difusioncultural\/?p=8268#primaryimage\"},\"thumbnailUrl\":\"https:\/\/blogs.uninter.edu.mx\/difusioncultural\/wp-content\/uploads\/2021\/06\/images28329-1.jpeg\",\"datePublished\":\"2021-06-01T12:50:29+00:00\",\"breadcrumb\":{\"@id\":\"https:\/\/blogs.uninter.edu.mx\/difusioncultural\/?p=8268#breadcrumb\"},\"inLanguage\":\"es\",\"potentialAction\":[{\"@type\":\"ReadAction\",\"target\":[\"https:\/\/blogs.uninter.edu.mx\/difusioncultural\/?p=8268\"]}]},{\"@type\":\"ImageObject\",\"inLanguage\":\"es\",\"@id\":\"https:\/\/blogs.uninter.edu.mx\/difusioncultural\/?p=8268#primaryimage\",\"url\":\"https:\/\/blogs.uninter.edu.mx\/difusioncultural\/wp-content\/uploads\/2021\/06\/images28329-1.jpeg\",\"contentUrl\":\"https:\/\/blogs.uninter.edu.mx\/difusioncultural\/wp-content\/uploads\/2021\/06\/images28329-1.jpeg\",\"width\":626,\"height\":417},{\"@type\":\"BreadcrumbList\",\"@id\":\"https:\/\/blogs.uninter.edu.mx\/difusioncultural\/?p=8268#breadcrumb\",\"itemListElement\":[{\"@type\":\"ListItem\",\"position\":1,\"name\":\"Inicio\",\"item\":\"https:\/\/blogs.uninter.edu.mx\/difusioncultural\/\"},{\"@type\":\"ListItem\",\"position\":2,\"name\":\"M\u00fasica, teatro y baile dentro de las actividades culturales del CCU\"}]},{\"@type\":\"WebSite\",\"@id\":\"https:\/\/blogs.uninter.edu.mx\/difusioncultural\/#website\",\"url\":\"https:\/\/blogs.uninter.edu.mx\/difusioncultural\/\",\"name\":\"Difusi\u00f3n Cultural\",\"description\":\"UNINTER\",\"publisher\":{\"@id\":\"https:\/\/blogs.uninter.edu.mx\/difusioncultural\/#organization\"},\"potentialAction\":[{\"@type\":\"SearchAction\",\"target\":{\"@type\":\"EntryPoint\",\"urlTemplate\":\"https:\/\/blogs.uninter.edu.mx\/difusioncultural\/?s={search_term_string}\"},\"query-input\":{\"@type\":\"PropertyValueSpecification\",\"valueRequired\":true,\"valueName\":\"search_term_string\"}}],\"inLanguage\":\"es\"},{\"@type\":\"Organization\",\"@id\":\"https:\/\/blogs.uninter.edu.mx\/difusioncultural\/#organization\",\"name\":\"Difusi\u00f3n Cultural\",\"url\":\"https:\/\/blogs.uninter.edu.mx\/difusioncultural\/\",\"logo\":{\"@type\":\"ImageObject\",\"inLanguage\":\"es\",\"@id\":\"https:\/\/blogs.uninter.edu.mx\/difusioncultural\/#\/schema\/logo\/image\/\",\"url\":\"https:\/\/blogs.uninter.edu.mx\/difusioncultural\/wp-content\/uploads\/2022\/09\/uninter.jpg\",\"contentUrl\":\"https:\/\/blogs.uninter.edu.mx\/difusioncultural\/wp-content\/uploads\/2022\/09\/uninter.jpg\",\"width\":2048,\"height\":2048,\"caption\":\"Difusi\u00f3n Cultural\"},\"image\":{\"@id\":\"https:\/\/blogs.uninter.edu.mx\/difusioncultural\/#\/schema\/logo\/image\/\"}},{\"@type\":\"Person\",\"@id\":\"https:\/\/blogs.uninter.edu.mx\/difusioncultural\/#\/schema\/person\/37a0926f4dd300a814993fd595abdc4a\",\"name\":\"webmaster\",\"image\":{\"@type\":\"ImageObject\",\"inLanguage\":\"es\",\"@id\":\"https:\/\/blogs.uninter.edu.mx\/difusioncultural\/#\/schema\/person\/image\/\",\"url\":\"https:\/\/secure.gravatar.com\/avatar\/a59c276b01147463ef3aab4118e3137ebc5e1ad6700deb39ccdf8b89e517f7dc?s=96&d=mm&r=g\",\"contentUrl\":\"https:\/\/secure.gravatar.com\/avatar\/a59c276b01147463ef3aab4118e3137ebc5e1ad6700deb39ccdf8b89e517f7dc?s=96&d=mm&r=g\",\"caption\":\"webmaster\"},\"sameAs\":[\"https:\/\/blogs.uninter.edu.mx\/difusioncultural\"],\"url\":\"https:\/\/blogs.uninter.edu.mx\/difusioncultural\/?author=1\"}]}<\/script>\r\n<!-- \/ Yoast SEO plugin. -->","yoast_head_json":{"title":"M\u00fasica, teatro y baile dentro de las actividades culturales del CCU - Difusi\u00f3n Cultural","robots":{"index":"index","follow":"follow","max-snippet":"max-snippet:-1","max-image-preview":"max-image-preview:large","max-video-preview":"max-video-preview:-1"},"canonical":"https:\/\/blogs.uninter.edu.mx\/difusioncultural\/?p=8268","og_locale":"es_MX","og_type":"article","og_title":"M\u00fasica, teatro y baile dentro de las actividades culturales del CCU - Difusi\u00f3n Cultural","og_description":"El Complejo Cultural Universitario (CCU) dio a conocer la cartelera de actividades culturales que se realizar\u00e1n del 31 de mayo al 6 de junio del 2021. Todas las actividades podr\u00e1n verse y estar\u00e1n disponibles en los siguientes horarios, a trav\u00e9s de la p\u00e1gina de Facebook del CCU. 1. \u201cConcierto en Si Menor\u201dLunes 31 de mayo&hellip;","og_url":"https:\/\/blogs.uninter.edu.mx\/difusioncultural\/?p=8268","og_site_name":"Difusi\u00f3n Cultural","article_published_time":"2021-06-01T12:50:29+00:00","og_image":[{"width":626,"height":417,"url":"https:\/\/blogs.uninter.edu.mx\/difusioncultural\/wp-content\/uploads\/2021\/06\/images28329-1.jpeg","type":"image\/jpeg"}],"author":"webmaster","twitter_card":"summary_large_image","twitter_misc":{"Escrito por":"webmaster","Tiempo de lectura":"2 minutos"},"schema":{"@context":"https:\/\/schema.org","@graph":[{"@type":"Article","@id":"https:\/\/blogs.uninter.edu.mx\/difusioncultural\/?p=8268#article","isPartOf":{"@id":"https:\/\/blogs.uninter.edu.mx\/difusioncultural\/?p=8268"},"author":{"name":"webmaster","@id":"https:\/\/blogs.uninter.edu.mx\/difusioncultural\/#\/schema\/person\/37a0926f4dd300a814993fd595abdc4a"},"headline":"M\u00fasica, teatro y baile dentro de las actividades culturales del CCU","datePublished":"2021-06-01T12:50:29+00:00","mainEntityOfPage":{"@id":"https:\/\/blogs.uninter.edu.mx\/difusioncultural\/?p=8268"},"wordCount":503,"publisher":{"@id":"https:\/\/blogs.uninter.edu.mx\/difusioncultural\/#organization"},"image":{"@id":"https:\/\/blogs.uninter.edu.mx\/difusioncultural\/?p=8268#primaryimage"},"thumbnailUrl":"https:\/\/blogs.uninter.edu.mx\/difusioncultural\/wp-content\/uploads\/2021\/06\/images28329-1.jpeg","articleSection":["Actividades Art\u00edsticas y Culturales","Compa\u00f1ia de Teatro","Galer\u00eda Fotografica Talleres","Talleres Culturales"],"inLanguage":"es"},{"@type":"WebPage","@id":"https:\/\/blogs.uninter.edu.mx\/difusioncultural\/?p=8268","url":"https:\/\/blogs.uninter.edu.mx\/difusioncultural\/?p=8268","name":"M\u00fasica, teatro y baile dentro de las actividades culturales del CCU - Difusi\u00f3n Cultural","isPartOf":{"@id":"https:\/\/blogs.uninter.edu.mx\/difusioncultural\/#website"},"primaryImageOfPage":{"@id":"https:\/\/blogs.uninter.edu.mx\/difusioncultural\/?p=8268#primaryimage"},"image":{"@id":"https:\/\/blogs.uninter.edu.mx\/difusioncultural\/?p=8268#primaryimage"},"thumbnailUrl":"https:\/\/blogs.uninter.edu.mx\/difusioncultural\/wp-content\/uploads\/2021\/06\/images28329-1.jpeg","datePublished":"2021-06-01T12:50:29+00:00","breadcrumb":{"@id":"https:\/\/blogs.uninter.edu.mx\/difusioncultural\/?p=8268#breadcrumb"},"inLanguage":"es","potentialAction":[{"@type":"ReadAction","target":["https:\/\/blogs.uninter.edu.mx\/difusioncultural\/?p=8268"]}]},{"@type":"ImageObject","inLanguage":"es","@id":"https:\/\/blogs.uninter.edu.mx\/difusioncultural\/?p=8268#primaryimage","url":"https:\/\/blogs.uninter.edu.mx\/difusioncultural\/wp-content\/uploads\/2021\/06\/images28329-1.jpeg","contentUrl":"https:\/\/blogs.uninter.edu.mx\/difusioncultural\/wp-content\/uploads\/2021\/06\/images28329-1.jpeg","width":626,"height":417},{"@type":"BreadcrumbList","@id":"https:\/\/blogs.uninter.edu.mx\/difusioncultural\/?p=8268#breadcrumb","itemListElement":[{"@type":"ListItem","position":1,"name":"Inicio","item":"https:\/\/blogs.uninter.edu.mx\/difusioncultural\/"},{"@type":"ListItem","position":2,"name":"M\u00fasica, teatro y baile dentro de las actividades culturales del CCU"}]},{"@type":"WebSite","@id":"https:\/\/blogs.uninter.edu.mx\/difusioncultural\/#website","url":"https:\/\/blogs.uninter.edu.mx\/difusioncultural\/","name":"Difusi\u00f3n Cultural","description":"UNINTER","publisher":{"@id":"https:\/\/blogs.uninter.edu.mx\/difusioncultural\/#organization"},"potentialAction":[{"@type":"SearchAction","target":{"@type":"EntryPoint","urlTemplate":"https:\/\/blogs.uninter.edu.mx\/difusioncultural\/?s={search_term_string}"},"query-input":{"@type":"PropertyValueSpecification","valueRequired":true,"valueName":"search_term_string"}}],"inLanguage":"es"},{"@type":"Organization","@id":"https:\/\/blogs.uninter.edu.mx\/difusioncultural\/#organization","name":"Difusi\u00f3n Cultural","url":"https:\/\/blogs.uninter.edu.mx\/difusioncultural\/","logo":{"@type":"ImageObject","inLanguage":"es","@id":"https:\/\/blogs.uninter.edu.mx\/difusioncultural\/#\/schema\/logo\/image\/","url":"https:\/\/blogs.uninter.edu.mx\/difusioncultural\/wp-content\/uploads\/2022\/09\/uninter.jpg","contentUrl":"https:\/\/blogs.uninter.edu.mx\/difusioncultural\/wp-content\/uploads\/2022\/09\/uninter.jpg","width":2048,"height":2048,"caption":"Difusi\u00f3n Cultural"},"image":{"@id":"https:\/\/blogs.uninter.edu.mx\/difusioncultural\/#\/schema\/logo\/image\/"}},{"@type":"Person","@id":"https:\/\/blogs.uninter.edu.mx\/difusioncultural\/#\/schema\/person\/37a0926f4dd300a814993fd595abdc4a","name":"webmaster","image":{"@type":"ImageObject","inLanguage":"es","@id":"https:\/\/blogs.uninter.edu.mx\/difusioncultural\/#\/schema\/person\/image\/","url":"https:\/\/secure.gravatar.com\/avatar\/a59c276b01147463ef3aab4118e3137ebc5e1ad6700deb39ccdf8b89e517f7dc?s=96&d=mm&r=g","contentUrl":"https:\/\/secure.gravatar.com\/avatar\/a59c276b01147463ef3aab4118e3137ebc5e1ad6700deb39ccdf8b89e517f7dc?s=96&d=mm&r=g","caption":"webmaster"},"sameAs":["https:\/\/blogs.uninter.edu.mx\/difusioncultural"],"url":"https:\/\/blogs.uninter.edu.mx\/difusioncultural\/?author=1"}]}},"jetpack_publicize_connections":[],"jetpack_featured_media_url":"https:\/\/blogs.uninter.edu.mx\/difusioncultural\/wp-content\/uploads\/2021\/06\/images28329-1.jpeg","jetpack_sharing_enabled":true,"_links":{"self":[{"href":"https:\/\/blogs.uninter.edu.mx\/difusioncultural\/index.php?rest_route=\/wp\/v2\/posts\/8268","targetHints":{"allow":["GET"]}}],"collection":[{"href":"https:\/\/blogs.uninter.edu.mx\/difusioncultural\/index.php?rest_route=\/wp\/v2\/posts"}],"about":[{"href":"https:\/\/blogs.uninter.edu.mx\/difusioncultural\/index.php?rest_route=\/wp\/v2\/types\/post"}],"author":[{"embeddable":true,"href":"https:\/\/blogs.uninter.edu.mx\/difusioncultural\/index.php?rest_route=\/wp\/v2\/users\/1"}],"replies":[{"embeddable":true,"href":"https:\/\/blogs.uninter.edu.mx\/difusioncultural\/index.php?rest_route=%2Fwp%2Fv2%2Fcomments&post=8268"}],"version-history":[{"count":0,"href":"https:\/\/blogs.uninter.edu.mx\/difusioncultural\/index.php?rest_route=\/wp\/v2\/posts\/8268\/revisions"}],"wp:featuredmedia":[{"embeddable":true,"href":"https:\/\/blogs.uninter.edu.mx\/difusioncultural\/index.php?rest_route=\/wp\/v2\/media\/8267"}],"wp:attachment":[{"href":"https:\/\/blogs.uninter.edu.mx\/difusioncultural\/index.php?rest_route=%2Fwp%2Fv2%2Fmedia&parent=8268"}],"wp:term":[{"taxonomy":"category","embeddable":true,"href":"https:\/\/blogs.uninter.edu.mx\/difusioncultural\/index.php?rest_route=%2Fwp%2Fv2%2Fcategories&post=8268"},{"taxonomy":"post_tag","embeddable":true,"href":"https:\/\/blogs.uninter.edu.mx\/difusioncultural\/index.php?rest_route=%2Fwp%2Fv2%2Ftags&post=8268"}],"curies":[{"name":"wp","href":"https:\/\/api.w.org\/{rel}","templated":true}]}}