{"id":8271,"date":"2021-06-03T03:57:16","date_gmt":"2021-06-03T08:57:16","guid":{"rendered":"https:\/\/difusionculturaluninter.wordpress.com\/2021\/06\/03\/un-dia-como-hoy-pero-de-1740-nace-el-marques-de-sade-celebre-filosofo-y-escritor-frances\/"},"modified":"2021-06-03T03:57:16","modified_gmt":"2021-06-03T08:57:16","slug":"un-dia-como-hoy-pero-de-1740-nace-el-marques-de-sade-celebre-filosofo-y-escritor-frances","status":"publish","type":"post","link":"https:\/\/blogs.uninter.edu.mx\/difusioncultural\/?p=8271","title":{"rendered":"Un d\u00eda como hoy pero de 1740: Nace el Marqu\u00e9s de Sade, c\u00e9lebre fil\u00f3sofo y escritor franc\u00e9s."},"content":{"rendered":"\n<figure class=\"wp-block-image size-large\"><img decoding=\"async\" width=\"160\" height=\"212\" src=\"https:\/\/blogs.uninter.edu.mx\/difusioncultural\/wp-content\/uploads\/2021\/06\/images28429.jpeg?w=160\" alt=\"\" class=\"wp-image-8269\" \/><\/figure>\n\n\n\n<p>En Par\u00eds, capital de Francia, hace 280 a\u00f1os, inici\u00f3 la vida de Donatien Alphonse Fran\u00e7ois de Sade, mejor conocido por su t\u00edtulo de Marqu\u00e9s de Sade.<br><br>Destac\u00f3 por su obra err\u00e1tica, caracterizada por antih\u00e9roes y personajes y situaciones aberrantes con disertaciones que justifican su proceder, as\u00ed como por sus tratados filos\u00f3ficos prohibidos durante un periodo de tiempo considerabl.<br><br>El Marqu\u00e9s de Sade tuvo una vida de esc\u00e1ndalos que lo persiguieron a\u00fan despu\u00e9s de su muerte y que lo llevaron a vivir un periodo encarcelado.<br><br>La palabra sadismo viene de la obra y persona del Marqu\u00e9s y se refiere a cometer actos de crueldad hacia otra persona y sentirse excitado por eso.<\/p>\n\n\n\n<p>El marqu\u00e9s de Sade escribi\u00f3 la mayor parte de sus obras en sus largos per\u00edodos de internamiento. En una de las primeras, el Di\u00e1logo entre un sacerdote y un moribundo (1782), manifest\u00f3 su ate\u00edsmo. Posteriores son Los 120 d\u00edas de Sodoma (1784), Los cr\u00edmenes del amor (1788), Justine (1791) y Juliette (1798).<br><br>Calificadas de obscenas en su d\u00eda, la descripci\u00f3n de distintos tipos de perversi\u00f3n sexual constituye su tema principal, aunque no el \u00fanico: en cierto sentido, Sade puede considerarse un moralista que denuncia en sus trabajos la hipocres\u00eda de su \u00e9poca. Su obra fue reivindicada en el siglo XX por Andr\u00e9 Breton, Paul \u00c9luard, Louis Aragon y otras figuras del surrealismo.<\/p>\n","protected":false},"excerpt":{"rendered":"<p>En Par\u00eds, capital de Francia, hace 280 a\u00f1os, inici\u00f3 la vida de Donatien Alphonse Fran\u00e7ois de Sade, mejor conocido por su t\u00edtulo de Marqu\u00e9s de Sade. Destac\u00f3 por su obra err\u00e1tica, caracterizada por antih\u00e9roes y personajes y situaciones aberrantes con disertaciones que justifican su proceder, as\u00ed como por sus tratados filos\u00f3ficos prohibidos durante un periodo&hellip;<\/p>\n","protected":false},"author":1,"featured_media":8270,"comment_status":"closed","ping_status":"open","sticky":false,"template":"","format":"standard","meta":{"_jetpack_memberships_contains_paid_content":false,"footnotes":"","jetpack_publicize_message":"","jetpack_publicize_feature_enabled":true,"jetpack_social_post_already_shared":false,"jetpack_social_options":{"image_generator_settings":{"template":"highway","default_image_id":0,"font":"","enabled":false},"version":2}},"categories":[6,14],"tags":[],"class_list":["post-8271","post","type-post","status-publish","format-standard","has-post-thumbnail","hentry","category-compania-de-teatro","category-un-dia-como-hoy"],"yoast_head":"<!-- This site is optimized with the Yoast SEO plugin v26.3 - https:\/\/yoast.com\/wordpress\/plugins\/seo\/ -->\r\n<title>Un d\u00eda como hoy pero de 1740: Nace el Marqu\u00e9s de Sade, c\u00e9lebre fil\u00f3sofo y escritor franc\u00e9s. - Difusi\u00f3n Cultural<\/title>\r\n<meta name=\"robots\" content=\"index, follow, max-snippet:-1, max-image-preview:large, max-video-preview:-1\" \/>\r\n<link rel=\"canonical\" href=\"https:\/\/blogs.uninter.edu.mx\/difusioncultural\/?p=8271\" \/>\r\n<meta property=\"og:locale\" content=\"es_MX\" \/>\r\n<meta property=\"og:type\" content=\"article\" \/>\r\n<meta property=\"og:title\" content=\"Un d\u00eda como hoy pero de 1740: Nace el Marqu\u00e9s de Sade, c\u00e9lebre fil\u00f3sofo y escritor franc\u00e9s. - Difusi\u00f3n Cultural\" \/>\r\n<meta property=\"og:description\" content=\"En Par\u00eds, capital de Francia, hace 280 a\u00f1os, inici\u00f3 la vida de Donatien Alphonse Fran\u00e7ois de Sade, mejor conocido por su t\u00edtulo de Marqu\u00e9s de Sade. Destac\u00f3 por su obra err\u00e1tica, caracterizada por antih\u00e9roes y personajes y situaciones aberrantes con disertaciones que justifican su proceder, as\u00ed como por sus tratados filos\u00f3ficos prohibidos durante un periodo&hellip;\" \/>\r\n<meta property=\"og:url\" content=\"https:\/\/blogs.uninter.edu.mx\/difusioncultural\/?p=8271\" \/>\r\n<meta property=\"og:site_name\" content=\"Difusi\u00f3n Cultural\" \/>\r\n<meta property=\"article:published_time\" content=\"2021-06-03T08:57:16+00:00\" \/>\r\n<meta property=\"og:image\" content=\"https:\/\/blogs.uninter.edu.mx\/difusioncultural\/wp-content\/uploads\/2021\/06\/images28429-1.jpeg\" \/>\r\n\t<meta property=\"og:image:width\" content=\"160\" \/>\r\n\t<meta property=\"og:image:height\" content=\"212\" \/>\r\n\t<meta property=\"og:image:type\" content=\"image\/jpeg\" \/>\r\n<meta name=\"author\" content=\"webmaster\" \/>\r\n<meta name=\"twitter:card\" content=\"summary_large_image\" \/>\r\n<meta name=\"twitter:label1\" content=\"Escrito por\" \/>\n\t<meta name=\"twitter:data1\" content=\"webmaster\" \/>\n\t<meta name=\"twitter:label2\" content=\"Tiempo de lectura\" \/>\n\t<meta name=\"twitter:data2\" content=\"1 minuto\" \/>\r\n<script type=\"application\/ld+json\" class=\"yoast-schema-graph\">{\"@context\":\"https:\/\/schema.org\",\"@graph\":[{\"@type\":\"Article\",\"@id\":\"https:\/\/blogs.uninter.edu.mx\/difusioncultural\/?p=8271#article\",\"isPartOf\":{\"@id\":\"https:\/\/blogs.uninter.edu.mx\/difusioncultural\/?p=8271\"},\"author\":{\"name\":\"webmaster\",\"@id\":\"https:\/\/blogs.uninter.edu.mx\/difusioncultural\/#\/schema\/person\/37a0926f4dd300a814993fd595abdc4a\"},\"headline\":\"Un d\u00eda como hoy pero de 1740: Nace el Marqu\u00e9s de Sade, c\u00e9lebre fil\u00f3sofo y escritor franc\u00e9s.\",\"datePublished\":\"2021-06-03T08:57:16+00:00\",\"mainEntityOfPage\":{\"@id\":\"https:\/\/blogs.uninter.edu.mx\/difusioncultural\/?p=8271\"},\"wordCount\":260,\"publisher\":{\"@id\":\"https:\/\/blogs.uninter.edu.mx\/difusioncultural\/#organization\"},\"image\":{\"@id\":\"https:\/\/blogs.uninter.edu.mx\/difusioncultural\/?p=8271#primaryimage\"},\"thumbnailUrl\":\"https:\/\/blogs.uninter.edu.mx\/difusioncultural\/wp-content\/uploads\/2021\/06\/images28429-1.jpeg\",\"articleSection\":[\"Compa\u00f1ia de Teatro\",\"un dia como hoy\"],\"inLanguage\":\"es\"},{\"@type\":\"WebPage\",\"@id\":\"https:\/\/blogs.uninter.edu.mx\/difusioncultural\/?p=8271\",\"url\":\"https:\/\/blogs.uninter.edu.mx\/difusioncultural\/?p=8271\",\"name\":\"Un d\u00eda como hoy pero de 1740: Nace el Marqu\u00e9s de Sade, c\u00e9lebre fil\u00f3sofo y escritor franc\u00e9s. - Difusi\u00f3n Cultural\",\"isPartOf\":{\"@id\":\"https:\/\/blogs.uninter.edu.mx\/difusioncultural\/#website\"},\"primaryImageOfPage\":{\"@id\":\"https:\/\/blogs.uninter.edu.mx\/difusioncultural\/?p=8271#primaryimage\"},\"image\":{\"@id\":\"https:\/\/blogs.uninter.edu.mx\/difusioncultural\/?p=8271#primaryimage\"},\"thumbnailUrl\":\"https:\/\/blogs.uninter.edu.mx\/difusioncultural\/wp-content\/uploads\/2021\/06\/images28429-1.jpeg\",\"datePublished\":\"2021-06-03T08:57:16+00:00\",\"breadcrumb\":{\"@id\":\"https:\/\/blogs.uninter.edu.mx\/difusioncultural\/?p=8271#breadcrumb\"},\"inLanguage\":\"es\",\"potentialAction\":[{\"@type\":\"ReadAction\",\"target\":[\"https:\/\/blogs.uninter.edu.mx\/difusioncultural\/?p=8271\"]}]},{\"@type\":\"ImageObject\",\"inLanguage\":\"es\",\"@id\":\"https:\/\/blogs.uninter.edu.mx\/difusioncultural\/?p=8271#primaryimage\",\"url\":\"https:\/\/blogs.uninter.edu.mx\/difusioncultural\/wp-content\/uploads\/2021\/06\/images28429-1.jpeg\",\"contentUrl\":\"https:\/\/blogs.uninter.edu.mx\/difusioncultural\/wp-content\/uploads\/2021\/06\/images28429-1.jpeg\",\"width\":160,\"height\":212},{\"@type\":\"BreadcrumbList\",\"@id\":\"https:\/\/blogs.uninter.edu.mx\/difusioncultural\/?p=8271#breadcrumb\",\"itemListElement\":[{\"@type\":\"ListItem\",\"position\":1,\"name\":\"Inicio\",\"item\":\"https:\/\/blogs.uninter.edu.mx\/difusioncultural\/\"},{\"@type\":\"ListItem\",\"position\":2,\"name\":\"Un d\u00eda como hoy pero de 1740: Nace el Marqu\u00e9s de Sade, c\u00e9lebre fil\u00f3sofo y escritor franc\u00e9s.\"}]},{\"@type\":\"WebSite\",\"@id\":\"https:\/\/blogs.uninter.edu.mx\/difusioncultural\/#website\",\"url\":\"https:\/\/blogs.uninter.edu.mx\/difusioncultural\/\",\"name\":\"Difusi\u00f3n Cultural\",\"description\":\"UNINTER\",\"publisher\":{\"@id\":\"https:\/\/blogs.uninter.edu.mx\/difusioncultural\/#organization\"},\"potentialAction\":[{\"@type\":\"SearchAction\",\"target\":{\"@type\":\"EntryPoint\",\"urlTemplate\":\"https:\/\/blogs.uninter.edu.mx\/difusioncultural\/?s={search_term_string}\"},\"query-input\":{\"@type\":\"PropertyValueSpecification\",\"valueRequired\":true,\"valueName\":\"search_term_string\"}}],\"inLanguage\":\"es\"},{\"@type\":\"Organization\",\"@id\":\"https:\/\/blogs.uninter.edu.mx\/difusioncultural\/#organization\",\"name\":\"Difusi\u00f3n Cultural\",\"url\":\"https:\/\/blogs.uninter.edu.mx\/difusioncultural\/\",\"logo\":{\"@type\":\"ImageObject\",\"inLanguage\":\"es\",\"@id\":\"https:\/\/blogs.uninter.edu.mx\/difusioncultural\/#\/schema\/logo\/image\/\",\"url\":\"https:\/\/blogs.uninter.edu.mx\/difusioncultural\/wp-content\/uploads\/2022\/09\/uninter.jpg\",\"contentUrl\":\"https:\/\/blogs.uninter.edu.mx\/difusioncultural\/wp-content\/uploads\/2022\/09\/uninter.jpg\",\"width\":2048,\"height\":2048,\"caption\":\"Difusi\u00f3n Cultural\"},\"image\":{\"@id\":\"https:\/\/blogs.uninter.edu.mx\/difusioncultural\/#\/schema\/logo\/image\/\"}},{\"@type\":\"Person\",\"@id\":\"https:\/\/blogs.uninter.edu.mx\/difusioncultural\/#\/schema\/person\/37a0926f4dd300a814993fd595abdc4a\",\"name\":\"webmaster\",\"image\":{\"@type\":\"ImageObject\",\"inLanguage\":\"es\",\"@id\":\"https:\/\/blogs.uninter.edu.mx\/difusioncultural\/#\/schema\/person\/image\/\",\"url\":\"https:\/\/secure.gravatar.com\/avatar\/a59c276b01147463ef3aab4118e3137ebc5e1ad6700deb39ccdf8b89e517f7dc?s=96&d=mm&r=g\",\"contentUrl\":\"https:\/\/secure.gravatar.com\/avatar\/a59c276b01147463ef3aab4118e3137ebc5e1ad6700deb39ccdf8b89e517f7dc?s=96&d=mm&r=g\",\"caption\":\"webmaster\"},\"sameAs\":[\"https:\/\/blogs.uninter.edu.mx\/difusioncultural\"],\"url\":\"https:\/\/blogs.uninter.edu.mx\/difusioncultural\/?author=1\"}]}<\/script>\r\n<!-- \/ Yoast SEO plugin. -->","yoast_head_json":{"title":"Un d\u00eda como hoy pero de 1740: Nace el Marqu\u00e9s de Sade, c\u00e9lebre fil\u00f3sofo y escritor franc\u00e9s. - Difusi\u00f3n Cultural","robots":{"index":"index","follow":"follow","max-snippet":"max-snippet:-1","max-image-preview":"max-image-preview:large","max-video-preview":"max-video-preview:-1"},"canonical":"https:\/\/blogs.uninter.edu.mx\/difusioncultural\/?p=8271","og_locale":"es_MX","og_type":"article","og_title":"Un d\u00eda como hoy pero de 1740: Nace el Marqu\u00e9s de Sade, c\u00e9lebre fil\u00f3sofo y escritor franc\u00e9s. - Difusi\u00f3n Cultural","og_description":"En Par\u00eds, capital de Francia, hace 280 a\u00f1os, inici\u00f3 la vida de Donatien Alphonse Fran\u00e7ois de Sade, mejor conocido por su t\u00edtulo de Marqu\u00e9s de Sade. Destac\u00f3 por su obra err\u00e1tica, caracterizada por antih\u00e9roes y personajes y situaciones aberrantes con disertaciones que justifican su proceder, as\u00ed como por sus tratados filos\u00f3ficos prohibidos durante un periodo&hellip;","og_url":"https:\/\/blogs.uninter.edu.mx\/difusioncultural\/?p=8271","og_site_name":"Difusi\u00f3n Cultural","article_published_time":"2021-06-03T08:57:16+00:00","og_image":[{"width":160,"height":212,"url":"https:\/\/blogs.uninter.edu.mx\/difusioncultural\/wp-content\/uploads\/2021\/06\/images28429-1.jpeg","type":"image\/jpeg"}],"author":"webmaster","twitter_card":"summary_large_image","twitter_misc":{"Escrito por":"webmaster","Tiempo de lectura":"1 minuto"},"schema":{"@context":"https:\/\/schema.org","@graph":[{"@type":"Article","@id":"https:\/\/blogs.uninter.edu.mx\/difusioncultural\/?p=8271#article","isPartOf":{"@id":"https:\/\/blogs.uninter.edu.mx\/difusioncultural\/?p=8271"},"author":{"name":"webmaster","@id":"https:\/\/blogs.uninter.edu.mx\/difusioncultural\/#\/schema\/person\/37a0926f4dd300a814993fd595abdc4a"},"headline":"Un d\u00eda como hoy pero de 1740: Nace el Marqu\u00e9s de Sade, c\u00e9lebre fil\u00f3sofo y escritor franc\u00e9s.","datePublished":"2021-06-03T08:57:16+00:00","mainEntityOfPage":{"@id":"https:\/\/blogs.uninter.edu.mx\/difusioncultural\/?p=8271"},"wordCount":260,"publisher":{"@id":"https:\/\/blogs.uninter.edu.mx\/difusioncultural\/#organization"},"image":{"@id":"https:\/\/blogs.uninter.edu.mx\/difusioncultural\/?p=8271#primaryimage"},"thumbnailUrl":"https:\/\/blogs.uninter.edu.mx\/difusioncultural\/wp-content\/uploads\/2021\/06\/images28429-1.jpeg","articleSection":["Compa\u00f1ia de Teatro","un dia como hoy"],"inLanguage":"es"},{"@type":"WebPage","@id":"https:\/\/blogs.uninter.edu.mx\/difusioncultural\/?p=8271","url":"https:\/\/blogs.uninter.edu.mx\/difusioncultural\/?p=8271","name":"Un d\u00eda como hoy pero de 1740: Nace el Marqu\u00e9s de Sade, c\u00e9lebre fil\u00f3sofo y escritor franc\u00e9s. - Difusi\u00f3n Cultural","isPartOf":{"@id":"https:\/\/blogs.uninter.edu.mx\/difusioncultural\/#website"},"primaryImageOfPage":{"@id":"https:\/\/blogs.uninter.edu.mx\/difusioncultural\/?p=8271#primaryimage"},"image":{"@id":"https:\/\/blogs.uninter.edu.mx\/difusioncultural\/?p=8271#primaryimage"},"thumbnailUrl":"https:\/\/blogs.uninter.edu.mx\/difusioncultural\/wp-content\/uploads\/2021\/06\/images28429-1.jpeg","datePublished":"2021-06-03T08:57:16+00:00","breadcrumb":{"@id":"https:\/\/blogs.uninter.edu.mx\/difusioncultural\/?p=8271#breadcrumb"},"inLanguage":"es","potentialAction":[{"@type":"ReadAction","target":["https:\/\/blogs.uninter.edu.mx\/difusioncultural\/?p=8271"]}]},{"@type":"ImageObject","inLanguage":"es","@id":"https:\/\/blogs.uninter.edu.mx\/difusioncultural\/?p=8271#primaryimage","url":"https:\/\/blogs.uninter.edu.mx\/difusioncultural\/wp-content\/uploads\/2021\/06\/images28429-1.jpeg","contentUrl":"https:\/\/blogs.uninter.edu.mx\/difusioncultural\/wp-content\/uploads\/2021\/06\/images28429-1.jpeg","width":160,"height":212},{"@type":"BreadcrumbList","@id":"https:\/\/blogs.uninter.edu.mx\/difusioncultural\/?p=8271#breadcrumb","itemListElement":[{"@type":"ListItem","position":1,"name":"Inicio","item":"https:\/\/blogs.uninter.edu.mx\/difusioncultural\/"},{"@type":"ListItem","position":2,"name":"Un d\u00eda como hoy pero de 1740: Nace el Marqu\u00e9s de Sade, c\u00e9lebre fil\u00f3sofo y escritor franc\u00e9s."}]},{"@type":"WebSite","@id":"https:\/\/blogs.uninter.edu.mx\/difusioncultural\/#website","url":"https:\/\/blogs.uninter.edu.mx\/difusioncultural\/","name":"Difusi\u00f3n Cultural","description":"UNINTER","publisher":{"@id":"https:\/\/blogs.uninter.edu.mx\/difusioncultural\/#organization"},"potentialAction":[{"@type":"SearchAction","target":{"@type":"EntryPoint","urlTemplate":"https:\/\/blogs.uninter.edu.mx\/difusioncultural\/?s={search_term_string}"},"query-input":{"@type":"PropertyValueSpecification","valueRequired":true,"valueName":"search_term_string"}}],"inLanguage":"es"},{"@type":"Organization","@id":"https:\/\/blogs.uninter.edu.mx\/difusioncultural\/#organization","name":"Difusi\u00f3n Cultural","url":"https:\/\/blogs.uninter.edu.mx\/difusioncultural\/","logo":{"@type":"ImageObject","inLanguage":"es","@id":"https:\/\/blogs.uninter.edu.mx\/difusioncultural\/#\/schema\/logo\/image\/","url":"https:\/\/blogs.uninter.edu.mx\/difusioncultural\/wp-content\/uploads\/2022\/09\/uninter.jpg","contentUrl":"https:\/\/blogs.uninter.edu.mx\/difusioncultural\/wp-content\/uploads\/2022\/09\/uninter.jpg","width":2048,"height":2048,"caption":"Difusi\u00f3n Cultural"},"image":{"@id":"https:\/\/blogs.uninter.edu.mx\/difusioncultural\/#\/schema\/logo\/image\/"}},{"@type":"Person","@id":"https:\/\/blogs.uninter.edu.mx\/difusioncultural\/#\/schema\/person\/37a0926f4dd300a814993fd595abdc4a","name":"webmaster","image":{"@type":"ImageObject","inLanguage":"es","@id":"https:\/\/blogs.uninter.edu.mx\/difusioncultural\/#\/schema\/person\/image\/","url":"https:\/\/secure.gravatar.com\/avatar\/a59c276b01147463ef3aab4118e3137ebc5e1ad6700deb39ccdf8b89e517f7dc?s=96&d=mm&r=g","contentUrl":"https:\/\/secure.gravatar.com\/avatar\/a59c276b01147463ef3aab4118e3137ebc5e1ad6700deb39ccdf8b89e517f7dc?s=96&d=mm&r=g","caption":"webmaster"},"sameAs":["https:\/\/blogs.uninter.edu.mx\/difusioncultural"],"url":"https:\/\/blogs.uninter.edu.mx\/difusioncultural\/?author=1"}]}},"jetpack_publicize_connections":[],"jetpack_featured_media_url":"https:\/\/blogs.uninter.edu.mx\/difusioncultural\/wp-content\/uploads\/2021\/06\/images28429-1.jpeg","jetpack_sharing_enabled":true,"_links":{"self":[{"href":"https:\/\/blogs.uninter.edu.mx\/difusioncultural\/index.php?rest_route=\/wp\/v2\/posts\/8271","targetHints":{"allow":["GET"]}}],"collection":[{"href":"https:\/\/blogs.uninter.edu.mx\/difusioncultural\/index.php?rest_route=\/wp\/v2\/posts"}],"about":[{"href":"https:\/\/blogs.uninter.edu.mx\/difusioncultural\/index.php?rest_route=\/wp\/v2\/types\/post"}],"author":[{"embeddable":true,"href":"https:\/\/blogs.uninter.edu.mx\/difusioncultural\/index.php?rest_route=\/wp\/v2\/users\/1"}],"replies":[{"embeddable":true,"href":"https:\/\/blogs.uninter.edu.mx\/difusioncultural\/index.php?rest_route=%2Fwp%2Fv2%2Fcomments&post=8271"}],"version-history":[{"count":0,"href":"https:\/\/blogs.uninter.edu.mx\/difusioncultural\/index.php?rest_route=\/wp\/v2\/posts\/8271\/revisions"}],"wp:featuredmedia":[{"embeddable":true,"href":"https:\/\/blogs.uninter.edu.mx\/difusioncultural\/index.php?rest_route=\/wp\/v2\/media\/8270"}],"wp:attachment":[{"href":"https:\/\/blogs.uninter.edu.mx\/difusioncultural\/index.php?rest_route=%2Fwp%2Fv2%2Fmedia&parent=8271"}],"wp:term":[{"taxonomy":"category","embeddable":true,"href":"https:\/\/blogs.uninter.edu.mx\/difusioncultural\/index.php?rest_route=%2Fwp%2Fv2%2Fcategories&post=8271"},{"taxonomy":"post_tag","embeddable":true,"href":"https:\/\/blogs.uninter.edu.mx\/difusioncultural\/index.php?rest_route=%2Fwp%2Fv2%2Ftags&post=8271"}],"curies":[{"name":"wp","href":"https:\/\/api.w.org\/{rel}","templated":true}]}}