{"id":8272,"date":"2021-06-03T09:00:39","date_gmt":"2021-06-03T14:00:39","guid":{"rendered":"https:\/\/difusionculturaluninter.wordpress.com\/?p=8272"},"modified":"2021-06-03T09:00:39","modified_gmt":"2021-06-03T14:00:39","slug":"la-herencia-cultural-de-la-revolucion-mexicana","status":"publish","type":"post","link":"https:\/\/blogs.uninter.edu.mx\/difusioncultural\/?p=8272","title":{"rendered":"La herencia cultural de la Revoluci\u00f3n Mexicana"},"content":{"rendered":"\n<figure class=\"wp-block-gallery columns-1 is-cropped wp-block-gallery-1 is-layout-flex wp-block-gallery-is-layout-flex\"><ul class=\"blocks-gallery-grid\"><li class=\"blocks-gallery-item\"><figure><img decoding=\"async\" width=\"214\" height=\"143\" src=\"https:\/\/difusionculturaluninter.files.wordpress.com\/2021\/03\/image-7.png\" data-id=\"7979\" class=\"wp-image-7979\" \/><\/figure><\/li><\/ul><\/figure>\n\n\n\n<p>Como parte de la evoluci\u00f3n social y cultural, en M\u00e9xico nuestra historia ha definido poco a poco la diversidad que reflejan las tradiciones y costumbres que hoy en d\u00eda continuamos celebrando. La Revoluci\u00f3n Mexicana fue un movimiento armado que inici\u00f3 el 20 de noviembre de 1910 y que dur\u00f3 casi 7 a\u00f1os, pero ello, adem\u00e1s de haber tra\u00eddo muchos cambios pol\u00edticos y econ\u00f3micos, tambi\u00e9n le dio a la cultura un giro positivo.<br><br>Hablando culturalmente, es muy claro el antes y el despu\u00e9s del pa\u00eds pues como a lo largo de la historia mundial, cualquier conflicto armado trae consecuencias a todos los \u00e1mbitos. Sin duda la Revoluci\u00f3n de M\u00e9xico dej\u00f3 grandes cambios en el arte, gastronom\u00eda y tecnolog\u00eda, as\u00ed que, \u00bfqu\u00e9 te parece si le damos un vistazo a las magn\u00edficas cosas que nos dej\u00f3 este hecho hist\u00f3rico?<br><br>M\u00fasica<br>Los g\u00e9neros musicales que hoy son tradicionales en M\u00e9xico (como el mariachi) y que varios de ellos surgieron debido a este suceso en la historia, tienen un trasfondo que ha trascendido y nos ha ayudado a entender mejor la situaci\u00f3n en general antes, durante y despu\u00e9s de la Revoluci\u00f3n.<br><br>En concreto hablamos de los corridos, los cuales son canciones con historias de la lucha armada y que marcaron un hito en el \u00e1mbito musical, ya que, al ser protagonizados por jefes pol\u00edticos, militares y personajes relevantes entre la poblaci\u00f3n, destacan todas las aventuras de aquella \u00e9poca.<br><br>De las composiciones m\u00e1s emblem\u00e1ticas est\u00e1 La Adelita, que cuenta la historia de una valiente mujer, Adela Velarde P\u00e9rez, quien destac\u00f3 su participaci\u00f3n durante la Revoluci\u00f3n. En su honor, nombraron Adelitas a todas las mujeres que desempe\u00f1aron un papel importante en este momento tan importante para M\u00e9xico. Hasta la fecha, es un corrido muy popular y que, entre otras cosas, se aprecia una importante evoluci\u00f3n de la estructura social mexicana.<\/p>\n\n\n\n<p>Comida<br>Desde la \u00e9poca prehisp\u00e1nica, hay ciertos ingredientes que han prevalecido a trav\u00e9s del tiempo como lo es el ma\u00edz y el chile, pero durante la Revoluci\u00f3n mexicana hubo algunos cambios en la cocina. Debido a la escasez de recurso y los largos viajes que hac\u00edan las tropas, se ten\u00eda que improvisar con los ingredientes que ten\u00edan a la mano. Por el camino se recolectaban algunas semillas, chiles y algunos quelites como las verdolagas, incluso se realizaban trueques por frijoles y tortillas.<br><br>As\u00ed, las Adelitas le dieron vida a platillos t\u00edpicos que hoy en d\u00eda seguimos degustando, como las gorditas, quesadillas, caldos, atoles y salsas. Claro, esto fue de manera general en todo el pa\u00eds, pero en ciertas \u00e1reas de M\u00e9xico surgieron algunas otras delicias, por ejemplo al centro del pa\u00eds destacaron los platillos con charales, ranas, jumiles y algunos otros insectos. Por otro lado, en el norte del pa\u00eds la discada surgi\u00f3 durante ese periodo, pues es una preparaci\u00f3n f\u00e1cil que mezcla carne de res, tocino, chorizo, jam\u00f3n, cebolla, jalape\u00f1o y tomate\u2026 \u00a1Exquisito con tortillas de harina!<\/p>\n\n\n\n<p>Cine<br>Durante y despu\u00e9s de la Revoluci\u00f3n, el cine fue un \u00e1mbito importante que mostr\u00f3 de cerca los hechos ocurridos. A partir de este evento los cineastas nacionales e internacionales se interesaron en incursionar en el g\u00e9nero documental, fue as\u00ed que surgieron innumerables largometrajes que mostraban muy de cerca a los personajes m\u00e1s destacados de la \u00e9poca como Porfirio D\u00edaz, Francisco I. Madero, Emiliano Zapata o Francisco Villa.<br><br>La producci\u00f3n del cine de esos a\u00f1os fue el primer paso para un mayor desarrollo de este \u00e1mbito, sin embargo lo que se destaca del \u00e1rea cinematogr\u00e1fica de la Revoluci\u00f3n es que gran parte de su objetivo era meramente pol\u00edtico, pues se comenz\u00f3 a utilizar incluso como propaganda. Cineastas como Salvador Toscano, quien fue el primer productor de un largometraje en M\u00e9xico, le sigui\u00f3 la pista a Porfirio D\u00edaz y a Francisco I. Madero para mostrar los ideales pol\u00edticos y sociales de ese entonces. De igual forma, los hermanos Alva fueron pioneros de la producci\u00f3n y direcci\u00f3n de documentales, y que hoy en d\u00eda las im\u00e1genes que aportaron han sido muy importantes para el estudio de este evento hist\u00f3rico.<\/p>\n\n\n\n<p>Fotograf\u00eda<br>Muy de la mano del cine, la fotograf\u00eda es otro \u00e1mbito cultural que evolucion\u00f3 fuertemente debido a los cambios pol\u00edticos, sociales y econ\u00f3micos que trajo la Revoluci\u00f3n Mexicana. Tras una etapa dif\u00edcil, el mundo apunt\u00f3 su mirada a todo lo que estaba sucediendo en M\u00e9xico, y con ello atrajo el inter\u00e9s de muchos fot\u00f3grafos.<br><br>Durante el conflicto, el fotoperiodismo se acentu\u00f3 a lo largo del pa\u00eds y fot\u00f3grafos como Antonio Gardu\u00f1o, quien retrat\u00f3 a Zapata; Jos\u00e9 Mendoza, fot\u00f3grafo oficial de Carranza; Sara Castrej\u00f3n, la primera fot\u00f3grafa de la Revoluci\u00f3n; o Ger\u00f3nimo Hern\u00e1ndez qui\u00e9n es autor de la ic\u00f3nica foto de La Adelita. \u00a1Joyas que nos permiten adentrarnos en momentos tan espec\u00edficos!<br><br>Adem\u00e1s a\u00f1os despu\u00e9s, fot\u00f3grafos internacionales como Henri Cartier-Bresson y Paul Strand, tambi\u00e9n buscaron documentar el cambio cultural que marc\u00f3 a M\u00e9xico con esta lucha. Con ello se enmarcaron grandes fotos art\u00edsticas que presentaron la belleza de una nueva \u00e9poca para M\u00e9xico.<\/p>\n","protected":false},"excerpt":{"rendered":"<p>Como parte de la evoluci\u00f3n social y cultural, en M\u00e9xico nuestra historia ha definido poco a poco la diversidad que reflejan las tradiciones y costumbres que hoy en d\u00eda continuamos celebrando. La Revoluci\u00f3n Mexicana fue un movimiento armado que inici\u00f3 el 20 de noviembre de 1910 y que dur\u00f3 casi 7 a\u00f1os, pero ello, adem\u00e1s&hellip;<\/p>\n","protected":false},"author":1,"featured_media":7979,"comment_status":"closed","ping_status":"open","sticky":false,"template":"","format":"standard","meta":{"_jetpack_memberships_contains_paid_content":false,"footnotes":"","jetpack_publicize_message":"","jetpack_publicize_feature_enabled":true,"jetpack_social_post_already_shared":false,"jetpack_social_options":{"image_generator_settings":{"template":"highway","default_image_id":0,"font":"","enabled":false},"version":2}},"categories":[2,8,10,11],"tags":[],"class_list":["post-8272","post","type-post","status-publish","format-standard","has-post-thumbnail","hentry","category-actividades-artisticas-y-culturales","category-eventos","category-galeria-fotografica-talleres","category-estudiantiles-culturales"],"yoast_head":"<!-- This site is optimized with the Yoast SEO plugin v26.3 - https:\/\/yoast.com\/wordpress\/plugins\/seo\/ -->\r\n<title>La herencia cultural de la Revoluci\u00f3n Mexicana - Difusi\u00f3n Cultural<\/title>\r\n<meta name=\"robots\" content=\"index, follow, max-snippet:-1, max-image-preview:large, max-video-preview:-1\" \/>\r\n<link rel=\"canonical\" href=\"https:\/\/blogs.uninter.edu.mx\/difusioncultural\/?p=8272\" \/>\r\n<meta property=\"og:locale\" content=\"es_MX\" \/>\r\n<meta property=\"og:type\" content=\"article\" \/>\r\n<meta property=\"og:title\" content=\"La herencia cultural de la Revoluci\u00f3n Mexicana - Difusi\u00f3n Cultural\" \/>\r\n<meta property=\"og:description\" content=\"Como parte de la evoluci\u00f3n social y cultural, en M\u00e9xico nuestra historia ha definido poco a poco la diversidad que reflejan las tradiciones y costumbres que hoy en d\u00eda continuamos celebrando. La Revoluci\u00f3n Mexicana fue un movimiento armado que inici\u00f3 el 20 de noviembre de 1910 y que dur\u00f3 casi 7 a\u00f1os, pero ello, adem\u00e1s&hellip;\" \/>\r\n<meta property=\"og:url\" content=\"https:\/\/blogs.uninter.edu.mx\/difusioncultural\/?p=8272\" \/>\r\n<meta property=\"og:site_name\" content=\"Difusi\u00f3n Cultural\" \/>\r\n<meta property=\"article:published_time\" content=\"2021-06-03T14:00:39+00:00\" \/>\r\n<meta property=\"og:image\" content=\"https:\/\/blogs.uninter.edu.mx\/difusioncultural\/wp-content\/uploads\/2021\/03\/image-7.png\" \/>\r\n\t<meta property=\"og:image:width\" content=\"214\" \/>\r\n\t<meta property=\"og:image:height\" content=\"143\" \/>\r\n\t<meta property=\"og:image:type\" content=\"image\/png\" \/>\r\n<meta name=\"author\" content=\"webmaster\" \/>\r\n<meta name=\"twitter:card\" content=\"summary_large_image\" \/>\r\n<meta name=\"twitter:label1\" content=\"Escrito por\" \/>\n\t<meta name=\"twitter:data1\" content=\"webmaster\" \/>\n\t<meta name=\"twitter:label2\" content=\"Tiempo de lectura\" \/>\n\t<meta name=\"twitter:data2\" content=\"5 minutos\" \/>\r\n<script type=\"application\/ld+json\" class=\"yoast-schema-graph\">{\"@context\":\"https:\/\/schema.org\",\"@graph\":[{\"@type\":\"Article\",\"@id\":\"https:\/\/blogs.uninter.edu.mx\/difusioncultural\/?p=8272#article\",\"isPartOf\":{\"@id\":\"https:\/\/blogs.uninter.edu.mx\/difusioncultural\/?p=8272\"},\"author\":{\"name\":\"webmaster\",\"@id\":\"https:\/\/blogs.uninter.edu.mx\/difusioncultural\/#\/schema\/person\/37a0926f4dd300a814993fd595abdc4a\"},\"headline\":\"La herencia cultural de la Revoluci\u00f3n Mexicana\",\"datePublished\":\"2021-06-03T14:00:39+00:00\",\"mainEntityOfPage\":{\"@id\":\"https:\/\/blogs.uninter.edu.mx\/difusioncultural\/?p=8272\"},\"wordCount\":921,\"publisher\":{\"@id\":\"https:\/\/blogs.uninter.edu.mx\/difusioncultural\/#organization\"},\"image\":{\"@id\":\"https:\/\/blogs.uninter.edu.mx\/difusioncultural\/?p=8272#primaryimage\"},\"thumbnailUrl\":\"https:\/\/blogs.uninter.edu.mx\/difusioncultural\/wp-content\/uploads\/2021\/03\/image-7.png\",\"articleSection\":[\"Actividades Art\u00edsticas y Culturales\",\"Eventos\",\"Galer\u00eda Fotografica Talleres\",\"Talleres Culturales\"],\"inLanguage\":\"es\"},{\"@type\":\"WebPage\",\"@id\":\"https:\/\/blogs.uninter.edu.mx\/difusioncultural\/?p=8272\",\"url\":\"https:\/\/blogs.uninter.edu.mx\/difusioncultural\/?p=8272\",\"name\":\"La herencia cultural de la Revoluci\u00f3n Mexicana - Difusi\u00f3n Cultural\",\"isPartOf\":{\"@id\":\"https:\/\/blogs.uninter.edu.mx\/difusioncultural\/#website\"},\"primaryImageOfPage\":{\"@id\":\"https:\/\/blogs.uninter.edu.mx\/difusioncultural\/?p=8272#primaryimage\"},\"image\":{\"@id\":\"https:\/\/blogs.uninter.edu.mx\/difusioncultural\/?p=8272#primaryimage\"},\"thumbnailUrl\":\"https:\/\/blogs.uninter.edu.mx\/difusioncultural\/wp-content\/uploads\/2021\/03\/image-7.png\",\"datePublished\":\"2021-06-03T14:00:39+00:00\",\"breadcrumb\":{\"@id\":\"https:\/\/blogs.uninter.edu.mx\/difusioncultural\/?p=8272#breadcrumb\"},\"inLanguage\":\"es\",\"potentialAction\":[{\"@type\":\"ReadAction\",\"target\":[\"https:\/\/blogs.uninter.edu.mx\/difusioncultural\/?p=8272\"]}]},{\"@type\":\"ImageObject\",\"inLanguage\":\"es\",\"@id\":\"https:\/\/blogs.uninter.edu.mx\/difusioncultural\/?p=8272#primaryimage\",\"url\":\"https:\/\/blogs.uninter.edu.mx\/difusioncultural\/wp-content\/uploads\/2021\/03\/image-7.png\",\"contentUrl\":\"https:\/\/blogs.uninter.edu.mx\/difusioncultural\/wp-content\/uploads\/2021\/03\/image-7.png\",\"width\":214,\"height\":143},{\"@type\":\"BreadcrumbList\",\"@id\":\"https:\/\/blogs.uninter.edu.mx\/difusioncultural\/?p=8272#breadcrumb\",\"itemListElement\":[{\"@type\":\"ListItem\",\"position\":1,\"name\":\"Inicio\",\"item\":\"https:\/\/blogs.uninter.edu.mx\/difusioncultural\/\"},{\"@type\":\"ListItem\",\"position\":2,\"name\":\"La herencia cultural de la Revoluci\u00f3n Mexicana\"}]},{\"@type\":\"WebSite\",\"@id\":\"https:\/\/blogs.uninter.edu.mx\/difusioncultural\/#website\",\"url\":\"https:\/\/blogs.uninter.edu.mx\/difusioncultural\/\",\"name\":\"Difusi\u00f3n Cultural\",\"description\":\"UNINTER\",\"publisher\":{\"@id\":\"https:\/\/blogs.uninter.edu.mx\/difusioncultural\/#organization\"},\"potentialAction\":[{\"@type\":\"SearchAction\",\"target\":{\"@type\":\"EntryPoint\",\"urlTemplate\":\"https:\/\/blogs.uninter.edu.mx\/difusioncultural\/?s={search_term_string}\"},\"query-input\":{\"@type\":\"PropertyValueSpecification\",\"valueRequired\":true,\"valueName\":\"search_term_string\"}}],\"inLanguage\":\"es\"},{\"@type\":\"Organization\",\"@id\":\"https:\/\/blogs.uninter.edu.mx\/difusioncultural\/#organization\",\"name\":\"Difusi\u00f3n Cultural\",\"url\":\"https:\/\/blogs.uninter.edu.mx\/difusioncultural\/\",\"logo\":{\"@type\":\"ImageObject\",\"inLanguage\":\"es\",\"@id\":\"https:\/\/blogs.uninter.edu.mx\/difusioncultural\/#\/schema\/logo\/image\/\",\"url\":\"https:\/\/blogs.uninter.edu.mx\/difusioncultural\/wp-content\/uploads\/2022\/09\/uninter.jpg\",\"contentUrl\":\"https:\/\/blogs.uninter.edu.mx\/difusioncultural\/wp-content\/uploads\/2022\/09\/uninter.jpg\",\"width\":2048,\"height\":2048,\"caption\":\"Difusi\u00f3n Cultural\"},\"image\":{\"@id\":\"https:\/\/blogs.uninter.edu.mx\/difusioncultural\/#\/schema\/logo\/image\/\"}},{\"@type\":\"Person\",\"@id\":\"https:\/\/blogs.uninter.edu.mx\/difusioncultural\/#\/schema\/person\/37a0926f4dd300a814993fd595abdc4a\",\"name\":\"webmaster\",\"image\":{\"@type\":\"ImageObject\",\"inLanguage\":\"es\",\"@id\":\"https:\/\/blogs.uninter.edu.mx\/difusioncultural\/#\/schema\/person\/image\/\",\"url\":\"https:\/\/secure.gravatar.com\/avatar\/a59c276b01147463ef3aab4118e3137ebc5e1ad6700deb39ccdf8b89e517f7dc?s=96&d=mm&r=g\",\"contentUrl\":\"https:\/\/secure.gravatar.com\/avatar\/a59c276b01147463ef3aab4118e3137ebc5e1ad6700deb39ccdf8b89e517f7dc?s=96&d=mm&r=g\",\"caption\":\"webmaster\"},\"sameAs\":[\"https:\/\/blogs.uninter.edu.mx\/difusioncultural\"],\"url\":\"https:\/\/blogs.uninter.edu.mx\/difusioncultural\/?author=1\"}]}<\/script>\r\n<!-- \/ Yoast SEO plugin. -->","yoast_head_json":{"title":"La herencia cultural de la Revoluci\u00f3n Mexicana - Difusi\u00f3n Cultural","robots":{"index":"index","follow":"follow","max-snippet":"max-snippet:-1","max-image-preview":"max-image-preview:large","max-video-preview":"max-video-preview:-1"},"canonical":"https:\/\/blogs.uninter.edu.mx\/difusioncultural\/?p=8272","og_locale":"es_MX","og_type":"article","og_title":"La herencia cultural de la Revoluci\u00f3n Mexicana - Difusi\u00f3n Cultural","og_description":"Como parte de la evoluci\u00f3n social y cultural, en M\u00e9xico nuestra historia ha definido poco a poco la diversidad que reflejan las tradiciones y costumbres que hoy en d\u00eda continuamos celebrando. La Revoluci\u00f3n Mexicana fue un movimiento armado que inici\u00f3 el 20 de noviembre de 1910 y que dur\u00f3 casi 7 a\u00f1os, pero ello, adem\u00e1s&hellip;","og_url":"https:\/\/blogs.uninter.edu.mx\/difusioncultural\/?p=8272","og_site_name":"Difusi\u00f3n Cultural","article_published_time":"2021-06-03T14:00:39+00:00","og_image":[{"width":214,"height":143,"url":"https:\/\/blogs.uninter.edu.mx\/difusioncultural\/wp-content\/uploads\/2021\/03\/image-7.png","type":"image\/png"}],"author":"webmaster","twitter_card":"summary_large_image","twitter_misc":{"Escrito por":"webmaster","Tiempo de lectura":"5 minutos"},"schema":{"@context":"https:\/\/schema.org","@graph":[{"@type":"Article","@id":"https:\/\/blogs.uninter.edu.mx\/difusioncultural\/?p=8272#article","isPartOf":{"@id":"https:\/\/blogs.uninter.edu.mx\/difusioncultural\/?p=8272"},"author":{"name":"webmaster","@id":"https:\/\/blogs.uninter.edu.mx\/difusioncultural\/#\/schema\/person\/37a0926f4dd300a814993fd595abdc4a"},"headline":"La herencia cultural de la Revoluci\u00f3n Mexicana","datePublished":"2021-06-03T14:00:39+00:00","mainEntityOfPage":{"@id":"https:\/\/blogs.uninter.edu.mx\/difusioncultural\/?p=8272"},"wordCount":921,"publisher":{"@id":"https:\/\/blogs.uninter.edu.mx\/difusioncultural\/#organization"},"image":{"@id":"https:\/\/blogs.uninter.edu.mx\/difusioncultural\/?p=8272#primaryimage"},"thumbnailUrl":"https:\/\/blogs.uninter.edu.mx\/difusioncultural\/wp-content\/uploads\/2021\/03\/image-7.png","articleSection":["Actividades Art\u00edsticas y Culturales","Eventos","Galer\u00eda Fotografica Talleres","Talleres Culturales"],"inLanguage":"es"},{"@type":"WebPage","@id":"https:\/\/blogs.uninter.edu.mx\/difusioncultural\/?p=8272","url":"https:\/\/blogs.uninter.edu.mx\/difusioncultural\/?p=8272","name":"La herencia cultural de la Revoluci\u00f3n Mexicana - Difusi\u00f3n Cultural","isPartOf":{"@id":"https:\/\/blogs.uninter.edu.mx\/difusioncultural\/#website"},"primaryImageOfPage":{"@id":"https:\/\/blogs.uninter.edu.mx\/difusioncultural\/?p=8272#primaryimage"},"image":{"@id":"https:\/\/blogs.uninter.edu.mx\/difusioncultural\/?p=8272#primaryimage"},"thumbnailUrl":"https:\/\/blogs.uninter.edu.mx\/difusioncultural\/wp-content\/uploads\/2021\/03\/image-7.png","datePublished":"2021-06-03T14:00:39+00:00","breadcrumb":{"@id":"https:\/\/blogs.uninter.edu.mx\/difusioncultural\/?p=8272#breadcrumb"},"inLanguage":"es","potentialAction":[{"@type":"ReadAction","target":["https:\/\/blogs.uninter.edu.mx\/difusioncultural\/?p=8272"]}]},{"@type":"ImageObject","inLanguage":"es","@id":"https:\/\/blogs.uninter.edu.mx\/difusioncultural\/?p=8272#primaryimage","url":"https:\/\/blogs.uninter.edu.mx\/difusioncultural\/wp-content\/uploads\/2021\/03\/image-7.png","contentUrl":"https:\/\/blogs.uninter.edu.mx\/difusioncultural\/wp-content\/uploads\/2021\/03\/image-7.png","width":214,"height":143},{"@type":"BreadcrumbList","@id":"https:\/\/blogs.uninter.edu.mx\/difusioncultural\/?p=8272#breadcrumb","itemListElement":[{"@type":"ListItem","position":1,"name":"Inicio","item":"https:\/\/blogs.uninter.edu.mx\/difusioncultural\/"},{"@type":"ListItem","position":2,"name":"La herencia cultural de la Revoluci\u00f3n Mexicana"}]},{"@type":"WebSite","@id":"https:\/\/blogs.uninter.edu.mx\/difusioncultural\/#website","url":"https:\/\/blogs.uninter.edu.mx\/difusioncultural\/","name":"Difusi\u00f3n Cultural","description":"UNINTER","publisher":{"@id":"https:\/\/blogs.uninter.edu.mx\/difusioncultural\/#organization"},"potentialAction":[{"@type":"SearchAction","target":{"@type":"EntryPoint","urlTemplate":"https:\/\/blogs.uninter.edu.mx\/difusioncultural\/?s={search_term_string}"},"query-input":{"@type":"PropertyValueSpecification","valueRequired":true,"valueName":"search_term_string"}}],"inLanguage":"es"},{"@type":"Organization","@id":"https:\/\/blogs.uninter.edu.mx\/difusioncultural\/#organization","name":"Difusi\u00f3n Cultural","url":"https:\/\/blogs.uninter.edu.mx\/difusioncultural\/","logo":{"@type":"ImageObject","inLanguage":"es","@id":"https:\/\/blogs.uninter.edu.mx\/difusioncultural\/#\/schema\/logo\/image\/","url":"https:\/\/blogs.uninter.edu.mx\/difusioncultural\/wp-content\/uploads\/2022\/09\/uninter.jpg","contentUrl":"https:\/\/blogs.uninter.edu.mx\/difusioncultural\/wp-content\/uploads\/2022\/09\/uninter.jpg","width":2048,"height":2048,"caption":"Difusi\u00f3n Cultural"},"image":{"@id":"https:\/\/blogs.uninter.edu.mx\/difusioncultural\/#\/schema\/logo\/image\/"}},{"@type":"Person","@id":"https:\/\/blogs.uninter.edu.mx\/difusioncultural\/#\/schema\/person\/37a0926f4dd300a814993fd595abdc4a","name":"webmaster","image":{"@type":"ImageObject","inLanguage":"es","@id":"https:\/\/blogs.uninter.edu.mx\/difusioncultural\/#\/schema\/person\/image\/","url":"https:\/\/secure.gravatar.com\/avatar\/a59c276b01147463ef3aab4118e3137ebc5e1ad6700deb39ccdf8b89e517f7dc?s=96&d=mm&r=g","contentUrl":"https:\/\/secure.gravatar.com\/avatar\/a59c276b01147463ef3aab4118e3137ebc5e1ad6700deb39ccdf8b89e517f7dc?s=96&d=mm&r=g","caption":"webmaster"},"sameAs":["https:\/\/blogs.uninter.edu.mx\/difusioncultural"],"url":"https:\/\/blogs.uninter.edu.mx\/difusioncultural\/?author=1"}]}},"jetpack_publicize_connections":[],"jetpack_featured_media_url":"https:\/\/blogs.uninter.edu.mx\/difusioncultural\/wp-content\/uploads\/2021\/03\/image-7.png","jetpack_sharing_enabled":true,"_links":{"self":[{"href":"https:\/\/blogs.uninter.edu.mx\/difusioncultural\/index.php?rest_route=\/wp\/v2\/posts\/8272","targetHints":{"allow":["GET"]}}],"collection":[{"href":"https:\/\/blogs.uninter.edu.mx\/difusioncultural\/index.php?rest_route=\/wp\/v2\/posts"}],"about":[{"href":"https:\/\/blogs.uninter.edu.mx\/difusioncultural\/index.php?rest_route=\/wp\/v2\/types\/post"}],"author":[{"embeddable":true,"href":"https:\/\/blogs.uninter.edu.mx\/difusioncultural\/index.php?rest_route=\/wp\/v2\/users\/1"}],"replies":[{"embeddable":true,"href":"https:\/\/blogs.uninter.edu.mx\/difusioncultural\/index.php?rest_route=%2Fwp%2Fv2%2Fcomments&post=8272"}],"version-history":[{"count":0,"href":"https:\/\/blogs.uninter.edu.mx\/difusioncultural\/index.php?rest_route=\/wp\/v2\/posts\/8272\/revisions"}],"wp:featuredmedia":[{"embeddable":true,"href":"https:\/\/blogs.uninter.edu.mx\/difusioncultural\/index.php?rest_route=\/wp\/v2\/media\/7979"}],"wp:attachment":[{"href":"https:\/\/blogs.uninter.edu.mx\/difusioncultural\/index.php?rest_route=%2Fwp%2Fv2%2Fmedia&parent=8272"}],"wp:term":[{"taxonomy":"category","embeddable":true,"href":"https:\/\/blogs.uninter.edu.mx\/difusioncultural\/index.php?rest_route=%2Fwp%2Fv2%2Fcategories&post=8272"},{"taxonomy":"post_tag","embeddable":true,"href":"https:\/\/blogs.uninter.edu.mx\/difusioncultural\/index.php?rest_route=%2Fwp%2Fv2%2Ftags&post=8272"}],"curies":[{"name":"wp","href":"https:\/\/api.w.org\/{rel}","templated":true}]}}