{"id":8299,"date":"2021-06-17T08:30:29","date_gmt":"2021-06-17T13:30:29","guid":{"rendered":"https:\/\/difusionculturaluninter.wordpress.com\/?p=8299"},"modified":"2021-06-17T08:30:29","modified_gmt":"2021-06-17T13:30:29","slug":"alemanes-devuelven-a-mexico-34-piezas-arqueologicas","status":"publish","type":"post","link":"https:\/\/blogs.uninter.edu.mx\/difusioncultural\/?p=8299","title":{"rendered":"Alemanes devuelven a M\u00e9xico 34 piezas arqueol\u00f3gicas"},"content":{"rendered":"\n<figure class=\"wp-block-image size-large\"><img fetchpriority=\"high\" decoding=\"async\" width=\"500\" height=\"281\" src=\"https:\/\/blogs.uninter.edu.mx\/difusioncultural\/wp-content\/uploads\/2021\/06\/a03n1cul-1.jpg?w=500\" alt=\"\" class=\"wp-image-8297\" \/><\/figure>\n\n\n\n<p>Ciudadanos alemanes devolvieron de manera voluntaria al gobierno de M\u00e9xico 34 piezas arqueol\u00f3gicas identificadas como mayas y otras procedentes de la costa del Golfo de M\u00e9xico, el Altiplano Central, y el occidente (Colima y sur de Nayarit).<br><br>Los objetos fueron presentados ayer en una ceremonia virtual encabezada por el secretario de Relaciones Exteriores, Marcelo Ebrard Casaubon, y la secretaria de Cultura, Alejandra Frausto Guerrero.<br><br>Los funcionarios informaron que las obras las recibi\u00f3 la embajada de M\u00e9xico en Alemania, y entre ellas hay sellos, figuras antropomorfas elaboradas en barro, cajetes y vasijas, as\u00ed como una de tipo efigie y fragmentos de figurillas antropomorfas.<br><br>Destacan una m\u00e1scara elaborada en roca metam\u00f3rfica, de estilo olmeca, del periodo Precl\u00e1sico mesoamericano (1200-600 aC), dos cabezas de figuras antropomorfas de estilo totonaco, del periodo Cl\u00e1sico mesoamericano (250-900 dC), y un cajete de barro elaborado por la cultura maya hacia el Poscl\u00e1sico (1000-1521 dC).<br><br>Durante el acto, el canciller Ebrard agradeci\u00f3 la voluntad de los particulares de restituir estas piezas a M\u00e9xico y destac\u00f3 que ello pone de manifiesto que \u201cestamos ante un cambio en la cultura predominante respecto a la posesi\u00f3n sobre piezas de esta naturaleza. Esto, quiz\u00e1, hace algunos a\u00f1os no habr\u00eda sido posible, por lo que resulta alentador y es fruto tambi\u00e9n del trabajo que se ha venido haciendo por varios pa\u00edses, intelectuales y pensadores, que han insistido sobre este tema\u201d.<br><br>El secretario de Relaciones Exteriores agreg\u00f3 que tambi\u00e9n en los \u00e1mbitos multilaterales ha sido valiosa la colaboraci\u00f3n de la Organizaci\u00f3n de Naciones Unidas para la Educaci\u00f3n, la Ciencia y la Cultura (Unesco) para la recuperaci\u00f3n del patrimonio de grandes civilizaciones antiguas, una pr\u00e1ctica \u201cque se ha convertido en una prioridad cotidiana de la diplomacia mexicana, lo que ha permitido avanzar para que sea jur\u00eddicamente menos complejo el recuperar piezas que para nosotros son fundamentales\u201d.<br><br>En un comunicado, la Secretaria de Cultura agradeci\u00f3 a quienes devolvieron las piezas y a la canciller\u00eda por la gesti\u00f3n realizada.<br><br>La dependencia detall\u00f3 que los objetos devueltos en Alemania se suman a las 5 mil 464 piezas, entre bienes arqueol\u00f3gicos e hist\u00f3ricos, que la presente administraci\u00f3n ha recuperado. En ese acervo destacan los 594 exvotos mexicanos de los siglos XVIII al XX sustra\u00eddos del pa\u00eds de manera ilegal a mediados del siglo XX, y que fueron recuperados por la polic\u00eda italiana en 2018, repatriados al a\u00f1o siguiente.<\/p>\n","protected":false},"excerpt":{"rendered":"<p>Ciudadanos alemanes devolvieron de manera voluntaria al gobierno de M\u00e9xico 34 piezas arqueol\u00f3gicas identificadas como mayas y otras procedentes de la costa del Golfo de M\u00e9xico, el Altiplano Central, y el occidente (Colima y sur de Nayarit). Los objetos fueron presentados ayer en una ceremonia virtual encabezada por el secretario de Relaciones Exteriores, Marcelo Ebrard&hellip;<\/p>\n","protected":false},"author":1,"featured_media":8298,"comment_status":"closed","ping_status":"open","sticky":false,"template":"","format":"standard","meta":{"_jetpack_memberships_contains_paid_content":false,"footnotes":"","jetpack_publicize_message":"","jetpack_publicize_feature_enabled":true,"jetpack_social_post_already_shared":false,"jetpack_social_options":{"image_generator_settings":{"template":"highway","default_image_id":0,"font":"","enabled":false},"version":2}},"categories":[2,9],"tags":[],"class_list":["post-8299","post","type-post","status-publish","format-standard","has-post-thumbnail","hentry","category-actividades-artisticas-y-culturales","category-galeria"],"yoast_head":"<!-- This site is optimized with the Yoast SEO plugin v26.3 - https:\/\/yoast.com\/wordpress\/plugins\/seo\/ -->\r\n<title>Alemanes devuelven a M\u00e9xico 34 piezas arqueol\u00f3gicas - Difusi\u00f3n Cultural<\/title>\r\n<meta name=\"robots\" content=\"index, follow, max-snippet:-1, max-image-preview:large, max-video-preview:-1\" \/>\r\n<link rel=\"canonical\" href=\"https:\/\/blogs.uninter.edu.mx\/difusioncultural\/?p=8299\" \/>\r\n<meta property=\"og:locale\" content=\"es_MX\" \/>\r\n<meta property=\"og:type\" content=\"article\" \/>\r\n<meta property=\"og:title\" content=\"Alemanes devuelven a M\u00e9xico 34 piezas arqueol\u00f3gicas - Difusi\u00f3n Cultural\" \/>\r\n<meta property=\"og:description\" content=\"Ciudadanos alemanes devolvieron de manera voluntaria al gobierno de M\u00e9xico 34 piezas arqueol\u00f3gicas identificadas como mayas y otras procedentes de la costa del Golfo de M\u00e9xico, el Altiplano Central, y el occidente (Colima y sur de Nayarit). Los objetos fueron presentados ayer en una ceremonia virtual encabezada por el secretario de Relaciones Exteriores, Marcelo Ebrard&hellip;\" \/>\r\n<meta property=\"og:url\" content=\"https:\/\/blogs.uninter.edu.mx\/difusioncultural\/?p=8299\" \/>\r\n<meta property=\"og:site_name\" content=\"Difusi\u00f3n Cultural\" \/>\r\n<meta property=\"article:published_time\" content=\"2021-06-17T13:30:29+00:00\" \/>\r\n<meta property=\"og:image\" content=\"https:\/\/blogs.uninter.edu.mx\/difusioncultural\/wp-content\/uploads\/2021\/06\/a03n1cul-1-1.jpg\" \/>\r\n\t<meta property=\"og:image:width\" content=\"500\" \/>\r\n\t<meta property=\"og:image:height\" content=\"281\" \/>\r\n\t<meta property=\"og:image:type\" content=\"image\/jpeg\" \/>\r\n<meta name=\"author\" content=\"webmaster\" \/>\r\n<meta name=\"twitter:card\" content=\"summary_large_image\" \/>\r\n<meta name=\"twitter:label1\" content=\"Escrito por\" \/>\n\t<meta name=\"twitter:data1\" content=\"webmaster\" \/>\n\t<meta name=\"twitter:label2\" content=\"Tiempo de lectura\" \/>\n\t<meta name=\"twitter:data2\" content=\"2 minutos\" \/>\r\n<script type=\"application\/ld+json\" class=\"yoast-schema-graph\">{\"@context\":\"https:\/\/schema.org\",\"@graph\":[{\"@type\":\"Article\",\"@id\":\"https:\/\/blogs.uninter.edu.mx\/difusioncultural\/?p=8299#article\",\"isPartOf\":{\"@id\":\"https:\/\/blogs.uninter.edu.mx\/difusioncultural\/?p=8299\"},\"author\":{\"name\":\"webmaster\",\"@id\":\"https:\/\/blogs.uninter.edu.mx\/difusioncultural\/#\/schema\/person\/37a0926f4dd300a814993fd595abdc4a\"},\"headline\":\"Alemanes devuelven a M\u00e9xico 34 piezas arqueol\u00f3gicas\",\"datePublished\":\"2021-06-17T13:30:29+00:00\",\"mainEntityOfPage\":{\"@id\":\"https:\/\/blogs.uninter.edu.mx\/difusioncultural\/?p=8299\"},\"wordCount\":423,\"publisher\":{\"@id\":\"https:\/\/blogs.uninter.edu.mx\/difusioncultural\/#organization\"},\"image\":{\"@id\":\"https:\/\/blogs.uninter.edu.mx\/difusioncultural\/?p=8299#primaryimage\"},\"thumbnailUrl\":\"https:\/\/blogs.uninter.edu.mx\/difusioncultural\/wp-content\/uploads\/2021\/06\/a03n1cul-1-1.jpg\",\"articleSection\":[\"Actividades Art\u00edsticas y Culturales\",\"Galer\u00eda\"],\"inLanguage\":\"es\"},{\"@type\":\"WebPage\",\"@id\":\"https:\/\/blogs.uninter.edu.mx\/difusioncultural\/?p=8299\",\"url\":\"https:\/\/blogs.uninter.edu.mx\/difusioncultural\/?p=8299\",\"name\":\"Alemanes devuelven a M\u00e9xico 34 piezas arqueol\u00f3gicas - Difusi\u00f3n Cultural\",\"isPartOf\":{\"@id\":\"https:\/\/blogs.uninter.edu.mx\/difusioncultural\/#website\"},\"primaryImageOfPage\":{\"@id\":\"https:\/\/blogs.uninter.edu.mx\/difusioncultural\/?p=8299#primaryimage\"},\"image\":{\"@id\":\"https:\/\/blogs.uninter.edu.mx\/difusioncultural\/?p=8299#primaryimage\"},\"thumbnailUrl\":\"https:\/\/blogs.uninter.edu.mx\/difusioncultural\/wp-content\/uploads\/2021\/06\/a03n1cul-1-1.jpg\",\"datePublished\":\"2021-06-17T13:30:29+00:00\",\"breadcrumb\":{\"@id\":\"https:\/\/blogs.uninter.edu.mx\/difusioncultural\/?p=8299#breadcrumb\"},\"inLanguage\":\"es\",\"potentialAction\":[{\"@type\":\"ReadAction\",\"target\":[\"https:\/\/blogs.uninter.edu.mx\/difusioncultural\/?p=8299\"]}]},{\"@type\":\"ImageObject\",\"inLanguage\":\"es\",\"@id\":\"https:\/\/blogs.uninter.edu.mx\/difusioncultural\/?p=8299#primaryimage\",\"url\":\"https:\/\/blogs.uninter.edu.mx\/difusioncultural\/wp-content\/uploads\/2021\/06\/a03n1cul-1-1.jpg\",\"contentUrl\":\"https:\/\/blogs.uninter.edu.mx\/difusioncultural\/wp-content\/uploads\/2021\/06\/a03n1cul-1-1.jpg\",\"width\":500,\"height\":281,\"caption\":\"\u25b2 Algunas de las obras prehisp\u00e1nicas regresadas al pa\u00eds se han identificado como de origen maya.\"},{\"@type\":\"BreadcrumbList\",\"@id\":\"https:\/\/blogs.uninter.edu.mx\/difusioncultural\/?p=8299#breadcrumb\",\"itemListElement\":[{\"@type\":\"ListItem\",\"position\":1,\"name\":\"Inicio\",\"item\":\"https:\/\/blogs.uninter.edu.mx\/difusioncultural\/\"},{\"@type\":\"ListItem\",\"position\":2,\"name\":\"Alemanes devuelven a M\u00e9xico 34 piezas arqueol\u00f3gicas\"}]},{\"@type\":\"WebSite\",\"@id\":\"https:\/\/blogs.uninter.edu.mx\/difusioncultural\/#website\",\"url\":\"https:\/\/blogs.uninter.edu.mx\/difusioncultural\/\",\"name\":\"Difusi\u00f3n Cultural\",\"description\":\"UNINTER\",\"publisher\":{\"@id\":\"https:\/\/blogs.uninter.edu.mx\/difusioncultural\/#organization\"},\"potentialAction\":[{\"@type\":\"SearchAction\",\"target\":{\"@type\":\"EntryPoint\",\"urlTemplate\":\"https:\/\/blogs.uninter.edu.mx\/difusioncultural\/?s={search_term_string}\"},\"query-input\":{\"@type\":\"PropertyValueSpecification\",\"valueRequired\":true,\"valueName\":\"search_term_string\"}}],\"inLanguage\":\"es\"},{\"@type\":\"Organization\",\"@id\":\"https:\/\/blogs.uninter.edu.mx\/difusioncultural\/#organization\",\"name\":\"Difusi\u00f3n Cultural\",\"url\":\"https:\/\/blogs.uninter.edu.mx\/difusioncultural\/\",\"logo\":{\"@type\":\"ImageObject\",\"inLanguage\":\"es\",\"@id\":\"https:\/\/blogs.uninter.edu.mx\/difusioncultural\/#\/schema\/logo\/image\/\",\"url\":\"https:\/\/blogs.uninter.edu.mx\/difusioncultural\/wp-content\/uploads\/2022\/09\/uninter.jpg\",\"contentUrl\":\"https:\/\/blogs.uninter.edu.mx\/difusioncultural\/wp-content\/uploads\/2022\/09\/uninter.jpg\",\"width\":2048,\"height\":2048,\"caption\":\"Difusi\u00f3n Cultural\"},\"image\":{\"@id\":\"https:\/\/blogs.uninter.edu.mx\/difusioncultural\/#\/schema\/logo\/image\/\"}},{\"@type\":\"Person\",\"@id\":\"https:\/\/blogs.uninter.edu.mx\/difusioncultural\/#\/schema\/person\/37a0926f4dd300a814993fd595abdc4a\",\"name\":\"webmaster\",\"image\":{\"@type\":\"ImageObject\",\"inLanguage\":\"es\",\"@id\":\"https:\/\/blogs.uninter.edu.mx\/difusioncultural\/#\/schema\/person\/image\/\",\"url\":\"https:\/\/secure.gravatar.com\/avatar\/a59c276b01147463ef3aab4118e3137ebc5e1ad6700deb39ccdf8b89e517f7dc?s=96&d=mm&r=g\",\"contentUrl\":\"https:\/\/secure.gravatar.com\/avatar\/a59c276b01147463ef3aab4118e3137ebc5e1ad6700deb39ccdf8b89e517f7dc?s=96&d=mm&r=g\",\"caption\":\"webmaster\"},\"sameAs\":[\"https:\/\/blogs.uninter.edu.mx\/difusioncultural\"],\"url\":\"https:\/\/blogs.uninter.edu.mx\/difusioncultural\/?author=1\"}]}<\/script>\r\n<!-- \/ Yoast SEO plugin. -->","yoast_head_json":{"title":"Alemanes devuelven a M\u00e9xico 34 piezas arqueol\u00f3gicas - Difusi\u00f3n Cultural","robots":{"index":"index","follow":"follow","max-snippet":"max-snippet:-1","max-image-preview":"max-image-preview:large","max-video-preview":"max-video-preview:-1"},"canonical":"https:\/\/blogs.uninter.edu.mx\/difusioncultural\/?p=8299","og_locale":"es_MX","og_type":"article","og_title":"Alemanes devuelven a M\u00e9xico 34 piezas arqueol\u00f3gicas - Difusi\u00f3n Cultural","og_description":"Ciudadanos alemanes devolvieron de manera voluntaria al gobierno de M\u00e9xico 34 piezas arqueol\u00f3gicas identificadas como mayas y otras procedentes de la costa del Golfo de M\u00e9xico, el Altiplano Central, y el occidente (Colima y sur de Nayarit). Los objetos fueron presentados ayer en una ceremonia virtual encabezada por el secretario de Relaciones Exteriores, Marcelo Ebrard&hellip;","og_url":"https:\/\/blogs.uninter.edu.mx\/difusioncultural\/?p=8299","og_site_name":"Difusi\u00f3n Cultural","article_published_time":"2021-06-17T13:30:29+00:00","og_image":[{"width":500,"height":281,"url":"https:\/\/blogs.uninter.edu.mx\/difusioncultural\/wp-content\/uploads\/2021\/06\/a03n1cul-1-1.jpg","type":"image\/jpeg"}],"author":"webmaster","twitter_card":"summary_large_image","twitter_misc":{"Escrito por":"webmaster","Tiempo de lectura":"2 minutos"},"schema":{"@context":"https:\/\/schema.org","@graph":[{"@type":"Article","@id":"https:\/\/blogs.uninter.edu.mx\/difusioncultural\/?p=8299#article","isPartOf":{"@id":"https:\/\/blogs.uninter.edu.mx\/difusioncultural\/?p=8299"},"author":{"name":"webmaster","@id":"https:\/\/blogs.uninter.edu.mx\/difusioncultural\/#\/schema\/person\/37a0926f4dd300a814993fd595abdc4a"},"headline":"Alemanes devuelven a M\u00e9xico 34 piezas arqueol\u00f3gicas","datePublished":"2021-06-17T13:30:29+00:00","mainEntityOfPage":{"@id":"https:\/\/blogs.uninter.edu.mx\/difusioncultural\/?p=8299"},"wordCount":423,"publisher":{"@id":"https:\/\/blogs.uninter.edu.mx\/difusioncultural\/#organization"},"image":{"@id":"https:\/\/blogs.uninter.edu.mx\/difusioncultural\/?p=8299#primaryimage"},"thumbnailUrl":"https:\/\/blogs.uninter.edu.mx\/difusioncultural\/wp-content\/uploads\/2021\/06\/a03n1cul-1-1.jpg","articleSection":["Actividades Art\u00edsticas y Culturales","Galer\u00eda"],"inLanguage":"es"},{"@type":"WebPage","@id":"https:\/\/blogs.uninter.edu.mx\/difusioncultural\/?p=8299","url":"https:\/\/blogs.uninter.edu.mx\/difusioncultural\/?p=8299","name":"Alemanes devuelven a M\u00e9xico 34 piezas arqueol\u00f3gicas - Difusi\u00f3n Cultural","isPartOf":{"@id":"https:\/\/blogs.uninter.edu.mx\/difusioncultural\/#website"},"primaryImageOfPage":{"@id":"https:\/\/blogs.uninter.edu.mx\/difusioncultural\/?p=8299#primaryimage"},"image":{"@id":"https:\/\/blogs.uninter.edu.mx\/difusioncultural\/?p=8299#primaryimage"},"thumbnailUrl":"https:\/\/blogs.uninter.edu.mx\/difusioncultural\/wp-content\/uploads\/2021\/06\/a03n1cul-1-1.jpg","datePublished":"2021-06-17T13:30:29+00:00","breadcrumb":{"@id":"https:\/\/blogs.uninter.edu.mx\/difusioncultural\/?p=8299#breadcrumb"},"inLanguage":"es","potentialAction":[{"@type":"ReadAction","target":["https:\/\/blogs.uninter.edu.mx\/difusioncultural\/?p=8299"]}]},{"@type":"ImageObject","inLanguage":"es","@id":"https:\/\/blogs.uninter.edu.mx\/difusioncultural\/?p=8299#primaryimage","url":"https:\/\/blogs.uninter.edu.mx\/difusioncultural\/wp-content\/uploads\/2021\/06\/a03n1cul-1-1.jpg","contentUrl":"https:\/\/blogs.uninter.edu.mx\/difusioncultural\/wp-content\/uploads\/2021\/06\/a03n1cul-1-1.jpg","width":500,"height":281,"caption":"\u25b2 Algunas de las obras prehisp\u00e1nicas regresadas al pa\u00eds se han identificado como de origen maya."},{"@type":"BreadcrumbList","@id":"https:\/\/blogs.uninter.edu.mx\/difusioncultural\/?p=8299#breadcrumb","itemListElement":[{"@type":"ListItem","position":1,"name":"Inicio","item":"https:\/\/blogs.uninter.edu.mx\/difusioncultural\/"},{"@type":"ListItem","position":2,"name":"Alemanes devuelven a M\u00e9xico 34 piezas arqueol\u00f3gicas"}]},{"@type":"WebSite","@id":"https:\/\/blogs.uninter.edu.mx\/difusioncultural\/#website","url":"https:\/\/blogs.uninter.edu.mx\/difusioncultural\/","name":"Difusi\u00f3n Cultural","description":"UNINTER","publisher":{"@id":"https:\/\/blogs.uninter.edu.mx\/difusioncultural\/#organization"},"potentialAction":[{"@type":"SearchAction","target":{"@type":"EntryPoint","urlTemplate":"https:\/\/blogs.uninter.edu.mx\/difusioncultural\/?s={search_term_string}"},"query-input":{"@type":"PropertyValueSpecification","valueRequired":true,"valueName":"search_term_string"}}],"inLanguage":"es"},{"@type":"Organization","@id":"https:\/\/blogs.uninter.edu.mx\/difusioncultural\/#organization","name":"Difusi\u00f3n Cultural","url":"https:\/\/blogs.uninter.edu.mx\/difusioncultural\/","logo":{"@type":"ImageObject","inLanguage":"es","@id":"https:\/\/blogs.uninter.edu.mx\/difusioncultural\/#\/schema\/logo\/image\/","url":"https:\/\/blogs.uninter.edu.mx\/difusioncultural\/wp-content\/uploads\/2022\/09\/uninter.jpg","contentUrl":"https:\/\/blogs.uninter.edu.mx\/difusioncultural\/wp-content\/uploads\/2022\/09\/uninter.jpg","width":2048,"height":2048,"caption":"Difusi\u00f3n Cultural"},"image":{"@id":"https:\/\/blogs.uninter.edu.mx\/difusioncultural\/#\/schema\/logo\/image\/"}},{"@type":"Person","@id":"https:\/\/blogs.uninter.edu.mx\/difusioncultural\/#\/schema\/person\/37a0926f4dd300a814993fd595abdc4a","name":"webmaster","image":{"@type":"ImageObject","inLanguage":"es","@id":"https:\/\/blogs.uninter.edu.mx\/difusioncultural\/#\/schema\/person\/image\/","url":"https:\/\/secure.gravatar.com\/avatar\/a59c276b01147463ef3aab4118e3137ebc5e1ad6700deb39ccdf8b89e517f7dc?s=96&d=mm&r=g","contentUrl":"https:\/\/secure.gravatar.com\/avatar\/a59c276b01147463ef3aab4118e3137ebc5e1ad6700deb39ccdf8b89e517f7dc?s=96&d=mm&r=g","caption":"webmaster"},"sameAs":["https:\/\/blogs.uninter.edu.mx\/difusioncultural"],"url":"https:\/\/blogs.uninter.edu.mx\/difusioncultural\/?author=1"}]}},"jetpack_publicize_connections":[],"jetpack_featured_media_url":"https:\/\/blogs.uninter.edu.mx\/difusioncultural\/wp-content\/uploads\/2021\/06\/a03n1cul-1-1.jpg","jetpack_sharing_enabled":true,"_links":{"self":[{"href":"https:\/\/blogs.uninter.edu.mx\/difusioncultural\/index.php?rest_route=\/wp\/v2\/posts\/8299","targetHints":{"allow":["GET"]}}],"collection":[{"href":"https:\/\/blogs.uninter.edu.mx\/difusioncultural\/index.php?rest_route=\/wp\/v2\/posts"}],"about":[{"href":"https:\/\/blogs.uninter.edu.mx\/difusioncultural\/index.php?rest_route=\/wp\/v2\/types\/post"}],"author":[{"embeddable":true,"href":"https:\/\/blogs.uninter.edu.mx\/difusioncultural\/index.php?rest_route=\/wp\/v2\/users\/1"}],"replies":[{"embeddable":true,"href":"https:\/\/blogs.uninter.edu.mx\/difusioncultural\/index.php?rest_route=%2Fwp%2Fv2%2Fcomments&post=8299"}],"version-history":[{"count":0,"href":"https:\/\/blogs.uninter.edu.mx\/difusioncultural\/index.php?rest_route=\/wp\/v2\/posts\/8299\/revisions"}],"wp:featuredmedia":[{"embeddable":true,"href":"https:\/\/blogs.uninter.edu.mx\/difusioncultural\/index.php?rest_route=\/wp\/v2\/media\/8298"}],"wp:attachment":[{"href":"https:\/\/blogs.uninter.edu.mx\/difusioncultural\/index.php?rest_route=%2Fwp%2Fv2%2Fmedia&parent=8299"}],"wp:term":[{"taxonomy":"category","embeddable":true,"href":"https:\/\/blogs.uninter.edu.mx\/difusioncultural\/index.php?rest_route=%2Fwp%2Fv2%2Fcategories&post=8299"},{"taxonomy":"post_tag","embeddable":true,"href":"https:\/\/blogs.uninter.edu.mx\/difusioncultural\/index.php?rest_route=%2Fwp%2Fv2%2Ftags&post=8299"}],"curies":[{"name":"wp","href":"https:\/\/api.w.org\/{rel}","templated":true}]}}