{"id":8302,"date":"2021-06-17T09:00:43","date_gmt":"2021-06-17T14:00:43","guid":{"rendered":"https:\/\/difusionculturaluninter.wordpress.com\/?p=8302"},"modified":"2021-06-17T09:00:43","modified_gmt":"2021-06-17T14:00:43","slug":"homenaje-a-bill-brandt-fotografo-de-la-desigualdad-y-el-misterio","status":"publish","type":"post","link":"https:\/\/blogs.uninter.edu.mx\/difusioncultural\/?p=8302","title":{"rendered":"Homenaje a Bill Brandt, fot\u00f3grafo de la desigualdad y el misterio"},"content":{"rendered":"\n<figure class=\"wp-block-image size-large\"><img fetchpriority=\"high\" decoding=\"async\" width=\"418\" height=\"500\" src=\"https:\/\/blogs.uninter.edu.mx\/difusioncultural\/wp-content\/uploads\/2021\/06\/a05n1cul-1.jpg?w=418\" alt=\"\" class=\"wp-image-8300\" \/><\/figure>\n\n\n\n<p>Las im\u00e1genes de Bill Brandt son contraste y enigma, belleza y crudeza, misterio e inocencia. Este fot\u00f3grafo alem\u00e1n, que se sumergi\u00f3 como pocos en las desigualdades sociales en la Inglaterra de entreguerras, tambi\u00e9n fue un activo antifascista; de hecho, hasta el final de sus d\u00edas ocult\u00f3 su origen germano por miedo a ser relacionado con la maquinaria criminal que desarroll\u00f3 el r\u00e9gimen nazi en el siglo XX.<br><br>Brandt se convirti\u00f3 en uno de los grandes fot\u00f3grafos de paisajes y desnudos, en los que convert\u00eda al cuerpo humano o a las monta\u00f1as y los mares en una misma materia org\u00e1nica que sugieren a su vez figuras abstractas que sacuden las miradas por su profundidad.<br><br>La Fundaci\u00f3n Mapfre expone en Madrid la primera gran retrospectiva de este fot\u00f3grafo alem\u00e1n que vivi\u00f3 la mayor parte de su vida en Gran Breta\u00f1a, donde inici\u00f3 su andadura con un lenguaje propio muy sugerente. Su primer gran proyecto fue documentar con su c\u00e1mara las profundas desigualdades sociales en la Inglaterra de entreguerras. \u00c9l, que era de familia rica, ten\u00eda acceso a la alta burgues\u00eda de entonces, muy reacia a abrir las puertas de su vida a desconocidos y mucho menos a fot\u00f3grafos.<br><br>Pero \u00e9l lo consigui\u00f3 y logr\u00f3 crear uno de los documentos m\u00e1s interesantes de su obra, en los que contrapone la forma de vida de una familia rica y una pobre. Una manera de explicar la sociedad desde arriba y desde abajo, pero con escenas de gran crudeza; una criada preparando el ba\u00f1o en una casa adinerada que se contrapone con la imagen de un minero al que su mujer lava en una palangana en el sal\u00f3n de su min\u00fascula casa, con el cuerpo ennegrecido y roto de cansancio despu\u00e9s de la jornada laboral en la mina. O una pareja que come en un peque\u00f1o sal\u00f3n sucio y lleno de objetos, que se contrapone con tres miembros de la clase alta que pasan una relajada velada en un amplio sal\u00f3n de alta posici\u00f3n. O un cumplea\u00f1os infantil con una habitaci\u00f3n llena de globos, una imagen que en solitario ser\u00eda \u201cinocente\u201d, revela toda su crudeza junto a la de unos ni\u00f1os sin un solo juguete bailando en la calle.<br><br>Esa desigualdad, catalizador de la Segunda Guerra Mundial, aparece reflejada en este juego de espejos del que Brandt se limita a ser testigo, relator.<br><br>Gracias a esa mirada tan singular, tan comprometida con una realidad doliente, Brandt, que naci\u00f3 en Hamburgo en 1904 y muri\u00f3 en Londres en 1983, se convir-ti\u00f3 en uno de los fot\u00f3grafos m\u00e1s influyentes del siglo XX. Enigm\u00e1tico, inquieto y con una fuerte atracci\u00f3n por el componente siniestro en las im\u00e1genes y que se resumen en las cinco d\u00e9cadas que Brandt se dedic\u00f3 a la fotograf\u00eda, primero como documentalista y luego, explorando los l\u00edmites del retrato, el paisaje y el desnudo.<br><br>Una vez acabada la Segunda Guerra Mundial, el fot\u00f3grafo pierde inter\u00e9s por el documentalismo social y con el objetivo de ser reconocido como artista se adentra en g\u00e9neros cl\u00e1sicos: el retrato, el paisaje y el desnudo. En el apartado de retratos, que trabaja desde los 40 hasta el final de sus d\u00edas, aparecen grandes personalidades de la \u00e9poca como Francis Bacon, Joan Mir\u00f3, Pablo Picasso, Georges Braques o Antonio Tapies.<br><br>Brandt se siente en especial orgulloso de su serie de desnudos, sobre todo de su \u00faltima etapa, que combinan su atracci\u00f3n por lo extra\u00f1o y la experimentaci\u00f3n t\u00e9cnica. En sus fotograf\u00edas se pueden ver modelos semidesnudas posando en habitaciones en escenas evocadoras y un tanto oscuras. Este tipo de trabajos, que remiten a sus primeros contactos con el sicoan\u00e1lisis, fueron realizados con una c\u00e1mara Kodak con gran angular, id\u00e9ntica a la que sol\u00edan usar los polic\u00edas para fotografiar escenas de crimen, que permite captar una habitaci\u00f3n sin perder nitidez. Aunque Brandt se interesa especialmente por las distorsiones que genera esa lente, sobre todo en el paisaje, como se puede apreciar en su retrato del pintor Francis Bacon, una de sus obras maestras.<br><br>La exposici\u00f3n se podr\u00e1 ver en Madrid hasta el 29 de agosto.<\/p>\n","protected":false},"excerpt":{"rendered":"<p>Las im\u00e1genes de Bill Brandt son contraste y enigma, belleza y crudeza, misterio e inocencia. Este fot\u00f3grafo alem\u00e1n, que se sumergi\u00f3 como pocos en las desigualdades sociales en la Inglaterra de entreguerras, tambi\u00e9n fue un activo antifascista; de hecho, hasta el final de sus d\u00edas ocult\u00f3 su origen germano por miedo a ser relacionado con&hellip;<\/p>\n","protected":false},"author":1,"featured_media":8301,"comment_status":"closed","ping_status":"open","sticky":false,"template":"","format":"standard","meta":{"_jetpack_memberships_contains_paid_content":false,"footnotes":"","jetpack_publicize_message":"","jetpack_publicize_feature_enabled":true,"jetpack_social_post_already_shared":false,"jetpack_social_options":{"image_generator_settings":{"template":"highway","default_image_id":0,"font":"","enabled":false},"version":2}},"categories":[6,8,10,11],"tags":[],"class_list":["post-8302","post","type-post","status-publish","format-standard","has-post-thumbnail","hentry","category-compania-de-teatro","category-eventos","category-galeria-fotografica-talleres","category-estudiantiles-culturales"],"yoast_head":"<!-- This site is optimized with the Yoast SEO plugin v26.3 - https:\/\/yoast.com\/wordpress\/plugins\/seo\/ -->\r\n<title>Homenaje a Bill Brandt, fot\u00f3grafo de la desigualdad y el misterio - Difusi\u00f3n Cultural<\/title>\r\n<meta name=\"robots\" content=\"index, follow, max-snippet:-1, max-image-preview:large, max-video-preview:-1\" \/>\r\n<link rel=\"canonical\" href=\"https:\/\/blogs.uninter.edu.mx\/difusioncultural\/?p=8302\" \/>\r\n<meta property=\"og:locale\" content=\"es_MX\" \/>\r\n<meta property=\"og:type\" content=\"article\" \/>\r\n<meta property=\"og:title\" content=\"Homenaje a Bill Brandt, fot\u00f3grafo de la desigualdad y el misterio - Difusi\u00f3n Cultural\" \/>\r\n<meta property=\"og:description\" content=\"Las im\u00e1genes de Bill Brandt son contraste y enigma, belleza y crudeza, misterio e inocencia. Este fot\u00f3grafo alem\u00e1n, que se sumergi\u00f3 como pocos en las desigualdades sociales en la Inglaterra de entreguerras, tambi\u00e9n fue un activo antifascista; de hecho, hasta el final de sus d\u00edas ocult\u00f3 su origen germano por miedo a ser relacionado con&hellip;\" \/>\r\n<meta property=\"og:url\" content=\"https:\/\/blogs.uninter.edu.mx\/difusioncultural\/?p=8302\" \/>\r\n<meta property=\"og:site_name\" content=\"Difusi\u00f3n Cultural\" \/>\r\n<meta property=\"article:published_time\" content=\"2021-06-17T14:00:43+00:00\" \/>\r\n<meta property=\"og:image\" content=\"https:\/\/blogs.uninter.edu.mx\/difusioncultural\/wp-content\/uploads\/2021\/06\/a05n1cul-1-1.jpg\" \/>\r\n\t<meta property=\"og:image:width\" content=\"418\" \/>\r\n\t<meta property=\"og:image:height\" content=\"500\" \/>\r\n\t<meta property=\"og:image:type\" content=\"image\/jpeg\" \/>\r\n<meta name=\"author\" content=\"webmaster\" \/>\r\n<meta name=\"twitter:card\" content=\"summary_large_image\" \/>\r\n<meta name=\"twitter:label1\" content=\"Escrito por\" \/>\n\t<meta name=\"twitter:data1\" content=\"webmaster\" \/>\n\t<meta name=\"twitter:label2\" content=\"Tiempo de lectura\" \/>\n\t<meta name=\"twitter:data2\" content=\"4 minutos\" \/>\r\n<script type=\"application\/ld+json\" class=\"yoast-schema-graph\">{\"@context\":\"https:\/\/schema.org\",\"@graph\":[{\"@type\":\"Article\",\"@id\":\"https:\/\/blogs.uninter.edu.mx\/difusioncultural\/?p=8302#article\",\"isPartOf\":{\"@id\":\"https:\/\/blogs.uninter.edu.mx\/difusioncultural\/?p=8302\"},\"author\":{\"name\":\"webmaster\",\"@id\":\"https:\/\/blogs.uninter.edu.mx\/difusioncultural\/#\/schema\/person\/37a0926f4dd300a814993fd595abdc4a\"},\"headline\":\"Homenaje a Bill Brandt, fot\u00f3grafo de la desigualdad y el misterio\",\"datePublished\":\"2021-06-17T14:00:43+00:00\",\"mainEntityOfPage\":{\"@id\":\"https:\/\/blogs.uninter.edu.mx\/difusioncultural\/?p=8302\"},\"wordCount\":737,\"publisher\":{\"@id\":\"https:\/\/blogs.uninter.edu.mx\/difusioncultural\/#organization\"},\"image\":{\"@id\":\"https:\/\/blogs.uninter.edu.mx\/difusioncultural\/?p=8302#primaryimage\"},\"thumbnailUrl\":\"https:\/\/blogs.uninter.edu.mx\/difusioncultural\/wp-content\/uploads\/2021\/06\/a05n1cul-1-1.jpg\",\"articleSection\":[\"Compa\u00f1ia de Teatro\",\"Eventos\",\"Galer\u00eda Fotografica Talleres\",\"Talleres Culturales\"],\"inLanguage\":\"es\"},{\"@type\":\"WebPage\",\"@id\":\"https:\/\/blogs.uninter.edu.mx\/difusioncultural\/?p=8302\",\"url\":\"https:\/\/blogs.uninter.edu.mx\/difusioncultural\/?p=8302\",\"name\":\"Homenaje a Bill Brandt, fot\u00f3grafo de la desigualdad y el misterio - Difusi\u00f3n Cultural\",\"isPartOf\":{\"@id\":\"https:\/\/blogs.uninter.edu.mx\/difusioncultural\/#website\"},\"primaryImageOfPage\":{\"@id\":\"https:\/\/blogs.uninter.edu.mx\/difusioncultural\/?p=8302#primaryimage\"},\"image\":{\"@id\":\"https:\/\/blogs.uninter.edu.mx\/difusioncultural\/?p=8302#primaryimage\"},\"thumbnailUrl\":\"https:\/\/blogs.uninter.edu.mx\/difusioncultural\/wp-content\/uploads\/2021\/06\/a05n1cul-1-1.jpg\",\"datePublished\":\"2021-06-17T14:00:43+00:00\",\"breadcrumb\":{\"@id\":\"https:\/\/blogs.uninter.edu.mx\/difusioncultural\/?p=8302#breadcrumb\"},\"inLanguage\":\"es\",\"potentialAction\":[{\"@type\":\"ReadAction\",\"target\":[\"https:\/\/blogs.uninter.edu.mx\/difusioncultural\/?p=8302\"]}]},{\"@type\":\"ImageObject\",\"inLanguage\":\"es\",\"@id\":\"https:\/\/blogs.uninter.edu.mx\/difusioncultural\/?p=8302#primaryimage\",\"url\":\"https:\/\/blogs.uninter.edu.mx\/difusioncultural\/wp-content\/uploads\/2021\/06\/a05n1cul-1-1.jpg\",\"contentUrl\":\"https:\/\/blogs.uninter.edu.mx\/difusioncultural\/wp-content\/uploads\/2021\/06\/a05n1cul-1-1.jpg\",\"width\":418,\"height\":500,\"caption\":\"\u25b2 Desnudo, fotograf\u00eda tomada por Bill Brandt en Londres en 1952.\"},{\"@type\":\"BreadcrumbList\",\"@id\":\"https:\/\/blogs.uninter.edu.mx\/difusioncultural\/?p=8302#breadcrumb\",\"itemListElement\":[{\"@type\":\"ListItem\",\"position\":1,\"name\":\"Inicio\",\"item\":\"https:\/\/blogs.uninter.edu.mx\/difusioncultural\/\"},{\"@type\":\"ListItem\",\"position\":2,\"name\":\"Homenaje a Bill Brandt, fot\u00f3grafo de la desigualdad y el misterio\"}]},{\"@type\":\"WebSite\",\"@id\":\"https:\/\/blogs.uninter.edu.mx\/difusioncultural\/#website\",\"url\":\"https:\/\/blogs.uninter.edu.mx\/difusioncultural\/\",\"name\":\"Difusi\u00f3n Cultural\",\"description\":\"UNINTER\",\"publisher\":{\"@id\":\"https:\/\/blogs.uninter.edu.mx\/difusioncultural\/#organization\"},\"potentialAction\":[{\"@type\":\"SearchAction\",\"target\":{\"@type\":\"EntryPoint\",\"urlTemplate\":\"https:\/\/blogs.uninter.edu.mx\/difusioncultural\/?s={search_term_string}\"},\"query-input\":{\"@type\":\"PropertyValueSpecification\",\"valueRequired\":true,\"valueName\":\"search_term_string\"}}],\"inLanguage\":\"es\"},{\"@type\":\"Organization\",\"@id\":\"https:\/\/blogs.uninter.edu.mx\/difusioncultural\/#organization\",\"name\":\"Difusi\u00f3n Cultural\",\"url\":\"https:\/\/blogs.uninter.edu.mx\/difusioncultural\/\",\"logo\":{\"@type\":\"ImageObject\",\"inLanguage\":\"es\",\"@id\":\"https:\/\/blogs.uninter.edu.mx\/difusioncultural\/#\/schema\/logo\/image\/\",\"url\":\"https:\/\/blogs.uninter.edu.mx\/difusioncultural\/wp-content\/uploads\/2022\/09\/uninter.jpg\",\"contentUrl\":\"https:\/\/blogs.uninter.edu.mx\/difusioncultural\/wp-content\/uploads\/2022\/09\/uninter.jpg\",\"width\":2048,\"height\":2048,\"caption\":\"Difusi\u00f3n Cultural\"},\"image\":{\"@id\":\"https:\/\/blogs.uninter.edu.mx\/difusioncultural\/#\/schema\/logo\/image\/\"}},{\"@type\":\"Person\",\"@id\":\"https:\/\/blogs.uninter.edu.mx\/difusioncultural\/#\/schema\/person\/37a0926f4dd300a814993fd595abdc4a\",\"name\":\"webmaster\",\"image\":{\"@type\":\"ImageObject\",\"inLanguage\":\"es\",\"@id\":\"https:\/\/blogs.uninter.edu.mx\/difusioncultural\/#\/schema\/person\/image\/\",\"url\":\"https:\/\/secure.gravatar.com\/avatar\/a59c276b01147463ef3aab4118e3137ebc5e1ad6700deb39ccdf8b89e517f7dc?s=96&d=mm&r=g\",\"contentUrl\":\"https:\/\/secure.gravatar.com\/avatar\/a59c276b01147463ef3aab4118e3137ebc5e1ad6700deb39ccdf8b89e517f7dc?s=96&d=mm&r=g\",\"caption\":\"webmaster\"},\"sameAs\":[\"https:\/\/blogs.uninter.edu.mx\/difusioncultural\"],\"url\":\"https:\/\/blogs.uninter.edu.mx\/difusioncultural\/?author=1\"}]}<\/script>\r\n<!-- \/ Yoast SEO plugin. -->","yoast_head_json":{"title":"Homenaje a Bill Brandt, fot\u00f3grafo de la desigualdad y el misterio - Difusi\u00f3n Cultural","robots":{"index":"index","follow":"follow","max-snippet":"max-snippet:-1","max-image-preview":"max-image-preview:large","max-video-preview":"max-video-preview:-1"},"canonical":"https:\/\/blogs.uninter.edu.mx\/difusioncultural\/?p=8302","og_locale":"es_MX","og_type":"article","og_title":"Homenaje a Bill Brandt, fot\u00f3grafo de la desigualdad y el misterio - Difusi\u00f3n Cultural","og_description":"Las im\u00e1genes de Bill Brandt son contraste y enigma, belleza y crudeza, misterio e inocencia. Este fot\u00f3grafo alem\u00e1n, que se sumergi\u00f3 como pocos en las desigualdades sociales en la Inglaterra de entreguerras, tambi\u00e9n fue un activo antifascista; de hecho, hasta el final de sus d\u00edas ocult\u00f3 su origen germano por miedo a ser relacionado con&hellip;","og_url":"https:\/\/blogs.uninter.edu.mx\/difusioncultural\/?p=8302","og_site_name":"Difusi\u00f3n Cultural","article_published_time":"2021-06-17T14:00:43+00:00","og_image":[{"width":418,"height":500,"url":"https:\/\/blogs.uninter.edu.mx\/difusioncultural\/wp-content\/uploads\/2021\/06\/a05n1cul-1-1.jpg","type":"image\/jpeg"}],"author":"webmaster","twitter_card":"summary_large_image","twitter_misc":{"Escrito por":"webmaster","Tiempo de lectura":"4 minutos"},"schema":{"@context":"https:\/\/schema.org","@graph":[{"@type":"Article","@id":"https:\/\/blogs.uninter.edu.mx\/difusioncultural\/?p=8302#article","isPartOf":{"@id":"https:\/\/blogs.uninter.edu.mx\/difusioncultural\/?p=8302"},"author":{"name":"webmaster","@id":"https:\/\/blogs.uninter.edu.mx\/difusioncultural\/#\/schema\/person\/37a0926f4dd300a814993fd595abdc4a"},"headline":"Homenaje a Bill Brandt, fot\u00f3grafo de la desigualdad y el misterio","datePublished":"2021-06-17T14:00:43+00:00","mainEntityOfPage":{"@id":"https:\/\/blogs.uninter.edu.mx\/difusioncultural\/?p=8302"},"wordCount":737,"publisher":{"@id":"https:\/\/blogs.uninter.edu.mx\/difusioncultural\/#organization"},"image":{"@id":"https:\/\/blogs.uninter.edu.mx\/difusioncultural\/?p=8302#primaryimage"},"thumbnailUrl":"https:\/\/blogs.uninter.edu.mx\/difusioncultural\/wp-content\/uploads\/2021\/06\/a05n1cul-1-1.jpg","articleSection":["Compa\u00f1ia de Teatro","Eventos","Galer\u00eda Fotografica Talleres","Talleres Culturales"],"inLanguage":"es"},{"@type":"WebPage","@id":"https:\/\/blogs.uninter.edu.mx\/difusioncultural\/?p=8302","url":"https:\/\/blogs.uninter.edu.mx\/difusioncultural\/?p=8302","name":"Homenaje a Bill Brandt, fot\u00f3grafo de la desigualdad y el misterio - Difusi\u00f3n Cultural","isPartOf":{"@id":"https:\/\/blogs.uninter.edu.mx\/difusioncultural\/#website"},"primaryImageOfPage":{"@id":"https:\/\/blogs.uninter.edu.mx\/difusioncultural\/?p=8302#primaryimage"},"image":{"@id":"https:\/\/blogs.uninter.edu.mx\/difusioncultural\/?p=8302#primaryimage"},"thumbnailUrl":"https:\/\/blogs.uninter.edu.mx\/difusioncultural\/wp-content\/uploads\/2021\/06\/a05n1cul-1-1.jpg","datePublished":"2021-06-17T14:00:43+00:00","breadcrumb":{"@id":"https:\/\/blogs.uninter.edu.mx\/difusioncultural\/?p=8302#breadcrumb"},"inLanguage":"es","potentialAction":[{"@type":"ReadAction","target":["https:\/\/blogs.uninter.edu.mx\/difusioncultural\/?p=8302"]}]},{"@type":"ImageObject","inLanguage":"es","@id":"https:\/\/blogs.uninter.edu.mx\/difusioncultural\/?p=8302#primaryimage","url":"https:\/\/blogs.uninter.edu.mx\/difusioncultural\/wp-content\/uploads\/2021\/06\/a05n1cul-1-1.jpg","contentUrl":"https:\/\/blogs.uninter.edu.mx\/difusioncultural\/wp-content\/uploads\/2021\/06\/a05n1cul-1-1.jpg","width":418,"height":500,"caption":"\u25b2 Desnudo, fotograf\u00eda tomada por Bill Brandt en Londres en 1952."},{"@type":"BreadcrumbList","@id":"https:\/\/blogs.uninter.edu.mx\/difusioncultural\/?p=8302#breadcrumb","itemListElement":[{"@type":"ListItem","position":1,"name":"Inicio","item":"https:\/\/blogs.uninter.edu.mx\/difusioncultural\/"},{"@type":"ListItem","position":2,"name":"Homenaje a Bill Brandt, fot\u00f3grafo de la desigualdad y el misterio"}]},{"@type":"WebSite","@id":"https:\/\/blogs.uninter.edu.mx\/difusioncultural\/#website","url":"https:\/\/blogs.uninter.edu.mx\/difusioncultural\/","name":"Difusi\u00f3n Cultural","description":"UNINTER","publisher":{"@id":"https:\/\/blogs.uninter.edu.mx\/difusioncultural\/#organization"},"potentialAction":[{"@type":"SearchAction","target":{"@type":"EntryPoint","urlTemplate":"https:\/\/blogs.uninter.edu.mx\/difusioncultural\/?s={search_term_string}"},"query-input":{"@type":"PropertyValueSpecification","valueRequired":true,"valueName":"search_term_string"}}],"inLanguage":"es"},{"@type":"Organization","@id":"https:\/\/blogs.uninter.edu.mx\/difusioncultural\/#organization","name":"Difusi\u00f3n Cultural","url":"https:\/\/blogs.uninter.edu.mx\/difusioncultural\/","logo":{"@type":"ImageObject","inLanguage":"es","@id":"https:\/\/blogs.uninter.edu.mx\/difusioncultural\/#\/schema\/logo\/image\/","url":"https:\/\/blogs.uninter.edu.mx\/difusioncultural\/wp-content\/uploads\/2022\/09\/uninter.jpg","contentUrl":"https:\/\/blogs.uninter.edu.mx\/difusioncultural\/wp-content\/uploads\/2022\/09\/uninter.jpg","width":2048,"height":2048,"caption":"Difusi\u00f3n Cultural"},"image":{"@id":"https:\/\/blogs.uninter.edu.mx\/difusioncultural\/#\/schema\/logo\/image\/"}},{"@type":"Person","@id":"https:\/\/blogs.uninter.edu.mx\/difusioncultural\/#\/schema\/person\/37a0926f4dd300a814993fd595abdc4a","name":"webmaster","image":{"@type":"ImageObject","inLanguage":"es","@id":"https:\/\/blogs.uninter.edu.mx\/difusioncultural\/#\/schema\/person\/image\/","url":"https:\/\/secure.gravatar.com\/avatar\/a59c276b01147463ef3aab4118e3137ebc5e1ad6700deb39ccdf8b89e517f7dc?s=96&d=mm&r=g","contentUrl":"https:\/\/secure.gravatar.com\/avatar\/a59c276b01147463ef3aab4118e3137ebc5e1ad6700deb39ccdf8b89e517f7dc?s=96&d=mm&r=g","caption":"webmaster"},"sameAs":["https:\/\/blogs.uninter.edu.mx\/difusioncultural"],"url":"https:\/\/blogs.uninter.edu.mx\/difusioncultural\/?author=1"}]}},"jetpack_publicize_connections":[],"jetpack_featured_media_url":"https:\/\/blogs.uninter.edu.mx\/difusioncultural\/wp-content\/uploads\/2021\/06\/a05n1cul-1-1.jpg","jetpack_sharing_enabled":true,"_links":{"self":[{"href":"https:\/\/blogs.uninter.edu.mx\/difusioncultural\/index.php?rest_route=\/wp\/v2\/posts\/8302","targetHints":{"allow":["GET"]}}],"collection":[{"href":"https:\/\/blogs.uninter.edu.mx\/difusioncultural\/index.php?rest_route=\/wp\/v2\/posts"}],"about":[{"href":"https:\/\/blogs.uninter.edu.mx\/difusioncultural\/index.php?rest_route=\/wp\/v2\/types\/post"}],"author":[{"embeddable":true,"href":"https:\/\/blogs.uninter.edu.mx\/difusioncultural\/index.php?rest_route=\/wp\/v2\/users\/1"}],"replies":[{"embeddable":true,"href":"https:\/\/blogs.uninter.edu.mx\/difusioncultural\/index.php?rest_route=%2Fwp%2Fv2%2Fcomments&post=8302"}],"version-history":[{"count":0,"href":"https:\/\/blogs.uninter.edu.mx\/difusioncultural\/index.php?rest_route=\/wp\/v2\/posts\/8302\/revisions"}],"wp:featuredmedia":[{"embeddable":true,"href":"https:\/\/blogs.uninter.edu.mx\/difusioncultural\/index.php?rest_route=\/wp\/v2\/media\/8301"}],"wp:attachment":[{"href":"https:\/\/blogs.uninter.edu.mx\/difusioncultural\/index.php?rest_route=%2Fwp%2Fv2%2Fmedia&parent=8302"}],"wp:term":[{"taxonomy":"category","embeddable":true,"href":"https:\/\/blogs.uninter.edu.mx\/difusioncultural\/index.php?rest_route=%2Fwp%2Fv2%2Fcategories&post=8302"},{"taxonomy":"post_tag","embeddable":true,"href":"https:\/\/blogs.uninter.edu.mx\/difusioncultural\/index.php?rest_route=%2Fwp%2Fv2%2Ftags&post=8302"}],"curies":[{"name":"wp","href":"https:\/\/api.w.org\/{rel}","templated":true}]}}