{"id":8349,"date":"2021-07-15T07:50:27","date_gmt":"2021-07-15T12:50:27","guid":{"rendered":"https:\/\/difusionculturaluninter.wordpress.com\/?p=8349"},"modified":"2021-07-15T07:50:27","modified_gmt":"2021-07-15T12:50:27","slug":"un-dia-como-hoy-pero-de-1850-muere-jose-maria-mora","status":"publish","type":"post","link":"https:\/\/blogs.uninter.edu.mx\/difusioncultural\/?p=8349","title":{"rendered":"Un d\u00eda como hoy pero de 1850 muere Jos\u00e9 Mar\u00eda Mora"},"content":{"rendered":"\n<figure class=\"wp-block-image size-large\"><img fetchpriority=\"high\" decoding=\"async\" width=\"960\" height=\"848\" src=\"https:\/\/blogs.uninter.edu.mx\/difusioncultural\/wp-content\/uploads\/2021\/07\/img_20210715_035254.jpg?w=960\" alt=\"\" class=\"wp-image-8347\" \/><\/figure>\n\n\n\n<p>Jos\u00e9 Mar\u00eda Serv\u00edn de la Mora D\u00edaz Madrid (su nombre completo aparece en su diploma de bachiller, \u00e9l le agreg\u00f3 &#8220;Luis&#8221; en sus escritos) fue un escritor, pol\u00edtico, sacerdote e historiador. Se le considera el fundador del liberalismo mexicano. Sacerdote, ingres\u00f3 en la masoner\u00eda. Durante la presidencia de Valent\u00edn G\u00f3mez Far\u00edas (1833-1835) impuls\u00f3 la reforma educativa. En 1834 se exili\u00f3 en Par\u00eds. Autor del Catecismo pol\u00edtico de la federaci\u00f3n mexicana (1831) y M\u00e9xico y sus revoluciones (1836), entre otras obras.<br><br>En la parroquia de su ciudad natal fue bautizado el 12 del mismo mes, a los pocos d\u00edas de su nacimiento. Estudi\u00f3 las primeras letras en Quer\u00e9taro, y luego en la ciudad de M\u00e9xico, en el Colegio de San Ildefonso, donde se orden\u00f3 sacerdote; m\u00e1s tarde recibi\u00f3 el grado de doctor en teolog\u00eda. Liberal por convicci\u00f3n, en 1821 redact\u00f3 el Semanario Pol\u00edtico y Literario, de esas tendencias; al siguiente a\u00f1o fue nombrado vocal de la diputaci\u00f3n provincial de M\u00e9xico. En 1824, por oponerse al encumbramiento de Iturbide como emperador, se lo puso en prisi\u00f3n; pero, ca\u00eddo el Imperio, figur\u00f3 como diputado a la Legislatura Constituyente del Estado de M\u00e9xico, donde hizo un buen papel pol\u00edtico.<br><br>En 1827 se convirti\u00f3 en un importante personaje de la pol\u00edtica, incorporado a la logia escocesa, moderada, de la masoner\u00eda, que entonces monopolizaba la alta pol\u00edtica del pa\u00eds; luch\u00f3 contra el bando opuesto, la logia de los yorkinos, exaltados. La contienda la hizo desde las vehementes columnas de su peri\u00f3dico El Indicador, y en las obras que entonces escribi\u00f3: el Catecismo pol\u00edtico de la Federaci\u00f3n Mexicana y su Disertaci\u00f3n sobre la naturaleza y aplicaci\u00f3n de las rentas y bienes eclesi\u00e1sticos. En 1834, al caer los suyos con G\u00f3mez Far\u00edas, Mora se exili\u00f3 en Europa y estableci\u00f3 su residencia en Par\u00eds, donde, en medio de una existencia precaria, casi miserable, tuvo \u00e1nimos para consagrarse a sus tareas literarias. Hab\u00eda abandonado, desde hac\u00eda a\u00f1os, el ejercicio del ministerio sacerdotal.<br><br>Public\u00f3 dos libros: M\u00e9xico y sus revoluciones, en 1836, y sus Obras sueltas, en dos vol\u00famenes, en 1838. Desde 1828 hab\u00eda estado haciendo acopio de material para el primero de ellos, que empez\u00f3 a escribir en 1830 y que, conforme al plan trazado, deber\u00eda comprender una primera parte estad\u00edstica, relativa al estado general de la Rep\u00fablica y particular de cada uno de los Estados y Territorios; y una segunda parte, hist\u00f3rica, que abarcar\u00eda desde la conquista espa\u00f1ola hasta la administraci\u00f3n de Santa Anna. Pero el autor no lleg\u00f3 a realizar sus prop\u00f3sitos, pues de esa obra s\u00f3lo aparecieron tres tomos: el primero, en que se trata de la situaci\u00f3n, extensi\u00f3n, estructura f\u00edsica y productos naturales de M\u00e9xico; miner\u00eda, industria y comercio, administraci\u00f3n p\u00fablica bajo el r\u00e9gimen espa\u00f1ol, organizaci\u00f3n pol\u00edtica y social, relaciones exteriores y rentas, etc. El segundo tomo no lleg\u00f3 a publicarse, y el tercero se refiere a la conquista y a las diversas tentativas para establecer la Independencia; el cuarto estudia desde la iniciaci\u00f3n de la Independencia hasta la muerte de Jos\u00e9 Mar\u00eda Morelos.<\/p>\n","protected":false},"excerpt":{"rendered":"<p>Jos\u00e9 Mar\u00eda Serv\u00edn de la Mora D\u00edaz Madrid (su nombre completo aparece en su diploma de bachiller, \u00e9l le agreg\u00f3 &#8220;Luis&#8221; en sus escritos) fue un escritor, pol\u00edtico, sacerdote e historiador. Se le considera el fundador del liberalismo mexicano. Sacerdote, ingres\u00f3 en la masoner\u00eda. Durante la presidencia de Valent\u00edn G\u00f3mez Far\u00edas (1833-1835) impuls\u00f3 la reforma&hellip;<\/p>\n","protected":false},"author":1,"featured_media":8348,"comment_status":"closed","ping_status":"open","sticky":false,"template":"","format":"standard","meta":{"_jetpack_memberships_contains_paid_content":false,"footnotes":"","jetpack_publicize_message":"","jetpack_publicize_feature_enabled":true,"jetpack_social_post_already_shared":false,"jetpack_social_options":{"image_generator_settings":{"template":"highway","default_image_id":0,"font":"","enabled":false},"version":2}},"categories":[9,14],"tags":[],"class_list":["post-8349","post","type-post","status-publish","format-standard","has-post-thumbnail","hentry","category-galeria","category-un-dia-como-hoy"],"yoast_head":"<!-- This site is optimized with the Yoast SEO plugin v26.3 - https:\/\/yoast.com\/wordpress\/plugins\/seo\/ -->\r\n<title>Un d\u00eda como hoy pero de 1850 muere Jos\u00e9 Mar\u00eda Mora - Difusi\u00f3n Cultural<\/title>\r\n<meta name=\"robots\" content=\"index, follow, max-snippet:-1, max-image-preview:large, max-video-preview:-1\" \/>\r\n<link rel=\"canonical\" href=\"https:\/\/blogs.uninter.edu.mx\/difusioncultural\/?p=8349\" \/>\r\n<meta property=\"og:locale\" content=\"es_MX\" \/>\r\n<meta property=\"og:type\" content=\"article\" \/>\r\n<meta property=\"og:title\" content=\"Un d\u00eda como hoy pero de 1850 muere Jos\u00e9 Mar\u00eda Mora - Difusi\u00f3n Cultural\" \/>\r\n<meta property=\"og:description\" content=\"Jos\u00e9 Mar\u00eda Serv\u00edn de la Mora D\u00edaz Madrid (su nombre completo aparece en su diploma de bachiller, \u00e9l le agreg\u00f3 &#8220;Luis&#8221; en sus escritos) fue un escritor, pol\u00edtico, sacerdote e historiador. Se le considera el fundador del liberalismo mexicano. Sacerdote, ingres\u00f3 en la masoner\u00eda. Durante la presidencia de Valent\u00edn G\u00f3mez Far\u00edas (1833-1835) impuls\u00f3 la reforma&hellip;\" \/>\r\n<meta property=\"og:url\" content=\"https:\/\/blogs.uninter.edu.mx\/difusioncultural\/?p=8349\" \/>\r\n<meta property=\"og:site_name\" content=\"Difusi\u00f3n Cultural\" \/>\r\n<meta property=\"article:published_time\" content=\"2021-07-15T12:50:27+00:00\" \/>\r\n<meta property=\"og:image\" content=\"https:\/\/blogs.uninter.edu.mx\/difusioncultural\/wp-content\/uploads\/2021\/07\/img_20210715_035254-1.jpg\" \/>\r\n\t<meta property=\"og:image:width\" content=\"960\" \/>\r\n\t<meta property=\"og:image:height\" content=\"848\" \/>\r\n\t<meta property=\"og:image:type\" content=\"image\/jpeg\" \/>\r\n<meta name=\"author\" content=\"webmaster\" \/>\r\n<meta name=\"twitter:card\" content=\"summary_large_image\" \/>\r\n<meta name=\"twitter:label1\" content=\"Escrito por\" \/>\n\t<meta name=\"twitter:data1\" content=\"webmaster\" \/>\n\t<meta name=\"twitter:label2\" content=\"Tiempo de lectura\" \/>\n\t<meta name=\"twitter:data2\" content=\"3 minutos\" \/>\r\n<script type=\"application\/ld+json\" class=\"yoast-schema-graph\">{\"@context\":\"https:\/\/schema.org\",\"@graph\":[{\"@type\":\"Article\",\"@id\":\"https:\/\/blogs.uninter.edu.mx\/difusioncultural\/?p=8349#article\",\"isPartOf\":{\"@id\":\"https:\/\/blogs.uninter.edu.mx\/difusioncultural\/?p=8349\"},\"author\":{\"name\":\"webmaster\",\"@id\":\"https:\/\/blogs.uninter.edu.mx\/difusioncultural\/#\/schema\/person\/37a0926f4dd300a814993fd595abdc4a\"},\"headline\":\"Un d\u00eda como hoy pero de 1850 muere Jos\u00e9 Mar\u00eda Mora\",\"datePublished\":\"2021-07-15T12:50:27+00:00\",\"mainEntityOfPage\":{\"@id\":\"https:\/\/blogs.uninter.edu.mx\/difusioncultural\/?p=8349\"},\"wordCount\":565,\"publisher\":{\"@id\":\"https:\/\/blogs.uninter.edu.mx\/difusioncultural\/#organization\"},\"image\":{\"@id\":\"https:\/\/blogs.uninter.edu.mx\/difusioncultural\/?p=8349#primaryimage\"},\"thumbnailUrl\":\"https:\/\/blogs.uninter.edu.mx\/difusioncultural\/wp-content\/uploads\/2021\/07\/img_20210715_035254-1.jpg\",\"articleSection\":[\"Galer\u00eda\",\"un dia como hoy\"],\"inLanguage\":\"es\"},{\"@type\":\"WebPage\",\"@id\":\"https:\/\/blogs.uninter.edu.mx\/difusioncultural\/?p=8349\",\"url\":\"https:\/\/blogs.uninter.edu.mx\/difusioncultural\/?p=8349\",\"name\":\"Un d\u00eda como hoy pero de 1850 muere Jos\u00e9 Mar\u00eda Mora - Difusi\u00f3n Cultural\",\"isPartOf\":{\"@id\":\"https:\/\/blogs.uninter.edu.mx\/difusioncultural\/#website\"},\"primaryImageOfPage\":{\"@id\":\"https:\/\/blogs.uninter.edu.mx\/difusioncultural\/?p=8349#primaryimage\"},\"image\":{\"@id\":\"https:\/\/blogs.uninter.edu.mx\/difusioncultural\/?p=8349#primaryimage\"},\"thumbnailUrl\":\"https:\/\/blogs.uninter.edu.mx\/difusioncultural\/wp-content\/uploads\/2021\/07\/img_20210715_035254-1.jpg\",\"datePublished\":\"2021-07-15T12:50:27+00:00\",\"breadcrumb\":{\"@id\":\"https:\/\/blogs.uninter.edu.mx\/difusioncultural\/?p=8349#breadcrumb\"},\"inLanguage\":\"es\",\"potentialAction\":[{\"@type\":\"ReadAction\",\"target\":[\"https:\/\/blogs.uninter.edu.mx\/difusioncultural\/?p=8349\"]}]},{\"@type\":\"ImageObject\",\"inLanguage\":\"es\",\"@id\":\"https:\/\/blogs.uninter.edu.mx\/difusioncultural\/?p=8349#primaryimage\",\"url\":\"https:\/\/blogs.uninter.edu.mx\/difusioncultural\/wp-content\/uploads\/2021\/07\/img_20210715_035254-1.jpg\",\"contentUrl\":\"https:\/\/blogs.uninter.edu.mx\/difusioncultural\/wp-content\/uploads\/2021\/07\/img_20210715_035254-1.jpg\",\"width\":960,\"height\":848},{\"@type\":\"BreadcrumbList\",\"@id\":\"https:\/\/blogs.uninter.edu.mx\/difusioncultural\/?p=8349#breadcrumb\",\"itemListElement\":[{\"@type\":\"ListItem\",\"position\":1,\"name\":\"Inicio\",\"item\":\"https:\/\/blogs.uninter.edu.mx\/difusioncultural\/\"},{\"@type\":\"ListItem\",\"position\":2,\"name\":\"Un d\u00eda como hoy pero de 1850 muere Jos\u00e9 Mar\u00eda Mora\"}]},{\"@type\":\"WebSite\",\"@id\":\"https:\/\/blogs.uninter.edu.mx\/difusioncultural\/#website\",\"url\":\"https:\/\/blogs.uninter.edu.mx\/difusioncultural\/\",\"name\":\"Difusi\u00f3n Cultural\",\"description\":\"UNINTER\",\"publisher\":{\"@id\":\"https:\/\/blogs.uninter.edu.mx\/difusioncultural\/#organization\"},\"potentialAction\":[{\"@type\":\"SearchAction\",\"target\":{\"@type\":\"EntryPoint\",\"urlTemplate\":\"https:\/\/blogs.uninter.edu.mx\/difusioncultural\/?s={search_term_string}\"},\"query-input\":{\"@type\":\"PropertyValueSpecification\",\"valueRequired\":true,\"valueName\":\"search_term_string\"}}],\"inLanguage\":\"es\"},{\"@type\":\"Organization\",\"@id\":\"https:\/\/blogs.uninter.edu.mx\/difusioncultural\/#organization\",\"name\":\"Difusi\u00f3n Cultural\",\"url\":\"https:\/\/blogs.uninter.edu.mx\/difusioncultural\/\",\"logo\":{\"@type\":\"ImageObject\",\"inLanguage\":\"es\",\"@id\":\"https:\/\/blogs.uninter.edu.mx\/difusioncultural\/#\/schema\/logo\/image\/\",\"url\":\"https:\/\/blogs.uninter.edu.mx\/difusioncultural\/wp-content\/uploads\/2022\/09\/uninter.jpg\",\"contentUrl\":\"https:\/\/blogs.uninter.edu.mx\/difusioncultural\/wp-content\/uploads\/2022\/09\/uninter.jpg\",\"width\":2048,\"height\":2048,\"caption\":\"Difusi\u00f3n Cultural\"},\"image\":{\"@id\":\"https:\/\/blogs.uninter.edu.mx\/difusioncultural\/#\/schema\/logo\/image\/\"}},{\"@type\":\"Person\",\"@id\":\"https:\/\/blogs.uninter.edu.mx\/difusioncultural\/#\/schema\/person\/37a0926f4dd300a814993fd595abdc4a\",\"name\":\"webmaster\",\"image\":{\"@type\":\"ImageObject\",\"inLanguage\":\"es\",\"@id\":\"https:\/\/blogs.uninter.edu.mx\/difusioncultural\/#\/schema\/person\/image\/\",\"url\":\"https:\/\/secure.gravatar.com\/avatar\/a59c276b01147463ef3aab4118e3137ebc5e1ad6700deb39ccdf8b89e517f7dc?s=96&d=mm&r=g\",\"contentUrl\":\"https:\/\/secure.gravatar.com\/avatar\/a59c276b01147463ef3aab4118e3137ebc5e1ad6700deb39ccdf8b89e517f7dc?s=96&d=mm&r=g\",\"caption\":\"webmaster\"},\"sameAs\":[\"https:\/\/blogs.uninter.edu.mx\/difusioncultural\"],\"url\":\"https:\/\/blogs.uninter.edu.mx\/difusioncultural\/?author=1\"}]}<\/script>\r\n<!-- \/ Yoast SEO plugin. -->","yoast_head_json":{"title":"Un d\u00eda como hoy pero de 1850 muere Jos\u00e9 Mar\u00eda Mora - Difusi\u00f3n Cultural","robots":{"index":"index","follow":"follow","max-snippet":"max-snippet:-1","max-image-preview":"max-image-preview:large","max-video-preview":"max-video-preview:-1"},"canonical":"https:\/\/blogs.uninter.edu.mx\/difusioncultural\/?p=8349","og_locale":"es_MX","og_type":"article","og_title":"Un d\u00eda como hoy pero de 1850 muere Jos\u00e9 Mar\u00eda Mora - Difusi\u00f3n Cultural","og_description":"Jos\u00e9 Mar\u00eda Serv\u00edn de la Mora D\u00edaz Madrid (su nombre completo aparece en su diploma de bachiller, \u00e9l le agreg\u00f3 &#8220;Luis&#8221; en sus escritos) fue un escritor, pol\u00edtico, sacerdote e historiador. Se le considera el fundador del liberalismo mexicano. Sacerdote, ingres\u00f3 en la masoner\u00eda. Durante la presidencia de Valent\u00edn G\u00f3mez Far\u00edas (1833-1835) impuls\u00f3 la reforma&hellip;","og_url":"https:\/\/blogs.uninter.edu.mx\/difusioncultural\/?p=8349","og_site_name":"Difusi\u00f3n Cultural","article_published_time":"2021-07-15T12:50:27+00:00","og_image":[{"width":960,"height":848,"url":"https:\/\/blogs.uninter.edu.mx\/difusioncultural\/wp-content\/uploads\/2021\/07\/img_20210715_035254-1.jpg","type":"image\/jpeg"}],"author":"webmaster","twitter_card":"summary_large_image","twitter_misc":{"Escrito por":"webmaster","Tiempo de lectura":"3 minutos"},"schema":{"@context":"https:\/\/schema.org","@graph":[{"@type":"Article","@id":"https:\/\/blogs.uninter.edu.mx\/difusioncultural\/?p=8349#article","isPartOf":{"@id":"https:\/\/blogs.uninter.edu.mx\/difusioncultural\/?p=8349"},"author":{"name":"webmaster","@id":"https:\/\/blogs.uninter.edu.mx\/difusioncultural\/#\/schema\/person\/37a0926f4dd300a814993fd595abdc4a"},"headline":"Un d\u00eda como hoy pero de 1850 muere Jos\u00e9 Mar\u00eda Mora","datePublished":"2021-07-15T12:50:27+00:00","mainEntityOfPage":{"@id":"https:\/\/blogs.uninter.edu.mx\/difusioncultural\/?p=8349"},"wordCount":565,"publisher":{"@id":"https:\/\/blogs.uninter.edu.mx\/difusioncultural\/#organization"},"image":{"@id":"https:\/\/blogs.uninter.edu.mx\/difusioncultural\/?p=8349#primaryimage"},"thumbnailUrl":"https:\/\/blogs.uninter.edu.mx\/difusioncultural\/wp-content\/uploads\/2021\/07\/img_20210715_035254-1.jpg","articleSection":["Galer\u00eda","un dia como hoy"],"inLanguage":"es"},{"@type":"WebPage","@id":"https:\/\/blogs.uninter.edu.mx\/difusioncultural\/?p=8349","url":"https:\/\/blogs.uninter.edu.mx\/difusioncultural\/?p=8349","name":"Un d\u00eda como hoy pero de 1850 muere Jos\u00e9 Mar\u00eda Mora - Difusi\u00f3n Cultural","isPartOf":{"@id":"https:\/\/blogs.uninter.edu.mx\/difusioncultural\/#website"},"primaryImageOfPage":{"@id":"https:\/\/blogs.uninter.edu.mx\/difusioncultural\/?p=8349#primaryimage"},"image":{"@id":"https:\/\/blogs.uninter.edu.mx\/difusioncultural\/?p=8349#primaryimage"},"thumbnailUrl":"https:\/\/blogs.uninter.edu.mx\/difusioncultural\/wp-content\/uploads\/2021\/07\/img_20210715_035254-1.jpg","datePublished":"2021-07-15T12:50:27+00:00","breadcrumb":{"@id":"https:\/\/blogs.uninter.edu.mx\/difusioncultural\/?p=8349#breadcrumb"},"inLanguage":"es","potentialAction":[{"@type":"ReadAction","target":["https:\/\/blogs.uninter.edu.mx\/difusioncultural\/?p=8349"]}]},{"@type":"ImageObject","inLanguage":"es","@id":"https:\/\/blogs.uninter.edu.mx\/difusioncultural\/?p=8349#primaryimage","url":"https:\/\/blogs.uninter.edu.mx\/difusioncultural\/wp-content\/uploads\/2021\/07\/img_20210715_035254-1.jpg","contentUrl":"https:\/\/blogs.uninter.edu.mx\/difusioncultural\/wp-content\/uploads\/2021\/07\/img_20210715_035254-1.jpg","width":960,"height":848},{"@type":"BreadcrumbList","@id":"https:\/\/blogs.uninter.edu.mx\/difusioncultural\/?p=8349#breadcrumb","itemListElement":[{"@type":"ListItem","position":1,"name":"Inicio","item":"https:\/\/blogs.uninter.edu.mx\/difusioncultural\/"},{"@type":"ListItem","position":2,"name":"Un d\u00eda como hoy pero de 1850 muere Jos\u00e9 Mar\u00eda Mora"}]},{"@type":"WebSite","@id":"https:\/\/blogs.uninter.edu.mx\/difusioncultural\/#website","url":"https:\/\/blogs.uninter.edu.mx\/difusioncultural\/","name":"Difusi\u00f3n Cultural","description":"UNINTER","publisher":{"@id":"https:\/\/blogs.uninter.edu.mx\/difusioncultural\/#organization"},"potentialAction":[{"@type":"SearchAction","target":{"@type":"EntryPoint","urlTemplate":"https:\/\/blogs.uninter.edu.mx\/difusioncultural\/?s={search_term_string}"},"query-input":{"@type":"PropertyValueSpecification","valueRequired":true,"valueName":"search_term_string"}}],"inLanguage":"es"},{"@type":"Organization","@id":"https:\/\/blogs.uninter.edu.mx\/difusioncultural\/#organization","name":"Difusi\u00f3n Cultural","url":"https:\/\/blogs.uninter.edu.mx\/difusioncultural\/","logo":{"@type":"ImageObject","inLanguage":"es","@id":"https:\/\/blogs.uninter.edu.mx\/difusioncultural\/#\/schema\/logo\/image\/","url":"https:\/\/blogs.uninter.edu.mx\/difusioncultural\/wp-content\/uploads\/2022\/09\/uninter.jpg","contentUrl":"https:\/\/blogs.uninter.edu.mx\/difusioncultural\/wp-content\/uploads\/2022\/09\/uninter.jpg","width":2048,"height":2048,"caption":"Difusi\u00f3n Cultural"},"image":{"@id":"https:\/\/blogs.uninter.edu.mx\/difusioncultural\/#\/schema\/logo\/image\/"}},{"@type":"Person","@id":"https:\/\/blogs.uninter.edu.mx\/difusioncultural\/#\/schema\/person\/37a0926f4dd300a814993fd595abdc4a","name":"webmaster","image":{"@type":"ImageObject","inLanguage":"es","@id":"https:\/\/blogs.uninter.edu.mx\/difusioncultural\/#\/schema\/person\/image\/","url":"https:\/\/secure.gravatar.com\/avatar\/a59c276b01147463ef3aab4118e3137ebc5e1ad6700deb39ccdf8b89e517f7dc?s=96&d=mm&r=g","contentUrl":"https:\/\/secure.gravatar.com\/avatar\/a59c276b01147463ef3aab4118e3137ebc5e1ad6700deb39ccdf8b89e517f7dc?s=96&d=mm&r=g","caption":"webmaster"},"sameAs":["https:\/\/blogs.uninter.edu.mx\/difusioncultural"],"url":"https:\/\/blogs.uninter.edu.mx\/difusioncultural\/?author=1"}]}},"jetpack_publicize_connections":[],"jetpack_featured_media_url":"https:\/\/blogs.uninter.edu.mx\/difusioncultural\/wp-content\/uploads\/2021\/07\/img_20210715_035254-1.jpg","jetpack_sharing_enabled":true,"_links":{"self":[{"href":"https:\/\/blogs.uninter.edu.mx\/difusioncultural\/index.php?rest_route=\/wp\/v2\/posts\/8349","targetHints":{"allow":["GET"]}}],"collection":[{"href":"https:\/\/blogs.uninter.edu.mx\/difusioncultural\/index.php?rest_route=\/wp\/v2\/posts"}],"about":[{"href":"https:\/\/blogs.uninter.edu.mx\/difusioncultural\/index.php?rest_route=\/wp\/v2\/types\/post"}],"author":[{"embeddable":true,"href":"https:\/\/blogs.uninter.edu.mx\/difusioncultural\/index.php?rest_route=\/wp\/v2\/users\/1"}],"replies":[{"embeddable":true,"href":"https:\/\/blogs.uninter.edu.mx\/difusioncultural\/index.php?rest_route=%2Fwp%2Fv2%2Fcomments&post=8349"}],"version-history":[{"count":0,"href":"https:\/\/blogs.uninter.edu.mx\/difusioncultural\/index.php?rest_route=\/wp\/v2\/posts\/8349\/revisions"}],"wp:featuredmedia":[{"embeddable":true,"href":"https:\/\/blogs.uninter.edu.mx\/difusioncultural\/index.php?rest_route=\/wp\/v2\/media\/8348"}],"wp:attachment":[{"href":"https:\/\/blogs.uninter.edu.mx\/difusioncultural\/index.php?rest_route=%2Fwp%2Fv2%2Fmedia&parent=8349"}],"wp:term":[{"taxonomy":"category","embeddable":true,"href":"https:\/\/blogs.uninter.edu.mx\/difusioncultural\/index.php?rest_route=%2Fwp%2Fv2%2Fcategories&post=8349"},{"taxonomy":"post_tag","embeddable":true,"href":"https:\/\/blogs.uninter.edu.mx\/difusioncultural\/index.php?rest_route=%2Fwp%2Fv2%2Ftags&post=8349"}],"curies":[{"name":"wp","href":"https:\/\/api.w.org\/{rel}","templated":true}]}}