{"id":8368,"date":"2021-07-29T08:22:34","date_gmt":"2021-07-29T13:22:34","guid":{"rendered":"https:\/\/difusionculturaluninter.wordpress.com\/2021\/07\/29\/todo-listo-para-la-noche-de-museos-virtual-de-julio\/"},"modified":"2021-07-29T08:22:34","modified_gmt":"2021-07-29T13:22:34","slug":"todo-listo-para-la-noche-de-museos-virtual-de-julio","status":"publish","type":"post","link":"https:\/\/blogs.uninter.edu.mx\/difusioncultural\/?p=8368","title":{"rendered":"Todo listo para la Noche de Museos Virtual de Julio"},"content":{"rendered":"\n<figure class=\"wp-block-image size-large\"><img fetchpriority=\"high\" decoding=\"async\" width=\"300\" height=\"300\" src=\"https:\/\/blogs.uninter.edu.mx\/difusioncultural\/wp-content\/uploads\/2021\/07\/bellas-artes-fachada_300.jpg?w=300\" alt=\"\" class=\"wp-image-8366\" \/><\/figure>\n\n\n\n<p>Charlas, cine, video-capsulas, literatura, m\u00fasica, talleres, danza, exposiciones y visitas guiadas ser\u00e1 la variada oferta de los cerca de 50 recintos participantes en la Noche de Museos Virtual de este mi\u00e9rcoles 28 de julio, que contar\u00e1 por primera vez con actividades presenciales con cupo limitado, as\u00ed como una amplia programaci\u00f3n en redes sociales disponible con el hashtag #NocheDeMuseosVirtual y #NocheDeMuseos.<br><br>El Museo de la Ciudad de M\u00e9xico, de la Secretar\u00eda de Cultura de la Ciudad de M\u00e9xico, presentar\u00e1, a las 20:00 horas, de manera presencial, la mesa \u201cHerencia Mexika\u201d, con previo registro en atencionapublico.mcm.@gmail.com; mientras el Sal\u00f3n de Cabildos, del Antiguo Palacio del Ayuntamiento, tendr\u00e1 una visita guiada por el recinto con cupo limitado y con previo registro en salondecabildos1@gmail.com, as\u00ed como una actividad virtual a las 20:30 horas enfocada a los virreyes del siglo XVI.<br><br>Asimismo, el Archivo Hist\u00f3rico de la Ciudad de M\u00e9xico ofrecer\u00e1 de manera presencial y virtual la narraci\u00f3n oral \u201cUn paseo en bicicleta por la Ciudad de M\u00e9xico\u201d, a cargo del historiador Arturo Campos, y la muestra de una selecci\u00f3n documental a cargo de Karla Motte, a las 18:00 y 19:00 horas, respectivamente, con previo registro presencial en divulgacionahcm@gmail.com.<br><br>El Museo de Arte Popular tambi\u00e9n ofrecer\u00e1 una actividad en modalidad mixta, se trata de una visita guiada y una video-capsula, ambas sobre la exposici\u00f3n \u201cArte plumario en el arte popular\u201d, que se realizar\u00e1n a las 17:00 y 19:15 horas, respectivamente, \u00e9sta \u00faltima en la p\u00e1gina de Facebook del recinto. Registro de la visita en el \u00e1rea de servicios educativos.<br><br>El Museo de El Carmen ofrecer\u00e1 el recorrido guiado presencial \u201cLas flores en el arte virreinal\u201d, a cargo de la arque\u00f3loga Daniela Alcal\u00e1, con previo registro en elcarmendifusion@gmail.com, el cual tambi\u00e9n ser\u00e1 transmitido por Facebook Live a las 18:00 horas.<br><br>La Casa Rivas Mercado ofrecer\u00e1 la charla \u201cHallazgos arqueol\u00f3gicos recientes en la Colonia Guerrero\u201d, a las 18:00 horas, por su cuenta de Facebook en https:\/\/m.facebook.com\/casarivasmercado. Mientras que el Museo Nacional de la Revoluci\u00f3n ha preparado para esta edici\u00f3n virtual la pel\u00edcula Oaxaca, de Manuel S\u00e1nchez Valtierra; algunas lecturas del Libro Club Revoluci\u00f3n y un concierto de guitarra con obras de David Gilmour, Jos\u00e9 Alfredo Jim\u00e9nez y Eduardo Mart\u00edn, entre otros, que se transmitir\u00e1n a las 17:00, 18:00 y 19:00 horas, respectivamente.<br><br>Desde su cuenta de Facebook, el Museo Pante\u00f3n de San Fernando en colaboraci\u00f3n con el Museo del Estanquillo, presentar\u00e1 la exposici\u00f3n digital Constantino Escalante. El padre de la caricatura en M\u00e9xico, a las 21:00 horas, que acercar\u00e1 al p\u00fablico a la muestra hom\u00f3nima que se exhibe en las rejas del recinto capitalino.<\/p>\n","protected":false},"excerpt":{"rendered":"<p>Charlas, cine, video-capsulas, literatura, m\u00fasica, talleres, danza, exposiciones y visitas guiadas ser\u00e1 la variada oferta de los cerca de 50 recintos participantes en la Noche de Museos Virtual de este mi\u00e9rcoles 28 de julio, que contar\u00e1 por primera vez con actividades presenciales con cupo limitado, as\u00ed como una amplia programaci\u00f3n en redes sociales disponible con&hellip;<\/p>\n","protected":false},"author":1,"featured_media":8367,"comment_status":"closed","ping_status":"open","sticky":false,"template":"","format":"standard","meta":{"_jetpack_memberships_contains_paid_content":false,"footnotes":"","jetpack_publicize_message":"","jetpack_publicize_feature_enabled":true,"jetpack_social_post_already_shared":false,"jetpack_social_options":{"image_generator_settings":{"template":"highway","default_image_id":0,"font":"","enabled":false},"version":2}},"categories":[6,8,9],"tags":[],"class_list":["post-8368","post","type-post","status-publish","format-standard","has-post-thumbnail","hentry","category-compania-de-teatro","category-eventos","category-galeria"],"yoast_head":"<!-- This site is optimized with the Yoast SEO plugin v26.3 - https:\/\/yoast.com\/wordpress\/plugins\/seo\/ -->\r\n<title>Todo listo para la Noche de Museos Virtual de Julio - Difusi\u00f3n Cultural<\/title>\r\n<meta name=\"robots\" content=\"index, follow, max-snippet:-1, max-image-preview:large, max-video-preview:-1\" \/>\r\n<link rel=\"canonical\" href=\"https:\/\/blogs.uninter.edu.mx\/difusioncultural\/?p=8368\" \/>\r\n<meta property=\"og:locale\" content=\"es_MX\" \/>\r\n<meta property=\"og:type\" content=\"article\" \/>\r\n<meta property=\"og:title\" content=\"Todo listo para la Noche de Museos Virtual de Julio - Difusi\u00f3n Cultural\" \/>\r\n<meta property=\"og:description\" content=\"Charlas, cine, video-capsulas, literatura, m\u00fasica, talleres, danza, exposiciones y visitas guiadas ser\u00e1 la variada oferta de los cerca de 50 recintos participantes en la Noche de Museos Virtual de este mi\u00e9rcoles 28 de julio, que contar\u00e1 por primera vez con actividades presenciales con cupo limitado, as\u00ed como una amplia programaci\u00f3n en redes sociales disponible con&hellip;\" \/>\r\n<meta property=\"og:url\" content=\"https:\/\/blogs.uninter.edu.mx\/difusioncultural\/?p=8368\" \/>\r\n<meta property=\"og:site_name\" content=\"Difusi\u00f3n Cultural\" \/>\r\n<meta property=\"article:published_time\" content=\"2021-07-29T13:22:34+00:00\" \/>\r\n<meta property=\"og:image\" content=\"https:\/\/blogs.uninter.edu.mx\/difusioncultural\/wp-content\/uploads\/2021\/07\/bellas-artes-fachada_300-1.jpg\" \/>\r\n\t<meta property=\"og:image:width\" content=\"300\" \/>\r\n\t<meta property=\"og:image:height\" content=\"300\" \/>\r\n\t<meta property=\"og:image:type\" content=\"image\/jpeg\" \/>\r\n<meta name=\"author\" content=\"webmaster\" \/>\r\n<meta name=\"twitter:card\" content=\"summary_large_image\" \/>\r\n<meta name=\"twitter:label1\" content=\"Escrito por\" \/>\n\t<meta name=\"twitter:data1\" content=\"webmaster\" \/>\n\t<meta name=\"twitter:label2\" content=\"Tiempo de lectura\" \/>\n\t<meta name=\"twitter:data2\" content=\"2 minutos\" \/>\r\n<script type=\"application\/ld+json\" class=\"yoast-schema-graph\">{\"@context\":\"https:\/\/schema.org\",\"@graph\":[{\"@type\":\"Article\",\"@id\":\"https:\/\/blogs.uninter.edu.mx\/difusioncultural\/?p=8368#article\",\"isPartOf\":{\"@id\":\"https:\/\/blogs.uninter.edu.mx\/difusioncultural\/?p=8368\"},\"author\":{\"name\":\"webmaster\",\"@id\":\"https:\/\/blogs.uninter.edu.mx\/difusioncultural\/#\/schema\/person\/37a0926f4dd300a814993fd595abdc4a\"},\"headline\":\"Todo listo para la Noche de Museos Virtual de Julio\",\"datePublished\":\"2021-07-29T13:22:34+00:00\",\"mainEntityOfPage\":{\"@id\":\"https:\/\/blogs.uninter.edu.mx\/difusioncultural\/?p=8368\"},\"wordCount\":469,\"publisher\":{\"@id\":\"https:\/\/blogs.uninter.edu.mx\/difusioncultural\/#organization\"},\"image\":{\"@id\":\"https:\/\/blogs.uninter.edu.mx\/difusioncultural\/?p=8368#primaryimage\"},\"thumbnailUrl\":\"https:\/\/blogs.uninter.edu.mx\/difusioncultural\/wp-content\/uploads\/2021\/07\/bellas-artes-fachada_300-1.jpg\",\"articleSection\":[\"Compa\u00f1ia de Teatro\",\"Eventos\",\"Galer\u00eda\"],\"inLanguage\":\"es\"},{\"@type\":\"WebPage\",\"@id\":\"https:\/\/blogs.uninter.edu.mx\/difusioncultural\/?p=8368\",\"url\":\"https:\/\/blogs.uninter.edu.mx\/difusioncultural\/?p=8368\",\"name\":\"Todo listo para la Noche de Museos Virtual de Julio - Difusi\u00f3n Cultural\",\"isPartOf\":{\"@id\":\"https:\/\/blogs.uninter.edu.mx\/difusioncultural\/#website\"},\"primaryImageOfPage\":{\"@id\":\"https:\/\/blogs.uninter.edu.mx\/difusioncultural\/?p=8368#primaryimage\"},\"image\":{\"@id\":\"https:\/\/blogs.uninter.edu.mx\/difusioncultural\/?p=8368#primaryimage\"},\"thumbnailUrl\":\"https:\/\/blogs.uninter.edu.mx\/difusioncultural\/wp-content\/uploads\/2021\/07\/bellas-artes-fachada_300-1.jpg\",\"datePublished\":\"2021-07-29T13:22:34+00:00\",\"breadcrumb\":{\"@id\":\"https:\/\/blogs.uninter.edu.mx\/difusioncultural\/?p=8368#breadcrumb\"},\"inLanguage\":\"es\",\"potentialAction\":[{\"@type\":\"ReadAction\",\"target\":[\"https:\/\/blogs.uninter.edu.mx\/difusioncultural\/?p=8368\"]}]},{\"@type\":\"ImageObject\",\"inLanguage\":\"es\",\"@id\":\"https:\/\/blogs.uninter.edu.mx\/difusioncultural\/?p=8368#primaryimage\",\"url\":\"https:\/\/blogs.uninter.edu.mx\/difusioncultural\/wp-content\/uploads\/2021\/07\/bellas-artes-fachada_300-1.jpg\",\"contentUrl\":\"https:\/\/blogs.uninter.edu.mx\/difusioncultural\/wp-content\/uploads\/2021\/07\/bellas-artes-fachada_300-1.jpg\",\"width\":300,\"height\":300},{\"@type\":\"BreadcrumbList\",\"@id\":\"https:\/\/blogs.uninter.edu.mx\/difusioncultural\/?p=8368#breadcrumb\",\"itemListElement\":[{\"@type\":\"ListItem\",\"position\":1,\"name\":\"Inicio\",\"item\":\"https:\/\/blogs.uninter.edu.mx\/difusioncultural\/\"},{\"@type\":\"ListItem\",\"position\":2,\"name\":\"Todo listo para la Noche de Museos Virtual de Julio\"}]},{\"@type\":\"WebSite\",\"@id\":\"https:\/\/blogs.uninter.edu.mx\/difusioncultural\/#website\",\"url\":\"https:\/\/blogs.uninter.edu.mx\/difusioncultural\/\",\"name\":\"Difusi\u00f3n Cultural\",\"description\":\"UNINTER\",\"publisher\":{\"@id\":\"https:\/\/blogs.uninter.edu.mx\/difusioncultural\/#organization\"},\"potentialAction\":[{\"@type\":\"SearchAction\",\"target\":{\"@type\":\"EntryPoint\",\"urlTemplate\":\"https:\/\/blogs.uninter.edu.mx\/difusioncultural\/?s={search_term_string}\"},\"query-input\":{\"@type\":\"PropertyValueSpecification\",\"valueRequired\":true,\"valueName\":\"search_term_string\"}}],\"inLanguage\":\"es\"},{\"@type\":\"Organization\",\"@id\":\"https:\/\/blogs.uninter.edu.mx\/difusioncultural\/#organization\",\"name\":\"Difusi\u00f3n Cultural\",\"url\":\"https:\/\/blogs.uninter.edu.mx\/difusioncultural\/\",\"logo\":{\"@type\":\"ImageObject\",\"inLanguage\":\"es\",\"@id\":\"https:\/\/blogs.uninter.edu.mx\/difusioncultural\/#\/schema\/logo\/image\/\",\"url\":\"https:\/\/blogs.uninter.edu.mx\/difusioncultural\/wp-content\/uploads\/2022\/09\/uninter.jpg\",\"contentUrl\":\"https:\/\/blogs.uninter.edu.mx\/difusioncultural\/wp-content\/uploads\/2022\/09\/uninter.jpg\",\"width\":2048,\"height\":2048,\"caption\":\"Difusi\u00f3n Cultural\"},\"image\":{\"@id\":\"https:\/\/blogs.uninter.edu.mx\/difusioncultural\/#\/schema\/logo\/image\/\"}},{\"@type\":\"Person\",\"@id\":\"https:\/\/blogs.uninter.edu.mx\/difusioncultural\/#\/schema\/person\/37a0926f4dd300a814993fd595abdc4a\",\"name\":\"webmaster\",\"image\":{\"@type\":\"ImageObject\",\"inLanguage\":\"es\",\"@id\":\"https:\/\/blogs.uninter.edu.mx\/difusioncultural\/#\/schema\/person\/image\/\",\"url\":\"https:\/\/secure.gravatar.com\/avatar\/a59c276b01147463ef3aab4118e3137ebc5e1ad6700deb39ccdf8b89e517f7dc?s=96&d=mm&r=g\",\"contentUrl\":\"https:\/\/secure.gravatar.com\/avatar\/a59c276b01147463ef3aab4118e3137ebc5e1ad6700deb39ccdf8b89e517f7dc?s=96&d=mm&r=g\",\"caption\":\"webmaster\"},\"sameAs\":[\"https:\/\/blogs.uninter.edu.mx\/difusioncultural\"],\"url\":\"https:\/\/blogs.uninter.edu.mx\/difusioncultural\/?author=1\"}]}<\/script>\r\n<!-- \/ Yoast SEO plugin. -->","yoast_head_json":{"title":"Todo listo para la Noche de Museos Virtual de Julio - Difusi\u00f3n Cultural","robots":{"index":"index","follow":"follow","max-snippet":"max-snippet:-1","max-image-preview":"max-image-preview:large","max-video-preview":"max-video-preview:-1"},"canonical":"https:\/\/blogs.uninter.edu.mx\/difusioncultural\/?p=8368","og_locale":"es_MX","og_type":"article","og_title":"Todo listo para la Noche de Museos Virtual de Julio - Difusi\u00f3n Cultural","og_description":"Charlas, cine, video-capsulas, literatura, m\u00fasica, talleres, danza, exposiciones y visitas guiadas ser\u00e1 la variada oferta de los cerca de 50 recintos participantes en la Noche de Museos Virtual de este mi\u00e9rcoles 28 de julio, que contar\u00e1 por primera vez con actividades presenciales con cupo limitado, as\u00ed como una amplia programaci\u00f3n en redes sociales disponible con&hellip;","og_url":"https:\/\/blogs.uninter.edu.mx\/difusioncultural\/?p=8368","og_site_name":"Difusi\u00f3n Cultural","article_published_time":"2021-07-29T13:22:34+00:00","og_image":[{"width":300,"height":300,"url":"https:\/\/blogs.uninter.edu.mx\/difusioncultural\/wp-content\/uploads\/2021\/07\/bellas-artes-fachada_300-1.jpg","type":"image\/jpeg"}],"author":"webmaster","twitter_card":"summary_large_image","twitter_misc":{"Escrito por":"webmaster","Tiempo de lectura":"2 minutos"},"schema":{"@context":"https:\/\/schema.org","@graph":[{"@type":"Article","@id":"https:\/\/blogs.uninter.edu.mx\/difusioncultural\/?p=8368#article","isPartOf":{"@id":"https:\/\/blogs.uninter.edu.mx\/difusioncultural\/?p=8368"},"author":{"name":"webmaster","@id":"https:\/\/blogs.uninter.edu.mx\/difusioncultural\/#\/schema\/person\/37a0926f4dd300a814993fd595abdc4a"},"headline":"Todo listo para la Noche de Museos Virtual de Julio","datePublished":"2021-07-29T13:22:34+00:00","mainEntityOfPage":{"@id":"https:\/\/blogs.uninter.edu.mx\/difusioncultural\/?p=8368"},"wordCount":469,"publisher":{"@id":"https:\/\/blogs.uninter.edu.mx\/difusioncultural\/#organization"},"image":{"@id":"https:\/\/blogs.uninter.edu.mx\/difusioncultural\/?p=8368#primaryimage"},"thumbnailUrl":"https:\/\/blogs.uninter.edu.mx\/difusioncultural\/wp-content\/uploads\/2021\/07\/bellas-artes-fachada_300-1.jpg","articleSection":["Compa\u00f1ia de Teatro","Eventos","Galer\u00eda"],"inLanguage":"es"},{"@type":"WebPage","@id":"https:\/\/blogs.uninter.edu.mx\/difusioncultural\/?p=8368","url":"https:\/\/blogs.uninter.edu.mx\/difusioncultural\/?p=8368","name":"Todo listo para la Noche de Museos Virtual de Julio - Difusi\u00f3n Cultural","isPartOf":{"@id":"https:\/\/blogs.uninter.edu.mx\/difusioncultural\/#website"},"primaryImageOfPage":{"@id":"https:\/\/blogs.uninter.edu.mx\/difusioncultural\/?p=8368#primaryimage"},"image":{"@id":"https:\/\/blogs.uninter.edu.mx\/difusioncultural\/?p=8368#primaryimage"},"thumbnailUrl":"https:\/\/blogs.uninter.edu.mx\/difusioncultural\/wp-content\/uploads\/2021\/07\/bellas-artes-fachada_300-1.jpg","datePublished":"2021-07-29T13:22:34+00:00","breadcrumb":{"@id":"https:\/\/blogs.uninter.edu.mx\/difusioncultural\/?p=8368#breadcrumb"},"inLanguage":"es","potentialAction":[{"@type":"ReadAction","target":["https:\/\/blogs.uninter.edu.mx\/difusioncultural\/?p=8368"]}]},{"@type":"ImageObject","inLanguage":"es","@id":"https:\/\/blogs.uninter.edu.mx\/difusioncultural\/?p=8368#primaryimage","url":"https:\/\/blogs.uninter.edu.mx\/difusioncultural\/wp-content\/uploads\/2021\/07\/bellas-artes-fachada_300-1.jpg","contentUrl":"https:\/\/blogs.uninter.edu.mx\/difusioncultural\/wp-content\/uploads\/2021\/07\/bellas-artes-fachada_300-1.jpg","width":300,"height":300},{"@type":"BreadcrumbList","@id":"https:\/\/blogs.uninter.edu.mx\/difusioncultural\/?p=8368#breadcrumb","itemListElement":[{"@type":"ListItem","position":1,"name":"Inicio","item":"https:\/\/blogs.uninter.edu.mx\/difusioncultural\/"},{"@type":"ListItem","position":2,"name":"Todo listo para la Noche de Museos Virtual de Julio"}]},{"@type":"WebSite","@id":"https:\/\/blogs.uninter.edu.mx\/difusioncultural\/#website","url":"https:\/\/blogs.uninter.edu.mx\/difusioncultural\/","name":"Difusi\u00f3n Cultural","description":"UNINTER","publisher":{"@id":"https:\/\/blogs.uninter.edu.mx\/difusioncultural\/#organization"},"potentialAction":[{"@type":"SearchAction","target":{"@type":"EntryPoint","urlTemplate":"https:\/\/blogs.uninter.edu.mx\/difusioncultural\/?s={search_term_string}"},"query-input":{"@type":"PropertyValueSpecification","valueRequired":true,"valueName":"search_term_string"}}],"inLanguage":"es"},{"@type":"Organization","@id":"https:\/\/blogs.uninter.edu.mx\/difusioncultural\/#organization","name":"Difusi\u00f3n Cultural","url":"https:\/\/blogs.uninter.edu.mx\/difusioncultural\/","logo":{"@type":"ImageObject","inLanguage":"es","@id":"https:\/\/blogs.uninter.edu.mx\/difusioncultural\/#\/schema\/logo\/image\/","url":"https:\/\/blogs.uninter.edu.mx\/difusioncultural\/wp-content\/uploads\/2022\/09\/uninter.jpg","contentUrl":"https:\/\/blogs.uninter.edu.mx\/difusioncultural\/wp-content\/uploads\/2022\/09\/uninter.jpg","width":2048,"height":2048,"caption":"Difusi\u00f3n Cultural"},"image":{"@id":"https:\/\/blogs.uninter.edu.mx\/difusioncultural\/#\/schema\/logo\/image\/"}},{"@type":"Person","@id":"https:\/\/blogs.uninter.edu.mx\/difusioncultural\/#\/schema\/person\/37a0926f4dd300a814993fd595abdc4a","name":"webmaster","image":{"@type":"ImageObject","inLanguage":"es","@id":"https:\/\/blogs.uninter.edu.mx\/difusioncultural\/#\/schema\/person\/image\/","url":"https:\/\/secure.gravatar.com\/avatar\/a59c276b01147463ef3aab4118e3137ebc5e1ad6700deb39ccdf8b89e517f7dc?s=96&d=mm&r=g","contentUrl":"https:\/\/secure.gravatar.com\/avatar\/a59c276b01147463ef3aab4118e3137ebc5e1ad6700deb39ccdf8b89e517f7dc?s=96&d=mm&r=g","caption":"webmaster"},"sameAs":["https:\/\/blogs.uninter.edu.mx\/difusioncultural"],"url":"https:\/\/blogs.uninter.edu.mx\/difusioncultural\/?author=1"}]}},"jetpack_publicize_connections":[],"jetpack_featured_media_url":"https:\/\/blogs.uninter.edu.mx\/difusioncultural\/wp-content\/uploads\/2021\/07\/bellas-artes-fachada_300-1.jpg","jetpack_sharing_enabled":true,"_links":{"self":[{"href":"https:\/\/blogs.uninter.edu.mx\/difusioncultural\/index.php?rest_route=\/wp\/v2\/posts\/8368","targetHints":{"allow":["GET"]}}],"collection":[{"href":"https:\/\/blogs.uninter.edu.mx\/difusioncultural\/index.php?rest_route=\/wp\/v2\/posts"}],"about":[{"href":"https:\/\/blogs.uninter.edu.mx\/difusioncultural\/index.php?rest_route=\/wp\/v2\/types\/post"}],"author":[{"embeddable":true,"href":"https:\/\/blogs.uninter.edu.mx\/difusioncultural\/index.php?rest_route=\/wp\/v2\/users\/1"}],"replies":[{"embeddable":true,"href":"https:\/\/blogs.uninter.edu.mx\/difusioncultural\/index.php?rest_route=%2Fwp%2Fv2%2Fcomments&post=8368"}],"version-history":[{"count":0,"href":"https:\/\/blogs.uninter.edu.mx\/difusioncultural\/index.php?rest_route=\/wp\/v2\/posts\/8368\/revisions"}],"wp:featuredmedia":[{"embeddable":true,"href":"https:\/\/blogs.uninter.edu.mx\/difusioncultural\/index.php?rest_route=\/wp\/v2\/media\/8367"}],"wp:attachment":[{"href":"https:\/\/blogs.uninter.edu.mx\/difusioncultural\/index.php?rest_route=%2Fwp%2Fv2%2Fmedia&parent=8368"}],"wp:term":[{"taxonomy":"category","embeddable":true,"href":"https:\/\/blogs.uninter.edu.mx\/difusioncultural\/index.php?rest_route=%2Fwp%2Fv2%2Fcategories&post=8368"},{"taxonomy":"post_tag","embeddable":true,"href":"https:\/\/blogs.uninter.edu.mx\/difusioncultural\/index.php?rest_route=%2Fwp%2Fv2%2Ftags&post=8368"}],"curies":[{"name":"wp","href":"https:\/\/api.w.org\/{rel}","templated":true}]}}