{"id":8383,"date":"2021-08-11T04:51:44","date_gmt":"2021-08-11T09:51:44","guid":{"rendered":"https:\/\/difusionculturaluninter.wordpress.com\/2021\/08\/11\/que-paso-el-11-de-agosto-leonidas-i-es-asesinado-en-la-batalla-de-las-termopilas\/"},"modified":"2021-08-11T04:51:44","modified_gmt":"2021-08-11T09:51:44","slug":"que-paso-el-11-de-agosto-leonidas-i-es-asesinado-en-la-batalla-de-las-termopilas","status":"publish","type":"post","link":"https:\/\/blogs.uninter.edu.mx\/difusioncultural\/?p=8383","title":{"rendered":"\u00bfQu\u00e9 pas\u00f3 el 11 de agosto? Le\u00f3nidas I es asesinado en la batalla de las Term\u00f3pilas."},"content":{"rendered":"\n<figure class=\"wp-block-image size-large\"><img fetchpriority=\"high\" decoding=\"async\" width=\"1140\" height=\"845\" src=\"https:\/\/blogs.uninter.edu.mx\/difusioncultural\/wp-content\/uploads\/2021\/08\/termopilas_0.jpg?w=1024\" alt=\"\" class=\"wp-image-8381\" \/><\/figure>\n\n\n\n<p>El 11 de agosto de 480 a.C. encontraba la muerte el que hab\u00eda sido el 17\u00ba rey ag\u00edada de Esparta, L\u00e9onidas I.<br><br>Le\u00f3nidas fue conocido por liderar valientemente una peque\u00f1a fuerza de griegos, incluidos los famosos 300 espartanos, junto con unos pocos cientos de Thespianos y Thebanos contra el ej\u00e9rcito persa de Jerjes I, mucho m\u00e1s grande, en el paso de las Term\u00f3pilas en 480 a. C. durante las guerras persas con la intenci\u00f3n de detener la invasi\u00f3n del Imperio persa.<br><br>Una de las polis griegas m\u00e1s importantes de la \u00e9poca, junto con Atenas o Tebas, Esparta, recibi\u00f3 una solicitud de las fuerzas griegas confederadas para ayudar a defender y proteger a Grecia contra los persas, que eran muy poderosos y con pocas intenciones de respetar el orden establecido. Esparta, liderada por Le\u00f3nidas, visit\u00f3 el or\u00e1culo de Delfos que profetiz\u00f3 que Esparta ser\u00eda destruida por el ej\u00e9rcito persa invasor o que el rey de Esparta perder\u00eda la vida.<br><br>Leonidas eligi\u00f3 la segunda opci\u00f3n. No estaba dispuesto a dejar que la ciudad de Esparta fuera saqueada por las fuerzas persas. As\u00ed que ni corto ni perezoso, el rey espartano dirigi\u00f3 a su ej\u00e9rcito de 300 espartanos y soldados de otras ciudades-estados para enfrentarse al temible Jerjes en las Term\u00f3pilas en agosto de 480 a. C.<br><br><br>Jerjes invadi\u00f3 Grecia como una continuaci\u00f3n del plan original de Dar\u00edo I el Grande. Comenz\u00f3 de la misma manera que su predecesor: envi\u00f3 heraldos a las ciudades griegas, pero se salt\u00f3 Atenas y Esparta debido a sus respuestas anteriores. Muchas ciudades-estado griegas se unieron a Jerjes o permanecieron neutrales, mientras que Atenas y Esparta lideraron la resistencia con otras ciudades-estado como apoyo. Antes de invadir, Jerjes implor\u00f3 al rey espartano Leonidas que entregara sus armas. Leonidas respondi\u00f3: &#8220;Ven y t\u00f3malos&#8221; (&#8220;Molon labe&#8221;). Jerjes pretend\u00eda hacer exactamente eso y, por lo tanto, se movi\u00f3 hacia las Term\u00f3pilas.<br><br>Se estima que las tropas bajo el mando de Le\u00f3nidas sumaban aproximadamente 14.000, mientras que las fuerzas persas consist\u00edan en cientos de miles. Le\u00f3nidas y sus tropas repelieron los ataques persas durante siete d\u00edas seguidos, incluidos tres d\u00edas de intensa batalla, mientras mataban a un gran n\u00famero de tropas enemigas. Los griegos incluso mantuvieron a raya a las fuerzas especiales de \u00e9lite persas conocidas como &#8220;Los inmortales&#8221;; incluso dos de los hermanos de Jerjes fueron asesinados por las fuerzas de Le\u00f3nidas en el transcurso de la batalla.<br><br>No ser\u00eda hasta que los griegos fueran traicionados por un residente local, cuando la batalla dio un giro perjudicial para los imponentes y resistentes espartanos. Efialtes, un ciudadano griego que deseaba una recompensa econ\u00f3mica, inform\u00f3 a Jerjes de un camino que rodeaba las Term\u00f3pilas, haciendo que la l\u00ednea defensiva de los griegos fuera in\u00fatil para evitar el avance del ej\u00e9rcito persa. Le\u00f3nidas no se achant\u00f3 y defendi\u00f3 Esparta con sus 300 soldados y algunos otros, con un fat\u00eddico final. Le\u00f3nidas fue asesinado en la batalla resultante.<\/p>\n","protected":false},"excerpt":{"rendered":"<p>El 11 de agosto de 480 a.C. encontraba la muerte el que hab\u00eda sido el 17\u00ba rey ag\u00edada de Esparta, L\u00e9onidas I. Le\u00f3nidas fue conocido por liderar valientemente una peque\u00f1a fuerza de griegos, incluidos los famosos 300 espartanos, junto con unos pocos cientos de Thespianos y Thebanos contra el ej\u00e9rcito persa de Jerjes I, mucho&hellip;<\/p>\n","protected":false},"author":1,"featured_media":8382,"comment_status":"closed","ping_status":"open","sticky":false,"template":"","format":"standard","meta":{"_jetpack_memberships_contains_paid_content":false,"footnotes":"","jetpack_publicize_message":"","jetpack_publicize_feature_enabled":true,"jetpack_social_post_already_shared":false,"jetpack_social_options":{"image_generator_settings":{"template":"highway","default_image_id":0,"font":"","enabled":false},"version":2}},"categories":[6,9,14],"tags":[],"class_list":["post-8383","post","type-post","status-publish","format-standard","has-post-thumbnail","hentry","category-compania-de-teatro","category-galeria","category-un-dia-como-hoy"],"yoast_head":"<!-- This site is optimized with the Yoast SEO plugin v26.3 - https:\/\/yoast.com\/wordpress\/plugins\/seo\/ -->\r\n<title>\u00bfQu\u00e9 pas\u00f3 el 11 de agosto? Le\u00f3nidas I es asesinado en la batalla de las Term\u00f3pilas. - Difusi\u00f3n Cultural<\/title>\r\n<meta name=\"robots\" content=\"index, follow, max-snippet:-1, max-image-preview:large, max-video-preview:-1\" \/>\r\n<link rel=\"canonical\" href=\"https:\/\/blogs.uninter.edu.mx\/difusioncultural\/?p=8383\" \/>\r\n<meta property=\"og:locale\" content=\"es_MX\" \/>\r\n<meta property=\"og:type\" content=\"article\" \/>\r\n<meta property=\"og:title\" content=\"\u00bfQu\u00e9 pas\u00f3 el 11 de agosto? Le\u00f3nidas I es asesinado en la batalla de las Term\u00f3pilas. - Difusi\u00f3n Cultural\" \/>\r\n<meta property=\"og:description\" content=\"El 11 de agosto de 480 a.C. encontraba la muerte el que hab\u00eda sido el 17\u00ba rey ag\u00edada de Esparta, L\u00e9onidas I. Le\u00f3nidas fue conocido por liderar valientemente una peque\u00f1a fuerza de griegos, incluidos los famosos 300 espartanos, junto con unos pocos cientos de Thespianos y Thebanos contra el ej\u00e9rcito persa de Jerjes I, mucho&hellip;\" \/>\r\n<meta property=\"og:url\" content=\"https:\/\/blogs.uninter.edu.mx\/difusioncultural\/?p=8383\" \/>\r\n<meta property=\"og:site_name\" content=\"Difusi\u00f3n Cultural\" \/>\r\n<meta property=\"article:published_time\" content=\"2021-08-11T09:51:44+00:00\" \/>\r\n<meta property=\"og:image\" content=\"https:\/\/blogs.uninter.edu.mx\/difusioncultural\/wp-content\/uploads\/2021\/08\/termopilas_0-1.jpg\" \/>\r\n\t<meta property=\"og:image:width\" content=\"1140\" \/>\r\n\t<meta property=\"og:image:height\" content=\"845\" \/>\r\n\t<meta property=\"og:image:type\" content=\"image\/jpeg\" \/>\r\n<meta name=\"author\" content=\"webmaster\" \/>\r\n<meta name=\"twitter:card\" content=\"summary_large_image\" \/>\r\n<meta name=\"twitter:label1\" content=\"Escrito por\" \/>\n\t<meta name=\"twitter:data1\" content=\"webmaster\" \/>\n\t<meta name=\"twitter:label2\" content=\"Tiempo de lectura\" \/>\n\t<meta name=\"twitter:data2\" content=\"3 minutos\" \/>\r\n<script type=\"application\/ld+json\" class=\"yoast-schema-graph\">{\"@context\":\"https:\/\/schema.org\",\"@graph\":[{\"@type\":\"Article\",\"@id\":\"https:\/\/blogs.uninter.edu.mx\/difusioncultural\/?p=8383#article\",\"isPartOf\":{\"@id\":\"https:\/\/blogs.uninter.edu.mx\/difusioncultural\/?p=8383\"},\"author\":{\"name\":\"webmaster\",\"@id\":\"https:\/\/blogs.uninter.edu.mx\/difusioncultural\/#\/schema\/person\/37a0926f4dd300a814993fd595abdc4a\"},\"headline\":\"\u00bfQu\u00e9 pas\u00f3 el 11 de agosto? Le\u00f3nidas I es asesinado en la batalla de las Term\u00f3pilas.\",\"datePublished\":\"2021-08-11T09:51:44+00:00\",\"mainEntityOfPage\":{\"@id\":\"https:\/\/blogs.uninter.edu.mx\/difusioncultural\/?p=8383\"},\"wordCount\":532,\"publisher\":{\"@id\":\"https:\/\/blogs.uninter.edu.mx\/difusioncultural\/#organization\"},\"image\":{\"@id\":\"https:\/\/blogs.uninter.edu.mx\/difusioncultural\/?p=8383#primaryimage\"},\"thumbnailUrl\":\"https:\/\/blogs.uninter.edu.mx\/difusioncultural\/wp-content\/uploads\/2021\/08\/termopilas_0-1.jpg\",\"articleSection\":[\"Compa\u00f1ia de Teatro\",\"Galer\u00eda\",\"un dia como hoy\"],\"inLanguage\":\"es\"},{\"@type\":\"WebPage\",\"@id\":\"https:\/\/blogs.uninter.edu.mx\/difusioncultural\/?p=8383\",\"url\":\"https:\/\/blogs.uninter.edu.mx\/difusioncultural\/?p=8383\",\"name\":\"\u00bfQu\u00e9 pas\u00f3 el 11 de agosto? Le\u00f3nidas I es asesinado en la batalla de las Term\u00f3pilas. - Difusi\u00f3n Cultural\",\"isPartOf\":{\"@id\":\"https:\/\/blogs.uninter.edu.mx\/difusioncultural\/#website\"},\"primaryImageOfPage\":{\"@id\":\"https:\/\/blogs.uninter.edu.mx\/difusioncultural\/?p=8383#primaryimage\"},\"image\":{\"@id\":\"https:\/\/blogs.uninter.edu.mx\/difusioncultural\/?p=8383#primaryimage\"},\"thumbnailUrl\":\"https:\/\/blogs.uninter.edu.mx\/difusioncultural\/wp-content\/uploads\/2021\/08\/termopilas_0-1.jpg\",\"datePublished\":\"2021-08-11T09:51:44+00:00\",\"breadcrumb\":{\"@id\":\"https:\/\/blogs.uninter.edu.mx\/difusioncultural\/?p=8383#breadcrumb\"},\"inLanguage\":\"es\",\"potentialAction\":[{\"@type\":\"ReadAction\",\"target\":[\"https:\/\/blogs.uninter.edu.mx\/difusioncultural\/?p=8383\"]}]},{\"@type\":\"ImageObject\",\"inLanguage\":\"es\",\"@id\":\"https:\/\/blogs.uninter.edu.mx\/difusioncultural\/?p=8383#primaryimage\",\"url\":\"https:\/\/blogs.uninter.edu.mx\/difusioncultural\/wp-content\/uploads\/2021\/08\/termopilas_0-1.jpg\",\"contentUrl\":\"https:\/\/blogs.uninter.edu.mx\/difusioncultural\/wp-content\/uploads\/2021\/08\/termopilas_0-1.jpg\",\"width\":1140,\"height\":845},{\"@type\":\"BreadcrumbList\",\"@id\":\"https:\/\/blogs.uninter.edu.mx\/difusioncultural\/?p=8383#breadcrumb\",\"itemListElement\":[{\"@type\":\"ListItem\",\"position\":1,\"name\":\"Inicio\",\"item\":\"https:\/\/blogs.uninter.edu.mx\/difusioncultural\/\"},{\"@type\":\"ListItem\",\"position\":2,\"name\":\"\u00bfQu\u00e9 pas\u00f3 el 11 de agosto? Le\u00f3nidas I es asesinado en la batalla de las Term\u00f3pilas.\"}]},{\"@type\":\"WebSite\",\"@id\":\"https:\/\/blogs.uninter.edu.mx\/difusioncultural\/#website\",\"url\":\"https:\/\/blogs.uninter.edu.mx\/difusioncultural\/\",\"name\":\"Difusi\u00f3n Cultural\",\"description\":\"UNINTER\",\"publisher\":{\"@id\":\"https:\/\/blogs.uninter.edu.mx\/difusioncultural\/#organization\"},\"potentialAction\":[{\"@type\":\"SearchAction\",\"target\":{\"@type\":\"EntryPoint\",\"urlTemplate\":\"https:\/\/blogs.uninter.edu.mx\/difusioncultural\/?s={search_term_string}\"},\"query-input\":{\"@type\":\"PropertyValueSpecification\",\"valueRequired\":true,\"valueName\":\"search_term_string\"}}],\"inLanguage\":\"es\"},{\"@type\":\"Organization\",\"@id\":\"https:\/\/blogs.uninter.edu.mx\/difusioncultural\/#organization\",\"name\":\"Difusi\u00f3n Cultural\",\"url\":\"https:\/\/blogs.uninter.edu.mx\/difusioncultural\/\",\"logo\":{\"@type\":\"ImageObject\",\"inLanguage\":\"es\",\"@id\":\"https:\/\/blogs.uninter.edu.mx\/difusioncultural\/#\/schema\/logo\/image\/\",\"url\":\"https:\/\/blogs.uninter.edu.mx\/difusioncultural\/wp-content\/uploads\/2022\/09\/uninter.jpg\",\"contentUrl\":\"https:\/\/blogs.uninter.edu.mx\/difusioncultural\/wp-content\/uploads\/2022\/09\/uninter.jpg\",\"width\":2048,\"height\":2048,\"caption\":\"Difusi\u00f3n Cultural\"},\"image\":{\"@id\":\"https:\/\/blogs.uninter.edu.mx\/difusioncultural\/#\/schema\/logo\/image\/\"}},{\"@type\":\"Person\",\"@id\":\"https:\/\/blogs.uninter.edu.mx\/difusioncultural\/#\/schema\/person\/37a0926f4dd300a814993fd595abdc4a\",\"name\":\"webmaster\",\"image\":{\"@type\":\"ImageObject\",\"inLanguage\":\"es\",\"@id\":\"https:\/\/blogs.uninter.edu.mx\/difusioncultural\/#\/schema\/person\/image\/\",\"url\":\"https:\/\/secure.gravatar.com\/avatar\/a59c276b01147463ef3aab4118e3137ebc5e1ad6700deb39ccdf8b89e517f7dc?s=96&d=mm&r=g\",\"contentUrl\":\"https:\/\/secure.gravatar.com\/avatar\/a59c276b01147463ef3aab4118e3137ebc5e1ad6700deb39ccdf8b89e517f7dc?s=96&d=mm&r=g\",\"caption\":\"webmaster\"},\"sameAs\":[\"https:\/\/blogs.uninter.edu.mx\/difusioncultural\"],\"url\":\"https:\/\/blogs.uninter.edu.mx\/difusioncultural\/?author=1\"}]}<\/script>\r\n<!-- \/ Yoast SEO plugin. -->","yoast_head_json":{"title":"\u00bfQu\u00e9 pas\u00f3 el 11 de agosto? Le\u00f3nidas I es asesinado en la batalla de las Term\u00f3pilas. - Difusi\u00f3n Cultural","robots":{"index":"index","follow":"follow","max-snippet":"max-snippet:-1","max-image-preview":"max-image-preview:large","max-video-preview":"max-video-preview:-1"},"canonical":"https:\/\/blogs.uninter.edu.mx\/difusioncultural\/?p=8383","og_locale":"es_MX","og_type":"article","og_title":"\u00bfQu\u00e9 pas\u00f3 el 11 de agosto? Le\u00f3nidas I es asesinado en la batalla de las Term\u00f3pilas. - Difusi\u00f3n Cultural","og_description":"El 11 de agosto de 480 a.C. encontraba la muerte el que hab\u00eda sido el 17\u00ba rey ag\u00edada de Esparta, L\u00e9onidas I. Le\u00f3nidas fue conocido por liderar valientemente una peque\u00f1a fuerza de griegos, incluidos los famosos 300 espartanos, junto con unos pocos cientos de Thespianos y Thebanos contra el ej\u00e9rcito persa de Jerjes I, mucho&hellip;","og_url":"https:\/\/blogs.uninter.edu.mx\/difusioncultural\/?p=8383","og_site_name":"Difusi\u00f3n Cultural","article_published_time":"2021-08-11T09:51:44+00:00","og_image":[{"width":1140,"height":845,"url":"https:\/\/blogs.uninter.edu.mx\/difusioncultural\/wp-content\/uploads\/2021\/08\/termopilas_0-1.jpg","type":"image\/jpeg"}],"author":"webmaster","twitter_card":"summary_large_image","twitter_misc":{"Escrito por":"webmaster","Tiempo de lectura":"3 minutos"},"schema":{"@context":"https:\/\/schema.org","@graph":[{"@type":"Article","@id":"https:\/\/blogs.uninter.edu.mx\/difusioncultural\/?p=8383#article","isPartOf":{"@id":"https:\/\/blogs.uninter.edu.mx\/difusioncultural\/?p=8383"},"author":{"name":"webmaster","@id":"https:\/\/blogs.uninter.edu.mx\/difusioncultural\/#\/schema\/person\/37a0926f4dd300a814993fd595abdc4a"},"headline":"\u00bfQu\u00e9 pas\u00f3 el 11 de agosto? Le\u00f3nidas I es asesinado en la batalla de las Term\u00f3pilas.","datePublished":"2021-08-11T09:51:44+00:00","mainEntityOfPage":{"@id":"https:\/\/blogs.uninter.edu.mx\/difusioncultural\/?p=8383"},"wordCount":532,"publisher":{"@id":"https:\/\/blogs.uninter.edu.mx\/difusioncultural\/#organization"},"image":{"@id":"https:\/\/blogs.uninter.edu.mx\/difusioncultural\/?p=8383#primaryimage"},"thumbnailUrl":"https:\/\/blogs.uninter.edu.mx\/difusioncultural\/wp-content\/uploads\/2021\/08\/termopilas_0-1.jpg","articleSection":["Compa\u00f1ia de Teatro","Galer\u00eda","un dia como hoy"],"inLanguage":"es"},{"@type":"WebPage","@id":"https:\/\/blogs.uninter.edu.mx\/difusioncultural\/?p=8383","url":"https:\/\/blogs.uninter.edu.mx\/difusioncultural\/?p=8383","name":"\u00bfQu\u00e9 pas\u00f3 el 11 de agosto? Le\u00f3nidas I es asesinado en la batalla de las Term\u00f3pilas. - Difusi\u00f3n Cultural","isPartOf":{"@id":"https:\/\/blogs.uninter.edu.mx\/difusioncultural\/#website"},"primaryImageOfPage":{"@id":"https:\/\/blogs.uninter.edu.mx\/difusioncultural\/?p=8383#primaryimage"},"image":{"@id":"https:\/\/blogs.uninter.edu.mx\/difusioncultural\/?p=8383#primaryimage"},"thumbnailUrl":"https:\/\/blogs.uninter.edu.mx\/difusioncultural\/wp-content\/uploads\/2021\/08\/termopilas_0-1.jpg","datePublished":"2021-08-11T09:51:44+00:00","breadcrumb":{"@id":"https:\/\/blogs.uninter.edu.mx\/difusioncultural\/?p=8383#breadcrumb"},"inLanguage":"es","potentialAction":[{"@type":"ReadAction","target":["https:\/\/blogs.uninter.edu.mx\/difusioncultural\/?p=8383"]}]},{"@type":"ImageObject","inLanguage":"es","@id":"https:\/\/blogs.uninter.edu.mx\/difusioncultural\/?p=8383#primaryimage","url":"https:\/\/blogs.uninter.edu.mx\/difusioncultural\/wp-content\/uploads\/2021\/08\/termopilas_0-1.jpg","contentUrl":"https:\/\/blogs.uninter.edu.mx\/difusioncultural\/wp-content\/uploads\/2021\/08\/termopilas_0-1.jpg","width":1140,"height":845},{"@type":"BreadcrumbList","@id":"https:\/\/blogs.uninter.edu.mx\/difusioncultural\/?p=8383#breadcrumb","itemListElement":[{"@type":"ListItem","position":1,"name":"Inicio","item":"https:\/\/blogs.uninter.edu.mx\/difusioncultural\/"},{"@type":"ListItem","position":2,"name":"\u00bfQu\u00e9 pas\u00f3 el 11 de agosto? Le\u00f3nidas I es asesinado en la batalla de las Term\u00f3pilas."}]},{"@type":"WebSite","@id":"https:\/\/blogs.uninter.edu.mx\/difusioncultural\/#website","url":"https:\/\/blogs.uninter.edu.mx\/difusioncultural\/","name":"Difusi\u00f3n Cultural","description":"UNINTER","publisher":{"@id":"https:\/\/blogs.uninter.edu.mx\/difusioncultural\/#organization"},"potentialAction":[{"@type":"SearchAction","target":{"@type":"EntryPoint","urlTemplate":"https:\/\/blogs.uninter.edu.mx\/difusioncultural\/?s={search_term_string}"},"query-input":{"@type":"PropertyValueSpecification","valueRequired":true,"valueName":"search_term_string"}}],"inLanguage":"es"},{"@type":"Organization","@id":"https:\/\/blogs.uninter.edu.mx\/difusioncultural\/#organization","name":"Difusi\u00f3n Cultural","url":"https:\/\/blogs.uninter.edu.mx\/difusioncultural\/","logo":{"@type":"ImageObject","inLanguage":"es","@id":"https:\/\/blogs.uninter.edu.mx\/difusioncultural\/#\/schema\/logo\/image\/","url":"https:\/\/blogs.uninter.edu.mx\/difusioncultural\/wp-content\/uploads\/2022\/09\/uninter.jpg","contentUrl":"https:\/\/blogs.uninter.edu.mx\/difusioncultural\/wp-content\/uploads\/2022\/09\/uninter.jpg","width":2048,"height":2048,"caption":"Difusi\u00f3n Cultural"},"image":{"@id":"https:\/\/blogs.uninter.edu.mx\/difusioncultural\/#\/schema\/logo\/image\/"}},{"@type":"Person","@id":"https:\/\/blogs.uninter.edu.mx\/difusioncultural\/#\/schema\/person\/37a0926f4dd300a814993fd595abdc4a","name":"webmaster","image":{"@type":"ImageObject","inLanguage":"es","@id":"https:\/\/blogs.uninter.edu.mx\/difusioncultural\/#\/schema\/person\/image\/","url":"https:\/\/secure.gravatar.com\/avatar\/a59c276b01147463ef3aab4118e3137ebc5e1ad6700deb39ccdf8b89e517f7dc?s=96&d=mm&r=g","contentUrl":"https:\/\/secure.gravatar.com\/avatar\/a59c276b01147463ef3aab4118e3137ebc5e1ad6700deb39ccdf8b89e517f7dc?s=96&d=mm&r=g","caption":"webmaster"},"sameAs":["https:\/\/blogs.uninter.edu.mx\/difusioncultural"],"url":"https:\/\/blogs.uninter.edu.mx\/difusioncultural\/?author=1"}]}},"jetpack_publicize_connections":[],"jetpack_featured_media_url":"https:\/\/blogs.uninter.edu.mx\/difusioncultural\/wp-content\/uploads\/2021\/08\/termopilas_0-1.jpg","jetpack_sharing_enabled":true,"_links":{"self":[{"href":"https:\/\/blogs.uninter.edu.mx\/difusioncultural\/index.php?rest_route=\/wp\/v2\/posts\/8383","targetHints":{"allow":["GET"]}}],"collection":[{"href":"https:\/\/blogs.uninter.edu.mx\/difusioncultural\/index.php?rest_route=\/wp\/v2\/posts"}],"about":[{"href":"https:\/\/blogs.uninter.edu.mx\/difusioncultural\/index.php?rest_route=\/wp\/v2\/types\/post"}],"author":[{"embeddable":true,"href":"https:\/\/blogs.uninter.edu.mx\/difusioncultural\/index.php?rest_route=\/wp\/v2\/users\/1"}],"replies":[{"embeddable":true,"href":"https:\/\/blogs.uninter.edu.mx\/difusioncultural\/index.php?rest_route=%2Fwp%2Fv2%2Fcomments&post=8383"}],"version-history":[{"count":0,"href":"https:\/\/blogs.uninter.edu.mx\/difusioncultural\/index.php?rest_route=\/wp\/v2\/posts\/8383\/revisions"}],"wp:featuredmedia":[{"embeddable":true,"href":"https:\/\/blogs.uninter.edu.mx\/difusioncultural\/index.php?rest_route=\/wp\/v2\/media\/8382"}],"wp:attachment":[{"href":"https:\/\/blogs.uninter.edu.mx\/difusioncultural\/index.php?rest_route=%2Fwp%2Fv2%2Fmedia&parent=8383"}],"wp:term":[{"taxonomy":"category","embeddable":true,"href":"https:\/\/blogs.uninter.edu.mx\/difusioncultural\/index.php?rest_route=%2Fwp%2Fv2%2Fcategories&post=8383"},{"taxonomy":"post_tag","embeddable":true,"href":"https:\/\/blogs.uninter.edu.mx\/difusioncultural\/index.php?rest_route=%2Fwp%2Fv2%2Ftags&post=8383"}],"curies":[{"name":"wp","href":"https:\/\/api.w.org\/{rel}","templated":true}]}}