{"id":8445,"date":"2021-11-08T13:05:53","date_gmt":"2021-11-08T19:05:53","guid":{"rendered":"https:\/\/difusionculturaluninter.wordpress.com\/?p=8436"},"modified":"2021-11-08T13:05:53","modified_gmt":"2021-11-08T19:05:53","slug":"8-de-noviembre-dia-mundial-del-urbanismo","status":"publish","type":"post","link":"https:\/\/blogs.uninter.edu.mx\/difusioncultural\/?p=8445","title":{"rendered":"8 De Noviembre: D\u00eda Mundial del Urbanismo"},"content":{"rendered":"\n<figure class=\"wp-block-image\"><img decoding=\"async\" src=\"https:\/\/www.diainternacionalde.com\/imagenes\/dias\/11-08_dia-mundial-del-urbanismo.jpg\" alt=\"D\u00eda Mundial del Urbanismo\" \/><\/figure>\n\n\n\n<p>En el a\u00f1o 1949 naci\u00f3 el&nbsp;<strong>D\u00eda Mundial del Urbanismo<\/strong>. Fue una propuesta Ingeniero&nbsp;<strong><em>Carlos Maria della Paolera<\/em><\/strong>, el primer catedr\u00e1tico de Argentina y tambi\u00e9n el exdirector del&nbsp;<em>Instituto de Urbanismo de Buenos Aires<\/em>. Este hombre realiz\u00f3 dos grandes aportes a la celebraci\u00f3n.<\/p>\n\n\n\n<p>El primero fue la creaci\u00f3n del dise\u00f1o del s\u00edmbolo del urbanismo, el cual parece un sol color oro, sobre una irradiaci\u00f3n azul y un fondo verde. Este s\u00edmbolo representa los elementos de la naturaleza. El oro es el sol y por ende el aire y el fuego; el azul es el agua; y el verde es la vegetaci\u00f3n y la tierra de donde est\u00e1 nace.<\/p>\n\n\n\n<p>El segundo aporte fue el de proponer en el a\u00f1o 1949 la creaci\u00f3n del&nbsp;<strong>D\u00eda Mundial del Urbanismo<\/strong>,&nbsp;<em>con el objetivo de concienciar a las personas<\/em>, pero sobre todo a los grupos de trabajo de planificaci\u00f3n urbana, sobre la necesidad de generar ambientes sanos con espacios verdes, para evitar el hacinamiento de la poblaci\u00f3n, la contaminaci\u00f3n y asegurar la terminaci\u00f3n de dichas obras.<\/p>\n\n\n\n<h2 class=\"wp-block-heading\" id=\"resTit_2\">\u00bfDe qu\u00e9 se encarga el urbanismo?<\/h2>\n\n\n\n<p><strong>El urbanismo es el responsable de planificar dise\u00f1os y servicios que mejoren la calidad de vida de los habitantes<\/strong>, pero para tener \u00e9xito, necesita de la contribuci\u00f3n de todos los que viven en esa ciudad. Entre los programas del urbanismo destacan los siguientes:<\/p>\n\n\n\n<ol class=\"wp-block-list\"><li>Aumentar el n\u00famero de parques y zonas verdes.<\/li><li>Descongestionar las zonas de la ciudad que se encuentren superpobladas y representen un riesgo de hacinamiento.<\/li><li>Facilitar el acceso a servicios prioritarios como el de centros de salud y centros educativos.<\/li><li>Mejorar la red de transporte, no solo que est\u00e9 a disposici\u00f3n de los ciudadanos, sino que adem\u00e1s no represente una fuente de contaminaci\u00f3n.<\/li><li>Encargarse de recoger la basura y garantizar que los desechos tengan un destino adecuado.<\/li><li>Por \u00faltimo, planificar la creaci\u00f3n de m\u00e1s urbanismo seg\u00fan un sentido est\u00e9tico y funcional para las personas.<\/li><\/ol>\n\n\n\n<h2 class=\"wp-block-heading\" id=\"resTit_3\">Objetivo 11 de la Agenda 2030 de ONU<\/h2>\n\n\n\n<p>Las ciudades y comunidades sostenibles son uno de los objetivos a alcanzar por la&nbsp;<strong><em>Organizaci\u00f3n de las Naciones Unidas<\/em><\/strong>, para el a\u00f1o 2030.<\/p>\n\n\n\n<p>Este objetivo no solo busca mejorar las condiciones de vida de aquellas personas que viven en zonas marginales, tambi\u00e9n garantizar un equilibrio entre la vida moderna y el medio ambiente.<\/p>\n\n\n\n<p>La necesidad de que las ciudades se vuelvan lugares sostenibles y eco-amigables, se puede explicar por medio de las siguientes cifras:<\/p>\n\n\n\n<ol class=\"wp-block-list\"><li><em>55% de la poblaci\u00f3n mundial vive en las ciudades<\/em>, eso equivale a 4,5 mil millones de personas.<\/li><li>Las ciudades tan solo representan&nbsp;<em>el 3% de la superficie terrestre<\/em>.<\/li><li>828 millones de personas que habitan las ciudades, lo hacen en zonas marginales e inseguras estructuralmente.<\/li><li>Las ciudades&nbsp;<em>consumen entre el 60 y 80% de toda la energ\u00eda el\u00e9ctrica<\/em>&nbsp;mundial.<\/li><li>Son el&nbsp;<em>origen del 70% de las emisiones de carbono<\/em>&nbsp;que est\u00e1n aumentando el efecto invernadero.<\/li><li>Las ciudades generan aproximadamente el&nbsp;<em>80% de PIB global<\/em>.<\/li><\/ol>\n","protected":false},"excerpt":{"rendered":"<p>En el a\u00f1o 1949 naci\u00f3 el&nbsp;D\u00eda Mundial del Urbanismo. Fue una propuesta Ingeniero&nbsp;Carlos Maria della Paolera, el primer catedr\u00e1tico de Argentina y tambi\u00e9n el exdirector del&nbsp;Instituto de Urbanismo de Buenos Aires. Este hombre realiz\u00f3 dos grandes aportes a la celebraci\u00f3n. El primero fue la creaci\u00f3n del dise\u00f1o del s\u00edmbolo del urbanismo, el cual parece un&hellip;<\/p>\n","protected":false},"author":24,"featured_media":9619,"comment_status":"closed","ping_status":"open","sticky":false,"template":"","format":"standard","meta":{"_jetpack_memberships_contains_paid_content":false,"footnotes":"","jetpack_publicize_message":"","jetpack_publicize_feature_enabled":true,"jetpack_social_post_already_shared":false,"jetpack_social_options":{"image_generator_settings":{"template":"highway","default_image_id":0,"font":"","enabled":false},"version":2}},"categories":[1],"tags":[],"class_list":["post-8445","post","type-post","status-publish","format-standard","has-post-thumbnail","hentry","category-sin-categoria"],"yoast_head":"<!-- This site is optimized with the Yoast SEO plugin v26.3 - https:\/\/yoast.com\/wordpress\/plugins\/seo\/ -->\r\n<title>8 De Noviembre: D\u00eda Mundial del Urbanismo - Difusi\u00f3n Cultural<\/title>\r\n<meta name=\"robots\" content=\"index, follow, max-snippet:-1, max-image-preview:large, max-video-preview:-1\" \/>\r\n<link rel=\"canonical\" href=\"https:\/\/blogs.uninter.edu.mx\/difusioncultural\/?p=8445\" \/>\r\n<meta property=\"og:locale\" content=\"es_MX\" \/>\r\n<meta property=\"og:type\" content=\"article\" \/>\r\n<meta property=\"og:title\" content=\"8 De Noviembre: D\u00eda Mundial del Urbanismo - Difusi\u00f3n Cultural\" \/>\r\n<meta property=\"og:description\" content=\"En el a\u00f1o 1949 naci\u00f3 el&nbsp;D\u00eda Mundial del Urbanismo. Fue una propuesta Ingeniero&nbsp;Carlos Maria della Paolera, el primer catedr\u00e1tico de Argentina y tambi\u00e9n el exdirector del&nbsp;Instituto de Urbanismo de Buenos Aires. Este hombre realiz\u00f3 dos grandes aportes a la celebraci\u00f3n. El primero fue la creaci\u00f3n del dise\u00f1o del s\u00edmbolo del urbanismo, el cual parece un&hellip;\" \/>\r\n<meta property=\"og:url\" content=\"https:\/\/blogs.uninter.edu.mx\/difusioncultural\/?p=8445\" \/>\r\n<meta property=\"og:site_name\" content=\"Difusi\u00f3n Cultural\" \/>\r\n<meta property=\"article:published_time\" content=\"2021-11-08T19:05:53+00:00\" \/>\r\n<meta property=\"og:image\" content=\"https:\/\/blogs.uninter.edu.mx\/difusioncultural\/wp-content\/uploads\/2021\/11\/urbanismo.jpg\" \/>\r\n\t<meta property=\"og:image:width\" content=\"305\" \/>\r\n\t<meta property=\"og:image:height\" content=\"203\" \/>\r\n\t<meta property=\"og:image:type\" content=\"image\/jpeg\" \/>\r\n<meta name=\"author\" content=\"Aslhey Alejandra Gonz\u00e1lez Castro\" \/>\r\n<meta name=\"twitter:card\" content=\"summary_large_image\" \/>\r\n<meta name=\"twitter:label1\" content=\"Escrito por\" \/>\n\t<meta name=\"twitter:data1\" content=\"Aslhey Alejandra Gonz\u00e1lez Castro\" \/>\n\t<meta name=\"twitter:label2\" content=\"Tiempo de lectura\" \/>\n\t<meta name=\"twitter:data2\" content=\"3 minutos\" \/>\r\n<script type=\"application\/ld+json\" class=\"yoast-schema-graph\">{\"@context\":\"https:\/\/schema.org\",\"@graph\":[{\"@type\":\"Article\",\"@id\":\"https:\/\/blogs.uninter.edu.mx\/difusioncultural\/?p=8445#article\",\"isPartOf\":{\"@id\":\"https:\/\/blogs.uninter.edu.mx\/difusioncultural\/?p=8445\"},\"author\":{\"name\":\"Aslhey Alejandra Gonz\u00e1lez Castro\",\"@id\":\"https:\/\/blogs.uninter.edu.mx\/difusioncultural\/#\/schema\/person\/c710e37686022500827405824a08a18c\"},\"headline\":\"8 De Noviembre: D\u00eda Mundial del Urbanismo\",\"datePublished\":\"2021-11-08T19:05:53+00:00\",\"mainEntityOfPage\":{\"@id\":\"https:\/\/blogs.uninter.edu.mx\/difusioncultural\/?p=8445\"},\"wordCount\":519,\"publisher\":{\"@id\":\"https:\/\/blogs.uninter.edu.mx\/difusioncultural\/#organization\"},\"image\":{\"@id\":\"https:\/\/blogs.uninter.edu.mx\/difusioncultural\/?p=8445#primaryimage\"},\"thumbnailUrl\":\"https:\/\/blogs.uninter.edu.mx\/difusioncultural\/wp-content\/uploads\/2021\/11\/urbanismo.jpg\",\"inLanguage\":\"es\"},{\"@type\":\"WebPage\",\"@id\":\"https:\/\/blogs.uninter.edu.mx\/difusioncultural\/?p=8445\",\"url\":\"https:\/\/blogs.uninter.edu.mx\/difusioncultural\/?p=8445\",\"name\":\"8 De Noviembre: D\u00eda Mundial del Urbanismo - Difusi\u00f3n Cultural\",\"isPartOf\":{\"@id\":\"https:\/\/blogs.uninter.edu.mx\/difusioncultural\/#website\"},\"primaryImageOfPage\":{\"@id\":\"https:\/\/blogs.uninter.edu.mx\/difusioncultural\/?p=8445#primaryimage\"},\"image\":{\"@id\":\"https:\/\/blogs.uninter.edu.mx\/difusioncultural\/?p=8445#primaryimage\"},\"thumbnailUrl\":\"https:\/\/blogs.uninter.edu.mx\/difusioncultural\/wp-content\/uploads\/2021\/11\/urbanismo.jpg\",\"datePublished\":\"2021-11-08T19:05:53+00:00\",\"breadcrumb\":{\"@id\":\"https:\/\/blogs.uninter.edu.mx\/difusioncultural\/?p=8445#breadcrumb\"},\"inLanguage\":\"es\",\"potentialAction\":[{\"@type\":\"ReadAction\",\"target\":[\"https:\/\/blogs.uninter.edu.mx\/difusioncultural\/?p=8445\"]}]},{\"@type\":\"ImageObject\",\"inLanguage\":\"es\",\"@id\":\"https:\/\/blogs.uninter.edu.mx\/difusioncultural\/?p=8445#primaryimage\",\"url\":\"https:\/\/blogs.uninter.edu.mx\/difusioncultural\/wp-content\/uploads\/2021\/11\/urbanismo.jpg\",\"contentUrl\":\"https:\/\/blogs.uninter.edu.mx\/difusioncultural\/wp-content\/uploads\/2021\/11\/urbanismo.jpg\",\"width\":305,\"height\":203},{\"@type\":\"BreadcrumbList\",\"@id\":\"https:\/\/blogs.uninter.edu.mx\/difusioncultural\/?p=8445#breadcrumb\",\"itemListElement\":[{\"@type\":\"ListItem\",\"position\":1,\"name\":\"Inicio\",\"item\":\"https:\/\/blogs.uninter.edu.mx\/difusioncultural\/\"},{\"@type\":\"ListItem\",\"position\":2,\"name\":\"8 De Noviembre: D\u00eda Mundial del Urbanismo\"}]},{\"@type\":\"WebSite\",\"@id\":\"https:\/\/blogs.uninter.edu.mx\/difusioncultural\/#website\",\"url\":\"https:\/\/blogs.uninter.edu.mx\/difusioncultural\/\",\"name\":\"Difusi\u00f3n Cultural\",\"description\":\"UNINTER\",\"publisher\":{\"@id\":\"https:\/\/blogs.uninter.edu.mx\/difusioncultural\/#organization\"},\"potentialAction\":[{\"@type\":\"SearchAction\",\"target\":{\"@type\":\"EntryPoint\",\"urlTemplate\":\"https:\/\/blogs.uninter.edu.mx\/difusioncultural\/?s={search_term_string}\"},\"query-input\":{\"@type\":\"PropertyValueSpecification\",\"valueRequired\":true,\"valueName\":\"search_term_string\"}}],\"inLanguage\":\"es\"},{\"@type\":\"Organization\",\"@id\":\"https:\/\/blogs.uninter.edu.mx\/difusioncultural\/#organization\",\"name\":\"Difusi\u00f3n Cultural\",\"url\":\"https:\/\/blogs.uninter.edu.mx\/difusioncultural\/\",\"logo\":{\"@type\":\"ImageObject\",\"inLanguage\":\"es\",\"@id\":\"https:\/\/blogs.uninter.edu.mx\/difusioncultural\/#\/schema\/logo\/image\/\",\"url\":\"https:\/\/blogs.uninter.edu.mx\/difusioncultural\/wp-content\/uploads\/2022\/09\/uninter.jpg\",\"contentUrl\":\"https:\/\/blogs.uninter.edu.mx\/difusioncultural\/wp-content\/uploads\/2022\/09\/uninter.jpg\",\"width\":2048,\"height\":2048,\"caption\":\"Difusi\u00f3n Cultural\"},\"image\":{\"@id\":\"https:\/\/blogs.uninter.edu.mx\/difusioncultural\/#\/schema\/logo\/image\/\"}},{\"@type\":\"Person\",\"@id\":\"https:\/\/blogs.uninter.edu.mx\/difusioncultural\/#\/schema\/person\/c710e37686022500827405824a08a18c\",\"name\":\"Aslhey Alejandra Gonz\u00e1lez Castro\",\"image\":{\"@type\":\"ImageObject\",\"inLanguage\":\"es\",\"@id\":\"https:\/\/blogs.uninter.edu.mx\/difusioncultural\/#\/schema\/person\/image\/\",\"url\":\"https:\/\/secure.gravatar.com\/avatar\/1905d6ed47b47ccbfb53e4b64f72f2017309e25d96ef418088d4f998ecf6552e?s=96&d=mm&r=g\",\"contentUrl\":\"https:\/\/secure.gravatar.com\/avatar\/1905d6ed47b47ccbfb53e4b64f72f2017309e25d96ef418088d4f998ecf6552e?s=96&d=mm&r=g\",\"caption\":\"Aslhey Alejandra Gonz\u00e1lez Castro\"},\"url\":\"https:\/\/blogs.uninter.edu.mx\/difusioncultural\/?author=24\"}]}<\/script>\r\n<!-- \/ Yoast SEO plugin. -->","yoast_head_json":{"title":"8 De Noviembre: D\u00eda Mundial del Urbanismo - Difusi\u00f3n Cultural","robots":{"index":"index","follow":"follow","max-snippet":"max-snippet:-1","max-image-preview":"max-image-preview:large","max-video-preview":"max-video-preview:-1"},"canonical":"https:\/\/blogs.uninter.edu.mx\/difusioncultural\/?p=8445","og_locale":"es_MX","og_type":"article","og_title":"8 De Noviembre: D\u00eda Mundial del Urbanismo - Difusi\u00f3n Cultural","og_description":"En el a\u00f1o 1949 naci\u00f3 el&nbsp;D\u00eda Mundial del Urbanismo. Fue una propuesta Ingeniero&nbsp;Carlos Maria della Paolera, el primer catedr\u00e1tico de Argentina y tambi\u00e9n el exdirector del&nbsp;Instituto de Urbanismo de Buenos Aires. Este hombre realiz\u00f3 dos grandes aportes a la celebraci\u00f3n. El primero fue la creaci\u00f3n del dise\u00f1o del s\u00edmbolo del urbanismo, el cual parece un&hellip;","og_url":"https:\/\/blogs.uninter.edu.mx\/difusioncultural\/?p=8445","og_site_name":"Difusi\u00f3n Cultural","article_published_time":"2021-11-08T19:05:53+00:00","og_image":[{"width":305,"height":203,"url":"https:\/\/blogs.uninter.edu.mx\/difusioncultural\/wp-content\/uploads\/2021\/11\/urbanismo.jpg","type":"image\/jpeg"}],"author":"Aslhey Alejandra Gonz\u00e1lez Castro","twitter_card":"summary_large_image","twitter_misc":{"Escrito por":"Aslhey Alejandra Gonz\u00e1lez Castro","Tiempo de lectura":"3 minutos"},"schema":{"@context":"https:\/\/schema.org","@graph":[{"@type":"Article","@id":"https:\/\/blogs.uninter.edu.mx\/difusioncultural\/?p=8445#article","isPartOf":{"@id":"https:\/\/blogs.uninter.edu.mx\/difusioncultural\/?p=8445"},"author":{"name":"Aslhey Alejandra Gonz\u00e1lez Castro","@id":"https:\/\/blogs.uninter.edu.mx\/difusioncultural\/#\/schema\/person\/c710e37686022500827405824a08a18c"},"headline":"8 De Noviembre: D\u00eda Mundial del Urbanismo","datePublished":"2021-11-08T19:05:53+00:00","mainEntityOfPage":{"@id":"https:\/\/blogs.uninter.edu.mx\/difusioncultural\/?p=8445"},"wordCount":519,"publisher":{"@id":"https:\/\/blogs.uninter.edu.mx\/difusioncultural\/#organization"},"image":{"@id":"https:\/\/blogs.uninter.edu.mx\/difusioncultural\/?p=8445#primaryimage"},"thumbnailUrl":"https:\/\/blogs.uninter.edu.mx\/difusioncultural\/wp-content\/uploads\/2021\/11\/urbanismo.jpg","inLanguage":"es"},{"@type":"WebPage","@id":"https:\/\/blogs.uninter.edu.mx\/difusioncultural\/?p=8445","url":"https:\/\/blogs.uninter.edu.mx\/difusioncultural\/?p=8445","name":"8 De Noviembre: D\u00eda Mundial del Urbanismo - Difusi\u00f3n Cultural","isPartOf":{"@id":"https:\/\/blogs.uninter.edu.mx\/difusioncultural\/#website"},"primaryImageOfPage":{"@id":"https:\/\/blogs.uninter.edu.mx\/difusioncultural\/?p=8445#primaryimage"},"image":{"@id":"https:\/\/blogs.uninter.edu.mx\/difusioncultural\/?p=8445#primaryimage"},"thumbnailUrl":"https:\/\/blogs.uninter.edu.mx\/difusioncultural\/wp-content\/uploads\/2021\/11\/urbanismo.jpg","datePublished":"2021-11-08T19:05:53+00:00","breadcrumb":{"@id":"https:\/\/blogs.uninter.edu.mx\/difusioncultural\/?p=8445#breadcrumb"},"inLanguage":"es","potentialAction":[{"@type":"ReadAction","target":["https:\/\/blogs.uninter.edu.mx\/difusioncultural\/?p=8445"]}]},{"@type":"ImageObject","inLanguage":"es","@id":"https:\/\/blogs.uninter.edu.mx\/difusioncultural\/?p=8445#primaryimage","url":"https:\/\/blogs.uninter.edu.mx\/difusioncultural\/wp-content\/uploads\/2021\/11\/urbanismo.jpg","contentUrl":"https:\/\/blogs.uninter.edu.mx\/difusioncultural\/wp-content\/uploads\/2021\/11\/urbanismo.jpg","width":305,"height":203},{"@type":"BreadcrumbList","@id":"https:\/\/blogs.uninter.edu.mx\/difusioncultural\/?p=8445#breadcrumb","itemListElement":[{"@type":"ListItem","position":1,"name":"Inicio","item":"https:\/\/blogs.uninter.edu.mx\/difusioncultural\/"},{"@type":"ListItem","position":2,"name":"8 De Noviembre: D\u00eda Mundial del Urbanismo"}]},{"@type":"WebSite","@id":"https:\/\/blogs.uninter.edu.mx\/difusioncultural\/#website","url":"https:\/\/blogs.uninter.edu.mx\/difusioncultural\/","name":"Difusi\u00f3n Cultural","description":"UNINTER","publisher":{"@id":"https:\/\/blogs.uninter.edu.mx\/difusioncultural\/#organization"},"potentialAction":[{"@type":"SearchAction","target":{"@type":"EntryPoint","urlTemplate":"https:\/\/blogs.uninter.edu.mx\/difusioncultural\/?s={search_term_string}"},"query-input":{"@type":"PropertyValueSpecification","valueRequired":true,"valueName":"search_term_string"}}],"inLanguage":"es"},{"@type":"Organization","@id":"https:\/\/blogs.uninter.edu.mx\/difusioncultural\/#organization","name":"Difusi\u00f3n Cultural","url":"https:\/\/blogs.uninter.edu.mx\/difusioncultural\/","logo":{"@type":"ImageObject","inLanguage":"es","@id":"https:\/\/blogs.uninter.edu.mx\/difusioncultural\/#\/schema\/logo\/image\/","url":"https:\/\/blogs.uninter.edu.mx\/difusioncultural\/wp-content\/uploads\/2022\/09\/uninter.jpg","contentUrl":"https:\/\/blogs.uninter.edu.mx\/difusioncultural\/wp-content\/uploads\/2022\/09\/uninter.jpg","width":2048,"height":2048,"caption":"Difusi\u00f3n Cultural"},"image":{"@id":"https:\/\/blogs.uninter.edu.mx\/difusioncultural\/#\/schema\/logo\/image\/"}},{"@type":"Person","@id":"https:\/\/blogs.uninter.edu.mx\/difusioncultural\/#\/schema\/person\/c710e37686022500827405824a08a18c","name":"Aslhey Alejandra Gonz\u00e1lez Castro","image":{"@type":"ImageObject","inLanguage":"es","@id":"https:\/\/blogs.uninter.edu.mx\/difusioncultural\/#\/schema\/person\/image\/","url":"https:\/\/secure.gravatar.com\/avatar\/1905d6ed47b47ccbfb53e4b64f72f2017309e25d96ef418088d4f998ecf6552e?s=96&d=mm&r=g","contentUrl":"https:\/\/secure.gravatar.com\/avatar\/1905d6ed47b47ccbfb53e4b64f72f2017309e25d96ef418088d4f998ecf6552e?s=96&d=mm&r=g","caption":"Aslhey Alejandra Gonz\u00e1lez Castro"},"url":"https:\/\/blogs.uninter.edu.mx\/difusioncultural\/?author=24"}]}},"jetpack_publicize_connections":[],"jetpack_featured_media_url":"https:\/\/blogs.uninter.edu.mx\/difusioncultural\/wp-content\/uploads\/2021\/11\/urbanismo.jpg","jetpack_sharing_enabled":true,"_links":{"self":[{"href":"https:\/\/blogs.uninter.edu.mx\/difusioncultural\/index.php?rest_route=\/wp\/v2\/posts\/8445","targetHints":{"allow":["GET"]}}],"collection":[{"href":"https:\/\/blogs.uninter.edu.mx\/difusioncultural\/index.php?rest_route=\/wp\/v2\/posts"}],"about":[{"href":"https:\/\/blogs.uninter.edu.mx\/difusioncultural\/index.php?rest_route=\/wp\/v2\/types\/post"}],"author":[{"embeddable":true,"href":"https:\/\/blogs.uninter.edu.mx\/difusioncultural\/index.php?rest_route=\/wp\/v2\/users\/24"}],"replies":[{"embeddable":true,"href":"https:\/\/blogs.uninter.edu.mx\/difusioncultural\/index.php?rest_route=%2Fwp%2Fv2%2Fcomments&post=8445"}],"version-history":[{"count":0,"href":"https:\/\/blogs.uninter.edu.mx\/difusioncultural\/index.php?rest_route=\/wp\/v2\/posts\/8445\/revisions"}],"wp:featuredmedia":[{"embeddable":true,"href":"https:\/\/blogs.uninter.edu.mx\/difusioncultural\/index.php?rest_route=\/wp\/v2\/media\/9619"}],"wp:attachment":[{"href":"https:\/\/blogs.uninter.edu.mx\/difusioncultural\/index.php?rest_route=%2Fwp%2Fv2%2Fmedia&parent=8445"}],"wp:term":[{"taxonomy":"category","embeddable":true,"href":"https:\/\/blogs.uninter.edu.mx\/difusioncultural\/index.php?rest_route=%2Fwp%2Fv2%2Fcategories&post=8445"},{"taxonomy":"post_tag","embeddable":true,"href":"https:\/\/blogs.uninter.edu.mx\/difusioncultural\/index.php?rest_route=%2Fwp%2Fv2%2Ftags&post=8445"}],"curies":[{"name":"wp","href":"https:\/\/api.w.org\/{rel}","templated":true}]}}