{"id":8461,"date":"2021-12-12T22:29:56","date_gmt":"2021-12-13T04:29:56","guid":{"rendered":"https:\/\/difusionculturaluninter.wordpress.com\/?p=8461"},"modified":"2021-12-12T22:29:56","modified_gmt":"2021-12-13T04:29:56","slug":"12-de-diciembre-dia-de-la-virgen-de-guadalupe","status":"publish","type":"post","link":"https:\/\/blogs.uninter.edu.mx\/difusioncultural\/?p=8461","title":{"rendered":"12 de Diciembre: D\u00eda de la Virgen de&nbsp;Guadalupe"},"content":{"rendered":"\n<figure class=\"wp-block-image\"><img decoding=\"async\" src=\"https:\/\/www.aciprensa.com\/imagespp\/SenoraGuadalupe_12Diciembre.jpg\" alt=\"Hoy recordamos a la Virgen de Guadalupe, la Madre Buena que nos deja una tarea\" title=\"Hoy recordamos a la Virgen de Guadalupe, la Madre Buena que nos deja una tarea\" \/><\/figure>\n\n\n\n<p>Hoy, 12 de diciembre, se celebra tradicionalmente la Fiesta de Nuestra Se\u00f1ora de Guadalupe. Sin embargo, este a\u00f1o 2021 la celebraci\u00f3n no podr\u00e1 hacerse como es habitual, ya que coincide con el Tercer Domingo de Adviento, o Domingo de Gaudete.<\/p>\n\n\n\n<p>A\u00fan as\u00ed, no queremos perder la oportunidad de recordar a la Virgen del Tepeyac y hacer un espacio en el coraz\u00f3n para volver sobre sus dulces palabras: \u201cNo se entristezca tu coraz\u00f3n\u2026 \u00bfAcaso no estoy yo aqu\u00ed, que soy tu Madre?\u201d. \u00a1Cu\u00e1nto consuelo encontramos en ellas!<\/p>\n\n\n\n<p>Y es que as\u00ed como la Virgen de Guadalupe consol\u00f3 a un afligido Juan Diego, aquel 12 de diciembre de 1531, as\u00ed Ella no consuela tambi\u00e9n a nosotros, peregrinos en este mundo. Las palabras de Mar\u00eda nos recuerdan adem\u00e1s que nada hay que temer, porque nuestra Madre siempre nos protege.<\/p>\n\n\n\n<p>Hoy, por eso, en este Domingo de la Alegr\u00eda, elevamos una oraci\u00f3n a quien es Emperatriz de Am\u00e9rica y Patrona de M\u00e9xico; y le damos gracias por el milagro de dejar su imagen grabada en la sencilla \u201ctilma\u201d de Juan Diego. Le damos gracias a la Virgen de Guadalupe por haber dejado su rostro grabado tambi\u00e9n en nuestros corazones, en el alma de una naci\u00f3n y de todo un Continente; en nuestra cultura y en la Iglesia. Mar\u00eda de Guadalupe es se\u00f1al irrefutable de cu\u00e1nto Dios ama a sus hijos.<\/p>\n\n\n\n<p><strong>Un poco de historia<\/strong><\/p>\n\n\n\n<p>Una d\u00e9cada despu\u00e9s de iniciada la conquista de M\u00e9xico, los misioneros se encontraban frente a una dif\u00edcil situaci\u00f3n. El esfuerzo evangelizador a cargo de los misioneros espa\u00f1oles -por distintos y complejos motivos- no hab\u00eda producido los frutos esperados. Entre otras cosas, pesaba sobre la conciencia de los conquistadores innumerables pecados cometidos contra los ind\u00edgenas, y las contradicciones propias de la ambici\u00f3n desmedida y el ansia de poder. En ese contexto, los misioneros experimentaban cierto desconcierto por las escasas o poco s\u00f3lidas conversiones.<\/p>\n\n\n\n<p>Contra cualquier cosa que podr\u00eda haberse esperado, todo empez\u00f3 a cambiar a partir del 9 de diciembre de 1531. Ser\u00eda la Madre de Dios quien personalmente cambiar\u00eda el curso de la evangelizaci\u00f3n de manera definitiva. En el lugar llamado Tepeyac, Mar\u00eda Sant\u00edsima se le apareci\u00f3 a un humilde indio chichimeca de nombre Juan Diego, reci\u00e9n convertido al cristianismo. Para los ojos del buen Juan Diego, se trataba de la \u201cSe\u00f1ora\u201d. Mientras que Ella, suscitando paz en el coraz\u00f3n del ind\u00edgena, se present\u00f3 a s\u00ed misma como \u201cla perfecta siempre Virgen Santa Mar\u00eda, Madre del verdadero Dios\u201d.<\/p>\n\n\n\n<p>La Virgen le encomend\u00f3 a Juan Diego que le pidiese al obispo capitalino, el franciscano Juan de Zum\u00e1rraga, que mandara construir una iglesia dedicada a Ella, en el lugar de la aparici\u00f3n. Juan Diego comunic\u00f3 esto al obispo pero no le crey\u00f3. En una aparici\u00f3n posterior, la Virgen le solicit\u00f3 a Juan Diego que insistiera. Al d\u00eda siguiente, Juan Diego volvi\u00f3 a encontrarse con el prelado, pero sin lograr que cambiara de posici\u00f3n.<\/p>\n\n\n\n<p>El martes 12 de diciembre, la Virgen se le present\u00f3 nuevamente, para darle consuelo y esperanza. Juan Diego, reconfortado, le confes\u00f3 a la Se\u00f1ora que ten\u00eda a su t\u00edo muy enfermo y que hab\u00eda intentado evitar un encuentro con ella por ese motivo. Ella, entonces, le pidi\u00f3 que subiera a la cima del monte de Tepeyac, que recogiera flores y se las llevara consigo. Aunque el pedido parec\u00eda descabellado -era invierno-, San Juan Diego obedeci\u00f3. Al llegar encontr\u00f3 un brote de flores muy hermosas, las coloc\u00f3 en su tilma y se las llev\u00f3 al obispo, tal y como la Virgen se lo hab\u00eda pedido.<\/p>\n\n\n\n<p>Estando frente al prelado, San Juan Diego despleg\u00f3 la parte delantera de su \u201ctilma\u201d dejando descubrir su carga. Las flores cayeron, pero algo inesperado ocurri\u00f3: en el tejido de la tilma hab\u00eda quedado impresa la imagen de la \u201cSe\u00f1ora\u201d, la Virgen Mar\u00eda. Frente a los ojos de Mons. Zum\u00e1rraga y de los ocasionales testigos de la escena, lo sucedido era, por decir lo menos, \u201cinusual\u201d. La imagen mostraba a la Virgen Mar\u00eda como una mujer de tez morena, con rasgos mestizos; adornada como una reina, de pie sobre una media luna y sostenida por un \u00e1ngel. Los presentes cayeron de rodillas impactados por aquello que estaban viendo. Mons. Zum\u00e1rraga, conmovido, pidi\u00f3 perd\u00f3n por su actitud inicial.<\/p>\n\n\n\n<p>Al d\u00eda siguiente, el Obispo Zum\u00e1rraga, acompa\u00f1ado de Juan Diego, visitar\u00eda el lugar de las apariciones en el monte del Tepeyac. All\u00ed, dio la orden para la construcci\u00f3n del templo, mientras los primeros hombres se ofrec\u00edan para realizar la obra. Luego, Juan Diego se march\u00f3 presurosamente a ver a su t\u00edo Juan Bernardino, que hab\u00eda estado muy enfermo. Al llegar, lo vio recuperado, de pie y evidenciando salud. \u00a1La Virgen hab\u00eda hecho el milagro! Juan Bernardino le cont\u00f3 a su sobrino que hab\u00eda visto tambi\u00e9n a la \u201cSe\u00f1ora\u201d y que Ella le pidi\u00f3 que testimoniase su curaci\u00f3n al obispo.<\/p>\n\n\n\n<p><strong>Significado<\/strong><\/p>\n\n\n\n<p>La presencia de la Virgen de Guadalupe en ese momento y a lo largo de la historia de la Iglesia en Am\u00e9rica ha representado una fuente de fuerza inagotable, capaz de renovar una y otra vez el impulso evangelizador. Desde las apariciones, la Virgen se convirti\u00f3 en la protagonista y la art\u00edfice de la reconciliaci\u00f3n entre nativos y espa\u00f1oles, entre las culturas originales y la cultura occidental. Mar\u00eda de Guadalupe ha sido el catalizador del m\u00e1s rico y floreciente mestizaje; la prueba de que el Evangelio puede hundir sus ra\u00edces en las culturas, humanizarlas y coronarlas de grandeza; el sello indeleble de que la Buena Nueva es para todos. En los 7 a\u00f1os posteriores a las apariciones, millones de indios se convirtieron a la fe cat\u00f3lica y se bautizaron. Fue una eclosi\u00f3n de fe que evoca la predicaci\u00f3n de los Ap\u00f3stoles despu\u00e9s de Pentecost\u00e9s.<\/p>\n\n\n\n<p><strong>Una Madre que nos escucha, pero que tambi\u00e9n habla y nos manda una tarea<\/strong><\/p>\n\n\n\n<p>\u201cMucho quiero, ardo en deseos de que aqu\u00ed tengan la bondad de construirme mi templecito, para all\u00ed mostr\u00e1rselo a ustedes, engrandecerlo, entreg\u00e1rselo a \u00c9l, a \u00c9l que es todo mi amor, a \u00c9l que es mi mirada compasiva, a \u00c9l que es mi auxilio, a \u00c9l que es mi salvaci\u00f3n (\u2026) Porque en verdad yo me honro en ser madre compasiva de todos ustedes, tuya y de todas las gentes que aqu\u00ed en esta tierra est\u00e1n en uno, y de los dem\u00e1s variados linajes de hombres, mis amadores, los que a m\u00ed clamen, los que me busquen, los que me honren confiando en mi intercesi\u00f3n. Porque all\u00ed estar\u00e9 siempre dispuesta a escuchar su llanto, su tristeza, para purificar, para curar todas sus diferentes miserias, sus penas, sus dolores\u201d (Palabras de la Virgen de Guadalupe a San Juan Diego).<\/p>\n\n\n\n<figure class=\"wp-block-image is-resized\"><a href=\"https:\/\/cartelerauninter.files.wordpress.com\/2021\/12\/image.jpeg\"><img fetchpriority=\"high\" decoding=\"async\" src=\"https:\/\/cartelerauninter.files.wordpress.com\/2021\/12\/image.jpeg?w=275\" alt=\"\" class=\"wp-image-9110\" width=\"441\" height=\"293\" \/><\/a><\/figure>\n","protected":false},"excerpt":{"rendered":"<p>Hoy, 12 de diciembre, se celebra tradicionalmente la Fiesta de Nuestra Se\u00f1ora de Guadalupe. Sin embargo, este a\u00f1o 2021 la celebraci\u00f3n no podr\u00e1 hacerse como es habitual, ya que coincide con el Tercer Domingo de Adviento, o Domingo de Gaudete. A\u00fan as\u00ed, no queremos perder la oportunidad de recordar a la Virgen del Tepeyac y&hellip;<\/p>\n","protected":false},"author":24,"featured_media":8462,"comment_status":"closed","ping_status":"open","sticky":false,"template":"","format":"standard","meta":{"_jetpack_memberships_contains_paid_content":false,"footnotes":"","jetpack_publicize_message":"","jetpack_publicize_feature_enabled":false,"jetpack_social_post_already_shared":false,"jetpack_social_options":{"image_generator_settings":{"template":"highway","default_image_id":0,"font":"","enabled":false},"version":2}},"categories":[12,14],"tags":[],"class_list":["post-8461","post","type-post","status-publish","format-standard","has-post-thumbnail","hentry","category-noticias","category-un-dia-como-hoy"],"yoast_head":"<!-- This site is optimized with the Yoast SEO plugin v26.3 - https:\/\/yoast.com\/wordpress\/plugins\/seo\/ -->\r\n<title>12 de Diciembre: D\u00eda de la Virgen de&nbsp;Guadalupe - Difusi\u00f3n Cultural<\/title>\r\n<meta name=\"robots\" content=\"index, follow, max-snippet:-1, max-image-preview:large, max-video-preview:-1\" \/>\r\n<link rel=\"canonical\" href=\"https:\/\/blogs.uninter.edu.mx\/difusioncultural\/?p=8461\" \/>\r\n<meta property=\"og:locale\" content=\"es_MX\" \/>\r\n<meta property=\"og:type\" content=\"article\" \/>\r\n<meta property=\"og:title\" content=\"12 de Diciembre: D\u00eda de la Virgen de&nbsp;Guadalupe - Difusi\u00f3n Cultural\" \/>\r\n<meta property=\"og:description\" content=\"Hoy, 12 de diciembre, se celebra tradicionalmente la Fiesta de Nuestra Se\u00f1ora de Guadalupe. Sin embargo, este a\u00f1o 2021 la celebraci\u00f3n no podr\u00e1 hacerse como es habitual, ya que coincide con el Tercer Domingo de Adviento, o Domingo de Gaudete. A\u00fan as\u00ed, no queremos perder la oportunidad de recordar a la Virgen del Tepeyac y&hellip;\" \/>\r\n<meta property=\"og:url\" content=\"https:\/\/blogs.uninter.edu.mx\/difusioncultural\/?p=8461\" \/>\r\n<meta property=\"og:site_name\" content=\"Difusi\u00f3n Cultural\" \/>\r\n<meta property=\"article:published_time\" content=\"2021-12-13T04:29:56+00:00\" \/>\r\n<meta name=\"author\" content=\"Aslhey Alejandra Gonz\u00e1lez Castro\" \/>\r\n<meta name=\"twitter:card\" content=\"summary_large_image\" \/>\r\n<meta name=\"twitter:label1\" content=\"Escrito por\" \/>\n\t<meta name=\"twitter:data1\" content=\"Aslhey Alejandra Gonz\u00e1lez Castro\" \/>\n\t<meta name=\"twitter:label2\" content=\"Tiempo de lectura\" \/>\n\t<meta name=\"twitter:data2\" content=\"6 minutos\" \/>\r\n<script type=\"application\/ld+json\" class=\"yoast-schema-graph\">{\"@context\":\"https:\/\/schema.org\",\"@graph\":[{\"@type\":\"Article\",\"@id\":\"https:\/\/blogs.uninter.edu.mx\/difusioncultural\/?p=8461#article\",\"isPartOf\":{\"@id\":\"https:\/\/blogs.uninter.edu.mx\/difusioncultural\/?p=8461\"},\"author\":{\"name\":\"Aslhey Alejandra Gonz\u00e1lez Castro\",\"@id\":\"https:\/\/blogs.uninter.edu.mx\/difusioncultural\/#\/schema\/person\/c710e37686022500827405824a08a18c\"},\"headline\":\"12 de Diciembre: D\u00eda de la Virgen de&nbsp;Guadalupe\",\"datePublished\":\"2021-12-13T04:29:56+00:00\",\"mainEntityOfPage\":{\"@id\":\"https:\/\/blogs.uninter.edu.mx\/difusioncultural\/?p=8461\"},\"wordCount\":1190,\"publisher\":{\"@id\":\"https:\/\/blogs.uninter.edu.mx\/difusioncultural\/#organization\"},\"image\":{\"@id\":\"https:\/\/blogs.uninter.edu.mx\/difusioncultural\/?p=8461#primaryimage\"},\"thumbnailUrl\":\"\",\"articleSection\":[\"noticias\",\"un dia como hoy\"],\"inLanguage\":\"es\"},{\"@type\":\"WebPage\",\"@id\":\"https:\/\/blogs.uninter.edu.mx\/difusioncultural\/?p=8461\",\"url\":\"https:\/\/blogs.uninter.edu.mx\/difusioncultural\/?p=8461\",\"name\":\"12 de Diciembre: D\u00eda de la Virgen de&nbsp;Guadalupe - Difusi\u00f3n Cultural\",\"isPartOf\":{\"@id\":\"https:\/\/blogs.uninter.edu.mx\/difusioncultural\/#website\"},\"primaryImageOfPage\":{\"@id\":\"https:\/\/blogs.uninter.edu.mx\/difusioncultural\/?p=8461#primaryimage\"},\"image\":{\"@id\":\"https:\/\/blogs.uninter.edu.mx\/difusioncultural\/?p=8461#primaryimage\"},\"thumbnailUrl\":\"\",\"datePublished\":\"2021-12-13T04:29:56+00:00\",\"breadcrumb\":{\"@id\":\"https:\/\/blogs.uninter.edu.mx\/difusioncultural\/?p=8461#breadcrumb\"},\"inLanguage\":\"es\",\"potentialAction\":[{\"@type\":\"ReadAction\",\"target\":[\"https:\/\/blogs.uninter.edu.mx\/difusioncultural\/?p=8461\"]}]},{\"@type\":\"ImageObject\",\"inLanguage\":\"es\",\"@id\":\"https:\/\/blogs.uninter.edu.mx\/difusioncultural\/?p=8461#primaryimage\",\"url\":\"\",\"contentUrl\":\"\"},{\"@type\":\"BreadcrumbList\",\"@id\":\"https:\/\/blogs.uninter.edu.mx\/difusioncultural\/?p=8461#breadcrumb\",\"itemListElement\":[{\"@type\":\"ListItem\",\"position\":1,\"name\":\"Inicio\",\"item\":\"https:\/\/blogs.uninter.edu.mx\/difusioncultural\/\"},{\"@type\":\"ListItem\",\"position\":2,\"name\":\"12 de Diciembre: D\u00eda de la Virgen de&nbsp;Guadalupe\"}]},{\"@type\":\"WebSite\",\"@id\":\"https:\/\/blogs.uninter.edu.mx\/difusioncultural\/#website\",\"url\":\"https:\/\/blogs.uninter.edu.mx\/difusioncultural\/\",\"name\":\"Difusi\u00f3n Cultural\",\"description\":\"UNINTER\",\"publisher\":{\"@id\":\"https:\/\/blogs.uninter.edu.mx\/difusioncultural\/#organization\"},\"potentialAction\":[{\"@type\":\"SearchAction\",\"target\":{\"@type\":\"EntryPoint\",\"urlTemplate\":\"https:\/\/blogs.uninter.edu.mx\/difusioncultural\/?s={search_term_string}\"},\"query-input\":{\"@type\":\"PropertyValueSpecification\",\"valueRequired\":true,\"valueName\":\"search_term_string\"}}],\"inLanguage\":\"es\"},{\"@type\":\"Organization\",\"@id\":\"https:\/\/blogs.uninter.edu.mx\/difusioncultural\/#organization\",\"name\":\"Difusi\u00f3n Cultural\",\"url\":\"https:\/\/blogs.uninter.edu.mx\/difusioncultural\/\",\"logo\":{\"@type\":\"ImageObject\",\"inLanguage\":\"es\",\"@id\":\"https:\/\/blogs.uninter.edu.mx\/difusioncultural\/#\/schema\/logo\/image\/\",\"url\":\"https:\/\/blogs.uninter.edu.mx\/difusioncultural\/wp-content\/uploads\/2022\/09\/uninter.jpg\",\"contentUrl\":\"https:\/\/blogs.uninter.edu.mx\/difusioncultural\/wp-content\/uploads\/2022\/09\/uninter.jpg\",\"width\":2048,\"height\":2048,\"caption\":\"Difusi\u00f3n Cultural\"},\"image\":{\"@id\":\"https:\/\/blogs.uninter.edu.mx\/difusioncultural\/#\/schema\/logo\/image\/\"}},{\"@type\":\"Person\",\"@id\":\"https:\/\/blogs.uninter.edu.mx\/difusioncultural\/#\/schema\/person\/c710e37686022500827405824a08a18c\",\"name\":\"Aslhey Alejandra Gonz\u00e1lez Castro\",\"image\":{\"@type\":\"ImageObject\",\"inLanguage\":\"es\",\"@id\":\"https:\/\/blogs.uninter.edu.mx\/difusioncultural\/#\/schema\/person\/image\/\",\"url\":\"https:\/\/secure.gravatar.com\/avatar\/1905d6ed47b47ccbfb53e4b64f72f2017309e25d96ef418088d4f998ecf6552e?s=96&d=mm&r=g\",\"contentUrl\":\"https:\/\/secure.gravatar.com\/avatar\/1905d6ed47b47ccbfb53e4b64f72f2017309e25d96ef418088d4f998ecf6552e?s=96&d=mm&r=g\",\"caption\":\"Aslhey Alejandra Gonz\u00e1lez Castro\"},\"url\":\"https:\/\/blogs.uninter.edu.mx\/difusioncultural\/?author=24\"}]}<\/script>\r\n<!-- \/ Yoast SEO plugin. -->","yoast_head_json":{"title":"12 de Diciembre: D\u00eda de la Virgen de&nbsp;Guadalupe - Difusi\u00f3n Cultural","robots":{"index":"index","follow":"follow","max-snippet":"max-snippet:-1","max-image-preview":"max-image-preview:large","max-video-preview":"max-video-preview:-1"},"canonical":"https:\/\/blogs.uninter.edu.mx\/difusioncultural\/?p=8461","og_locale":"es_MX","og_type":"article","og_title":"12 de Diciembre: D\u00eda de la Virgen de&nbsp;Guadalupe - Difusi\u00f3n Cultural","og_description":"Hoy, 12 de diciembre, se celebra tradicionalmente la Fiesta de Nuestra Se\u00f1ora de Guadalupe. Sin embargo, este a\u00f1o 2021 la celebraci\u00f3n no podr\u00e1 hacerse como es habitual, ya que coincide con el Tercer Domingo de Adviento, o Domingo de Gaudete. A\u00fan as\u00ed, no queremos perder la oportunidad de recordar a la Virgen del Tepeyac y&hellip;","og_url":"https:\/\/blogs.uninter.edu.mx\/difusioncultural\/?p=8461","og_site_name":"Difusi\u00f3n Cultural","article_published_time":"2021-12-13T04:29:56+00:00","author":"Aslhey Alejandra Gonz\u00e1lez Castro","twitter_card":"summary_large_image","twitter_misc":{"Escrito por":"Aslhey Alejandra Gonz\u00e1lez Castro","Tiempo de lectura":"6 minutos"},"schema":{"@context":"https:\/\/schema.org","@graph":[{"@type":"Article","@id":"https:\/\/blogs.uninter.edu.mx\/difusioncultural\/?p=8461#article","isPartOf":{"@id":"https:\/\/blogs.uninter.edu.mx\/difusioncultural\/?p=8461"},"author":{"name":"Aslhey Alejandra Gonz\u00e1lez Castro","@id":"https:\/\/blogs.uninter.edu.mx\/difusioncultural\/#\/schema\/person\/c710e37686022500827405824a08a18c"},"headline":"12 de Diciembre: D\u00eda de la Virgen de&nbsp;Guadalupe","datePublished":"2021-12-13T04:29:56+00:00","mainEntityOfPage":{"@id":"https:\/\/blogs.uninter.edu.mx\/difusioncultural\/?p=8461"},"wordCount":1190,"publisher":{"@id":"https:\/\/blogs.uninter.edu.mx\/difusioncultural\/#organization"},"image":{"@id":"https:\/\/blogs.uninter.edu.mx\/difusioncultural\/?p=8461#primaryimage"},"thumbnailUrl":"","articleSection":["noticias","un dia como hoy"],"inLanguage":"es"},{"@type":"WebPage","@id":"https:\/\/blogs.uninter.edu.mx\/difusioncultural\/?p=8461","url":"https:\/\/blogs.uninter.edu.mx\/difusioncultural\/?p=8461","name":"12 de Diciembre: D\u00eda de la Virgen de&nbsp;Guadalupe - Difusi\u00f3n Cultural","isPartOf":{"@id":"https:\/\/blogs.uninter.edu.mx\/difusioncultural\/#website"},"primaryImageOfPage":{"@id":"https:\/\/blogs.uninter.edu.mx\/difusioncultural\/?p=8461#primaryimage"},"image":{"@id":"https:\/\/blogs.uninter.edu.mx\/difusioncultural\/?p=8461#primaryimage"},"thumbnailUrl":"","datePublished":"2021-12-13T04:29:56+00:00","breadcrumb":{"@id":"https:\/\/blogs.uninter.edu.mx\/difusioncultural\/?p=8461#breadcrumb"},"inLanguage":"es","potentialAction":[{"@type":"ReadAction","target":["https:\/\/blogs.uninter.edu.mx\/difusioncultural\/?p=8461"]}]},{"@type":"ImageObject","inLanguage":"es","@id":"https:\/\/blogs.uninter.edu.mx\/difusioncultural\/?p=8461#primaryimage","url":"","contentUrl":""},{"@type":"BreadcrumbList","@id":"https:\/\/blogs.uninter.edu.mx\/difusioncultural\/?p=8461#breadcrumb","itemListElement":[{"@type":"ListItem","position":1,"name":"Inicio","item":"https:\/\/blogs.uninter.edu.mx\/difusioncultural\/"},{"@type":"ListItem","position":2,"name":"12 de Diciembre: D\u00eda de la Virgen de&nbsp;Guadalupe"}]},{"@type":"WebSite","@id":"https:\/\/blogs.uninter.edu.mx\/difusioncultural\/#website","url":"https:\/\/blogs.uninter.edu.mx\/difusioncultural\/","name":"Difusi\u00f3n Cultural","description":"UNINTER","publisher":{"@id":"https:\/\/blogs.uninter.edu.mx\/difusioncultural\/#organization"},"potentialAction":[{"@type":"SearchAction","target":{"@type":"EntryPoint","urlTemplate":"https:\/\/blogs.uninter.edu.mx\/difusioncultural\/?s={search_term_string}"},"query-input":{"@type":"PropertyValueSpecification","valueRequired":true,"valueName":"search_term_string"}}],"inLanguage":"es"},{"@type":"Organization","@id":"https:\/\/blogs.uninter.edu.mx\/difusioncultural\/#organization","name":"Difusi\u00f3n Cultural","url":"https:\/\/blogs.uninter.edu.mx\/difusioncultural\/","logo":{"@type":"ImageObject","inLanguage":"es","@id":"https:\/\/blogs.uninter.edu.mx\/difusioncultural\/#\/schema\/logo\/image\/","url":"https:\/\/blogs.uninter.edu.mx\/difusioncultural\/wp-content\/uploads\/2022\/09\/uninter.jpg","contentUrl":"https:\/\/blogs.uninter.edu.mx\/difusioncultural\/wp-content\/uploads\/2022\/09\/uninter.jpg","width":2048,"height":2048,"caption":"Difusi\u00f3n Cultural"},"image":{"@id":"https:\/\/blogs.uninter.edu.mx\/difusioncultural\/#\/schema\/logo\/image\/"}},{"@type":"Person","@id":"https:\/\/blogs.uninter.edu.mx\/difusioncultural\/#\/schema\/person\/c710e37686022500827405824a08a18c","name":"Aslhey Alejandra Gonz\u00e1lez Castro","image":{"@type":"ImageObject","inLanguage":"es","@id":"https:\/\/blogs.uninter.edu.mx\/difusioncultural\/#\/schema\/person\/image\/","url":"https:\/\/secure.gravatar.com\/avatar\/1905d6ed47b47ccbfb53e4b64f72f2017309e25d96ef418088d4f998ecf6552e?s=96&d=mm&r=g","contentUrl":"https:\/\/secure.gravatar.com\/avatar\/1905d6ed47b47ccbfb53e4b64f72f2017309e25d96ef418088d4f998ecf6552e?s=96&d=mm&r=g","caption":"Aslhey Alejandra Gonz\u00e1lez Castro"},"url":"https:\/\/blogs.uninter.edu.mx\/difusioncultural\/?author=24"}]}},"jetpack_publicize_connections":[],"jetpack_featured_media_url":"","jetpack_sharing_enabled":true,"_links":{"self":[{"href":"https:\/\/blogs.uninter.edu.mx\/difusioncultural\/index.php?rest_route=\/wp\/v2\/posts\/8461","targetHints":{"allow":["GET"]}}],"collection":[{"href":"https:\/\/blogs.uninter.edu.mx\/difusioncultural\/index.php?rest_route=\/wp\/v2\/posts"}],"about":[{"href":"https:\/\/blogs.uninter.edu.mx\/difusioncultural\/index.php?rest_route=\/wp\/v2\/types\/post"}],"author":[{"embeddable":true,"href":"https:\/\/blogs.uninter.edu.mx\/difusioncultural\/index.php?rest_route=\/wp\/v2\/users\/24"}],"replies":[{"embeddable":true,"href":"https:\/\/blogs.uninter.edu.mx\/difusioncultural\/index.php?rest_route=%2Fwp%2Fv2%2Fcomments&post=8461"}],"version-history":[{"count":0,"href":"https:\/\/blogs.uninter.edu.mx\/difusioncultural\/index.php?rest_route=\/wp\/v2\/posts\/8461\/revisions"}],"wp:featuredmedia":[{"embeddable":true,"href":"https:\/\/blogs.uninter.edu.mx\/difusioncultural\/index.php?rest_route=\/"}],"wp:attachment":[{"href":"https:\/\/blogs.uninter.edu.mx\/difusioncultural\/index.php?rest_route=%2Fwp%2Fv2%2Fmedia&parent=8461"}],"wp:term":[{"taxonomy":"category","embeddable":true,"href":"https:\/\/blogs.uninter.edu.mx\/difusioncultural\/index.php?rest_route=%2Fwp%2Fv2%2Fcategories&post=8461"},{"taxonomy":"post_tag","embeddable":true,"href":"https:\/\/blogs.uninter.edu.mx\/difusioncultural\/index.php?rest_route=%2Fwp%2Fv2%2Ftags&post=8461"}],"curies":[{"name":"wp","href":"https:\/\/api.w.org\/{rel}","templated":true}]}}