{"id":8513,"date":"2022-01-21T10:09:33","date_gmt":"2022-01-21T16:09:33","guid":{"rendered":"https:\/\/difusionculturaluninter.wordpress.com\/?p=8513"},"modified":"2022-01-21T10:09:33","modified_gmt":"2022-01-21T16:09:33","slug":"21-de-enero-dia-internacional-del-mariachi","status":"publish","type":"post","link":"https:\/\/blogs.uninter.edu.mx\/difusioncultural\/?p=8513","title":{"rendered":"21 de enero: D\u00eda Internacional del Mariachi"},"content":{"rendered":"\n<figure class=\"wp-block-image size-large is-resized\"><a href=\"https:\/\/blogs.uninter.edu.mx\/difusioncultural\/wp-content\/uploads\/2022\/01\/en-jalisco-entregan-declaratoria-del-mariachi-como-patrimonio-inmaterial.jpg\"><img fetchpriority=\"high\" decoding=\"async\" src=\"https:\/\/blogs.uninter.edu.mx\/difusioncultural\/wp-content\/uploads\/2022\/01\/en-jalisco-entregan-declaratoria-del-mariachi-como-patrimonio-inmaterial.jpg?w=1000\" alt=\"\" class=\"wp-image-8514\" width=\"708\" height=\"472\" \/><\/a><\/figure>\n\n\n\n<p>El 21 de enero se celebra el\u00a0D\u00eda del Mariachi, representante a nivel internacional de la cultura mexicana. Canciones como\u00a0<em>Cielito lindo, El Son de la negra, Guadalajara<\/em>, entre otros, generan sentimientos de\u00a0identidad nacional\u00a0y nostalgia. A continuaci\u00f3n te compartimos detalles de su origen e historia&#8230;<\/p>\n\n\n\n<p>Como la mayor\u00eda de la m\u00fasica tradicional en M\u00e9xico, el mariachi es el resultado de la mezcla de tres principales influencias musicales: la de los pueblos ind\u00edgenas, la europea y la africana.<\/p>\n\n\n\n<p>El son particular que dio origen al mariachi naci\u00f3 en Cocula, Jalisco. Los habitantes de este peque\u00f1o pueblo crearon la base r\u00edtmica como una expresi\u00f3n de adoraci\u00f3n a la Virgen de la Pila, imitando as\u00ed a los frailes que utilizaban la m\u00fasica para evangelizarlos.<\/p>\n\n\n\n<p>La fusi\u00f3n sonora de las guitarras y violines con las caracolas, teponaztlis, flautas de carrizo y otros instrumentos ind\u00edgenas es la chispa que ocasion\u00f3 el nacimiento de un nuevo g\u00e9nero: el mariachi.<\/p>\n\n\n\n<p>A finales del siglo XVII, los cocas -el grupo \u00e9tnico predominante en Cocula- inventaron instrumentos como la vihuela y el guitarr\u00f3n para sustituir al la\u00fad y al contrabajo. Esto le imprimi\u00f3 a\u00fan m\u00e1s car\u00e1cter y personalidad al mariachi.<\/p>\n\n\n\n<p>La m\u00fasica fue echando ra\u00edces en la regi\u00f3n, sobre todo como la banda sonora de fiestas y reuniones. Para finales del siglo XIX, varios grupos de mariachi se dieron a conocer en Cocula y la cercana Tecalitl\u00e1n. Fue en aquel entonces que el mariachi lleg\u00f3 a la Ciudad de M\u00e9xico.<\/p>\n\n\n\n<p>En lo \u00faltimos a\u00f1os del Porfiriato, M\u00e9xico pasaba por una etapa de fascinaci\u00f3n con todo lo franc\u00e9s y lo europeo en general, por lo que el mariachi era considerado m\u00fasica para el populacho. Sin embargo, la Revoluci\u00f3n Mexicana cambi\u00f3 esta percepci\u00f3n y, de pronto, el mariachi estaba por todas partes y era algo de lo cual sentirse orgulloso.<\/p>\n\n\n\n<p>Precisamente, a principios del siglo XX, el Mariachi de Cirilo Marmolejo introdujo el traje de charro como un uniforme para los grupos de mariachi. La idea fue tan exitosa, que en poco tiempo fue imitada por la mayor\u00eda de los conjuntos y se convirti\u00f3 en la norma. Fue la misma agrupaci\u00f3n de Marmolejo quien, en la d\u00e9cada de 1930, incluy\u00f3 el sonido de la trompeta. Ser\u00eda la \u00faltima gran innovaci\u00f3n en la historia del mariachi.<\/p>\n\n\n\n<p>En la actualidad, los alcances del mariachi son globales. En lugares tan lejanos como Jap\u00f3n y Sud\u00e1frica se pueden encontrar conjuntos tocando esta alegre m\u00fasica y cant\u00e1ndola en el idioma local.<\/p>\n\n\n\n<p>Pero, como todas las cosas, el mariachi tiene un origen y ese, orgullosamente, es nuestro M\u00e9xico y su combinaci\u00f3n \u00fanica de influencias culturales. Sin duda, \u00a1algo de lo cual sentirnos orgullosos!<\/p>\n\n\n\n<figure class=\"wp-block-image size-large is-resized\"><a href=\"https:\/\/blogs.uninter.edu.mx\/difusioncultural\/wp-content\/uploads\/2022\/01\/a-3130678-1587143485-7178.jpg\"><img decoding=\"async\" src=\"https:\/\/blogs.uninter.edu.mx\/difusioncultural\/wp-content\/uploads\/2022\/01\/a-3130678-1587143485-7178.jpg?w=504\" alt=\"\" class=\"wp-image-8519\" width=\"530\" height=\"367\" \/><\/a><\/figure>\n","protected":false},"excerpt":{"rendered":"<p>El 21 de enero se celebra el\u00a0D\u00eda del Mariachi, representante a nivel internacional de la cultura mexicana. Canciones como\u00a0Cielito lindo, El Son de la negra, Guadalajara, entre otros, generan sentimientos de\u00a0identidad nacional\u00a0y nostalgia. A continuaci\u00f3n te compartimos detalles de su origen e historia&#8230; Como la mayor\u00eda de la m\u00fasica tradicional en M\u00e9xico, el mariachi es&hellip;<\/p>\n","protected":false},"author":24,"featured_media":8521,"comment_status":"closed","ping_status":"open","sticky":false,"template":"","format":"standard","meta":{"_jetpack_memberships_contains_paid_content":false,"footnotes":"","jetpack_publicize_message":"","jetpack_publicize_feature_enabled":true,"jetpack_social_post_already_shared":false,"jetpack_social_options":{"image_generator_settings":{"template":"highway","default_image_id":0,"font":"","enabled":false},"version":2}},"categories":[2,11,14],"tags":[],"class_list":["post-8513","post","type-post","status-publish","format-standard","has-post-thumbnail","hentry","category-actividades-artisticas-y-culturales","category-estudiantiles-culturales","category-un-dia-como-hoy"],"yoast_head":"<!-- This site is optimized with the Yoast SEO plugin v26.3 - https:\/\/yoast.com\/wordpress\/plugins\/seo\/ -->\r\n<title>21 de enero: D\u00eda Internacional del Mariachi - Difusi\u00f3n Cultural<\/title>\r\n<meta name=\"robots\" content=\"index, follow, max-snippet:-1, max-image-preview:large, max-video-preview:-1\" \/>\r\n<link rel=\"canonical\" href=\"https:\/\/blogs.uninter.edu.mx\/difusioncultural\/?p=8513\" \/>\r\n<meta property=\"og:locale\" content=\"es_MX\" \/>\r\n<meta property=\"og:type\" content=\"article\" \/>\r\n<meta property=\"og:title\" content=\"21 de enero: D\u00eda Internacional del Mariachi - Difusi\u00f3n Cultural\" \/>\r\n<meta property=\"og:description\" content=\"El 21 de enero se celebra el\u00a0D\u00eda del Mariachi, representante a nivel internacional de la cultura mexicana. Canciones como\u00a0Cielito lindo, El Son de la negra, Guadalajara, entre otros, generan sentimientos de\u00a0identidad nacional\u00a0y nostalgia. A continuaci\u00f3n te compartimos detalles de su origen e historia&#8230; Como la mayor\u00eda de la m\u00fasica tradicional en M\u00e9xico, el mariachi es&hellip;\" \/>\r\n<meta property=\"og:url\" content=\"https:\/\/blogs.uninter.edu.mx\/difusioncultural\/?p=8513\" \/>\r\n<meta property=\"og:site_name\" content=\"Difusi\u00f3n Cultural\" \/>\r\n<meta property=\"article:published_time\" content=\"2022-01-21T16:09:33+00:00\" \/>\r\n<meta property=\"og:image\" content=\"https:\/\/blogs.uninter.edu.mx\/difusioncultural\/wp-content\/uploads\/2022\/01\/ent-la-musica.png\" \/>\r\n\t<meta property=\"og:image:width\" content=\"800\" \/>\r\n\t<meta property=\"og:image:height\" content=\"530\" \/>\r\n\t<meta property=\"og:image:type\" content=\"image\/png\" \/>\r\n<meta name=\"author\" content=\"Aslhey Alejandra Gonz\u00e1lez Castro\" \/>\r\n<meta name=\"twitter:card\" content=\"summary_large_image\" \/>\r\n<meta name=\"twitter:label1\" content=\"Escrito por\" \/>\n\t<meta name=\"twitter:data1\" content=\"Aslhey Alejandra Gonz\u00e1lez Castro\" \/>\n\t<meta name=\"twitter:label2\" content=\"Tiempo de lectura\" \/>\n\t<meta name=\"twitter:data2\" content=\"2 minutos\" \/>\r\n<script type=\"application\/ld+json\" class=\"yoast-schema-graph\">{\"@context\":\"https:\/\/schema.org\",\"@graph\":[{\"@type\":\"Article\",\"@id\":\"https:\/\/blogs.uninter.edu.mx\/difusioncultural\/?p=8513#article\",\"isPartOf\":{\"@id\":\"https:\/\/blogs.uninter.edu.mx\/difusioncultural\/?p=8513\"},\"author\":{\"name\":\"Aslhey Alejandra Gonz\u00e1lez Castro\",\"@id\":\"https:\/\/blogs.uninter.edu.mx\/difusioncultural\/#\/schema\/person\/c710e37686022500827405824a08a18c\"},\"headline\":\"21 de enero: D\u00eda Internacional del Mariachi\",\"datePublished\":\"2022-01-21T16:09:33+00:00\",\"mainEntityOfPage\":{\"@id\":\"https:\/\/blogs.uninter.edu.mx\/difusioncultural\/?p=8513\"},\"wordCount\":485,\"publisher\":{\"@id\":\"https:\/\/blogs.uninter.edu.mx\/difusioncultural\/#organization\"},\"image\":{\"@id\":\"https:\/\/blogs.uninter.edu.mx\/difusioncultural\/?p=8513#primaryimage\"},\"thumbnailUrl\":\"https:\/\/blogs.uninter.edu.mx\/difusioncultural\/wp-content\/uploads\/2022\/01\/ent-la-musica.png\",\"articleSection\":[\"Actividades Art\u00edsticas y Culturales\",\"Talleres Culturales\",\"un dia como hoy\"],\"inLanguage\":\"es\"},{\"@type\":\"WebPage\",\"@id\":\"https:\/\/blogs.uninter.edu.mx\/difusioncultural\/?p=8513\",\"url\":\"https:\/\/blogs.uninter.edu.mx\/difusioncultural\/?p=8513\",\"name\":\"21 de enero: D\u00eda Internacional del Mariachi - Difusi\u00f3n Cultural\",\"isPartOf\":{\"@id\":\"https:\/\/blogs.uninter.edu.mx\/difusioncultural\/#website\"},\"primaryImageOfPage\":{\"@id\":\"https:\/\/blogs.uninter.edu.mx\/difusioncultural\/?p=8513#primaryimage\"},\"image\":{\"@id\":\"https:\/\/blogs.uninter.edu.mx\/difusioncultural\/?p=8513#primaryimage\"},\"thumbnailUrl\":\"https:\/\/blogs.uninter.edu.mx\/difusioncultural\/wp-content\/uploads\/2022\/01\/ent-la-musica.png\",\"datePublished\":\"2022-01-21T16:09:33+00:00\",\"breadcrumb\":{\"@id\":\"https:\/\/blogs.uninter.edu.mx\/difusioncultural\/?p=8513#breadcrumb\"},\"inLanguage\":\"es\",\"potentialAction\":[{\"@type\":\"ReadAction\",\"target\":[\"https:\/\/blogs.uninter.edu.mx\/difusioncultural\/?p=8513\"]}]},{\"@type\":\"ImageObject\",\"inLanguage\":\"es\",\"@id\":\"https:\/\/blogs.uninter.edu.mx\/difusioncultural\/?p=8513#primaryimage\",\"url\":\"https:\/\/blogs.uninter.edu.mx\/difusioncultural\/wp-content\/uploads\/2022\/01\/ent-la-musica.png\",\"contentUrl\":\"https:\/\/blogs.uninter.edu.mx\/difusioncultural\/wp-content\/uploads\/2022\/01\/ent-la-musica.png\",\"width\":800,\"height\":530},{\"@type\":\"BreadcrumbList\",\"@id\":\"https:\/\/blogs.uninter.edu.mx\/difusioncultural\/?p=8513#breadcrumb\",\"itemListElement\":[{\"@type\":\"ListItem\",\"position\":1,\"name\":\"Inicio\",\"item\":\"https:\/\/blogs.uninter.edu.mx\/difusioncultural\/\"},{\"@type\":\"ListItem\",\"position\":2,\"name\":\"21 de enero: D\u00eda Internacional del Mariachi\"}]},{\"@type\":\"WebSite\",\"@id\":\"https:\/\/blogs.uninter.edu.mx\/difusioncultural\/#website\",\"url\":\"https:\/\/blogs.uninter.edu.mx\/difusioncultural\/\",\"name\":\"Difusi\u00f3n Cultural\",\"description\":\"UNINTER\",\"publisher\":{\"@id\":\"https:\/\/blogs.uninter.edu.mx\/difusioncultural\/#organization\"},\"potentialAction\":[{\"@type\":\"SearchAction\",\"target\":{\"@type\":\"EntryPoint\",\"urlTemplate\":\"https:\/\/blogs.uninter.edu.mx\/difusioncultural\/?s={search_term_string}\"},\"query-input\":{\"@type\":\"PropertyValueSpecification\",\"valueRequired\":true,\"valueName\":\"search_term_string\"}}],\"inLanguage\":\"es\"},{\"@type\":\"Organization\",\"@id\":\"https:\/\/blogs.uninter.edu.mx\/difusioncultural\/#organization\",\"name\":\"Difusi\u00f3n Cultural\",\"url\":\"https:\/\/blogs.uninter.edu.mx\/difusioncultural\/\",\"logo\":{\"@type\":\"ImageObject\",\"inLanguage\":\"es\",\"@id\":\"https:\/\/blogs.uninter.edu.mx\/difusioncultural\/#\/schema\/logo\/image\/\",\"url\":\"https:\/\/blogs.uninter.edu.mx\/difusioncultural\/wp-content\/uploads\/2022\/09\/uninter.jpg\",\"contentUrl\":\"https:\/\/blogs.uninter.edu.mx\/difusioncultural\/wp-content\/uploads\/2022\/09\/uninter.jpg\",\"width\":2048,\"height\":2048,\"caption\":\"Difusi\u00f3n Cultural\"},\"image\":{\"@id\":\"https:\/\/blogs.uninter.edu.mx\/difusioncultural\/#\/schema\/logo\/image\/\"}},{\"@type\":\"Person\",\"@id\":\"https:\/\/blogs.uninter.edu.mx\/difusioncultural\/#\/schema\/person\/c710e37686022500827405824a08a18c\",\"name\":\"Aslhey Alejandra Gonz\u00e1lez Castro\",\"image\":{\"@type\":\"ImageObject\",\"inLanguage\":\"es\",\"@id\":\"https:\/\/blogs.uninter.edu.mx\/difusioncultural\/#\/schema\/person\/image\/\",\"url\":\"https:\/\/secure.gravatar.com\/avatar\/1905d6ed47b47ccbfb53e4b64f72f2017309e25d96ef418088d4f998ecf6552e?s=96&d=mm&r=g\",\"contentUrl\":\"https:\/\/secure.gravatar.com\/avatar\/1905d6ed47b47ccbfb53e4b64f72f2017309e25d96ef418088d4f998ecf6552e?s=96&d=mm&r=g\",\"caption\":\"Aslhey Alejandra Gonz\u00e1lez Castro\"},\"url\":\"https:\/\/blogs.uninter.edu.mx\/difusioncultural\/?author=24\"}]}<\/script>\r\n<!-- \/ Yoast SEO plugin. -->","yoast_head_json":{"title":"21 de enero: D\u00eda Internacional del Mariachi - Difusi\u00f3n Cultural","robots":{"index":"index","follow":"follow","max-snippet":"max-snippet:-1","max-image-preview":"max-image-preview:large","max-video-preview":"max-video-preview:-1"},"canonical":"https:\/\/blogs.uninter.edu.mx\/difusioncultural\/?p=8513","og_locale":"es_MX","og_type":"article","og_title":"21 de enero: D\u00eda Internacional del Mariachi - Difusi\u00f3n Cultural","og_description":"El 21 de enero se celebra el\u00a0D\u00eda del Mariachi, representante a nivel internacional de la cultura mexicana. Canciones como\u00a0Cielito lindo, El Son de la negra, Guadalajara, entre otros, generan sentimientos de\u00a0identidad nacional\u00a0y nostalgia. A continuaci\u00f3n te compartimos detalles de su origen e historia&#8230; Como la mayor\u00eda de la m\u00fasica tradicional en M\u00e9xico, el mariachi es&hellip;","og_url":"https:\/\/blogs.uninter.edu.mx\/difusioncultural\/?p=8513","og_site_name":"Difusi\u00f3n Cultural","article_published_time":"2022-01-21T16:09:33+00:00","og_image":[{"width":800,"height":530,"url":"https:\/\/blogs.uninter.edu.mx\/difusioncultural\/wp-content\/uploads\/2022\/01\/ent-la-musica.png","type":"image\/png"}],"author":"Aslhey Alejandra Gonz\u00e1lez Castro","twitter_card":"summary_large_image","twitter_misc":{"Escrito por":"Aslhey Alejandra Gonz\u00e1lez Castro","Tiempo de lectura":"2 minutos"},"schema":{"@context":"https:\/\/schema.org","@graph":[{"@type":"Article","@id":"https:\/\/blogs.uninter.edu.mx\/difusioncultural\/?p=8513#article","isPartOf":{"@id":"https:\/\/blogs.uninter.edu.mx\/difusioncultural\/?p=8513"},"author":{"name":"Aslhey Alejandra Gonz\u00e1lez Castro","@id":"https:\/\/blogs.uninter.edu.mx\/difusioncultural\/#\/schema\/person\/c710e37686022500827405824a08a18c"},"headline":"21 de enero: D\u00eda Internacional del Mariachi","datePublished":"2022-01-21T16:09:33+00:00","mainEntityOfPage":{"@id":"https:\/\/blogs.uninter.edu.mx\/difusioncultural\/?p=8513"},"wordCount":485,"publisher":{"@id":"https:\/\/blogs.uninter.edu.mx\/difusioncultural\/#organization"},"image":{"@id":"https:\/\/blogs.uninter.edu.mx\/difusioncultural\/?p=8513#primaryimage"},"thumbnailUrl":"https:\/\/blogs.uninter.edu.mx\/difusioncultural\/wp-content\/uploads\/2022\/01\/ent-la-musica.png","articleSection":["Actividades Art\u00edsticas y Culturales","Talleres Culturales","un dia como hoy"],"inLanguage":"es"},{"@type":"WebPage","@id":"https:\/\/blogs.uninter.edu.mx\/difusioncultural\/?p=8513","url":"https:\/\/blogs.uninter.edu.mx\/difusioncultural\/?p=8513","name":"21 de enero: D\u00eda Internacional del Mariachi - Difusi\u00f3n Cultural","isPartOf":{"@id":"https:\/\/blogs.uninter.edu.mx\/difusioncultural\/#website"},"primaryImageOfPage":{"@id":"https:\/\/blogs.uninter.edu.mx\/difusioncultural\/?p=8513#primaryimage"},"image":{"@id":"https:\/\/blogs.uninter.edu.mx\/difusioncultural\/?p=8513#primaryimage"},"thumbnailUrl":"https:\/\/blogs.uninter.edu.mx\/difusioncultural\/wp-content\/uploads\/2022\/01\/ent-la-musica.png","datePublished":"2022-01-21T16:09:33+00:00","breadcrumb":{"@id":"https:\/\/blogs.uninter.edu.mx\/difusioncultural\/?p=8513#breadcrumb"},"inLanguage":"es","potentialAction":[{"@type":"ReadAction","target":["https:\/\/blogs.uninter.edu.mx\/difusioncultural\/?p=8513"]}]},{"@type":"ImageObject","inLanguage":"es","@id":"https:\/\/blogs.uninter.edu.mx\/difusioncultural\/?p=8513#primaryimage","url":"https:\/\/blogs.uninter.edu.mx\/difusioncultural\/wp-content\/uploads\/2022\/01\/ent-la-musica.png","contentUrl":"https:\/\/blogs.uninter.edu.mx\/difusioncultural\/wp-content\/uploads\/2022\/01\/ent-la-musica.png","width":800,"height":530},{"@type":"BreadcrumbList","@id":"https:\/\/blogs.uninter.edu.mx\/difusioncultural\/?p=8513#breadcrumb","itemListElement":[{"@type":"ListItem","position":1,"name":"Inicio","item":"https:\/\/blogs.uninter.edu.mx\/difusioncultural\/"},{"@type":"ListItem","position":2,"name":"21 de enero: D\u00eda Internacional del Mariachi"}]},{"@type":"WebSite","@id":"https:\/\/blogs.uninter.edu.mx\/difusioncultural\/#website","url":"https:\/\/blogs.uninter.edu.mx\/difusioncultural\/","name":"Difusi\u00f3n Cultural","description":"UNINTER","publisher":{"@id":"https:\/\/blogs.uninter.edu.mx\/difusioncultural\/#organization"},"potentialAction":[{"@type":"SearchAction","target":{"@type":"EntryPoint","urlTemplate":"https:\/\/blogs.uninter.edu.mx\/difusioncultural\/?s={search_term_string}"},"query-input":{"@type":"PropertyValueSpecification","valueRequired":true,"valueName":"search_term_string"}}],"inLanguage":"es"},{"@type":"Organization","@id":"https:\/\/blogs.uninter.edu.mx\/difusioncultural\/#organization","name":"Difusi\u00f3n Cultural","url":"https:\/\/blogs.uninter.edu.mx\/difusioncultural\/","logo":{"@type":"ImageObject","inLanguage":"es","@id":"https:\/\/blogs.uninter.edu.mx\/difusioncultural\/#\/schema\/logo\/image\/","url":"https:\/\/blogs.uninter.edu.mx\/difusioncultural\/wp-content\/uploads\/2022\/09\/uninter.jpg","contentUrl":"https:\/\/blogs.uninter.edu.mx\/difusioncultural\/wp-content\/uploads\/2022\/09\/uninter.jpg","width":2048,"height":2048,"caption":"Difusi\u00f3n Cultural"},"image":{"@id":"https:\/\/blogs.uninter.edu.mx\/difusioncultural\/#\/schema\/logo\/image\/"}},{"@type":"Person","@id":"https:\/\/blogs.uninter.edu.mx\/difusioncultural\/#\/schema\/person\/c710e37686022500827405824a08a18c","name":"Aslhey Alejandra Gonz\u00e1lez Castro","image":{"@type":"ImageObject","inLanguage":"es","@id":"https:\/\/blogs.uninter.edu.mx\/difusioncultural\/#\/schema\/person\/image\/","url":"https:\/\/secure.gravatar.com\/avatar\/1905d6ed47b47ccbfb53e4b64f72f2017309e25d96ef418088d4f998ecf6552e?s=96&d=mm&r=g","contentUrl":"https:\/\/secure.gravatar.com\/avatar\/1905d6ed47b47ccbfb53e4b64f72f2017309e25d96ef418088d4f998ecf6552e?s=96&d=mm&r=g","caption":"Aslhey Alejandra Gonz\u00e1lez Castro"},"url":"https:\/\/blogs.uninter.edu.mx\/difusioncultural\/?author=24"}]}},"jetpack_publicize_connections":[],"jetpack_featured_media_url":"https:\/\/blogs.uninter.edu.mx\/difusioncultural\/wp-content\/uploads\/2022\/01\/ent-la-musica.png","jetpack_sharing_enabled":true,"_links":{"self":[{"href":"https:\/\/blogs.uninter.edu.mx\/difusioncultural\/index.php?rest_route=\/wp\/v2\/posts\/8513","targetHints":{"allow":["GET"]}}],"collection":[{"href":"https:\/\/blogs.uninter.edu.mx\/difusioncultural\/index.php?rest_route=\/wp\/v2\/posts"}],"about":[{"href":"https:\/\/blogs.uninter.edu.mx\/difusioncultural\/index.php?rest_route=\/wp\/v2\/types\/post"}],"author":[{"embeddable":true,"href":"https:\/\/blogs.uninter.edu.mx\/difusioncultural\/index.php?rest_route=\/wp\/v2\/users\/24"}],"replies":[{"embeddable":true,"href":"https:\/\/blogs.uninter.edu.mx\/difusioncultural\/index.php?rest_route=%2Fwp%2Fv2%2Fcomments&post=8513"}],"version-history":[{"count":0,"href":"https:\/\/blogs.uninter.edu.mx\/difusioncultural\/index.php?rest_route=\/wp\/v2\/posts\/8513\/revisions"}],"wp:featuredmedia":[{"embeddable":true,"href":"https:\/\/blogs.uninter.edu.mx\/difusioncultural\/index.php?rest_route=\/wp\/v2\/media\/8521"}],"wp:attachment":[{"href":"https:\/\/blogs.uninter.edu.mx\/difusioncultural\/index.php?rest_route=%2Fwp%2Fv2%2Fmedia&parent=8513"}],"wp:term":[{"taxonomy":"category","embeddable":true,"href":"https:\/\/blogs.uninter.edu.mx\/difusioncultural\/index.php?rest_route=%2Fwp%2Fv2%2Fcategories&post=8513"},{"taxonomy":"post_tag","embeddable":true,"href":"https:\/\/blogs.uninter.edu.mx\/difusioncultural\/index.php?rest_route=%2Fwp%2Fv2%2Ftags&post=8513"}],"curies":[{"name":"wp","href":"https:\/\/api.w.org\/{rel}","templated":true}]}}