{"id":8529,"date":"2022-02-02T08:49:19","date_gmt":"2022-02-02T14:49:19","guid":{"rendered":"https:\/\/difusionculturaluninter.wordpress.com\/?p=8529"},"modified":"2022-02-02T08:49:19","modified_gmt":"2022-02-02T14:49:19","slug":"02-de-febrero-dia-de-la-candelaria","status":"publish","type":"post","link":"https:\/\/blogs.uninter.edu.mx\/difusioncultural\/?p=8529","title":{"rendered":"02 de febrero: D\u00eda de la Candelaria"},"content":{"rendered":"\n<p>El d\u00eda de la Candelaria es festejado cada 2 de febrero; se celebra la purificaci\u00f3n de la Virgen, se viste al ni\u00f1o Dios y se lleva a la iglesia para ser bendecido. Despu\u00e9s, quienes encontraron al ni\u00f1o en la rosca invitan los tamales. Todo esto es muy bello y delicioso, pero \u00bfConoces el origen del d\u00eda de la Candelaria? \u00bfO por qu\u00e9 los mexicanos comemos tamales en este d\u00eda?<\/p>\n\n\n\n<p>El\u00a0d\u00eda de la candelaria\u00a0se festeja exactamente 40 d\u00edas despu\u00e9s de Navidad -es decir, el 2 de febrero- y es debido a que, en ese d\u00eda, la Virgen se purific\u00f3 despu\u00e9s del nacimiento del ni\u00f1o Dios y llev\u00f3 candelas a la Iglesia para que estas fueran bendecidas. Este era el festejo original, sin embargo, en la \u00e9poca del Virreinato lleg\u00f3 a M\u00e9xico y el d\u00eda de la Candelaria coincidi\u00f3 con la temporada de siembra que iniciaba el 2 de febrero y se festejaba con exquisitos tamales como platillo principal. \u00bfLo sab\u00edas?<\/p>\n\n\n\n<figure class=\"wp-block-image size-large is-resized\"><a href=\"https:\/\/blogs.uninter.edu.mx\/difusioncultural\/wp-content\/uploads\/2022\/02\/tamales-dia-candelaria.jpeg\"><img fetchpriority=\"high\" decoding=\"async\" src=\"https:\/\/blogs.uninter.edu.mx\/difusioncultural\/wp-content\/uploads\/2022\/02\/tamales-dia-candelaria.jpeg?w=1024\" alt=\"\" class=\"wp-image-8536\" width=\"613\" height=\"344\" \/><\/a><\/figure>\n\n\n\n<p><strong><em>Origen del d\u00eda de la candelaria<\/em><\/strong><\/p>\n\n\n\n<p>De acuerdo con la antrop\u00f3loga Katia Perdig\u00f3n, el 2 de febrero -d\u00eda de la Candelaria- la Virgen sol\u00eda ser la protagonista del festejo, pues era cuando se cumpl\u00edan exactamente 40 d\u00edas despu\u00e9s de Navidad, por lo que la Virgen acudi\u00f3 a la Iglesia para ser purificada y dar gracias a Dios por la llegada de Jes\u00fas a la Tierra.<\/p>\n\n\n\n<p>Desde entonces, se qued\u00f3 como costumbre acudir a la iglesia cada 2 de febrero, para agradecer que el ni\u00f1o Dios trajera luz a los corazones de la humanidad.<\/p>\n\n\n\n<p><strong><em>La celebraci\u00f3n del d\u00eda de la Candelaria en M\u00e9xico<\/em><\/strong><\/p>\n\n\n\n<p>Por otra parte, seg\u00fan Arturo Cardoso, soci\u00f3logo e historiador de la FES ACATL\u00c1N, el festejo del&nbsp;<strong>d\u00eda de la Candelaria en M\u00e9xico<\/strong>&nbsp;es un sincretismo entre la cultura prehisp\u00e1nica, cat\u00f3lica y jud\u00eda que se ha modificado con el paso del tiempo.<\/p>\n\n\n\n<p>Y es que, como vimos, hace mucho tiempo en el d\u00eda de la Candelaria principalmente se celebraba la purificaci\u00f3n de la Virgen, pero a partir de la primera d\u00e9cada del siglo XX la celebraci\u00f3n del ni\u00f1o Dios tom\u00f3 much\u00edsima fuerza en M\u00e9xico igual que la idea de colocarle distintos atuendos.<\/p>\n\n\n\n<p>Pero, \u00bfpor qu\u00e9 Arturo Cardoso se\u00f1ala como antecedente a la cultura jud\u00eda? Pues bien, dentro de la tradici\u00f3n jud\u00eda encontramos el libro de Vaikr\u00e1.<\/p>\n\n\n\n<p>En el Vaikr\u00e1&nbsp; se indica que las mujeres a los 40 d\u00edas de dar a luz ten\u00edan que ir a la iglesia para purificarse y dar gracias a Dios con una paloma. Sin embargo, con el transcurrir de los a\u00f1os, la paloma se transform\u00f3 en una candela y desde ah\u00ed, al 2 de febrero se le conoci\u00f3 como d\u00eda de la Candelaria.<\/p>\n\n\n\n<p><em><strong>La celebraci\u00f3n del d\u00eda de la Candelaria hoy en d\u00eda<\/strong><\/em><\/p>\n\n\n\n<p>Actualmente y de acuerdo con Arturo Cardoso, el d\u00eda de la Candelaria se puede celebrar de dos formas; la primera es una procesi\u00f3n dedicada a la Virgen acompa\u00f1ada de m\u00fasica y pirotecnia (como en\u00a0<a href=\"https:\/\/www.mexicodesconocido.com.mx\/imagenes-fiestas-candelaria-tlacotalpan-veracruz.html\">Tlacotalpan<\/a>\u00a0o en Coyoac\u00e1n), y la segunda es cuando los creyentes presentan a sus ni\u00f1os Dios en misa -los ni\u00f1os deben estar ataviados con distintos atuendos- y despu\u00e9s invitan a la celebraci\u00f3n en su casa donde dan de comer deliciosos tamales. Esta es la m\u00e1s com\u00fan.<\/p>\n\n\n\n<figure class=\"wp-block-image size-large is-resized\"><a href=\"https:\/\/blogs.uninter.edu.mx\/difusioncultural\/wp-content\/uploads\/2022\/02\/awqni5r3orferbskk3z32hi2ru.jpeg\"><img decoding=\"async\" src=\"https:\/\/blogs.uninter.edu.mx\/difusioncultural\/wp-content\/uploads\/2022\/02\/awqni5r3orferbskk3z32hi2ru.jpeg?w=400\" alt=\"\" class=\"wp-image-8538\" width=\"542\" height=\"305\" \/><\/a><\/figure>\n\n\n\n<p><strong><em>C\u00f3mo vestir al ni\u00f1o Dios<\/em><\/strong><\/p>\n\n\n\n<ol class=\"wp-block-list\"><li>Tradicionalmente: el primer a\u00f1o -en el que se tiene al ni\u00f1o- se viste de blanco, sin corona ni trono. En el segundo a\u00f1o ya puede llevarse un traje de color y el tercero se le viste como rey y se le coloca la corona pues seg\u00fan cuentan, ya puede realizar milagros.<\/li><li>De forma moderna: en M\u00e9xico, a finales del siglo XX y principios del XXI, se volvi\u00f3 com\u00fan vestir al ni\u00f1o Dios con atuendos modernos como de motociclista, bombero o polic\u00eda, sin embargo, esta idea ha sido fuertemente criticada por muchos cat\u00f3licos, pues se considera una ofensa. \u00bfT\u00fa qu\u00e9 opinas al respecto?<\/li><\/ol>\n\n\n\n<figure class=\"wp-block-image size-large is-resized\"><a href=\"https:\/\/blogs.uninter.edu.mx\/difusioncultural\/wp-content\/uploads\/2022\/02\/140127-chinos.jpg\"><img decoding=\"async\" src=\"https:\/\/blogs.uninter.edu.mx\/difusioncultural\/wp-content\/uploads\/2022\/02\/140127-chinos.jpg?w=750\" alt=\"\" class=\"wp-image-8540\" width=\"667\" height=\"418\" \/><\/a><\/figure>\n","protected":false},"excerpt":{"rendered":"<p>El d\u00eda de la Candelaria es festejado cada 2 de febrero; se celebra la purificaci\u00f3n de la Virgen, se viste al ni\u00f1o Dios y se lleva a la iglesia para ser bendecido. Despu\u00e9s, quienes encontraron al ni\u00f1o en la rosca invitan los tamales. Todo esto es muy bello y delicioso, pero \u00bfConoces el origen del&hellip;<\/p>\n","protected":false},"author":24,"featured_media":8542,"comment_status":"closed","ping_status":"open","sticky":false,"template":"","format":"standard","meta":{"_jetpack_memberships_contains_paid_content":false,"footnotes":"","jetpack_publicize_message":"","jetpack_publicize_feature_enabled":true,"jetpack_social_post_already_shared":false,"jetpack_social_options":{"image_generator_settings":{"template":"highway","default_image_id":0,"font":"","enabled":false},"version":2}},"categories":[2,11,14],"tags":[],"class_list":["post-8529","post","type-post","status-publish","format-standard","has-post-thumbnail","hentry","category-actividades-artisticas-y-culturales","category-estudiantiles-culturales","category-un-dia-como-hoy"],"yoast_head":"<!-- This site is optimized with the Yoast SEO plugin v26.3 - https:\/\/yoast.com\/wordpress\/plugins\/seo\/ -->\r\n<title>02 de febrero: D\u00eda de la Candelaria - Difusi\u00f3n Cultural<\/title>\r\n<meta name=\"robots\" content=\"index, follow, max-snippet:-1, max-image-preview:large, max-video-preview:-1\" \/>\r\n<link rel=\"canonical\" href=\"https:\/\/blogs.uninter.edu.mx\/difusioncultural\/?p=8529\" \/>\r\n<meta property=\"og:locale\" content=\"es_MX\" \/>\r\n<meta property=\"og:type\" content=\"article\" \/>\r\n<meta property=\"og:title\" content=\"02 de febrero: D\u00eda de la Candelaria - Difusi\u00f3n Cultural\" \/>\r\n<meta property=\"og:description\" content=\"El d\u00eda de la Candelaria es festejado cada 2 de febrero; se celebra la purificaci\u00f3n de la Virgen, se viste al ni\u00f1o Dios y se lleva a la iglesia para ser bendecido. Despu\u00e9s, quienes encontraron al ni\u00f1o en la rosca invitan los tamales. Todo esto es muy bello y delicioso, pero \u00bfConoces el origen del&hellip;\" \/>\r\n<meta property=\"og:url\" content=\"https:\/\/blogs.uninter.edu.mx\/difusioncultural\/?p=8529\" \/>\r\n<meta property=\"og:site_name\" content=\"Difusi\u00f3n Cultural\" \/>\r\n<meta property=\"article:published_time\" content=\"2022-02-02T14:49:19+00:00\" \/>\r\n<meta property=\"og:image\" content=\"https:\/\/blogs.uninter.edu.mx\/difusioncultural\/wp-content\/uploads\/2022\/02\/dia-de-la-candelaria-1.jpg\" \/>\r\n\t<meta property=\"og:image:width\" content=\"1200\" \/>\r\n\t<meta property=\"og:image:height\" content=\"800\" \/>\r\n\t<meta property=\"og:image:type\" content=\"image\/jpeg\" \/>\r\n<meta name=\"author\" content=\"Aslhey Alejandra Gonz\u00e1lez Castro\" \/>\r\n<meta name=\"twitter:card\" content=\"summary_large_image\" \/>\r\n<meta name=\"twitter:label1\" content=\"Escrito por\" \/>\n\t<meta name=\"twitter:data1\" content=\"Aslhey Alejandra Gonz\u00e1lez Castro\" \/>\n\t<meta name=\"twitter:label2\" content=\"Tiempo de lectura\" \/>\n\t<meta name=\"twitter:data2\" content=\"4 minutos\" \/>\r\n<script type=\"application\/ld+json\" class=\"yoast-schema-graph\">{\"@context\":\"https:\/\/schema.org\",\"@graph\":[{\"@type\":\"Article\",\"@id\":\"https:\/\/blogs.uninter.edu.mx\/difusioncultural\/?p=8529#article\",\"isPartOf\":{\"@id\":\"https:\/\/blogs.uninter.edu.mx\/difusioncultural\/?p=8529\"},\"author\":{\"name\":\"Aslhey Alejandra Gonz\u00e1lez Castro\",\"@id\":\"https:\/\/blogs.uninter.edu.mx\/difusioncultural\/#\/schema\/person\/c710e37686022500827405824a08a18c\"},\"headline\":\"02 de febrero: D\u00eda de la Candelaria\",\"datePublished\":\"2022-02-02T14:49:19+00:00\",\"mainEntityOfPage\":{\"@id\":\"https:\/\/blogs.uninter.edu.mx\/difusioncultural\/?p=8529\"},\"wordCount\":715,\"publisher\":{\"@id\":\"https:\/\/blogs.uninter.edu.mx\/difusioncultural\/#organization\"},\"image\":{\"@id\":\"https:\/\/blogs.uninter.edu.mx\/difusioncultural\/?p=8529#primaryimage\"},\"thumbnailUrl\":\"https:\/\/blogs.uninter.edu.mx\/difusioncultural\/wp-content\/uploads\/2022\/02\/dia-de-la-candelaria-1.jpg\",\"articleSection\":[\"Actividades Art\u00edsticas y Culturales\",\"Talleres Culturales\",\"un dia como hoy\"],\"inLanguage\":\"es\"},{\"@type\":\"WebPage\",\"@id\":\"https:\/\/blogs.uninter.edu.mx\/difusioncultural\/?p=8529\",\"url\":\"https:\/\/blogs.uninter.edu.mx\/difusioncultural\/?p=8529\",\"name\":\"02 de febrero: D\u00eda de la Candelaria - Difusi\u00f3n Cultural\",\"isPartOf\":{\"@id\":\"https:\/\/blogs.uninter.edu.mx\/difusioncultural\/#website\"},\"primaryImageOfPage\":{\"@id\":\"https:\/\/blogs.uninter.edu.mx\/difusioncultural\/?p=8529#primaryimage\"},\"image\":{\"@id\":\"https:\/\/blogs.uninter.edu.mx\/difusioncultural\/?p=8529#primaryimage\"},\"thumbnailUrl\":\"https:\/\/blogs.uninter.edu.mx\/difusioncultural\/wp-content\/uploads\/2022\/02\/dia-de-la-candelaria-1.jpg\",\"datePublished\":\"2022-02-02T14:49:19+00:00\",\"breadcrumb\":{\"@id\":\"https:\/\/blogs.uninter.edu.mx\/difusioncultural\/?p=8529#breadcrumb\"},\"inLanguage\":\"es\",\"potentialAction\":[{\"@type\":\"ReadAction\",\"target\":[\"https:\/\/blogs.uninter.edu.mx\/difusioncultural\/?p=8529\"]}]},{\"@type\":\"ImageObject\",\"inLanguage\":\"es\",\"@id\":\"https:\/\/blogs.uninter.edu.mx\/difusioncultural\/?p=8529#primaryimage\",\"url\":\"https:\/\/blogs.uninter.edu.mx\/difusioncultural\/wp-content\/uploads\/2022\/02\/dia-de-la-candelaria-1.jpg\",\"contentUrl\":\"https:\/\/blogs.uninter.edu.mx\/difusioncultural\/wp-content\/uploads\/2022\/02\/dia-de-la-candelaria-1.jpg\",\"width\":1200,\"height\":800},{\"@type\":\"BreadcrumbList\",\"@id\":\"https:\/\/blogs.uninter.edu.mx\/difusioncultural\/?p=8529#breadcrumb\",\"itemListElement\":[{\"@type\":\"ListItem\",\"position\":1,\"name\":\"Inicio\",\"item\":\"https:\/\/blogs.uninter.edu.mx\/difusioncultural\/\"},{\"@type\":\"ListItem\",\"position\":2,\"name\":\"02 de febrero: D\u00eda de la Candelaria\"}]},{\"@type\":\"WebSite\",\"@id\":\"https:\/\/blogs.uninter.edu.mx\/difusioncultural\/#website\",\"url\":\"https:\/\/blogs.uninter.edu.mx\/difusioncultural\/\",\"name\":\"Difusi\u00f3n Cultural\",\"description\":\"UNINTER\",\"publisher\":{\"@id\":\"https:\/\/blogs.uninter.edu.mx\/difusioncultural\/#organization\"},\"potentialAction\":[{\"@type\":\"SearchAction\",\"target\":{\"@type\":\"EntryPoint\",\"urlTemplate\":\"https:\/\/blogs.uninter.edu.mx\/difusioncultural\/?s={search_term_string}\"},\"query-input\":{\"@type\":\"PropertyValueSpecification\",\"valueRequired\":true,\"valueName\":\"search_term_string\"}}],\"inLanguage\":\"es\"},{\"@type\":\"Organization\",\"@id\":\"https:\/\/blogs.uninter.edu.mx\/difusioncultural\/#organization\",\"name\":\"Difusi\u00f3n Cultural\",\"url\":\"https:\/\/blogs.uninter.edu.mx\/difusioncultural\/\",\"logo\":{\"@type\":\"ImageObject\",\"inLanguage\":\"es\",\"@id\":\"https:\/\/blogs.uninter.edu.mx\/difusioncultural\/#\/schema\/logo\/image\/\",\"url\":\"https:\/\/blogs.uninter.edu.mx\/difusioncultural\/wp-content\/uploads\/2022\/09\/uninter.jpg\",\"contentUrl\":\"https:\/\/blogs.uninter.edu.mx\/difusioncultural\/wp-content\/uploads\/2022\/09\/uninter.jpg\",\"width\":2048,\"height\":2048,\"caption\":\"Difusi\u00f3n Cultural\"},\"image\":{\"@id\":\"https:\/\/blogs.uninter.edu.mx\/difusioncultural\/#\/schema\/logo\/image\/\"}},{\"@type\":\"Person\",\"@id\":\"https:\/\/blogs.uninter.edu.mx\/difusioncultural\/#\/schema\/person\/c710e37686022500827405824a08a18c\",\"name\":\"Aslhey Alejandra Gonz\u00e1lez Castro\",\"image\":{\"@type\":\"ImageObject\",\"inLanguage\":\"es\",\"@id\":\"https:\/\/blogs.uninter.edu.mx\/difusioncultural\/#\/schema\/person\/image\/\",\"url\":\"https:\/\/secure.gravatar.com\/avatar\/1905d6ed47b47ccbfb53e4b64f72f2017309e25d96ef418088d4f998ecf6552e?s=96&d=mm&r=g\",\"contentUrl\":\"https:\/\/secure.gravatar.com\/avatar\/1905d6ed47b47ccbfb53e4b64f72f2017309e25d96ef418088d4f998ecf6552e?s=96&d=mm&r=g\",\"caption\":\"Aslhey Alejandra Gonz\u00e1lez Castro\"},\"url\":\"https:\/\/blogs.uninter.edu.mx\/difusioncultural\/?author=24\"}]}<\/script>\r\n<!-- \/ Yoast SEO plugin. -->","yoast_head_json":{"title":"02 de febrero: D\u00eda de la Candelaria - Difusi\u00f3n Cultural","robots":{"index":"index","follow":"follow","max-snippet":"max-snippet:-1","max-image-preview":"max-image-preview:large","max-video-preview":"max-video-preview:-1"},"canonical":"https:\/\/blogs.uninter.edu.mx\/difusioncultural\/?p=8529","og_locale":"es_MX","og_type":"article","og_title":"02 de febrero: D\u00eda de la Candelaria - Difusi\u00f3n Cultural","og_description":"El d\u00eda de la Candelaria es festejado cada 2 de febrero; se celebra la purificaci\u00f3n de la Virgen, se viste al ni\u00f1o Dios y se lleva a la iglesia para ser bendecido. Despu\u00e9s, quienes encontraron al ni\u00f1o en la rosca invitan los tamales. Todo esto es muy bello y delicioso, pero \u00bfConoces el origen del&hellip;","og_url":"https:\/\/blogs.uninter.edu.mx\/difusioncultural\/?p=8529","og_site_name":"Difusi\u00f3n Cultural","article_published_time":"2022-02-02T14:49:19+00:00","og_image":[{"width":1200,"height":800,"url":"https:\/\/blogs.uninter.edu.mx\/difusioncultural\/wp-content\/uploads\/2022\/02\/dia-de-la-candelaria-1.jpg","type":"image\/jpeg"}],"author":"Aslhey Alejandra Gonz\u00e1lez Castro","twitter_card":"summary_large_image","twitter_misc":{"Escrito por":"Aslhey Alejandra Gonz\u00e1lez Castro","Tiempo de lectura":"4 minutos"},"schema":{"@context":"https:\/\/schema.org","@graph":[{"@type":"Article","@id":"https:\/\/blogs.uninter.edu.mx\/difusioncultural\/?p=8529#article","isPartOf":{"@id":"https:\/\/blogs.uninter.edu.mx\/difusioncultural\/?p=8529"},"author":{"name":"Aslhey Alejandra Gonz\u00e1lez Castro","@id":"https:\/\/blogs.uninter.edu.mx\/difusioncultural\/#\/schema\/person\/c710e37686022500827405824a08a18c"},"headline":"02 de febrero: D\u00eda de la Candelaria","datePublished":"2022-02-02T14:49:19+00:00","mainEntityOfPage":{"@id":"https:\/\/blogs.uninter.edu.mx\/difusioncultural\/?p=8529"},"wordCount":715,"publisher":{"@id":"https:\/\/blogs.uninter.edu.mx\/difusioncultural\/#organization"},"image":{"@id":"https:\/\/blogs.uninter.edu.mx\/difusioncultural\/?p=8529#primaryimage"},"thumbnailUrl":"https:\/\/blogs.uninter.edu.mx\/difusioncultural\/wp-content\/uploads\/2022\/02\/dia-de-la-candelaria-1.jpg","articleSection":["Actividades Art\u00edsticas y Culturales","Talleres Culturales","un dia como hoy"],"inLanguage":"es"},{"@type":"WebPage","@id":"https:\/\/blogs.uninter.edu.mx\/difusioncultural\/?p=8529","url":"https:\/\/blogs.uninter.edu.mx\/difusioncultural\/?p=8529","name":"02 de febrero: D\u00eda de la Candelaria - Difusi\u00f3n Cultural","isPartOf":{"@id":"https:\/\/blogs.uninter.edu.mx\/difusioncultural\/#website"},"primaryImageOfPage":{"@id":"https:\/\/blogs.uninter.edu.mx\/difusioncultural\/?p=8529#primaryimage"},"image":{"@id":"https:\/\/blogs.uninter.edu.mx\/difusioncultural\/?p=8529#primaryimage"},"thumbnailUrl":"https:\/\/blogs.uninter.edu.mx\/difusioncultural\/wp-content\/uploads\/2022\/02\/dia-de-la-candelaria-1.jpg","datePublished":"2022-02-02T14:49:19+00:00","breadcrumb":{"@id":"https:\/\/blogs.uninter.edu.mx\/difusioncultural\/?p=8529#breadcrumb"},"inLanguage":"es","potentialAction":[{"@type":"ReadAction","target":["https:\/\/blogs.uninter.edu.mx\/difusioncultural\/?p=8529"]}]},{"@type":"ImageObject","inLanguage":"es","@id":"https:\/\/blogs.uninter.edu.mx\/difusioncultural\/?p=8529#primaryimage","url":"https:\/\/blogs.uninter.edu.mx\/difusioncultural\/wp-content\/uploads\/2022\/02\/dia-de-la-candelaria-1.jpg","contentUrl":"https:\/\/blogs.uninter.edu.mx\/difusioncultural\/wp-content\/uploads\/2022\/02\/dia-de-la-candelaria-1.jpg","width":1200,"height":800},{"@type":"BreadcrumbList","@id":"https:\/\/blogs.uninter.edu.mx\/difusioncultural\/?p=8529#breadcrumb","itemListElement":[{"@type":"ListItem","position":1,"name":"Inicio","item":"https:\/\/blogs.uninter.edu.mx\/difusioncultural\/"},{"@type":"ListItem","position":2,"name":"02 de febrero: D\u00eda de la Candelaria"}]},{"@type":"WebSite","@id":"https:\/\/blogs.uninter.edu.mx\/difusioncultural\/#website","url":"https:\/\/blogs.uninter.edu.mx\/difusioncultural\/","name":"Difusi\u00f3n Cultural","description":"UNINTER","publisher":{"@id":"https:\/\/blogs.uninter.edu.mx\/difusioncultural\/#organization"},"potentialAction":[{"@type":"SearchAction","target":{"@type":"EntryPoint","urlTemplate":"https:\/\/blogs.uninter.edu.mx\/difusioncultural\/?s={search_term_string}"},"query-input":{"@type":"PropertyValueSpecification","valueRequired":true,"valueName":"search_term_string"}}],"inLanguage":"es"},{"@type":"Organization","@id":"https:\/\/blogs.uninter.edu.mx\/difusioncultural\/#organization","name":"Difusi\u00f3n Cultural","url":"https:\/\/blogs.uninter.edu.mx\/difusioncultural\/","logo":{"@type":"ImageObject","inLanguage":"es","@id":"https:\/\/blogs.uninter.edu.mx\/difusioncultural\/#\/schema\/logo\/image\/","url":"https:\/\/blogs.uninter.edu.mx\/difusioncultural\/wp-content\/uploads\/2022\/09\/uninter.jpg","contentUrl":"https:\/\/blogs.uninter.edu.mx\/difusioncultural\/wp-content\/uploads\/2022\/09\/uninter.jpg","width":2048,"height":2048,"caption":"Difusi\u00f3n Cultural"},"image":{"@id":"https:\/\/blogs.uninter.edu.mx\/difusioncultural\/#\/schema\/logo\/image\/"}},{"@type":"Person","@id":"https:\/\/blogs.uninter.edu.mx\/difusioncultural\/#\/schema\/person\/c710e37686022500827405824a08a18c","name":"Aslhey Alejandra Gonz\u00e1lez Castro","image":{"@type":"ImageObject","inLanguage":"es","@id":"https:\/\/blogs.uninter.edu.mx\/difusioncultural\/#\/schema\/person\/image\/","url":"https:\/\/secure.gravatar.com\/avatar\/1905d6ed47b47ccbfb53e4b64f72f2017309e25d96ef418088d4f998ecf6552e?s=96&d=mm&r=g","contentUrl":"https:\/\/secure.gravatar.com\/avatar\/1905d6ed47b47ccbfb53e4b64f72f2017309e25d96ef418088d4f998ecf6552e?s=96&d=mm&r=g","caption":"Aslhey Alejandra Gonz\u00e1lez Castro"},"url":"https:\/\/blogs.uninter.edu.mx\/difusioncultural\/?author=24"}]}},"jetpack_publicize_connections":[],"jetpack_featured_media_url":"https:\/\/blogs.uninter.edu.mx\/difusioncultural\/wp-content\/uploads\/2022\/02\/dia-de-la-candelaria-1.jpg","jetpack_sharing_enabled":true,"_links":{"self":[{"href":"https:\/\/blogs.uninter.edu.mx\/difusioncultural\/index.php?rest_route=\/wp\/v2\/posts\/8529","targetHints":{"allow":["GET"]}}],"collection":[{"href":"https:\/\/blogs.uninter.edu.mx\/difusioncultural\/index.php?rest_route=\/wp\/v2\/posts"}],"about":[{"href":"https:\/\/blogs.uninter.edu.mx\/difusioncultural\/index.php?rest_route=\/wp\/v2\/types\/post"}],"author":[{"embeddable":true,"href":"https:\/\/blogs.uninter.edu.mx\/difusioncultural\/index.php?rest_route=\/wp\/v2\/users\/24"}],"replies":[{"embeddable":true,"href":"https:\/\/blogs.uninter.edu.mx\/difusioncultural\/index.php?rest_route=%2Fwp%2Fv2%2Fcomments&post=8529"}],"version-history":[{"count":0,"href":"https:\/\/blogs.uninter.edu.mx\/difusioncultural\/index.php?rest_route=\/wp\/v2\/posts\/8529\/revisions"}],"wp:featuredmedia":[{"embeddable":true,"href":"https:\/\/blogs.uninter.edu.mx\/difusioncultural\/index.php?rest_route=\/wp\/v2\/media\/8542"}],"wp:attachment":[{"href":"https:\/\/blogs.uninter.edu.mx\/difusioncultural\/index.php?rest_route=%2Fwp%2Fv2%2Fmedia&parent=8529"}],"wp:term":[{"taxonomy":"category","embeddable":true,"href":"https:\/\/blogs.uninter.edu.mx\/difusioncultural\/index.php?rest_route=%2Fwp%2Fv2%2Fcategories&post=8529"},{"taxonomy":"post_tag","embeddable":true,"href":"https:\/\/blogs.uninter.edu.mx\/difusioncultural\/index.php?rest_route=%2Fwp%2Fv2%2Ftags&post=8529"}],"curies":[{"name":"wp","href":"https:\/\/api.w.org\/{rel}","templated":true}]}}