{"id":8567,"date":"2022-02-14T11:03:17","date_gmt":"2022-02-14T17:03:17","guid":{"rendered":"https:\/\/difusionculturaluninter.wordpress.com\/?p=8567"},"modified":"2022-02-14T11:03:17","modified_gmt":"2022-02-14T17:03:17","slug":"14-de-febrero-dia-de-los-enamorados-o-dia-de-san-valentin","status":"publish","type":"post","link":"https:\/\/blogs.uninter.edu.mx\/difusioncultural\/?p=8567","title":{"rendered":"14 de febrero: D\u00eda de los Enamorados o D\u00eda de San Valent\u00edn"},"content":{"rendered":"\n<p>Cada 14 de febrero se celebra el D\u00eda de Los Enamorados o D\u00eda de San Valent\u00edn, momento en el que el amor toma protagonismo y se suceden escenas rom\u00e1nticas por todos los rincones del planeta.<\/p>\n\n\n\n<p>Los enamorados hacen regalos a sus parejas, piden matrimonio a la persona amada y las redes sociales se inundan con frases de amor y tambi\u00e9n de memes sobre el\u00a0D\u00eda de los Enamorados, algunos de ellos muy imaginativos y divertidos.<\/p>\n\n\n\n<p>A pesar de la fama comercial de esta celebraci\u00f3n, el origen del\u00a0D\u00eda de los Enamorados\u00a0proviene de tiempos remotos. Te contaremos por qu\u00e9 se festeja el\u00a0D\u00eda de San Valent\u00edn, en qu\u00e9 fechas se celebra en distintas partes del mundo y las costumbres asociadas a este d\u00eda tan relevante en el calendario mundial.<\/p>\n\n\n\n<figure class=\"wp-block-image size-large is-resized\"><a href=\"https:\/\/blogs.uninter.edu.mx\/difusioncultural\/wp-content\/uploads\/2022\/02\/t3h55we37iunh7nzf7dlfd2h44.jpg\"><img fetchpriority=\"high\" decoding=\"async\" src=\"https:\/\/blogs.uninter.edu.mx\/difusioncultural\/wp-content\/uploads\/2022\/02\/t3h55we37iunh7nzf7dlfd2h44.jpg?w=414\" alt=\"\" class=\"wp-image-8576\" width=\"558\" height=\"325\" \/><\/a><\/figure>\n\n\n\n<p><em><strong>&#8220;La verdadera historia del D\u00eda de San Valent\u00edn&#8221;<\/strong><\/em><\/p>\n\n\n\n<p>Se trata de una festividad religiosa, ya que se la conoce por el nombre de un santo. Y no se trata de un santo cualquiera, sino de uno que se revel\u00f3 al poder en su momento y sufri\u00f3 las consecuencias por ello.<\/p>\n\n\n\n<p>En la Roma del siglo III, el emperador Claudio II decidi\u00f3 prohibir los matrimonios de los j\u00f3venes, considerando que los solteros sin familia eran mejores soldados al no tener v\u00ednculos sentimentales ni ataduras de pareja. Tampoco hay que obviar el hecho de que en esta \u00e9poca el cristianismo fue prohibido en Roma.<\/p>\n\n\n\n<p>Un sacerdote llamado Valent\u00edn consider\u00f3 que esto era un error y decidi\u00f3 saltarse la orden y casar en secreto a todos los j\u00f3venes enamorados que as\u00ed lo quisieran.\u00a0Al enterarse el emperador de este acto de rebeld\u00eda sentenci\u00f3 a muerte al sacerdote Valent\u00edn, un 14 de febrero del a\u00f1o 270.<\/p>\n\n\n\n<p>San Valent\u00edn es el patr\u00f3n de los Enamorados\u00a0y es por ello que se celebra todos los a\u00f1os el 14 de febrero el\u00a0D\u00eda de San Valent\u00edn o D\u00eda de los Enamorados. <\/p>\n\n\n\n<p>Hoy en d\u00eda, la celebraci\u00f3n de San Valent\u00edn se ha popularizado en todo en mundo, y ha sido aprovechada por el mercado para la creaci\u00f3n de todo tipo de productos para su comercializaci\u00f3n.<\/p>\n\n\n\n<figure class=\"wp-block-image size-large is-resized\"><a href=\"https:\/\/blogs.uninter.edu.mx\/difusioncultural\/wp-content\/uploads\/2022\/02\/corazon.jpg\"><img decoding=\"async\" src=\"https:\/\/blogs.uninter.edu.mx\/difusioncultural\/wp-content\/uploads\/2022\/02\/corazon.jpg?w=1000\" alt=\"\" class=\"wp-image-8578\" width=\"645\" height=\"484\" \/><\/a><\/figure>\n\n\n\n<p><em><strong>Curiosidades acerca del D\u00eda de San Valent\u00edn<\/strong><\/em><\/p>\n\n\n\n<p>Conoce algunas curiosidades e informaci\u00f3n interesante sobre el d\u00eda de San Valent\u00edn:<\/p>\n\n\n\n<ul class=\"wp-block-list\"><li>En Espa\u00f1a se empez\u00f3 a celebrar el D\u00eda de los Enamorados a mediados del siglo XX, promocionado por la cadena de grandes almacenes Galer\u00edas Preciados, para incentivar la compra de regalos.<\/li><li>La empresaria norteamericana\u00a0<em>Esther Howland<\/em>\u00a0puso de moda el obsequio de tarjetas de San Valent\u00edn entre los enamorados. Empez\u00f3 a venderlas en la librer\u00eda que regentaba su padre en Massachusetts. Y se popularizaron de tal manera que a\u00fan esta costumbre ha llegado a nuestros d\u00edas.<\/li><li>Cupido es el s\u00edmbolo universal del Amor.<\/li><li>Afrodita es la Diosa griega del amor.<\/li><li>Se estima que cada persona se enamora un promedio de 7 veces antes de casarse.<\/li><li>Cada 14 de febrero se permiten a 7 parejas contraer matrimonio en el mirador del piso 80 del ic\u00f3nico Empire State Building, en Nueva York.<\/li><li>La ciudad de Par\u00eds, Francia es considerada la capital mundial del amor.<\/li><li>En Dinamarca se acostumbra a regalar a las parejas flores blancas prensadas, conocidas como<em>\u00a0&#8220;gotas de nieve&#8221;<\/em>.<\/li><li>En el D\u00eda de San Valent\u00edn se incrementa la venta de preservativos en un 30%. En el mes de marzo se registra un alza en la venta de tests de embarazo.<\/li><li>En Jap\u00f3n s\u00f3lo las mujeres agasajan a sus parejas en la fiesta conocida como\u00a0Tabanata. Seg\u00fan la tradici\u00f3n deben regalar chocolates a sus novios.<\/li><li>Anualmente el 14 de febrero las parejas niponas (Jap\u00f3n) suben al Monte Fuji para tocar 3 veces la campana del amor, pidiendo amor eterno.<\/li><li>En el D\u00eda de San Valent\u00edn se intercambian unas 1.000 millones de tarjetas cada a\u00f1o.<\/li><li>La primera tarjeta de San Valent\u00edn se escribi\u00f3 el 14 de febrero de 1381, con motivo de la boda entre el rey Ricardo II de Inglaterra y Ana de Luxemburgo. Era un poema dedicado con la oraci\u00f3n\u00a0<em>&#8220;porque es el D\u00eda de San Valent\u00edn cuando cada p\u00e1jaro elige a su pareja&#8221;<\/em>.<\/li><li>La carta de Los Amantes en el Tarot siempre es positiva. Est\u00e1 representada por dos enamorados, vigilados por Cupido y por una estrella dorada.<\/li><li>Anualmente en Verona, Italia llegan unas 10.000 cartas dirigidas a Julieta, uno de los personajes memorables de la obra<em>\u00a0&#8220;Romeo y Julieta&#8221;,<\/em>\u00a0inmortalizada por Shakespeare.<\/li><li>La rosa roja era la flor favorita de Venus, la diosa favorita del amor. Adem\u00e1s es considerada la flor del amor, debido a que el color rojo representa fuertes sentimientos rom\u00e1nticos.<\/li><li>Se estima que la famosa expresi\u00f3n\u00a0<em>&#8220;media naranja&#8221;<\/em>\u00a0proviene del di\u00e1logo plat\u00f3nico El Banquete, de Plat\u00f3n. Significa alma gemela, ya que una persona contempla a otra como la mitad de s\u00ed misma.<\/li><li>Las t\u00f3rtolas representan la armon\u00eda, la paz, la uni\u00f3n, as\u00ed como el amor y la amistad entre dos personas. De all\u00ed el muy conocido modismo\u00a0<em>&#8220;parecen t\u00f3rtolos&#8221;.<\/em><\/li><li>Solo en Estados Unidos se compran m\u00e1s de 1.000 millones de d\u00f3lares en chocolates y 187 millones de tallos de rosas, durante este d\u00eda tan rom\u00e1ntico.<\/li><\/ul>\n\n\n\n<p><em><strong>El D\u00eda de San Valent\u00edn en diferentes partes del mundo<\/strong><\/em><\/p>\n\n\n\n<p>El D\u00eda de San Valent\u00edn es de origen europeo y en muchos pa\u00edses de Europa se le conoce como el\u00a0D\u00eda Internacional de los Enamorados, como ocurre en Espa\u00f1a, Francia o B\u00e9lgica.<\/p>\n\n\n\n<p>Sin embargo, no todos los pa\u00edses celebran San Valent\u00edn el mismo d\u00eda ni tienen las mismas costumbres:<\/p>\n\n\n\n<figure class=\"wp-block-image size-large is-resized\"><a href=\"https:\/\/blogs.uninter.edu.mx\/difusioncultural\/wp-content\/uploads\/2022\/02\/cf402db3-9f36-42b6-8c74-bdc268ab6a1f_alta-libre-aspect-ratio_default_0.jpg\"><img decoding=\"async\" src=\"https:\/\/blogs.uninter.edu.mx\/difusioncultural\/wp-content\/uploads\/2022\/02\/cf402db3-9f36-42b6-8c74-bdc268ab6a1f_alta-libre-aspect-ratio_default_0.jpg?w=1024\" alt=\"\" class=\"wp-image-8580\" width=\"593\" height=\"333\" \/><\/a><\/figure>\n\n\n\n<ul class=\"wp-block-list\"><li>En\u00a0<strong>Argentina\u00a0<\/strong>se celebra la<strong><em>\u00a0<\/em><\/strong>Semana de la Dulzura,\u00a0del 1 al 7 de julio. Se dan dulces a cambio de besos.<\/li><li>En\u00a0<strong>Bolivia\u00a0<\/strong>el D\u00eda de los Enamorados se le conoce como\u00a0D\u00eda del Amor y la Amistad<strong><em>\u00a0<\/em><\/strong>y se celebra el\u00a021 de septiembre, coincidiendo con el primer d\u00eda de la primavera cuando las parejas se regalan flores y tarjetas. El 14 de febrero no es d\u00eda de festejo, ya que coincide con la invasi\u00f3n de Antofagasta que inici\u00f3 la Guerra del Pac\u00edfico.<\/li><li>En\u00a0<strong>Brasil<\/strong>\u00a0el\u00a0D\u00eda de los Enamorados o D\u00eda de los Novios<em><strong>\u00a0<\/strong><\/em>se celebra el\u00a012 de junio, en memoria de san Antonio de Padua. El mes de febrero es dedicado exclusivamente al carnaval.<\/li><li>En\u00a0<strong>Centroam\u00e9rica<\/strong>\u00a0se celebra el\u00a014 de febrero, pero se le conoce como\u00a0D\u00eda del Amor y la Amistad o D\u00eda del Cari\u00f1o<strong><em>\u00a0<\/em><\/strong>y est\u00e1 enfocado m\u00e1s bien a la amistad.<\/li><li>En\u00a0<strong>China\u00a0<\/strong>se festeja durante\u00a0el s\u00e9ptimo d\u00eda del s\u00e9ptimo mes lunar. Se celebra el\u00a0&#8220;Festival del Doble Siete<em><strong>&#8220;<\/strong><\/em>.<\/li><li>En\u00a0<strong>Egipto<\/strong>\u00a0se celebra el\u00a04 de noviembre.<\/li><li>En<strong>\u00a0Israel\u00a0<\/strong>se celebra el\u00a030 de julio, conocido como\u00a0<em><strong>Tu Be Ay.<\/strong><\/em><\/li><li>En\u00a0<strong>Jap\u00f3n<\/strong>, el D\u00eda de San Valent\u00edn, conocido como\u00a0<strong><em>Tanabata<\/em><\/strong>, se celebra desde el a\u00f1o 1958 impulsado por una empresa de chocolates, y la tradici\u00f3n es que las mujeres regalan chocolate a todos los hombres, incluyendo sus compa\u00f1eros de trabajo, aunque reservan el mejor chocolate para su pareja. Y un mes despu\u00e9s en marzo, los hombres devuelven a las mujeres el detalle, en el conocido como\u00a0<a rel=\"noreferrer noopener\" href=\"https:\/\/www.diainternacionalde.com\/ficha\/dia-blanco\" target=\"_blank\"><strong>D\u00eda Blanco<\/strong><\/a>, regal\u00e1ndoles obsequios de color blanco, como chocolate blanco o ropa interior de este color.<\/li><li>En\u00a0<strong>Uruguay<\/strong>\u00a0se celebra por partida doble: el\u00a0D\u00eda de los Enamorados\u00a0el\u00a021 de septiembre\u00a0y\u00a0San Valent\u00edn\u00a0el\u00a014 de febrero.<\/li><\/ul>\n\n\n\n<p><strong><em>\u00bfC\u00f3mo puedes celebrar el D\u00eda de los Enamorados?<\/em><\/strong><\/p>\n\n\n\n<p>En la celebraci\u00f3n de este d\u00eda generalmente se acostumbra a salir a cenar en pareja o ir al cine, sin olvidar intercambiar alg\u00fan regalo como chocolates, flores y joyas.<\/p>\n\n\n\n<p>Si no compartes el significado comercial de del D\u00eda de San Valent\u00edn hay muchas cosas que se pueden hacer sin gastar dinero, como disfrutar de un marat\u00f3n de pel\u00edculas sobre el D\u00eda de Los Enamorados en casa, pasar tiempo juntos en un rom\u00e1ntico paseo o dedicarle a tu pareja frases de amor.<\/p>\n\n\n\n<p>Si no tienes pareja tambi\u00e9n puedes celebrar la amistad con tus amigos, o disfrutar del humor de los memes que suelen rondar por las redes sociales acerca de esta efem\u00e9ride.<\/p>\n\n\n\n<figure class=\"wp-block-image size-large is-resized\"><a href=\"https:\/\/blogs.uninter.edu.mx\/difusioncultural\/wp-content\/uploads\/2022\/02\/f.elconfidencial.com_original_df9_c81_2e4_df9c812e4dfb91f7cd15e122030a4e68.jpg\"><img loading=\"lazy\" decoding=\"async\" src=\"https:\/\/blogs.uninter.edu.mx\/difusioncultural\/wp-content\/uploads\/2022\/02\/f.elconfidencial.com_original_df9_c81_2e4_df9c812e4dfb91f7cd15e122030a4e68.jpg?w=1024\" alt=\"\" class=\"wp-image-8582\" width=\"578\" height=\"325\" \/><\/a><\/figure>\n","protected":false},"excerpt":{"rendered":"<p>Cada 14 de febrero se celebra el D\u00eda de Los Enamorados o D\u00eda de San Valent\u00edn, momento en el que el amor toma protagonismo y se suceden escenas rom\u00e1nticas por todos los rincones del planeta. Los enamorados hacen regalos a sus parejas, piden matrimonio a la persona amada y las redes sociales se inundan con&hellip;<\/p>\n","protected":false},"author":24,"featured_media":8584,"comment_status":"closed","ping_status":"open","sticky":false,"template":"","format":"standard","meta":{"_jetpack_memberships_contains_paid_content":false,"footnotes":"","jetpack_publicize_message":"","jetpack_publicize_feature_enabled":true,"jetpack_social_post_already_shared":false,"jetpack_social_options":{"image_generator_settings":{"template":"highway","default_image_id":0,"font":"","enabled":false},"version":2}},"categories":[2,12,11,14],"tags":[],"class_list":["post-8567","post","type-post","status-publish","format-standard","has-post-thumbnail","hentry","category-actividades-artisticas-y-culturales","category-noticias","category-estudiantiles-culturales","category-un-dia-como-hoy"],"yoast_head":"<!-- This site is optimized with the Yoast SEO plugin v26.3 - https:\/\/yoast.com\/wordpress\/plugins\/seo\/ -->\r\n<title>14 de febrero: D\u00eda de los Enamorados o D\u00eda de San Valent\u00edn - Difusi\u00f3n Cultural<\/title>\r\n<meta name=\"robots\" content=\"index, follow, max-snippet:-1, max-image-preview:large, max-video-preview:-1\" \/>\r\n<link rel=\"canonical\" href=\"https:\/\/blogs.uninter.edu.mx\/difusioncultural\/?p=8567\" \/>\r\n<meta property=\"og:locale\" content=\"es_MX\" \/>\r\n<meta property=\"og:type\" content=\"article\" \/>\r\n<meta property=\"og:title\" content=\"14 de febrero: D\u00eda de los Enamorados o D\u00eda de San Valent\u00edn - Difusi\u00f3n Cultural\" \/>\r\n<meta property=\"og:description\" content=\"Cada 14 de febrero se celebra el D\u00eda de Los Enamorados o D\u00eda de San Valent\u00edn, momento en el que el amor toma protagonismo y se suceden escenas rom\u00e1nticas por todos los rincones del planeta. Los enamorados hacen regalos a sus parejas, piden matrimonio a la persona amada y las redes sociales se inundan con&hellip;\" \/>\r\n<meta property=\"og:url\" content=\"https:\/\/blogs.uninter.edu.mx\/difusioncultural\/?p=8567\" \/>\r\n<meta property=\"og:site_name\" content=\"Difusi\u00f3n Cultural\" \/>\r\n<meta property=\"article:published_time\" content=\"2022-02-14T17:03:17+00:00\" \/>\r\n<meta property=\"og:image\" content=\"https:\/\/blogs.uninter.edu.mx\/difusioncultural\/wp-content\/uploads\/2022\/02\/san-valentin-655x368-1.jpg\" \/>\r\n\t<meta property=\"og:image:width\" content=\"900\" \/>\r\n\t<meta property=\"og:image:height\" content=\"500\" \/>\r\n\t<meta property=\"og:image:type\" content=\"image\/jpeg\" \/>\r\n<meta name=\"author\" content=\"Aslhey Alejandra Gonz\u00e1lez Castro\" \/>\r\n<meta name=\"twitter:card\" content=\"summary_large_image\" \/>\r\n<meta name=\"twitter:label1\" content=\"Escrito por\" \/>\n\t<meta name=\"twitter:data1\" content=\"Aslhey Alejandra Gonz\u00e1lez Castro\" \/>\n\t<meta name=\"twitter:label2\" content=\"Tiempo de lectura\" \/>\n\t<meta name=\"twitter:data2\" content=\"7 minutos\" \/>\r\n<script type=\"application\/ld+json\" class=\"yoast-schema-graph\">{\"@context\":\"https:\/\/schema.org\",\"@graph\":[{\"@type\":\"Article\",\"@id\":\"https:\/\/blogs.uninter.edu.mx\/difusioncultural\/?p=8567#article\",\"isPartOf\":{\"@id\":\"https:\/\/blogs.uninter.edu.mx\/difusioncultural\/?p=8567\"},\"author\":{\"name\":\"Aslhey Alejandra Gonz\u00e1lez Castro\",\"@id\":\"https:\/\/blogs.uninter.edu.mx\/difusioncultural\/#\/schema\/person\/c710e37686022500827405824a08a18c\"},\"headline\":\"14 de febrero: D\u00eda de los Enamorados o D\u00eda de San Valent\u00edn\",\"datePublished\":\"2022-02-14T17:03:17+00:00\",\"mainEntityOfPage\":{\"@id\":\"https:\/\/blogs.uninter.edu.mx\/difusioncultural\/?p=8567\"},\"wordCount\":1419,\"publisher\":{\"@id\":\"https:\/\/blogs.uninter.edu.mx\/difusioncultural\/#organization\"},\"image\":{\"@id\":\"https:\/\/blogs.uninter.edu.mx\/difusioncultural\/?p=8567#primaryimage\"},\"thumbnailUrl\":\"https:\/\/blogs.uninter.edu.mx\/difusioncultural\/wp-content\/uploads\/2022\/02\/san-valentin-655x368-1.jpg\",\"articleSection\":[\"Actividades Art\u00edsticas y Culturales\",\"noticias\",\"Talleres Culturales\",\"un dia como hoy\"],\"inLanguage\":\"es\"},{\"@type\":\"WebPage\",\"@id\":\"https:\/\/blogs.uninter.edu.mx\/difusioncultural\/?p=8567\",\"url\":\"https:\/\/blogs.uninter.edu.mx\/difusioncultural\/?p=8567\",\"name\":\"14 de febrero: D\u00eda de los Enamorados o D\u00eda de San Valent\u00edn - Difusi\u00f3n Cultural\",\"isPartOf\":{\"@id\":\"https:\/\/blogs.uninter.edu.mx\/difusioncultural\/#website\"},\"primaryImageOfPage\":{\"@id\":\"https:\/\/blogs.uninter.edu.mx\/difusioncultural\/?p=8567#primaryimage\"},\"image\":{\"@id\":\"https:\/\/blogs.uninter.edu.mx\/difusioncultural\/?p=8567#primaryimage\"},\"thumbnailUrl\":\"https:\/\/blogs.uninter.edu.mx\/difusioncultural\/wp-content\/uploads\/2022\/02\/san-valentin-655x368-1.jpg\",\"datePublished\":\"2022-02-14T17:03:17+00:00\",\"breadcrumb\":{\"@id\":\"https:\/\/blogs.uninter.edu.mx\/difusioncultural\/?p=8567#breadcrumb\"},\"inLanguage\":\"es\",\"potentialAction\":[{\"@type\":\"ReadAction\",\"target\":[\"https:\/\/blogs.uninter.edu.mx\/difusioncultural\/?p=8567\"]}]},{\"@type\":\"ImageObject\",\"inLanguage\":\"es\",\"@id\":\"https:\/\/blogs.uninter.edu.mx\/difusioncultural\/?p=8567#primaryimage\",\"url\":\"https:\/\/blogs.uninter.edu.mx\/difusioncultural\/wp-content\/uploads\/2022\/02\/san-valentin-655x368-1.jpg\",\"contentUrl\":\"https:\/\/blogs.uninter.edu.mx\/difusioncultural\/wp-content\/uploads\/2022\/02\/san-valentin-655x368-1.jpg\",\"width\":900,\"height\":500},{\"@type\":\"BreadcrumbList\",\"@id\":\"https:\/\/blogs.uninter.edu.mx\/difusioncultural\/?p=8567#breadcrumb\",\"itemListElement\":[{\"@type\":\"ListItem\",\"position\":1,\"name\":\"Inicio\",\"item\":\"https:\/\/blogs.uninter.edu.mx\/difusioncultural\/\"},{\"@type\":\"ListItem\",\"position\":2,\"name\":\"14 de febrero: D\u00eda de los Enamorados o D\u00eda de San Valent\u00edn\"}]},{\"@type\":\"WebSite\",\"@id\":\"https:\/\/blogs.uninter.edu.mx\/difusioncultural\/#website\",\"url\":\"https:\/\/blogs.uninter.edu.mx\/difusioncultural\/\",\"name\":\"Difusi\u00f3n Cultural\",\"description\":\"UNINTER\",\"publisher\":{\"@id\":\"https:\/\/blogs.uninter.edu.mx\/difusioncultural\/#organization\"},\"potentialAction\":[{\"@type\":\"SearchAction\",\"target\":{\"@type\":\"EntryPoint\",\"urlTemplate\":\"https:\/\/blogs.uninter.edu.mx\/difusioncultural\/?s={search_term_string}\"},\"query-input\":{\"@type\":\"PropertyValueSpecification\",\"valueRequired\":true,\"valueName\":\"search_term_string\"}}],\"inLanguage\":\"es\"},{\"@type\":\"Organization\",\"@id\":\"https:\/\/blogs.uninter.edu.mx\/difusioncultural\/#organization\",\"name\":\"Difusi\u00f3n Cultural\",\"url\":\"https:\/\/blogs.uninter.edu.mx\/difusioncultural\/\",\"logo\":{\"@type\":\"ImageObject\",\"inLanguage\":\"es\",\"@id\":\"https:\/\/blogs.uninter.edu.mx\/difusioncultural\/#\/schema\/logo\/image\/\",\"url\":\"https:\/\/blogs.uninter.edu.mx\/difusioncultural\/wp-content\/uploads\/2022\/09\/uninter.jpg\",\"contentUrl\":\"https:\/\/blogs.uninter.edu.mx\/difusioncultural\/wp-content\/uploads\/2022\/09\/uninter.jpg\",\"width\":2048,\"height\":2048,\"caption\":\"Difusi\u00f3n Cultural\"},\"image\":{\"@id\":\"https:\/\/blogs.uninter.edu.mx\/difusioncultural\/#\/schema\/logo\/image\/\"}},{\"@type\":\"Person\",\"@id\":\"https:\/\/blogs.uninter.edu.mx\/difusioncultural\/#\/schema\/person\/c710e37686022500827405824a08a18c\",\"name\":\"Aslhey Alejandra Gonz\u00e1lez Castro\",\"image\":{\"@type\":\"ImageObject\",\"inLanguage\":\"es\",\"@id\":\"https:\/\/blogs.uninter.edu.mx\/difusioncultural\/#\/schema\/person\/image\/\",\"url\":\"https:\/\/secure.gravatar.com\/avatar\/1905d6ed47b47ccbfb53e4b64f72f2017309e25d96ef418088d4f998ecf6552e?s=96&d=mm&r=g\",\"contentUrl\":\"https:\/\/secure.gravatar.com\/avatar\/1905d6ed47b47ccbfb53e4b64f72f2017309e25d96ef418088d4f998ecf6552e?s=96&d=mm&r=g\",\"caption\":\"Aslhey Alejandra Gonz\u00e1lez Castro\"},\"url\":\"https:\/\/blogs.uninter.edu.mx\/difusioncultural\/?author=24\"}]}<\/script>\r\n<!-- \/ Yoast SEO plugin. -->","yoast_head_json":{"title":"14 de febrero: D\u00eda de los Enamorados o D\u00eda de San Valent\u00edn - Difusi\u00f3n Cultural","robots":{"index":"index","follow":"follow","max-snippet":"max-snippet:-1","max-image-preview":"max-image-preview:large","max-video-preview":"max-video-preview:-1"},"canonical":"https:\/\/blogs.uninter.edu.mx\/difusioncultural\/?p=8567","og_locale":"es_MX","og_type":"article","og_title":"14 de febrero: D\u00eda de los Enamorados o D\u00eda de San Valent\u00edn - Difusi\u00f3n Cultural","og_description":"Cada 14 de febrero se celebra el D\u00eda de Los Enamorados o D\u00eda de San Valent\u00edn, momento en el que el amor toma protagonismo y se suceden escenas rom\u00e1nticas por todos los rincones del planeta. Los enamorados hacen regalos a sus parejas, piden matrimonio a la persona amada y las redes sociales se inundan con&hellip;","og_url":"https:\/\/blogs.uninter.edu.mx\/difusioncultural\/?p=8567","og_site_name":"Difusi\u00f3n Cultural","article_published_time":"2022-02-14T17:03:17+00:00","og_image":[{"width":900,"height":500,"url":"https:\/\/blogs.uninter.edu.mx\/difusioncultural\/wp-content\/uploads\/2022\/02\/san-valentin-655x368-1.jpg","type":"image\/jpeg"}],"author":"Aslhey Alejandra Gonz\u00e1lez Castro","twitter_card":"summary_large_image","twitter_misc":{"Escrito por":"Aslhey Alejandra Gonz\u00e1lez Castro","Tiempo de lectura":"7 minutos"},"schema":{"@context":"https:\/\/schema.org","@graph":[{"@type":"Article","@id":"https:\/\/blogs.uninter.edu.mx\/difusioncultural\/?p=8567#article","isPartOf":{"@id":"https:\/\/blogs.uninter.edu.mx\/difusioncultural\/?p=8567"},"author":{"name":"Aslhey Alejandra Gonz\u00e1lez Castro","@id":"https:\/\/blogs.uninter.edu.mx\/difusioncultural\/#\/schema\/person\/c710e37686022500827405824a08a18c"},"headline":"14 de febrero: D\u00eda de los Enamorados o D\u00eda de San Valent\u00edn","datePublished":"2022-02-14T17:03:17+00:00","mainEntityOfPage":{"@id":"https:\/\/blogs.uninter.edu.mx\/difusioncultural\/?p=8567"},"wordCount":1419,"publisher":{"@id":"https:\/\/blogs.uninter.edu.mx\/difusioncultural\/#organization"},"image":{"@id":"https:\/\/blogs.uninter.edu.mx\/difusioncultural\/?p=8567#primaryimage"},"thumbnailUrl":"https:\/\/blogs.uninter.edu.mx\/difusioncultural\/wp-content\/uploads\/2022\/02\/san-valentin-655x368-1.jpg","articleSection":["Actividades Art\u00edsticas y Culturales","noticias","Talleres Culturales","un dia como hoy"],"inLanguage":"es"},{"@type":"WebPage","@id":"https:\/\/blogs.uninter.edu.mx\/difusioncultural\/?p=8567","url":"https:\/\/blogs.uninter.edu.mx\/difusioncultural\/?p=8567","name":"14 de febrero: D\u00eda de los Enamorados o D\u00eda de San Valent\u00edn - Difusi\u00f3n Cultural","isPartOf":{"@id":"https:\/\/blogs.uninter.edu.mx\/difusioncultural\/#website"},"primaryImageOfPage":{"@id":"https:\/\/blogs.uninter.edu.mx\/difusioncultural\/?p=8567#primaryimage"},"image":{"@id":"https:\/\/blogs.uninter.edu.mx\/difusioncultural\/?p=8567#primaryimage"},"thumbnailUrl":"https:\/\/blogs.uninter.edu.mx\/difusioncultural\/wp-content\/uploads\/2022\/02\/san-valentin-655x368-1.jpg","datePublished":"2022-02-14T17:03:17+00:00","breadcrumb":{"@id":"https:\/\/blogs.uninter.edu.mx\/difusioncultural\/?p=8567#breadcrumb"},"inLanguage":"es","potentialAction":[{"@type":"ReadAction","target":["https:\/\/blogs.uninter.edu.mx\/difusioncultural\/?p=8567"]}]},{"@type":"ImageObject","inLanguage":"es","@id":"https:\/\/blogs.uninter.edu.mx\/difusioncultural\/?p=8567#primaryimage","url":"https:\/\/blogs.uninter.edu.mx\/difusioncultural\/wp-content\/uploads\/2022\/02\/san-valentin-655x368-1.jpg","contentUrl":"https:\/\/blogs.uninter.edu.mx\/difusioncultural\/wp-content\/uploads\/2022\/02\/san-valentin-655x368-1.jpg","width":900,"height":500},{"@type":"BreadcrumbList","@id":"https:\/\/blogs.uninter.edu.mx\/difusioncultural\/?p=8567#breadcrumb","itemListElement":[{"@type":"ListItem","position":1,"name":"Inicio","item":"https:\/\/blogs.uninter.edu.mx\/difusioncultural\/"},{"@type":"ListItem","position":2,"name":"14 de febrero: D\u00eda de los Enamorados o D\u00eda de San Valent\u00edn"}]},{"@type":"WebSite","@id":"https:\/\/blogs.uninter.edu.mx\/difusioncultural\/#website","url":"https:\/\/blogs.uninter.edu.mx\/difusioncultural\/","name":"Difusi\u00f3n Cultural","description":"UNINTER","publisher":{"@id":"https:\/\/blogs.uninter.edu.mx\/difusioncultural\/#organization"},"potentialAction":[{"@type":"SearchAction","target":{"@type":"EntryPoint","urlTemplate":"https:\/\/blogs.uninter.edu.mx\/difusioncultural\/?s={search_term_string}"},"query-input":{"@type":"PropertyValueSpecification","valueRequired":true,"valueName":"search_term_string"}}],"inLanguage":"es"},{"@type":"Organization","@id":"https:\/\/blogs.uninter.edu.mx\/difusioncultural\/#organization","name":"Difusi\u00f3n Cultural","url":"https:\/\/blogs.uninter.edu.mx\/difusioncultural\/","logo":{"@type":"ImageObject","inLanguage":"es","@id":"https:\/\/blogs.uninter.edu.mx\/difusioncultural\/#\/schema\/logo\/image\/","url":"https:\/\/blogs.uninter.edu.mx\/difusioncultural\/wp-content\/uploads\/2022\/09\/uninter.jpg","contentUrl":"https:\/\/blogs.uninter.edu.mx\/difusioncultural\/wp-content\/uploads\/2022\/09\/uninter.jpg","width":2048,"height":2048,"caption":"Difusi\u00f3n Cultural"},"image":{"@id":"https:\/\/blogs.uninter.edu.mx\/difusioncultural\/#\/schema\/logo\/image\/"}},{"@type":"Person","@id":"https:\/\/blogs.uninter.edu.mx\/difusioncultural\/#\/schema\/person\/c710e37686022500827405824a08a18c","name":"Aslhey Alejandra Gonz\u00e1lez Castro","image":{"@type":"ImageObject","inLanguage":"es","@id":"https:\/\/blogs.uninter.edu.mx\/difusioncultural\/#\/schema\/person\/image\/","url":"https:\/\/secure.gravatar.com\/avatar\/1905d6ed47b47ccbfb53e4b64f72f2017309e25d96ef418088d4f998ecf6552e?s=96&d=mm&r=g","contentUrl":"https:\/\/secure.gravatar.com\/avatar\/1905d6ed47b47ccbfb53e4b64f72f2017309e25d96ef418088d4f998ecf6552e?s=96&d=mm&r=g","caption":"Aslhey Alejandra Gonz\u00e1lez Castro"},"url":"https:\/\/blogs.uninter.edu.mx\/difusioncultural\/?author=24"}]}},"jetpack_publicize_connections":[],"jetpack_featured_media_url":"https:\/\/blogs.uninter.edu.mx\/difusioncultural\/wp-content\/uploads\/2022\/02\/san-valentin-655x368-1.jpg","jetpack_sharing_enabled":true,"_links":{"self":[{"href":"https:\/\/blogs.uninter.edu.mx\/difusioncultural\/index.php?rest_route=\/wp\/v2\/posts\/8567","targetHints":{"allow":["GET"]}}],"collection":[{"href":"https:\/\/blogs.uninter.edu.mx\/difusioncultural\/index.php?rest_route=\/wp\/v2\/posts"}],"about":[{"href":"https:\/\/blogs.uninter.edu.mx\/difusioncultural\/index.php?rest_route=\/wp\/v2\/types\/post"}],"author":[{"embeddable":true,"href":"https:\/\/blogs.uninter.edu.mx\/difusioncultural\/index.php?rest_route=\/wp\/v2\/users\/24"}],"replies":[{"embeddable":true,"href":"https:\/\/blogs.uninter.edu.mx\/difusioncultural\/index.php?rest_route=%2Fwp%2Fv2%2Fcomments&post=8567"}],"version-history":[{"count":0,"href":"https:\/\/blogs.uninter.edu.mx\/difusioncultural\/index.php?rest_route=\/wp\/v2\/posts\/8567\/revisions"}],"wp:featuredmedia":[{"embeddable":true,"href":"https:\/\/blogs.uninter.edu.mx\/difusioncultural\/index.php?rest_route=\/wp\/v2\/media\/8584"}],"wp:attachment":[{"href":"https:\/\/blogs.uninter.edu.mx\/difusioncultural\/index.php?rest_route=%2Fwp%2Fv2%2Fmedia&parent=8567"}],"wp:term":[{"taxonomy":"category","embeddable":true,"href":"https:\/\/blogs.uninter.edu.mx\/difusioncultural\/index.php?rest_route=%2Fwp%2Fv2%2Fcategories&post=8567"},{"taxonomy":"post_tag","embeddable":true,"href":"https:\/\/blogs.uninter.edu.mx\/difusioncultural\/index.php?rest_route=%2Fwp%2Fv2%2Ftags&post=8567"}],"curies":[{"name":"wp","href":"https:\/\/api.w.org\/{rel}","templated":true}]}}