{"id":8620,"date":"2022-02-23T08:46:32","date_gmt":"2022-02-23T14:46:32","guid":{"rendered":"https:\/\/difusionculturaluninter.wordpress.com\/?p=8620"},"modified":"2022-02-23T08:46:32","modified_gmt":"2022-02-23T14:46:32","slug":"23-de-febrero-nace-compositor-aleman-georg-friedrich-handel","status":"publish","type":"post","link":"https:\/\/blogs.uninter.edu.mx\/difusioncultural\/?p=8620","title":{"rendered":"23 de febrero: Nace compositor alem\u00e1n Georg Friedrich Handel"},"content":{"rendered":"\n<p><strong>Pasaron 336 a\u00f1os del nacimiento del m\u00fasico nacido en la ciudad alemana de Halle. Sin embargo, contin\u00faa siendo uno de los favoritos del barroco europeo, junto con Bach, y de los m\u00e1s influyentes de la m\u00fasica universal. En esta nota, repasamos parte de su gran legado musical y c\u00f3mo deslumbr\u00f3 a los ingleses con las grandes \u00f3peras de Italia.<\/strong><\/p>\n\n\n\n<figure class=\"wp-block-image size-large is-resized\"><a href=\"https:\/\/blogs.uninter.edu.mx\/difusioncultural\/wp-content\/uploads\/2022\/02\/haendel_uftvosa.jpg\"><img fetchpriority=\"high\" decoding=\"async\" src=\"https:\/\/blogs.uninter.edu.mx\/difusioncultural\/wp-content\/uploads\/2022\/02\/haendel_uftvosa.jpg?w=792\" alt=\"\" class=\"wp-image-8623\" width=\"635\" height=\"821\" \/><\/a><\/figure>\n\n\n\n<p>Su padre, cirujano de la corte de Sajonia, quer\u00eda que el ni\u00f1o fuera abogado. Sin embargo, desde muy temprano, este demostr\u00f3 un gran inter\u00e9s y predisposici\u00f3n por la m\u00fasica y la composici\u00f3n. Fue tal la insistencia que, finalmente, se le permiti\u00f3 estudiar con el organista Friedrich Wilhelm Zachow, un destacado m\u00fasico y profesor del llamado Barroco alem\u00e1n. A partir de ah\u00ed, el ni\u00f1o conoci\u00f3 y aprendi\u00f3 composici\u00f3n y g\u00e9neros musicales, y las obras de los m\u00e1s grandes compositores hasta el momento; sin advertir que \u00e9l mismo se convertir\u00eda tambi\u00e9n en\u00a0uno de los m\u00e1s notables de su generaci\u00f3n: Georg Friedrich H\u00e4ndel.<\/p>\n\n\n\n<p>Fue ah\u00ed, en Italia, cuando la corte de Hannover lo contrat\u00f3 como maestro de capilla para que desplegara todo su trabajo musical. Esto, adem\u00e1s, le permit\u00eda viajar y exponer las \u00f3peras italianas que tanto le fascinaban. Y lo hizo&nbsp;<strong>en Londres, donde la m\u00fasica italiana estaba muy de moda<\/strong>. De hecho, a sus 34 a\u00f1os, la aristocracia inglesa inaugur\u00f3 un teatro dedicado a la \u00f3pera de la bella Italia. H\u00e4ndel, maravillado y sin perder la oportunidad, se qued\u00f3 mucho m\u00e1s tiempo del requerido. La corte de Hannover lo despidi\u00f3 y \u00e9l&nbsp;<strong>se qued\u00f3 en Londres, escribiendo \u00f3peras y difundiendo las mejores piezas italianas, entre otras composiciones. All\u00ed en Inglaterra fue m\u00e1s que reconocido y por eso permaneci\u00f3 durante 48 a\u00f1os, hasta el final de su vida. En 1727 obtuvo la nacionalidad brit\u00e1nica<\/strong>.<\/p>\n\n\n\n<p><strong>Su gran pasi\u00f3n fue la \u00f3pera<\/strong>, aquellas obras dram\u00e1ticas para ser representadas mediante el virtuosismo del canto l\u00edrico, con acompa\u00f1amiento instrumental. No obstante, en tanto lenguaje musical,&nbsp;<strong>la sensibilidad y el sentido dram\u00e1tico de H\u00e4ndel lo llevaron siempre m\u00e1s all\u00e1. Se dio cuenta de que servir \u00fanicamente a las voces en escena no era suficiente: la m\u00fasica tambi\u00e9n deb\u00eda llegar al p\u00fablico<\/strong>, el sonido tambi\u00e9n ten\u00eda que aportar al personaje una profundidad psicol\u00f3gica genuina.<\/p>\n\n\n\n<p>Esto se puede ver en algunas de sus \u00f3peras como&nbsp;<em>Julio C\u00e9sar<\/em>&nbsp;(1724),&nbsp;<em>Orlando<\/em>&nbsp;(1733) y&nbsp;<em>Alcina<\/em>&nbsp;(1735). H\u00e4ndel no quer\u00eda un simple virtuosismo vocal de los int\u00e9rpretes. Entonces, le aporta una mayor riqueza con efectos que intentan, sobre todo, conmover y emocionar. En&nbsp;<em>Julio C\u00e9sar<\/em>, por ejemplo, coloc\u00f3 una segunda orquesta en el escenario, nada habitual entonces, para aportar m\u00e1s dramatismo al espect\u00e1culo mismo. En sus obras, de alg\u00fan modo, siempre se encuentra ese toque superador.&nbsp;&nbsp;&nbsp;<\/p>\n","protected":false},"excerpt":{"rendered":"<p>Pasaron 336 a\u00f1os del nacimiento del m\u00fasico nacido en la ciudad alemana de Halle. Sin embargo, contin\u00faa siendo uno de los favoritos del barroco europeo, junto con Bach, y de los m\u00e1s influyentes de la m\u00fasica universal. En esta nota, repasamos parte de su gran legado musical y c\u00f3mo deslumbr\u00f3 a los ingleses con las&hellip;<\/p>\n","protected":false},"author":24,"featured_media":8625,"comment_status":"closed","ping_status":"open","sticky":false,"template":"","format":"standard","meta":{"_jetpack_memberships_contains_paid_content":false,"footnotes":"","jetpack_publicize_message":"","jetpack_publicize_feature_enabled":true,"jetpack_social_post_already_shared":false,"jetpack_social_options":{"image_generator_settings":{"template":"highway","default_image_id":0,"font":"","enabled":false},"version":2}},"categories":[12,14],"tags":[],"class_list":["post-8620","post","type-post","status-publish","format-standard","has-post-thumbnail","hentry","category-noticias","category-un-dia-como-hoy"],"yoast_head":"<!-- This site is optimized with the Yoast SEO plugin v26.3 - https:\/\/yoast.com\/wordpress\/plugins\/seo\/ -->\r\n<title>23 de febrero: Nace compositor alem\u00e1n Georg Friedrich Handel - Difusi\u00f3n Cultural<\/title>\r\n<meta name=\"robots\" content=\"index, follow, max-snippet:-1, max-image-preview:large, max-video-preview:-1\" \/>\r\n<link rel=\"canonical\" href=\"https:\/\/blogs.uninter.edu.mx\/difusioncultural\/?p=8620\" \/>\r\n<meta property=\"og:locale\" content=\"es_MX\" \/>\r\n<meta property=\"og:type\" content=\"article\" \/>\r\n<meta property=\"og:title\" content=\"23 de febrero: Nace compositor alem\u00e1n Georg Friedrich Handel - Difusi\u00f3n Cultural\" \/>\r\n<meta property=\"og:description\" content=\"Pasaron 336 a\u00f1os del nacimiento del m\u00fasico nacido en la ciudad alemana de Halle. Sin embargo, contin\u00faa siendo uno de los favoritos del barroco europeo, junto con Bach, y de los m\u00e1s influyentes de la m\u00fasica universal. En esta nota, repasamos parte de su gran legado musical y c\u00f3mo deslumbr\u00f3 a los ingleses con las&hellip;\" \/>\r\n<meta property=\"og:url\" content=\"https:\/\/blogs.uninter.edu.mx\/difusioncultural\/?p=8620\" \/>\r\n<meta property=\"og:site_name\" content=\"Difusi\u00f3n Cultural\" \/>\r\n<meta property=\"article:published_time\" content=\"2022-02-23T14:46:32+00:00\" \/>\r\n<meta property=\"og:image\" content=\"https:\/\/blogs.uninter.edu.mx\/difusioncultural\/wp-content\/uploads\/2022\/02\/georg_friedrich_handel_1685_1_hi.jpg\" \/>\r\n\t<meta property=\"og:image:width\" content=\"450\" \/>\r\n\t<meta property=\"og:image:height\" content=\"625\" \/>\r\n\t<meta property=\"og:image:type\" content=\"image\/jpeg\" \/>\r\n<meta name=\"author\" content=\"Aslhey Alejandra Gonz\u00e1lez Castro\" \/>\r\n<meta name=\"twitter:card\" content=\"summary_large_image\" \/>\r\n<meta name=\"twitter:label1\" content=\"Escrito por\" \/>\n\t<meta name=\"twitter:data1\" content=\"Aslhey Alejandra Gonz\u00e1lez Castro\" \/>\n\t<meta name=\"twitter:label2\" content=\"Tiempo de lectura\" \/>\n\t<meta name=\"twitter:data2\" content=\"3 minutos\" \/>\r\n<script type=\"application\/ld+json\" class=\"yoast-schema-graph\">{\"@context\":\"https:\/\/schema.org\",\"@graph\":[{\"@type\":\"Article\",\"@id\":\"https:\/\/blogs.uninter.edu.mx\/difusioncultural\/?p=8620#article\",\"isPartOf\":{\"@id\":\"https:\/\/blogs.uninter.edu.mx\/difusioncultural\/?p=8620\"},\"author\":{\"name\":\"Aslhey Alejandra Gonz\u00e1lez Castro\",\"@id\":\"https:\/\/blogs.uninter.edu.mx\/difusioncultural\/#\/schema\/person\/c710e37686022500827405824a08a18c\"},\"headline\":\"23 de febrero: Nace compositor alem\u00e1n Georg Friedrich Handel\",\"datePublished\":\"2022-02-23T14:46:32+00:00\",\"mainEntityOfPage\":{\"@id\":\"https:\/\/blogs.uninter.edu.mx\/difusioncultural\/?p=8620\"},\"wordCount\":512,\"publisher\":{\"@id\":\"https:\/\/blogs.uninter.edu.mx\/difusioncultural\/#organization\"},\"image\":{\"@id\":\"https:\/\/blogs.uninter.edu.mx\/difusioncultural\/?p=8620#primaryimage\"},\"thumbnailUrl\":\"https:\/\/blogs.uninter.edu.mx\/difusioncultural\/wp-content\/uploads\/2022\/02\/georg_friedrich_handel_1685_1_hi.jpg\",\"articleSection\":[\"noticias\",\"un dia como hoy\"],\"inLanguage\":\"es\"},{\"@type\":\"WebPage\",\"@id\":\"https:\/\/blogs.uninter.edu.mx\/difusioncultural\/?p=8620\",\"url\":\"https:\/\/blogs.uninter.edu.mx\/difusioncultural\/?p=8620\",\"name\":\"23 de febrero: Nace compositor alem\u00e1n Georg Friedrich Handel - Difusi\u00f3n Cultural\",\"isPartOf\":{\"@id\":\"https:\/\/blogs.uninter.edu.mx\/difusioncultural\/#website\"},\"primaryImageOfPage\":{\"@id\":\"https:\/\/blogs.uninter.edu.mx\/difusioncultural\/?p=8620#primaryimage\"},\"image\":{\"@id\":\"https:\/\/blogs.uninter.edu.mx\/difusioncultural\/?p=8620#primaryimage\"},\"thumbnailUrl\":\"https:\/\/blogs.uninter.edu.mx\/difusioncultural\/wp-content\/uploads\/2022\/02\/georg_friedrich_handel_1685_1_hi.jpg\",\"datePublished\":\"2022-02-23T14:46:32+00:00\",\"breadcrumb\":{\"@id\":\"https:\/\/blogs.uninter.edu.mx\/difusioncultural\/?p=8620#breadcrumb\"},\"inLanguage\":\"es\",\"potentialAction\":[{\"@type\":\"ReadAction\",\"target\":[\"https:\/\/blogs.uninter.edu.mx\/difusioncultural\/?p=8620\"]}]},{\"@type\":\"ImageObject\",\"inLanguage\":\"es\",\"@id\":\"https:\/\/blogs.uninter.edu.mx\/difusioncultural\/?p=8620#primaryimage\",\"url\":\"https:\/\/blogs.uninter.edu.mx\/difusioncultural\/wp-content\/uploads\/2022\/02\/georg_friedrich_handel_1685_1_hi.jpg\",\"contentUrl\":\"https:\/\/blogs.uninter.edu.mx\/difusioncultural\/wp-content\/uploads\/2022\/02\/georg_friedrich_handel_1685_1_hi.jpg\",\"width\":450,\"height\":625,\"caption\":\"XIR175589 Georg Friedrich Handel (1685-1759) (oil on canvas) by Italian School, (18th century) oil on canvas Civico Museo Bibliografico Musicale, Bologna, Italy Italian, out of copyright\"},{\"@type\":\"BreadcrumbList\",\"@id\":\"https:\/\/blogs.uninter.edu.mx\/difusioncultural\/?p=8620#breadcrumb\",\"itemListElement\":[{\"@type\":\"ListItem\",\"position\":1,\"name\":\"Inicio\",\"item\":\"https:\/\/blogs.uninter.edu.mx\/difusioncultural\/\"},{\"@type\":\"ListItem\",\"position\":2,\"name\":\"23 de febrero: Nace compositor alem\u00e1n Georg Friedrich Handel\"}]},{\"@type\":\"WebSite\",\"@id\":\"https:\/\/blogs.uninter.edu.mx\/difusioncultural\/#website\",\"url\":\"https:\/\/blogs.uninter.edu.mx\/difusioncultural\/\",\"name\":\"Difusi\u00f3n Cultural\",\"description\":\"UNINTER\",\"publisher\":{\"@id\":\"https:\/\/blogs.uninter.edu.mx\/difusioncultural\/#organization\"},\"potentialAction\":[{\"@type\":\"SearchAction\",\"target\":{\"@type\":\"EntryPoint\",\"urlTemplate\":\"https:\/\/blogs.uninter.edu.mx\/difusioncultural\/?s={search_term_string}\"},\"query-input\":{\"@type\":\"PropertyValueSpecification\",\"valueRequired\":true,\"valueName\":\"search_term_string\"}}],\"inLanguage\":\"es\"},{\"@type\":\"Organization\",\"@id\":\"https:\/\/blogs.uninter.edu.mx\/difusioncultural\/#organization\",\"name\":\"Difusi\u00f3n Cultural\",\"url\":\"https:\/\/blogs.uninter.edu.mx\/difusioncultural\/\",\"logo\":{\"@type\":\"ImageObject\",\"inLanguage\":\"es\",\"@id\":\"https:\/\/blogs.uninter.edu.mx\/difusioncultural\/#\/schema\/logo\/image\/\",\"url\":\"https:\/\/blogs.uninter.edu.mx\/difusioncultural\/wp-content\/uploads\/2022\/09\/uninter.jpg\",\"contentUrl\":\"https:\/\/blogs.uninter.edu.mx\/difusioncultural\/wp-content\/uploads\/2022\/09\/uninter.jpg\",\"width\":2048,\"height\":2048,\"caption\":\"Difusi\u00f3n Cultural\"},\"image\":{\"@id\":\"https:\/\/blogs.uninter.edu.mx\/difusioncultural\/#\/schema\/logo\/image\/\"}},{\"@type\":\"Person\",\"@id\":\"https:\/\/blogs.uninter.edu.mx\/difusioncultural\/#\/schema\/person\/c710e37686022500827405824a08a18c\",\"name\":\"Aslhey Alejandra Gonz\u00e1lez Castro\",\"image\":{\"@type\":\"ImageObject\",\"inLanguage\":\"es\",\"@id\":\"https:\/\/blogs.uninter.edu.mx\/difusioncultural\/#\/schema\/person\/image\/\",\"url\":\"https:\/\/secure.gravatar.com\/avatar\/1905d6ed47b47ccbfb53e4b64f72f2017309e25d96ef418088d4f998ecf6552e?s=96&d=mm&r=g\",\"contentUrl\":\"https:\/\/secure.gravatar.com\/avatar\/1905d6ed47b47ccbfb53e4b64f72f2017309e25d96ef418088d4f998ecf6552e?s=96&d=mm&r=g\",\"caption\":\"Aslhey Alejandra Gonz\u00e1lez Castro\"},\"url\":\"https:\/\/blogs.uninter.edu.mx\/difusioncultural\/?author=24\"}]}<\/script>\r\n<!-- \/ Yoast SEO plugin. -->","yoast_head_json":{"title":"23 de febrero: Nace compositor alem\u00e1n Georg Friedrich Handel - Difusi\u00f3n Cultural","robots":{"index":"index","follow":"follow","max-snippet":"max-snippet:-1","max-image-preview":"max-image-preview:large","max-video-preview":"max-video-preview:-1"},"canonical":"https:\/\/blogs.uninter.edu.mx\/difusioncultural\/?p=8620","og_locale":"es_MX","og_type":"article","og_title":"23 de febrero: Nace compositor alem\u00e1n Georg Friedrich Handel - Difusi\u00f3n Cultural","og_description":"Pasaron 336 a\u00f1os del nacimiento del m\u00fasico nacido en la ciudad alemana de Halle. Sin embargo, contin\u00faa siendo uno de los favoritos del barroco europeo, junto con Bach, y de los m\u00e1s influyentes de la m\u00fasica universal. En esta nota, repasamos parte de su gran legado musical y c\u00f3mo deslumbr\u00f3 a los ingleses con las&hellip;","og_url":"https:\/\/blogs.uninter.edu.mx\/difusioncultural\/?p=8620","og_site_name":"Difusi\u00f3n Cultural","article_published_time":"2022-02-23T14:46:32+00:00","og_image":[{"width":450,"height":625,"url":"https:\/\/blogs.uninter.edu.mx\/difusioncultural\/wp-content\/uploads\/2022\/02\/georg_friedrich_handel_1685_1_hi.jpg","type":"image\/jpeg"}],"author":"Aslhey Alejandra Gonz\u00e1lez Castro","twitter_card":"summary_large_image","twitter_misc":{"Escrito por":"Aslhey Alejandra Gonz\u00e1lez Castro","Tiempo de lectura":"3 minutos"},"schema":{"@context":"https:\/\/schema.org","@graph":[{"@type":"Article","@id":"https:\/\/blogs.uninter.edu.mx\/difusioncultural\/?p=8620#article","isPartOf":{"@id":"https:\/\/blogs.uninter.edu.mx\/difusioncultural\/?p=8620"},"author":{"name":"Aslhey Alejandra Gonz\u00e1lez Castro","@id":"https:\/\/blogs.uninter.edu.mx\/difusioncultural\/#\/schema\/person\/c710e37686022500827405824a08a18c"},"headline":"23 de febrero: Nace compositor alem\u00e1n Georg Friedrich Handel","datePublished":"2022-02-23T14:46:32+00:00","mainEntityOfPage":{"@id":"https:\/\/blogs.uninter.edu.mx\/difusioncultural\/?p=8620"},"wordCount":512,"publisher":{"@id":"https:\/\/blogs.uninter.edu.mx\/difusioncultural\/#organization"},"image":{"@id":"https:\/\/blogs.uninter.edu.mx\/difusioncultural\/?p=8620#primaryimage"},"thumbnailUrl":"https:\/\/blogs.uninter.edu.mx\/difusioncultural\/wp-content\/uploads\/2022\/02\/georg_friedrich_handel_1685_1_hi.jpg","articleSection":["noticias","un dia como hoy"],"inLanguage":"es"},{"@type":"WebPage","@id":"https:\/\/blogs.uninter.edu.mx\/difusioncultural\/?p=8620","url":"https:\/\/blogs.uninter.edu.mx\/difusioncultural\/?p=8620","name":"23 de febrero: Nace compositor alem\u00e1n Georg Friedrich Handel - Difusi\u00f3n Cultural","isPartOf":{"@id":"https:\/\/blogs.uninter.edu.mx\/difusioncultural\/#website"},"primaryImageOfPage":{"@id":"https:\/\/blogs.uninter.edu.mx\/difusioncultural\/?p=8620#primaryimage"},"image":{"@id":"https:\/\/blogs.uninter.edu.mx\/difusioncultural\/?p=8620#primaryimage"},"thumbnailUrl":"https:\/\/blogs.uninter.edu.mx\/difusioncultural\/wp-content\/uploads\/2022\/02\/georg_friedrich_handel_1685_1_hi.jpg","datePublished":"2022-02-23T14:46:32+00:00","breadcrumb":{"@id":"https:\/\/blogs.uninter.edu.mx\/difusioncultural\/?p=8620#breadcrumb"},"inLanguage":"es","potentialAction":[{"@type":"ReadAction","target":["https:\/\/blogs.uninter.edu.mx\/difusioncultural\/?p=8620"]}]},{"@type":"ImageObject","inLanguage":"es","@id":"https:\/\/blogs.uninter.edu.mx\/difusioncultural\/?p=8620#primaryimage","url":"https:\/\/blogs.uninter.edu.mx\/difusioncultural\/wp-content\/uploads\/2022\/02\/georg_friedrich_handel_1685_1_hi.jpg","contentUrl":"https:\/\/blogs.uninter.edu.mx\/difusioncultural\/wp-content\/uploads\/2022\/02\/georg_friedrich_handel_1685_1_hi.jpg","width":450,"height":625,"caption":"XIR175589 Georg Friedrich Handel (1685-1759) (oil on canvas) by Italian School, (18th century) oil on canvas Civico Museo Bibliografico Musicale, Bologna, Italy Italian, out of copyright"},{"@type":"BreadcrumbList","@id":"https:\/\/blogs.uninter.edu.mx\/difusioncultural\/?p=8620#breadcrumb","itemListElement":[{"@type":"ListItem","position":1,"name":"Inicio","item":"https:\/\/blogs.uninter.edu.mx\/difusioncultural\/"},{"@type":"ListItem","position":2,"name":"23 de febrero: Nace compositor alem\u00e1n Georg Friedrich Handel"}]},{"@type":"WebSite","@id":"https:\/\/blogs.uninter.edu.mx\/difusioncultural\/#website","url":"https:\/\/blogs.uninter.edu.mx\/difusioncultural\/","name":"Difusi\u00f3n Cultural","description":"UNINTER","publisher":{"@id":"https:\/\/blogs.uninter.edu.mx\/difusioncultural\/#organization"},"potentialAction":[{"@type":"SearchAction","target":{"@type":"EntryPoint","urlTemplate":"https:\/\/blogs.uninter.edu.mx\/difusioncultural\/?s={search_term_string}"},"query-input":{"@type":"PropertyValueSpecification","valueRequired":true,"valueName":"search_term_string"}}],"inLanguage":"es"},{"@type":"Organization","@id":"https:\/\/blogs.uninter.edu.mx\/difusioncultural\/#organization","name":"Difusi\u00f3n Cultural","url":"https:\/\/blogs.uninter.edu.mx\/difusioncultural\/","logo":{"@type":"ImageObject","inLanguage":"es","@id":"https:\/\/blogs.uninter.edu.mx\/difusioncultural\/#\/schema\/logo\/image\/","url":"https:\/\/blogs.uninter.edu.mx\/difusioncultural\/wp-content\/uploads\/2022\/09\/uninter.jpg","contentUrl":"https:\/\/blogs.uninter.edu.mx\/difusioncultural\/wp-content\/uploads\/2022\/09\/uninter.jpg","width":2048,"height":2048,"caption":"Difusi\u00f3n Cultural"},"image":{"@id":"https:\/\/blogs.uninter.edu.mx\/difusioncultural\/#\/schema\/logo\/image\/"}},{"@type":"Person","@id":"https:\/\/blogs.uninter.edu.mx\/difusioncultural\/#\/schema\/person\/c710e37686022500827405824a08a18c","name":"Aslhey Alejandra Gonz\u00e1lez Castro","image":{"@type":"ImageObject","inLanguage":"es","@id":"https:\/\/blogs.uninter.edu.mx\/difusioncultural\/#\/schema\/person\/image\/","url":"https:\/\/secure.gravatar.com\/avatar\/1905d6ed47b47ccbfb53e4b64f72f2017309e25d96ef418088d4f998ecf6552e?s=96&d=mm&r=g","contentUrl":"https:\/\/secure.gravatar.com\/avatar\/1905d6ed47b47ccbfb53e4b64f72f2017309e25d96ef418088d4f998ecf6552e?s=96&d=mm&r=g","caption":"Aslhey Alejandra Gonz\u00e1lez Castro"},"url":"https:\/\/blogs.uninter.edu.mx\/difusioncultural\/?author=24"}]}},"jetpack_publicize_connections":[],"jetpack_featured_media_url":"https:\/\/blogs.uninter.edu.mx\/difusioncultural\/wp-content\/uploads\/2022\/02\/georg_friedrich_handel_1685_1_hi.jpg","jetpack_sharing_enabled":true,"_links":{"self":[{"href":"https:\/\/blogs.uninter.edu.mx\/difusioncultural\/index.php?rest_route=\/wp\/v2\/posts\/8620","targetHints":{"allow":["GET"]}}],"collection":[{"href":"https:\/\/blogs.uninter.edu.mx\/difusioncultural\/index.php?rest_route=\/wp\/v2\/posts"}],"about":[{"href":"https:\/\/blogs.uninter.edu.mx\/difusioncultural\/index.php?rest_route=\/wp\/v2\/types\/post"}],"author":[{"embeddable":true,"href":"https:\/\/blogs.uninter.edu.mx\/difusioncultural\/index.php?rest_route=\/wp\/v2\/users\/24"}],"replies":[{"embeddable":true,"href":"https:\/\/blogs.uninter.edu.mx\/difusioncultural\/index.php?rest_route=%2Fwp%2Fv2%2Fcomments&post=8620"}],"version-history":[{"count":0,"href":"https:\/\/blogs.uninter.edu.mx\/difusioncultural\/index.php?rest_route=\/wp\/v2\/posts\/8620\/revisions"}],"wp:featuredmedia":[{"embeddable":true,"href":"https:\/\/blogs.uninter.edu.mx\/difusioncultural\/index.php?rest_route=\/wp\/v2\/media\/8625"}],"wp:attachment":[{"href":"https:\/\/blogs.uninter.edu.mx\/difusioncultural\/index.php?rest_route=%2Fwp%2Fv2%2Fmedia&parent=8620"}],"wp:term":[{"taxonomy":"category","embeddable":true,"href":"https:\/\/blogs.uninter.edu.mx\/difusioncultural\/index.php?rest_route=%2Fwp%2Fv2%2Fcategories&post=8620"},{"taxonomy":"post_tag","embeddable":true,"href":"https:\/\/blogs.uninter.edu.mx\/difusioncultural\/index.php?rest_route=%2Fwp%2Fv2%2Ftags&post=8620"}],"curies":[{"name":"wp","href":"https:\/\/api.w.org\/{rel}","templated":true}]}}