{"id":8638,"date":"2022-02-28T15:01:56","date_gmt":"2022-02-28T21:01:56","guid":{"rendered":"https:\/\/difusionculturaluninter.wordpress.com\/?p=8638"},"modified":"2022-02-28T15:01:56","modified_gmt":"2022-02-28T21:01:56","slug":"28-de-febrero-muere-cuauhtemoc","status":"publish","type":"post","link":"https:\/\/blogs.uninter.edu.mx\/difusioncultural\/?p=8638","title":{"rendered":"28 de Febrero: Muere&nbsp;Cuauht\u00e9moc"},"content":{"rendered":"\n<p>Uno de los m\u00e1s nobles, valiente, instruido en materia b\u00e9lica, osado, prudente, animoso, sabio y amoroso; estas eran algunas caracter\u00edsticas que se requer\u00edan para ser nombrado&nbsp;<em>huey tlatoani<\/em>, el m\u00e1ximo gobernante de&nbsp;<em>M\u00e9xico-Tenochtitl\u00e1n<\/em>.<\/p>\n\n\n\n<p>Estas cualidades se encontraban en&nbsp;<strong>Cuauht\u00e9moc<\/strong>, un joven de entre 18 y 25 a\u00f1os de edad que ten\u00eda experiencia en lo militar y que formaba parte de la realeza al ser hijo del tlatoani&nbsp;<strong><em>Ahu\u00edzotl<\/em>.<\/strong><\/p>\n\n\n\n<p>Por ello, conforme a la tradici\u00f3n tenochca, fue investido en 1521 como&nbsp;<em>huey tlatoani<\/em>&nbsp;despu\u00e9s de la muerte de&nbsp;<strong>Cuitl\u00e1huac<\/strong>&nbsp;y la ca\u00edda de&nbsp;<strong>Moctezuma Xocoyotzin<\/strong>.<\/p>\n\n\n\n<p>El talante de gobernador fue demostrado en diversas ocasiones y al tomar el poder su visi\u00f3n se centr\u00f3 en expulsar a los espa\u00f1oles e impedir que \u00e9stos se establecieran en los dominios del imperio mexica. Cuauht\u00e9moc trabaj\u00f3 en fortalecer la ciudad y el ej\u00e9rcito para cerrar l\u00edneas frente a los invasores.<\/p>\n\n\n\n<p>No obstante,&nbsp;<strong>Hern\u00e1n Cort\u00e9s<\/strong>&nbsp;y sus hombres frenaron sus planes cuando, despu\u00e9s de su hist\u00f3rica derrota conocida como la<em>&nbsp;Noche triste<\/em>, ayudados por los tlaxcaltecas iniciaron una afrenta que concluy\u00f3 en la rendici\u00f3n del imperio mexica el 13 de agosto de 1521.<\/p>\n\n\n\n<p>Esta fecha coincide con la captura de Cuauht\u00e9moc, quien, al ser llevado al cuartel general de Cort\u00e9s, le pide al conquistador ser asesinado con el pu\u00f1al que lleva en el cinto, pues prefer\u00eda morir a no cumplir con el objetivo de defender a su pueblo de la invasi\u00f3n y la ignominia.<\/p>\n\n\n\n<p>Una vez preso fue cuestionado sobre el destino del oro que le fue arrebatado a los espa\u00f1oles durante la&nbsp;<em>Noche triste<\/em>, fecha en la que la escuadrilla ten\u00eda planeado huir de Tenochtitl\u00e1n en canoas cargadas de tesoros saqueados.<\/p>\n\n\n\n<p>Con el af\u00e1n de obtener informaci\u00f3n del lugar donde se encontraba lo que es conocido&nbsp;como el&nbsp;<em>Tesoro de Moctezuma<\/em>,&nbsp;y como castigo a sus planes de rebeli\u00f3n<em>,<\/em>&nbsp;Cuauht\u00e9moc fue sometido a suplicio. Al&nbsp;<em>huey tlatoani<\/em>&nbsp;le quemaron los pies para que confesara la ubicaci\u00f3n del tesoro; sin embargo, cuenta la historia que con heroico valor soport\u00f3 los maltratos y se neg\u00f3 a revelar informaci\u00f3n diciendo:&nbsp;<em>\u201c\u00bfEstoy en alg\u00fan deleite o ba\u00f1o?\u201d<\/em><\/p>\n\n\n\n<p>Esta tortura es conocida como el&nbsp;<em>Tormento de Cuauht\u00e9moc<\/em><strong>.<\/strong><\/p>\n\n\n\n<p>En los a\u00f1os posteriores Cuauht\u00e9moc vivi\u00f3 como prisionero de Cort\u00e9s y fue utilizado para sus fines pol\u00edticos hasta que el espa\u00f1ol fue informado de los supuestos planes del&nbsp;<em>huey tlatoani&nbsp;<\/em>de iniciar una rebeli\u00f3n que estallar\u00eda con el asesinato del conquistador&nbsp;y culminar\u00eda con el destierro de los colonizadores.<\/p>\n\n\n\n<p>La teor\u00eda conspirativa fue aceptada por Cort\u00e9s, pues Cuauht\u00e9moc a\u00fan representaba una figura importante y de autoridad entre el pueblo de M\u00e9xico-Tenochtitl\u00e1n. Por ello, Cort\u00e9s, en medio de una expedici\u00f3n en Honduras, orden\u00f3 asesinar a Cuauht\u00e9moc, quien fue ahorcado en un \u00e1rbol de pochote el 28 de febrero de 1525.<\/p>\n\n\n\n<p>El \u00e1guila que descendi\u00f3, significado de Cuauht\u00e9moc, se convirti\u00f3 en una figura heroica en nuestro pa\u00eds y su nombre en sin\u00f3nimo de valent\u00eda. Cuauht\u00e9moc, s\u00edmbolo de serenidad, sacrificio y la lucha incansable.<\/p>\n\n\n\n<figure class=\"wp-block-image\"><a href=\"https:\/\/cartelerauninter.files.wordpress.com\/2022\/02\/image-1.png\"><img decoding=\"async\" src=\"https:\/\/cartelerauninter.files.wordpress.com\/2022\/02\/image-1.png?w=355\" alt=\"\" class=\"wp-image-9361\" \/><\/a><\/figure>\n","protected":false},"excerpt":{"rendered":"<p>Uno de los m\u00e1s nobles, valiente, instruido en materia b\u00e9lica, osado, prudente, animoso, sabio y amoroso; estas eran algunas caracter\u00edsticas que se requer\u00edan para ser nombrado&nbsp;huey tlatoani, el m\u00e1ximo gobernante de&nbsp;M\u00e9xico-Tenochtitl\u00e1n. Estas cualidades se encontraban en&nbsp;Cuauht\u00e9moc, un joven de entre 18 y 25 a\u00f1os de edad que ten\u00eda experiencia en lo militar y que formaba&hellip;<\/p>\n","protected":false},"author":24,"featured_media":8639,"comment_status":"closed","ping_status":"open","sticky":false,"template":"","format":"standard","meta":{"_jetpack_memberships_contains_paid_content":false,"footnotes":"","jetpack_publicize_message":"","jetpack_publicize_feature_enabled":true,"jetpack_social_post_already_shared":false,"jetpack_social_options":{"image_generator_settings":{"template":"highway","default_image_id":0,"font":"","enabled":false},"version":2}},"categories":[12,14],"tags":[],"class_list":["post-8638","post","type-post","status-publish","format-standard","has-post-thumbnail","hentry","category-noticias","category-un-dia-como-hoy"],"yoast_head":"<!-- This site is optimized with the Yoast SEO plugin v26.3 - https:\/\/yoast.com\/wordpress\/plugins\/seo\/ -->\r\n<title>28 de Febrero: Muere&nbsp;Cuauht\u00e9moc - Difusi\u00f3n Cultural<\/title>\r\n<meta name=\"robots\" content=\"index, follow, max-snippet:-1, max-image-preview:large, max-video-preview:-1\" \/>\r\n<link rel=\"canonical\" href=\"https:\/\/blogs.uninter.edu.mx\/difusioncultural\/?p=8638\" \/>\r\n<meta property=\"og:locale\" content=\"es_MX\" \/>\r\n<meta property=\"og:type\" content=\"article\" \/>\r\n<meta property=\"og:title\" content=\"28 de Febrero: Muere&nbsp;Cuauht\u00e9moc - Difusi\u00f3n Cultural\" \/>\r\n<meta property=\"og:description\" content=\"Uno de los m\u00e1s nobles, valiente, instruido en materia b\u00e9lica, osado, prudente, animoso, sabio y amoroso; estas eran algunas caracter\u00edsticas que se requer\u00edan para ser nombrado&nbsp;huey tlatoani, el m\u00e1ximo gobernante de&nbsp;M\u00e9xico-Tenochtitl\u00e1n. Estas cualidades se encontraban en&nbsp;Cuauht\u00e9moc, un joven de entre 18 y 25 a\u00f1os de edad que ten\u00eda experiencia en lo militar y que formaba&hellip;\" \/>\r\n<meta property=\"og:url\" content=\"https:\/\/blogs.uninter.edu.mx\/difusioncultural\/?p=8638\" \/>\r\n<meta property=\"og:site_name\" content=\"Difusi\u00f3n Cultural\" \/>\r\n<meta property=\"article:published_time\" content=\"2022-02-28T21:01:56+00:00\" \/>\r\n<meta name=\"author\" content=\"Aslhey Alejandra Gonz\u00e1lez Castro\" \/>\r\n<meta name=\"twitter:card\" content=\"summary_large_image\" \/>\r\n<meta name=\"twitter:label1\" content=\"Escrito por\" \/>\n\t<meta name=\"twitter:data1\" content=\"Aslhey Alejandra Gonz\u00e1lez Castro\" \/>\n\t<meta name=\"twitter:label2\" content=\"Tiempo de lectura\" \/>\n\t<meta name=\"twitter:data2\" content=\"3 minutos\" \/>\r\n<script type=\"application\/ld+json\" class=\"yoast-schema-graph\">{\"@context\":\"https:\/\/schema.org\",\"@graph\":[{\"@type\":\"Article\",\"@id\":\"https:\/\/blogs.uninter.edu.mx\/difusioncultural\/?p=8638#article\",\"isPartOf\":{\"@id\":\"https:\/\/blogs.uninter.edu.mx\/difusioncultural\/?p=8638\"},\"author\":{\"name\":\"Aslhey Alejandra Gonz\u00e1lez Castro\",\"@id\":\"https:\/\/blogs.uninter.edu.mx\/difusioncultural\/#\/schema\/person\/c710e37686022500827405824a08a18c\"},\"headline\":\"28 de Febrero: Muere&nbsp;Cuauht\u00e9moc\",\"datePublished\":\"2022-02-28T21:01:56+00:00\",\"mainEntityOfPage\":{\"@id\":\"https:\/\/blogs.uninter.edu.mx\/difusioncultural\/?p=8638\"},\"wordCount\":576,\"publisher\":{\"@id\":\"https:\/\/blogs.uninter.edu.mx\/difusioncultural\/#organization\"},\"image\":{\"@id\":\"https:\/\/blogs.uninter.edu.mx\/difusioncultural\/?p=8638#primaryimage\"},\"thumbnailUrl\":\"\",\"articleSection\":[\"noticias\",\"un dia como hoy\"],\"inLanguage\":\"es\"},{\"@type\":\"WebPage\",\"@id\":\"https:\/\/blogs.uninter.edu.mx\/difusioncultural\/?p=8638\",\"url\":\"https:\/\/blogs.uninter.edu.mx\/difusioncultural\/?p=8638\",\"name\":\"28 de Febrero: Muere&nbsp;Cuauht\u00e9moc - Difusi\u00f3n Cultural\",\"isPartOf\":{\"@id\":\"https:\/\/blogs.uninter.edu.mx\/difusioncultural\/#website\"},\"primaryImageOfPage\":{\"@id\":\"https:\/\/blogs.uninter.edu.mx\/difusioncultural\/?p=8638#primaryimage\"},\"image\":{\"@id\":\"https:\/\/blogs.uninter.edu.mx\/difusioncultural\/?p=8638#primaryimage\"},\"thumbnailUrl\":\"\",\"datePublished\":\"2022-02-28T21:01:56+00:00\",\"breadcrumb\":{\"@id\":\"https:\/\/blogs.uninter.edu.mx\/difusioncultural\/?p=8638#breadcrumb\"},\"inLanguage\":\"es\",\"potentialAction\":[{\"@type\":\"ReadAction\",\"target\":[\"https:\/\/blogs.uninter.edu.mx\/difusioncultural\/?p=8638\"]}]},{\"@type\":\"ImageObject\",\"inLanguage\":\"es\",\"@id\":\"https:\/\/blogs.uninter.edu.mx\/difusioncultural\/?p=8638#primaryimage\",\"url\":\"\",\"contentUrl\":\"\"},{\"@type\":\"BreadcrumbList\",\"@id\":\"https:\/\/blogs.uninter.edu.mx\/difusioncultural\/?p=8638#breadcrumb\",\"itemListElement\":[{\"@type\":\"ListItem\",\"position\":1,\"name\":\"Inicio\",\"item\":\"https:\/\/blogs.uninter.edu.mx\/difusioncultural\/\"},{\"@type\":\"ListItem\",\"position\":2,\"name\":\"28 de Febrero: Muere&nbsp;Cuauht\u00e9moc\"}]},{\"@type\":\"WebSite\",\"@id\":\"https:\/\/blogs.uninter.edu.mx\/difusioncultural\/#website\",\"url\":\"https:\/\/blogs.uninter.edu.mx\/difusioncultural\/\",\"name\":\"Difusi\u00f3n Cultural\",\"description\":\"UNINTER\",\"publisher\":{\"@id\":\"https:\/\/blogs.uninter.edu.mx\/difusioncultural\/#organization\"},\"potentialAction\":[{\"@type\":\"SearchAction\",\"target\":{\"@type\":\"EntryPoint\",\"urlTemplate\":\"https:\/\/blogs.uninter.edu.mx\/difusioncultural\/?s={search_term_string}\"},\"query-input\":{\"@type\":\"PropertyValueSpecification\",\"valueRequired\":true,\"valueName\":\"search_term_string\"}}],\"inLanguage\":\"es\"},{\"@type\":\"Organization\",\"@id\":\"https:\/\/blogs.uninter.edu.mx\/difusioncultural\/#organization\",\"name\":\"Difusi\u00f3n Cultural\",\"url\":\"https:\/\/blogs.uninter.edu.mx\/difusioncultural\/\",\"logo\":{\"@type\":\"ImageObject\",\"inLanguage\":\"es\",\"@id\":\"https:\/\/blogs.uninter.edu.mx\/difusioncultural\/#\/schema\/logo\/image\/\",\"url\":\"https:\/\/blogs.uninter.edu.mx\/difusioncultural\/wp-content\/uploads\/2022\/09\/uninter.jpg\",\"contentUrl\":\"https:\/\/blogs.uninter.edu.mx\/difusioncultural\/wp-content\/uploads\/2022\/09\/uninter.jpg\",\"width\":2048,\"height\":2048,\"caption\":\"Difusi\u00f3n Cultural\"},\"image\":{\"@id\":\"https:\/\/blogs.uninter.edu.mx\/difusioncultural\/#\/schema\/logo\/image\/\"}},{\"@type\":\"Person\",\"@id\":\"https:\/\/blogs.uninter.edu.mx\/difusioncultural\/#\/schema\/person\/c710e37686022500827405824a08a18c\",\"name\":\"Aslhey Alejandra Gonz\u00e1lez Castro\",\"image\":{\"@type\":\"ImageObject\",\"inLanguage\":\"es\",\"@id\":\"https:\/\/blogs.uninter.edu.mx\/difusioncultural\/#\/schema\/person\/image\/\",\"url\":\"https:\/\/secure.gravatar.com\/avatar\/1905d6ed47b47ccbfb53e4b64f72f2017309e25d96ef418088d4f998ecf6552e?s=96&d=mm&r=g\",\"contentUrl\":\"https:\/\/secure.gravatar.com\/avatar\/1905d6ed47b47ccbfb53e4b64f72f2017309e25d96ef418088d4f998ecf6552e?s=96&d=mm&r=g\",\"caption\":\"Aslhey Alejandra Gonz\u00e1lez Castro\"},\"url\":\"https:\/\/blogs.uninter.edu.mx\/difusioncultural\/?author=24\"}]}<\/script>\r\n<!-- \/ Yoast SEO plugin. -->","yoast_head_json":{"title":"28 de Febrero: Muere&nbsp;Cuauht\u00e9moc - Difusi\u00f3n Cultural","robots":{"index":"index","follow":"follow","max-snippet":"max-snippet:-1","max-image-preview":"max-image-preview:large","max-video-preview":"max-video-preview:-1"},"canonical":"https:\/\/blogs.uninter.edu.mx\/difusioncultural\/?p=8638","og_locale":"es_MX","og_type":"article","og_title":"28 de Febrero: Muere&nbsp;Cuauht\u00e9moc - Difusi\u00f3n Cultural","og_description":"Uno de los m\u00e1s nobles, valiente, instruido en materia b\u00e9lica, osado, prudente, animoso, sabio y amoroso; estas eran algunas caracter\u00edsticas que se requer\u00edan para ser nombrado&nbsp;huey tlatoani, el m\u00e1ximo gobernante de&nbsp;M\u00e9xico-Tenochtitl\u00e1n. Estas cualidades se encontraban en&nbsp;Cuauht\u00e9moc, un joven de entre 18 y 25 a\u00f1os de edad que ten\u00eda experiencia en lo militar y que formaba&hellip;","og_url":"https:\/\/blogs.uninter.edu.mx\/difusioncultural\/?p=8638","og_site_name":"Difusi\u00f3n Cultural","article_published_time":"2022-02-28T21:01:56+00:00","author":"Aslhey Alejandra Gonz\u00e1lez Castro","twitter_card":"summary_large_image","twitter_misc":{"Escrito por":"Aslhey Alejandra Gonz\u00e1lez Castro","Tiempo de lectura":"3 minutos"},"schema":{"@context":"https:\/\/schema.org","@graph":[{"@type":"Article","@id":"https:\/\/blogs.uninter.edu.mx\/difusioncultural\/?p=8638#article","isPartOf":{"@id":"https:\/\/blogs.uninter.edu.mx\/difusioncultural\/?p=8638"},"author":{"name":"Aslhey Alejandra Gonz\u00e1lez Castro","@id":"https:\/\/blogs.uninter.edu.mx\/difusioncultural\/#\/schema\/person\/c710e37686022500827405824a08a18c"},"headline":"28 de Febrero: Muere&nbsp;Cuauht\u00e9moc","datePublished":"2022-02-28T21:01:56+00:00","mainEntityOfPage":{"@id":"https:\/\/blogs.uninter.edu.mx\/difusioncultural\/?p=8638"},"wordCount":576,"publisher":{"@id":"https:\/\/blogs.uninter.edu.mx\/difusioncultural\/#organization"},"image":{"@id":"https:\/\/blogs.uninter.edu.mx\/difusioncultural\/?p=8638#primaryimage"},"thumbnailUrl":"","articleSection":["noticias","un dia como hoy"],"inLanguage":"es"},{"@type":"WebPage","@id":"https:\/\/blogs.uninter.edu.mx\/difusioncultural\/?p=8638","url":"https:\/\/blogs.uninter.edu.mx\/difusioncultural\/?p=8638","name":"28 de Febrero: Muere&nbsp;Cuauht\u00e9moc - Difusi\u00f3n Cultural","isPartOf":{"@id":"https:\/\/blogs.uninter.edu.mx\/difusioncultural\/#website"},"primaryImageOfPage":{"@id":"https:\/\/blogs.uninter.edu.mx\/difusioncultural\/?p=8638#primaryimage"},"image":{"@id":"https:\/\/blogs.uninter.edu.mx\/difusioncultural\/?p=8638#primaryimage"},"thumbnailUrl":"","datePublished":"2022-02-28T21:01:56+00:00","breadcrumb":{"@id":"https:\/\/blogs.uninter.edu.mx\/difusioncultural\/?p=8638#breadcrumb"},"inLanguage":"es","potentialAction":[{"@type":"ReadAction","target":["https:\/\/blogs.uninter.edu.mx\/difusioncultural\/?p=8638"]}]},{"@type":"ImageObject","inLanguage":"es","@id":"https:\/\/blogs.uninter.edu.mx\/difusioncultural\/?p=8638#primaryimage","url":"","contentUrl":""},{"@type":"BreadcrumbList","@id":"https:\/\/blogs.uninter.edu.mx\/difusioncultural\/?p=8638#breadcrumb","itemListElement":[{"@type":"ListItem","position":1,"name":"Inicio","item":"https:\/\/blogs.uninter.edu.mx\/difusioncultural\/"},{"@type":"ListItem","position":2,"name":"28 de Febrero: Muere&nbsp;Cuauht\u00e9moc"}]},{"@type":"WebSite","@id":"https:\/\/blogs.uninter.edu.mx\/difusioncultural\/#website","url":"https:\/\/blogs.uninter.edu.mx\/difusioncultural\/","name":"Difusi\u00f3n Cultural","description":"UNINTER","publisher":{"@id":"https:\/\/blogs.uninter.edu.mx\/difusioncultural\/#organization"},"potentialAction":[{"@type":"SearchAction","target":{"@type":"EntryPoint","urlTemplate":"https:\/\/blogs.uninter.edu.mx\/difusioncultural\/?s={search_term_string}"},"query-input":{"@type":"PropertyValueSpecification","valueRequired":true,"valueName":"search_term_string"}}],"inLanguage":"es"},{"@type":"Organization","@id":"https:\/\/blogs.uninter.edu.mx\/difusioncultural\/#organization","name":"Difusi\u00f3n Cultural","url":"https:\/\/blogs.uninter.edu.mx\/difusioncultural\/","logo":{"@type":"ImageObject","inLanguage":"es","@id":"https:\/\/blogs.uninter.edu.mx\/difusioncultural\/#\/schema\/logo\/image\/","url":"https:\/\/blogs.uninter.edu.mx\/difusioncultural\/wp-content\/uploads\/2022\/09\/uninter.jpg","contentUrl":"https:\/\/blogs.uninter.edu.mx\/difusioncultural\/wp-content\/uploads\/2022\/09\/uninter.jpg","width":2048,"height":2048,"caption":"Difusi\u00f3n Cultural"},"image":{"@id":"https:\/\/blogs.uninter.edu.mx\/difusioncultural\/#\/schema\/logo\/image\/"}},{"@type":"Person","@id":"https:\/\/blogs.uninter.edu.mx\/difusioncultural\/#\/schema\/person\/c710e37686022500827405824a08a18c","name":"Aslhey Alejandra Gonz\u00e1lez Castro","image":{"@type":"ImageObject","inLanguage":"es","@id":"https:\/\/blogs.uninter.edu.mx\/difusioncultural\/#\/schema\/person\/image\/","url":"https:\/\/secure.gravatar.com\/avatar\/1905d6ed47b47ccbfb53e4b64f72f2017309e25d96ef418088d4f998ecf6552e?s=96&d=mm&r=g","contentUrl":"https:\/\/secure.gravatar.com\/avatar\/1905d6ed47b47ccbfb53e4b64f72f2017309e25d96ef418088d4f998ecf6552e?s=96&d=mm&r=g","caption":"Aslhey Alejandra Gonz\u00e1lez Castro"},"url":"https:\/\/blogs.uninter.edu.mx\/difusioncultural\/?author=24"}]}},"jetpack_publicize_connections":[],"jetpack_featured_media_url":"","jetpack_sharing_enabled":true,"_links":{"self":[{"href":"https:\/\/blogs.uninter.edu.mx\/difusioncultural\/index.php?rest_route=\/wp\/v2\/posts\/8638","targetHints":{"allow":["GET"]}}],"collection":[{"href":"https:\/\/blogs.uninter.edu.mx\/difusioncultural\/index.php?rest_route=\/wp\/v2\/posts"}],"about":[{"href":"https:\/\/blogs.uninter.edu.mx\/difusioncultural\/index.php?rest_route=\/wp\/v2\/types\/post"}],"author":[{"embeddable":true,"href":"https:\/\/blogs.uninter.edu.mx\/difusioncultural\/index.php?rest_route=\/wp\/v2\/users\/24"}],"replies":[{"embeddable":true,"href":"https:\/\/blogs.uninter.edu.mx\/difusioncultural\/index.php?rest_route=%2Fwp%2Fv2%2Fcomments&post=8638"}],"version-history":[{"count":0,"href":"https:\/\/blogs.uninter.edu.mx\/difusioncultural\/index.php?rest_route=\/wp\/v2\/posts\/8638\/revisions"}],"wp:featuredmedia":[{"embeddable":true,"href":"https:\/\/blogs.uninter.edu.mx\/difusioncultural\/index.php?rest_route=\/"}],"wp:attachment":[{"href":"https:\/\/blogs.uninter.edu.mx\/difusioncultural\/index.php?rest_route=%2Fwp%2Fv2%2Fmedia&parent=8638"}],"wp:term":[{"taxonomy":"category","embeddable":true,"href":"https:\/\/blogs.uninter.edu.mx\/difusioncultural\/index.php?rest_route=%2Fwp%2Fv2%2Fcategories&post=8638"},{"taxonomy":"post_tag","embeddable":true,"href":"https:\/\/blogs.uninter.edu.mx\/difusioncultural\/index.php?rest_route=%2Fwp%2Fv2%2Ftags&post=8638"}],"curies":[{"name":"wp","href":"https:\/\/api.w.org\/{rel}","templated":true}]}}