{"id":8680,"date":"2022-03-17T09:49:58","date_gmt":"2022-03-17T15:49:58","guid":{"rendered":"https:\/\/difusionculturaluninter.wordpress.com\/?p=8680"},"modified":"2022-03-17T09:49:58","modified_gmt":"2022-03-17T15:49:58","slug":"17-de-marzo-nace-el-pianista-mario-ruiz-armengol","status":"publish","type":"post","link":"https:\/\/blogs.uninter.edu.mx\/difusioncultural\/?p=8680","title":{"rendered":"17 de marzo: Nace el Pianista Mario Ruiz Armengol"},"content":{"rendered":"\n<p>Mario Ruiz Armengol fue un pianista y compositor mexicano de m\u00fasica cl\u00e1sica y m\u00fasica popular. Hijo del pianista y director de orquesta Ismael Ruiz Su\u00e1rez y Rosa Armengol<\/p>\n\n\n\n<p>\u00a0\u00a0 Su intuici\u00f3n musical lo pone al frente de un piano a los ocho a\u00f1os, y a los quince debuta como director de orquesta en la compa\u00f1\u00eda de Leopoldo Berista\u00edn, donde los m\u00fasicos tuvieron que hacer una &#8220;cooperacha&#8221; para comprarle unos pantalones largos al precoz director. A los 16 a\u00f1os forma parte del grupo fundador de la XEW y empieza a adquirir fama como compositor, arreglista y director de orquesta, interpretando su m\u00fasica Andy Rusell, Chucho Mart\u00ednez Gil, Jorge Negrete, Emilio Tuero, Fernando Fern\u00e1ndez, Mar\u00eda Luisa Landin, Amparo Montes, Jos\u00e9 Antonio M\u00e9ndez, Lola Beltr\u00e1n, Marco Antonio Mu\u00f1iz, y recientemente Jos\u00e9 Jos\u00e9, Gualberto y Arturo Castro, Guadalupe Pineda, Roberto P\u00e9rez V\u00e1zquez, Rodolfo &#8220;Popo&#8221; S\u00e1nchez, Jos\u00e9 Luis Caballero, Enrique M\u00e9ndez, Paty Carri\u00f3n, Mariana\u00a0Alvarez\u00a0y Ver\u00f3nica Ituarte entre otros.<\/p>\n\n\n\n<figure class=\"wp-block-image size-large is-resized\"><a href=\"https:\/\/blogs.uninter.edu.mx\/difusioncultural\/wp-content\/uploads\/2022\/03\/mario-ruiz-armengol-especial.jpg\"><img fetchpriority=\"high\" decoding=\"async\" src=\"https:\/\/blogs.uninter.edu.mx\/difusioncultural\/wp-content\/uploads\/2022\/03\/mario-ruiz-armengol-especial.jpg?w=803\" alt=\"\" class=\"wp-image-8684\" width=\"561\" height=\"715\" \/><\/a><\/figure>\n\n\n\n<p>En 1936 estudia armon\u00eda y contrapunto con el maestro Jos\u00e9 Rol\u00f3n. A partir de 1942, a\u00f1o en que conoce e inicia su amistad con Manuel M. Ponce, comienza su trabajo en la cinematograf\u00eda mexicana, actividad en la que compuso m\u00fasica para diferentes pel\u00edculas: Santa, Resurrecci\u00f3n, San Francisco de As\u00eds, El Baisano Jalil, El \u00c1ngel Negro, Mujeres y Toros, Ay Amor que malo eres.., entre otras. Tambi\u00e9n su notable capacidad profesional le permiti\u00f3 dirigir la orquesta de grandes comedias musicales al lado del inolvidable Manolo Fabregas, como Mi Bella Dama, El Hombre de la Mancha, Violinista en el Tejado, Mame, y much\u00edsimas mas.. En 1948 conoce a Rodolfo Halffter quien lo motiva a escribir sus &#8220;Siete ejercicios de Composici\u00f3n y Armon\u00eda&#8221; que son la piedra angular de su vasta producci\u00f3n. En 1954 es nombrado &#8220;<em>Mr. Harmony<\/em>&#8221; por los monstruos sagrados de la m\u00fasica contempor\u00e1nea norteamericana, tales como Duke Ellington, Billy Mays y Claire Fisher. Tambi\u00e9n compone su primera obra cl\u00e1sica: &#8220;Preludio para Piano y Arpa&#8221;, dando comienzo a una nueva etapa en la vida de Don Mario, que sigue hasta hoy, leg\u00e1ndonos su creatividad musical.<\/p>\n","protected":false},"excerpt":{"rendered":"<p>Mario Ruiz Armengol fue un pianista y compositor mexicano de m\u00fasica cl\u00e1sica y m\u00fasica popular. Hijo del pianista y director de orquesta Ismael Ruiz Su\u00e1rez y Rosa Armengol \u00a0\u00a0 Su intuici\u00f3n musical lo pone al frente de un piano a los ocho a\u00f1os, y a los quince debuta como director de orquesta en la compa\u00f1\u00eda&hellip;<\/p>\n","protected":false},"author":24,"featured_media":8686,"comment_status":"closed","ping_status":"open","sticky":false,"template":"","format":"standard","meta":{"_jetpack_memberships_contains_paid_content":false,"footnotes":"","jetpack_publicize_message":"","jetpack_publicize_feature_enabled":false,"jetpack_social_post_already_shared":false,"jetpack_social_options":{"image_generator_settings":{"template":"highway","default_image_id":0,"font":"","enabled":false},"version":2}},"categories":[14],"tags":[],"class_list":["post-8680","post","type-post","status-publish","format-standard","has-post-thumbnail","hentry","category-un-dia-como-hoy"],"yoast_head":"<!-- This site is optimized with the Yoast SEO plugin v26.3 - https:\/\/yoast.com\/wordpress\/plugins\/seo\/ -->\r\n<title>17 de marzo: Nace el Pianista Mario Ruiz Armengol - Difusi\u00f3n Cultural<\/title>\r\n<meta name=\"robots\" content=\"index, follow, max-snippet:-1, max-image-preview:large, max-video-preview:-1\" \/>\r\n<link rel=\"canonical\" href=\"https:\/\/blogs.uninter.edu.mx\/difusioncultural\/?p=8680\" \/>\r\n<meta property=\"og:locale\" content=\"es_MX\" \/>\r\n<meta property=\"og:type\" content=\"article\" \/>\r\n<meta property=\"og:title\" content=\"17 de marzo: Nace el Pianista Mario Ruiz Armengol - Difusi\u00f3n Cultural\" \/>\r\n<meta property=\"og:description\" content=\"Mario Ruiz Armengol fue un pianista y compositor mexicano de m\u00fasica cl\u00e1sica y m\u00fasica popular. Hijo del pianista y director de orquesta Ismael Ruiz Su\u00e1rez y Rosa Armengol \u00a0\u00a0 Su intuici\u00f3n musical lo pone al frente de un piano a los ocho a\u00f1os, y a los quince debuta como director de orquesta en la compa\u00f1\u00eda&hellip;\" \/>\r\n<meta property=\"og:url\" content=\"https:\/\/blogs.uninter.edu.mx\/difusioncultural\/?p=8680\" \/>\r\n<meta property=\"og:site_name\" content=\"Difusi\u00f3n Cultural\" \/>\r\n<meta property=\"article:published_time\" content=\"2022-03-17T15:49:58+00:00\" \/>\r\n<meta property=\"og:image\" content=\"https:\/\/blogs.uninter.edu.mx\/difusioncultural\/wp-content\/uploads\/2022\/03\/mario-ruiz-armengol-c845496e-ae85-4dec-b0af-cc27be91335-resize-750.jpg\" \/>\r\n\t<meta property=\"og:image:width\" content=\"319\" \/>\r\n\t<meta property=\"og:image:height\" content=\"250\" \/>\r\n\t<meta property=\"og:image:type\" content=\"image\/jpeg\" \/>\r\n<meta name=\"author\" content=\"Aslhey Alejandra Gonz\u00e1lez Castro\" \/>\r\n<meta name=\"twitter:card\" content=\"summary_large_image\" \/>\r\n<meta name=\"twitter:label1\" content=\"Escrito por\" \/>\n\t<meta name=\"twitter:data1\" content=\"Aslhey Alejandra Gonz\u00e1lez Castro\" \/>\n\t<meta name=\"twitter:label2\" content=\"Tiempo de lectura\" \/>\n\t<meta name=\"twitter:data2\" content=\"2 minutos\" \/>\r\n<script type=\"application\/ld+json\" class=\"yoast-schema-graph\">{\"@context\":\"https:\/\/schema.org\",\"@graph\":[{\"@type\":\"Article\",\"@id\":\"https:\/\/blogs.uninter.edu.mx\/difusioncultural\/?p=8680#article\",\"isPartOf\":{\"@id\":\"https:\/\/blogs.uninter.edu.mx\/difusioncultural\/?p=8680\"},\"author\":{\"name\":\"Aslhey Alejandra Gonz\u00e1lez Castro\",\"@id\":\"https:\/\/blogs.uninter.edu.mx\/difusioncultural\/#\/schema\/person\/c710e37686022500827405824a08a18c\"},\"headline\":\"17 de marzo: Nace el Pianista Mario Ruiz Armengol\",\"datePublished\":\"2022-03-17T15:49:58+00:00\",\"mainEntityOfPage\":{\"@id\":\"https:\/\/blogs.uninter.edu.mx\/difusioncultural\/?p=8680\"},\"wordCount\":382,\"publisher\":{\"@id\":\"https:\/\/blogs.uninter.edu.mx\/difusioncultural\/#organization\"},\"image\":{\"@id\":\"https:\/\/blogs.uninter.edu.mx\/difusioncultural\/?p=8680#primaryimage\"},\"thumbnailUrl\":\"https:\/\/blogs.uninter.edu.mx\/difusioncultural\/wp-content\/uploads\/2022\/03\/mario-ruiz-armengol-c845496e-ae85-4dec-b0af-cc27be91335-resize-750.jpg\",\"articleSection\":[\"un dia como hoy\"],\"inLanguage\":\"es\"},{\"@type\":\"WebPage\",\"@id\":\"https:\/\/blogs.uninter.edu.mx\/difusioncultural\/?p=8680\",\"url\":\"https:\/\/blogs.uninter.edu.mx\/difusioncultural\/?p=8680\",\"name\":\"17 de marzo: Nace el Pianista Mario Ruiz Armengol - Difusi\u00f3n Cultural\",\"isPartOf\":{\"@id\":\"https:\/\/blogs.uninter.edu.mx\/difusioncultural\/#website\"},\"primaryImageOfPage\":{\"@id\":\"https:\/\/blogs.uninter.edu.mx\/difusioncultural\/?p=8680#primaryimage\"},\"image\":{\"@id\":\"https:\/\/blogs.uninter.edu.mx\/difusioncultural\/?p=8680#primaryimage\"},\"thumbnailUrl\":\"https:\/\/blogs.uninter.edu.mx\/difusioncultural\/wp-content\/uploads\/2022\/03\/mario-ruiz-armengol-c845496e-ae85-4dec-b0af-cc27be91335-resize-750.jpg\",\"datePublished\":\"2022-03-17T15:49:58+00:00\",\"breadcrumb\":{\"@id\":\"https:\/\/blogs.uninter.edu.mx\/difusioncultural\/?p=8680#breadcrumb\"},\"inLanguage\":\"es\",\"potentialAction\":[{\"@type\":\"ReadAction\",\"target\":[\"https:\/\/blogs.uninter.edu.mx\/difusioncultural\/?p=8680\"]}]},{\"@type\":\"ImageObject\",\"inLanguage\":\"es\",\"@id\":\"https:\/\/blogs.uninter.edu.mx\/difusioncultural\/?p=8680#primaryimage\",\"url\":\"https:\/\/blogs.uninter.edu.mx\/difusioncultural\/wp-content\/uploads\/2022\/03\/mario-ruiz-armengol-c845496e-ae85-4dec-b0af-cc27be91335-resize-750.jpg\",\"contentUrl\":\"https:\/\/blogs.uninter.edu.mx\/difusioncultural\/wp-content\/uploads\/2022\/03\/mario-ruiz-armengol-c845496e-ae85-4dec-b0af-cc27be91335-resize-750.jpg\",\"width\":319,\"height\":250},{\"@type\":\"BreadcrumbList\",\"@id\":\"https:\/\/blogs.uninter.edu.mx\/difusioncultural\/?p=8680#breadcrumb\",\"itemListElement\":[{\"@type\":\"ListItem\",\"position\":1,\"name\":\"Inicio\",\"item\":\"https:\/\/blogs.uninter.edu.mx\/difusioncultural\/\"},{\"@type\":\"ListItem\",\"position\":2,\"name\":\"17 de marzo: Nace el Pianista Mario Ruiz Armengol\"}]},{\"@type\":\"WebSite\",\"@id\":\"https:\/\/blogs.uninter.edu.mx\/difusioncultural\/#website\",\"url\":\"https:\/\/blogs.uninter.edu.mx\/difusioncultural\/\",\"name\":\"Difusi\u00f3n Cultural\",\"description\":\"UNINTER\",\"publisher\":{\"@id\":\"https:\/\/blogs.uninter.edu.mx\/difusioncultural\/#organization\"},\"potentialAction\":[{\"@type\":\"SearchAction\",\"target\":{\"@type\":\"EntryPoint\",\"urlTemplate\":\"https:\/\/blogs.uninter.edu.mx\/difusioncultural\/?s={search_term_string}\"},\"query-input\":{\"@type\":\"PropertyValueSpecification\",\"valueRequired\":true,\"valueName\":\"search_term_string\"}}],\"inLanguage\":\"es\"},{\"@type\":\"Organization\",\"@id\":\"https:\/\/blogs.uninter.edu.mx\/difusioncultural\/#organization\",\"name\":\"Difusi\u00f3n Cultural\",\"url\":\"https:\/\/blogs.uninter.edu.mx\/difusioncultural\/\",\"logo\":{\"@type\":\"ImageObject\",\"inLanguage\":\"es\",\"@id\":\"https:\/\/blogs.uninter.edu.mx\/difusioncultural\/#\/schema\/logo\/image\/\",\"url\":\"https:\/\/blogs.uninter.edu.mx\/difusioncultural\/wp-content\/uploads\/2022\/09\/uninter.jpg\",\"contentUrl\":\"https:\/\/blogs.uninter.edu.mx\/difusioncultural\/wp-content\/uploads\/2022\/09\/uninter.jpg\",\"width\":2048,\"height\":2048,\"caption\":\"Difusi\u00f3n Cultural\"},\"image\":{\"@id\":\"https:\/\/blogs.uninter.edu.mx\/difusioncultural\/#\/schema\/logo\/image\/\"}},{\"@type\":\"Person\",\"@id\":\"https:\/\/blogs.uninter.edu.mx\/difusioncultural\/#\/schema\/person\/c710e37686022500827405824a08a18c\",\"name\":\"Aslhey Alejandra Gonz\u00e1lez Castro\",\"image\":{\"@type\":\"ImageObject\",\"inLanguage\":\"es\",\"@id\":\"https:\/\/blogs.uninter.edu.mx\/difusioncultural\/#\/schema\/person\/image\/\",\"url\":\"https:\/\/secure.gravatar.com\/avatar\/1905d6ed47b47ccbfb53e4b64f72f2017309e25d96ef418088d4f998ecf6552e?s=96&d=mm&r=g\",\"contentUrl\":\"https:\/\/secure.gravatar.com\/avatar\/1905d6ed47b47ccbfb53e4b64f72f2017309e25d96ef418088d4f998ecf6552e?s=96&d=mm&r=g\",\"caption\":\"Aslhey Alejandra Gonz\u00e1lez Castro\"},\"url\":\"https:\/\/blogs.uninter.edu.mx\/difusioncultural\/?author=24\"}]}<\/script>\r\n<!-- \/ Yoast SEO plugin. -->","yoast_head_json":{"title":"17 de marzo: Nace el Pianista Mario Ruiz Armengol - Difusi\u00f3n Cultural","robots":{"index":"index","follow":"follow","max-snippet":"max-snippet:-1","max-image-preview":"max-image-preview:large","max-video-preview":"max-video-preview:-1"},"canonical":"https:\/\/blogs.uninter.edu.mx\/difusioncultural\/?p=8680","og_locale":"es_MX","og_type":"article","og_title":"17 de marzo: Nace el Pianista Mario Ruiz Armengol - Difusi\u00f3n Cultural","og_description":"Mario Ruiz Armengol fue un pianista y compositor mexicano de m\u00fasica cl\u00e1sica y m\u00fasica popular. Hijo del pianista y director de orquesta Ismael Ruiz Su\u00e1rez y Rosa Armengol \u00a0\u00a0 Su intuici\u00f3n musical lo pone al frente de un piano a los ocho a\u00f1os, y a los quince debuta como director de orquesta en la compa\u00f1\u00eda&hellip;","og_url":"https:\/\/blogs.uninter.edu.mx\/difusioncultural\/?p=8680","og_site_name":"Difusi\u00f3n Cultural","article_published_time":"2022-03-17T15:49:58+00:00","og_image":[{"width":319,"height":250,"url":"https:\/\/blogs.uninter.edu.mx\/difusioncultural\/wp-content\/uploads\/2022\/03\/mario-ruiz-armengol-c845496e-ae85-4dec-b0af-cc27be91335-resize-750.jpg","type":"image\/jpeg"}],"author":"Aslhey Alejandra Gonz\u00e1lez Castro","twitter_card":"summary_large_image","twitter_misc":{"Escrito por":"Aslhey Alejandra Gonz\u00e1lez Castro","Tiempo de lectura":"2 minutos"},"schema":{"@context":"https:\/\/schema.org","@graph":[{"@type":"Article","@id":"https:\/\/blogs.uninter.edu.mx\/difusioncultural\/?p=8680#article","isPartOf":{"@id":"https:\/\/blogs.uninter.edu.mx\/difusioncultural\/?p=8680"},"author":{"name":"Aslhey Alejandra Gonz\u00e1lez Castro","@id":"https:\/\/blogs.uninter.edu.mx\/difusioncultural\/#\/schema\/person\/c710e37686022500827405824a08a18c"},"headline":"17 de marzo: Nace el Pianista Mario Ruiz Armengol","datePublished":"2022-03-17T15:49:58+00:00","mainEntityOfPage":{"@id":"https:\/\/blogs.uninter.edu.mx\/difusioncultural\/?p=8680"},"wordCount":382,"publisher":{"@id":"https:\/\/blogs.uninter.edu.mx\/difusioncultural\/#organization"},"image":{"@id":"https:\/\/blogs.uninter.edu.mx\/difusioncultural\/?p=8680#primaryimage"},"thumbnailUrl":"https:\/\/blogs.uninter.edu.mx\/difusioncultural\/wp-content\/uploads\/2022\/03\/mario-ruiz-armengol-c845496e-ae85-4dec-b0af-cc27be91335-resize-750.jpg","articleSection":["un dia como hoy"],"inLanguage":"es"},{"@type":"WebPage","@id":"https:\/\/blogs.uninter.edu.mx\/difusioncultural\/?p=8680","url":"https:\/\/blogs.uninter.edu.mx\/difusioncultural\/?p=8680","name":"17 de marzo: Nace el Pianista Mario Ruiz Armengol - Difusi\u00f3n Cultural","isPartOf":{"@id":"https:\/\/blogs.uninter.edu.mx\/difusioncultural\/#website"},"primaryImageOfPage":{"@id":"https:\/\/blogs.uninter.edu.mx\/difusioncultural\/?p=8680#primaryimage"},"image":{"@id":"https:\/\/blogs.uninter.edu.mx\/difusioncultural\/?p=8680#primaryimage"},"thumbnailUrl":"https:\/\/blogs.uninter.edu.mx\/difusioncultural\/wp-content\/uploads\/2022\/03\/mario-ruiz-armengol-c845496e-ae85-4dec-b0af-cc27be91335-resize-750.jpg","datePublished":"2022-03-17T15:49:58+00:00","breadcrumb":{"@id":"https:\/\/blogs.uninter.edu.mx\/difusioncultural\/?p=8680#breadcrumb"},"inLanguage":"es","potentialAction":[{"@type":"ReadAction","target":["https:\/\/blogs.uninter.edu.mx\/difusioncultural\/?p=8680"]}]},{"@type":"ImageObject","inLanguage":"es","@id":"https:\/\/blogs.uninter.edu.mx\/difusioncultural\/?p=8680#primaryimage","url":"https:\/\/blogs.uninter.edu.mx\/difusioncultural\/wp-content\/uploads\/2022\/03\/mario-ruiz-armengol-c845496e-ae85-4dec-b0af-cc27be91335-resize-750.jpg","contentUrl":"https:\/\/blogs.uninter.edu.mx\/difusioncultural\/wp-content\/uploads\/2022\/03\/mario-ruiz-armengol-c845496e-ae85-4dec-b0af-cc27be91335-resize-750.jpg","width":319,"height":250},{"@type":"BreadcrumbList","@id":"https:\/\/blogs.uninter.edu.mx\/difusioncultural\/?p=8680#breadcrumb","itemListElement":[{"@type":"ListItem","position":1,"name":"Inicio","item":"https:\/\/blogs.uninter.edu.mx\/difusioncultural\/"},{"@type":"ListItem","position":2,"name":"17 de marzo: Nace el Pianista Mario Ruiz Armengol"}]},{"@type":"WebSite","@id":"https:\/\/blogs.uninter.edu.mx\/difusioncultural\/#website","url":"https:\/\/blogs.uninter.edu.mx\/difusioncultural\/","name":"Difusi\u00f3n Cultural","description":"UNINTER","publisher":{"@id":"https:\/\/blogs.uninter.edu.mx\/difusioncultural\/#organization"},"potentialAction":[{"@type":"SearchAction","target":{"@type":"EntryPoint","urlTemplate":"https:\/\/blogs.uninter.edu.mx\/difusioncultural\/?s={search_term_string}"},"query-input":{"@type":"PropertyValueSpecification","valueRequired":true,"valueName":"search_term_string"}}],"inLanguage":"es"},{"@type":"Organization","@id":"https:\/\/blogs.uninter.edu.mx\/difusioncultural\/#organization","name":"Difusi\u00f3n Cultural","url":"https:\/\/blogs.uninter.edu.mx\/difusioncultural\/","logo":{"@type":"ImageObject","inLanguage":"es","@id":"https:\/\/blogs.uninter.edu.mx\/difusioncultural\/#\/schema\/logo\/image\/","url":"https:\/\/blogs.uninter.edu.mx\/difusioncultural\/wp-content\/uploads\/2022\/09\/uninter.jpg","contentUrl":"https:\/\/blogs.uninter.edu.mx\/difusioncultural\/wp-content\/uploads\/2022\/09\/uninter.jpg","width":2048,"height":2048,"caption":"Difusi\u00f3n Cultural"},"image":{"@id":"https:\/\/blogs.uninter.edu.mx\/difusioncultural\/#\/schema\/logo\/image\/"}},{"@type":"Person","@id":"https:\/\/blogs.uninter.edu.mx\/difusioncultural\/#\/schema\/person\/c710e37686022500827405824a08a18c","name":"Aslhey Alejandra Gonz\u00e1lez Castro","image":{"@type":"ImageObject","inLanguage":"es","@id":"https:\/\/blogs.uninter.edu.mx\/difusioncultural\/#\/schema\/person\/image\/","url":"https:\/\/secure.gravatar.com\/avatar\/1905d6ed47b47ccbfb53e4b64f72f2017309e25d96ef418088d4f998ecf6552e?s=96&d=mm&r=g","contentUrl":"https:\/\/secure.gravatar.com\/avatar\/1905d6ed47b47ccbfb53e4b64f72f2017309e25d96ef418088d4f998ecf6552e?s=96&d=mm&r=g","caption":"Aslhey Alejandra Gonz\u00e1lez Castro"},"url":"https:\/\/blogs.uninter.edu.mx\/difusioncultural\/?author=24"}]}},"jetpack_publicize_connections":[],"jetpack_featured_media_url":"https:\/\/blogs.uninter.edu.mx\/difusioncultural\/wp-content\/uploads\/2022\/03\/mario-ruiz-armengol-c845496e-ae85-4dec-b0af-cc27be91335-resize-750.jpg","jetpack_sharing_enabled":true,"_links":{"self":[{"href":"https:\/\/blogs.uninter.edu.mx\/difusioncultural\/index.php?rest_route=\/wp\/v2\/posts\/8680","targetHints":{"allow":["GET"]}}],"collection":[{"href":"https:\/\/blogs.uninter.edu.mx\/difusioncultural\/index.php?rest_route=\/wp\/v2\/posts"}],"about":[{"href":"https:\/\/blogs.uninter.edu.mx\/difusioncultural\/index.php?rest_route=\/wp\/v2\/types\/post"}],"author":[{"embeddable":true,"href":"https:\/\/blogs.uninter.edu.mx\/difusioncultural\/index.php?rest_route=\/wp\/v2\/users\/24"}],"replies":[{"embeddable":true,"href":"https:\/\/blogs.uninter.edu.mx\/difusioncultural\/index.php?rest_route=%2Fwp%2Fv2%2Fcomments&post=8680"}],"version-history":[{"count":0,"href":"https:\/\/blogs.uninter.edu.mx\/difusioncultural\/index.php?rest_route=\/wp\/v2\/posts\/8680\/revisions"}],"wp:featuredmedia":[{"embeddable":true,"href":"https:\/\/blogs.uninter.edu.mx\/difusioncultural\/index.php?rest_route=\/wp\/v2\/media\/8686"}],"wp:attachment":[{"href":"https:\/\/blogs.uninter.edu.mx\/difusioncultural\/index.php?rest_route=%2Fwp%2Fv2%2Fmedia&parent=8680"}],"wp:term":[{"taxonomy":"category","embeddable":true,"href":"https:\/\/blogs.uninter.edu.mx\/difusioncultural\/index.php?rest_route=%2Fwp%2Fv2%2Fcategories&post=8680"},{"taxonomy":"post_tag","embeddable":true,"href":"https:\/\/blogs.uninter.edu.mx\/difusioncultural\/index.php?rest_route=%2Fwp%2Fv2%2Ftags&post=8680"}],"curies":[{"name":"wp","href":"https:\/\/api.w.org\/{rel}","templated":true}]}}