{"id":8695,"date":"2022-03-22T08:47:57","date_gmt":"2022-03-22T14:47:57","guid":{"rendered":"https:\/\/difusionculturaluninter.wordpress.com\/?p=8695"},"modified":"2022-03-22T08:47:57","modified_gmt":"2022-03-22T14:47:57","slug":"22-de-marzo-dia-mundial-del-agua","status":"publish","type":"post","link":"https:\/\/blogs.uninter.edu.mx\/difusioncultural\/?p=8695","title":{"rendered":"22 de Marzo: D\u00eda Mundial del&nbsp;Agua"},"content":{"rendered":"\n<figure class=\"wp-block-image\"><a href=\"https:\/\/cartelerauninter.files.wordpress.com\/2022\/03\/image-12.png\"><img decoding=\"async\" src=\"https:\/\/cartelerauninter.files.wordpress.com\/2022\/03\/image-12.png?w=284\" alt=\"\" class=\"wp-image-9428\" \/><\/a><\/figure>\n\n\n\n<h2 class=\"wp-block-heading\">La importancia del agua<\/h2>\n\n\n\n<p>El D\u00eda Mundial del Agua se celebra cada&nbsp;22 de marzo para recordar la relevancia&nbsp;de este l\u00edquido esencial.&nbsp;A pesar de que todas las actividades sociales y econ\u00f3micas dependen en gran medida del abastecimiento de agua dulce y de su calidad,&nbsp;2 200 millones de personas viven sin acceso a agua potable. Esta celebraci\u00f3n tiene por objetivo concienciar acerca de la crisis mundial del agua y la necesidad de buscar medidas para abordarla&nbsp;de manera que alcancemos el&nbsp;<a href=\"https:\/\/www.un.org\/sustainabledevelopment\/es\/water-and-sanitation\/\">Objetivo de Desarrollo Sostenible No 6: Agua y saneamiento para todos antes de 2030<\/a>.<\/p>\n\n\n\n<h3 class=\"wp-block-heading\">Aguas subterr\u00e1neas, hacer visible lo invisible<\/h3>\n\n\n\n<p>Este 2022 el foco de atenci\u00f3n se centra en las aguas subterr\u00e1neas, unas aguas invisibles cuyos efectos se aprecian en todas partes. Se trata de aguas que se encuentran bajo tierra, en los acu\u00edferos (formaciones de rocas, arenas y gravas que contienen cantidades importantes de agua). Tras alimentar manantiales, r\u00edos, lagos y humedales, las aguas subterr\u00e1neas finalmente se filtran a los oc\u00e9anos. Su principal fuente de recarga es la lluvia y la nieve que se infiltran en el suelo y pueden extraerse a la superficie por medio de bombas y pozos.<\/p>\n\n\n\n<p>La vida no ser\u00eda posible sin ellas. La mayor\u00eda de las zonas \u00e1ridas del planeta dependen por completo de este recurso, que suministra una gran proporci\u00f3n del agua que utilizamos para fines de consumo, saneamiento, producci\u00f3n de alimentos y procesos industriales.<\/p>\n\n\n\n<p>Asimismo, las aguas subterr\u00e1neas son decisivas para el buen funcionamiento de los ecosistemas, como los humedales y los r\u00edos.<\/p>\n\n\n\n<p>Es por ello que debemos protegerlas de la sobreexplotaci\u00f3n -extraer m\u00e1s agua de la que se recarga con la lluvia y la nieve- y la contaminaci\u00f3n que actualmente las acechan, ya que puede desembocar en el agotamiento de este recurso, en el encarecimiento de su&nbsp;tratamiento y regeneraci\u00f3n y&nbsp;hasta la paralizaci\u00f3n de su uso.<\/p>\n\n\n\n<p>Este a\u00f1o, reivindiquemos el estudio, la protecci\u00f3n y la utilizaci\u00f3n de las aguas subterr\u00e1neas de forma sostenible&nbsp;para sobrevivir al cambio clim\u00e1tico y&nbsp;satisfacer las necesidades de una poblaci\u00f3n en constante crecimiento.<\/p>\n\n\n\n<figure class=\"wp-block-image\"><img decoding=\"async\" src=\"https:\/\/www.un.org\/sites\/un2.un.org\/files\/wwd2022_card2_protect_and_preserve.gif\" alt=\"Gif que representa suelo con agua y crecimiento en la parte superior\" \/><\/figure>\n\n\n\n<h3 class=\"wp-block-heading\">\u00bfNos ayudas?<\/h3>\n\n\n\n<p><a href=\"https:\/\/www.unwater.org\/\">ONU Agua<\/a>, agencia l\u00edder del D\u00eda Internacional, pone a tu disposici\u00f3n infinidad de informaci\u00f3n&nbsp;en lenguas para que comprendas muy bien la relaci\u00f3n de las aguas subterr\u00e1neas con nuestra sobrevivencia, as\u00ed como material&nbsp;de difusi\u00f3n&nbsp;para que nos ayudes a crear un mayor impacto.&nbsp;<\/p>\n\n\n\n<p><a href=\"https:\/\/www.worldwaterday.org\/share-2022\">MATERIAL<\/a><\/p>\n\n\n\n<h3 class=\"wp-block-heading\">Historia del D\u00eda<\/h3>\n\n\n\n<p>La idea de celebrar este d\u00eda internacional se remonta a 1992, a\u00f1o en el que tuvo lugar la&nbsp;<a href=\"http:\/\/www.un.org\/spanish\/conferences\/wssd\/unced.html\">Conferencia de las Naciones Unidas sobre el Medio Ambiente y el Desarrollo de R\u00edo de Janeiro<\/a>&nbsp;y en la que eman\u00f3 la propuesta. Ese mismo a\u00f1o, la Asamblea General adopt\u00f3 la&nbsp;<a href=\"https:\/\/undocs.org\/es\/A\/RES\/47\/193\">resoluci\u00f3n<\/a>&nbsp;por la que el 22 de marzo de cada a\u00f1o fue declarado D\u00eda Mundial del Agua, siendo 1993 el primer a\u00f1o de celebraci\u00f3n.<\/p>\n\n\n\n<p>A esta celebraci\u00f3n del D\u00eda se a\u00f1adir\u00edan posteriormente eventos&nbsp;anuales espec\u00edficos en torno al agua (por ejemplo, el A\u00f1o Internacional de Cooperaci\u00f3n en la Esfera del Agua 2013) e incluso decenios de acci\u00f3n (como es el caso del actual&nbsp;<a href=\"https:\/\/www.un.org\/es\/events\/waterdecade\/index.shtml\">Decenio \u00abAgua para el Desarrollo Sostenible\u00bb, 2018-2028<\/a>). Todo ello no hace sino reafirmar&nbsp;que las medidas h\u00eddricas y de saneamiento son clave en&nbsp;la reducci\u00f3n de la pobreza, el crecimiento econ\u00f3mico y la sostenibilidad ambiental.<\/p>\n\n\n\n<h3 class=\"wp-block-heading\"><\/h3>\n","protected":false},"excerpt":{"rendered":"<p>La importancia del agua El D\u00eda Mundial del Agua se celebra cada&nbsp;22 de marzo para recordar la relevancia&nbsp;de este l\u00edquido esencial.&nbsp;A pesar de que todas las actividades sociales y econ\u00f3micas dependen en gran medida del abastecimiento de agua dulce y de su calidad,&nbsp;2 200 millones de personas viven sin acceso a agua potable. Esta celebraci\u00f3n&hellip;<\/p>\n","protected":false},"author":24,"featured_media":8697,"comment_status":"closed","ping_status":"open","sticky":false,"template":"","format":"standard","meta":{"_jetpack_memberships_contains_paid_content":false,"footnotes":"","jetpack_publicize_message":"","jetpack_publicize_feature_enabled":true,"jetpack_social_post_already_shared":false,"jetpack_social_options":{"image_generator_settings":{"template":"highway","default_image_id":0,"font":"","enabled":false},"version":2}},"categories":[12,14],"tags":[],"class_list":["post-8695","post","type-post","status-publish","format-standard","has-post-thumbnail","hentry","category-noticias","category-un-dia-como-hoy"],"yoast_head":"<!-- This site is optimized with the Yoast SEO plugin v26.3 - https:\/\/yoast.com\/wordpress\/plugins\/seo\/ -->\r\n<title>22 de Marzo: D\u00eda Mundial del&nbsp;Agua - Difusi\u00f3n Cultural<\/title>\r\n<meta name=\"robots\" content=\"index, follow, max-snippet:-1, max-image-preview:large, max-video-preview:-1\" \/>\r\n<link rel=\"canonical\" href=\"https:\/\/blogs.uninter.edu.mx\/difusioncultural\/?p=8695\" \/>\r\n<meta property=\"og:locale\" content=\"es_MX\" \/>\r\n<meta property=\"og:type\" content=\"article\" \/>\r\n<meta property=\"og:title\" content=\"22 de Marzo: D\u00eda Mundial del&nbsp;Agua - Difusi\u00f3n Cultural\" \/>\r\n<meta property=\"og:description\" content=\"La importancia del agua El D\u00eda Mundial del Agua se celebra cada&nbsp;22 de marzo para recordar la relevancia&nbsp;de este l\u00edquido esencial.&nbsp;A pesar de que todas las actividades sociales y econ\u00f3micas dependen en gran medida del abastecimiento de agua dulce y de su calidad,&nbsp;2 200 millones de personas viven sin acceso a agua potable. Esta celebraci\u00f3n&hellip;\" \/>\r\n<meta property=\"og:url\" content=\"https:\/\/blogs.uninter.edu.mx\/difusioncultural\/?p=8695\" \/>\r\n<meta property=\"og:site_name\" content=\"Difusi\u00f3n Cultural\" \/>\r\n<meta property=\"article:published_time\" content=\"2022-03-22T14:47:57+00:00\" \/>\r\n<meta property=\"og:image\" content=\"https:\/\/blogs.uninter.edu.mx\/difusioncultural\/wp-content\/uploads\/2022\/03\/image-12.png\" \/>\r\n\t<meta property=\"og:image:width\" content=\"284\" \/>\r\n\t<meta property=\"og:image:height\" content=\"178\" \/>\r\n\t<meta property=\"og:image:type\" content=\"image\/png\" \/>\r\n<meta name=\"author\" content=\"Aslhey Alejandra Gonz\u00e1lez Castro\" \/>\r\n<meta name=\"twitter:card\" content=\"summary_large_image\" \/>\r\n<meta name=\"twitter:label1\" content=\"Escrito por\" \/>\n\t<meta name=\"twitter:data1\" content=\"Aslhey Alejandra Gonz\u00e1lez Castro\" \/>\n\t<meta name=\"twitter:label2\" content=\"Tiempo de lectura\" \/>\n\t<meta name=\"twitter:data2\" content=\"3 minutos\" \/>\r\n<script type=\"application\/ld+json\" class=\"yoast-schema-graph\">{\"@context\":\"https:\/\/schema.org\",\"@graph\":[{\"@type\":\"Article\",\"@id\":\"https:\/\/blogs.uninter.edu.mx\/difusioncultural\/?p=8695#article\",\"isPartOf\":{\"@id\":\"https:\/\/blogs.uninter.edu.mx\/difusioncultural\/?p=8695\"},\"author\":{\"name\":\"Aslhey Alejandra Gonz\u00e1lez Castro\",\"@id\":\"https:\/\/blogs.uninter.edu.mx\/difusioncultural\/#\/schema\/person\/c710e37686022500827405824a08a18c\"},\"headline\":\"22 de Marzo: D\u00eda Mundial del&nbsp;Agua\",\"datePublished\":\"2022-03-22T14:47:57+00:00\",\"mainEntityOfPage\":{\"@id\":\"https:\/\/blogs.uninter.edu.mx\/difusioncultural\/?p=8695\"},\"wordCount\":614,\"publisher\":{\"@id\":\"https:\/\/blogs.uninter.edu.mx\/difusioncultural\/#organization\"},\"image\":{\"@id\":\"https:\/\/blogs.uninter.edu.mx\/difusioncultural\/?p=8695#primaryimage\"},\"thumbnailUrl\":\"https:\/\/blogs.uninter.edu.mx\/difusioncultural\/wp-content\/uploads\/2022\/03\/image-12.png\",\"articleSection\":[\"noticias\",\"un dia como hoy\"],\"inLanguage\":\"es\"},{\"@type\":\"WebPage\",\"@id\":\"https:\/\/blogs.uninter.edu.mx\/difusioncultural\/?p=8695\",\"url\":\"https:\/\/blogs.uninter.edu.mx\/difusioncultural\/?p=8695\",\"name\":\"22 de Marzo: D\u00eda Mundial del&nbsp;Agua - Difusi\u00f3n Cultural\",\"isPartOf\":{\"@id\":\"https:\/\/blogs.uninter.edu.mx\/difusioncultural\/#website\"},\"primaryImageOfPage\":{\"@id\":\"https:\/\/blogs.uninter.edu.mx\/difusioncultural\/?p=8695#primaryimage\"},\"image\":{\"@id\":\"https:\/\/blogs.uninter.edu.mx\/difusioncultural\/?p=8695#primaryimage\"},\"thumbnailUrl\":\"https:\/\/blogs.uninter.edu.mx\/difusioncultural\/wp-content\/uploads\/2022\/03\/image-12.png\",\"datePublished\":\"2022-03-22T14:47:57+00:00\",\"breadcrumb\":{\"@id\":\"https:\/\/blogs.uninter.edu.mx\/difusioncultural\/?p=8695#breadcrumb\"},\"inLanguage\":\"es\",\"potentialAction\":[{\"@type\":\"ReadAction\",\"target\":[\"https:\/\/blogs.uninter.edu.mx\/difusioncultural\/?p=8695\"]}]},{\"@type\":\"ImageObject\",\"inLanguage\":\"es\",\"@id\":\"https:\/\/blogs.uninter.edu.mx\/difusioncultural\/?p=8695#primaryimage\",\"url\":\"https:\/\/blogs.uninter.edu.mx\/difusioncultural\/wp-content\/uploads\/2022\/03\/image-12.png\",\"contentUrl\":\"https:\/\/blogs.uninter.edu.mx\/difusioncultural\/wp-content\/uploads\/2022\/03\/image-12.png\",\"width\":284,\"height\":178},{\"@type\":\"BreadcrumbList\",\"@id\":\"https:\/\/blogs.uninter.edu.mx\/difusioncultural\/?p=8695#breadcrumb\",\"itemListElement\":[{\"@type\":\"ListItem\",\"position\":1,\"name\":\"Inicio\",\"item\":\"https:\/\/blogs.uninter.edu.mx\/difusioncultural\/\"},{\"@type\":\"ListItem\",\"position\":2,\"name\":\"22 de Marzo: D\u00eda Mundial del&nbsp;Agua\"}]},{\"@type\":\"WebSite\",\"@id\":\"https:\/\/blogs.uninter.edu.mx\/difusioncultural\/#website\",\"url\":\"https:\/\/blogs.uninter.edu.mx\/difusioncultural\/\",\"name\":\"Difusi\u00f3n Cultural\",\"description\":\"UNINTER\",\"publisher\":{\"@id\":\"https:\/\/blogs.uninter.edu.mx\/difusioncultural\/#organization\"},\"potentialAction\":[{\"@type\":\"SearchAction\",\"target\":{\"@type\":\"EntryPoint\",\"urlTemplate\":\"https:\/\/blogs.uninter.edu.mx\/difusioncultural\/?s={search_term_string}\"},\"query-input\":{\"@type\":\"PropertyValueSpecification\",\"valueRequired\":true,\"valueName\":\"search_term_string\"}}],\"inLanguage\":\"es\"},{\"@type\":\"Organization\",\"@id\":\"https:\/\/blogs.uninter.edu.mx\/difusioncultural\/#organization\",\"name\":\"Difusi\u00f3n Cultural\",\"url\":\"https:\/\/blogs.uninter.edu.mx\/difusioncultural\/\",\"logo\":{\"@type\":\"ImageObject\",\"inLanguage\":\"es\",\"@id\":\"https:\/\/blogs.uninter.edu.mx\/difusioncultural\/#\/schema\/logo\/image\/\",\"url\":\"https:\/\/blogs.uninter.edu.mx\/difusioncultural\/wp-content\/uploads\/2022\/09\/uninter.jpg\",\"contentUrl\":\"https:\/\/blogs.uninter.edu.mx\/difusioncultural\/wp-content\/uploads\/2022\/09\/uninter.jpg\",\"width\":2048,\"height\":2048,\"caption\":\"Difusi\u00f3n Cultural\"},\"image\":{\"@id\":\"https:\/\/blogs.uninter.edu.mx\/difusioncultural\/#\/schema\/logo\/image\/\"}},{\"@type\":\"Person\",\"@id\":\"https:\/\/blogs.uninter.edu.mx\/difusioncultural\/#\/schema\/person\/c710e37686022500827405824a08a18c\",\"name\":\"Aslhey Alejandra Gonz\u00e1lez Castro\",\"image\":{\"@type\":\"ImageObject\",\"inLanguage\":\"es\",\"@id\":\"https:\/\/blogs.uninter.edu.mx\/difusioncultural\/#\/schema\/person\/image\/\",\"url\":\"https:\/\/secure.gravatar.com\/avatar\/1905d6ed47b47ccbfb53e4b64f72f2017309e25d96ef418088d4f998ecf6552e?s=96&d=mm&r=g\",\"contentUrl\":\"https:\/\/secure.gravatar.com\/avatar\/1905d6ed47b47ccbfb53e4b64f72f2017309e25d96ef418088d4f998ecf6552e?s=96&d=mm&r=g\",\"caption\":\"Aslhey Alejandra Gonz\u00e1lez Castro\"},\"url\":\"https:\/\/blogs.uninter.edu.mx\/difusioncultural\/?author=24\"}]}<\/script>\r\n<!-- \/ Yoast SEO plugin. -->","yoast_head_json":{"title":"22 de Marzo: D\u00eda Mundial del&nbsp;Agua - Difusi\u00f3n Cultural","robots":{"index":"index","follow":"follow","max-snippet":"max-snippet:-1","max-image-preview":"max-image-preview:large","max-video-preview":"max-video-preview:-1"},"canonical":"https:\/\/blogs.uninter.edu.mx\/difusioncultural\/?p=8695","og_locale":"es_MX","og_type":"article","og_title":"22 de Marzo: D\u00eda Mundial del&nbsp;Agua - Difusi\u00f3n Cultural","og_description":"La importancia del agua El D\u00eda Mundial del Agua se celebra cada&nbsp;22 de marzo para recordar la relevancia&nbsp;de este l\u00edquido esencial.&nbsp;A pesar de que todas las actividades sociales y econ\u00f3micas dependen en gran medida del abastecimiento de agua dulce y de su calidad,&nbsp;2 200 millones de personas viven sin acceso a agua potable. Esta celebraci\u00f3n&hellip;","og_url":"https:\/\/blogs.uninter.edu.mx\/difusioncultural\/?p=8695","og_site_name":"Difusi\u00f3n Cultural","article_published_time":"2022-03-22T14:47:57+00:00","og_image":[{"width":284,"height":178,"url":"https:\/\/blogs.uninter.edu.mx\/difusioncultural\/wp-content\/uploads\/2022\/03\/image-12.png","type":"image\/png"}],"author":"Aslhey Alejandra Gonz\u00e1lez Castro","twitter_card":"summary_large_image","twitter_misc":{"Escrito por":"Aslhey Alejandra Gonz\u00e1lez Castro","Tiempo de lectura":"3 minutos"},"schema":{"@context":"https:\/\/schema.org","@graph":[{"@type":"Article","@id":"https:\/\/blogs.uninter.edu.mx\/difusioncultural\/?p=8695#article","isPartOf":{"@id":"https:\/\/blogs.uninter.edu.mx\/difusioncultural\/?p=8695"},"author":{"name":"Aslhey Alejandra Gonz\u00e1lez Castro","@id":"https:\/\/blogs.uninter.edu.mx\/difusioncultural\/#\/schema\/person\/c710e37686022500827405824a08a18c"},"headline":"22 de Marzo: D\u00eda Mundial del&nbsp;Agua","datePublished":"2022-03-22T14:47:57+00:00","mainEntityOfPage":{"@id":"https:\/\/blogs.uninter.edu.mx\/difusioncultural\/?p=8695"},"wordCount":614,"publisher":{"@id":"https:\/\/blogs.uninter.edu.mx\/difusioncultural\/#organization"},"image":{"@id":"https:\/\/blogs.uninter.edu.mx\/difusioncultural\/?p=8695#primaryimage"},"thumbnailUrl":"https:\/\/blogs.uninter.edu.mx\/difusioncultural\/wp-content\/uploads\/2022\/03\/image-12.png","articleSection":["noticias","un dia como hoy"],"inLanguage":"es"},{"@type":"WebPage","@id":"https:\/\/blogs.uninter.edu.mx\/difusioncultural\/?p=8695","url":"https:\/\/blogs.uninter.edu.mx\/difusioncultural\/?p=8695","name":"22 de Marzo: D\u00eda Mundial del&nbsp;Agua - Difusi\u00f3n Cultural","isPartOf":{"@id":"https:\/\/blogs.uninter.edu.mx\/difusioncultural\/#website"},"primaryImageOfPage":{"@id":"https:\/\/blogs.uninter.edu.mx\/difusioncultural\/?p=8695#primaryimage"},"image":{"@id":"https:\/\/blogs.uninter.edu.mx\/difusioncultural\/?p=8695#primaryimage"},"thumbnailUrl":"https:\/\/blogs.uninter.edu.mx\/difusioncultural\/wp-content\/uploads\/2022\/03\/image-12.png","datePublished":"2022-03-22T14:47:57+00:00","breadcrumb":{"@id":"https:\/\/blogs.uninter.edu.mx\/difusioncultural\/?p=8695#breadcrumb"},"inLanguage":"es","potentialAction":[{"@type":"ReadAction","target":["https:\/\/blogs.uninter.edu.mx\/difusioncultural\/?p=8695"]}]},{"@type":"ImageObject","inLanguage":"es","@id":"https:\/\/blogs.uninter.edu.mx\/difusioncultural\/?p=8695#primaryimage","url":"https:\/\/blogs.uninter.edu.mx\/difusioncultural\/wp-content\/uploads\/2022\/03\/image-12.png","contentUrl":"https:\/\/blogs.uninter.edu.mx\/difusioncultural\/wp-content\/uploads\/2022\/03\/image-12.png","width":284,"height":178},{"@type":"BreadcrumbList","@id":"https:\/\/blogs.uninter.edu.mx\/difusioncultural\/?p=8695#breadcrumb","itemListElement":[{"@type":"ListItem","position":1,"name":"Inicio","item":"https:\/\/blogs.uninter.edu.mx\/difusioncultural\/"},{"@type":"ListItem","position":2,"name":"22 de Marzo: D\u00eda Mundial del&nbsp;Agua"}]},{"@type":"WebSite","@id":"https:\/\/blogs.uninter.edu.mx\/difusioncultural\/#website","url":"https:\/\/blogs.uninter.edu.mx\/difusioncultural\/","name":"Difusi\u00f3n Cultural","description":"UNINTER","publisher":{"@id":"https:\/\/blogs.uninter.edu.mx\/difusioncultural\/#organization"},"potentialAction":[{"@type":"SearchAction","target":{"@type":"EntryPoint","urlTemplate":"https:\/\/blogs.uninter.edu.mx\/difusioncultural\/?s={search_term_string}"},"query-input":{"@type":"PropertyValueSpecification","valueRequired":true,"valueName":"search_term_string"}}],"inLanguage":"es"},{"@type":"Organization","@id":"https:\/\/blogs.uninter.edu.mx\/difusioncultural\/#organization","name":"Difusi\u00f3n Cultural","url":"https:\/\/blogs.uninter.edu.mx\/difusioncultural\/","logo":{"@type":"ImageObject","inLanguage":"es","@id":"https:\/\/blogs.uninter.edu.mx\/difusioncultural\/#\/schema\/logo\/image\/","url":"https:\/\/blogs.uninter.edu.mx\/difusioncultural\/wp-content\/uploads\/2022\/09\/uninter.jpg","contentUrl":"https:\/\/blogs.uninter.edu.mx\/difusioncultural\/wp-content\/uploads\/2022\/09\/uninter.jpg","width":2048,"height":2048,"caption":"Difusi\u00f3n Cultural"},"image":{"@id":"https:\/\/blogs.uninter.edu.mx\/difusioncultural\/#\/schema\/logo\/image\/"}},{"@type":"Person","@id":"https:\/\/blogs.uninter.edu.mx\/difusioncultural\/#\/schema\/person\/c710e37686022500827405824a08a18c","name":"Aslhey Alejandra Gonz\u00e1lez Castro","image":{"@type":"ImageObject","inLanguage":"es","@id":"https:\/\/blogs.uninter.edu.mx\/difusioncultural\/#\/schema\/person\/image\/","url":"https:\/\/secure.gravatar.com\/avatar\/1905d6ed47b47ccbfb53e4b64f72f2017309e25d96ef418088d4f998ecf6552e?s=96&d=mm&r=g","contentUrl":"https:\/\/secure.gravatar.com\/avatar\/1905d6ed47b47ccbfb53e4b64f72f2017309e25d96ef418088d4f998ecf6552e?s=96&d=mm&r=g","caption":"Aslhey Alejandra Gonz\u00e1lez Castro"},"url":"https:\/\/blogs.uninter.edu.mx\/difusioncultural\/?author=24"}]}},"jetpack_publicize_connections":[],"jetpack_featured_media_url":"https:\/\/blogs.uninter.edu.mx\/difusioncultural\/wp-content\/uploads\/2022\/03\/image-12.png","jetpack_sharing_enabled":true,"_links":{"self":[{"href":"https:\/\/blogs.uninter.edu.mx\/difusioncultural\/index.php?rest_route=\/wp\/v2\/posts\/8695","targetHints":{"allow":["GET"]}}],"collection":[{"href":"https:\/\/blogs.uninter.edu.mx\/difusioncultural\/index.php?rest_route=\/wp\/v2\/posts"}],"about":[{"href":"https:\/\/blogs.uninter.edu.mx\/difusioncultural\/index.php?rest_route=\/wp\/v2\/types\/post"}],"author":[{"embeddable":true,"href":"https:\/\/blogs.uninter.edu.mx\/difusioncultural\/index.php?rest_route=\/wp\/v2\/users\/24"}],"replies":[{"embeddable":true,"href":"https:\/\/blogs.uninter.edu.mx\/difusioncultural\/index.php?rest_route=%2Fwp%2Fv2%2Fcomments&post=8695"}],"version-history":[{"count":0,"href":"https:\/\/blogs.uninter.edu.mx\/difusioncultural\/index.php?rest_route=\/wp\/v2\/posts\/8695\/revisions"}],"wp:featuredmedia":[{"embeddable":true,"href":"https:\/\/blogs.uninter.edu.mx\/difusioncultural\/index.php?rest_route=\/wp\/v2\/media\/8697"}],"wp:attachment":[{"href":"https:\/\/blogs.uninter.edu.mx\/difusioncultural\/index.php?rest_route=%2Fwp%2Fv2%2Fmedia&parent=8695"}],"wp:term":[{"taxonomy":"category","embeddable":true,"href":"https:\/\/blogs.uninter.edu.mx\/difusioncultural\/index.php?rest_route=%2Fwp%2Fv2%2Fcategories&post=8695"},{"taxonomy":"post_tag","embeddable":true,"href":"https:\/\/blogs.uninter.edu.mx\/difusioncultural\/index.php?rest_route=%2Fwp%2Fv2%2Ftags&post=8695"}],"curies":[{"name":"wp","href":"https:\/\/api.w.org\/{rel}","templated":true}]}}