{"id":8763,"date":"2022-04-18T08:38:43","date_gmt":"2022-04-18T13:38:43","guid":{"rendered":"https:\/\/difusionculturaluninter.wordpress.com\/?p=8763"},"modified":"2022-04-18T08:38:43","modified_gmt":"2022-04-18T13:38:43","slug":"18-de-abril-dia-internacional-de-los-monumentos-y-sitios","status":"publish","type":"post","link":"https:\/\/blogs.uninter.edu.mx\/difusioncultural\/?p=8763","title":{"rendered":"18 de Abril: D\u00eda Internacional de los Monumentos y Sitios"},"content":{"rendered":"\n<p><img decoding=\"async\" alt=\"D\u00eda Internacional de los Monumentos y Sitios\" src=\"https:\/\/www.gob.mx\/cms\/uploads\/article\/main_image\/34805\/WhatsApp_Image_2017-04-18_at_12.24.41.jpeg\">D\u00eda Internacional de los Monumentos y Sitios<\/p>\n\n\n\n<p>Les compartimos algunos lugares emblem\u00e1ticos de los estados de la rep\u00fablica mexicana que seguro ser\u00e1n una opci\u00f3n perfecta para conocer durante sus pr\u00f3ximas vacaciones.<\/p>\n\n\n\n<p><strong>San Juan de Ul\u00faa, Veracruz<\/strong><\/p>\n\n\n\n<p>Es el nombre de una peque\u00f1a isla ubicada en la costa de Veracruz, ah\u00ed se construy\u00f3 la fortaleza, la cual fue planeada por los espa\u00f1oles al mando de Hern\u00e1n Cort\u00e9s en 1519 en el contexto del descubrimiento de Am\u00e9rica y para protegerse de los ataques piratas y corsarios de la \u00e9poca contra Espa\u00f1a.<\/p>\n\n\n\n<p>San Juan de Ul\u00faa fue el primer puerto de M\u00e9xico y punto de encuentro entre dos culturas.<\/p>\n\n\n\n<figure class=\"wp-block-image\"><img decoding=\"async\" src=\"https:\/\/www.gob.mx\/cms\/uploads\/image\/file\/270867\/SanJuanDeUlua-Veracruz.jpg\" alt=\"\/cms\/uploads\/image\/file\/270867\/SanJuanDeUlua-Veracruz.jpg\" \/><\/figure>\n\n\n\n<p><strong>Zona Arqueol\u00f3gica de Cacaxtla, Tlaxcala<\/strong><\/p>\n\n\n\n<p>Esta zona arqueol\u00f3gica se encuentra a 19 km al suroeste de la ciudad de Tlaxcala, perteneci\u00f3 a la cultura Olmeca-Xicalanca y fue descubierta el 13 de septiembre de 1975. Destaca una serie de pinturas murales en excelente estado de conservaci\u00f3n como el hombre alacr\u00e1n en el templo de Venus, el templo rojo, el mural de la batalla con m\u00e1s de 22 metros de largo y los murales del Hombre Ave y el Hombre Jaguar.<\/p>\n\n\n\n<figure class=\"wp-block-image\"><img decoding=\"async\" src=\"https:\/\/www.gob.mx\/cms\/uploads\/image\/file\/270870\/ZonaArquelogicaDeCacaxtla-Tlaxcala.jpg\" alt=\"\/cms\/uploads\/image\/file\/270870\/ZonaArquelogicaDeCacaxtla-Tlaxcala.jpg\" \/><\/figure>\n\n\n\n<p><strong>Museo Hist\u00f3rico de Acapulco, Fuerte de San Diego<\/strong><\/p>\n\n\n\n<p>Es el monumento hist\u00f3rico m\u00e1s importante del puerto de Acapulco y la fortaleza mar\u00edtima m\u00e1s importante a todo lo largo del oc\u00e9ano Pac\u00edfico. El Fuerte de San Diego cuenta con una singular traza geom\u00e9trica en forma de pent\u00e1gono o estrella de 5 picos, fue edificado para la defensa militar. \u00danico por su dise\u00f1o, en \u00e9l se aplicaron los conceptos de ingenier\u00eda militar m\u00e1s adelantados de su \u00e9poca.<\/p>\n\n\n\n<p>Recientemente en este sitio se inaugur\u00f3 el videomapping del fuerte la cual cuenta la historia de Acapulco desde sus primeros pobladores, pasando por los viajes de la Nao de China, la vida novohispana, la independencia, la revoluci\u00f3n y hasta la \u00e9poca actual, haciendo del Fuerte de San Diego una parada obligatoria al visitar Acapulco.<\/p>\n\n\n\n<figure class=\"wp-block-image\"><img decoding=\"async\" src=\"https:\/\/www.gob.mx\/cms\/uploads\/image\/file\/270877\/FuerteDeSanDiego-Acapulco.jpg\" alt=\"\/cms\/uploads\/image\/file\/270877\/FuerteDeSanDiego-Acapulco.jpg\" \/><\/figure>\n\n\n\n<p><strong>Teatro de la Rep\u00fablica, Quer\u00e9taro<\/strong><\/p>\n\n\n\n<p>Este recinto de estilo neocl\u00e1sico es un edificio en el Centro Hist\u00f3rico de la Ciudad de Quer\u00e9taro, ha sido testigo presencial de hechos que marcaron el destino del pa\u00eds: en 1854 se interpret\u00f3 por primera vez el Himno Nacional en su recinto, en 1867 se sentenci\u00f3 a Maximiliano de Habsburgo a la pena capital y el 5 de febrero de 1917 se promulg\u00f3 la Constituci\u00f3n de la Rep\u00fablica. Su arquitectura&nbsp; se caracteriza por sus sobrias l\u00edneas en el exterior y sencilla elegancia en el interior.<\/p>\n\n\n\n<figure class=\"wp-block-image\"><img decoding=\"async\" src=\"https:\/\/www.gob.mx\/cms\/uploads\/image\/file\/270869\/TeatroDeLaRepublica-Queretaro.jpg\" alt=\"\/cms\/uploads\/image\/file\/270869\/TeatroDeLaRepublica-Queretaro.jpg\" \/><\/figure>\n\n\n\n<p><strong>Chich\u00e9n Itz\u00e1, Yucat\u00e1n<\/strong><\/p>\n\n\n\n<p>Situada en la regi\u00f3n sureste de Yucat\u00e1n, la ciudad maya prehisp\u00e1nica de Chich\u00e9n Itz\u00e1 es una de las nuevas siete maravillas del mundo. Ciudad declarada Patrimonio de la Humanidad en 1988, este lugar sagrado est\u00e1 dominado por templos y estructuras que han sobrevivido a sus casi 1.000 a\u00f1os de historia. Su atracci\u00f3n principal es la pir\u00e1mide de Kukulk\u00e1n, con 30mts de altura y coronada por un templo. Dos veces al a\u00f1o durante los equinoccios de primavera y oto\u00f1o, un juego visual de luces y sombras crea la apariencia de una serpiente que desciende poco a poco por las escaleras de la pir\u00e1mide para completar la serpiente emplumada ic\u00f3nica.<\/p>\n\n\n\n<figure class=\"wp-block-image\"><img decoding=\"async\" src=\"https:\/\/www.gob.mx\/cms\/uploads\/image\/file\/270891\/WhatsApp_Image_2017-04-18_at_12.24.41.jpeg\" alt=\"\/cms\/uploads\/image\/file\/270891\/WhatsApp_Image_2017-04-18_at_12.24.41.jpeg\" \/><\/figure>\n\n\n\n<p><strong>Palenque, Chiapas<\/strong><\/p>\n\n\n\n<p>Es una de las urbes prehisp\u00e1nicas m\u00e1s atractivas del pa\u00eds y explorarla es acercarse al alma del Mundo Maya. Ejemplo eminente de santuario maya de la \u00e9poca cl\u00e1sica. La elegancia y calidad t\u00e9cnica de sus construcciones, as\u00ed como la delicadeza de los relieves esculpidos con temas mitol\u00f3gicos, ponen de manifiesto el genio creador de la civilizaci\u00f3n maya.<\/p>\n\n\n\n<p>Este importante Patrimonio Mundial por parte de la UNESCO, fue incluido en el listado de la UNESCO en 1987.<\/p>\n\n\n\n<figure class=\"wp-block-image\"><img decoding=\"async\" src=\"https:\/\/www.gob.mx\/cms\/uploads\/image\/file\/270892\/WhatsApp_Image_2017-04-18_at_12.26.27.jpeg\" alt=\"\/cms\/uploads\/image\/file\/270892\/WhatsApp_Image_2017-04-18_at_12.26.27.jpeg\" \/><\/figure>\n\n\n\n<p><strong>Instituto Cultural Caba\u00f1as, Jalisco<\/strong><\/p>\n\n\n\n<p>Silencioso guardi\u00e1n ubicado en el coraz\u00f3n de la Perla Tapatia, edificio de arquitectura neocl\u00e1sica. El Instituto Cultural Caba\u00f1as Ha sido cuartel militar, refugio, centro cultural, v\u00edctima de un terremoto y casa de asistencia.<\/p>\n\n\n\n<p>En 1997 la UNESCO reconoce la construcci\u00f3n como un tesoro art\u00edstico de valor incalculable, otorgando al Instituto Cultural Caba\u00f1as el t\u00edtulo de Patrimonio Cultural de la Humanidad, un orgullo para todos los jaliscienses.<\/p>\n\n\n\n<figure class=\"wp-block-image\"><img decoding=\"async\" src=\"https:\/\/www.gob.mx\/cms\/uploads\/image\/file\/270868\/InstitutoCulturalCaba_as-Jalisco.png\" alt=\"\/cms\/uploads\/image\/file\/270868\/InstitutoCulturalCaba_as-Jalisco.png\" \/><\/figure>\n\n\n\n<p><strong>Ex F\u00e1brica T\u00e9xtil de Bellavista, Nayarit<\/strong><\/p>\n\n\n\n<p>La Ex F\u00e1brica T\u00e9xtil de Bellavista un inmueble hist\u00f3rico que data de 1841, es uno de los lugares m\u00e1s enigm\u00e1ticos y visitados de la ciudad de Tepic, considerada un monumento arquitect\u00f3nico del siglo XIX. Un tesoro para los habitantes del poblado que ha sido parte medular de la identidad y la cultura nayarita.<\/p>\n\n\n\n<figure class=\"wp-block-image\"><img decoding=\"async\" src=\"https:\/\/www.gob.mx\/cms\/uploads\/image\/file\/270865\/ExFa_bricaTe_xtilDeBellavista-Nayarit.jpg\" alt=\"\/cms\/uploads\/image\/file\/270865\/ExFa_bricaTe_xtilDeBellavista-Nayarit.jpg\" \/><\/figure>\n\n\n\n<p><strong>El Cristo de las Noas, Coahuila<\/strong><\/p>\n\n\n\n<p>Se encuentra en el Cerro de las Noas, en Torre\u00f3n; es una escultura de la artista Vladimir Alvarado; mide 22 metros de altura desde su base, y est\u00e1 construido con 579 toneladas de hormig\u00f3n armado, es el s\u00edmbolo m\u00e1s representativo no solo de Torre\u00f3n; sino de toda la Comarca Lagunera, siendo el tercer Cristo m\u00e1s grande de Latinoam\u00e9rica.<\/p>\n\n\n\n<figure class=\"wp-block-image\"><img decoding=\"async\" src=\"https:\/\/www.gob.mx\/cms\/uploads\/image\/file\/270866\/CristoDeLasNoas-Torre_n.JPG\" alt=\"\/cms\/uploads\/image\/file\/270866\/CristoDeLasNoas-Torre_n.JPG\" \/><\/figure>\n\n\n\n<p><strong>CALAKMUL, Campeche<\/strong><\/p>\n\n\n\n<p>Significa &#8220;dos pir\u00e1mides vecinas&#8221; se localiza en el estado de Campeche&nbsp;dentro de la reserva de la bi\u00f3sfera del mismo nombre y es un lugar&nbsp;especial para la historia de la humanidad.<\/p>\n\n\n\n<p>Fu\u00e9 calificada por patrimonio mundial por la UNESCO el 27 de Julio de 2002<\/p>\n\n\n\n<figure class=\"wp-block-image\"><img decoding=\"async\" src=\"https:\/\/www.gob.mx\/cms\/uploads\/image\/file\/270899\/WhatsApp_Image_2017-04-18_at_12.49.08.jpeg\" alt=\"\/cms\/uploads\/image\/file\/270899\/WhatsApp_Image_2017-04-18_at_12.49.08.jpeg\" \/><\/figure>\n\n\n\n<p><strong>Zona Arqueol\u00f3gica de Yohualichan, Puebla<\/strong><\/p>\n\n\n\n<p>Su nombre significa &#8220;casa del sol&#8221; en n\u00e1huatl, centro ceremonial en la Sierra de Puebla, sus nichos son muestran de su origen Totonaco. &nbsp;<\/p>\n\n\n\n<figure class=\"wp-block-image\"><img decoding=\"async\" src=\"https:\/\/www.gob.mx\/cms\/uploads\/image\/file\/270900\/Yohualichan-Puebla.jpg\" alt=\"\/cms\/uploads\/image\/file\/270900\/Yohualichan-Puebla.jpg\" \/><\/figure>\n\n\n\n<p><strong>Monumento Francisco Villa, Durango<\/strong><\/p>\n\n\n\n<p>En el oriente de la ciudad de Durango se encuentra la Estatua del revolucionario originario de San Juan del R\u00edo, Jos\u00e9 Doroteo Arango Ar\u00e1mbula, mejor conocido con el seud\u00f3nimo de Francisco Villa.<\/p>\n\n\n\n<p>Mide 5.20 metros de altura por 5.20 metros de largo, aproximadamente pesa 6 toneladas. Obra del artista duranguense Francisco Montoya de la Cruz es ahora uno de los principales iconos representativos de la ciudad.<\/p>\n\n\n\n<figure class=\"wp-block-image\"><img decoding=\"async\" src=\"https:\/\/www.gob.mx\/cms\/uploads\/image\/file\/270908\/WhatsApp_Image_2017-04-18_at_13.00.14.jpeg\" alt=\"\/cms\/uploads\/image\/file\/270908\/WhatsApp_Image_2017-04-18_at_13.00.14.jpeg\" \/><\/figure>\n\n\n\n<p><strong>Catedral Bas\u00edlica,&nbsp;Zacatecas<\/strong><\/p>\n\n\n\n<p>Obra maestra del barroco exuberante novohispano, construida a mediados del siglo XVIII. En 1862 se convierte en Catedral, al ser la sede de la Di\u00f3cesis de Zacatecas, y en 1959, es elevada al rango de Catedral-Bas\u00edlica.&nbsp;<br><br>Su construcci\u00f3n est\u00e1 inscrita en una planta de cruz latina y consta de tres naves, con sus respectivas fachadas. De \u00e9stas, sobresale imponente la principal, cuya ornamentaci\u00f3n semeja un gigantesco retablo de piedra en el que muestra, como un libro abierto, la historia del cristianismo. Dos proporcionadas y esbeltas torres la invisten, llevando la misma l\u00ednea decorativa, pero con m\u00e1s mesura y discreci\u00f3n.&nbsp;<\/p>\n\n\n\n<p>Dedicada a la Virgen de la asunci\u00f3n, la catedral esta ubicada&nbsp;en el centro hist\u00f3rico de la ciudad&nbsp;la cual esta declarada como patrimonio cultural de la humanidad por la UNESCO.<\/p>\n\n\n\n<figure class=\"wp-block-image\"><img decoding=\"async\" src=\"https:\/\/www.gob.mx\/cms\/uploads\/image\/file\/270909\/WhatsApp_Image_2017-04-18_at_13.06.24.jpeg\" alt=\"\/cms\/uploads\/image\/file\/270909\/WhatsApp_Image_2017-04-18_at_13.06.24.jpeg\" \/><\/figure>\n\n\n\n<p><strong>Santuario de Atotonilco, Guanajuato<\/strong>&nbsp;<\/p>\n\n\n\n<p>A 17 km de San Miguel de Allende se encuentra este bello santuario, construido entre 1740 y 1748 a instancias del devoto presb\u00edtero Luis Felipe Neri de Alfaro como casa de ejercicios espirituales cerca de unos manantiales donde se realizaban &#8220;idolatr\u00edas, torpezas y abominaciones&#8221; -Atotonilco es un t\u00e9rmino n\u00e1huatl que significa &#8220;sobre las aguas termales&#8221;-<\/p>\n\n\n\n<p>El Santuario de Jes\u00fas Nazareno, inicialmente modesto, est\u00e1 conformado por una nave principal, sacrist\u00eda, siete capillas anexas y seis camarines. Lo decisivo son las extraordinarias pinturas murales que cubren todo el espacio, techos y muros en torno a un ciclo de 13 V\u00eda Crucis, realizadas por un criollo probablemente queretano, llamado Miguel Antonio Mart\u00ednez de Pocasangre, durante un per\u00edodo de treinta a\u00f1os y utilizando \u00fanicamente la luz del d\u00eda.<\/p>\n\n\n\n<p>Patrimonio de la Humanidad por la &nbsp;UNESCO desde 2008, destacan las capillas del Santo Sepulcro (1763), Nuestra Se\u00f1ora del Rosario y su camar\u00edn (1766) y la capilla del Calvario (1774-1778). El santuario es un hito importante en la historia de M\u00e9xico: fue la iglesia elegida para contraer matrimonio por el capit\u00e1n Ignacio Allende con Mar\u00eda de la Luz Agustina y Fuentes, as\u00ed el lugar como de donde tom\u00f3 Miguel Hidalgo el estandarte de la Virgen de Guadalupe que sirvi\u00f3 de bandera en la lucha por la Independencia.&nbsp;<\/p>\n\n\n\n<figure class=\"wp-block-image\"><img decoding=\"async\" src=\"https:\/\/www.gob.mx\/cms\/uploads\/image\/file\/271252\/WhatsApp_Image_2017-04-19_at_16.46.50.jpeg\" alt=\"\/cms\/uploads\/image\/file\/271252\/WhatsApp_Image_2017-04-19_at_16.46.50.jpeg\" \/><\/figure>\n\n\n\n<p><strong>Zona&nbsp;Arqueol\u00f3gica&nbsp;&#8220;La&nbsp;Campana&#8221;, Colima<\/strong><\/p>\n\n\n\n<p>N\u00facleo prehisp\u00e1nico de mayor poblaci\u00f3n del occidente de M\u00e9xico. Relacionado por su caracter\u00edsticas, con la sociedad teotihuacana del per\u00edodo cl\u00e1sico y donde sobresale la presencia de tumbas de tiro, ofrendas de cer\u00e1mica, sistemas de drenaje pluvial y un centro religioso.&nbsp;<\/p>\n","protected":false},"excerpt":{"rendered":"<p>D\u00eda Internacional de los Monumentos y Sitios Les compartimos algunos lugares emblem\u00e1ticos de los estados de la rep\u00fablica mexicana que seguro ser\u00e1n una opci\u00f3n perfecta para conocer durante sus pr\u00f3ximas vacaciones. San Juan de Ul\u00faa, Veracruz Es el nombre de una peque\u00f1a isla ubicada en la costa de Veracruz, ah\u00ed se construy\u00f3 la fortaleza, la&hellip;<\/p>\n","protected":false},"author":24,"featured_media":8765,"comment_status":"closed","ping_status":"open","sticky":false,"template":"","format":"standard","meta":{"_jetpack_memberships_contains_paid_content":false,"footnotes":"","jetpack_publicize_message":"","jetpack_publicize_feature_enabled":true,"jetpack_social_post_already_shared":false,"jetpack_social_options":{"image_generator_settings":{"template":"highway","default_image_id":0,"font":"","enabled":false},"version":2}},"categories":[12,14],"tags":[],"class_list":["post-8763","post","type-post","status-publish","format-standard","has-post-thumbnail","hentry","category-noticias","category-un-dia-como-hoy"],"yoast_head":"<!-- This site is optimized with the Yoast SEO plugin v26.3 - https:\/\/yoast.com\/wordpress\/plugins\/seo\/ -->\r\n<title>18 de Abril: D\u00eda Internacional de los Monumentos y Sitios - Difusi\u00f3n Cultural<\/title>\r\n<meta name=\"robots\" content=\"index, follow, max-snippet:-1, max-image-preview:large, max-video-preview:-1\" \/>\r\n<link rel=\"canonical\" href=\"https:\/\/blogs.uninter.edu.mx\/difusioncultural\/?p=8763\" \/>\r\n<meta property=\"og:locale\" content=\"es_MX\" \/>\r\n<meta property=\"og:type\" content=\"article\" \/>\r\n<meta property=\"og:title\" content=\"18 de Abril: D\u00eda Internacional de los Monumentos y Sitios - Difusi\u00f3n Cultural\" \/>\r\n<meta property=\"og:description\" content=\"D\u00eda Internacional de los Monumentos y Sitios Les compartimos algunos lugares emblem\u00e1ticos de los estados de la rep\u00fablica mexicana que seguro ser\u00e1n una opci\u00f3n perfecta para conocer durante sus pr\u00f3ximas vacaciones. San Juan de Ul\u00faa, Veracruz Es el nombre de una peque\u00f1a isla ubicada en la costa de Veracruz, ah\u00ed se construy\u00f3 la fortaleza, la&hellip;\" \/>\r\n<meta property=\"og:url\" content=\"https:\/\/blogs.uninter.edu.mx\/difusioncultural\/?p=8763\" \/>\r\n<meta property=\"og:site_name\" content=\"Difusi\u00f3n Cultural\" \/>\r\n<meta property=\"article:published_time\" content=\"2022-04-18T13:38:43+00:00\" \/>\r\n<meta property=\"og:image\" content=\"https:\/\/blogs.uninter.edu.mx\/difusioncultural\/wp-content\/uploads\/2022\/04\/piramide.jpeg\" \/>\r\n\t<meta property=\"og:image:width\" content=\"1600\" \/>\r\n\t<meta property=\"og:image:height\" content=\"1066\" \/>\r\n\t<meta property=\"og:image:type\" content=\"image\/jpeg\" \/>\r\n<meta name=\"author\" content=\"Aslhey Alejandra Gonz\u00e1lez Castro\" \/>\r\n<meta name=\"twitter:card\" content=\"summary_large_image\" \/>\r\n<meta name=\"twitter:label1\" content=\"Escrito por\" \/>\n\t<meta name=\"twitter:data1\" content=\"Aslhey Alejandra Gonz\u00e1lez Castro\" \/>\n\t<meta name=\"twitter:label2\" content=\"Tiempo de lectura\" \/>\n\t<meta name=\"twitter:data2\" content=\"7 minutos\" \/>\r\n<script type=\"application\/ld+json\" class=\"yoast-schema-graph\">{\"@context\":\"https:\/\/schema.org\",\"@graph\":[{\"@type\":\"Article\",\"@id\":\"https:\/\/blogs.uninter.edu.mx\/difusioncultural\/?p=8763#article\",\"isPartOf\":{\"@id\":\"https:\/\/blogs.uninter.edu.mx\/difusioncultural\/?p=8763\"},\"author\":{\"name\":\"Aslhey Alejandra Gonz\u00e1lez Castro\",\"@id\":\"https:\/\/blogs.uninter.edu.mx\/difusioncultural\/#\/schema\/person\/c710e37686022500827405824a08a18c\"},\"headline\":\"18 de Abril: D\u00eda Internacional de los Monumentos y Sitios\",\"datePublished\":\"2022-04-18T13:38:43+00:00\",\"mainEntityOfPage\":{\"@id\":\"https:\/\/blogs.uninter.edu.mx\/difusioncultural\/?p=8763\"},\"wordCount\":1451,\"publisher\":{\"@id\":\"https:\/\/blogs.uninter.edu.mx\/difusioncultural\/#organization\"},\"image\":{\"@id\":\"https:\/\/blogs.uninter.edu.mx\/difusioncultural\/?p=8763#primaryimage\"},\"thumbnailUrl\":\"https:\/\/blogs.uninter.edu.mx\/difusioncultural\/wp-content\/uploads\/2022\/04\/piramide.jpeg\",\"articleSection\":[\"noticias\",\"un dia como hoy\"],\"inLanguage\":\"es\"},{\"@type\":\"WebPage\",\"@id\":\"https:\/\/blogs.uninter.edu.mx\/difusioncultural\/?p=8763\",\"url\":\"https:\/\/blogs.uninter.edu.mx\/difusioncultural\/?p=8763\",\"name\":\"18 de Abril: D\u00eda Internacional de los Monumentos y Sitios - Difusi\u00f3n Cultural\",\"isPartOf\":{\"@id\":\"https:\/\/blogs.uninter.edu.mx\/difusioncultural\/#website\"},\"primaryImageOfPage\":{\"@id\":\"https:\/\/blogs.uninter.edu.mx\/difusioncultural\/?p=8763#primaryimage\"},\"image\":{\"@id\":\"https:\/\/blogs.uninter.edu.mx\/difusioncultural\/?p=8763#primaryimage\"},\"thumbnailUrl\":\"https:\/\/blogs.uninter.edu.mx\/difusioncultural\/wp-content\/uploads\/2022\/04\/piramide.jpeg\",\"datePublished\":\"2022-04-18T13:38:43+00:00\",\"breadcrumb\":{\"@id\":\"https:\/\/blogs.uninter.edu.mx\/difusioncultural\/?p=8763#breadcrumb\"},\"inLanguage\":\"es\",\"potentialAction\":[{\"@type\":\"ReadAction\",\"target\":[\"https:\/\/blogs.uninter.edu.mx\/difusioncultural\/?p=8763\"]}]},{\"@type\":\"ImageObject\",\"inLanguage\":\"es\",\"@id\":\"https:\/\/blogs.uninter.edu.mx\/difusioncultural\/?p=8763#primaryimage\",\"url\":\"https:\/\/blogs.uninter.edu.mx\/difusioncultural\/wp-content\/uploads\/2022\/04\/piramide.jpeg\",\"contentUrl\":\"https:\/\/blogs.uninter.edu.mx\/difusioncultural\/wp-content\/uploads\/2022\/04\/piramide.jpeg\",\"width\":1600,\"height\":1066},{\"@type\":\"BreadcrumbList\",\"@id\":\"https:\/\/blogs.uninter.edu.mx\/difusioncultural\/?p=8763#breadcrumb\",\"itemListElement\":[{\"@type\":\"ListItem\",\"position\":1,\"name\":\"Inicio\",\"item\":\"https:\/\/blogs.uninter.edu.mx\/difusioncultural\/\"},{\"@type\":\"ListItem\",\"position\":2,\"name\":\"18 de Abril: D\u00eda Internacional de los Monumentos y Sitios\"}]},{\"@type\":\"WebSite\",\"@id\":\"https:\/\/blogs.uninter.edu.mx\/difusioncultural\/#website\",\"url\":\"https:\/\/blogs.uninter.edu.mx\/difusioncultural\/\",\"name\":\"Difusi\u00f3n Cultural\",\"description\":\"UNINTER\",\"publisher\":{\"@id\":\"https:\/\/blogs.uninter.edu.mx\/difusioncultural\/#organization\"},\"potentialAction\":[{\"@type\":\"SearchAction\",\"target\":{\"@type\":\"EntryPoint\",\"urlTemplate\":\"https:\/\/blogs.uninter.edu.mx\/difusioncultural\/?s={search_term_string}\"},\"query-input\":{\"@type\":\"PropertyValueSpecification\",\"valueRequired\":true,\"valueName\":\"search_term_string\"}}],\"inLanguage\":\"es\"},{\"@type\":\"Organization\",\"@id\":\"https:\/\/blogs.uninter.edu.mx\/difusioncultural\/#organization\",\"name\":\"Difusi\u00f3n Cultural\",\"url\":\"https:\/\/blogs.uninter.edu.mx\/difusioncultural\/\",\"logo\":{\"@type\":\"ImageObject\",\"inLanguage\":\"es\",\"@id\":\"https:\/\/blogs.uninter.edu.mx\/difusioncultural\/#\/schema\/logo\/image\/\",\"url\":\"https:\/\/blogs.uninter.edu.mx\/difusioncultural\/wp-content\/uploads\/2022\/09\/uninter.jpg\",\"contentUrl\":\"https:\/\/blogs.uninter.edu.mx\/difusioncultural\/wp-content\/uploads\/2022\/09\/uninter.jpg\",\"width\":2048,\"height\":2048,\"caption\":\"Difusi\u00f3n Cultural\"},\"image\":{\"@id\":\"https:\/\/blogs.uninter.edu.mx\/difusioncultural\/#\/schema\/logo\/image\/\"}},{\"@type\":\"Person\",\"@id\":\"https:\/\/blogs.uninter.edu.mx\/difusioncultural\/#\/schema\/person\/c710e37686022500827405824a08a18c\",\"name\":\"Aslhey Alejandra Gonz\u00e1lez Castro\",\"image\":{\"@type\":\"ImageObject\",\"inLanguage\":\"es\",\"@id\":\"https:\/\/blogs.uninter.edu.mx\/difusioncultural\/#\/schema\/person\/image\/\",\"url\":\"https:\/\/secure.gravatar.com\/avatar\/1905d6ed47b47ccbfb53e4b64f72f2017309e25d96ef418088d4f998ecf6552e?s=96&d=mm&r=g\",\"contentUrl\":\"https:\/\/secure.gravatar.com\/avatar\/1905d6ed47b47ccbfb53e4b64f72f2017309e25d96ef418088d4f998ecf6552e?s=96&d=mm&r=g\",\"caption\":\"Aslhey Alejandra Gonz\u00e1lez Castro\"},\"url\":\"https:\/\/blogs.uninter.edu.mx\/difusioncultural\/?author=24\"}]}<\/script>\r\n<!-- \/ Yoast SEO plugin. -->","yoast_head_json":{"title":"18 de Abril: D\u00eda Internacional de los Monumentos y Sitios - Difusi\u00f3n Cultural","robots":{"index":"index","follow":"follow","max-snippet":"max-snippet:-1","max-image-preview":"max-image-preview:large","max-video-preview":"max-video-preview:-1"},"canonical":"https:\/\/blogs.uninter.edu.mx\/difusioncultural\/?p=8763","og_locale":"es_MX","og_type":"article","og_title":"18 de Abril: D\u00eda Internacional de los Monumentos y Sitios - Difusi\u00f3n Cultural","og_description":"D\u00eda Internacional de los Monumentos y Sitios Les compartimos algunos lugares emblem\u00e1ticos de los estados de la rep\u00fablica mexicana que seguro ser\u00e1n una opci\u00f3n perfecta para conocer durante sus pr\u00f3ximas vacaciones. San Juan de Ul\u00faa, Veracruz Es el nombre de una peque\u00f1a isla ubicada en la costa de Veracruz, ah\u00ed se construy\u00f3 la fortaleza, la&hellip;","og_url":"https:\/\/blogs.uninter.edu.mx\/difusioncultural\/?p=8763","og_site_name":"Difusi\u00f3n Cultural","article_published_time":"2022-04-18T13:38:43+00:00","og_image":[{"width":1600,"height":1066,"url":"https:\/\/blogs.uninter.edu.mx\/difusioncultural\/wp-content\/uploads\/2022\/04\/piramide.jpeg","type":"image\/jpeg"}],"author":"Aslhey Alejandra Gonz\u00e1lez Castro","twitter_card":"summary_large_image","twitter_misc":{"Escrito por":"Aslhey Alejandra Gonz\u00e1lez Castro","Tiempo de lectura":"7 minutos"},"schema":{"@context":"https:\/\/schema.org","@graph":[{"@type":"Article","@id":"https:\/\/blogs.uninter.edu.mx\/difusioncultural\/?p=8763#article","isPartOf":{"@id":"https:\/\/blogs.uninter.edu.mx\/difusioncultural\/?p=8763"},"author":{"name":"Aslhey Alejandra Gonz\u00e1lez Castro","@id":"https:\/\/blogs.uninter.edu.mx\/difusioncultural\/#\/schema\/person\/c710e37686022500827405824a08a18c"},"headline":"18 de Abril: D\u00eda Internacional de los Monumentos y Sitios","datePublished":"2022-04-18T13:38:43+00:00","mainEntityOfPage":{"@id":"https:\/\/blogs.uninter.edu.mx\/difusioncultural\/?p=8763"},"wordCount":1451,"publisher":{"@id":"https:\/\/blogs.uninter.edu.mx\/difusioncultural\/#organization"},"image":{"@id":"https:\/\/blogs.uninter.edu.mx\/difusioncultural\/?p=8763#primaryimage"},"thumbnailUrl":"https:\/\/blogs.uninter.edu.mx\/difusioncultural\/wp-content\/uploads\/2022\/04\/piramide.jpeg","articleSection":["noticias","un dia como hoy"],"inLanguage":"es"},{"@type":"WebPage","@id":"https:\/\/blogs.uninter.edu.mx\/difusioncultural\/?p=8763","url":"https:\/\/blogs.uninter.edu.mx\/difusioncultural\/?p=8763","name":"18 de Abril: D\u00eda Internacional de los Monumentos y Sitios - Difusi\u00f3n Cultural","isPartOf":{"@id":"https:\/\/blogs.uninter.edu.mx\/difusioncultural\/#website"},"primaryImageOfPage":{"@id":"https:\/\/blogs.uninter.edu.mx\/difusioncultural\/?p=8763#primaryimage"},"image":{"@id":"https:\/\/blogs.uninter.edu.mx\/difusioncultural\/?p=8763#primaryimage"},"thumbnailUrl":"https:\/\/blogs.uninter.edu.mx\/difusioncultural\/wp-content\/uploads\/2022\/04\/piramide.jpeg","datePublished":"2022-04-18T13:38:43+00:00","breadcrumb":{"@id":"https:\/\/blogs.uninter.edu.mx\/difusioncultural\/?p=8763#breadcrumb"},"inLanguage":"es","potentialAction":[{"@type":"ReadAction","target":["https:\/\/blogs.uninter.edu.mx\/difusioncultural\/?p=8763"]}]},{"@type":"ImageObject","inLanguage":"es","@id":"https:\/\/blogs.uninter.edu.mx\/difusioncultural\/?p=8763#primaryimage","url":"https:\/\/blogs.uninter.edu.mx\/difusioncultural\/wp-content\/uploads\/2022\/04\/piramide.jpeg","contentUrl":"https:\/\/blogs.uninter.edu.mx\/difusioncultural\/wp-content\/uploads\/2022\/04\/piramide.jpeg","width":1600,"height":1066},{"@type":"BreadcrumbList","@id":"https:\/\/blogs.uninter.edu.mx\/difusioncultural\/?p=8763#breadcrumb","itemListElement":[{"@type":"ListItem","position":1,"name":"Inicio","item":"https:\/\/blogs.uninter.edu.mx\/difusioncultural\/"},{"@type":"ListItem","position":2,"name":"18 de Abril: D\u00eda Internacional de los Monumentos y Sitios"}]},{"@type":"WebSite","@id":"https:\/\/blogs.uninter.edu.mx\/difusioncultural\/#website","url":"https:\/\/blogs.uninter.edu.mx\/difusioncultural\/","name":"Difusi\u00f3n Cultural","description":"UNINTER","publisher":{"@id":"https:\/\/blogs.uninter.edu.mx\/difusioncultural\/#organization"},"potentialAction":[{"@type":"SearchAction","target":{"@type":"EntryPoint","urlTemplate":"https:\/\/blogs.uninter.edu.mx\/difusioncultural\/?s={search_term_string}"},"query-input":{"@type":"PropertyValueSpecification","valueRequired":true,"valueName":"search_term_string"}}],"inLanguage":"es"},{"@type":"Organization","@id":"https:\/\/blogs.uninter.edu.mx\/difusioncultural\/#organization","name":"Difusi\u00f3n Cultural","url":"https:\/\/blogs.uninter.edu.mx\/difusioncultural\/","logo":{"@type":"ImageObject","inLanguage":"es","@id":"https:\/\/blogs.uninter.edu.mx\/difusioncultural\/#\/schema\/logo\/image\/","url":"https:\/\/blogs.uninter.edu.mx\/difusioncultural\/wp-content\/uploads\/2022\/09\/uninter.jpg","contentUrl":"https:\/\/blogs.uninter.edu.mx\/difusioncultural\/wp-content\/uploads\/2022\/09\/uninter.jpg","width":2048,"height":2048,"caption":"Difusi\u00f3n Cultural"},"image":{"@id":"https:\/\/blogs.uninter.edu.mx\/difusioncultural\/#\/schema\/logo\/image\/"}},{"@type":"Person","@id":"https:\/\/blogs.uninter.edu.mx\/difusioncultural\/#\/schema\/person\/c710e37686022500827405824a08a18c","name":"Aslhey Alejandra Gonz\u00e1lez Castro","image":{"@type":"ImageObject","inLanguage":"es","@id":"https:\/\/blogs.uninter.edu.mx\/difusioncultural\/#\/schema\/person\/image\/","url":"https:\/\/secure.gravatar.com\/avatar\/1905d6ed47b47ccbfb53e4b64f72f2017309e25d96ef418088d4f998ecf6552e?s=96&d=mm&r=g","contentUrl":"https:\/\/secure.gravatar.com\/avatar\/1905d6ed47b47ccbfb53e4b64f72f2017309e25d96ef418088d4f998ecf6552e?s=96&d=mm&r=g","caption":"Aslhey Alejandra Gonz\u00e1lez Castro"},"url":"https:\/\/blogs.uninter.edu.mx\/difusioncultural\/?author=24"}]}},"jetpack_publicize_connections":[],"jetpack_featured_media_url":"https:\/\/blogs.uninter.edu.mx\/difusioncultural\/wp-content\/uploads\/2022\/04\/piramide.jpeg","jetpack_sharing_enabled":true,"_links":{"self":[{"href":"https:\/\/blogs.uninter.edu.mx\/difusioncultural\/index.php?rest_route=\/wp\/v2\/posts\/8763","targetHints":{"allow":["GET"]}}],"collection":[{"href":"https:\/\/blogs.uninter.edu.mx\/difusioncultural\/index.php?rest_route=\/wp\/v2\/posts"}],"about":[{"href":"https:\/\/blogs.uninter.edu.mx\/difusioncultural\/index.php?rest_route=\/wp\/v2\/types\/post"}],"author":[{"embeddable":true,"href":"https:\/\/blogs.uninter.edu.mx\/difusioncultural\/index.php?rest_route=\/wp\/v2\/users\/24"}],"replies":[{"embeddable":true,"href":"https:\/\/blogs.uninter.edu.mx\/difusioncultural\/index.php?rest_route=%2Fwp%2Fv2%2Fcomments&post=8763"}],"version-history":[{"count":0,"href":"https:\/\/blogs.uninter.edu.mx\/difusioncultural\/index.php?rest_route=\/wp\/v2\/posts\/8763\/revisions"}],"wp:featuredmedia":[{"embeddable":true,"href":"https:\/\/blogs.uninter.edu.mx\/difusioncultural\/index.php?rest_route=\/wp\/v2\/media\/8765"}],"wp:attachment":[{"href":"https:\/\/blogs.uninter.edu.mx\/difusioncultural\/index.php?rest_route=%2Fwp%2Fv2%2Fmedia&parent=8763"}],"wp:term":[{"taxonomy":"category","embeddable":true,"href":"https:\/\/blogs.uninter.edu.mx\/difusioncultural\/index.php?rest_route=%2Fwp%2Fv2%2Fcategories&post=8763"},{"taxonomy":"post_tag","embeddable":true,"href":"https:\/\/blogs.uninter.edu.mx\/difusioncultural\/index.php?rest_route=%2Fwp%2Fv2%2Ftags&post=8763"}],"curies":[{"name":"wp","href":"https:\/\/api.w.org\/{rel}","templated":true}]}}