{"id":877,"date":"2012-11-06T15:17:52","date_gmt":"2012-11-06T15:17:52","guid":{"rendered":"http:\/\/difusionculturaluninter.wordpress.com\/?p=877"},"modified":"2012-11-06T15:17:52","modified_gmt":"2012-11-06T15:17:52","slug":"programa-uninter-ius","status":"publish","type":"post","link":"https:\/\/blogs.uninter.edu.mx\/difusioncultural\/?p=877","title":{"rendered":"Programa UNINTER IUS"},"content":{"rendered":"<p><em>Fecha de realizaci\u00f3n: Noviembre  7 \/ 2012<\/p>\n<p>Sede: Universidad Internacional  Salas 7-201 y  4-101<\/p>\n<p>Inicio: 9:00 hrs.<\/p>\n<p>T\u00e9rmino: 18:30 hrs.<\/em><\/p>\n<p><strong>HORA<br \/>\nSALA 7-201<br \/>\nSALA 4-101<br \/>\n9:00 \u2013  9:40<br \/>\nRegistro de asistentes<br \/>\n<\/strong><\/p>\n<p>\n<strong>9:40 \u2013 10:00<\/strong><\/p>\n<p><strong>Inauguraci\u00f3n<\/strong><br \/>\n <br \/>\nIng, Francisco Javier Espinosa Romero<br \/>\nRector<br \/>\nInvitada Especial<br \/>\nMtra. Alicia Vazquez Luna<br \/>\nSecretaria de Seguridad P\u00fablica en el Estado de Morelos<\/p>\n<p><strong>10:00 \u2013 11:30<\/strong><br \/>\n<strong><br \/>\nConferencia<\/strong><br \/>\n <br \/>\nMitos y Realidades de la Reforma Laboral en M\u00e9xico<br \/>\nMtro. Juan Manuel \u00c1vila Silva<br \/>\nAlumno del Doctorado en Derecho y Globalizaci\u00f3n<br \/>\nde la Universidad Aut\u00f3noma del Estado de Morelos,<\/p>\n<p><strong>Conferencia<\/strong><br \/>\n <br \/>\nEl reto de los j\u00f3venes en la nueva legislatura<br \/>\nLic. Roberto Andr\u00e9s God\u00ednez Vega<br \/>\nEx candidato del Verde Ecologista a Diputado Local del Primer Distrito<\/p>\n<p><strong>11:30 \u2013 11:45<\/strong><br \/>\n <br \/>\n<em>Receso<\/em><\/p>\n<p><strong>11:45 \u2013 13:15<\/strong><\/p>\n<p><strong>Conferencia<\/strong><br \/>\n <br \/>\nNuevas Reformas al C\u00f3digo Familiar<br \/>\nMtra. Tanya Hortensia Jim\u00e9nez Guadarrama<br \/>\nasesor\u00eda Jur\u00eddica Integral de Morelos<\/p>\n<p><strong>Conferencia<\/strong><br \/>\nJuventud y Pol\u00edtica: Un binomio no excluyente<br \/>\nLic. C\u00e9sar Roman Mora Velazquez<\/p>\n<p><strong>13:15- 14:45<\/strong><\/p>\n<p><strong>Conferencia<\/strong><br \/>\nLos Delitos y el C\u00f3digo Penal<br \/>\nMtra. Griselda Amuchategui Requena<br \/>\nEscritora de Editorial Oxford<\/p>\n<p><strong>Conferencia<\/strong><br \/>\n <br \/>\nAutoridades Auxiliares Municipales<br \/>\nMtra. Ana Paula Saiz Fern\u00e1ndez<br \/>\nFundaci\u00f3n Desarrollo Integral Comunitarios A.C<\/p>\n<p> <strong>14:45 \u2013 16:00<\/strong><br \/>\n <br \/>\n<strong>Comida Libre<\/strong><\/p>\n<p><strong>16:00-18:00<\/strong><\/p>\n<p>Rally por la Transparencia<br \/>\nLic. Rodrigo Rojas Reyes<br \/>\nLic. Pablo Ezequiel Picazo Hern\u00e1ndez.<br \/>\nInstituto Morelense de Informaci\u00f3n P\u00fablica y Estad\u00edstica<\/p>\n<p><strong>Conferencia<\/strong><br \/>\n <\/p>\n<p>Reformas Estructurales<br \/>\nProf. Leandro  Vique Salazar<\/p>\n<p><strong>18:00-18:30<\/strong><br \/>\n  <\/p>\n<p><strong>Clausura<\/strong><\/p>\n","protected":false},"excerpt":{"rendered":"<p>Fecha de realizaci\u00f3n: Noviembre 7 \/ 2012 Sede: Universidad Internacional Salas 7-201 y 4-101 Inicio: 9:00 hrs. T\u00e9rmino: 18:30 hrs. HORA SALA 7-201 SALA 4-101 9:00 \u2013 9:40 Registro de asistentes 9:40 \u2013 10:00 Inauguraci\u00f3n Ing, Francisco Javier Espinosa Romero Rector Invitada Especial Mtra. Alicia Vazquez Luna Secretaria de Seguridad P\u00fablica en el Estado de&hellip;<\/p>\n","protected":false},"author":24,"featured_media":0,"comment_status":"open","ping_status":"open","sticky":false,"template":"","format":"standard","meta":{"_jetpack_memberships_contains_paid_content":false,"footnotes":"","jetpack_publicize_message":"","jetpack_publicize_feature_enabled":true,"jetpack_social_post_already_shared":false,"jetpack_social_options":{"image_generator_settings":{"template":"highway","default_image_id":0,"font":"","enabled":false},"version":2}},"categories":[1],"tags":[],"class_list":["post-877","post","type-post","status-publish","format-standard","hentry","category-sin-categoria"],"yoast_head":"<!-- This site is optimized with the Yoast SEO plugin v26.3 - https:\/\/yoast.com\/wordpress\/plugins\/seo\/ -->\r\n<title>Programa UNINTER IUS - Difusi\u00f3n Cultural<\/title>\r\n<meta name=\"robots\" content=\"index, follow, max-snippet:-1, max-image-preview:large, max-video-preview:-1\" \/>\r\n<link rel=\"canonical\" href=\"https:\/\/blogs.uninter.edu.mx\/difusioncultural\/?p=877\" \/>\r\n<meta property=\"og:locale\" content=\"es_MX\" \/>\r\n<meta property=\"og:type\" content=\"article\" \/>\r\n<meta property=\"og:title\" content=\"Programa UNINTER IUS - Difusi\u00f3n Cultural\" \/>\r\n<meta property=\"og:description\" content=\"Fecha de realizaci\u00f3n: Noviembre 7 \/ 2012 Sede: Universidad Internacional Salas 7-201 y 4-101 Inicio: 9:00 hrs. T\u00e9rmino: 18:30 hrs. HORA SALA 7-201 SALA 4-101 9:00 \u2013 9:40 Registro de asistentes 9:40 \u2013 10:00 Inauguraci\u00f3n Ing, Francisco Javier Espinosa Romero Rector Invitada Especial Mtra. Alicia Vazquez Luna Secretaria de Seguridad P\u00fablica en el Estado de&hellip;\" \/>\r\n<meta property=\"og:url\" content=\"https:\/\/blogs.uninter.edu.mx\/difusioncultural\/?p=877\" \/>\r\n<meta property=\"og:site_name\" content=\"Difusi\u00f3n Cultural\" \/>\r\n<meta property=\"article:published_time\" content=\"2012-11-06T15:17:52+00:00\" \/>\r\n<meta name=\"author\" content=\"Aslhey Alejandra Gonz\u00e1lez Castro\" \/>\r\n<meta name=\"twitter:card\" content=\"summary_large_image\" \/>\r\n<meta name=\"twitter:label1\" content=\"Escrito por\" \/>\n\t<meta name=\"twitter:data1\" content=\"Aslhey Alejandra Gonz\u00e1lez Castro\" \/>\n\t<meta name=\"twitter:label2\" content=\"Tiempo de lectura\" \/>\n\t<meta name=\"twitter:data2\" content=\"1 minuto\" \/>\r\n<script type=\"application\/ld+json\" class=\"yoast-schema-graph\">{\"@context\":\"https:\/\/schema.org\",\"@graph\":[{\"@type\":\"Article\",\"@id\":\"https:\/\/blogs.uninter.edu.mx\/difusioncultural\/?p=877#article\",\"isPartOf\":{\"@id\":\"https:\/\/blogs.uninter.edu.mx\/difusioncultural\/?p=877\"},\"author\":{\"name\":\"Aslhey Alejandra Gonz\u00e1lez Castro\",\"@id\":\"https:\/\/blogs.uninter.edu.mx\/difusioncultural\/#\/schema\/person\/c710e37686022500827405824a08a18c\"},\"headline\":\"Programa UNINTER IUS\",\"datePublished\":\"2012-11-06T15:17:52+00:00\",\"mainEntityOfPage\":{\"@id\":\"https:\/\/blogs.uninter.edu.mx\/difusioncultural\/?p=877\"},\"wordCount\":220,\"commentCount\":0,\"publisher\":{\"@id\":\"https:\/\/blogs.uninter.edu.mx\/difusioncultural\/#organization\"},\"inLanguage\":\"es\",\"potentialAction\":[{\"@type\":\"CommentAction\",\"name\":\"Comment\",\"target\":[\"https:\/\/blogs.uninter.edu.mx\/difusioncultural\/?p=877#respond\"]}]},{\"@type\":\"WebPage\",\"@id\":\"https:\/\/blogs.uninter.edu.mx\/difusioncultural\/?p=877\",\"url\":\"https:\/\/blogs.uninter.edu.mx\/difusioncultural\/?p=877\",\"name\":\"Programa UNINTER IUS - Difusi\u00f3n Cultural\",\"isPartOf\":{\"@id\":\"https:\/\/blogs.uninter.edu.mx\/difusioncultural\/#website\"},\"datePublished\":\"2012-11-06T15:17:52+00:00\",\"breadcrumb\":{\"@id\":\"https:\/\/blogs.uninter.edu.mx\/difusioncultural\/?p=877#breadcrumb\"},\"inLanguage\":\"es\",\"potentialAction\":[{\"@type\":\"ReadAction\",\"target\":[\"https:\/\/blogs.uninter.edu.mx\/difusioncultural\/?p=877\"]}]},{\"@type\":\"BreadcrumbList\",\"@id\":\"https:\/\/blogs.uninter.edu.mx\/difusioncultural\/?p=877#breadcrumb\",\"itemListElement\":[{\"@type\":\"ListItem\",\"position\":1,\"name\":\"Inicio\",\"item\":\"https:\/\/blogs.uninter.edu.mx\/difusioncultural\/\"},{\"@type\":\"ListItem\",\"position\":2,\"name\":\"Programa UNINTER IUS\"}]},{\"@type\":\"WebSite\",\"@id\":\"https:\/\/blogs.uninter.edu.mx\/difusioncultural\/#website\",\"url\":\"https:\/\/blogs.uninter.edu.mx\/difusioncultural\/\",\"name\":\"Difusi\u00f3n Cultural\",\"description\":\"UNINTER\",\"publisher\":{\"@id\":\"https:\/\/blogs.uninter.edu.mx\/difusioncultural\/#organization\"},\"potentialAction\":[{\"@type\":\"SearchAction\",\"target\":{\"@type\":\"EntryPoint\",\"urlTemplate\":\"https:\/\/blogs.uninter.edu.mx\/difusioncultural\/?s={search_term_string}\"},\"query-input\":{\"@type\":\"PropertyValueSpecification\",\"valueRequired\":true,\"valueName\":\"search_term_string\"}}],\"inLanguage\":\"es\"},{\"@type\":\"Organization\",\"@id\":\"https:\/\/blogs.uninter.edu.mx\/difusioncultural\/#organization\",\"name\":\"Difusi\u00f3n Cultural\",\"url\":\"https:\/\/blogs.uninter.edu.mx\/difusioncultural\/\",\"logo\":{\"@type\":\"ImageObject\",\"inLanguage\":\"es\",\"@id\":\"https:\/\/blogs.uninter.edu.mx\/difusioncultural\/#\/schema\/logo\/image\/\",\"url\":\"https:\/\/blogs.uninter.edu.mx\/difusioncultural\/wp-content\/uploads\/2022\/09\/uninter.jpg\",\"contentUrl\":\"https:\/\/blogs.uninter.edu.mx\/difusioncultural\/wp-content\/uploads\/2022\/09\/uninter.jpg\",\"width\":2048,\"height\":2048,\"caption\":\"Difusi\u00f3n Cultural\"},\"image\":{\"@id\":\"https:\/\/blogs.uninter.edu.mx\/difusioncultural\/#\/schema\/logo\/image\/\"}},{\"@type\":\"Person\",\"@id\":\"https:\/\/blogs.uninter.edu.mx\/difusioncultural\/#\/schema\/person\/c710e37686022500827405824a08a18c\",\"name\":\"Aslhey Alejandra Gonz\u00e1lez Castro\",\"image\":{\"@type\":\"ImageObject\",\"inLanguage\":\"es\",\"@id\":\"https:\/\/blogs.uninter.edu.mx\/difusioncultural\/#\/schema\/person\/image\/\",\"url\":\"https:\/\/secure.gravatar.com\/avatar\/1905d6ed47b47ccbfb53e4b64f72f2017309e25d96ef418088d4f998ecf6552e?s=96&d=mm&r=g\",\"contentUrl\":\"https:\/\/secure.gravatar.com\/avatar\/1905d6ed47b47ccbfb53e4b64f72f2017309e25d96ef418088d4f998ecf6552e?s=96&d=mm&r=g\",\"caption\":\"Aslhey Alejandra Gonz\u00e1lez Castro\"},\"url\":\"https:\/\/blogs.uninter.edu.mx\/difusioncultural\/?author=24\"}]}<\/script>\r\n<!-- \/ Yoast SEO plugin. -->","yoast_head_json":{"title":"Programa UNINTER IUS - Difusi\u00f3n Cultural","robots":{"index":"index","follow":"follow","max-snippet":"max-snippet:-1","max-image-preview":"max-image-preview:large","max-video-preview":"max-video-preview:-1"},"canonical":"https:\/\/blogs.uninter.edu.mx\/difusioncultural\/?p=877","og_locale":"es_MX","og_type":"article","og_title":"Programa UNINTER IUS - Difusi\u00f3n Cultural","og_description":"Fecha de realizaci\u00f3n: Noviembre 7 \/ 2012 Sede: Universidad Internacional Salas 7-201 y 4-101 Inicio: 9:00 hrs. T\u00e9rmino: 18:30 hrs. HORA SALA 7-201 SALA 4-101 9:00 \u2013 9:40 Registro de asistentes 9:40 \u2013 10:00 Inauguraci\u00f3n Ing, Francisco Javier Espinosa Romero Rector Invitada Especial Mtra. Alicia Vazquez Luna Secretaria de Seguridad P\u00fablica en el Estado de&hellip;","og_url":"https:\/\/blogs.uninter.edu.mx\/difusioncultural\/?p=877","og_site_name":"Difusi\u00f3n Cultural","article_published_time":"2012-11-06T15:17:52+00:00","author":"Aslhey Alejandra Gonz\u00e1lez Castro","twitter_card":"summary_large_image","twitter_misc":{"Escrito por":"Aslhey Alejandra Gonz\u00e1lez Castro","Tiempo de lectura":"1 minuto"},"schema":{"@context":"https:\/\/schema.org","@graph":[{"@type":"Article","@id":"https:\/\/blogs.uninter.edu.mx\/difusioncultural\/?p=877#article","isPartOf":{"@id":"https:\/\/blogs.uninter.edu.mx\/difusioncultural\/?p=877"},"author":{"name":"Aslhey Alejandra Gonz\u00e1lez Castro","@id":"https:\/\/blogs.uninter.edu.mx\/difusioncultural\/#\/schema\/person\/c710e37686022500827405824a08a18c"},"headline":"Programa UNINTER IUS","datePublished":"2012-11-06T15:17:52+00:00","mainEntityOfPage":{"@id":"https:\/\/blogs.uninter.edu.mx\/difusioncultural\/?p=877"},"wordCount":220,"commentCount":0,"publisher":{"@id":"https:\/\/blogs.uninter.edu.mx\/difusioncultural\/#organization"},"inLanguage":"es","potentialAction":[{"@type":"CommentAction","name":"Comment","target":["https:\/\/blogs.uninter.edu.mx\/difusioncultural\/?p=877#respond"]}]},{"@type":"WebPage","@id":"https:\/\/blogs.uninter.edu.mx\/difusioncultural\/?p=877","url":"https:\/\/blogs.uninter.edu.mx\/difusioncultural\/?p=877","name":"Programa UNINTER IUS - Difusi\u00f3n Cultural","isPartOf":{"@id":"https:\/\/blogs.uninter.edu.mx\/difusioncultural\/#website"},"datePublished":"2012-11-06T15:17:52+00:00","breadcrumb":{"@id":"https:\/\/blogs.uninter.edu.mx\/difusioncultural\/?p=877#breadcrumb"},"inLanguage":"es","potentialAction":[{"@type":"ReadAction","target":["https:\/\/blogs.uninter.edu.mx\/difusioncultural\/?p=877"]}]},{"@type":"BreadcrumbList","@id":"https:\/\/blogs.uninter.edu.mx\/difusioncultural\/?p=877#breadcrumb","itemListElement":[{"@type":"ListItem","position":1,"name":"Inicio","item":"https:\/\/blogs.uninter.edu.mx\/difusioncultural\/"},{"@type":"ListItem","position":2,"name":"Programa UNINTER IUS"}]},{"@type":"WebSite","@id":"https:\/\/blogs.uninter.edu.mx\/difusioncultural\/#website","url":"https:\/\/blogs.uninter.edu.mx\/difusioncultural\/","name":"Difusi\u00f3n Cultural","description":"UNINTER","publisher":{"@id":"https:\/\/blogs.uninter.edu.mx\/difusioncultural\/#organization"},"potentialAction":[{"@type":"SearchAction","target":{"@type":"EntryPoint","urlTemplate":"https:\/\/blogs.uninter.edu.mx\/difusioncultural\/?s={search_term_string}"},"query-input":{"@type":"PropertyValueSpecification","valueRequired":true,"valueName":"search_term_string"}}],"inLanguage":"es"},{"@type":"Organization","@id":"https:\/\/blogs.uninter.edu.mx\/difusioncultural\/#organization","name":"Difusi\u00f3n Cultural","url":"https:\/\/blogs.uninter.edu.mx\/difusioncultural\/","logo":{"@type":"ImageObject","inLanguage":"es","@id":"https:\/\/blogs.uninter.edu.mx\/difusioncultural\/#\/schema\/logo\/image\/","url":"https:\/\/blogs.uninter.edu.mx\/difusioncultural\/wp-content\/uploads\/2022\/09\/uninter.jpg","contentUrl":"https:\/\/blogs.uninter.edu.mx\/difusioncultural\/wp-content\/uploads\/2022\/09\/uninter.jpg","width":2048,"height":2048,"caption":"Difusi\u00f3n Cultural"},"image":{"@id":"https:\/\/blogs.uninter.edu.mx\/difusioncultural\/#\/schema\/logo\/image\/"}},{"@type":"Person","@id":"https:\/\/blogs.uninter.edu.mx\/difusioncultural\/#\/schema\/person\/c710e37686022500827405824a08a18c","name":"Aslhey Alejandra Gonz\u00e1lez Castro","image":{"@type":"ImageObject","inLanguage":"es","@id":"https:\/\/blogs.uninter.edu.mx\/difusioncultural\/#\/schema\/person\/image\/","url":"https:\/\/secure.gravatar.com\/avatar\/1905d6ed47b47ccbfb53e4b64f72f2017309e25d96ef418088d4f998ecf6552e?s=96&d=mm&r=g","contentUrl":"https:\/\/secure.gravatar.com\/avatar\/1905d6ed47b47ccbfb53e4b64f72f2017309e25d96ef418088d4f998ecf6552e?s=96&d=mm&r=g","caption":"Aslhey Alejandra Gonz\u00e1lez Castro"},"url":"https:\/\/blogs.uninter.edu.mx\/difusioncultural\/?author=24"}]}},"jetpack_publicize_connections":[],"jetpack_featured_media_url":"","jetpack_sharing_enabled":true,"_links":{"self":[{"href":"https:\/\/blogs.uninter.edu.mx\/difusioncultural\/index.php?rest_route=\/wp\/v2\/posts\/877","targetHints":{"allow":["GET"]}}],"collection":[{"href":"https:\/\/blogs.uninter.edu.mx\/difusioncultural\/index.php?rest_route=\/wp\/v2\/posts"}],"about":[{"href":"https:\/\/blogs.uninter.edu.mx\/difusioncultural\/index.php?rest_route=\/wp\/v2\/types\/post"}],"author":[{"embeddable":true,"href":"https:\/\/blogs.uninter.edu.mx\/difusioncultural\/index.php?rest_route=\/wp\/v2\/users\/24"}],"replies":[{"embeddable":true,"href":"https:\/\/blogs.uninter.edu.mx\/difusioncultural\/index.php?rest_route=%2Fwp%2Fv2%2Fcomments&post=877"}],"version-history":[{"count":0,"href":"https:\/\/blogs.uninter.edu.mx\/difusioncultural\/index.php?rest_route=\/wp\/v2\/posts\/877\/revisions"}],"wp:attachment":[{"href":"https:\/\/blogs.uninter.edu.mx\/difusioncultural\/index.php?rest_route=%2Fwp%2Fv2%2Fmedia&parent=877"}],"wp:term":[{"taxonomy":"category","embeddable":true,"href":"https:\/\/blogs.uninter.edu.mx\/difusioncultural\/index.php?rest_route=%2Fwp%2Fv2%2Fcategories&post=877"},{"taxonomy":"post_tag","embeddable":true,"href":"https:\/\/blogs.uninter.edu.mx\/difusioncultural\/index.php?rest_route=%2Fwp%2Fv2%2Ftags&post=877"}],"curies":[{"name":"wp","href":"https:\/\/api.w.org\/{rel}","templated":true}]}}