{"id":8772,"date":"2022-04-19T10:57:49","date_gmt":"2022-04-19T15:57:49","guid":{"rendered":"https:\/\/difusionculturaluninter.wordpress.com\/?p=8772"},"modified":"2022-04-19T10:57:49","modified_gmt":"2022-04-19T15:57:49","slug":"19-de-abril-muere-el-celebre-escritor-y-diplomatico-mexicano-octavio-paz","status":"publish","type":"post","link":"https:\/\/blogs.uninter.edu.mx\/difusioncultural\/?p=8772","title":{"rendered":"19 de abril: Muere el c\u00e9lebre escritor y diplom\u00e1tico mexicano Octavio Paz"},"content":{"rendered":"\n<p>A 24 a\u00f1os de su muerte, Octavio Paz sigue siendo el poeta tutelar de la literatura mexicana.<\/p>\n\n\n\n<p><strong>Octavio Paz<\/strong>\u00a0muri\u00f3 el 19 de abril de 1998. Fue un\u00a0<strong>poeta<\/strong>, ensayista, intelectual, traductor y diplom\u00e1tico, es considerado como una figura tutelar dentro de la\u00a0<strong>literatura<\/strong>\u00a0mexicana. Fue un hombre preocupado por la difusi\u00f3n de las letras, la vocaci\u00f3n cr\u00edtica y por tender puentes entre disciplinas y culturas, y su contribuci\u00f3n al mundo cultural en\u00a0<strong>M\u00e9xico<\/strong>\u00a0y en el mundo fue, y sigue siendo, crucial.\u00a0<\/p>\n\n\n\n<figure class=\"wp-block-image size-large\"><a href=\"https:\/\/blogs.uninter.edu.mx\/difusioncultural\/wp-content\/uploads\/2022\/04\/octavio_paz_1984_colorized.jpg\"><img fetchpriority=\"high\" decoding=\"async\" width=\"1031\" height=\"1414\" src=\"https:\/\/blogs.uninter.edu.mx\/difusioncultural\/wp-content\/uploads\/2022\/04\/octavio_paz_1984_colorized.jpg?w=747\" alt=\"\" class=\"wp-image-8777\" \/><\/a><\/figure>\n\n\n\n<p>A principios de los\u00a0a\u00f1os 30\u00a0public\u00f3 sus\u00a0primeros poemas\u00a0en la revista\u00a0<em>Barandal<\/em>. Y m\u00e1s tarde tambi\u00e9n dirigir\u00e1 algunas como\u00a0<em>Taller<\/em>\u00a0o\u00a0<em>Hijo pr\u00f3digo<\/em>, ya en los 40. Es en la d\u00e9cada de\u00a0los 50\u00a0cuando publica\u00a04 t\u00edtulos\u00a0importantes:\u00a0<em>Libertad bajo palabra<\/em>,\u00a0<em>El laberinto de la soledad<\/em>,\u00a0<em>\u00bf\u00c1guila o sol?<\/em>, y\u00a0<em>El arco y la lira<\/em>.\u00a0Y de entre sus libros de ensayo cabe destacar, por poner algunos ejemplos,\u00a0<em>Cuadrivio<\/em>,\u00a0<em>Toponemas<\/em>,\u00a0<em>Pasado en claro<\/em>\u00a0o\u00a0<em>La llama doble<\/em>.<\/p>\n\n\n\n<p>De&nbsp;acuerdo con la Academia Sueca, se le concedi\u00f3 el&nbsp;<strong>Premio Nobel<\/strong>&nbsp;de&nbsp;<strong>Literatura<\/strong>&nbsp;por &#8220;su escritura apasionada y&nbsp;de&nbsp;amplios horizontes, caracterizada por la inteligencia sensorial y la integridad human\u00edstica&#8221;.<\/p>\n\n\n\n<p>&#8220;Por su escritura apasionada y de amplios horizontes, caracterizada por la inteligencia sensorial y la integridad human\u00edstica&#8221;, la Academia Sueca le otorg\u00f3 al&nbsp;<strong>poeta<\/strong>,&nbsp;escritor, y ensayista mexicano&nbsp;<strong>Octavio Paz<\/strong>&nbsp;Lozano (Ciudad de&nbsp;<strong>M\u00e9xico<\/strong>, 31 de marzo de 1914-19 de abril de 1998).<\/p>\n\n\n\n<p>Entre sus poemas destacan: Entre ir y quedarse, Libertad bajo la palabra, Bajo tu clara sombra, entre otros.<\/p>\n","protected":false},"excerpt":{"rendered":"<p>A 24 a\u00f1os de su muerte, Octavio Paz sigue siendo el poeta tutelar de la literatura mexicana. Octavio Paz\u00a0muri\u00f3 el 19 de abril de 1998. Fue un\u00a0poeta, ensayista, intelectual, traductor y diplom\u00e1tico, es considerado como una figura tutelar dentro de la\u00a0literatura\u00a0mexicana. Fue un hombre preocupado por la difusi\u00f3n de las letras, la vocaci\u00f3n cr\u00edtica y&hellip;<\/p>\n","protected":false},"author":24,"featured_media":8780,"comment_status":"closed","ping_status":"open","sticky":false,"template":"","format":"standard","meta":{"_jetpack_memberships_contains_paid_content":false,"footnotes":"","jetpack_publicize_message":"","jetpack_publicize_feature_enabled":true,"jetpack_social_post_already_shared":false,"jetpack_social_options":{"image_generator_settings":{"template":"highway","default_image_id":0,"font":"","enabled":false},"version":2}},"categories":[14],"tags":[],"class_list":["post-8772","post","type-post","status-publish","format-standard","has-post-thumbnail","hentry","category-un-dia-como-hoy"],"yoast_head":"<!-- This site is optimized with the Yoast SEO plugin v26.3 - https:\/\/yoast.com\/wordpress\/plugins\/seo\/ -->\r\n<title>19 de abril: Muere el c\u00e9lebre escritor y diplom\u00e1tico mexicano Octavio Paz - Difusi\u00f3n Cultural<\/title>\r\n<meta name=\"robots\" content=\"index, follow, max-snippet:-1, max-image-preview:large, max-video-preview:-1\" \/>\r\n<link rel=\"canonical\" href=\"https:\/\/blogs.uninter.edu.mx\/difusioncultural\/?p=8772\" \/>\r\n<meta property=\"og:locale\" content=\"es_MX\" \/>\r\n<meta property=\"og:type\" content=\"article\" \/>\r\n<meta property=\"og:title\" content=\"19 de abril: Muere el c\u00e9lebre escritor y diplom\u00e1tico mexicano Octavio Paz - Difusi\u00f3n Cultural\" \/>\r\n<meta property=\"og:description\" content=\"A 24 a\u00f1os de su muerte, Octavio Paz sigue siendo el poeta tutelar de la literatura mexicana. Octavio Paz\u00a0muri\u00f3 el 19 de abril de 1998. Fue un\u00a0poeta, ensayista, intelectual, traductor y diplom\u00e1tico, es considerado como una figura tutelar dentro de la\u00a0literatura\u00a0mexicana. Fue un hombre preocupado por la difusi\u00f3n de las letras, la vocaci\u00f3n cr\u00edtica y&hellip;\" \/>\r\n<meta property=\"og:url\" content=\"https:\/\/blogs.uninter.edu.mx\/difusioncultural\/?p=8772\" \/>\r\n<meta property=\"og:site_name\" content=\"Difusi\u00f3n Cultural\" \/>\r\n<meta property=\"article:published_time\" content=\"2022-04-19T15:57:49+00:00\" \/>\r\n<meta property=\"og:image\" content=\"https:\/\/blogs.uninter.edu.mx\/difusioncultural\/wp-content\/uploads\/2022\/04\/el_cultural_17259289_219225857_1024x576.jpg\" \/>\r\n\t<meta property=\"og:image:width\" content=\"1024\" \/>\r\n\t<meta property=\"og:image:height\" content=\"576\" \/>\r\n\t<meta property=\"og:image:type\" content=\"image\/jpeg\" \/>\r\n<meta name=\"author\" content=\"Aslhey Alejandra Gonz\u00e1lez Castro\" \/>\r\n<meta name=\"twitter:card\" content=\"summary_large_image\" \/>\r\n<meta name=\"twitter:label1\" content=\"Escrito por\" \/>\n\t<meta name=\"twitter:data1\" content=\"Aslhey Alejandra Gonz\u00e1lez Castro\" \/>\n\t<meta name=\"twitter:label2\" content=\"Tiempo de lectura\" \/>\n\t<meta name=\"twitter:data2\" content=\"1 minuto\" \/>\r\n<script type=\"application\/ld+json\" class=\"yoast-schema-graph\">{\"@context\":\"https:\/\/schema.org\",\"@graph\":[{\"@type\":\"Article\",\"@id\":\"https:\/\/blogs.uninter.edu.mx\/difusioncultural\/?p=8772#article\",\"isPartOf\":{\"@id\":\"https:\/\/blogs.uninter.edu.mx\/difusioncultural\/?p=8772\"},\"author\":{\"name\":\"Aslhey Alejandra Gonz\u00e1lez Castro\",\"@id\":\"https:\/\/blogs.uninter.edu.mx\/difusioncultural\/#\/schema\/person\/c710e37686022500827405824a08a18c\"},\"headline\":\"19 de abril: Muere el c\u00e9lebre escritor y diplom\u00e1tico mexicano Octavio Paz\",\"datePublished\":\"2022-04-19T15:57:49+00:00\",\"mainEntityOfPage\":{\"@id\":\"https:\/\/blogs.uninter.edu.mx\/difusioncultural\/?p=8772\"},\"wordCount\":287,\"publisher\":{\"@id\":\"https:\/\/blogs.uninter.edu.mx\/difusioncultural\/#organization\"},\"image\":{\"@id\":\"https:\/\/blogs.uninter.edu.mx\/difusioncultural\/?p=8772#primaryimage\"},\"thumbnailUrl\":\"https:\/\/blogs.uninter.edu.mx\/difusioncultural\/wp-content\/uploads\/2022\/04\/el_cultural_17259289_219225857_1024x576.jpg\",\"articleSection\":[\"un dia como hoy\"],\"inLanguage\":\"es\"},{\"@type\":\"WebPage\",\"@id\":\"https:\/\/blogs.uninter.edu.mx\/difusioncultural\/?p=8772\",\"url\":\"https:\/\/blogs.uninter.edu.mx\/difusioncultural\/?p=8772\",\"name\":\"19 de abril: Muere el c\u00e9lebre escritor y diplom\u00e1tico mexicano Octavio Paz - Difusi\u00f3n Cultural\",\"isPartOf\":{\"@id\":\"https:\/\/blogs.uninter.edu.mx\/difusioncultural\/#website\"},\"primaryImageOfPage\":{\"@id\":\"https:\/\/blogs.uninter.edu.mx\/difusioncultural\/?p=8772#primaryimage\"},\"image\":{\"@id\":\"https:\/\/blogs.uninter.edu.mx\/difusioncultural\/?p=8772#primaryimage\"},\"thumbnailUrl\":\"https:\/\/blogs.uninter.edu.mx\/difusioncultural\/wp-content\/uploads\/2022\/04\/el_cultural_17259289_219225857_1024x576.jpg\",\"datePublished\":\"2022-04-19T15:57:49+00:00\",\"breadcrumb\":{\"@id\":\"https:\/\/blogs.uninter.edu.mx\/difusioncultural\/?p=8772#breadcrumb\"},\"inLanguage\":\"es\",\"potentialAction\":[{\"@type\":\"ReadAction\",\"target\":[\"https:\/\/blogs.uninter.edu.mx\/difusioncultural\/?p=8772\"]}]},{\"@type\":\"ImageObject\",\"inLanguage\":\"es\",\"@id\":\"https:\/\/blogs.uninter.edu.mx\/difusioncultural\/?p=8772#primaryimage\",\"url\":\"https:\/\/blogs.uninter.edu.mx\/difusioncultural\/wp-content\/uploads\/2022\/04\/el_cultural_17259289_219225857_1024x576.jpg\",\"contentUrl\":\"https:\/\/blogs.uninter.edu.mx\/difusioncultural\/wp-content\/uploads\/2022\/04\/el_cultural_17259289_219225857_1024x576.jpg\",\"width\":1024,\"height\":576},{\"@type\":\"BreadcrumbList\",\"@id\":\"https:\/\/blogs.uninter.edu.mx\/difusioncultural\/?p=8772#breadcrumb\",\"itemListElement\":[{\"@type\":\"ListItem\",\"position\":1,\"name\":\"Inicio\",\"item\":\"https:\/\/blogs.uninter.edu.mx\/difusioncultural\/\"},{\"@type\":\"ListItem\",\"position\":2,\"name\":\"19 de abril: Muere el c\u00e9lebre escritor y diplom\u00e1tico mexicano Octavio Paz\"}]},{\"@type\":\"WebSite\",\"@id\":\"https:\/\/blogs.uninter.edu.mx\/difusioncultural\/#website\",\"url\":\"https:\/\/blogs.uninter.edu.mx\/difusioncultural\/\",\"name\":\"Difusi\u00f3n Cultural\",\"description\":\"UNINTER\",\"publisher\":{\"@id\":\"https:\/\/blogs.uninter.edu.mx\/difusioncultural\/#organization\"},\"potentialAction\":[{\"@type\":\"SearchAction\",\"target\":{\"@type\":\"EntryPoint\",\"urlTemplate\":\"https:\/\/blogs.uninter.edu.mx\/difusioncultural\/?s={search_term_string}\"},\"query-input\":{\"@type\":\"PropertyValueSpecification\",\"valueRequired\":true,\"valueName\":\"search_term_string\"}}],\"inLanguage\":\"es\"},{\"@type\":\"Organization\",\"@id\":\"https:\/\/blogs.uninter.edu.mx\/difusioncultural\/#organization\",\"name\":\"Difusi\u00f3n Cultural\",\"url\":\"https:\/\/blogs.uninter.edu.mx\/difusioncultural\/\",\"logo\":{\"@type\":\"ImageObject\",\"inLanguage\":\"es\",\"@id\":\"https:\/\/blogs.uninter.edu.mx\/difusioncultural\/#\/schema\/logo\/image\/\",\"url\":\"https:\/\/blogs.uninter.edu.mx\/difusioncultural\/wp-content\/uploads\/2022\/09\/uninter.jpg\",\"contentUrl\":\"https:\/\/blogs.uninter.edu.mx\/difusioncultural\/wp-content\/uploads\/2022\/09\/uninter.jpg\",\"width\":2048,\"height\":2048,\"caption\":\"Difusi\u00f3n Cultural\"},\"image\":{\"@id\":\"https:\/\/blogs.uninter.edu.mx\/difusioncultural\/#\/schema\/logo\/image\/\"}},{\"@type\":\"Person\",\"@id\":\"https:\/\/blogs.uninter.edu.mx\/difusioncultural\/#\/schema\/person\/c710e37686022500827405824a08a18c\",\"name\":\"Aslhey Alejandra Gonz\u00e1lez Castro\",\"image\":{\"@type\":\"ImageObject\",\"inLanguage\":\"es\",\"@id\":\"https:\/\/blogs.uninter.edu.mx\/difusioncultural\/#\/schema\/person\/image\/\",\"url\":\"https:\/\/secure.gravatar.com\/avatar\/1905d6ed47b47ccbfb53e4b64f72f2017309e25d96ef418088d4f998ecf6552e?s=96&d=mm&r=g\",\"contentUrl\":\"https:\/\/secure.gravatar.com\/avatar\/1905d6ed47b47ccbfb53e4b64f72f2017309e25d96ef418088d4f998ecf6552e?s=96&d=mm&r=g\",\"caption\":\"Aslhey Alejandra Gonz\u00e1lez Castro\"},\"url\":\"https:\/\/blogs.uninter.edu.mx\/difusioncultural\/?author=24\"}]}<\/script>\r\n<!-- \/ Yoast SEO plugin. -->","yoast_head_json":{"title":"19 de abril: Muere el c\u00e9lebre escritor y diplom\u00e1tico mexicano Octavio Paz - Difusi\u00f3n Cultural","robots":{"index":"index","follow":"follow","max-snippet":"max-snippet:-1","max-image-preview":"max-image-preview:large","max-video-preview":"max-video-preview:-1"},"canonical":"https:\/\/blogs.uninter.edu.mx\/difusioncultural\/?p=8772","og_locale":"es_MX","og_type":"article","og_title":"19 de abril: Muere el c\u00e9lebre escritor y diplom\u00e1tico mexicano Octavio Paz - Difusi\u00f3n Cultural","og_description":"A 24 a\u00f1os de su muerte, Octavio Paz sigue siendo el poeta tutelar de la literatura mexicana. Octavio Paz\u00a0muri\u00f3 el 19 de abril de 1998. Fue un\u00a0poeta, ensayista, intelectual, traductor y diplom\u00e1tico, es considerado como una figura tutelar dentro de la\u00a0literatura\u00a0mexicana. Fue un hombre preocupado por la difusi\u00f3n de las letras, la vocaci\u00f3n cr\u00edtica y&hellip;","og_url":"https:\/\/blogs.uninter.edu.mx\/difusioncultural\/?p=8772","og_site_name":"Difusi\u00f3n Cultural","article_published_time":"2022-04-19T15:57:49+00:00","og_image":[{"width":1024,"height":576,"url":"https:\/\/blogs.uninter.edu.mx\/difusioncultural\/wp-content\/uploads\/2022\/04\/el_cultural_17259289_219225857_1024x576.jpg","type":"image\/jpeg"}],"author":"Aslhey Alejandra Gonz\u00e1lez Castro","twitter_card":"summary_large_image","twitter_misc":{"Escrito por":"Aslhey Alejandra Gonz\u00e1lez Castro","Tiempo de lectura":"1 minuto"},"schema":{"@context":"https:\/\/schema.org","@graph":[{"@type":"Article","@id":"https:\/\/blogs.uninter.edu.mx\/difusioncultural\/?p=8772#article","isPartOf":{"@id":"https:\/\/blogs.uninter.edu.mx\/difusioncultural\/?p=8772"},"author":{"name":"Aslhey Alejandra Gonz\u00e1lez Castro","@id":"https:\/\/blogs.uninter.edu.mx\/difusioncultural\/#\/schema\/person\/c710e37686022500827405824a08a18c"},"headline":"19 de abril: Muere el c\u00e9lebre escritor y diplom\u00e1tico mexicano Octavio Paz","datePublished":"2022-04-19T15:57:49+00:00","mainEntityOfPage":{"@id":"https:\/\/blogs.uninter.edu.mx\/difusioncultural\/?p=8772"},"wordCount":287,"publisher":{"@id":"https:\/\/blogs.uninter.edu.mx\/difusioncultural\/#organization"},"image":{"@id":"https:\/\/blogs.uninter.edu.mx\/difusioncultural\/?p=8772#primaryimage"},"thumbnailUrl":"https:\/\/blogs.uninter.edu.mx\/difusioncultural\/wp-content\/uploads\/2022\/04\/el_cultural_17259289_219225857_1024x576.jpg","articleSection":["un dia como hoy"],"inLanguage":"es"},{"@type":"WebPage","@id":"https:\/\/blogs.uninter.edu.mx\/difusioncultural\/?p=8772","url":"https:\/\/blogs.uninter.edu.mx\/difusioncultural\/?p=8772","name":"19 de abril: Muere el c\u00e9lebre escritor y diplom\u00e1tico mexicano Octavio Paz - Difusi\u00f3n Cultural","isPartOf":{"@id":"https:\/\/blogs.uninter.edu.mx\/difusioncultural\/#website"},"primaryImageOfPage":{"@id":"https:\/\/blogs.uninter.edu.mx\/difusioncultural\/?p=8772#primaryimage"},"image":{"@id":"https:\/\/blogs.uninter.edu.mx\/difusioncultural\/?p=8772#primaryimage"},"thumbnailUrl":"https:\/\/blogs.uninter.edu.mx\/difusioncultural\/wp-content\/uploads\/2022\/04\/el_cultural_17259289_219225857_1024x576.jpg","datePublished":"2022-04-19T15:57:49+00:00","breadcrumb":{"@id":"https:\/\/blogs.uninter.edu.mx\/difusioncultural\/?p=8772#breadcrumb"},"inLanguage":"es","potentialAction":[{"@type":"ReadAction","target":["https:\/\/blogs.uninter.edu.mx\/difusioncultural\/?p=8772"]}]},{"@type":"ImageObject","inLanguage":"es","@id":"https:\/\/blogs.uninter.edu.mx\/difusioncultural\/?p=8772#primaryimage","url":"https:\/\/blogs.uninter.edu.mx\/difusioncultural\/wp-content\/uploads\/2022\/04\/el_cultural_17259289_219225857_1024x576.jpg","contentUrl":"https:\/\/blogs.uninter.edu.mx\/difusioncultural\/wp-content\/uploads\/2022\/04\/el_cultural_17259289_219225857_1024x576.jpg","width":1024,"height":576},{"@type":"BreadcrumbList","@id":"https:\/\/blogs.uninter.edu.mx\/difusioncultural\/?p=8772#breadcrumb","itemListElement":[{"@type":"ListItem","position":1,"name":"Inicio","item":"https:\/\/blogs.uninter.edu.mx\/difusioncultural\/"},{"@type":"ListItem","position":2,"name":"19 de abril: Muere el c\u00e9lebre escritor y diplom\u00e1tico mexicano Octavio Paz"}]},{"@type":"WebSite","@id":"https:\/\/blogs.uninter.edu.mx\/difusioncultural\/#website","url":"https:\/\/blogs.uninter.edu.mx\/difusioncultural\/","name":"Difusi\u00f3n Cultural","description":"UNINTER","publisher":{"@id":"https:\/\/blogs.uninter.edu.mx\/difusioncultural\/#organization"},"potentialAction":[{"@type":"SearchAction","target":{"@type":"EntryPoint","urlTemplate":"https:\/\/blogs.uninter.edu.mx\/difusioncultural\/?s={search_term_string}"},"query-input":{"@type":"PropertyValueSpecification","valueRequired":true,"valueName":"search_term_string"}}],"inLanguage":"es"},{"@type":"Organization","@id":"https:\/\/blogs.uninter.edu.mx\/difusioncultural\/#organization","name":"Difusi\u00f3n Cultural","url":"https:\/\/blogs.uninter.edu.mx\/difusioncultural\/","logo":{"@type":"ImageObject","inLanguage":"es","@id":"https:\/\/blogs.uninter.edu.mx\/difusioncultural\/#\/schema\/logo\/image\/","url":"https:\/\/blogs.uninter.edu.mx\/difusioncultural\/wp-content\/uploads\/2022\/09\/uninter.jpg","contentUrl":"https:\/\/blogs.uninter.edu.mx\/difusioncultural\/wp-content\/uploads\/2022\/09\/uninter.jpg","width":2048,"height":2048,"caption":"Difusi\u00f3n Cultural"},"image":{"@id":"https:\/\/blogs.uninter.edu.mx\/difusioncultural\/#\/schema\/logo\/image\/"}},{"@type":"Person","@id":"https:\/\/blogs.uninter.edu.mx\/difusioncultural\/#\/schema\/person\/c710e37686022500827405824a08a18c","name":"Aslhey Alejandra Gonz\u00e1lez Castro","image":{"@type":"ImageObject","inLanguage":"es","@id":"https:\/\/blogs.uninter.edu.mx\/difusioncultural\/#\/schema\/person\/image\/","url":"https:\/\/secure.gravatar.com\/avatar\/1905d6ed47b47ccbfb53e4b64f72f2017309e25d96ef418088d4f998ecf6552e?s=96&d=mm&r=g","contentUrl":"https:\/\/secure.gravatar.com\/avatar\/1905d6ed47b47ccbfb53e4b64f72f2017309e25d96ef418088d4f998ecf6552e?s=96&d=mm&r=g","caption":"Aslhey Alejandra Gonz\u00e1lez Castro"},"url":"https:\/\/blogs.uninter.edu.mx\/difusioncultural\/?author=24"}]}},"jetpack_publicize_connections":[],"jetpack_featured_media_url":"https:\/\/blogs.uninter.edu.mx\/difusioncultural\/wp-content\/uploads\/2022\/04\/el_cultural_17259289_219225857_1024x576.jpg","jetpack_sharing_enabled":true,"_links":{"self":[{"href":"https:\/\/blogs.uninter.edu.mx\/difusioncultural\/index.php?rest_route=\/wp\/v2\/posts\/8772","targetHints":{"allow":["GET"]}}],"collection":[{"href":"https:\/\/blogs.uninter.edu.mx\/difusioncultural\/index.php?rest_route=\/wp\/v2\/posts"}],"about":[{"href":"https:\/\/blogs.uninter.edu.mx\/difusioncultural\/index.php?rest_route=\/wp\/v2\/types\/post"}],"author":[{"embeddable":true,"href":"https:\/\/blogs.uninter.edu.mx\/difusioncultural\/index.php?rest_route=\/wp\/v2\/users\/24"}],"replies":[{"embeddable":true,"href":"https:\/\/blogs.uninter.edu.mx\/difusioncultural\/index.php?rest_route=%2Fwp%2Fv2%2Fcomments&post=8772"}],"version-history":[{"count":0,"href":"https:\/\/blogs.uninter.edu.mx\/difusioncultural\/index.php?rest_route=\/wp\/v2\/posts\/8772\/revisions"}],"wp:featuredmedia":[{"embeddable":true,"href":"https:\/\/blogs.uninter.edu.mx\/difusioncultural\/index.php?rest_route=\/wp\/v2\/media\/8780"}],"wp:attachment":[{"href":"https:\/\/blogs.uninter.edu.mx\/difusioncultural\/index.php?rest_route=%2Fwp%2Fv2%2Fmedia&parent=8772"}],"wp:term":[{"taxonomy":"category","embeddable":true,"href":"https:\/\/blogs.uninter.edu.mx\/difusioncultural\/index.php?rest_route=%2Fwp%2Fv2%2Fcategories&post=8772"},{"taxonomy":"post_tag","embeddable":true,"href":"https:\/\/blogs.uninter.edu.mx\/difusioncultural\/index.php?rest_route=%2Fwp%2Fv2%2Ftags&post=8772"}],"curies":[{"name":"wp","href":"https:\/\/api.w.org\/{rel}","templated":true}]}}