{"id":8804,"date":"2022-04-26T11:29:32","date_gmt":"2022-04-26T16:29:32","guid":{"rendered":"https:\/\/difusionculturaluninter.wordpress.com\/?p=8804"},"modified":"2022-04-26T11:29:32","modified_gmt":"2022-04-26T16:29:32","slug":"26-de-abril-dia-mundial-de-la-propiedad-intelectual","status":"publish","type":"post","link":"https:\/\/blogs.uninter.edu.mx\/difusioncultural\/?p=8804","title":{"rendered":"26 de abril: D\u00eda Mundial de la Propiedad Intelectual"},"content":{"rendered":"\n<p>El 26 de abril se celebra el D\u00eda Mundial de la Propiedad Intelectual, una efem\u00e9ride decretada por la ONU en el a\u00f1o 2000 a trav\u00e9s de la Organizaci\u00f3n Mundial de la Propiedad Intelectual (OMPI), con el objetivo de divulgar la funci\u00f3n que tienen los derechos de propiedad intelectual y con ello valorar y fomentar la innovaci\u00f3n y la creatividad.<\/p>\n\n\n\n<p><strong><em>\u00bfQu\u00e9 es la propiedad intelectual?<\/em><\/strong><\/p>\n\n\n\n<p>La propiedad intelectual es una disciplina de orden jur\u00eddico, la cual protege todas las innovaciones y creaciones art\u00edsticas, literarias y cient\u00edficas, que pueden ser tangibles o intangibles. Incluye nombres, s\u00edmbolos e im\u00e1genes utilizados a nivel comercial.<\/p>\n\n\n\n<figure class=\"wp-block-image size-large is-resized\"><a href=\"https:\/\/blogs.uninter.edu.mx\/difusioncultural\/wp-content\/uploads\/2022\/04\/hddhhdhdh-696x400-1.jpg\"><img fetchpriority=\"high\" decoding=\"async\" src=\"https:\/\/blogs.uninter.edu.mx\/difusioncultural\/wp-content\/uploads\/2022\/04\/hddhhdhdh-696x400-1.jpg?w=696\" alt=\"\" class=\"wp-image-8815\" width=\"591\" height=\"339\" \/><\/a><\/figure>\n\n\n\n<p>Quedan protegidos todos los derechos de aquellas personas vinculadas al mundo de las artes, de la interpretaci\u00f3n, productores y a la radiodifusi\u00f3n. Con ello se pretende evitar que cualquier obra creativa sea objeto de plagio y en caso de suceder, se apliquen las sanciones pertinentes.<\/p>\n\n\n\n<p><strong><em>Distintos tipos de propiedad intelectual<\/em><\/strong><\/p>\n\n\n\n<p>Actualmente, existen dos ramas o clasificaciones de la propiedad intelectual contempladas en la legislaci\u00f3n vigente, como son los Derechos de Autor y Derechos Conexos (vinculados con las creaciones literarias y art\u00edsticas). Por otra parte, se destaca la Propiedad Industrial, relacionada con marcas, patentes, dise\u00f1os y modelos industriales.<\/p>\n\n\n\n<p><strong><em>Los Derechos de Autor<\/em><\/strong><\/p>\n\n\n\n<p>Se refiere al trabajo creativo de las personas en las distintas disciplinas como el arte, la literatura, la pintura, el cine, la publicidad: obras musicales y audiovisuales, obras literarias (libros, revistas y publicaciones), fonogramas, entre otros.<\/p>\n\n\n\n<p><strong><em>Las Marcas<\/em><\/strong><\/p>\n\n\n\n<p>Son de suma importancia, ya que se relacionan con el sello original que identifica un determinado producto o servicio: logotipos, nombres, slogans, sonidos, colores. En toda la historia, las marcan siempre han existido y es lo que permite diferenciar un determinado servicio o producto de otro.<\/p>\n\n\n\n<p><strong><em>Las Patentes<\/em><\/strong><\/p>\n\n\n\n<p>Es un documento expedido que otorga derechos exclusivos de una obra o invenci\u00f3n a su autor, impidiendo a terceros su venta y comercializaci\u00f3n: productos, herramientas, m\u00e9todos, aparatos.<\/p>\n\n\n\n<p><strong><em>Los Dise\u00f1os<\/em><\/strong><\/p>\n\n\n\n<p> IndustrialesEst\u00e1n relacionados con todos los modelos industriales que se crean de los productos, interfaz gr\u00e1fica de aplicaciones, entre otros.<\/p>\n\n\n\n<p><strong><em>Indicaciones Geogr\u00e1ficas<\/em><\/strong><\/p>\n\n\n\n<p>Para productos que tienen un origen geogr\u00e1fico concreto y cuyas cualidades, reputaci\u00f3n o caracter\u00edsticas se deben esencialmente a su lugar de origen.<\/p>\n\n\n\n<figure class=\"wp-block-image size-large is-resized\"><a href=\"https:\/\/blogs.uninter.edu.mx\/difusioncultural\/wp-content\/uploads\/2022\/04\/propiedad-intelectual.jpg\"><img decoding=\"async\" src=\"https:\/\/blogs.uninter.edu.mx\/difusioncultural\/wp-content\/uploads\/2022\/04\/propiedad-intelectual.jpg?w=1024\" alt=\"\" class=\"wp-image-8817\" width=\"543\" height=\"361\" \/><\/a><\/figure>\n\n\n\n<p><strong><em>\u00bfC\u00f3mo celebrar el D\u00eda Mundial de la Propiedad Intelectual?<\/em><\/strong><\/p>\n\n\n\n<p>Todos podemos formar parte de la celebraci\u00f3n del D\u00eda Mundial de la Propiedad Intelectual, divulgando y compartiendo informaci\u00f3n adicional sobre este interesante tema en la escuela, la comunidad o \u00e1rea laboral.<\/p>\n","protected":false},"excerpt":{"rendered":"<p>El 26 de abril se celebra el D\u00eda Mundial de la Propiedad Intelectual, una efem\u00e9ride decretada por la ONU en el a\u00f1o 2000 a trav\u00e9s de la Organizaci\u00f3n Mundial de la Propiedad Intelectual (OMPI), con el objetivo de divulgar la funci\u00f3n que tienen los derechos de propiedad intelectual y con ello valorar y fomentar la&hellip;<\/p>\n","protected":false},"author":24,"featured_media":8819,"comment_status":"closed","ping_status":"open","sticky":false,"template":"","format":"standard","meta":{"_jetpack_memberships_contains_paid_content":false,"footnotes":"","jetpack_publicize_message":"","jetpack_publicize_feature_enabled":true,"jetpack_social_post_already_shared":false,"jetpack_social_options":{"image_generator_settings":{"template":"highway","default_image_id":0,"font":"","enabled":false},"version":2}},"categories":[14],"tags":[],"class_list":["post-8804","post","type-post","status-publish","format-standard","has-post-thumbnail","hentry","category-un-dia-como-hoy"],"yoast_head":"<!-- This site is optimized with the Yoast SEO plugin v26.3 - https:\/\/yoast.com\/wordpress\/plugins\/seo\/ -->\r\n<title>26 de abril: D\u00eda Mundial de la Propiedad Intelectual - Difusi\u00f3n Cultural<\/title>\r\n<meta name=\"robots\" content=\"index, follow, max-snippet:-1, max-image-preview:large, max-video-preview:-1\" \/>\r\n<link rel=\"canonical\" href=\"https:\/\/blogs.uninter.edu.mx\/difusioncultural\/?p=8804\" \/>\r\n<meta property=\"og:locale\" content=\"es_MX\" \/>\r\n<meta property=\"og:type\" content=\"article\" \/>\r\n<meta property=\"og:title\" content=\"26 de abril: D\u00eda Mundial de la Propiedad Intelectual - Difusi\u00f3n Cultural\" \/>\r\n<meta property=\"og:description\" content=\"El 26 de abril se celebra el D\u00eda Mundial de la Propiedad Intelectual, una efem\u00e9ride decretada por la ONU en el a\u00f1o 2000 a trav\u00e9s de la Organizaci\u00f3n Mundial de la Propiedad Intelectual (OMPI), con el objetivo de divulgar la funci\u00f3n que tienen los derechos de propiedad intelectual y con ello valorar y fomentar la&hellip;\" \/>\r\n<meta property=\"og:url\" content=\"https:\/\/blogs.uninter.edu.mx\/difusioncultural\/?p=8804\" \/>\r\n<meta property=\"og:site_name\" content=\"Difusi\u00f3n Cultural\" \/>\r\n<meta property=\"article:published_time\" content=\"2022-04-26T16:29:32+00:00\" \/>\r\n<meta property=\"og:image\" content=\"https:\/\/blogs.uninter.edu.mx\/difusioncultural\/wp-content\/uploads\/2022\/04\/experiential-mktg-2018-7.png\" \/>\r\n\t<meta property=\"og:image:width\" content=\"560\" \/>\r\n\t<meta property=\"og:image:height\" content=\"315\" \/>\r\n\t<meta property=\"og:image:type\" content=\"image\/png\" \/>\r\n<meta name=\"author\" content=\"Aslhey Alejandra Gonz\u00e1lez Castro\" \/>\r\n<meta name=\"twitter:card\" content=\"summary_large_image\" \/>\r\n<meta name=\"twitter:label1\" content=\"Escrito por\" \/>\n\t<meta name=\"twitter:data1\" content=\"Aslhey Alejandra Gonz\u00e1lez Castro\" \/>\n\t<meta name=\"twitter:label2\" content=\"Tiempo de lectura\" \/>\n\t<meta name=\"twitter:data2\" content=\"2 minutos\" \/>\r\n<script type=\"application\/ld+json\" class=\"yoast-schema-graph\">{\"@context\":\"https:\/\/schema.org\",\"@graph\":[{\"@type\":\"Article\",\"@id\":\"https:\/\/blogs.uninter.edu.mx\/difusioncultural\/?p=8804#article\",\"isPartOf\":{\"@id\":\"https:\/\/blogs.uninter.edu.mx\/difusioncultural\/?p=8804\"},\"author\":{\"name\":\"Aslhey Alejandra Gonz\u00e1lez Castro\",\"@id\":\"https:\/\/blogs.uninter.edu.mx\/difusioncultural\/#\/schema\/person\/c710e37686022500827405824a08a18c\"},\"headline\":\"26 de abril: D\u00eda Mundial de la Propiedad Intelectual\",\"datePublished\":\"2022-04-26T16:29:32+00:00\",\"mainEntityOfPage\":{\"@id\":\"https:\/\/blogs.uninter.edu.mx\/difusioncultural\/?p=8804\"},\"wordCount\":438,\"publisher\":{\"@id\":\"https:\/\/blogs.uninter.edu.mx\/difusioncultural\/#organization\"},\"image\":{\"@id\":\"https:\/\/blogs.uninter.edu.mx\/difusioncultural\/?p=8804#primaryimage\"},\"thumbnailUrl\":\"https:\/\/blogs.uninter.edu.mx\/difusioncultural\/wp-content\/uploads\/2022\/04\/experiential-mktg-2018-7.png\",\"articleSection\":[\"un dia como hoy\"],\"inLanguage\":\"es\"},{\"@type\":\"WebPage\",\"@id\":\"https:\/\/blogs.uninter.edu.mx\/difusioncultural\/?p=8804\",\"url\":\"https:\/\/blogs.uninter.edu.mx\/difusioncultural\/?p=8804\",\"name\":\"26 de abril: D\u00eda Mundial de la Propiedad Intelectual - Difusi\u00f3n Cultural\",\"isPartOf\":{\"@id\":\"https:\/\/blogs.uninter.edu.mx\/difusioncultural\/#website\"},\"primaryImageOfPage\":{\"@id\":\"https:\/\/blogs.uninter.edu.mx\/difusioncultural\/?p=8804#primaryimage\"},\"image\":{\"@id\":\"https:\/\/blogs.uninter.edu.mx\/difusioncultural\/?p=8804#primaryimage\"},\"thumbnailUrl\":\"https:\/\/blogs.uninter.edu.mx\/difusioncultural\/wp-content\/uploads\/2022\/04\/experiential-mktg-2018-7.png\",\"datePublished\":\"2022-04-26T16:29:32+00:00\",\"breadcrumb\":{\"@id\":\"https:\/\/blogs.uninter.edu.mx\/difusioncultural\/?p=8804#breadcrumb\"},\"inLanguage\":\"es\",\"potentialAction\":[{\"@type\":\"ReadAction\",\"target\":[\"https:\/\/blogs.uninter.edu.mx\/difusioncultural\/?p=8804\"]}]},{\"@type\":\"ImageObject\",\"inLanguage\":\"es\",\"@id\":\"https:\/\/blogs.uninter.edu.mx\/difusioncultural\/?p=8804#primaryimage\",\"url\":\"https:\/\/blogs.uninter.edu.mx\/difusioncultural\/wp-content\/uploads\/2022\/04\/experiential-mktg-2018-7.png\",\"contentUrl\":\"https:\/\/blogs.uninter.edu.mx\/difusioncultural\/wp-content\/uploads\/2022\/04\/experiential-mktg-2018-7.png\",\"width\":560,\"height\":315},{\"@type\":\"BreadcrumbList\",\"@id\":\"https:\/\/blogs.uninter.edu.mx\/difusioncultural\/?p=8804#breadcrumb\",\"itemListElement\":[{\"@type\":\"ListItem\",\"position\":1,\"name\":\"Inicio\",\"item\":\"https:\/\/blogs.uninter.edu.mx\/difusioncultural\/\"},{\"@type\":\"ListItem\",\"position\":2,\"name\":\"26 de abril: D\u00eda Mundial de la Propiedad Intelectual\"}]},{\"@type\":\"WebSite\",\"@id\":\"https:\/\/blogs.uninter.edu.mx\/difusioncultural\/#website\",\"url\":\"https:\/\/blogs.uninter.edu.mx\/difusioncultural\/\",\"name\":\"Difusi\u00f3n Cultural\",\"description\":\"UNINTER\",\"publisher\":{\"@id\":\"https:\/\/blogs.uninter.edu.mx\/difusioncultural\/#organization\"},\"potentialAction\":[{\"@type\":\"SearchAction\",\"target\":{\"@type\":\"EntryPoint\",\"urlTemplate\":\"https:\/\/blogs.uninter.edu.mx\/difusioncultural\/?s={search_term_string}\"},\"query-input\":{\"@type\":\"PropertyValueSpecification\",\"valueRequired\":true,\"valueName\":\"search_term_string\"}}],\"inLanguage\":\"es\"},{\"@type\":\"Organization\",\"@id\":\"https:\/\/blogs.uninter.edu.mx\/difusioncultural\/#organization\",\"name\":\"Difusi\u00f3n Cultural\",\"url\":\"https:\/\/blogs.uninter.edu.mx\/difusioncultural\/\",\"logo\":{\"@type\":\"ImageObject\",\"inLanguage\":\"es\",\"@id\":\"https:\/\/blogs.uninter.edu.mx\/difusioncultural\/#\/schema\/logo\/image\/\",\"url\":\"https:\/\/blogs.uninter.edu.mx\/difusioncultural\/wp-content\/uploads\/2022\/09\/uninter.jpg\",\"contentUrl\":\"https:\/\/blogs.uninter.edu.mx\/difusioncultural\/wp-content\/uploads\/2022\/09\/uninter.jpg\",\"width\":2048,\"height\":2048,\"caption\":\"Difusi\u00f3n Cultural\"},\"image\":{\"@id\":\"https:\/\/blogs.uninter.edu.mx\/difusioncultural\/#\/schema\/logo\/image\/\"}},{\"@type\":\"Person\",\"@id\":\"https:\/\/blogs.uninter.edu.mx\/difusioncultural\/#\/schema\/person\/c710e37686022500827405824a08a18c\",\"name\":\"Aslhey Alejandra Gonz\u00e1lez Castro\",\"image\":{\"@type\":\"ImageObject\",\"inLanguage\":\"es\",\"@id\":\"https:\/\/blogs.uninter.edu.mx\/difusioncultural\/#\/schema\/person\/image\/\",\"url\":\"https:\/\/secure.gravatar.com\/avatar\/1905d6ed47b47ccbfb53e4b64f72f2017309e25d96ef418088d4f998ecf6552e?s=96&d=mm&r=g\",\"contentUrl\":\"https:\/\/secure.gravatar.com\/avatar\/1905d6ed47b47ccbfb53e4b64f72f2017309e25d96ef418088d4f998ecf6552e?s=96&d=mm&r=g\",\"caption\":\"Aslhey Alejandra Gonz\u00e1lez Castro\"},\"url\":\"https:\/\/blogs.uninter.edu.mx\/difusioncultural\/?author=24\"}]}<\/script>\r\n<!-- \/ Yoast SEO plugin. -->","yoast_head_json":{"title":"26 de abril: D\u00eda Mundial de la Propiedad Intelectual - Difusi\u00f3n Cultural","robots":{"index":"index","follow":"follow","max-snippet":"max-snippet:-1","max-image-preview":"max-image-preview:large","max-video-preview":"max-video-preview:-1"},"canonical":"https:\/\/blogs.uninter.edu.mx\/difusioncultural\/?p=8804","og_locale":"es_MX","og_type":"article","og_title":"26 de abril: D\u00eda Mundial de la Propiedad Intelectual - Difusi\u00f3n Cultural","og_description":"El 26 de abril se celebra el D\u00eda Mundial de la Propiedad Intelectual, una efem\u00e9ride decretada por la ONU en el a\u00f1o 2000 a trav\u00e9s de la Organizaci\u00f3n Mundial de la Propiedad Intelectual (OMPI), con el objetivo de divulgar la funci\u00f3n que tienen los derechos de propiedad intelectual y con ello valorar y fomentar la&hellip;","og_url":"https:\/\/blogs.uninter.edu.mx\/difusioncultural\/?p=8804","og_site_name":"Difusi\u00f3n Cultural","article_published_time":"2022-04-26T16:29:32+00:00","og_image":[{"width":560,"height":315,"url":"https:\/\/blogs.uninter.edu.mx\/difusioncultural\/wp-content\/uploads\/2022\/04\/experiential-mktg-2018-7.png","type":"image\/png"}],"author":"Aslhey Alejandra Gonz\u00e1lez Castro","twitter_card":"summary_large_image","twitter_misc":{"Escrito por":"Aslhey Alejandra Gonz\u00e1lez Castro","Tiempo de lectura":"2 minutos"},"schema":{"@context":"https:\/\/schema.org","@graph":[{"@type":"Article","@id":"https:\/\/blogs.uninter.edu.mx\/difusioncultural\/?p=8804#article","isPartOf":{"@id":"https:\/\/blogs.uninter.edu.mx\/difusioncultural\/?p=8804"},"author":{"name":"Aslhey Alejandra Gonz\u00e1lez Castro","@id":"https:\/\/blogs.uninter.edu.mx\/difusioncultural\/#\/schema\/person\/c710e37686022500827405824a08a18c"},"headline":"26 de abril: D\u00eda Mundial de la Propiedad Intelectual","datePublished":"2022-04-26T16:29:32+00:00","mainEntityOfPage":{"@id":"https:\/\/blogs.uninter.edu.mx\/difusioncultural\/?p=8804"},"wordCount":438,"publisher":{"@id":"https:\/\/blogs.uninter.edu.mx\/difusioncultural\/#organization"},"image":{"@id":"https:\/\/blogs.uninter.edu.mx\/difusioncultural\/?p=8804#primaryimage"},"thumbnailUrl":"https:\/\/blogs.uninter.edu.mx\/difusioncultural\/wp-content\/uploads\/2022\/04\/experiential-mktg-2018-7.png","articleSection":["un dia como hoy"],"inLanguage":"es"},{"@type":"WebPage","@id":"https:\/\/blogs.uninter.edu.mx\/difusioncultural\/?p=8804","url":"https:\/\/blogs.uninter.edu.mx\/difusioncultural\/?p=8804","name":"26 de abril: D\u00eda Mundial de la Propiedad Intelectual - Difusi\u00f3n Cultural","isPartOf":{"@id":"https:\/\/blogs.uninter.edu.mx\/difusioncultural\/#website"},"primaryImageOfPage":{"@id":"https:\/\/blogs.uninter.edu.mx\/difusioncultural\/?p=8804#primaryimage"},"image":{"@id":"https:\/\/blogs.uninter.edu.mx\/difusioncultural\/?p=8804#primaryimage"},"thumbnailUrl":"https:\/\/blogs.uninter.edu.mx\/difusioncultural\/wp-content\/uploads\/2022\/04\/experiential-mktg-2018-7.png","datePublished":"2022-04-26T16:29:32+00:00","breadcrumb":{"@id":"https:\/\/blogs.uninter.edu.mx\/difusioncultural\/?p=8804#breadcrumb"},"inLanguage":"es","potentialAction":[{"@type":"ReadAction","target":["https:\/\/blogs.uninter.edu.mx\/difusioncultural\/?p=8804"]}]},{"@type":"ImageObject","inLanguage":"es","@id":"https:\/\/blogs.uninter.edu.mx\/difusioncultural\/?p=8804#primaryimage","url":"https:\/\/blogs.uninter.edu.mx\/difusioncultural\/wp-content\/uploads\/2022\/04\/experiential-mktg-2018-7.png","contentUrl":"https:\/\/blogs.uninter.edu.mx\/difusioncultural\/wp-content\/uploads\/2022\/04\/experiential-mktg-2018-7.png","width":560,"height":315},{"@type":"BreadcrumbList","@id":"https:\/\/blogs.uninter.edu.mx\/difusioncultural\/?p=8804#breadcrumb","itemListElement":[{"@type":"ListItem","position":1,"name":"Inicio","item":"https:\/\/blogs.uninter.edu.mx\/difusioncultural\/"},{"@type":"ListItem","position":2,"name":"26 de abril: D\u00eda Mundial de la Propiedad Intelectual"}]},{"@type":"WebSite","@id":"https:\/\/blogs.uninter.edu.mx\/difusioncultural\/#website","url":"https:\/\/blogs.uninter.edu.mx\/difusioncultural\/","name":"Difusi\u00f3n Cultural","description":"UNINTER","publisher":{"@id":"https:\/\/blogs.uninter.edu.mx\/difusioncultural\/#organization"},"potentialAction":[{"@type":"SearchAction","target":{"@type":"EntryPoint","urlTemplate":"https:\/\/blogs.uninter.edu.mx\/difusioncultural\/?s={search_term_string}"},"query-input":{"@type":"PropertyValueSpecification","valueRequired":true,"valueName":"search_term_string"}}],"inLanguage":"es"},{"@type":"Organization","@id":"https:\/\/blogs.uninter.edu.mx\/difusioncultural\/#organization","name":"Difusi\u00f3n Cultural","url":"https:\/\/blogs.uninter.edu.mx\/difusioncultural\/","logo":{"@type":"ImageObject","inLanguage":"es","@id":"https:\/\/blogs.uninter.edu.mx\/difusioncultural\/#\/schema\/logo\/image\/","url":"https:\/\/blogs.uninter.edu.mx\/difusioncultural\/wp-content\/uploads\/2022\/09\/uninter.jpg","contentUrl":"https:\/\/blogs.uninter.edu.mx\/difusioncultural\/wp-content\/uploads\/2022\/09\/uninter.jpg","width":2048,"height":2048,"caption":"Difusi\u00f3n Cultural"},"image":{"@id":"https:\/\/blogs.uninter.edu.mx\/difusioncultural\/#\/schema\/logo\/image\/"}},{"@type":"Person","@id":"https:\/\/blogs.uninter.edu.mx\/difusioncultural\/#\/schema\/person\/c710e37686022500827405824a08a18c","name":"Aslhey Alejandra Gonz\u00e1lez Castro","image":{"@type":"ImageObject","inLanguage":"es","@id":"https:\/\/blogs.uninter.edu.mx\/difusioncultural\/#\/schema\/person\/image\/","url":"https:\/\/secure.gravatar.com\/avatar\/1905d6ed47b47ccbfb53e4b64f72f2017309e25d96ef418088d4f998ecf6552e?s=96&d=mm&r=g","contentUrl":"https:\/\/secure.gravatar.com\/avatar\/1905d6ed47b47ccbfb53e4b64f72f2017309e25d96ef418088d4f998ecf6552e?s=96&d=mm&r=g","caption":"Aslhey Alejandra Gonz\u00e1lez Castro"},"url":"https:\/\/blogs.uninter.edu.mx\/difusioncultural\/?author=24"}]}},"jetpack_publicize_connections":[],"jetpack_featured_media_url":"https:\/\/blogs.uninter.edu.mx\/difusioncultural\/wp-content\/uploads\/2022\/04\/experiential-mktg-2018-7.png","jetpack_sharing_enabled":true,"_links":{"self":[{"href":"https:\/\/blogs.uninter.edu.mx\/difusioncultural\/index.php?rest_route=\/wp\/v2\/posts\/8804","targetHints":{"allow":["GET"]}}],"collection":[{"href":"https:\/\/blogs.uninter.edu.mx\/difusioncultural\/index.php?rest_route=\/wp\/v2\/posts"}],"about":[{"href":"https:\/\/blogs.uninter.edu.mx\/difusioncultural\/index.php?rest_route=\/wp\/v2\/types\/post"}],"author":[{"embeddable":true,"href":"https:\/\/blogs.uninter.edu.mx\/difusioncultural\/index.php?rest_route=\/wp\/v2\/users\/24"}],"replies":[{"embeddable":true,"href":"https:\/\/blogs.uninter.edu.mx\/difusioncultural\/index.php?rest_route=%2Fwp%2Fv2%2Fcomments&post=8804"}],"version-history":[{"count":0,"href":"https:\/\/blogs.uninter.edu.mx\/difusioncultural\/index.php?rest_route=\/wp\/v2\/posts\/8804\/revisions"}],"wp:featuredmedia":[{"embeddable":true,"href":"https:\/\/blogs.uninter.edu.mx\/difusioncultural\/index.php?rest_route=\/wp\/v2\/media\/8819"}],"wp:attachment":[{"href":"https:\/\/blogs.uninter.edu.mx\/difusioncultural\/index.php?rest_route=%2Fwp%2Fv2%2Fmedia&parent=8804"}],"wp:term":[{"taxonomy":"category","embeddable":true,"href":"https:\/\/blogs.uninter.edu.mx\/difusioncultural\/index.php?rest_route=%2Fwp%2Fv2%2Fcategories&post=8804"},{"taxonomy":"post_tag","embeddable":true,"href":"https:\/\/blogs.uninter.edu.mx\/difusioncultural\/index.php?rest_route=%2Fwp%2Fv2%2Ftags&post=8804"}],"curies":[{"name":"wp","href":"https:\/\/api.w.org\/{rel}","templated":true}]}}