{"id":9010,"date":"2022-09-01T09:47:29","date_gmt":"2022-09-01T14:47:29","guid":{"rendered":"https:\/\/difusionculturaluninter.wordpress.com\/?p=9010"},"modified":"2022-09-01T09:47:29","modified_gmt":"2022-09-01T14:47:29","slug":"1-de-septiembre-dia-mundial-de-la-criminalistica","status":"publish","type":"post","link":"https:\/\/blogs.uninter.edu.mx\/difusioncultural\/?p=9010","title":{"rendered":"1 de Septiembre: D\u00eda Mundial de la&nbsp;Criminal\u00edstica"},"content":{"rendered":"\n<p>Cada 1\u00b0 de septiembre se celebra el D\u00eda de la Criminal\u00edstica en honor a Juan Vucetich, un croata nacionalizado argentino que hizo un descubrimiento fundamental para la historia de la criminal\u00edstica.<\/p>\n\n\n\n<figure class=\"wp-block-image\"><a href=\"https:\/\/cartelerauninter.files.wordpress.com\/2022\/09\/image.png\"><img decoding=\"async\" src=\"https:\/\/cartelerauninter.files.wordpress.com\/2022\/09\/image.png?w=270\" alt=\"\" class=\"wp-image-9683\" \/><\/a><\/figure>\n\n\n\n<p>D\u00eda de la criminal\u00edstica: \u00bfpor qu\u00e9 se celebra el 1 de septiembre?<\/p>\n\n\n\n<p><strong>Juan Vucetich<\/strong>&nbsp;<a href=\"https:\/\/www.airedesantafe.com.ar\/dia-mundial-la-dactiloscopia-por-que-se-conmemora-el-1-septiembre-n354384\" target=\"_blank\" rel=\"noreferrer noopener\">descubri\u00f3 la dactiloscopia: un invento que marc\u00f3 la historia<\/a>&nbsp;de la criminal\u00edstica. Fue un antrop\u00f3logo y polic\u00eda argentino de origen croata cuando era parte del&nbsp;<strong>Imperio de Austria<\/strong>.&nbsp;<strong>Vucetich&nbsp;<\/strong>desarroll\u00f3 y puso por primera vez en pr\u00e1ctica un&nbsp;sistema eficaz para la identificaci\u00f3n de personas por sus huellas dactilares.<\/p>\n\n\n\n<p>En 1888 ingres\u00f3 en la&nbsp;<strong>Polic\u00eda de la Provincia de Buenos Aires<\/strong>, en la ciudad de&nbsp;<strong>La Plata<\/strong>. El antrop\u00f3logo comenz\u00f3 a&nbsp;registrar las huellas dactilares de presos en fichas policiales y dise\u00f1\u00f3 su propio sistema de clasificaci\u00f3n, que redujo a cuatro tipos fundamentales, en funci\u00f3n de la disposici\u00f3n de estas marcas.<\/p>\n\n\n\n<figure class=\"wp-block-image\"><img decoding=\"async\" src=\"https:\/\/media.airedesantafe.com.ar\/p\/d124152497d6a54b91aec3b8ffc336ba\/adjuntos\/268\/imagenes\/003\/653\/0003653091\/1200x0\/smart\/imagepng.png\" alt=\"Juan Vucetich descubri\u00f3 la dactiloscopia: un invento que marc\u00f3 la historia de la criminal\u00edstica. Vucetich desarroll\u00f3 un sistema eficaz para la identificaci\u00f3n de personas por sus huellas dactilares.\" \/><\/figure>\n\n\n\n<p>Juan Vucetich descubri\u00f3 la dactiloscopia: un invento que marc\u00f3 la historia de la criminal\u00edstica. Vucetich desarroll\u00f3 un sistema eficaz para la identificaci\u00f3n de personas por sus huellas dactilares.<\/p>\n\n\n\n<p>Fue un 1 de septiembre que este argentino cre\u00f3 el m\u00e9todo para individualizar a las personas&nbsp;mediante las impresiones dactilares. En base a este m\u00e9todo la polic\u00eda de&nbsp;<strong>Buenos Aires<\/strong>&nbsp;pudo identificar a comienzos de siglo a una asesina llamada&nbsp;<strong>Francisca Rojas<\/strong>, oriunda de&nbsp;<strong>Necochea<\/strong>, quien hab\u00eda matado a sus tres hijos y culpado a su vecino. Ella hab\u00eda dejado una huella de su pulgar en la escena, que solo pod\u00eda pertenecer al asesino, evidencia que la delat\u00f3 y consagr\u00f3 a la dactiloscopia como m\u00e9todo&nbsp;<\/p>\n\n\n\n<p>El 1 de septiembre de 1891, se puso en pr\u00e1ctica, por primera vez en el mundo, el sistema de&nbsp;<strong>Vucetich<\/strong>, mediante la utilizaci\u00f3n de su ficha decadactilar; donde se tomaron las impresiones digitales de los diez dedos a 23 procesados por diferentes delitos; dicha documentaci\u00f3n \u2013previa clasificaci\u00f3n- archiv\u00f3 en armarios \u2013tipo casilleros- que se habilitaron por su propia iniciativa.<\/p>\n\n\n\n<h2 class=\"wp-block-heading\">\u00bfQu\u00e9 hace un Criminalista?<\/h2>\n\n\n\n<p>Quienes estudian&nbsp;<strong>Ciencias Criminal\u00edsticas<\/strong>&nbsp;demuestran de forma t\u00e9cnica y cient\u00edfica su actitud positiva para adquirir constantemente conocimientos cient\u00edficos y tecnol\u00f3gicos con lo que eso conlleva en este mundo de hoy que se actualiza a cada segundo. A su vez no debe olvidar el an\u00e1lisis&nbsp;objetivo de la realidad con mucho peso en lo \u00e9tico&nbsp;con el respeto por la dignidad humana y fidelidad a la verdad.<\/p>\n\n\n\n<figure class=\"wp-block-image\"><img decoding=\"async\" src=\"https:\/\/media.airedesantafe.com.ar\/p\/314d054306e9d196de66c9b2892bc290\/adjuntos\/268\/imagenes\/003\/653\/0003653089\/1200x0\/smart\/imagepng.png\" alt=\"Rn lo accidentol\u00f3gico una huella de frenada o una evidencia bien recolectada dar\u00e1 el punto exacto donde colisionaron los rodados.\" \/><\/figure>\n\n\n\n<p>Rn lo accidentol\u00f3gico una huella de frenada o una evidencia bien recolectada dar\u00e1 el punto exacto donde colisionaron los rodados.<\/p>\n\n\n\n<p>La criminal\u00edstica es la ciencia en la que se aplica conocimientos, m\u00e9todos y t\u00e9cnicas de investigaci\u00f3n cient\u00edfica de las ciencias naturales en el&nbsp;examen del material sensible significativo relacionado con un presunto hecho delictivo&nbsp;con el fin de determinar, su existencia cierta, reconstruirlo o se\u00f1alar y precisar la intervenci\u00f3n de uno o varios sujetos en el mismo. Se sirve de los conocimientos cient\u00edficos para reconstruir los hechos.&nbsp;<\/p>\n\n\n\n<p>Cada vez que sucede un siniestro vial, un crimen o fraude documentol\u00f3gico es donde el perito debe actuar,&nbsp;encontrar las evidencias en el lugar del hecho&nbsp;para que ellos sean testigos que permanecieron mudos pero que van a darnos una mano en encontrar la verdad de lo sucedido y as\u00ed brindar una justicia veraz pronta.&nbsp;<\/p>\n\n\n\n<p>Es as\u00ed como en lo&nbsp;<strong>accidentol\u00f3gico&nbsp;<\/strong>una huella de frenada o una evidencia bien recolectada dar\u00e1 el punto exacto donde colisionaron, cu\u00e1l fue el movimiento pre y post impacto de los rodados. Si el conductor de la moto llevaba casco o si los ocupantes de los veh\u00edculos usaban cintur\u00f3n de seguridad.<\/p>\n\n\n\n<p>Esta profesi\u00f3n permite comprobar con evidencias cu\u00e1ndo una persona muri\u00f3 y poder demostrar al juez o a los propios allegados de la v\u00edctima, quien, c\u00f3mo y de qu\u00e9 manera caus\u00f3 dicha muerte.<\/p>\n\n\n\n<p>En lo&nbsp;<strong>documentol\u00f3gico<\/strong>, el an\u00e1lisis minucioso de un papel, firma, billete, cheque o escrito permitir\u00e1 afirmar si estamos o no frente a un fraude o intento de ello. Examinar para la identificaci\u00f3n de individuos y elementos escritores, sistemas de impresi\u00f3n y soportes de todo tipo.&nbsp;<\/p>\n\n\n\n<p>Y quiz\u00e1 el punto m\u00e1s fuerte, esta profesi\u00f3n permite&nbsp;comprobar con evidencias cuando una persona muri\u00f3 y poder demostrar al juez o a los propios allegados de la v\u00edctima, quien, c\u00f3mo y de qu\u00e9 manera, realizando las pericias relativas a la identificaci\u00f3n y filiaci\u00f3n humanas, levantamiento de huellas\/rastros y pericias sobre los mismos. Como as\u00ed tambi\u00e9n hechos producidos con armas de fuego, armas blancas, at\u00edpicas y no convencionales.<\/p>\n","protected":false},"excerpt":{"rendered":"<p>Cada 1\u00b0 de septiembre se celebra el D\u00eda de la Criminal\u00edstica en honor a Juan Vucetich, un croata nacionalizado argentino que hizo un descubrimiento fundamental para la historia de la criminal\u00edstica. D\u00eda de la criminal\u00edstica: \u00bfpor qu\u00e9 se celebra el 1 de septiembre? Juan Vucetich&nbsp;descubri\u00f3 la dactiloscopia: un invento que marc\u00f3 la historia&nbsp;de la criminal\u00edstica.&hellip;<\/p>\n","protected":false},"author":24,"featured_media":9012,"comment_status":"closed","ping_status":"open","sticky":false,"template":"","format":"standard","meta":{"_jetpack_memberships_contains_paid_content":false,"footnotes":"","jetpack_publicize_message":"","jetpack_publicize_feature_enabled":true,"jetpack_social_post_already_shared":false,"jetpack_social_options":{"image_generator_settings":{"template":"highway","default_image_id":0,"font":"","enabled":false},"version":2}},"categories":[12,14],"tags":[],"class_list":["post-9010","post","type-post","status-publish","format-standard","has-post-thumbnail","hentry","category-noticias","category-un-dia-como-hoy"],"yoast_head":"<!-- This site is optimized with the Yoast SEO plugin v26.3 - https:\/\/yoast.com\/wordpress\/plugins\/seo\/ -->\r\n<title>1 de Septiembre: D\u00eda Mundial de la&nbsp;Criminal\u00edstica - Difusi\u00f3n Cultural<\/title>\r\n<meta name=\"robots\" content=\"index, follow, max-snippet:-1, max-image-preview:large, max-video-preview:-1\" \/>\r\n<link rel=\"canonical\" href=\"https:\/\/blogs.uninter.edu.mx\/difusioncultural\/?p=9010\" \/>\r\n<meta property=\"og:locale\" content=\"es_MX\" \/>\r\n<meta property=\"og:type\" content=\"article\" \/>\r\n<meta property=\"og:title\" content=\"1 de Septiembre: D\u00eda Mundial de la&nbsp;Criminal\u00edstica - Difusi\u00f3n Cultural\" \/>\r\n<meta property=\"og:description\" content=\"Cada 1\u00b0 de septiembre se celebra el D\u00eda de la Criminal\u00edstica en honor a Juan Vucetich, un croata nacionalizado argentino que hizo un descubrimiento fundamental para la historia de la criminal\u00edstica. D\u00eda de la criminal\u00edstica: \u00bfpor qu\u00e9 se celebra el 1 de septiembre? Juan Vucetich&nbsp;descubri\u00f3 la dactiloscopia: un invento que marc\u00f3 la historia&nbsp;de la criminal\u00edstica.&hellip;\" \/>\r\n<meta property=\"og:url\" content=\"https:\/\/blogs.uninter.edu.mx\/difusioncultural\/?p=9010\" \/>\r\n<meta property=\"og:site_name\" content=\"Difusi\u00f3n Cultural\" \/>\r\n<meta property=\"article:published_time\" content=\"2022-09-01T14:47:29+00:00\" \/>\r\n<meta property=\"og:image\" content=\"https:\/\/blogs.uninter.edu.mx\/difusioncultural\/wp-content\/uploads\/2022\/09\/criminalistica.jpg\" \/>\r\n\t<meta property=\"og:image:width\" content=\"1200\" \/>\r\n\t<meta property=\"og:image:height\" content=\"675\" \/>\r\n\t<meta property=\"og:image:type\" content=\"image\/jpeg\" \/>\r\n<meta name=\"author\" content=\"Aslhey Alejandra Gonz\u00e1lez Castro\" \/>\r\n<meta name=\"twitter:card\" content=\"summary_large_image\" \/>\r\n<meta name=\"twitter:label1\" content=\"Escrito por\" \/>\n\t<meta name=\"twitter:data1\" content=\"Aslhey Alejandra Gonz\u00e1lez Castro\" \/>\n\t<meta name=\"twitter:label2\" content=\"Tiempo de lectura\" \/>\n\t<meta name=\"twitter:data2\" content=\"4 minutos\" \/>\r\n<script type=\"application\/ld+json\" class=\"yoast-schema-graph\">{\"@context\":\"https:\/\/schema.org\",\"@graph\":[{\"@type\":\"Article\",\"@id\":\"https:\/\/blogs.uninter.edu.mx\/difusioncultural\/?p=9010#article\",\"isPartOf\":{\"@id\":\"https:\/\/blogs.uninter.edu.mx\/difusioncultural\/?p=9010\"},\"author\":{\"name\":\"Aslhey Alejandra Gonz\u00e1lez Castro\",\"@id\":\"https:\/\/blogs.uninter.edu.mx\/difusioncultural\/#\/schema\/person\/c710e37686022500827405824a08a18c\"},\"headline\":\"1 de Septiembre: D\u00eda Mundial de la&nbsp;Criminal\u00edstica\",\"datePublished\":\"2022-09-01T14:47:29+00:00\",\"mainEntityOfPage\":{\"@id\":\"https:\/\/blogs.uninter.edu.mx\/difusioncultural\/?p=9010\"},\"wordCount\":825,\"publisher\":{\"@id\":\"https:\/\/blogs.uninter.edu.mx\/difusioncultural\/#organization\"},\"image\":{\"@id\":\"https:\/\/blogs.uninter.edu.mx\/difusioncultural\/?p=9010#primaryimage\"},\"thumbnailUrl\":\"https:\/\/blogs.uninter.edu.mx\/difusioncultural\/wp-content\/uploads\/2022\/09\/criminalistica.jpg\",\"articleSection\":[\"noticias\",\"un dia como hoy\"],\"inLanguage\":\"es\"},{\"@type\":\"WebPage\",\"@id\":\"https:\/\/blogs.uninter.edu.mx\/difusioncultural\/?p=9010\",\"url\":\"https:\/\/blogs.uninter.edu.mx\/difusioncultural\/?p=9010\",\"name\":\"1 de Septiembre: D\u00eda Mundial de la&nbsp;Criminal\u00edstica - Difusi\u00f3n Cultural\",\"isPartOf\":{\"@id\":\"https:\/\/blogs.uninter.edu.mx\/difusioncultural\/#website\"},\"primaryImageOfPage\":{\"@id\":\"https:\/\/blogs.uninter.edu.mx\/difusioncultural\/?p=9010#primaryimage\"},\"image\":{\"@id\":\"https:\/\/blogs.uninter.edu.mx\/difusioncultural\/?p=9010#primaryimage\"},\"thumbnailUrl\":\"https:\/\/blogs.uninter.edu.mx\/difusioncultural\/wp-content\/uploads\/2022\/09\/criminalistica.jpg\",\"datePublished\":\"2022-09-01T14:47:29+00:00\",\"breadcrumb\":{\"@id\":\"https:\/\/blogs.uninter.edu.mx\/difusioncultural\/?p=9010#breadcrumb\"},\"inLanguage\":\"es\",\"potentialAction\":[{\"@type\":\"ReadAction\",\"target\":[\"https:\/\/blogs.uninter.edu.mx\/difusioncultural\/?p=9010\"]}]},{\"@type\":\"ImageObject\",\"inLanguage\":\"es\",\"@id\":\"https:\/\/blogs.uninter.edu.mx\/difusioncultural\/?p=9010#primaryimage\",\"url\":\"https:\/\/blogs.uninter.edu.mx\/difusioncultural\/wp-content\/uploads\/2022\/09\/criminalistica.jpg\",\"contentUrl\":\"https:\/\/blogs.uninter.edu.mx\/difusioncultural\/wp-content\/uploads\/2022\/09\/criminalistica.jpg\",\"width\":1200,\"height\":675},{\"@type\":\"BreadcrumbList\",\"@id\":\"https:\/\/blogs.uninter.edu.mx\/difusioncultural\/?p=9010#breadcrumb\",\"itemListElement\":[{\"@type\":\"ListItem\",\"position\":1,\"name\":\"Inicio\",\"item\":\"https:\/\/blogs.uninter.edu.mx\/difusioncultural\/\"},{\"@type\":\"ListItem\",\"position\":2,\"name\":\"1 de Septiembre: D\u00eda Mundial de la&nbsp;Criminal\u00edstica\"}]},{\"@type\":\"WebSite\",\"@id\":\"https:\/\/blogs.uninter.edu.mx\/difusioncultural\/#website\",\"url\":\"https:\/\/blogs.uninter.edu.mx\/difusioncultural\/\",\"name\":\"Difusi\u00f3n Cultural\",\"description\":\"UNINTER\",\"publisher\":{\"@id\":\"https:\/\/blogs.uninter.edu.mx\/difusioncultural\/#organization\"},\"potentialAction\":[{\"@type\":\"SearchAction\",\"target\":{\"@type\":\"EntryPoint\",\"urlTemplate\":\"https:\/\/blogs.uninter.edu.mx\/difusioncultural\/?s={search_term_string}\"},\"query-input\":{\"@type\":\"PropertyValueSpecification\",\"valueRequired\":true,\"valueName\":\"search_term_string\"}}],\"inLanguage\":\"es\"},{\"@type\":\"Organization\",\"@id\":\"https:\/\/blogs.uninter.edu.mx\/difusioncultural\/#organization\",\"name\":\"Difusi\u00f3n Cultural\",\"url\":\"https:\/\/blogs.uninter.edu.mx\/difusioncultural\/\",\"logo\":{\"@type\":\"ImageObject\",\"inLanguage\":\"es\",\"@id\":\"https:\/\/blogs.uninter.edu.mx\/difusioncultural\/#\/schema\/logo\/image\/\",\"url\":\"https:\/\/blogs.uninter.edu.mx\/difusioncultural\/wp-content\/uploads\/2022\/09\/uninter.jpg\",\"contentUrl\":\"https:\/\/blogs.uninter.edu.mx\/difusioncultural\/wp-content\/uploads\/2022\/09\/uninter.jpg\",\"width\":2048,\"height\":2048,\"caption\":\"Difusi\u00f3n Cultural\"},\"image\":{\"@id\":\"https:\/\/blogs.uninter.edu.mx\/difusioncultural\/#\/schema\/logo\/image\/\"}},{\"@type\":\"Person\",\"@id\":\"https:\/\/blogs.uninter.edu.mx\/difusioncultural\/#\/schema\/person\/c710e37686022500827405824a08a18c\",\"name\":\"Aslhey Alejandra Gonz\u00e1lez Castro\",\"image\":{\"@type\":\"ImageObject\",\"inLanguage\":\"es\",\"@id\":\"https:\/\/blogs.uninter.edu.mx\/difusioncultural\/#\/schema\/person\/image\/\",\"url\":\"https:\/\/secure.gravatar.com\/avatar\/1905d6ed47b47ccbfb53e4b64f72f2017309e25d96ef418088d4f998ecf6552e?s=96&d=mm&r=g\",\"contentUrl\":\"https:\/\/secure.gravatar.com\/avatar\/1905d6ed47b47ccbfb53e4b64f72f2017309e25d96ef418088d4f998ecf6552e?s=96&d=mm&r=g\",\"caption\":\"Aslhey Alejandra Gonz\u00e1lez Castro\"},\"url\":\"https:\/\/blogs.uninter.edu.mx\/difusioncultural\/?author=24\"}]}<\/script>\r\n<!-- \/ Yoast SEO plugin. -->","yoast_head_json":{"title":"1 de Septiembre: D\u00eda Mundial de la&nbsp;Criminal\u00edstica - Difusi\u00f3n Cultural","robots":{"index":"index","follow":"follow","max-snippet":"max-snippet:-1","max-image-preview":"max-image-preview:large","max-video-preview":"max-video-preview:-1"},"canonical":"https:\/\/blogs.uninter.edu.mx\/difusioncultural\/?p=9010","og_locale":"es_MX","og_type":"article","og_title":"1 de Septiembre: D\u00eda Mundial de la&nbsp;Criminal\u00edstica - Difusi\u00f3n Cultural","og_description":"Cada 1\u00b0 de septiembre se celebra el D\u00eda de la Criminal\u00edstica en honor a Juan Vucetich, un croata nacionalizado argentino que hizo un descubrimiento fundamental para la historia de la criminal\u00edstica. D\u00eda de la criminal\u00edstica: \u00bfpor qu\u00e9 se celebra el 1 de septiembre? Juan Vucetich&nbsp;descubri\u00f3 la dactiloscopia: un invento que marc\u00f3 la historia&nbsp;de la criminal\u00edstica.&hellip;","og_url":"https:\/\/blogs.uninter.edu.mx\/difusioncultural\/?p=9010","og_site_name":"Difusi\u00f3n Cultural","article_published_time":"2022-09-01T14:47:29+00:00","og_image":[{"width":1200,"height":675,"url":"https:\/\/blogs.uninter.edu.mx\/difusioncultural\/wp-content\/uploads\/2022\/09\/criminalistica.jpg","type":"image\/jpeg"}],"author":"Aslhey Alejandra Gonz\u00e1lez Castro","twitter_card":"summary_large_image","twitter_misc":{"Escrito por":"Aslhey Alejandra Gonz\u00e1lez Castro","Tiempo de lectura":"4 minutos"},"schema":{"@context":"https:\/\/schema.org","@graph":[{"@type":"Article","@id":"https:\/\/blogs.uninter.edu.mx\/difusioncultural\/?p=9010#article","isPartOf":{"@id":"https:\/\/blogs.uninter.edu.mx\/difusioncultural\/?p=9010"},"author":{"name":"Aslhey Alejandra Gonz\u00e1lez Castro","@id":"https:\/\/blogs.uninter.edu.mx\/difusioncultural\/#\/schema\/person\/c710e37686022500827405824a08a18c"},"headline":"1 de Septiembre: D\u00eda Mundial de la&nbsp;Criminal\u00edstica","datePublished":"2022-09-01T14:47:29+00:00","mainEntityOfPage":{"@id":"https:\/\/blogs.uninter.edu.mx\/difusioncultural\/?p=9010"},"wordCount":825,"publisher":{"@id":"https:\/\/blogs.uninter.edu.mx\/difusioncultural\/#organization"},"image":{"@id":"https:\/\/blogs.uninter.edu.mx\/difusioncultural\/?p=9010#primaryimage"},"thumbnailUrl":"https:\/\/blogs.uninter.edu.mx\/difusioncultural\/wp-content\/uploads\/2022\/09\/criminalistica.jpg","articleSection":["noticias","un dia como hoy"],"inLanguage":"es"},{"@type":"WebPage","@id":"https:\/\/blogs.uninter.edu.mx\/difusioncultural\/?p=9010","url":"https:\/\/blogs.uninter.edu.mx\/difusioncultural\/?p=9010","name":"1 de Septiembre: D\u00eda Mundial de la&nbsp;Criminal\u00edstica - Difusi\u00f3n Cultural","isPartOf":{"@id":"https:\/\/blogs.uninter.edu.mx\/difusioncultural\/#website"},"primaryImageOfPage":{"@id":"https:\/\/blogs.uninter.edu.mx\/difusioncultural\/?p=9010#primaryimage"},"image":{"@id":"https:\/\/blogs.uninter.edu.mx\/difusioncultural\/?p=9010#primaryimage"},"thumbnailUrl":"https:\/\/blogs.uninter.edu.mx\/difusioncultural\/wp-content\/uploads\/2022\/09\/criminalistica.jpg","datePublished":"2022-09-01T14:47:29+00:00","breadcrumb":{"@id":"https:\/\/blogs.uninter.edu.mx\/difusioncultural\/?p=9010#breadcrumb"},"inLanguage":"es","potentialAction":[{"@type":"ReadAction","target":["https:\/\/blogs.uninter.edu.mx\/difusioncultural\/?p=9010"]}]},{"@type":"ImageObject","inLanguage":"es","@id":"https:\/\/blogs.uninter.edu.mx\/difusioncultural\/?p=9010#primaryimage","url":"https:\/\/blogs.uninter.edu.mx\/difusioncultural\/wp-content\/uploads\/2022\/09\/criminalistica.jpg","contentUrl":"https:\/\/blogs.uninter.edu.mx\/difusioncultural\/wp-content\/uploads\/2022\/09\/criminalistica.jpg","width":1200,"height":675},{"@type":"BreadcrumbList","@id":"https:\/\/blogs.uninter.edu.mx\/difusioncultural\/?p=9010#breadcrumb","itemListElement":[{"@type":"ListItem","position":1,"name":"Inicio","item":"https:\/\/blogs.uninter.edu.mx\/difusioncultural\/"},{"@type":"ListItem","position":2,"name":"1 de Septiembre: D\u00eda Mundial de la&nbsp;Criminal\u00edstica"}]},{"@type":"WebSite","@id":"https:\/\/blogs.uninter.edu.mx\/difusioncultural\/#website","url":"https:\/\/blogs.uninter.edu.mx\/difusioncultural\/","name":"Difusi\u00f3n Cultural","description":"UNINTER","publisher":{"@id":"https:\/\/blogs.uninter.edu.mx\/difusioncultural\/#organization"},"potentialAction":[{"@type":"SearchAction","target":{"@type":"EntryPoint","urlTemplate":"https:\/\/blogs.uninter.edu.mx\/difusioncultural\/?s={search_term_string}"},"query-input":{"@type":"PropertyValueSpecification","valueRequired":true,"valueName":"search_term_string"}}],"inLanguage":"es"},{"@type":"Organization","@id":"https:\/\/blogs.uninter.edu.mx\/difusioncultural\/#organization","name":"Difusi\u00f3n Cultural","url":"https:\/\/blogs.uninter.edu.mx\/difusioncultural\/","logo":{"@type":"ImageObject","inLanguage":"es","@id":"https:\/\/blogs.uninter.edu.mx\/difusioncultural\/#\/schema\/logo\/image\/","url":"https:\/\/blogs.uninter.edu.mx\/difusioncultural\/wp-content\/uploads\/2022\/09\/uninter.jpg","contentUrl":"https:\/\/blogs.uninter.edu.mx\/difusioncultural\/wp-content\/uploads\/2022\/09\/uninter.jpg","width":2048,"height":2048,"caption":"Difusi\u00f3n Cultural"},"image":{"@id":"https:\/\/blogs.uninter.edu.mx\/difusioncultural\/#\/schema\/logo\/image\/"}},{"@type":"Person","@id":"https:\/\/blogs.uninter.edu.mx\/difusioncultural\/#\/schema\/person\/c710e37686022500827405824a08a18c","name":"Aslhey Alejandra Gonz\u00e1lez Castro","image":{"@type":"ImageObject","inLanguage":"es","@id":"https:\/\/blogs.uninter.edu.mx\/difusioncultural\/#\/schema\/person\/image\/","url":"https:\/\/secure.gravatar.com\/avatar\/1905d6ed47b47ccbfb53e4b64f72f2017309e25d96ef418088d4f998ecf6552e?s=96&d=mm&r=g","contentUrl":"https:\/\/secure.gravatar.com\/avatar\/1905d6ed47b47ccbfb53e4b64f72f2017309e25d96ef418088d4f998ecf6552e?s=96&d=mm&r=g","caption":"Aslhey Alejandra Gonz\u00e1lez Castro"},"url":"https:\/\/blogs.uninter.edu.mx\/difusioncultural\/?author=24"}]}},"jetpack_publicize_connections":[],"jetpack_featured_media_url":"https:\/\/blogs.uninter.edu.mx\/difusioncultural\/wp-content\/uploads\/2022\/09\/criminalistica.jpg","jetpack_sharing_enabled":true,"_links":{"self":[{"href":"https:\/\/blogs.uninter.edu.mx\/difusioncultural\/index.php?rest_route=\/wp\/v2\/posts\/9010","targetHints":{"allow":["GET"]}}],"collection":[{"href":"https:\/\/blogs.uninter.edu.mx\/difusioncultural\/index.php?rest_route=\/wp\/v2\/posts"}],"about":[{"href":"https:\/\/blogs.uninter.edu.mx\/difusioncultural\/index.php?rest_route=\/wp\/v2\/types\/post"}],"author":[{"embeddable":true,"href":"https:\/\/blogs.uninter.edu.mx\/difusioncultural\/index.php?rest_route=\/wp\/v2\/users\/24"}],"replies":[{"embeddable":true,"href":"https:\/\/blogs.uninter.edu.mx\/difusioncultural\/index.php?rest_route=%2Fwp%2Fv2%2Fcomments&post=9010"}],"version-history":[{"count":0,"href":"https:\/\/blogs.uninter.edu.mx\/difusioncultural\/index.php?rest_route=\/wp\/v2\/posts\/9010\/revisions"}],"wp:featuredmedia":[{"embeddable":true,"href":"https:\/\/blogs.uninter.edu.mx\/difusioncultural\/index.php?rest_route=\/wp\/v2\/media\/9012"}],"wp:attachment":[{"href":"https:\/\/blogs.uninter.edu.mx\/difusioncultural\/index.php?rest_route=%2Fwp%2Fv2%2Fmedia&parent=9010"}],"wp:term":[{"taxonomy":"category","embeddable":true,"href":"https:\/\/blogs.uninter.edu.mx\/difusioncultural\/index.php?rest_route=%2Fwp%2Fv2%2Fcategories&post=9010"},{"taxonomy":"post_tag","embeddable":true,"href":"https:\/\/blogs.uninter.edu.mx\/difusioncultural\/index.php?rest_route=%2Fwp%2Fv2%2Ftags&post=9010"}],"curies":[{"name":"wp","href":"https:\/\/api.w.org\/{rel}","templated":true}]}}