{"id":9016,"date":"2022-09-07T09:16:17","date_gmt":"2022-09-07T14:16:17","guid":{"rendered":"https:\/\/difusionculturaluninter.wordpress.com\/?p=9016"},"modified":"2022-09-07T09:16:17","modified_gmt":"2022-09-07T14:16:17","slug":"7-de-septiembre-dia-internacional-del-aire-limpio","status":"publish","type":"post","link":"https:\/\/blogs.uninter.edu.mx\/difusioncultural\/?p=9016","title":{"rendered":"7 de Septiembre: D\u00eda Internacional del Aire Limpio"},"content":{"rendered":"\n<p>Cada a\u00f1o, el 7 de septiembre, el mundo celebra el D\u00eda Internacional del Aire Limpio para cielos azules, que tiene como objetivo crear conciencia y facilitar acciones para mejorar la calidad del aire que nos rodea y del que nosotros y muchas especies dependen.<\/p>\n\n\n\n<figure class=\"wp-block-image\"><a href=\"https:\/\/www.ecoticias.com\/wp-content\/uploads\/2022\/09\/blue-glass-windows-sky-clouds.jpg\"><img decoding=\"async\" src=\"https:\/\/www.ecoticias.com\/wp-content\/uploads\/2022\/09\/blue-glass-windows-sky-clouds-696x464.jpg\" alt=\"D\u00eda Internacional del Aire Limpio por un cielo azul 2022\" title=\"cielo azul\" \/><\/a><\/figure>\n\n\n\n<h2 class=\"wp-block-heading\">Un poco de historia<\/h2>\n\n\n\n<p>D\u00eda Internacional del Aire Limpio por un cielo azul 2022. Es una celebraci\u00f3n instituida por el PNUMA. Su declaraci\u00f3n se decidi\u00f3 en la Asamblea General de las Naciones Unidas de 2019. Y tuvo su origen en el creciente inter\u00e9s de la comunidad internacional en&nbsp;<strong>la necesidad de que haya m\u00e1s aire puro<\/strong>. En esa fecha destaca la necesidad de realizar la m\u00e1xima cantidad de esfuerzos para proteger la salud humana.<\/p>\n\n\n<div class=\"wp-block-image\">\n<figure class=\"alignleft\"><img decoding=\"async\" src=\"https:\/\/www.ecoticias.com\/wp-content\/uploads\/2022\/09\/25-30-years-black-jacket-eyes-closed-old.jpg\" alt=\"D\u00eda Internacional del Aire Limpio por un cielo azul 2022\" class=\"wp-image-333016\" \/><\/figure>\n<\/div>\n\n\n<p>El 7 de septiembre de 2020 el primer D\u00eda Internacional del Aire Limpio por un cielo azul tuvo como tema el \u2018<strong>derecho al aire limpio para todos<\/strong>\u2019. Miles de personas de todo el mundo se unieron a la celebraci\u00f3n. El evento fue inaugurado por el presidente Moon Jae-in de la Rep\u00fablica de Corea, cuyo pa\u00eds lider\u00f3 los esfuerzos globales para crear esta celebraci\u00f3n.<\/p>\n\n\n\n<p>La segunda conmemoraci\u00f3n tuvo lugar en 2021 bajo el lema \u2018<strong>Aire Sano, Planeta Sano<\/strong>\u2019, que enfatiz\u00f3 los aspectos de salud de la contaminaci\u00f3n del aire. El PNUMA y sus socios han anunciado la eliminaci\u00f3n mundial del uso de gasolina con plomo, un logro importante que evitar\u00e1 m\u00e1s de 1,2 millones de muertes prematuras y ahorrar\u00e1 2,45 billones de d\u00f3lares estadounidenses al a\u00f1o.<\/p>\n\n\n\n<h2 class=\"wp-block-heading\">Contaminaci\u00f3n sin fronteras<\/h2>\n\n\n\n<p>El 7 de septiembre de 2022, el tema del 3.\u00ba D\u00eda Internacional del Aire Limpio por un cielo azul, organizado por el PNUMA ser\u00e1 \u2018<strong>El aire que compartimos<\/strong>\u2019. El 99% de la poblaci\u00f3n mundial a d\u00eda de hoy respira&nbsp;<a href=\"https:\/\/www.ecoticias.com\/co2\/131799_aire-toxico-mundo-entero\">aire t\u00f3xico<\/a>. La contaminaci\u00f3n del aire es la mayor amenaza ambiental para la salud humana y causa much\u00edsimos millones de muertes prematuras cada a\u00f1o.<\/p>\n\n\n\n<p>Con este tema se trata de\u00a0<strong>enfatizar la naturaleza transfronteriza de la contaminaci\u00f3n del aire<\/strong>. Al tiempo que promueve el reconocimiento de una responsabilidad colectiva a trav\u00e9s de la cooperaci\u00f3n global, regional y local. Para la contaminaci\u00f3n del aire no existen fronteras y tiene un efecto nefasto sobre la salud. Adem\u00e1s, promueve el empeoramiento del cambio clim\u00e1tico<\/p>\n\n\n\n<p>Este D\u00eda Internacional del Aire Limpio por un cielo azul 2022 se hace un llamado mundial para encontrar nuevas formas de hacer las cosas. La idea es buscar de forma conjunta como&nbsp;<strong>reducir la cantidad de contaminaci\u00f3n del aire que causamos<\/strong>, con el fin de garantizar que todos, en todas partes, puedan disfrutar de su derecho a respirar aire limpio.<\/p>\n\n\n<div class=\"wp-block-image\">\n<figure class=\"alignleft\"><img decoding=\"async\" src=\"https:\/\/www.ecoticias.com\/wp-content\/uploads\/2022\/09\/environmental-protection-respiratory-protection-air-gift.jpg\" alt=\"\" class=\"wp-image-333018\" \/><\/figure>\n<\/div>","protected":false},"excerpt":{"rendered":"<p>Cada a\u00f1o, el 7 de septiembre, el mundo celebra el D\u00eda Internacional del Aire Limpio para cielos azules, que tiene como objetivo crear conciencia y facilitar acciones para mejorar la calidad del aire que nos rodea y del que nosotros y muchas especies dependen. Un poco de historia D\u00eda Internacional del Aire Limpio por un&hellip;<\/p>\n","protected":false},"author":24,"featured_media":9020,"comment_status":"closed","ping_status":"open","sticky":false,"template":"","format":"standard","meta":{"_jetpack_memberships_contains_paid_content":false,"footnotes":"","jetpack_publicize_message":"","jetpack_publicize_feature_enabled":true,"jetpack_social_post_already_shared":false,"jetpack_social_options":{"image_generator_settings":{"template":"highway","default_image_id":0,"font":"","enabled":false},"version":2}},"categories":[12,14],"tags":[],"class_list":["post-9016","post","type-post","status-publish","format-standard","has-post-thumbnail","hentry","category-noticias","category-un-dia-como-hoy"],"yoast_head":"<!-- This site is optimized with the Yoast SEO plugin v26.3 - https:\/\/yoast.com\/wordpress\/plugins\/seo\/ -->\r\n<title>7 de Septiembre: D\u00eda Internacional del Aire Limpio - Difusi\u00f3n Cultural<\/title>\r\n<meta name=\"robots\" content=\"index, follow, max-snippet:-1, max-image-preview:large, max-video-preview:-1\" \/>\r\n<link rel=\"canonical\" href=\"https:\/\/blogs.uninter.edu.mx\/difusioncultural\/?p=9016\" \/>\r\n<meta property=\"og:locale\" content=\"es_MX\" \/>\r\n<meta property=\"og:type\" content=\"article\" \/>\r\n<meta property=\"og:title\" content=\"7 de Septiembre: D\u00eda Internacional del Aire Limpio - Difusi\u00f3n Cultural\" \/>\r\n<meta property=\"og:description\" content=\"Cada a\u00f1o, el 7 de septiembre, el mundo celebra el D\u00eda Internacional del Aire Limpio para cielos azules, que tiene como objetivo crear conciencia y facilitar acciones para mejorar la calidad del aire que nos rodea y del que nosotros y muchas especies dependen. Un poco de historia D\u00eda Internacional del Aire Limpio por un&hellip;\" \/>\r\n<meta property=\"og:url\" content=\"https:\/\/blogs.uninter.edu.mx\/difusioncultural\/?p=9016\" \/>\r\n<meta property=\"og:site_name\" content=\"Difusi\u00f3n Cultural\" \/>\r\n<meta property=\"article:published_time\" content=\"2022-09-07T14:16:17+00:00\" \/>\r\n<meta property=\"og:image\" content=\"https:\/\/blogs.uninter.edu.mx\/difusioncultural\/wp-content\/uploads\/2022\/09\/air.jpg\" \/>\r\n\t<meta property=\"og:image:width\" content=\"696\" \/>\r\n\t<meta property=\"og:image:height\" content=\"464\" \/>\r\n\t<meta property=\"og:image:type\" content=\"image\/jpeg\" \/>\r\n<meta name=\"author\" content=\"Aslhey Alejandra Gonz\u00e1lez Castro\" \/>\r\n<meta name=\"twitter:card\" content=\"summary_large_image\" \/>\r\n<meta name=\"twitter:label1\" content=\"Escrito por\" \/>\n\t<meta name=\"twitter:data1\" content=\"Aslhey Alejandra Gonz\u00e1lez Castro\" \/>\n\t<meta name=\"twitter:label2\" content=\"Tiempo de lectura\" \/>\n\t<meta name=\"twitter:data2\" content=\"2 minutos\" \/>\r\n<script type=\"application\/ld+json\" class=\"yoast-schema-graph\">{\"@context\":\"https:\/\/schema.org\",\"@graph\":[{\"@type\":\"Article\",\"@id\":\"https:\/\/blogs.uninter.edu.mx\/difusioncultural\/?p=9016#article\",\"isPartOf\":{\"@id\":\"https:\/\/blogs.uninter.edu.mx\/difusioncultural\/?p=9016\"},\"author\":{\"name\":\"Aslhey Alejandra Gonz\u00e1lez Castro\",\"@id\":\"https:\/\/blogs.uninter.edu.mx\/difusioncultural\/#\/schema\/person\/c710e37686022500827405824a08a18c\"},\"headline\":\"7 de Septiembre: D\u00eda Internacional del Aire Limpio\",\"datePublished\":\"2022-09-07T14:16:17+00:00\",\"mainEntityOfPage\":{\"@id\":\"https:\/\/blogs.uninter.edu.mx\/difusioncultural\/?p=9016\"},\"wordCount\":459,\"publisher\":{\"@id\":\"https:\/\/blogs.uninter.edu.mx\/difusioncultural\/#organization\"},\"image\":{\"@id\":\"https:\/\/blogs.uninter.edu.mx\/difusioncultural\/?p=9016#primaryimage\"},\"thumbnailUrl\":\"https:\/\/blogs.uninter.edu.mx\/difusioncultural\/wp-content\/uploads\/2022\/09\/air.jpg\",\"articleSection\":[\"noticias\",\"un dia como hoy\"],\"inLanguage\":\"es\"},{\"@type\":\"WebPage\",\"@id\":\"https:\/\/blogs.uninter.edu.mx\/difusioncultural\/?p=9016\",\"url\":\"https:\/\/blogs.uninter.edu.mx\/difusioncultural\/?p=9016\",\"name\":\"7 de Septiembre: D\u00eda Internacional del Aire Limpio - Difusi\u00f3n Cultural\",\"isPartOf\":{\"@id\":\"https:\/\/blogs.uninter.edu.mx\/difusioncultural\/#website\"},\"primaryImageOfPage\":{\"@id\":\"https:\/\/blogs.uninter.edu.mx\/difusioncultural\/?p=9016#primaryimage\"},\"image\":{\"@id\":\"https:\/\/blogs.uninter.edu.mx\/difusioncultural\/?p=9016#primaryimage\"},\"thumbnailUrl\":\"https:\/\/blogs.uninter.edu.mx\/difusioncultural\/wp-content\/uploads\/2022\/09\/air.jpg\",\"datePublished\":\"2022-09-07T14:16:17+00:00\",\"breadcrumb\":{\"@id\":\"https:\/\/blogs.uninter.edu.mx\/difusioncultural\/?p=9016#breadcrumb\"},\"inLanguage\":\"es\",\"potentialAction\":[{\"@type\":\"ReadAction\",\"target\":[\"https:\/\/blogs.uninter.edu.mx\/difusioncultural\/?p=9016\"]}]},{\"@type\":\"ImageObject\",\"inLanguage\":\"es\",\"@id\":\"https:\/\/blogs.uninter.edu.mx\/difusioncultural\/?p=9016#primaryimage\",\"url\":\"https:\/\/blogs.uninter.edu.mx\/difusioncultural\/wp-content\/uploads\/2022\/09\/air.jpg\",\"contentUrl\":\"https:\/\/blogs.uninter.edu.mx\/difusioncultural\/wp-content\/uploads\/2022\/09\/air.jpg\",\"width\":696,\"height\":464},{\"@type\":\"BreadcrumbList\",\"@id\":\"https:\/\/blogs.uninter.edu.mx\/difusioncultural\/?p=9016#breadcrumb\",\"itemListElement\":[{\"@type\":\"ListItem\",\"position\":1,\"name\":\"Inicio\",\"item\":\"https:\/\/blogs.uninter.edu.mx\/difusioncultural\/\"},{\"@type\":\"ListItem\",\"position\":2,\"name\":\"7 de Septiembre: D\u00eda Internacional del Aire Limpio\"}]},{\"@type\":\"WebSite\",\"@id\":\"https:\/\/blogs.uninter.edu.mx\/difusioncultural\/#website\",\"url\":\"https:\/\/blogs.uninter.edu.mx\/difusioncultural\/\",\"name\":\"Difusi\u00f3n Cultural\",\"description\":\"UNINTER\",\"publisher\":{\"@id\":\"https:\/\/blogs.uninter.edu.mx\/difusioncultural\/#organization\"},\"potentialAction\":[{\"@type\":\"SearchAction\",\"target\":{\"@type\":\"EntryPoint\",\"urlTemplate\":\"https:\/\/blogs.uninter.edu.mx\/difusioncultural\/?s={search_term_string}\"},\"query-input\":{\"@type\":\"PropertyValueSpecification\",\"valueRequired\":true,\"valueName\":\"search_term_string\"}}],\"inLanguage\":\"es\"},{\"@type\":\"Organization\",\"@id\":\"https:\/\/blogs.uninter.edu.mx\/difusioncultural\/#organization\",\"name\":\"Difusi\u00f3n Cultural\",\"url\":\"https:\/\/blogs.uninter.edu.mx\/difusioncultural\/\",\"logo\":{\"@type\":\"ImageObject\",\"inLanguage\":\"es\",\"@id\":\"https:\/\/blogs.uninter.edu.mx\/difusioncultural\/#\/schema\/logo\/image\/\",\"url\":\"https:\/\/blogs.uninter.edu.mx\/difusioncultural\/wp-content\/uploads\/2022\/09\/uninter.jpg\",\"contentUrl\":\"https:\/\/blogs.uninter.edu.mx\/difusioncultural\/wp-content\/uploads\/2022\/09\/uninter.jpg\",\"width\":2048,\"height\":2048,\"caption\":\"Difusi\u00f3n Cultural\"},\"image\":{\"@id\":\"https:\/\/blogs.uninter.edu.mx\/difusioncultural\/#\/schema\/logo\/image\/\"}},{\"@type\":\"Person\",\"@id\":\"https:\/\/blogs.uninter.edu.mx\/difusioncultural\/#\/schema\/person\/c710e37686022500827405824a08a18c\",\"name\":\"Aslhey Alejandra Gonz\u00e1lez Castro\",\"image\":{\"@type\":\"ImageObject\",\"inLanguage\":\"es\",\"@id\":\"https:\/\/blogs.uninter.edu.mx\/difusioncultural\/#\/schema\/person\/image\/\",\"url\":\"https:\/\/secure.gravatar.com\/avatar\/1905d6ed47b47ccbfb53e4b64f72f2017309e25d96ef418088d4f998ecf6552e?s=96&d=mm&r=g\",\"contentUrl\":\"https:\/\/secure.gravatar.com\/avatar\/1905d6ed47b47ccbfb53e4b64f72f2017309e25d96ef418088d4f998ecf6552e?s=96&d=mm&r=g\",\"caption\":\"Aslhey Alejandra Gonz\u00e1lez Castro\"},\"url\":\"https:\/\/blogs.uninter.edu.mx\/difusioncultural\/?author=24\"}]}<\/script>\r\n<!-- \/ Yoast SEO plugin. -->","yoast_head_json":{"title":"7 de Septiembre: D\u00eda Internacional del Aire Limpio - Difusi\u00f3n Cultural","robots":{"index":"index","follow":"follow","max-snippet":"max-snippet:-1","max-image-preview":"max-image-preview:large","max-video-preview":"max-video-preview:-1"},"canonical":"https:\/\/blogs.uninter.edu.mx\/difusioncultural\/?p=9016","og_locale":"es_MX","og_type":"article","og_title":"7 de Septiembre: D\u00eda Internacional del Aire Limpio - Difusi\u00f3n Cultural","og_description":"Cada a\u00f1o, el 7 de septiembre, el mundo celebra el D\u00eda Internacional del Aire Limpio para cielos azules, que tiene como objetivo crear conciencia y facilitar acciones para mejorar la calidad del aire que nos rodea y del que nosotros y muchas especies dependen. Un poco de historia D\u00eda Internacional del Aire Limpio por un&hellip;","og_url":"https:\/\/blogs.uninter.edu.mx\/difusioncultural\/?p=9016","og_site_name":"Difusi\u00f3n Cultural","article_published_time":"2022-09-07T14:16:17+00:00","og_image":[{"width":696,"height":464,"url":"https:\/\/blogs.uninter.edu.mx\/difusioncultural\/wp-content\/uploads\/2022\/09\/air.jpg","type":"image\/jpeg"}],"author":"Aslhey Alejandra Gonz\u00e1lez Castro","twitter_card":"summary_large_image","twitter_misc":{"Escrito por":"Aslhey Alejandra Gonz\u00e1lez Castro","Tiempo de lectura":"2 minutos"},"schema":{"@context":"https:\/\/schema.org","@graph":[{"@type":"Article","@id":"https:\/\/blogs.uninter.edu.mx\/difusioncultural\/?p=9016#article","isPartOf":{"@id":"https:\/\/blogs.uninter.edu.mx\/difusioncultural\/?p=9016"},"author":{"name":"Aslhey Alejandra Gonz\u00e1lez Castro","@id":"https:\/\/blogs.uninter.edu.mx\/difusioncultural\/#\/schema\/person\/c710e37686022500827405824a08a18c"},"headline":"7 de Septiembre: D\u00eda Internacional del Aire Limpio","datePublished":"2022-09-07T14:16:17+00:00","mainEntityOfPage":{"@id":"https:\/\/blogs.uninter.edu.mx\/difusioncultural\/?p=9016"},"wordCount":459,"publisher":{"@id":"https:\/\/blogs.uninter.edu.mx\/difusioncultural\/#organization"},"image":{"@id":"https:\/\/blogs.uninter.edu.mx\/difusioncultural\/?p=9016#primaryimage"},"thumbnailUrl":"https:\/\/blogs.uninter.edu.mx\/difusioncultural\/wp-content\/uploads\/2022\/09\/air.jpg","articleSection":["noticias","un dia como hoy"],"inLanguage":"es"},{"@type":"WebPage","@id":"https:\/\/blogs.uninter.edu.mx\/difusioncultural\/?p=9016","url":"https:\/\/blogs.uninter.edu.mx\/difusioncultural\/?p=9016","name":"7 de Septiembre: D\u00eda Internacional del Aire Limpio - Difusi\u00f3n Cultural","isPartOf":{"@id":"https:\/\/blogs.uninter.edu.mx\/difusioncultural\/#website"},"primaryImageOfPage":{"@id":"https:\/\/blogs.uninter.edu.mx\/difusioncultural\/?p=9016#primaryimage"},"image":{"@id":"https:\/\/blogs.uninter.edu.mx\/difusioncultural\/?p=9016#primaryimage"},"thumbnailUrl":"https:\/\/blogs.uninter.edu.mx\/difusioncultural\/wp-content\/uploads\/2022\/09\/air.jpg","datePublished":"2022-09-07T14:16:17+00:00","breadcrumb":{"@id":"https:\/\/blogs.uninter.edu.mx\/difusioncultural\/?p=9016#breadcrumb"},"inLanguage":"es","potentialAction":[{"@type":"ReadAction","target":["https:\/\/blogs.uninter.edu.mx\/difusioncultural\/?p=9016"]}]},{"@type":"ImageObject","inLanguage":"es","@id":"https:\/\/blogs.uninter.edu.mx\/difusioncultural\/?p=9016#primaryimage","url":"https:\/\/blogs.uninter.edu.mx\/difusioncultural\/wp-content\/uploads\/2022\/09\/air.jpg","contentUrl":"https:\/\/blogs.uninter.edu.mx\/difusioncultural\/wp-content\/uploads\/2022\/09\/air.jpg","width":696,"height":464},{"@type":"BreadcrumbList","@id":"https:\/\/blogs.uninter.edu.mx\/difusioncultural\/?p=9016#breadcrumb","itemListElement":[{"@type":"ListItem","position":1,"name":"Inicio","item":"https:\/\/blogs.uninter.edu.mx\/difusioncultural\/"},{"@type":"ListItem","position":2,"name":"7 de Septiembre: D\u00eda Internacional del Aire Limpio"}]},{"@type":"WebSite","@id":"https:\/\/blogs.uninter.edu.mx\/difusioncultural\/#website","url":"https:\/\/blogs.uninter.edu.mx\/difusioncultural\/","name":"Difusi\u00f3n Cultural","description":"UNINTER","publisher":{"@id":"https:\/\/blogs.uninter.edu.mx\/difusioncultural\/#organization"},"potentialAction":[{"@type":"SearchAction","target":{"@type":"EntryPoint","urlTemplate":"https:\/\/blogs.uninter.edu.mx\/difusioncultural\/?s={search_term_string}"},"query-input":{"@type":"PropertyValueSpecification","valueRequired":true,"valueName":"search_term_string"}}],"inLanguage":"es"},{"@type":"Organization","@id":"https:\/\/blogs.uninter.edu.mx\/difusioncultural\/#organization","name":"Difusi\u00f3n Cultural","url":"https:\/\/blogs.uninter.edu.mx\/difusioncultural\/","logo":{"@type":"ImageObject","inLanguage":"es","@id":"https:\/\/blogs.uninter.edu.mx\/difusioncultural\/#\/schema\/logo\/image\/","url":"https:\/\/blogs.uninter.edu.mx\/difusioncultural\/wp-content\/uploads\/2022\/09\/uninter.jpg","contentUrl":"https:\/\/blogs.uninter.edu.mx\/difusioncultural\/wp-content\/uploads\/2022\/09\/uninter.jpg","width":2048,"height":2048,"caption":"Difusi\u00f3n Cultural"},"image":{"@id":"https:\/\/blogs.uninter.edu.mx\/difusioncultural\/#\/schema\/logo\/image\/"}},{"@type":"Person","@id":"https:\/\/blogs.uninter.edu.mx\/difusioncultural\/#\/schema\/person\/c710e37686022500827405824a08a18c","name":"Aslhey Alejandra Gonz\u00e1lez Castro","image":{"@type":"ImageObject","inLanguage":"es","@id":"https:\/\/blogs.uninter.edu.mx\/difusioncultural\/#\/schema\/person\/image\/","url":"https:\/\/secure.gravatar.com\/avatar\/1905d6ed47b47ccbfb53e4b64f72f2017309e25d96ef418088d4f998ecf6552e?s=96&d=mm&r=g","contentUrl":"https:\/\/secure.gravatar.com\/avatar\/1905d6ed47b47ccbfb53e4b64f72f2017309e25d96ef418088d4f998ecf6552e?s=96&d=mm&r=g","caption":"Aslhey Alejandra Gonz\u00e1lez Castro"},"url":"https:\/\/blogs.uninter.edu.mx\/difusioncultural\/?author=24"}]}},"jetpack_publicize_connections":[],"jetpack_featured_media_url":"https:\/\/blogs.uninter.edu.mx\/difusioncultural\/wp-content\/uploads\/2022\/09\/air.jpg","jetpack_sharing_enabled":true,"_links":{"self":[{"href":"https:\/\/blogs.uninter.edu.mx\/difusioncultural\/index.php?rest_route=\/wp\/v2\/posts\/9016","targetHints":{"allow":["GET"]}}],"collection":[{"href":"https:\/\/blogs.uninter.edu.mx\/difusioncultural\/index.php?rest_route=\/wp\/v2\/posts"}],"about":[{"href":"https:\/\/blogs.uninter.edu.mx\/difusioncultural\/index.php?rest_route=\/wp\/v2\/types\/post"}],"author":[{"embeddable":true,"href":"https:\/\/blogs.uninter.edu.mx\/difusioncultural\/index.php?rest_route=\/wp\/v2\/users\/24"}],"replies":[{"embeddable":true,"href":"https:\/\/blogs.uninter.edu.mx\/difusioncultural\/index.php?rest_route=%2Fwp%2Fv2%2Fcomments&post=9016"}],"version-history":[{"count":0,"href":"https:\/\/blogs.uninter.edu.mx\/difusioncultural\/index.php?rest_route=\/wp\/v2\/posts\/9016\/revisions"}],"wp:featuredmedia":[{"embeddable":true,"href":"https:\/\/blogs.uninter.edu.mx\/difusioncultural\/index.php?rest_route=\/wp\/v2\/media\/9020"}],"wp:attachment":[{"href":"https:\/\/blogs.uninter.edu.mx\/difusioncultural\/index.php?rest_route=%2Fwp%2Fv2%2Fmedia&parent=9016"}],"wp:term":[{"taxonomy":"category","embeddable":true,"href":"https:\/\/blogs.uninter.edu.mx\/difusioncultural\/index.php?rest_route=%2Fwp%2Fv2%2Fcategories&post=9016"},{"taxonomy":"post_tag","embeddable":true,"href":"https:\/\/blogs.uninter.edu.mx\/difusioncultural\/index.php?rest_route=%2Fwp%2Fv2%2Ftags&post=9016"}],"curies":[{"name":"wp","href":"https:\/\/api.w.org\/{rel}","templated":true}]}}