{"id":9111,"date":"2022-09-14T09:56:41","date_gmt":"2022-09-14T14:56:41","guid":{"rendered":"https:\/\/difusionculturaluninter.wordpress.com\/?p=9111"},"modified":"2022-09-14T09:56:41","modified_gmt":"2022-09-14T14:56:41","slug":"14-de-septiembre-dia-del-charro-y-del-locutor","status":"publish","type":"post","link":"https:\/\/blogs.uninter.edu.mx\/difusioncultural\/?p=9111","title":{"rendered":"14 de Septiembre: D\u00eda del Charro y del Locutor"},"content":{"rendered":"\n<p>En M\u00e9xico septiembre es un mes lleno de celebraciones, desde el festejo de la&nbsp;<a href=\"https:\/\/www.liderempresarial.com\/dia-de-la-independencia-en-mexico\/\" target=\"_blank\" rel=\"noreferrer noopener\">Independencia&nbsp;<\/a>y la conmemoraci\u00f3n de la Batalla de Chapultepec, hasta festividades menos conocidas como es el caso del D\u00eda del Locutor y del Charro, los cuales se celebran el 14 de este mes.<\/p>\n\n\n\n<p>Ambas celebraciones se encargan de festejar a las personas que se dedican por un lado a la locuci\u00f3n, y por otro a la charrer\u00eda; y que forman parte de nuestra sociedad y la enriquecen culturalmente, cada una desde su trinchera.<\/p>\n\n\n\n<p>Por eso, para dialogar sobre la importancia del D\u00eda del Charro y del Locutor, aqu\u00ed te compartimos el motivo detr\u00e1s de ambas celebraciones en M\u00e9xico.<\/p>\n\n\n\n<h2 class=\"wp-block-heading\"><strong>D\u00eda del Locutor \u00bfPor qu\u00e9 se celebra en M\u00e9xico?<\/strong><\/h2>\n\n\n\n<p>El 14 de septiembre se celebra en nuestro pa\u00eds a todas aquellas personas que tienen como profesi\u00f3n ser locutores. Sin embargo, M\u00e9xico es el \u00fanico lugar de Am\u00e9rica Latina en la que este festejo tiene lugar en septiembre, pues en el resto del continente el 27 de julio es el D\u00eda del Locutor.<\/p>\n\n\n\n<p>As\u00ed, en el M\u00e9xico fue en 1957 la primera vez que se conmemor\u00f3 el D\u00eda Nacional del Locutor, gracias a que Francisco Neri Cano, fundador de la Asociaci\u00f3n Nacional de Locutores, propuso la fecha como el d\u00eda para celebrar a aquellos profesionales que se ganan la vida gracias a su trabajo frente al micr\u00f3fono.<\/p>\n\n\n\n<p>Durante ese a\u00f1o, los miembros de la Asociaci\u00f3n tambi\u00e9n eligieron a su reina de los locutores, Elsa Aguirre, una reconocida actriz de la \u00e9poca. Y, a\u00f1os despu\u00e9s, en 1960, el presidente Adolfo L\u00f3pez Mateos design\u00f3 el d\u00eda como festividad nacional.<\/p>\n\n\n\n<p>La labor de los locutores es de suma importancia pues gracias a ellos las personas pueden conocer noticias, ser entretenidas, informarse y acercarse a nuevos mundos. Y, por esta raz\u00f3n, a\u00fan con la llegada de las redes sociales y otros medios de comunicaci\u00f3n, seguimos celebrando a aquellas personas que alcanzan a las personas \u00fanicamente por medio de su voz.<\/p>\n\n\n\n<figure class=\"wp-block-image\"><img decoding=\"async\" src=\"https:\/\/www.liderempresarial.com\/wp-content\/uploads\/2022\/09\/WhatsApp-Image-2022-09-13-at-6.47.32-PM-1024x574.jpeg\" alt=\"\" class=\"wp-image-227623\" \/><\/figure>\n\n\n\n<h2 class=\"wp-block-heading\"><strong>D\u00eda del Charro: Origen de la celebraci\u00f3n en M\u00e9xico<\/strong><\/h2>\n\n\n\n<p>El 14 de septiembre tambi\u00e9n se celebra en M\u00e9xico el D\u00eda del Charro. Una fecha en la que enaltecemos la importante tradici\u00f3n de este arte nacional, el cual es Patrimonio Cultural Inmaterial de la Humanidad desde el 1 de diciembre de 2016.<\/p>\n\n\n\n<p>La charrer\u00eda es un arte en la que el charro, o jinete, desprende sus diferentes destrezas y habilidades mientras maneja a un caballo para que dance y ejecute las \u201csuertes charras\u201d, es decir, los movimientos particulares de este deporte.<\/p>\n\n\n\n<p>El D\u00eda Nacional del Charro fue decretado en 1934 por Abelardo L. Rodr\u00edguez. Luego de que el ex presidente Pascual Ortiz Rubio nombrar\u00e1 el traje de charro como s\u00edmbolo de la mexicanidad. Y fue el presidente Manuel \u00c1vila Camacho quien instituy\u00f3 la charrer\u00eda como \u201cDeporte Nacional\u201d 14 a\u00f1os despu\u00e9s de que se oficializara el d\u00eda de su festejo.<\/p>\n\n\n\n<p>La celebraci\u00f3n de esta fecha es importante pues la&nbsp;<a href=\"https:\/\/ich.unesco.org\/es\/RL\/la-charrera-tradicin-ecuestre-en-mxico-01108\" target=\"_blank\" rel=\"noreferrer noopener\">charrer\u00eda&nbsp;<\/a>y los charros mezclan una larga lista de tradiciones que datan desde la Conquista. Y que hoy en d\u00eda son fieles representantes de la riqueza cultural del pa\u00eds. E incluso forman parte de la reserva del Ej\u00e9rcito Mexicano. As\u00ed, desde sus trajes, hasta sus movimientos hablan de dedicaci\u00f3n, tiempo, esmero y orgullo nacional.<\/p>\n\n\n\n<figure class=\"wp-block-image\"><img decoding=\"async\" src=\"https:\/\/www.liderempresarial.com\/wp-content\/uploads\/2022\/09\/Escuelas-de-charreria-1-e1632848770644.jpeg\" alt=\"\" class=\"wp-image-227622\" \/><\/figure>\n","protected":false},"excerpt":{"rendered":"<p>En M\u00e9xico septiembre es un mes lleno de celebraciones, desde el festejo de la&nbsp;Independencia&nbsp;y la conmemoraci\u00f3n de la Batalla de Chapultepec, hasta festividades menos conocidas como es el caso del D\u00eda del Locutor y del Charro, los cuales se celebran el 14 de este mes. Ambas celebraciones se encargan de festejar a las personas que&hellip;<\/p>\n","protected":false},"author":24,"featured_media":9113,"comment_status":"closed","ping_status":"open","sticky":false,"template":"","format":"standard","meta":{"_jetpack_memberships_contains_paid_content":false,"footnotes":"","jetpack_publicize_message":"","jetpack_publicize_feature_enabled":true,"jetpack_social_post_already_shared":false,"jetpack_social_options":{"image_generator_settings":{"template":"highway","default_image_id":0,"font":"","enabled":false},"version":2}},"categories":[12,14],"tags":[],"class_list":["post-9111","post","type-post","status-publish","format-standard","has-post-thumbnail","hentry","category-noticias","category-un-dia-como-hoy"],"yoast_head":"<!-- This site is optimized with the Yoast SEO plugin v26.3 - https:\/\/yoast.com\/wordpress\/plugins\/seo\/ -->\r\n<title>14 de Septiembre: D\u00eda del Charro y del Locutor - Difusi\u00f3n Cultural<\/title>\r\n<meta name=\"robots\" content=\"index, follow, max-snippet:-1, max-image-preview:large, max-video-preview:-1\" \/>\r\n<link rel=\"canonical\" href=\"https:\/\/blogs.uninter.edu.mx\/difusioncultural\/?p=9111\" \/>\r\n<meta property=\"og:locale\" content=\"es_MX\" \/>\r\n<meta property=\"og:type\" content=\"article\" \/>\r\n<meta property=\"og:title\" content=\"14 de Septiembre: D\u00eda del Charro y del Locutor - Difusi\u00f3n Cultural\" \/>\r\n<meta property=\"og:description\" content=\"En M\u00e9xico septiembre es un mes lleno de celebraciones, desde el festejo de la&nbsp;Independencia&nbsp;y la conmemoraci\u00f3n de la Batalla de Chapultepec, hasta festividades menos conocidas como es el caso del D\u00eda del Locutor y del Charro, los cuales se celebran el 14 de este mes. Ambas celebraciones se encargan de festejar a las personas que&hellip;\" \/>\r\n<meta property=\"og:url\" content=\"https:\/\/blogs.uninter.edu.mx\/difusioncultural\/?p=9111\" \/>\r\n<meta property=\"og:site_name\" content=\"Difusi\u00f3n Cultural\" \/>\r\n<meta property=\"article:published_time\" content=\"2022-09-14T14:56:41+00:00\" \/>\r\n<meta property=\"og:image\" content=\"https:\/\/blogs.uninter.edu.mx\/difusioncultural\/wp-content\/uploads\/2022\/09\/charro.jpeg\" \/>\r\n\t<meta property=\"og:image:width\" content=\"1140\" \/>\r\n\t<meta property=\"og:image:height\" content=\"570\" \/>\r\n\t<meta property=\"og:image:type\" content=\"image\/jpeg\" \/>\r\n<meta name=\"author\" content=\"Aslhey Alejandra Gonz\u00e1lez Castro\" \/>\r\n<meta name=\"twitter:card\" content=\"summary_large_image\" \/>\r\n<meta name=\"twitter:label1\" content=\"Escrito por\" \/>\n\t<meta name=\"twitter:data1\" content=\"Aslhey Alejandra Gonz\u00e1lez Castro\" \/>\n\t<meta name=\"twitter:label2\" content=\"Tiempo de lectura\" \/>\n\t<meta name=\"twitter:data2\" content=\"3 minutos\" \/>\r\n<script type=\"application\/ld+json\" class=\"yoast-schema-graph\">{\"@context\":\"https:\/\/schema.org\",\"@graph\":[{\"@type\":\"Article\",\"@id\":\"https:\/\/blogs.uninter.edu.mx\/difusioncultural\/?p=9111#article\",\"isPartOf\":{\"@id\":\"https:\/\/blogs.uninter.edu.mx\/difusioncultural\/?p=9111\"},\"author\":{\"name\":\"Aslhey Alejandra Gonz\u00e1lez Castro\",\"@id\":\"https:\/\/blogs.uninter.edu.mx\/difusioncultural\/#\/schema\/person\/c710e37686022500827405824a08a18c\"},\"headline\":\"14 de Septiembre: D\u00eda del Charro y del Locutor\",\"datePublished\":\"2022-09-14T14:56:41+00:00\",\"mainEntityOfPage\":{\"@id\":\"https:\/\/blogs.uninter.edu.mx\/difusioncultural\/?p=9111\"},\"wordCount\":592,\"publisher\":{\"@id\":\"https:\/\/blogs.uninter.edu.mx\/difusioncultural\/#organization\"},\"image\":{\"@id\":\"https:\/\/blogs.uninter.edu.mx\/difusioncultural\/?p=9111#primaryimage\"},\"thumbnailUrl\":\"https:\/\/blogs.uninter.edu.mx\/difusioncultural\/wp-content\/uploads\/2022\/09\/charro.jpeg\",\"articleSection\":[\"noticias\",\"un dia como hoy\"],\"inLanguage\":\"es\"},{\"@type\":\"WebPage\",\"@id\":\"https:\/\/blogs.uninter.edu.mx\/difusioncultural\/?p=9111\",\"url\":\"https:\/\/blogs.uninter.edu.mx\/difusioncultural\/?p=9111\",\"name\":\"14 de Septiembre: D\u00eda del Charro y del Locutor - Difusi\u00f3n Cultural\",\"isPartOf\":{\"@id\":\"https:\/\/blogs.uninter.edu.mx\/difusioncultural\/#website\"},\"primaryImageOfPage\":{\"@id\":\"https:\/\/blogs.uninter.edu.mx\/difusioncultural\/?p=9111#primaryimage\"},\"image\":{\"@id\":\"https:\/\/blogs.uninter.edu.mx\/difusioncultural\/?p=9111#primaryimage\"},\"thumbnailUrl\":\"https:\/\/blogs.uninter.edu.mx\/difusioncultural\/wp-content\/uploads\/2022\/09\/charro.jpeg\",\"datePublished\":\"2022-09-14T14:56:41+00:00\",\"breadcrumb\":{\"@id\":\"https:\/\/blogs.uninter.edu.mx\/difusioncultural\/?p=9111#breadcrumb\"},\"inLanguage\":\"es\",\"potentialAction\":[{\"@type\":\"ReadAction\",\"target\":[\"https:\/\/blogs.uninter.edu.mx\/difusioncultural\/?p=9111\"]}]},{\"@type\":\"ImageObject\",\"inLanguage\":\"es\",\"@id\":\"https:\/\/blogs.uninter.edu.mx\/difusioncultural\/?p=9111#primaryimage\",\"url\":\"https:\/\/blogs.uninter.edu.mx\/difusioncultural\/wp-content\/uploads\/2022\/09\/charro.jpeg\",\"contentUrl\":\"https:\/\/blogs.uninter.edu.mx\/difusioncultural\/wp-content\/uploads\/2022\/09\/charro.jpeg\",\"width\":1140,\"height\":570},{\"@type\":\"BreadcrumbList\",\"@id\":\"https:\/\/blogs.uninter.edu.mx\/difusioncultural\/?p=9111#breadcrumb\",\"itemListElement\":[{\"@type\":\"ListItem\",\"position\":1,\"name\":\"Inicio\",\"item\":\"https:\/\/blogs.uninter.edu.mx\/difusioncultural\/\"},{\"@type\":\"ListItem\",\"position\":2,\"name\":\"14 de Septiembre: D\u00eda del Charro y del Locutor\"}]},{\"@type\":\"WebSite\",\"@id\":\"https:\/\/blogs.uninter.edu.mx\/difusioncultural\/#website\",\"url\":\"https:\/\/blogs.uninter.edu.mx\/difusioncultural\/\",\"name\":\"Difusi\u00f3n Cultural\",\"description\":\"UNINTER\",\"publisher\":{\"@id\":\"https:\/\/blogs.uninter.edu.mx\/difusioncultural\/#organization\"},\"potentialAction\":[{\"@type\":\"SearchAction\",\"target\":{\"@type\":\"EntryPoint\",\"urlTemplate\":\"https:\/\/blogs.uninter.edu.mx\/difusioncultural\/?s={search_term_string}\"},\"query-input\":{\"@type\":\"PropertyValueSpecification\",\"valueRequired\":true,\"valueName\":\"search_term_string\"}}],\"inLanguage\":\"es\"},{\"@type\":\"Organization\",\"@id\":\"https:\/\/blogs.uninter.edu.mx\/difusioncultural\/#organization\",\"name\":\"Difusi\u00f3n Cultural\",\"url\":\"https:\/\/blogs.uninter.edu.mx\/difusioncultural\/\",\"logo\":{\"@type\":\"ImageObject\",\"inLanguage\":\"es\",\"@id\":\"https:\/\/blogs.uninter.edu.mx\/difusioncultural\/#\/schema\/logo\/image\/\",\"url\":\"https:\/\/blogs.uninter.edu.mx\/difusioncultural\/wp-content\/uploads\/2022\/09\/uninter.jpg\",\"contentUrl\":\"https:\/\/blogs.uninter.edu.mx\/difusioncultural\/wp-content\/uploads\/2022\/09\/uninter.jpg\",\"width\":2048,\"height\":2048,\"caption\":\"Difusi\u00f3n Cultural\"},\"image\":{\"@id\":\"https:\/\/blogs.uninter.edu.mx\/difusioncultural\/#\/schema\/logo\/image\/\"}},{\"@type\":\"Person\",\"@id\":\"https:\/\/blogs.uninter.edu.mx\/difusioncultural\/#\/schema\/person\/c710e37686022500827405824a08a18c\",\"name\":\"Aslhey Alejandra Gonz\u00e1lez Castro\",\"image\":{\"@type\":\"ImageObject\",\"inLanguage\":\"es\",\"@id\":\"https:\/\/blogs.uninter.edu.mx\/difusioncultural\/#\/schema\/person\/image\/\",\"url\":\"https:\/\/secure.gravatar.com\/avatar\/1905d6ed47b47ccbfb53e4b64f72f2017309e25d96ef418088d4f998ecf6552e?s=96&d=mm&r=g\",\"contentUrl\":\"https:\/\/secure.gravatar.com\/avatar\/1905d6ed47b47ccbfb53e4b64f72f2017309e25d96ef418088d4f998ecf6552e?s=96&d=mm&r=g\",\"caption\":\"Aslhey Alejandra Gonz\u00e1lez Castro\"},\"url\":\"https:\/\/blogs.uninter.edu.mx\/difusioncultural\/?author=24\"}]}<\/script>\r\n<!-- \/ Yoast SEO plugin. -->","yoast_head_json":{"title":"14 de Septiembre: D\u00eda del Charro y del Locutor - Difusi\u00f3n Cultural","robots":{"index":"index","follow":"follow","max-snippet":"max-snippet:-1","max-image-preview":"max-image-preview:large","max-video-preview":"max-video-preview:-1"},"canonical":"https:\/\/blogs.uninter.edu.mx\/difusioncultural\/?p=9111","og_locale":"es_MX","og_type":"article","og_title":"14 de Septiembre: D\u00eda del Charro y del Locutor - Difusi\u00f3n Cultural","og_description":"En M\u00e9xico septiembre es un mes lleno de celebraciones, desde el festejo de la&nbsp;Independencia&nbsp;y la conmemoraci\u00f3n de la Batalla de Chapultepec, hasta festividades menos conocidas como es el caso del D\u00eda del Locutor y del Charro, los cuales se celebran el 14 de este mes. Ambas celebraciones se encargan de festejar a las personas que&hellip;","og_url":"https:\/\/blogs.uninter.edu.mx\/difusioncultural\/?p=9111","og_site_name":"Difusi\u00f3n Cultural","article_published_time":"2022-09-14T14:56:41+00:00","og_image":[{"width":1140,"height":570,"url":"https:\/\/blogs.uninter.edu.mx\/difusioncultural\/wp-content\/uploads\/2022\/09\/charro.jpeg","type":"image\/jpeg"}],"author":"Aslhey Alejandra Gonz\u00e1lez Castro","twitter_card":"summary_large_image","twitter_misc":{"Escrito por":"Aslhey Alejandra Gonz\u00e1lez Castro","Tiempo de lectura":"3 minutos"},"schema":{"@context":"https:\/\/schema.org","@graph":[{"@type":"Article","@id":"https:\/\/blogs.uninter.edu.mx\/difusioncultural\/?p=9111#article","isPartOf":{"@id":"https:\/\/blogs.uninter.edu.mx\/difusioncultural\/?p=9111"},"author":{"name":"Aslhey Alejandra Gonz\u00e1lez Castro","@id":"https:\/\/blogs.uninter.edu.mx\/difusioncultural\/#\/schema\/person\/c710e37686022500827405824a08a18c"},"headline":"14 de Septiembre: D\u00eda del Charro y del Locutor","datePublished":"2022-09-14T14:56:41+00:00","mainEntityOfPage":{"@id":"https:\/\/blogs.uninter.edu.mx\/difusioncultural\/?p=9111"},"wordCount":592,"publisher":{"@id":"https:\/\/blogs.uninter.edu.mx\/difusioncultural\/#organization"},"image":{"@id":"https:\/\/blogs.uninter.edu.mx\/difusioncultural\/?p=9111#primaryimage"},"thumbnailUrl":"https:\/\/blogs.uninter.edu.mx\/difusioncultural\/wp-content\/uploads\/2022\/09\/charro.jpeg","articleSection":["noticias","un dia como hoy"],"inLanguage":"es"},{"@type":"WebPage","@id":"https:\/\/blogs.uninter.edu.mx\/difusioncultural\/?p=9111","url":"https:\/\/blogs.uninter.edu.mx\/difusioncultural\/?p=9111","name":"14 de Septiembre: D\u00eda del Charro y del Locutor - Difusi\u00f3n Cultural","isPartOf":{"@id":"https:\/\/blogs.uninter.edu.mx\/difusioncultural\/#website"},"primaryImageOfPage":{"@id":"https:\/\/blogs.uninter.edu.mx\/difusioncultural\/?p=9111#primaryimage"},"image":{"@id":"https:\/\/blogs.uninter.edu.mx\/difusioncultural\/?p=9111#primaryimage"},"thumbnailUrl":"https:\/\/blogs.uninter.edu.mx\/difusioncultural\/wp-content\/uploads\/2022\/09\/charro.jpeg","datePublished":"2022-09-14T14:56:41+00:00","breadcrumb":{"@id":"https:\/\/blogs.uninter.edu.mx\/difusioncultural\/?p=9111#breadcrumb"},"inLanguage":"es","potentialAction":[{"@type":"ReadAction","target":["https:\/\/blogs.uninter.edu.mx\/difusioncultural\/?p=9111"]}]},{"@type":"ImageObject","inLanguage":"es","@id":"https:\/\/blogs.uninter.edu.mx\/difusioncultural\/?p=9111#primaryimage","url":"https:\/\/blogs.uninter.edu.mx\/difusioncultural\/wp-content\/uploads\/2022\/09\/charro.jpeg","contentUrl":"https:\/\/blogs.uninter.edu.mx\/difusioncultural\/wp-content\/uploads\/2022\/09\/charro.jpeg","width":1140,"height":570},{"@type":"BreadcrumbList","@id":"https:\/\/blogs.uninter.edu.mx\/difusioncultural\/?p=9111#breadcrumb","itemListElement":[{"@type":"ListItem","position":1,"name":"Inicio","item":"https:\/\/blogs.uninter.edu.mx\/difusioncultural\/"},{"@type":"ListItem","position":2,"name":"14 de Septiembre: D\u00eda del Charro y del Locutor"}]},{"@type":"WebSite","@id":"https:\/\/blogs.uninter.edu.mx\/difusioncultural\/#website","url":"https:\/\/blogs.uninter.edu.mx\/difusioncultural\/","name":"Difusi\u00f3n Cultural","description":"UNINTER","publisher":{"@id":"https:\/\/blogs.uninter.edu.mx\/difusioncultural\/#organization"},"potentialAction":[{"@type":"SearchAction","target":{"@type":"EntryPoint","urlTemplate":"https:\/\/blogs.uninter.edu.mx\/difusioncultural\/?s={search_term_string}"},"query-input":{"@type":"PropertyValueSpecification","valueRequired":true,"valueName":"search_term_string"}}],"inLanguage":"es"},{"@type":"Organization","@id":"https:\/\/blogs.uninter.edu.mx\/difusioncultural\/#organization","name":"Difusi\u00f3n Cultural","url":"https:\/\/blogs.uninter.edu.mx\/difusioncultural\/","logo":{"@type":"ImageObject","inLanguage":"es","@id":"https:\/\/blogs.uninter.edu.mx\/difusioncultural\/#\/schema\/logo\/image\/","url":"https:\/\/blogs.uninter.edu.mx\/difusioncultural\/wp-content\/uploads\/2022\/09\/uninter.jpg","contentUrl":"https:\/\/blogs.uninter.edu.mx\/difusioncultural\/wp-content\/uploads\/2022\/09\/uninter.jpg","width":2048,"height":2048,"caption":"Difusi\u00f3n Cultural"},"image":{"@id":"https:\/\/blogs.uninter.edu.mx\/difusioncultural\/#\/schema\/logo\/image\/"}},{"@type":"Person","@id":"https:\/\/blogs.uninter.edu.mx\/difusioncultural\/#\/schema\/person\/c710e37686022500827405824a08a18c","name":"Aslhey Alejandra Gonz\u00e1lez Castro","image":{"@type":"ImageObject","inLanguage":"es","@id":"https:\/\/blogs.uninter.edu.mx\/difusioncultural\/#\/schema\/person\/image\/","url":"https:\/\/secure.gravatar.com\/avatar\/1905d6ed47b47ccbfb53e4b64f72f2017309e25d96ef418088d4f998ecf6552e?s=96&d=mm&r=g","contentUrl":"https:\/\/secure.gravatar.com\/avatar\/1905d6ed47b47ccbfb53e4b64f72f2017309e25d96ef418088d4f998ecf6552e?s=96&d=mm&r=g","caption":"Aslhey Alejandra Gonz\u00e1lez Castro"},"url":"https:\/\/blogs.uninter.edu.mx\/difusioncultural\/?author=24"}]}},"jetpack_publicize_connections":[],"jetpack_featured_media_url":"https:\/\/blogs.uninter.edu.mx\/difusioncultural\/wp-content\/uploads\/2022\/09\/charro.jpeg","jetpack_sharing_enabled":true,"_links":{"self":[{"href":"https:\/\/blogs.uninter.edu.mx\/difusioncultural\/index.php?rest_route=\/wp\/v2\/posts\/9111","targetHints":{"allow":["GET"]}}],"collection":[{"href":"https:\/\/blogs.uninter.edu.mx\/difusioncultural\/index.php?rest_route=\/wp\/v2\/posts"}],"about":[{"href":"https:\/\/blogs.uninter.edu.mx\/difusioncultural\/index.php?rest_route=\/wp\/v2\/types\/post"}],"author":[{"embeddable":true,"href":"https:\/\/blogs.uninter.edu.mx\/difusioncultural\/index.php?rest_route=\/wp\/v2\/users\/24"}],"replies":[{"embeddable":true,"href":"https:\/\/blogs.uninter.edu.mx\/difusioncultural\/index.php?rest_route=%2Fwp%2Fv2%2Fcomments&post=9111"}],"version-history":[{"count":0,"href":"https:\/\/blogs.uninter.edu.mx\/difusioncultural\/index.php?rest_route=\/wp\/v2\/posts\/9111\/revisions"}],"wp:featuredmedia":[{"embeddable":true,"href":"https:\/\/blogs.uninter.edu.mx\/difusioncultural\/index.php?rest_route=\/wp\/v2\/media\/9113"}],"wp:attachment":[{"href":"https:\/\/blogs.uninter.edu.mx\/difusioncultural\/index.php?rest_route=%2Fwp%2Fv2%2Fmedia&parent=9111"}],"wp:term":[{"taxonomy":"category","embeddable":true,"href":"https:\/\/blogs.uninter.edu.mx\/difusioncultural\/index.php?rest_route=%2Fwp%2Fv2%2Fcategories&post=9111"},{"taxonomy":"post_tag","embeddable":true,"href":"https:\/\/blogs.uninter.edu.mx\/difusioncultural\/index.php?rest_route=%2Fwp%2Fv2%2Ftags&post=9111"}],"curies":[{"name":"wp","href":"https:\/\/api.w.org\/{rel}","templated":true}]}}