{"id":9116,"date":"2022-09-20T11:00:32","date_gmt":"2022-09-20T16:00:32","guid":{"rendered":"https:\/\/difusionculturaluninter.wordpress.com\/?p=9116"},"modified":"2022-09-20T11:00:32","modified_gmt":"2022-09-20T16:00:32","slug":"20-de-septiembre-dia-mundial-de-la-libre-expresion","status":"publish","type":"post","link":"https:\/\/blogs.uninter.edu.mx\/difusioncultural\/?p=9116","title":{"rendered":"20 de Septiembre: D\u00eda Mundial de la Libre Expresi\u00f3n"},"content":{"rendered":"\n<h2 class=\"wp-block-heading\">La libertad de expresi\u00f3n de pensamiento es un derecho inalienable para los seres humanos. Es importante para el desarrollo personal y la dignidad de cada persona, y es fundamental para el disfrute de otros derechos humanos.<\/h2>\n\n\n\n<figure class=\"wp-block-image size-large is-resized\"><a href=\"https:\/\/blogs.uninter.edu.mx\/difusioncultural\/wp-content\/uploads\/2022\/09\/image-16.png\"><img fetchpriority=\"high\" decoding=\"async\" src=\"https:\/\/blogs.uninter.edu.mx\/difusioncultural\/wp-content\/uploads\/2022\/09\/image-16.png?w=300\" alt=\"\" class=\"wp-image-9119\" width=\"517\" height=\"290\" \/><\/a><\/figure>\n\n\n\n<p>D\u00eda mundial de la libertad de expresi\u00f3n de pensamiento: \u00bfpor qu\u00e9 se conmemora el 20 de septiembre?<\/p>\n\n\n\n<p>Cada 20 de septiembre se celebra el\u00a0<strong>D\u00eda Mundial de la Libertad de Expresi\u00f3n del Pensamiento<\/strong>, para conmemorar la &#8220;<strong>Brecha de la Porta P\u00eda<\/strong>&#8221; en\u00a0<strong>Roma<\/strong>, un hecho significativo mediante el cual las fuerzas patri\u00f3ticas italianas derrotaron a las fuerzas del\u00a0<strong>Vaticano<\/strong>, aliadas al\u00a0<strong>Imperio Franc\u00e9s<\/strong>. Este d\u00eda signific\u00f3 la\u00a0ca\u00edda definitiva del poder temporal del papado\u00a0y de sus reg\u00edmenes pol\u00edticos de \u201c<strong>Derecho Divino<\/strong>\u201d, y un gran\u00a0triunfo para las fuerzas democr\u00e1ticas, republicanas y secularizantes\u00a0del mundo. Simb\u00f3licamente, tambi\u00e9n signific\u00f3 entonces la derrota del dogmatismo, del oscurantismo y la esperanza del renacimiento de la luz, que representa el triunfo de la\u00a0<strong>Raz\u00f3n<\/strong>\u00a0y de la\u00a0<strong>Libertad de Conciencia<\/strong><\/p>\n\n\n\n<h2 class=\"wp-block-heading\">\u00bfPor qu\u00e9 se celebra?<\/h2>\n\n\n\n<p>Con la celebraci\u00f3n de esta efem\u00e9ride se pretende&nbsp;reafirmar y apoyar la diversidad de opiniones y el derecho a la libertad de expresi\u00f3n&nbsp;sin hostigamiento a los pensamientos, opiniones y creencias de las personas, como base de la sociedad moderna.<\/p>\n\n\n\n<figure class=\"wp-block-image\"><img decoding=\"async\" src=\"https:\/\/media.airedesantafe.com.ar\/p\/a915b888d8c7369b79cd9314cb7c8dd7\/adjuntos\/268\/imagenes\/003\/657\/0003657031\/1200x0\/smart\/imagepng.png\" alt=\"Este d\u00eda mundial pretende visibilizar el acosamiento y encarcelamiento de personas por ejercer el derecho a la libertad de expresi\u00f3n.\" \/><\/figure>\n\n\n\n<p>Este d\u00eda mundial pretende visibilizar el acosamiento y encarcelamiento de personas por ejercer el derecho a la libertad de expresi\u00f3n.<\/p>\n\n\n\n<p>Este d\u00eda mundial pretende visibilizar el acosamiento y encarcelamiento de personas por ejercer el derecho a la libertad de expresi\u00f3n, violando sus derechos humanos fundamentales relacionados con la b\u00fasqueda y divulgaci\u00f3n de informaci\u00f3n, ideas y opiniones sin represalias.&nbsp;<\/p>\n\n\n\n<p>Al respecto, la&nbsp;<strong>Organizaci\u00f3n de las Naciones Unidas<\/strong>&nbsp;en su&nbsp;<strong>Declaraci\u00f3n Universal de Derechos Humanos<\/strong>&nbsp;emitida en el a\u00f1o1948 estableci\u00f3 en el art\u00edculo 19\u00ba el derecho que posee&nbsp;todo individuo a la libertad de opini\u00f3n y de expresi\u00f3n, lo que incluye no ser cuestionado por sus opiniones, el derecho a investigar, recibir y difundir informaci\u00f3n sin limitaciones, por cualquier medio de expresi\u00f3n.&nbsp;<\/p>\n\n\n\n<p>Seg\u00fan&nbsp;<strong>Amnist\u00eda Internacional<\/strong>&nbsp;en el mundo entero hay personas que son&nbsp;acosadas y encarceladas por ejercer su derecho a la libertad de expresi\u00f3n, pero todo el mundo tiene derecho a buscar, recibir y difundir informaci\u00f3n e ideas sin temor o injerencias. Este&nbsp;derecho es importante para el desarrollo personal y la dignidad de cada persona, y es fundamental para el disfrute de otros derechos humanos. La libertad de expresi\u00f3n guarda una estrecha relaci\u00f3n con el derecho a defender la propia opini\u00f3n y con el derecho a la libertad de pensamiento, conciencia y religi\u00f3n.<\/p>\n\n\n\n<figure class=\"wp-block-image\"><img decoding=\"async\" src=\"https:\/\/media.airedesantafe.com.ar\/p\/826bf0513b1a82444af68d80df25d6d0\/adjuntos\/268\/imagenes\/003\/657\/0003657032\/1200x0\/smart\/imagepng.png\" alt=\"Con la celebraci\u00f3n de esta efem\u00e9ride se pretende reafirmar y apoyar la diversidad de opiniones y el derecho a la libertad de expresi\u00f3n.\" \/><\/figure>\n\n\n\n<p>Con la celebraci\u00f3n de esta efem\u00e9ride se pretende reafirmar y apoyar la diversidad de opiniones y el derecho a la libertad de expresi\u00f3n.<\/p>\n\n\n\n<p>En los \u00faltimos a\u00f1os se han invocado tanto el temor al terrorismo como la seguridad para justificar un aumento de la represi\u00f3n de las personas y los grupos que ejercen su derecho a la libertad de expresi\u00f3n. Estas medidas son cortas de miras.&nbsp;El debate abierto y el respeto por los derechos humanos son el \u00fanico marco en el que la seguridad y el desarrollo pueden sostenerse.&nbsp;<\/p>\n\n\n\n<p><strong>Internet&nbsp;<\/strong>ha abierto nuevas v\u00edas para que personas y grupos busquen y difundan informaci\u00f3n e ideas. Sin embargo, tambi\u00e9n es una nueva frontera en la que la libertad de expresi\u00f3n est\u00e1 encarando nuevos desaf\u00edos. Por ejemplo, en&nbsp;<strong>China&nbsp;<\/strong>se han introducido nuevos reglamentos para aumentar los controles oficiales sobre Internet. La regulaci\u00f3n y la censura se han extendido a autores de blogs y propietarios de sitios web, lleg\u00e1ndose a cerrar numerosos sitios web por proporcionar informaci\u00f3n que las autoridades consideraron \u201cdelicada\u201d. Los cibernautas que suben esos datos a la red corren el riesgo de ser detenidos, procesados y encarcelados.<\/p>\n","protected":false},"excerpt":{"rendered":"<p>La libertad de expresi\u00f3n de pensamiento es un derecho inalienable para los seres humanos. Es importante para el desarrollo personal y la dignidad de cada persona, y es fundamental para el disfrute de otros derechos humanos. D\u00eda mundial de la libertad de expresi\u00f3n de pensamiento: \u00bfpor qu\u00e9 se conmemora el 20 de septiembre? Cada 20&hellip;<\/p>\n","protected":false},"author":24,"featured_media":9120,"comment_status":"closed","ping_status":"open","sticky":false,"template":"","format":"standard","meta":{"_jetpack_memberships_contains_paid_content":false,"footnotes":"","jetpack_publicize_message":"","jetpack_publicize_feature_enabled":true,"jetpack_social_post_already_shared":false,"jetpack_social_options":{"image_generator_settings":{"template":"highway","default_image_id":0,"font":"","enabled":false},"version":2}},"categories":[12,14],"tags":[],"class_list":["post-9116","post","type-post","status-publish","format-standard","has-post-thumbnail","hentry","category-noticias","category-un-dia-como-hoy"],"yoast_head":"<!-- This site is optimized with the Yoast SEO plugin v26.3 - https:\/\/yoast.com\/wordpress\/plugins\/seo\/ -->\r\n<title>20 de Septiembre: D\u00eda Mundial de la Libre Expresi\u00f3n - Difusi\u00f3n Cultural<\/title>\r\n<meta name=\"robots\" content=\"index, follow, max-snippet:-1, max-image-preview:large, max-video-preview:-1\" \/>\r\n<link rel=\"canonical\" href=\"https:\/\/blogs.uninter.edu.mx\/difusioncultural\/?p=9116\" \/>\r\n<meta property=\"og:locale\" content=\"es_MX\" \/>\r\n<meta property=\"og:type\" content=\"article\" \/>\r\n<meta property=\"og:title\" content=\"20 de Septiembre: D\u00eda Mundial de la Libre Expresi\u00f3n - Difusi\u00f3n Cultural\" \/>\r\n<meta property=\"og:description\" content=\"La libertad de expresi\u00f3n de pensamiento es un derecho inalienable para los seres humanos. Es importante para el desarrollo personal y la dignidad de cada persona, y es fundamental para el disfrute de otros derechos humanos. D\u00eda mundial de la libertad de expresi\u00f3n de pensamiento: \u00bfpor qu\u00e9 se conmemora el 20 de septiembre? Cada 20&hellip;\" \/>\r\n<meta property=\"og:url\" content=\"https:\/\/blogs.uninter.edu.mx\/difusioncultural\/?p=9116\" \/>\r\n<meta property=\"og:site_name\" content=\"Difusi\u00f3n Cultural\" \/>\r\n<meta property=\"article:published_time\" content=\"2022-09-20T16:00:32+00:00\" \/>\r\n<meta property=\"og:image\" content=\"https:\/\/blogs.uninter.edu.mx\/difusioncultural\/wp-content\/uploads\/2022\/09\/libree.jpg\" \/>\r\n\t<meta property=\"og:image:width\" content=\"276\" \/>\r\n\t<meta property=\"og:image:height\" content=\"182\" \/>\r\n\t<meta property=\"og:image:type\" content=\"image\/jpeg\" \/>\r\n<meta name=\"author\" content=\"Aslhey Alejandra Gonz\u00e1lez Castro\" \/>\r\n<meta name=\"twitter:card\" content=\"summary_large_image\" \/>\r\n<meta name=\"twitter:label1\" content=\"Escrito por\" \/>\n\t<meta name=\"twitter:data1\" content=\"Aslhey Alejandra Gonz\u00e1lez Castro\" \/>\n\t<meta name=\"twitter:label2\" content=\"Tiempo de lectura\" \/>\n\t<meta name=\"twitter:data2\" content=\"3 minutos\" \/>\r\n<script type=\"application\/ld+json\" class=\"yoast-schema-graph\">{\"@context\":\"https:\/\/schema.org\",\"@graph\":[{\"@type\":\"Article\",\"@id\":\"https:\/\/blogs.uninter.edu.mx\/difusioncultural\/?p=9116#article\",\"isPartOf\":{\"@id\":\"https:\/\/blogs.uninter.edu.mx\/difusioncultural\/?p=9116\"},\"author\":{\"name\":\"Aslhey Alejandra Gonz\u00e1lez Castro\",\"@id\":\"https:\/\/blogs.uninter.edu.mx\/difusioncultural\/#\/schema\/person\/c710e37686022500827405824a08a18c\"},\"headline\":\"20 de Septiembre: D\u00eda Mundial de la Libre Expresi\u00f3n\",\"datePublished\":\"2022-09-20T16:00:32+00:00\",\"mainEntityOfPage\":{\"@id\":\"https:\/\/blogs.uninter.edu.mx\/difusioncultural\/?p=9116\"},\"wordCount\":689,\"publisher\":{\"@id\":\"https:\/\/blogs.uninter.edu.mx\/difusioncultural\/#organization\"},\"image\":{\"@id\":\"https:\/\/blogs.uninter.edu.mx\/difusioncultural\/?p=9116#primaryimage\"},\"thumbnailUrl\":\"https:\/\/blogs.uninter.edu.mx\/difusioncultural\/wp-content\/uploads\/2022\/09\/libree.jpg\",\"articleSection\":[\"noticias\",\"un dia como hoy\"],\"inLanguage\":\"es\"},{\"@type\":\"WebPage\",\"@id\":\"https:\/\/blogs.uninter.edu.mx\/difusioncultural\/?p=9116\",\"url\":\"https:\/\/blogs.uninter.edu.mx\/difusioncultural\/?p=9116\",\"name\":\"20 de Septiembre: D\u00eda Mundial de la Libre Expresi\u00f3n - Difusi\u00f3n Cultural\",\"isPartOf\":{\"@id\":\"https:\/\/blogs.uninter.edu.mx\/difusioncultural\/#website\"},\"primaryImageOfPage\":{\"@id\":\"https:\/\/blogs.uninter.edu.mx\/difusioncultural\/?p=9116#primaryimage\"},\"image\":{\"@id\":\"https:\/\/blogs.uninter.edu.mx\/difusioncultural\/?p=9116#primaryimage\"},\"thumbnailUrl\":\"https:\/\/blogs.uninter.edu.mx\/difusioncultural\/wp-content\/uploads\/2022\/09\/libree.jpg\",\"datePublished\":\"2022-09-20T16:00:32+00:00\",\"breadcrumb\":{\"@id\":\"https:\/\/blogs.uninter.edu.mx\/difusioncultural\/?p=9116#breadcrumb\"},\"inLanguage\":\"es\",\"potentialAction\":[{\"@type\":\"ReadAction\",\"target\":[\"https:\/\/blogs.uninter.edu.mx\/difusioncultural\/?p=9116\"]}]},{\"@type\":\"ImageObject\",\"inLanguage\":\"es\",\"@id\":\"https:\/\/blogs.uninter.edu.mx\/difusioncultural\/?p=9116#primaryimage\",\"url\":\"https:\/\/blogs.uninter.edu.mx\/difusioncultural\/wp-content\/uploads\/2022\/09\/libree.jpg\",\"contentUrl\":\"https:\/\/blogs.uninter.edu.mx\/difusioncultural\/wp-content\/uploads\/2022\/09\/libree.jpg\",\"width\":276,\"height\":182},{\"@type\":\"BreadcrumbList\",\"@id\":\"https:\/\/blogs.uninter.edu.mx\/difusioncultural\/?p=9116#breadcrumb\",\"itemListElement\":[{\"@type\":\"ListItem\",\"position\":1,\"name\":\"Inicio\",\"item\":\"https:\/\/blogs.uninter.edu.mx\/difusioncultural\/\"},{\"@type\":\"ListItem\",\"position\":2,\"name\":\"20 de Septiembre: D\u00eda Mundial de la Libre Expresi\u00f3n\"}]},{\"@type\":\"WebSite\",\"@id\":\"https:\/\/blogs.uninter.edu.mx\/difusioncultural\/#website\",\"url\":\"https:\/\/blogs.uninter.edu.mx\/difusioncultural\/\",\"name\":\"Difusi\u00f3n Cultural\",\"description\":\"UNINTER\",\"publisher\":{\"@id\":\"https:\/\/blogs.uninter.edu.mx\/difusioncultural\/#organization\"},\"potentialAction\":[{\"@type\":\"SearchAction\",\"target\":{\"@type\":\"EntryPoint\",\"urlTemplate\":\"https:\/\/blogs.uninter.edu.mx\/difusioncultural\/?s={search_term_string}\"},\"query-input\":{\"@type\":\"PropertyValueSpecification\",\"valueRequired\":true,\"valueName\":\"search_term_string\"}}],\"inLanguage\":\"es\"},{\"@type\":\"Organization\",\"@id\":\"https:\/\/blogs.uninter.edu.mx\/difusioncultural\/#organization\",\"name\":\"Difusi\u00f3n Cultural\",\"url\":\"https:\/\/blogs.uninter.edu.mx\/difusioncultural\/\",\"logo\":{\"@type\":\"ImageObject\",\"inLanguage\":\"es\",\"@id\":\"https:\/\/blogs.uninter.edu.mx\/difusioncultural\/#\/schema\/logo\/image\/\",\"url\":\"https:\/\/blogs.uninter.edu.mx\/difusioncultural\/wp-content\/uploads\/2022\/09\/uninter.jpg\",\"contentUrl\":\"https:\/\/blogs.uninter.edu.mx\/difusioncultural\/wp-content\/uploads\/2022\/09\/uninter.jpg\",\"width\":2048,\"height\":2048,\"caption\":\"Difusi\u00f3n Cultural\"},\"image\":{\"@id\":\"https:\/\/blogs.uninter.edu.mx\/difusioncultural\/#\/schema\/logo\/image\/\"}},{\"@type\":\"Person\",\"@id\":\"https:\/\/blogs.uninter.edu.mx\/difusioncultural\/#\/schema\/person\/c710e37686022500827405824a08a18c\",\"name\":\"Aslhey Alejandra Gonz\u00e1lez Castro\",\"image\":{\"@type\":\"ImageObject\",\"inLanguage\":\"es\",\"@id\":\"https:\/\/blogs.uninter.edu.mx\/difusioncultural\/#\/schema\/person\/image\/\",\"url\":\"https:\/\/secure.gravatar.com\/avatar\/1905d6ed47b47ccbfb53e4b64f72f2017309e25d96ef418088d4f998ecf6552e?s=96&d=mm&r=g\",\"contentUrl\":\"https:\/\/secure.gravatar.com\/avatar\/1905d6ed47b47ccbfb53e4b64f72f2017309e25d96ef418088d4f998ecf6552e?s=96&d=mm&r=g\",\"caption\":\"Aslhey Alejandra Gonz\u00e1lez Castro\"},\"url\":\"https:\/\/blogs.uninter.edu.mx\/difusioncultural\/?author=24\"}]}<\/script>\r\n<!-- \/ Yoast SEO plugin. -->","yoast_head_json":{"title":"20 de Septiembre: D\u00eda Mundial de la Libre Expresi\u00f3n - Difusi\u00f3n Cultural","robots":{"index":"index","follow":"follow","max-snippet":"max-snippet:-1","max-image-preview":"max-image-preview:large","max-video-preview":"max-video-preview:-1"},"canonical":"https:\/\/blogs.uninter.edu.mx\/difusioncultural\/?p=9116","og_locale":"es_MX","og_type":"article","og_title":"20 de Septiembre: D\u00eda Mundial de la Libre Expresi\u00f3n - Difusi\u00f3n Cultural","og_description":"La libertad de expresi\u00f3n de pensamiento es un derecho inalienable para los seres humanos. Es importante para el desarrollo personal y la dignidad de cada persona, y es fundamental para el disfrute de otros derechos humanos. D\u00eda mundial de la libertad de expresi\u00f3n de pensamiento: \u00bfpor qu\u00e9 se conmemora el 20 de septiembre? Cada 20&hellip;","og_url":"https:\/\/blogs.uninter.edu.mx\/difusioncultural\/?p=9116","og_site_name":"Difusi\u00f3n Cultural","article_published_time":"2022-09-20T16:00:32+00:00","og_image":[{"width":276,"height":182,"url":"https:\/\/blogs.uninter.edu.mx\/difusioncultural\/wp-content\/uploads\/2022\/09\/libree.jpg","type":"image\/jpeg"}],"author":"Aslhey Alejandra Gonz\u00e1lez Castro","twitter_card":"summary_large_image","twitter_misc":{"Escrito por":"Aslhey Alejandra Gonz\u00e1lez Castro","Tiempo de lectura":"3 minutos"},"schema":{"@context":"https:\/\/schema.org","@graph":[{"@type":"Article","@id":"https:\/\/blogs.uninter.edu.mx\/difusioncultural\/?p=9116#article","isPartOf":{"@id":"https:\/\/blogs.uninter.edu.mx\/difusioncultural\/?p=9116"},"author":{"name":"Aslhey Alejandra Gonz\u00e1lez Castro","@id":"https:\/\/blogs.uninter.edu.mx\/difusioncultural\/#\/schema\/person\/c710e37686022500827405824a08a18c"},"headline":"20 de Septiembre: D\u00eda Mundial de la Libre Expresi\u00f3n","datePublished":"2022-09-20T16:00:32+00:00","mainEntityOfPage":{"@id":"https:\/\/blogs.uninter.edu.mx\/difusioncultural\/?p=9116"},"wordCount":689,"publisher":{"@id":"https:\/\/blogs.uninter.edu.mx\/difusioncultural\/#organization"},"image":{"@id":"https:\/\/blogs.uninter.edu.mx\/difusioncultural\/?p=9116#primaryimage"},"thumbnailUrl":"https:\/\/blogs.uninter.edu.mx\/difusioncultural\/wp-content\/uploads\/2022\/09\/libree.jpg","articleSection":["noticias","un dia como hoy"],"inLanguage":"es"},{"@type":"WebPage","@id":"https:\/\/blogs.uninter.edu.mx\/difusioncultural\/?p=9116","url":"https:\/\/blogs.uninter.edu.mx\/difusioncultural\/?p=9116","name":"20 de Septiembre: D\u00eda Mundial de la Libre Expresi\u00f3n - Difusi\u00f3n Cultural","isPartOf":{"@id":"https:\/\/blogs.uninter.edu.mx\/difusioncultural\/#website"},"primaryImageOfPage":{"@id":"https:\/\/blogs.uninter.edu.mx\/difusioncultural\/?p=9116#primaryimage"},"image":{"@id":"https:\/\/blogs.uninter.edu.mx\/difusioncultural\/?p=9116#primaryimage"},"thumbnailUrl":"https:\/\/blogs.uninter.edu.mx\/difusioncultural\/wp-content\/uploads\/2022\/09\/libree.jpg","datePublished":"2022-09-20T16:00:32+00:00","breadcrumb":{"@id":"https:\/\/blogs.uninter.edu.mx\/difusioncultural\/?p=9116#breadcrumb"},"inLanguage":"es","potentialAction":[{"@type":"ReadAction","target":["https:\/\/blogs.uninter.edu.mx\/difusioncultural\/?p=9116"]}]},{"@type":"ImageObject","inLanguage":"es","@id":"https:\/\/blogs.uninter.edu.mx\/difusioncultural\/?p=9116#primaryimage","url":"https:\/\/blogs.uninter.edu.mx\/difusioncultural\/wp-content\/uploads\/2022\/09\/libree.jpg","contentUrl":"https:\/\/blogs.uninter.edu.mx\/difusioncultural\/wp-content\/uploads\/2022\/09\/libree.jpg","width":276,"height":182},{"@type":"BreadcrumbList","@id":"https:\/\/blogs.uninter.edu.mx\/difusioncultural\/?p=9116#breadcrumb","itemListElement":[{"@type":"ListItem","position":1,"name":"Inicio","item":"https:\/\/blogs.uninter.edu.mx\/difusioncultural\/"},{"@type":"ListItem","position":2,"name":"20 de Septiembre: D\u00eda Mundial de la Libre Expresi\u00f3n"}]},{"@type":"WebSite","@id":"https:\/\/blogs.uninter.edu.mx\/difusioncultural\/#website","url":"https:\/\/blogs.uninter.edu.mx\/difusioncultural\/","name":"Difusi\u00f3n Cultural","description":"UNINTER","publisher":{"@id":"https:\/\/blogs.uninter.edu.mx\/difusioncultural\/#organization"},"potentialAction":[{"@type":"SearchAction","target":{"@type":"EntryPoint","urlTemplate":"https:\/\/blogs.uninter.edu.mx\/difusioncultural\/?s={search_term_string}"},"query-input":{"@type":"PropertyValueSpecification","valueRequired":true,"valueName":"search_term_string"}}],"inLanguage":"es"},{"@type":"Organization","@id":"https:\/\/blogs.uninter.edu.mx\/difusioncultural\/#organization","name":"Difusi\u00f3n Cultural","url":"https:\/\/blogs.uninter.edu.mx\/difusioncultural\/","logo":{"@type":"ImageObject","inLanguage":"es","@id":"https:\/\/blogs.uninter.edu.mx\/difusioncultural\/#\/schema\/logo\/image\/","url":"https:\/\/blogs.uninter.edu.mx\/difusioncultural\/wp-content\/uploads\/2022\/09\/uninter.jpg","contentUrl":"https:\/\/blogs.uninter.edu.mx\/difusioncultural\/wp-content\/uploads\/2022\/09\/uninter.jpg","width":2048,"height":2048,"caption":"Difusi\u00f3n Cultural"},"image":{"@id":"https:\/\/blogs.uninter.edu.mx\/difusioncultural\/#\/schema\/logo\/image\/"}},{"@type":"Person","@id":"https:\/\/blogs.uninter.edu.mx\/difusioncultural\/#\/schema\/person\/c710e37686022500827405824a08a18c","name":"Aslhey Alejandra Gonz\u00e1lez Castro","image":{"@type":"ImageObject","inLanguage":"es","@id":"https:\/\/blogs.uninter.edu.mx\/difusioncultural\/#\/schema\/person\/image\/","url":"https:\/\/secure.gravatar.com\/avatar\/1905d6ed47b47ccbfb53e4b64f72f2017309e25d96ef418088d4f998ecf6552e?s=96&d=mm&r=g","contentUrl":"https:\/\/secure.gravatar.com\/avatar\/1905d6ed47b47ccbfb53e4b64f72f2017309e25d96ef418088d4f998ecf6552e?s=96&d=mm&r=g","caption":"Aslhey Alejandra Gonz\u00e1lez Castro"},"url":"https:\/\/blogs.uninter.edu.mx\/difusioncultural\/?author=24"}]}},"jetpack_publicize_connections":[],"jetpack_featured_media_url":"https:\/\/blogs.uninter.edu.mx\/difusioncultural\/wp-content\/uploads\/2022\/09\/libree.jpg","jetpack_sharing_enabled":true,"_links":{"self":[{"href":"https:\/\/blogs.uninter.edu.mx\/difusioncultural\/index.php?rest_route=\/wp\/v2\/posts\/9116","targetHints":{"allow":["GET"]}}],"collection":[{"href":"https:\/\/blogs.uninter.edu.mx\/difusioncultural\/index.php?rest_route=\/wp\/v2\/posts"}],"about":[{"href":"https:\/\/blogs.uninter.edu.mx\/difusioncultural\/index.php?rest_route=\/wp\/v2\/types\/post"}],"author":[{"embeddable":true,"href":"https:\/\/blogs.uninter.edu.mx\/difusioncultural\/index.php?rest_route=\/wp\/v2\/users\/24"}],"replies":[{"embeddable":true,"href":"https:\/\/blogs.uninter.edu.mx\/difusioncultural\/index.php?rest_route=%2Fwp%2Fv2%2Fcomments&post=9116"}],"version-history":[{"count":0,"href":"https:\/\/blogs.uninter.edu.mx\/difusioncultural\/index.php?rest_route=\/wp\/v2\/posts\/9116\/revisions"}],"wp:featuredmedia":[{"embeddable":true,"href":"https:\/\/blogs.uninter.edu.mx\/difusioncultural\/index.php?rest_route=\/wp\/v2\/media\/9120"}],"wp:attachment":[{"href":"https:\/\/blogs.uninter.edu.mx\/difusioncultural\/index.php?rest_route=%2Fwp%2Fv2%2Fmedia&parent=9116"}],"wp:term":[{"taxonomy":"category","embeddable":true,"href":"https:\/\/blogs.uninter.edu.mx\/difusioncultural\/index.php?rest_route=%2Fwp%2Fv2%2Fcategories&post=9116"},{"taxonomy":"post_tag","embeddable":true,"href":"https:\/\/blogs.uninter.edu.mx\/difusioncultural\/index.php?rest_route=%2Fwp%2Fv2%2Ftags&post=9116"}],"curies":[{"name":"wp","href":"https:\/\/api.w.org\/{rel}","templated":true}]}}