{"id":9123,"date":"2022-09-21T10:33:42","date_gmt":"2022-09-21T15:33:42","guid":{"rendered":"https:\/\/difusionculturaluninter.wordpress.com\/?p=9123"},"modified":"2022-09-21T10:33:42","modified_gmt":"2022-09-21T15:33:42","slug":"21-de-septiembre-dia-mundial-del-alzheimer","status":"publish","type":"post","link":"https:\/\/blogs.uninter.edu.mx\/difusioncultural\/?p=9123","title":{"rendered":"21 de septiembre: D\u00eda Mundial del&nbsp;Alzheimer"},"content":{"rendered":"\n<figure class=\"wp-block-image\"><img decoding=\"async\" src=\"https:\/\/cadenaser.com\/resizer\/bZ1g3UpSpHkP0-Nw-whao2FBqNQ=\/736x414\/filters:format(jpg):quality(70)\/cloudfront-eu-central-1.images.arcpublishing.com\/prisaradio\/PDM5C2Y22RCSXEBOTTDFJAVHY4.jpeg\" alt=\"21 de septiembre, D\u00eda Mundial del Alzheimer, por la \u2018InvestigAcci\u00f3n\u2019\" \/><\/figure>\n\n\n\n<p>Cada&nbsp;<strong>21 de septiembre<\/strong>&nbsp;se celebra el \u2018<strong>D\u00eda Mundial del Alzheimer<\/strong>\u2019, proclamado por la&nbsp;<strong>Organizaci\u00f3n Mundial de la Salud (OMS)<\/strong>. Seg\u00fan datos de la OMS, \u201c\u2026 La enfermedad de Alzheimer es la forma m\u00e1s com\u00fan de demencia: se calcula que representa entre un 60% y un 70% de los casos\u201d.<\/p>\n\n\n\n<p><strong>El objetivo<\/strong>&nbsp;de esta jornada es el de recordar que la enfermedad&nbsp;<strong>se manifiesta cada vez m\u00e1s en un mayor n\u00famero de personas<\/strong>, por lo que es necesario hacer&nbsp;<strong>hincapi\u00e9 en la prevenci\u00f3n y detecci\u00f3n<\/strong>&nbsp;antes de que llegue a mostrarse con todos sus s\u00edntomas.<\/p>\n\n\n\n<figure class=\"wp-block-image\"><img decoding=\"async\" src=\"https:\/\/cadenaser.com\/resizer\/Cv1nAfF-O9Ty3VuA3zr_H-DpjjQ=\/650x366\/filters:quality(70)\/cloudfront-eu-central-1.images.arcpublishing.com\/prisaradio\/U7EUFTAHDNBNFIR6BECIG3EI6M.jpeg\" alt=\"\" \/><figcaption class=\"wp-element-caption\">De izquierda a derecha, psic\u00f3loga, trabajadora social y monitora de AFA Sierra M\u00e1gina&nbsp;\/&nbsp;Antonio Plaza<\/figcaption><\/figure>\n\n\n\n<p>Esta ma\u00f1ana nos hemos dirigido a la sede de la&nbsp;<strong>Asociaci\u00f3n de Familiares de enfermos de Alzheimer \u2018AFA Sierra M\u00e1gina\u2019 de J\u00f3dar<\/strong>, en la calle El Olivo (Antiguo INEM), donde hemos conversado con la&nbsp;<strong>psic\u00f3loga, Noelia Herrera<\/strong>,&nbsp;<strong>Antonia Mar\u00eda Herrera, Trabajadora Social<\/strong>, la&nbsp;<strong>monitora Antonia V\u00edlchez&nbsp;<\/strong>y con las&nbsp;<strong>usuarias de la asociaci\u00f3n<\/strong>, mientras realizaban sus tareas a primera hora de la ma\u00f1ana.<\/p>\n\n\n\n<p>Con la&nbsp;<strong>psic\u00f3loga y la trabajadora social<\/strong>, hemos&nbsp;<strong>conversado sobre la enfermedad, actividades<\/strong>&nbsp;que realizan en el centro,&nbsp;<strong>necesidades y proyectos<\/strong>.<\/p>\n\n\n\n<figure class=\"wp-block-image\"><img decoding=\"async\" src=\"https:\/\/cadenaser.com\/resizer\/BVwkfA2WdesAGSFrn5SqRP5I3uE=\/650x650\/filters:quality(70)\/cloudfront-eu-central-1.images.arcpublishing.com\/prisaradio\/7RTJDH2GNREPVNNNRDKHMPX6EA.jpeg\" alt=\"\" \/><figcaption class=\"wp-element-caption\">Momento en el que convers\u00e1bamos con Teresina, una de las usuarias&nbsp;\/&nbsp;Antonio Plaza<\/figcaption><\/figure>\n\n\n\n<p>Especialmente elocuentes los testimonios de las&nbsp;<strong>usuarias<\/strong>&nbsp;(Teresina, Ana, Cristobalina, Fidela\u2026), con los que hemos conocido sus&nbsp;<strong>sensaciones personales<\/strong>, juegos y manualidades, mostr\u00e1ndonos su entusiasmo y alegr\u00eda.<\/p>\n\n\n\n<p><strong>D\u00eda Mundial del Alzheimer 2022<\/strong><\/p>\n\n\n\n<p>Este mi\u00e9rcoles, 21 de septiembre, se conmemora el&nbsp;<strong>D\u00eda Mundial del Alzheimer<\/strong>, evento instituido por la Organizaci\u00f3n Mundial de la Salud (OMS).<\/p>\n\n\n\n<figure class=\"wp-block-image\"><img decoding=\"async\" src=\"https:\/\/cadenaser.com\/resizer\/XcjEMknhQ0jnLZN_wBDeyWfzMUc=\/650x650\/filters:quality(70)\/cloudfront-eu-central-1.images.arcpublishing.com\/prisaradio\/XG2C3G6DDJHOXPZ5KWHWNLV7C4.jpeg\" alt=\"\" \/><figcaption class=\"wp-element-caption\">Tambi\u00e9n habl\u00e1bamos con Ana&nbsp;\/&nbsp;Antonio Plaza<\/figcaption><\/figure>\n\n\n\n<p>Este a\u00f1o bajo el lema&nbsp;<strong>\u2018InvestigAcci\u00f3n\u2019<\/strong>, la Confederaci\u00f3n Espa\u00f1ola de Alzheimer plantea sus reivindicaciones y propuestas con motivo del D\u00eda Mundial del Alzheimer 2022.<\/p>\n\n\n\n<p>El eje central de estas reivindicaciones y propuestas se centra en&nbsp;<strong>la investigaci\u00f3n.<\/strong><\/p>\n\n\n\n<p>\u00b7 Indagar para descubrir algo.<\/p>\n\n\n\n<p>\u00b7 Indagar para aclarar la conducta de ciertas personas sospechosas de actuar ilegalmente.<\/p>\n\n\n\n<p>\u00b7 Realizar actividades intelectuales y experimentales de modo sistem\u00e1tico con el prop\u00f3sito de aumentar los conocimientos sobre una determinada materia.<\/p>\n\n\n\n<figure class=\"wp-block-image\"><img decoding=\"async\" src=\"https:\/\/cadenaser.com\/resizer\/t0DazHcU7n0rtBBxYetLjXLjUjI=\/650x366\/filters:quality(70)\/cloudfront-eu-central-1.images.arcpublishing.com\/prisaradio\/DL4CMERG3RCNNKTCYRPJD3LEUE.jpeg\" alt=\"\" \/><figcaption class=\"wp-element-caption\">Otra de las usuarias con las que charl\u00e1bamos, Fidela&nbsp;\/&nbsp;Antonio Plaza<\/figcaption><\/figure>\n\n\n\n<p>Aqu\u00ed nos interesan la primera y tercera acepci\u00f3n del t\u00e9rmino investigar, pues est\u00e1n vinculadas con el prop\u00f3sito que CEAFA se plantea para este D\u00eda Mundial del Alzheimer 2022, habiendo elegido como lema del mismo \u2018<strong>InvestigAcci\u00f3n. En el itinerario de la demencia<\/strong>\u2019.<\/p>\n\n\n\n<p>Aparentemente, en el \u00e1mbito de la investigaci\u00f3n tal como se entiende a nivel general, puede parecer que el significado m\u00e1s apropiado ha de ser el tercero, lo cual es cierto desde una perspectiva de<strong>&nbsp;investigaci\u00f3n biom\u00e9dica<\/strong>&nbsp;que, adem\u00e1s de trabajar por encontrar resultados, busca la generaci\u00f3n de nuevos conocimientos sobre una cuesti\u00f3n determinada.<\/p>\n\n\n\n<p>Sin embargo, no debe olvidarse la primera acepci\u00f3n (indagar para descubrir algo), porque est\u00e1 en la base de lo que la Confederaci\u00f3n concibe por&nbsp;<strong>investigaci\u00f3n social o sociosanitaria<\/strong>. Esta es otro tipo de investigaci\u00f3n basada tambi\u00e9n en los principios cient\u00edficos que rigen los procesos investigadores, que busca principalmente conocer y analizar la situaci\u00f3n en la que se encuentran las personas en su convivencia con el Alzheimer para plantear alternativas, soluciones o propuestas que mejoren sus condiciones de calidad de vida<\/p>\n","protected":false},"excerpt":{"rendered":"<p>Cada&nbsp;21 de septiembre&nbsp;se celebra el \u2018D\u00eda Mundial del Alzheimer\u2019, proclamado por la&nbsp;Organizaci\u00f3n Mundial de la Salud (OMS). Seg\u00fan datos de la OMS, \u201c\u2026 La enfermedad de Alzheimer es la forma m\u00e1s com\u00fan de demencia: se calcula que representa entre un 60% y un 70% de los casos\u201d. El objetivo&nbsp;de esta jornada es el de recordar&hellip;<\/p>\n","protected":false},"author":24,"featured_media":9125,"comment_status":"closed","ping_status":"open","sticky":false,"template":"","format":"standard","meta":{"_jetpack_memberships_contains_paid_content":false,"footnotes":"","jetpack_publicize_message":"","jetpack_publicize_feature_enabled":true,"jetpack_social_post_already_shared":false,"jetpack_social_options":{"image_generator_settings":{"template":"highway","default_image_id":0,"font":"","enabled":false},"version":2}},"categories":[12],"tags":[],"class_list":["post-9123","post","type-post","status-publish","format-standard","has-post-thumbnail","hentry","category-noticias"],"yoast_head":"<!-- This site is optimized with the Yoast SEO plugin v26.3 - https:\/\/yoast.com\/wordpress\/plugins\/seo\/ -->\r\n<title>21 de septiembre: D\u00eda Mundial del&nbsp;Alzheimer - Difusi\u00f3n Cultural<\/title>\r\n<meta name=\"robots\" content=\"index, follow, max-snippet:-1, max-image-preview:large, max-video-preview:-1\" \/>\r\n<link rel=\"canonical\" href=\"https:\/\/blogs.uninter.edu.mx\/difusioncultural\/?p=9123\" \/>\r\n<meta property=\"og:locale\" content=\"es_MX\" \/>\r\n<meta property=\"og:type\" content=\"article\" \/>\r\n<meta property=\"og:title\" content=\"21 de septiembre: D\u00eda Mundial del&nbsp;Alzheimer - Difusi\u00f3n Cultural\" \/>\r\n<meta property=\"og:description\" content=\"Cada&nbsp;21 de septiembre&nbsp;se celebra el \u2018D\u00eda Mundial del Alzheimer\u2019, proclamado por la&nbsp;Organizaci\u00f3n Mundial de la Salud (OMS). Seg\u00fan datos de la OMS, \u201c\u2026 La enfermedad de Alzheimer es la forma m\u00e1s com\u00fan de demencia: se calcula que representa entre un 60% y un 70% de los casos\u201d. El objetivo&nbsp;de esta jornada es el de recordar&hellip;\" \/>\r\n<meta property=\"og:url\" content=\"https:\/\/blogs.uninter.edu.mx\/difusioncultural\/?p=9123\" \/>\r\n<meta property=\"og:site_name\" content=\"Difusi\u00f3n Cultural\" \/>\r\n<meta property=\"article:published_time\" content=\"2022-09-21T15:33:42+00:00\" \/>\r\n<meta property=\"og:image\" content=\"https:\/\/blogs.uninter.edu.mx\/difusioncultural\/wp-content\/uploads\/2022\/09\/alzheimer.jpg\" \/>\r\n\t<meta property=\"og:image:width\" content=\"329\" \/>\r\n\t<meta property=\"og:image:height\" content=\"153\" \/>\r\n\t<meta property=\"og:image:type\" content=\"image\/jpeg\" \/>\r\n<meta name=\"author\" content=\"Aslhey Alejandra Gonz\u00e1lez Castro\" \/>\r\n<meta name=\"twitter:card\" content=\"summary_large_image\" \/>\r\n<meta name=\"twitter:label1\" content=\"Escrito por\" \/>\n\t<meta name=\"twitter:data1\" content=\"Aslhey Alejandra Gonz\u00e1lez Castro\" \/>\n\t<meta name=\"twitter:label2\" content=\"Tiempo de lectura\" \/>\n\t<meta name=\"twitter:data2\" content=\"3 minutos\" \/>\r\n<script type=\"application\/ld+json\" class=\"yoast-schema-graph\">{\"@context\":\"https:\/\/schema.org\",\"@graph\":[{\"@type\":\"Article\",\"@id\":\"https:\/\/blogs.uninter.edu.mx\/difusioncultural\/?p=9123#article\",\"isPartOf\":{\"@id\":\"https:\/\/blogs.uninter.edu.mx\/difusioncultural\/?p=9123\"},\"author\":{\"name\":\"Aslhey Alejandra Gonz\u00e1lez Castro\",\"@id\":\"https:\/\/blogs.uninter.edu.mx\/difusioncultural\/#\/schema\/person\/c710e37686022500827405824a08a18c\"},\"headline\":\"21 de septiembre: D\u00eda Mundial del&nbsp;Alzheimer\",\"datePublished\":\"2022-09-21T15:33:42+00:00\",\"mainEntityOfPage\":{\"@id\":\"https:\/\/blogs.uninter.edu.mx\/difusioncultural\/?p=9123\"},\"wordCount\":618,\"publisher\":{\"@id\":\"https:\/\/blogs.uninter.edu.mx\/difusioncultural\/#organization\"},\"image\":{\"@id\":\"https:\/\/blogs.uninter.edu.mx\/difusioncultural\/?p=9123#primaryimage\"},\"thumbnailUrl\":\"https:\/\/blogs.uninter.edu.mx\/difusioncultural\/wp-content\/uploads\/2022\/09\/alzheimer.jpg\",\"articleSection\":[\"noticias\"],\"inLanguage\":\"es\"},{\"@type\":\"WebPage\",\"@id\":\"https:\/\/blogs.uninter.edu.mx\/difusioncultural\/?p=9123\",\"url\":\"https:\/\/blogs.uninter.edu.mx\/difusioncultural\/?p=9123\",\"name\":\"21 de septiembre: D\u00eda Mundial del&nbsp;Alzheimer - Difusi\u00f3n Cultural\",\"isPartOf\":{\"@id\":\"https:\/\/blogs.uninter.edu.mx\/difusioncultural\/#website\"},\"primaryImageOfPage\":{\"@id\":\"https:\/\/blogs.uninter.edu.mx\/difusioncultural\/?p=9123#primaryimage\"},\"image\":{\"@id\":\"https:\/\/blogs.uninter.edu.mx\/difusioncultural\/?p=9123#primaryimage\"},\"thumbnailUrl\":\"https:\/\/blogs.uninter.edu.mx\/difusioncultural\/wp-content\/uploads\/2022\/09\/alzheimer.jpg\",\"datePublished\":\"2022-09-21T15:33:42+00:00\",\"breadcrumb\":{\"@id\":\"https:\/\/blogs.uninter.edu.mx\/difusioncultural\/?p=9123#breadcrumb\"},\"inLanguage\":\"es\",\"potentialAction\":[{\"@type\":\"ReadAction\",\"target\":[\"https:\/\/blogs.uninter.edu.mx\/difusioncultural\/?p=9123\"]}]},{\"@type\":\"ImageObject\",\"inLanguage\":\"es\",\"@id\":\"https:\/\/blogs.uninter.edu.mx\/difusioncultural\/?p=9123#primaryimage\",\"url\":\"https:\/\/blogs.uninter.edu.mx\/difusioncultural\/wp-content\/uploads\/2022\/09\/alzheimer.jpg\",\"contentUrl\":\"https:\/\/blogs.uninter.edu.mx\/difusioncultural\/wp-content\/uploads\/2022\/09\/alzheimer.jpg\",\"width\":329,\"height\":153},{\"@type\":\"BreadcrumbList\",\"@id\":\"https:\/\/blogs.uninter.edu.mx\/difusioncultural\/?p=9123#breadcrumb\",\"itemListElement\":[{\"@type\":\"ListItem\",\"position\":1,\"name\":\"Inicio\",\"item\":\"https:\/\/blogs.uninter.edu.mx\/difusioncultural\/\"},{\"@type\":\"ListItem\",\"position\":2,\"name\":\"21 de septiembre: D\u00eda Mundial del&nbsp;Alzheimer\"}]},{\"@type\":\"WebSite\",\"@id\":\"https:\/\/blogs.uninter.edu.mx\/difusioncultural\/#website\",\"url\":\"https:\/\/blogs.uninter.edu.mx\/difusioncultural\/\",\"name\":\"Difusi\u00f3n Cultural\",\"description\":\"UNINTER\",\"publisher\":{\"@id\":\"https:\/\/blogs.uninter.edu.mx\/difusioncultural\/#organization\"},\"potentialAction\":[{\"@type\":\"SearchAction\",\"target\":{\"@type\":\"EntryPoint\",\"urlTemplate\":\"https:\/\/blogs.uninter.edu.mx\/difusioncultural\/?s={search_term_string}\"},\"query-input\":{\"@type\":\"PropertyValueSpecification\",\"valueRequired\":true,\"valueName\":\"search_term_string\"}}],\"inLanguage\":\"es\"},{\"@type\":\"Organization\",\"@id\":\"https:\/\/blogs.uninter.edu.mx\/difusioncultural\/#organization\",\"name\":\"Difusi\u00f3n Cultural\",\"url\":\"https:\/\/blogs.uninter.edu.mx\/difusioncultural\/\",\"logo\":{\"@type\":\"ImageObject\",\"inLanguage\":\"es\",\"@id\":\"https:\/\/blogs.uninter.edu.mx\/difusioncultural\/#\/schema\/logo\/image\/\",\"url\":\"https:\/\/blogs.uninter.edu.mx\/difusioncultural\/wp-content\/uploads\/2022\/09\/uninter.jpg\",\"contentUrl\":\"https:\/\/blogs.uninter.edu.mx\/difusioncultural\/wp-content\/uploads\/2022\/09\/uninter.jpg\",\"width\":2048,\"height\":2048,\"caption\":\"Difusi\u00f3n Cultural\"},\"image\":{\"@id\":\"https:\/\/blogs.uninter.edu.mx\/difusioncultural\/#\/schema\/logo\/image\/\"}},{\"@type\":\"Person\",\"@id\":\"https:\/\/blogs.uninter.edu.mx\/difusioncultural\/#\/schema\/person\/c710e37686022500827405824a08a18c\",\"name\":\"Aslhey Alejandra Gonz\u00e1lez Castro\",\"image\":{\"@type\":\"ImageObject\",\"inLanguage\":\"es\",\"@id\":\"https:\/\/blogs.uninter.edu.mx\/difusioncultural\/#\/schema\/person\/image\/\",\"url\":\"https:\/\/secure.gravatar.com\/avatar\/1905d6ed47b47ccbfb53e4b64f72f2017309e25d96ef418088d4f998ecf6552e?s=96&d=mm&r=g\",\"contentUrl\":\"https:\/\/secure.gravatar.com\/avatar\/1905d6ed47b47ccbfb53e4b64f72f2017309e25d96ef418088d4f998ecf6552e?s=96&d=mm&r=g\",\"caption\":\"Aslhey Alejandra Gonz\u00e1lez Castro\"},\"url\":\"https:\/\/blogs.uninter.edu.mx\/difusioncultural\/?author=24\"}]}<\/script>\r\n<!-- \/ Yoast SEO plugin. -->","yoast_head_json":{"title":"21 de septiembre: D\u00eda Mundial del&nbsp;Alzheimer - Difusi\u00f3n Cultural","robots":{"index":"index","follow":"follow","max-snippet":"max-snippet:-1","max-image-preview":"max-image-preview:large","max-video-preview":"max-video-preview:-1"},"canonical":"https:\/\/blogs.uninter.edu.mx\/difusioncultural\/?p=9123","og_locale":"es_MX","og_type":"article","og_title":"21 de septiembre: D\u00eda Mundial del&nbsp;Alzheimer - Difusi\u00f3n Cultural","og_description":"Cada&nbsp;21 de septiembre&nbsp;se celebra el \u2018D\u00eda Mundial del Alzheimer\u2019, proclamado por la&nbsp;Organizaci\u00f3n Mundial de la Salud (OMS). Seg\u00fan datos de la OMS, \u201c\u2026 La enfermedad de Alzheimer es la forma m\u00e1s com\u00fan de demencia: se calcula que representa entre un 60% y un 70% de los casos\u201d. El objetivo&nbsp;de esta jornada es el de recordar&hellip;","og_url":"https:\/\/blogs.uninter.edu.mx\/difusioncultural\/?p=9123","og_site_name":"Difusi\u00f3n Cultural","article_published_time":"2022-09-21T15:33:42+00:00","og_image":[{"width":329,"height":153,"url":"https:\/\/blogs.uninter.edu.mx\/difusioncultural\/wp-content\/uploads\/2022\/09\/alzheimer.jpg","type":"image\/jpeg"}],"author":"Aslhey Alejandra Gonz\u00e1lez Castro","twitter_card":"summary_large_image","twitter_misc":{"Escrito por":"Aslhey Alejandra Gonz\u00e1lez Castro","Tiempo de lectura":"3 minutos"},"schema":{"@context":"https:\/\/schema.org","@graph":[{"@type":"Article","@id":"https:\/\/blogs.uninter.edu.mx\/difusioncultural\/?p=9123#article","isPartOf":{"@id":"https:\/\/blogs.uninter.edu.mx\/difusioncultural\/?p=9123"},"author":{"name":"Aslhey Alejandra Gonz\u00e1lez Castro","@id":"https:\/\/blogs.uninter.edu.mx\/difusioncultural\/#\/schema\/person\/c710e37686022500827405824a08a18c"},"headline":"21 de septiembre: D\u00eda Mundial del&nbsp;Alzheimer","datePublished":"2022-09-21T15:33:42+00:00","mainEntityOfPage":{"@id":"https:\/\/blogs.uninter.edu.mx\/difusioncultural\/?p=9123"},"wordCount":618,"publisher":{"@id":"https:\/\/blogs.uninter.edu.mx\/difusioncultural\/#organization"},"image":{"@id":"https:\/\/blogs.uninter.edu.mx\/difusioncultural\/?p=9123#primaryimage"},"thumbnailUrl":"https:\/\/blogs.uninter.edu.mx\/difusioncultural\/wp-content\/uploads\/2022\/09\/alzheimer.jpg","articleSection":["noticias"],"inLanguage":"es"},{"@type":"WebPage","@id":"https:\/\/blogs.uninter.edu.mx\/difusioncultural\/?p=9123","url":"https:\/\/blogs.uninter.edu.mx\/difusioncultural\/?p=9123","name":"21 de septiembre: D\u00eda Mundial del&nbsp;Alzheimer - Difusi\u00f3n Cultural","isPartOf":{"@id":"https:\/\/blogs.uninter.edu.mx\/difusioncultural\/#website"},"primaryImageOfPage":{"@id":"https:\/\/blogs.uninter.edu.mx\/difusioncultural\/?p=9123#primaryimage"},"image":{"@id":"https:\/\/blogs.uninter.edu.mx\/difusioncultural\/?p=9123#primaryimage"},"thumbnailUrl":"https:\/\/blogs.uninter.edu.mx\/difusioncultural\/wp-content\/uploads\/2022\/09\/alzheimer.jpg","datePublished":"2022-09-21T15:33:42+00:00","breadcrumb":{"@id":"https:\/\/blogs.uninter.edu.mx\/difusioncultural\/?p=9123#breadcrumb"},"inLanguage":"es","potentialAction":[{"@type":"ReadAction","target":["https:\/\/blogs.uninter.edu.mx\/difusioncultural\/?p=9123"]}]},{"@type":"ImageObject","inLanguage":"es","@id":"https:\/\/blogs.uninter.edu.mx\/difusioncultural\/?p=9123#primaryimage","url":"https:\/\/blogs.uninter.edu.mx\/difusioncultural\/wp-content\/uploads\/2022\/09\/alzheimer.jpg","contentUrl":"https:\/\/blogs.uninter.edu.mx\/difusioncultural\/wp-content\/uploads\/2022\/09\/alzheimer.jpg","width":329,"height":153},{"@type":"BreadcrumbList","@id":"https:\/\/blogs.uninter.edu.mx\/difusioncultural\/?p=9123#breadcrumb","itemListElement":[{"@type":"ListItem","position":1,"name":"Inicio","item":"https:\/\/blogs.uninter.edu.mx\/difusioncultural\/"},{"@type":"ListItem","position":2,"name":"21 de septiembre: D\u00eda Mundial del&nbsp;Alzheimer"}]},{"@type":"WebSite","@id":"https:\/\/blogs.uninter.edu.mx\/difusioncultural\/#website","url":"https:\/\/blogs.uninter.edu.mx\/difusioncultural\/","name":"Difusi\u00f3n Cultural","description":"UNINTER","publisher":{"@id":"https:\/\/blogs.uninter.edu.mx\/difusioncultural\/#organization"},"potentialAction":[{"@type":"SearchAction","target":{"@type":"EntryPoint","urlTemplate":"https:\/\/blogs.uninter.edu.mx\/difusioncultural\/?s={search_term_string}"},"query-input":{"@type":"PropertyValueSpecification","valueRequired":true,"valueName":"search_term_string"}}],"inLanguage":"es"},{"@type":"Organization","@id":"https:\/\/blogs.uninter.edu.mx\/difusioncultural\/#organization","name":"Difusi\u00f3n Cultural","url":"https:\/\/blogs.uninter.edu.mx\/difusioncultural\/","logo":{"@type":"ImageObject","inLanguage":"es","@id":"https:\/\/blogs.uninter.edu.mx\/difusioncultural\/#\/schema\/logo\/image\/","url":"https:\/\/blogs.uninter.edu.mx\/difusioncultural\/wp-content\/uploads\/2022\/09\/uninter.jpg","contentUrl":"https:\/\/blogs.uninter.edu.mx\/difusioncultural\/wp-content\/uploads\/2022\/09\/uninter.jpg","width":2048,"height":2048,"caption":"Difusi\u00f3n Cultural"},"image":{"@id":"https:\/\/blogs.uninter.edu.mx\/difusioncultural\/#\/schema\/logo\/image\/"}},{"@type":"Person","@id":"https:\/\/blogs.uninter.edu.mx\/difusioncultural\/#\/schema\/person\/c710e37686022500827405824a08a18c","name":"Aslhey Alejandra Gonz\u00e1lez Castro","image":{"@type":"ImageObject","inLanguage":"es","@id":"https:\/\/blogs.uninter.edu.mx\/difusioncultural\/#\/schema\/person\/image\/","url":"https:\/\/secure.gravatar.com\/avatar\/1905d6ed47b47ccbfb53e4b64f72f2017309e25d96ef418088d4f998ecf6552e?s=96&d=mm&r=g","contentUrl":"https:\/\/secure.gravatar.com\/avatar\/1905d6ed47b47ccbfb53e4b64f72f2017309e25d96ef418088d4f998ecf6552e?s=96&d=mm&r=g","caption":"Aslhey Alejandra Gonz\u00e1lez Castro"},"url":"https:\/\/blogs.uninter.edu.mx\/difusioncultural\/?author=24"}]}},"jetpack_publicize_connections":[],"jetpack_featured_media_url":"https:\/\/blogs.uninter.edu.mx\/difusioncultural\/wp-content\/uploads\/2022\/09\/alzheimer.jpg","jetpack_sharing_enabled":true,"_links":{"self":[{"href":"https:\/\/blogs.uninter.edu.mx\/difusioncultural\/index.php?rest_route=\/wp\/v2\/posts\/9123","targetHints":{"allow":["GET"]}}],"collection":[{"href":"https:\/\/blogs.uninter.edu.mx\/difusioncultural\/index.php?rest_route=\/wp\/v2\/posts"}],"about":[{"href":"https:\/\/blogs.uninter.edu.mx\/difusioncultural\/index.php?rest_route=\/wp\/v2\/types\/post"}],"author":[{"embeddable":true,"href":"https:\/\/blogs.uninter.edu.mx\/difusioncultural\/index.php?rest_route=\/wp\/v2\/users\/24"}],"replies":[{"embeddable":true,"href":"https:\/\/blogs.uninter.edu.mx\/difusioncultural\/index.php?rest_route=%2Fwp%2Fv2%2Fcomments&post=9123"}],"version-history":[{"count":0,"href":"https:\/\/blogs.uninter.edu.mx\/difusioncultural\/index.php?rest_route=\/wp\/v2\/posts\/9123\/revisions"}],"wp:featuredmedia":[{"embeddable":true,"href":"https:\/\/blogs.uninter.edu.mx\/difusioncultural\/index.php?rest_route=\/wp\/v2\/media\/9125"}],"wp:attachment":[{"href":"https:\/\/blogs.uninter.edu.mx\/difusioncultural\/index.php?rest_route=%2Fwp%2Fv2%2Fmedia&parent=9123"}],"wp:term":[{"taxonomy":"category","embeddable":true,"href":"https:\/\/blogs.uninter.edu.mx\/difusioncultural\/index.php?rest_route=%2Fwp%2Fv2%2Fcategories&post=9123"},{"taxonomy":"post_tag","embeddable":true,"href":"https:\/\/blogs.uninter.edu.mx\/difusioncultural\/index.php?rest_route=%2Fwp%2Fv2%2Ftags&post=9123"}],"curies":[{"name":"wp","href":"https:\/\/api.w.org\/{rel}","templated":true}]}}