{"id":9157,"date":"2022-10-05T09:53:53","date_gmt":"2022-10-05T14:53:53","guid":{"rendered":"https:\/\/difusionculturaluninter.wordpress.com\/?p=9157"},"modified":"2022-10-05T09:53:53","modified_gmt":"2022-10-05T14:53:53","slug":"5-de-octubre-dia-internacional-del-docente","status":"publish","type":"post","link":"https:\/\/blogs.uninter.edu.mx\/difusioncultural\/?p=9157","title":{"rendered":"5 de Octubre: D\u00eda Internacional del Docente"},"content":{"rendered":"\n<p>Celebrado anualmente el 5 de octubre desde 1994, el D\u00eda mundial de las y los docentes conmemora el aniversario de la suscripci\u00f3n de la&nbsp;<a href=\"https:\/\/es.unesco.org\/themes\/docentes\/ceart\">Recomendaci\u00f3n de la OIT y la UNESCO relativa a la Situaci\u00f3n del Personal Docente (1966).<\/a>&nbsp;Esta Recomendaci\u00f3n establece criterios de referencia en cuanto a los derechos y responsabilidades del personal docente y normas para su formaci\u00f3n inicial y perfeccionamiento, la contrataci\u00f3n, el empleo, y las condiciones de ense\u00f1anza y aprendizaje. La&nbsp;Recomendaci\u00f3n relativa a la Condici\u00f3n del Personal Docente de la Ense\u00f1anza Superior&nbsp;fue adoptada en 1997 para completar la Recomendaci\u00f3n de 1966, abarcando as\u00ed el personal docente y de investigaci\u00f3n de la ense\u00f1anza superior.<\/p>\n\n\n\n<p>Es un d\u00eda para celebrar c\u00f3mo los y las docentes est\u00e1n transformando la educaci\u00f3n, para reflexionar sobre el apoyo que necesitan para desplegar plenamente su talento y vocaci\u00f3n, y para repensar el camino que queda por delante con respecto a la profesi\u00f3n a nivel mundial.&nbsp;<\/p>\n\n\n\n<p>El D\u00eda mundial de las y los docentes se convoca en colaboraci\u00f3n con el UNICEF, la Organizaci\u00f3n Internacional del Trabajo y la Internacional de la Educaci\u00f3n.<\/p>\n\n\n\n<figure class=\"wp-block-image\"><img decoding=\"async\" src=\"https:\/\/www.unesco.org\/sites\/default\/files\/styles\/paragraph_medium_desktop\/public\/survey-gced-esd-teachers.jpg?itok=dNrih95w\" alt=\"\" \/><\/figure>\n\n\n\n<p>&#8220;Today, on World Teachers\u2019 Day, we celebrate the critical role of teachers in transforming learners\u2019 potential by ensuring they have the tools they need to take responsibility for themselves, for others and for the planet. We call on countries to ensure that teachers are trusted and recognized as knowledge producers, reflective practitioners, and policy partners.&#8221;<\/p>\n\n\n\n<p>Mensaje conjunto de la Sra. Audrey Azoulay, Directora General de la UNESCO, el Sr. Gilbert F. Houngbo, Director General de la Organizaci\u00f3n Internacional del Trabajo, la Sra. Catherine Russell, Directora Ejecutiva del UNICEF, y el Sr. David Edwards, Secretario General de la Internacional de la Educaci\u00f3n, con motivo del D\u00eda Mundial de los Docentes.<\/p>\n\n\n\n<h2 class=\"wp-block-heading\">Celebraciones 2022<\/h2>\n\n\n\n<p>La tem\u00e1tica para el D\u00eda mundial de las y los docentes 2022 es&nbsp;\u201cLa transformaci\u00f3n de la educaci\u00f3n comienza con las y los docentes\u201d.&nbsp;Las celebraciones&nbsp;abordar\u00e1n los compromisos y llamados a la acci\u00f3n realizados en la Cumbre sobre la Transformaci\u00f3n de la Educaci\u00f3n en septiembre de 2022, y se analizar\u00e1n las implicaciones que tienen para los docentes y la ense\u00f1anza.&nbsp;<\/p>\n\n\n\n<p>La celebraci\u00f3n de tres d\u00edas en la sede de la UNESCO\u00a0incluir\u00e1 la ceremonia de entrega del Premio UNESCO-Hamdan para el Desarrollo Docente y una serie de eventos online y en persona. All\u00ed se discutir\u00e1 la necesidad de garantizar tanto las condiciones de trabajo de los docentes como el acceso a oportunidades de desarrollo profesional y el reconocimiento de su estatus profesional, para as\u00ed avanzar hacia sistemas educativos m\u00e1s resilientes. La UNESCO une sus esfuerzos para potenciar el papel vital de estos principales agentes de cambio.\u00a0<\/p>\n\n\n\n<figure class=\"wp-block-image size-large is-resized\"><a href=\"https:\/\/blogs.uninter.edu.mx\/difusioncultural\/wp-content\/uploads\/2022\/10\/image-3.png\"><img fetchpriority=\"high\" decoding=\"async\" src=\"https:\/\/blogs.uninter.edu.mx\/difusioncultural\/wp-content\/uploads\/2022\/10\/image-3.png?w=275\" alt=\"\" class=\"wp-image-9160\" width=\"429\" height=\"285\" \/><\/a><\/figure>\n","protected":false},"excerpt":{"rendered":"<p>Celebrado anualmente el 5 de octubre desde 1994, el D\u00eda mundial de las y los docentes conmemora el aniversario de la suscripci\u00f3n de la&nbsp;Recomendaci\u00f3n de la OIT y la UNESCO relativa a la Situaci\u00f3n del Personal Docente (1966).&nbsp;Esta Recomendaci\u00f3n establece criterios de referencia en cuanto a los derechos y responsabilidades del personal docente y normas&hellip;<\/p>\n","protected":false},"author":24,"featured_media":9160,"comment_status":"closed","ping_status":"open","sticky":false,"template":"","format":"standard","meta":{"_jetpack_memberships_contains_paid_content":false,"footnotes":"","jetpack_publicize_message":"","jetpack_publicize_feature_enabled":true,"jetpack_social_post_already_shared":false,"jetpack_social_options":{"image_generator_settings":{"template":"highway","default_image_id":0,"font":"","enabled":false},"version":2}},"categories":[12,14],"tags":[],"class_list":["post-9157","post","type-post","status-publish","format-standard","has-post-thumbnail","hentry","category-noticias","category-un-dia-como-hoy"],"yoast_head":"<!-- This site is optimized with the Yoast SEO plugin v26.3 - https:\/\/yoast.com\/wordpress\/plugins\/seo\/ -->\r\n<title>5 de Octubre: D\u00eda Internacional del Docente - Difusi\u00f3n Cultural<\/title>\r\n<meta name=\"robots\" content=\"index, follow, max-snippet:-1, max-image-preview:large, max-video-preview:-1\" \/>\r\n<link rel=\"canonical\" href=\"https:\/\/blogs.uninter.edu.mx\/difusioncultural\/?p=9157\" \/>\r\n<meta property=\"og:locale\" content=\"es_MX\" \/>\r\n<meta property=\"og:type\" content=\"article\" \/>\r\n<meta property=\"og:title\" content=\"5 de Octubre: D\u00eda Internacional del Docente - Difusi\u00f3n Cultural\" \/>\r\n<meta property=\"og:description\" content=\"Celebrado anualmente el 5 de octubre desde 1994, el D\u00eda mundial de las y los docentes conmemora el aniversario de la suscripci\u00f3n de la&nbsp;Recomendaci\u00f3n de la OIT y la UNESCO relativa a la Situaci\u00f3n del Personal Docente (1966).&nbsp;Esta Recomendaci\u00f3n establece criterios de referencia en cuanto a los derechos y responsabilidades del personal docente y normas&hellip;\" \/>\r\n<meta property=\"og:url\" content=\"https:\/\/blogs.uninter.edu.mx\/difusioncultural\/?p=9157\" \/>\r\n<meta property=\"og:site_name\" content=\"Difusi\u00f3n Cultural\" \/>\r\n<meta property=\"article:published_time\" content=\"2022-10-05T14:53:53+00:00\" \/>\r\n<meta property=\"og:image\" content=\"https:\/\/blogs.uninter.edu.mx\/difusioncultural\/wp-content\/uploads\/2022\/10\/image-3.png\" \/>\r\n\t<meta property=\"og:image:width\" content=\"275\" \/>\r\n\t<meta property=\"og:image:height\" content=\"183\" \/>\r\n\t<meta property=\"og:image:type\" content=\"image\/png\" \/>\r\n<meta name=\"author\" content=\"Aslhey Alejandra Gonz\u00e1lez Castro\" \/>\r\n<meta name=\"twitter:card\" content=\"summary_large_image\" \/>\r\n<meta name=\"twitter:label1\" content=\"Escrito por\" \/>\n\t<meta name=\"twitter:data1\" content=\"Aslhey Alejandra Gonz\u00e1lez Castro\" \/>\n\t<meta name=\"twitter:label2\" content=\"Tiempo de lectura\" \/>\n\t<meta name=\"twitter:data2\" content=\"2 minutos\" \/>\r\n<script type=\"application\/ld+json\" class=\"yoast-schema-graph\">{\"@context\":\"https:\/\/schema.org\",\"@graph\":[{\"@type\":\"Article\",\"@id\":\"https:\/\/blogs.uninter.edu.mx\/difusioncultural\/?p=9157#article\",\"isPartOf\":{\"@id\":\"https:\/\/blogs.uninter.edu.mx\/difusioncultural\/?p=9157\"},\"author\":{\"name\":\"Aslhey Alejandra Gonz\u00e1lez Castro\",\"@id\":\"https:\/\/blogs.uninter.edu.mx\/difusioncultural\/#\/schema\/person\/c710e37686022500827405824a08a18c\"},\"headline\":\"5 de Octubre: D\u00eda Internacional del Docente\",\"datePublished\":\"2022-10-05T14:53:53+00:00\",\"mainEntityOfPage\":{\"@id\":\"https:\/\/blogs.uninter.edu.mx\/difusioncultural\/?p=9157\"},\"wordCount\":486,\"publisher\":{\"@id\":\"https:\/\/blogs.uninter.edu.mx\/difusioncultural\/#organization\"},\"image\":{\"@id\":\"https:\/\/blogs.uninter.edu.mx\/difusioncultural\/?p=9157#primaryimage\"},\"thumbnailUrl\":\"https:\/\/blogs.uninter.edu.mx\/difusioncultural\/wp-content\/uploads\/2022\/10\/image-3.png\",\"articleSection\":[\"noticias\",\"un dia como hoy\"],\"inLanguage\":\"es\"},{\"@type\":\"WebPage\",\"@id\":\"https:\/\/blogs.uninter.edu.mx\/difusioncultural\/?p=9157\",\"url\":\"https:\/\/blogs.uninter.edu.mx\/difusioncultural\/?p=9157\",\"name\":\"5 de Octubre: D\u00eda Internacional del Docente - Difusi\u00f3n Cultural\",\"isPartOf\":{\"@id\":\"https:\/\/blogs.uninter.edu.mx\/difusioncultural\/#website\"},\"primaryImageOfPage\":{\"@id\":\"https:\/\/blogs.uninter.edu.mx\/difusioncultural\/?p=9157#primaryimage\"},\"image\":{\"@id\":\"https:\/\/blogs.uninter.edu.mx\/difusioncultural\/?p=9157#primaryimage\"},\"thumbnailUrl\":\"https:\/\/blogs.uninter.edu.mx\/difusioncultural\/wp-content\/uploads\/2022\/10\/image-3.png\",\"datePublished\":\"2022-10-05T14:53:53+00:00\",\"breadcrumb\":{\"@id\":\"https:\/\/blogs.uninter.edu.mx\/difusioncultural\/?p=9157#breadcrumb\"},\"inLanguage\":\"es\",\"potentialAction\":[{\"@type\":\"ReadAction\",\"target\":[\"https:\/\/blogs.uninter.edu.mx\/difusioncultural\/?p=9157\"]}]},{\"@type\":\"ImageObject\",\"inLanguage\":\"es\",\"@id\":\"https:\/\/blogs.uninter.edu.mx\/difusioncultural\/?p=9157#primaryimage\",\"url\":\"https:\/\/blogs.uninter.edu.mx\/difusioncultural\/wp-content\/uploads\/2022\/10\/image-3.png\",\"contentUrl\":\"https:\/\/blogs.uninter.edu.mx\/difusioncultural\/wp-content\/uploads\/2022\/10\/image-3.png\",\"width\":275,\"height\":183},{\"@type\":\"BreadcrumbList\",\"@id\":\"https:\/\/blogs.uninter.edu.mx\/difusioncultural\/?p=9157#breadcrumb\",\"itemListElement\":[{\"@type\":\"ListItem\",\"position\":1,\"name\":\"Inicio\",\"item\":\"https:\/\/blogs.uninter.edu.mx\/difusioncultural\/\"},{\"@type\":\"ListItem\",\"position\":2,\"name\":\"5 de Octubre: D\u00eda Internacional del Docente\"}]},{\"@type\":\"WebSite\",\"@id\":\"https:\/\/blogs.uninter.edu.mx\/difusioncultural\/#website\",\"url\":\"https:\/\/blogs.uninter.edu.mx\/difusioncultural\/\",\"name\":\"Difusi\u00f3n Cultural\",\"description\":\"UNINTER\",\"publisher\":{\"@id\":\"https:\/\/blogs.uninter.edu.mx\/difusioncultural\/#organization\"},\"potentialAction\":[{\"@type\":\"SearchAction\",\"target\":{\"@type\":\"EntryPoint\",\"urlTemplate\":\"https:\/\/blogs.uninter.edu.mx\/difusioncultural\/?s={search_term_string}\"},\"query-input\":{\"@type\":\"PropertyValueSpecification\",\"valueRequired\":true,\"valueName\":\"search_term_string\"}}],\"inLanguage\":\"es\"},{\"@type\":\"Organization\",\"@id\":\"https:\/\/blogs.uninter.edu.mx\/difusioncultural\/#organization\",\"name\":\"Difusi\u00f3n Cultural\",\"url\":\"https:\/\/blogs.uninter.edu.mx\/difusioncultural\/\",\"logo\":{\"@type\":\"ImageObject\",\"inLanguage\":\"es\",\"@id\":\"https:\/\/blogs.uninter.edu.mx\/difusioncultural\/#\/schema\/logo\/image\/\",\"url\":\"https:\/\/blogs.uninter.edu.mx\/difusioncultural\/wp-content\/uploads\/2022\/09\/uninter.jpg\",\"contentUrl\":\"https:\/\/blogs.uninter.edu.mx\/difusioncultural\/wp-content\/uploads\/2022\/09\/uninter.jpg\",\"width\":2048,\"height\":2048,\"caption\":\"Difusi\u00f3n Cultural\"},\"image\":{\"@id\":\"https:\/\/blogs.uninter.edu.mx\/difusioncultural\/#\/schema\/logo\/image\/\"}},{\"@type\":\"Person\",\"@id\":\"https:\/\/blogs.uninter.edu.mx\/difusioncultural\/#\/schema\/person\/c710e37686022500827405824a08a18c\",\"name\":\"Aslhey Alejandra Gonz\u00e1lez Castro\",\"image\":{\"@type\":\"ImageObject\",\"inLanguage\":\"es\",\"@id\":\"https:\/\/blogs.uninter.edu.mx\/difusioncultural\/#\/schema\/person\/image\/\",\"url\":\"https:\/\/secure.gravatar.com\/avatar\/1905d6ed47b47ccbfb53e4b64f72f2017309e25d96ef418088d4f998ecf6552e?s=96&d=mm&r=g\",\"contentUrl\":\"https:\/\/secure.gravatar.com\/avatar\/1905d6ed47b47ccbfb53e4b64f72f2017309e25d96ef418088d4f998ecf6552e?s=96&d=mm&r=g\",\"caption\":\"Aslhey Alejandra Gonz\u00e1lez Castro\"},\"url\":\"https:\/\/blogs.uninter.edu.mx\/difusioncultural\/?author=24\"}]}<\/script>\r\n<!-- \/ Yoast SEO plugin. -->","yoast_head_json":{"title":"5 de Octubre: D\u00eda Internacional del Docente - Difusi\u00f3n Cultural","robots":{"index":"index","follow":"follow","max-snippet":"max-snippet:-1","max-image-preview":"max-image-preview:large","max-video-preview":"max-video-preview:-1"},"canonical":"https:\/\/blogs.uninter.edu.mx\/difusioncultural\/?p=9157","og_locale":"es_MX","og_type":"article","og_title":"5 de Octubre: D\u00eda Internacional del Docente - Difusi\u00f3n Cultural","og_description":"Celebrado anualmente el 5 de octubre desde 1994, el D\u00eda mundial de las y los docentes conmemora el aniversario de la suscripci\u00f3n de la&nbsp;Recomendaci\u00f3n de la OIT y la UNESCO relativa a la Situaci\u00f3n del Personal Docente (1966).&nbsp;Esta Recomendaci\u00f3n establece criterios de referencia en cuanto a los derechos y responsabilidades del personal docente y normas&hellip;","og_url":"https:\/\/blogs.uninter.edu.mx\/difusioncultural\/?p=9157","og_site_name":"Difusi\u00f3n Cultural","article_published_time":"2022-10-05T14:53:53+00:00","og_image":[{"width":275,"height":183,"url":"https:\/\/blogs.uninter.edu.mx\/difusioncultural\/wp-content\/uploads\/2022\/10\/image-3.png","type":"image\/png"}],"author":"Aslhey Alejandra Gonz\u00e1lez Castro","twitter_card":"summary_large_image","twitter_misc":{"Escrito por":"Aslhey Alejandra Gonz\u00e1lez Castro","Tiempo de lectura":"2 minutos"},"schema":{"@context":"https:\/\/schema.org","@graph":[{"@type":"Article","@id":"https:\/\/blogs.uninter.edu.mx\/difusioncultural\/?p=9157#article","isPartOf":{"@id":"https:\/\/blogs.uninter.edu.mx\/difusioncultural\/?p=9157"},"author":{"name":"Aslhey Alejandra Gonz\u00e1lez Castro","@id":"https:\/\/blogs.uninter.edu.mx\/difusioncultural\/#\/schema\/person\/c710e37686022500827405824a08a18c"},"headline":"5 de Octubre: D\u00eda Internacional del Docente","datePublished":"2022-10-05T14:53:53+00:00","mainEntityOfPage":{"@id":"https:\/\/blogs.uninter.edu.mx\/difusioncultural\/?p=9157"},"wordCount":486,"publisher":{"@id":"https:\/\/blogs.uninter.edu.mx\/difusioncultural\/#organization"},"image":{"@id":"https:\/\/blogs.uninter.edu.mx\/difusioncultural\/?p=9157#primaryimage"},"thumbnailUrl":"https:\/\/blogs.uninter.edu.mx\/difusioncultural\/wp-content\/uploads\/2022\/10\/image-3.png","articleSection":["noticias","un dia como hoy"],"inLanguage":"es"},{"@type":"WebPage","@id":"https:\/\/blogs.uninter.edu.mx\/difusioncultural\/?p=9157","url":"https:\/\/blogs.uninter.edu.mx\/difusioncultural\/?p=9157","name":"5 de Octubre: D\u00eda Internacional del Docente - Difusi\u00f3n Cultural","isPartOf":{"@id":"https:\/\/blogs.uninter.edu.mx\/difusioncultural\/#website"},"primaryImageOfPage":{"@id":"https:\/\/blogs.uninter.edu.mx\/difusioncultural\/?p=9157#primaryimage"},"image":{"@id":"https:\/\/blogs.uninter.edu.mx\/difusioncultural\/?p=9157#primaryimage"},"thumbnailUrl":"https:\/\/blogs.uninter.edu.mx\/difusioncultural\/wp-content\/uploads\/2022\/10\/image-3.png","datePublished":"2022-10-05T14:53:53+00:00","breadcrumb":{"@id":"https:\/\/blogs.uninter.edu.mx\/difusioncultural\/?p=9157#breadcrumb"},"inLanguage":"es","potentialAction":[{"@type":"ReadAction","target":["https:\/\/blogs.uninter.edu.mx\/difusioncultural\/?p=9157"]}]},{"@type":"ImageObject","inLanguage":"es","@id":"https:\/\/blogs.uninter.edu.mx\/difusioncultural\/?p=9157#primaryimage","url":"https:\/\/blogs.uninter.edu.mx\/difusioncultural\/wp-content\/uploads\/2022\/10\/image-3.png","contentUrl":"https:\/\/blogs.uninter.edu.mx\/difusioncultural\/wp-content\/uploads\/2022\/10\/image-3.png","width":275,"height":183},{"@type":"BreadcrumbList","@id":"https:\/\/blogs.uninter.edu.mx\/difusioncultural\/?p=9157#breadcrumb","itemListElement":[{"@type":"ListItem","position":1,"name":"Inicio","item":"https:\/\/blogs.uninter.edu.mx\/difusioncultural\/"},{"@type":"ListItem","position":2,"name":"5 de Octubre: D\u00eda Internacional del Docente"}]},{"@type":"WebSite","@id":"https:\/\/blogs.uninter.edu.mx\/difusioncultural\/#website","url":"https:\/\/blogs.uninter.edu.mx\/difusioncultural\/","name":"Difusi\u00f3n Cultural","description":"UNINTER","publisher":{"@id":"https:\/\/blogs.uninter.edu.mx\/difusioncultural\/#organization"},"potentialAction":[{"@type":"SearchAction","target":{"@type":"EntryPoint","urlTemplate":"https:\/\/blogs.uninter.edu.mx\/difusioncultural\/?s={search_term_string}"},"query-input":{"@type":"PropertyValueSpecification","valueRequired":true,"valueName":"search_term_string"}}],"inLanguage":"es"},{"@type":"Organization","@id":"https:\/\/blogs.uninter.edu.mx\/difusioncultural\/#organization","name":"Difusi\u00f3n Cultural","url":"https:\/\/blogs.uninter.edu.mx\/difusioncultural\/","logo":{"@type":"ImageObject","inLanguage":"es","@id":"https:\/\/blogs.uninter.edu.mx\/difusioncultural\/#\/schema\/logo\/image\/","url":"https:\/\/blogs.uninter.edu.mx\/difusioncultural\/wp-content\/uploads\/2022\/09\/uninter.jpg","contentUrl":"https:\/\/blogs.uninter.edu.mx\/difusioncultural\/wp-content\/uploads\/2022\/09\/uninter.jpg","width":2048,"height":2048,"caption":"Difusi\u00f3n Cultural"},"image":{"@id":"https:\/\/blogs.uninter.edu.mx\/difusioncultural\/#\/schema\/logo\/image\/"}},{"@type":"Person","@id":"https:\/\/blogs.uninter.edu.mx\/difusioncultural\/#\/schema\/person\/c710e37686022500827405824a08a18c","name":"Aslhey Alejandra Gonz\u00e1lez Castro","image":{"@type":"ImageObject","inLanguage":"es","@id":"https:\/\/blogs.uninter.edu.mx\/difusioncultural\/#\/schema\/person\/image\/","url":"https:\/\/secure.gravatar.com\/avatar\/1905d6ed47b47ccbfb53e4b64f72f2017309e25d96ef418088d4f998ecf6552e?s=96&d=mm&r=g","contentUrl":"https:\/\/secure.gravatar.com\/avatar\/1905d6ed47b47ccbfb53e4b64f72f2017309e25d96ef418088d4f998ecf6552e?s=96&d=mm&r=g","caption":"Aslhey Alejandra Gonz\u00e1lez Castro"},"url":"https:\/\/blogs.uninter.edu.mx\/difusioncultural\/?author=24"}]}},"jetpack_publicize_connections":[],"jetpack_featured_media_url":"https:\/\/blogs.uninter.edu.mx\/difusioncultural\/wp-content\/uploads\/2022\/10\/image-3.png","jetpack_sharing_enabled":true,"_links":{"self":[{"href":"https:\/\/blogs.uninter.edu.mx\/difusioncultural\/index.php?rest_route=\/wp\/v2\/posts\/9157","targetHints":{"allow":["GET"]}}],"collection":[{"href":"https:\/\/blogs.uninter.edu.mx\/difusioncultural\/index.php?rest_route=\/wp\/v2\/posts"}],"about":[{"href":"https:\/\/blogs.uninter.edu.mx\/difusioncultural\/index.php?rest_route=\/wp\/v2\/types\/post"}],"author":[{"embeddable":true,"href":"https:\/\/blogs.uninter.edu.mx\/difusioncultural\/index.php?rest_route=\/wp\/v2\/users\/24"}],"replies":[{"embeddable":true,"href":"https:\/\/blogs.uninter.edu.mx\/difusioncultural\/index.php?rest_route=%2Fwp%2Fv2%2Fcomments&post=9157"}],"version-history":[{"count":0,"href":"https:\/\/blogs.uninter.edu.mx\/difusioncultural\/index.php?rest_route=\/wp\/v2\/posts\/9157\/revisions"}],"wp:featuredmedia":[{"embeddable":true,"href":"https:\/\/blogs.uninter.edu.mx\/difusioncultural\/index.php?rest_route=\/wp\/v2\/media\/9160"}],"wp:attachment":[{"href":"https:\/\/blogs.uninter.edu.mx\/difusioncultural\/index.php?rest_route=%2Fwp%2Fv2%2Fmedia&parent=9157"}],"wp:term":[{"taxonomy":"category","embeddable":true,"href":"https:\/\/blogs.uninter.edu.mx\/difusioncultural\/index.php?rest_route=%2Fwp%2Fv2%2Fcategories&post=9157"},{"taxonomy":"post_tag","embeddable":true,"href":"https:\/\/blogs.uninter.edu.mx\/difusioncultural\/index.php?rest_route=%2Fwp%2Fv2%2Ftags&post=9157"}],"curies":[{"name":"wp","href":"https:\/\/api.w.org\/{rel}","templated":true}]}}