{"id":9167,"date":"2022-10-10T12:43:09","date_gmt":"2022-10-10T17:43:09","guid":{"rendered":"https:\/\/difusionculturaluninter.wordpress.com\/?p=9167"},"modified":"2022-10-10T12:43:09","modified_gmt":"2022-10-10T17:43:09","slug":"10-de-octubre-dia-mundial-de-la-salud-mental","status":"publish","type":"post","link":"https:\/\/blogs.uninter.edu.mx\/difusioncultural\/?p=9167","title":{"rendered":"10 de Octubre: D\u00eda Mundial de la Salud Mental"},"content":{"rendered":"\n<p>El D\u00eda Mundial de la Salud Mental (DMH), que se celebra cada 10 de octubre, es promovido por la Federaci\u00f3n Mundial de la Salud Mental y cuenta con el respaldo de la Organizaci\u00f3n Mundial de la Salud (OMS). El evento representa un compromiso global para crear conciencia sobre los problemas de salud mental en todo el mundo y movilizar esfuerzos en apoyo de la salud mental.<\/p>\n\n\n\n<p>La pandemia de COVID-19 ha agravado la situaci\u00f3n de salud mental en la Regi\u00f3n, aumentando los nuevos casos de afecciones de salud mental y empeorando las preexistentes. Tambi\u00e9n ha producido interrupciones significativas en los servicios para trastornos mentales, neurol\u00f3gicos y por uso de sustancias. Las poblaciones que hist\u00f3ricamente se han enfrentado a una mayor carga de afecciones de salud mental y un acceso reducido al tratamiento se ven afectadas de manera desproporcionada por los impactos de COVID-19 en la salud mental.<\/p>\n\n\n\n<p>En la Regi\u00f3n de las Am\u00e9ricas, los trastornos mentales, neurol\u00f3gicos y por uso de sustancias (SNM) y el suicidio representan m\u00e1s de un tercio (34%) del total de a\u00f1os vividos con discapacidad, siendo los trastornos depresivos la principal causa de discapacidad. Casi 100.000 personas mueren por suicidio cada a\u00f1o en la Regi\u00f3n.<\/p>\n\n\n\n<p>Ahora m\u00e1s que nunca, mientras la pandemia de COVID-19 destaca y profundiza las inequidades de larga data en la salud mental en la Regi\u00f3n, es esencial que trabajemos para hacer que la atenci\u00f3n de salud mental sea una realidad para todos. El D\u00eda Mundial de la Salud Mental 2021 dar\u00e1 voz a diversas perspectivas sobre la salud mental durante la pandemia de COVID-19, con el objetivo de llamar la atenci\u00f3n sobre las inequidades en la salud mental en las Am\u00e9ricas y unirnos para eliminarlas.<\/p>\n\n\n\n<figure class=\"wp-block-image\"><img decoding=\"async\" src=\"https:\/\/www.paho.org\/sites\/default\/files\/image-wmhd-2021-2_0.png\" alt=\"\" \/><\/figure>\n\n\n\n<figure class=\"wp-block-image\"><img decoding=\"async\" src=\"https:\/\/www.paho.org\/sites\/default\/files\/image-wmhd-2021-1_0.png\" alt=\"\" \/><\/figure>\n\n\n\n<p>Conversaciones en vivo: Atenci\u00f3n en Salud Mental para todas las personas, \u00a1Hag\u00e1mosla realidad!!<\/p>\n\n\n\n<p>Como parte de las actividades organizadas para conmemorar el D\u00eda Mundial de la Salud Mental (10 de octubre), el viernes, 8 de octubre, la OPS llevar\u00e1 a cabo una sesi\u00f3n de Conversacions n vivo con exprtos sobre el impacto de la pandemia de COVID-19 sobre la atenci\u00f3n en la salud mental y los esfuerzos realizados para apoyar a los pa\u00edses a mejorar el acceso a ella.<\/p>\n\n\n\n<figure class=\"wp-block-image size-large is-resized\"><a href=\"https:\/\/blogs.uninter.edu.mx\/difusioncultural\/wp-content\/uploads\/2022\/10\/image-5.png\"><img fetchpriority=\"high\" decoding=\"async\" src=\"https:\/\/blogs.uninter.edu.mx\/difusioncultural\/wp-content\/uploads\/2022\/10\/image-5.png?w=272\" alt=\"\" class=\"wp-image-9169\" width=\"466\" height=\"317\" \/><\/a><\/figure>\n\n\n\n<p>Salud Mental Ahora: \u00a1comparte tu historia!<\/p>\n\n\n\n<p>La OPS est\u00e1 invitando a los trabajadores de salud de la regi\u00f3n de las Am\u00e9ricas a compartir sus experiencias en el cuidado de pacientes en la primera l\u00ednea de la pandemia y las lecciones de c\u00f3mo lo han enfrentado durante este tiempo.<\/p>\n\n\n\n<p>Si es un trabajador de la salud que vive en las Am\u00e9ricas,&nbsp;<strong>publica un video corto en Facebook, Twitter o Instagram usando el hashtag #SaludMentalAhora con su historia durante todo el mes de octubre.<\/strong>&nbsp;Los participantes tendr\u00e1n la oportunidad de aparecer en un video oficial de la OPS cuando termine de la campa\u00f1a.<\/p>\n","protected":false},"excerpt":{"rendered":"<p>El D\u00eda Mundial de la Salud Mental (DMH), que se celebra cada 10 de octubre, es promovido por la Federaci\u00f3n Mundial de la Salud Mental y cuenta con el respaldo de la Organizaci\u00f3n Mundial de la Salud (OMS). El evento representa un compromiso global para crear conciencia sobre los problemas de salud mental en todo&hellip;<\/p>\n","protected":false},"author":24,"featured_media":9169,"comment_status":"closed","ping_status":"open","sticky":false,"template":"","format":"standard","meta":{"_jetpack_memberships_contains_paid_content":false,"footnotes":"","jetpack_publicize_message":"","jetpack_publicize_feature_enabled":true,"jetpack_social_post_already_shared":false,"jetpack_social_options":{"image_generator_settings":{"template":"highway","default_image_id":0,"font":"","enabled":false},"version":2}},"categories":[12],"tags":[],"class_list":["post-9167","post","type-post","status-publish","format-standard","has-post-thumbnail","hentry","category-noticias"],"yoast_head":"<!-- This site is optimized with the Yoast SEO plugin v26.3 - https:\/\/yoast.com\/wordpress\/plugins\/seo\/ -->\r\n<title>10 de Octubre: D\u00eda Mundial de la Salud Mental - Difusi\u00f3n Cultural<\/title>\r\n<meta name=\"robots\" content=\"index, follow, max-snippet:-1, max-image-preview:large, max-video-preview:-1\" \/>\r\n<link rel=\"canonical\" href=\"https:\/\/blogs.uninter.edu.mx\/difusioncultural\/?p=9167\" \/>\r\n<meta property=\"og:locale\" content=\"es_MX\" \/>\r\n<meta property=\"og:type\" content=\"article\" \/>\r\n<meta property=\"og:title\" content=\"10 de Octubre: D\u00eda Mundial de la Salud Mental - Difusi\u00f3n Cultural\" \/>\r\n<meta property=\"og:description\" content=\"El D\u00eda Mundial de la Salud Mental (DMH), que se celebra cada 10 de octubre, es promovido por la Federaci\u00f3n Mundial de la Salud Mental y cuenta con el respaldo de la Organizaci\u00f3n Mundial de la Salud (OMS). El evento representa un compromiso global para crear conciencia sobre los problemas de salud mental en todo&hellip;\" \/>\r\n<meta property=\"og:url\" content=\"https:\/\/blogs.uninter.edu.mx\/difusioncultural\/?p=9167\" \/>\r\n<meta property=\"og:site_name\" content=\"Difusi\u00f3n Cultural\" \/>\r\n<meta property=\"article:published_time\" content=\"2022-10-10T17:43:09+00:00\" \/>\r\n<meta property=\"og:image\" content=\"https:\/\/blogs.uninter.edu.mx\/difusioncultural\/wp-content\/uploads\/2022\/10\/image-5.png\" \/>\r\n\t<meta property=\"og:image:width\" content=\"272\" \/>\r\n\t<meta property=\"og:image:height\" content=\"185\" \/>\r\n\t<meta property=\"og:image:type\" content=\"image\/png\" \/>\r\n<meta name=\"author\" content=\"Aslhey Alejandra Gonz\u00e1lez Castro\" \/>\r\n<meta name=\"twitter:card\" content=\"summary_large_image\" \/>\r\n<meta name=\"twitter:label1\" content=\"Escrito por\" \/>\n\t<meta name=\"twitter:data1\" content=\"Aslhey Alejandra Gonz\u00e1lez Castro\" \/>\n\t<meta name=\"twitter:label2\" content=\"Tiempo de lectura\" \/>\n\t<meta name=\"twitter:data2\" content=\"2 minutos\" \/>\r\n<script type=\"application\/ld+json\" class=\"yoast-schema-graph\">{\"@context\":\"https:\/\/schema.org\",\"@graph\":[{\"@type\":\"Article\",\"@id\":\"https:\/\/blogs.uninter.edu.mx\/difusioncultural\/?p=9167#article\",\"isPartOf\":{\"@id\":\"https:\/\/blogs.uninter.edu.mx\/difusioncultural\/?p=9167\"},\"author\":{\"name\":\"Aslhey Alejandra Gonz\u00e1lez Castro\",\"@id\":\"https:\/\/blogs.uninter.edu.mx\/difusioncultural\/#\/schema\/person\/c710e37686022500827405824a08a18c\"},\"headline\":\"10 de Octubre: D\u00eda Mundial de la Salud Mental\",\"datePublished\":\"2022-10-10T17:43:09+00:00\",\"mainEntityOfPage\":{\"@id\":\"https:\/\/blogs.uninter.edu.mx\/difusioncultural\/?p=9167\"},\"wordCount\":502,\"publisher\":{\"@id\":\"https:\/\/blogs.uninter.edu.mx\/difusioncultural\/#organization\"},\"image\":{\"@id\":\"https:\/\/blogs.uninter.edu.mx\/difusioncultural\/?p=9167#primaryimage\"},\"thumbnailUrl\":\"https:\/\/blogs.uninter.edu.mx\/difusioncultural\/wp-content\/uploads\/2022\/10\/image-5.png\",\"articleSection\":[\"noticias\"],\"inLanguage\":\"es\"},{\"@type\":\"WebPage\",\"@id\":\"https:\/\/blogs.uninter.edu.mx\/difusioncultural\/?p=9167\",\"url\":\"https:\/\/blogs.uninter.edu.mx\/difusioncultural\/?p=9167\",\"name\":\"10 de Octubre: D\u00eda Mundial de la Salud Mental - Difusi\u00f3n Cultural\",\"isPartOf\":{\"@id\":\"https:\/\/blogs.uninter.edu.mx\/difusioncultural\/#website\"},\"primaryImageOfPage\":{\"@id\":\"https:\/\/blogs.uninter.edu.mx\/difusioncultural\/?p=9167#primaryimage\"},\"image\":{\"@id\":\"https:\/\/blogs.uninter.edu.mx\/difusioncultural\/?p=9167#primaryimage\"},\"thumbnailUrl\":\"https:\/\/blogs.uninter.edu.mx\/difusioncultural\/wp-content\/uploads\/2022\/10\/image-5.png\",\"datePublished\":\"2022-10-10T17:43:09+00:00\",\"breadcrumb\":{\"@id\":\"https:\/\/blogs.uninter.edu.mx\/difusioncultural\/?p=9167#breadcrumb\"},\"inLanguage\":\"es\",\"potentialAction\":[{\"@type\":\"ReadAction\",\"target\":[\"https:\/\/blogs.uninter.edu.mx\/difusioncultural\/?p=9167\"]}]},{\"@type\":\"ImageObject\",\"inLanguage\":\"es\",\"@id\":\"https:\/\/blogs.uninter.edu.mx\/difusioncultural\/?p=9167#primaryimage\",\"url\":\"https:\/\/blogs.uninter.edu.mx\/difusioncultural\/wp-content\/uploads\/2022\/10\/image-5.png\",\"contentUrl\":\"https:\/\/blogs.uninter.edu.mx\/difusioncultural\/wp-content\/uploads\/2022\/10\/image-5.png\",\"width\":272,\"height\":185},{\"@type\":\"BreadcrumbList\",\"@id\":\"https:\/\/blogs.uninter.edu.mx\/difusioncultural\/?p=9167#breadcrumb\",\"itemListElement\":[{\"@type\":\"ListItem\",\"position\":1,\"name\":\"Inicio\",\"item\":\"https:\/\/blogs.uninter.edu.mx\/difusioncultural\/\"},{\"@type\":\"ListItem\",\"position\":2,\"name\":\"10 de Octubre: D\u00eda Mundial de la Salud Mental\"}]},{\"@type\":\"WebSite\",\"@id\":\"https:\/\/blogs.uninter.edu.mx\/difusioncultural\/#website\",\"url\":\"https:\/\/blogs.uninter.edu.mx\/difusioncultural\/\",\"name\":\"Difusi\u00f3n Cultural\",\"description\":\"UNINTER\",\"publisher\":{\"@id\":\"https:\/\/blogs.uninter.edu.mx\/difusioncultural\/#organization\"},\"potentialAction\":[{\"@type\":\"SearchAction\",\"target\":{\"@type\":\"EntryPoint\",\"urlTemplate\":\"https:\/\/blogs.uninter.edu.mx\/difusioncultural\/?s={search_term_string}\"},\"query-input\":{\"@type\":\"PropertyValueSpecification\",\"valueRequired\":true,\"valueName\":\"search_term_string\"}}],\"inLanguage\":\"es\"},{\"@type\":\"Organization\",\"@id\":\"https:\/\/blogs.uninter.edu.mx\/difusioncultural\/#organization\",\"name\":\"Difusi\u00f3n Cultural\",\"url\":\"https:\/\/blogs.uninter.edu.mx\/difusioncultural\/\",\"logo\":{\"@type\":\"ImageObject\",\"inLanguage\":\"es\",\"@id\":\"https:\/\/blogs.uninter.edu.mx\/difusioncultural\/#\/schema\/logo\/image\/\",\"url\":\"https:\/\/blogs.uninter.edu.mx\/difusioncultural\/wp-content\/uploads\/2022\/09\/uninter.jpg\",\"contentUrl\":\"https:\/\/blogs.uninter.edu.mx\/difusioncultural\/wp-content\/uploads\/2022\/09\/uninter.jpg\",\"width\":2048,\"height\":2048,\"caption\":\"Difusi\u00f3n Cultural\"},\"image\":{\"@id\":\"https:\/\/blogs.uninter.edu.mx\/difusioncultural\/#\/schema\/logo\/image\/\"}},{\"@type\":\"Person\",\"@id\":\"https:\/\/blogs.uninter.edu.mx\/difusioncultural\/#\/schema\/person\/c710e37686022500827405824a08a18c\",\"name\":\"Aslhey Alejandra Gonz\u00e1lez Castro\",\"image\":{\"@type\":\"ImageObject\",\"inLanguage\":\"es\",\"@id\":\"https:\/\/blogs.uninter.edu.mx\/difusioncultural\/#\/schema\/person\/image\/\",\"url\":\"https:\/\/secure.gravatar.com\/avatar\/1905d6ed47b47ccbfb53e4b64f72f2017309e25d96ef418088d4f998ecf6552e?s=96&d=mm&r=g\",\"contentUrl\":\"https:\/\/secure.gravatar.com\/avatar\/1905d6ed47b47ccbfb53e4b64f72f2017309e25d96ef418088d4f998ecf6552e?s=96&d=mm&r=g\",\"caption\":\"Aslhey Alejandra Gonz\u00e1lez Castro\"},\"url\":\"https:\/\/blogs.uninter.edu.mx\/difusioncultural\/?author=24\"}]}<\/script>\r\n<!-- \/ Yoast SEO plugin. -->","yoast_head_json":{"title":"10 de Octubre: D\u00eda Mundial de la Salud Mental - Difusi\u00f3n Cultural","robots":{"index":"index","follow":"follow","max-snippet":"max-snippet:-1","max-image-preview":"max-image-preview:large","max-video-preview":"max-video-preview:-1"},"canonical":"https:\/\/blogs.uninter.edu.mx\/difusioncultural\/?p=9167","og_locale":"es_MX","og_type":"article","og_title":"10 de Octubre: D\u00eda Mundial de la Salud Mental - Difusi\u00f3n Cultural","og_description":"El D\u00eda Mundial de la Salud Mental (DMH), que se celebra cada 10 de octubre, es promovido por la Federaci\u00f3n Mundial de la Salud Mental y cuenta con el respaldo de la Organizaci\u00f3n Mundial de la Salud (OMS). El evento representa un compromiso global para crear conciencia sobre los problemas de salud mental en todo&hellip;","og_url":"https:\/\/blogs.uninter.edu.mx\/difusioncultural\/?p=9167","og_site_name":"Difusi\u00f3n Cultural","article_published_time":"2022-10-10T17:43:09+00:00","og_image":[{"width":272,"height":185,"url":"https:\/\/blogs.uninter.edu.mx\/difusioncultural\/wp-content\/uploads\/2022\/10\/image-5.png","type":"image\/png"}],"author":"Aslhey Alejandra Gonz\u00e1lez Castro","twitter_card":"summary_large_image","twitter_misc":{"Escrito por":"Aslhey Alejandra Gonz\u00e1lez Castro","Tiempo de lectura":"2 minutos"},"schema":{"@context":"https:\/\/schema.org","@graph":[{"@type":"Article","@id":"https:\/\/blogs.uninter.edu.mx\/difusioncultural\/?p=9167#article","isPartOf":{"@id":"https:\/\/blogs.uninter.edu.mx\/difusioncultural\/?p=9167"},"author":{"name":"Aslhey Alejandra Gonz\u00e1lez Castro","@id":"https:\/\/blogs.uninter.edu.mx\/difusioncultural\/#\/schema\/person\/c710e37686022500827405824a08a18c"},"headline":"10 de Octubre: D\u00eda Mundial de la Salud Mental","datePublished":"2022-10-10T17:43:09+00:00","mainEntityOfPage":{"@id":"https:\/\/blogs.uninter.edu.mx\/difusioncultural\/?p=9167"},"wordCount":502,"publisher":{"@id":"https:\/\/blogs.uninter.edu.mx\/difusioncultural\/#organization"},"image":{"@id":"https:\/\/blogs.uninter.edu.mx\/difusioncultural\/?p=9167#primaryimage"},"thumbnailUrl":"https:\/\/blogs.uninter.edu.mx\/difusioncultural\/wp-content\/uploads\/2022\/10\/image-5.png","articleSection":["noticias"],"inLanguage":"es"},{"@type":"WebPage","@id":"https:\/\/blogs.uninter.edu.mx\/difusioncultural\/?p=9167","url":"https:\/\/blogs.uninter.edu.mx\/difusioncultural\/?p=9167","name":"10 de Octubre: D\u00eda Mundial de la Salud Mental - Difusi\u00f3n Cultural","isPartOf":{"@id":"https:\/\/blogs.uninter.edu.mx\/difusioncultural\/#website"},"primaryImageOfPage":{"@id":"https:\/\/blogs.uninter.edu.mx\/difusioncultural\/?p=9167#primaryimage"},"image":{"@id":"https:\/\/blogs.uninter.edu.mx\/difusioncultural\/?p=9167#primaryimage"},"thumbnailUrl":"https:\/\/blogs.uninter.edu.mx\/difusioncultural\/wp-content\/uploads\/2022\/10\/image-5.png","datePublished":"2022-10-10T17:43:09+00:00","breadcrumb":{"@id":"https:\/\/blogs.uninter.edu.mx\/difusioncultural\/?p=9167#breadcrumb"},"inLanguage":"es","potentialAction":[{"@type":"ReadAction","target":["https:\/\/blogs.uninter.edu.mx\/difusioncultural\/?p=9167"]}]},{"@type":"ImageObject","inLanguage":"es","@id":"https:\/\/blogs.uninter.edu.mx\/difusioncultural\/?p=9167#primaryimage","url":"https:\/\/blogs.uninter.edu.mx\/difusioncultural\/wp-content\/uploads\/2022\/10\/image-5.png","contentUrl":"https:\/\/blogs.uninter.edu.mx\/difusioncultural\/wp-content\/uploads\/2022\/10\/image-5.png","width":272,"height":185},{"@type":"BreadcrumbList","@id":"https:\/\/blogs.uninter.edu.mx\/difusioncultural\/?p=9167#breadcrumb","itemListElement":[{"@type":"ListItem","position":1,"name":"Inicio","item":"https:\/\/blogs.uninter.edu.mx\/difusioncultural\/"},{"@type":"ListItem","position":2,"name":"10 de Octubre: D\u00eda Mundial de la Salud Mental"}]},{"@type":"WebSite","@id":"https:\/\/blogs.uninter.edu.mx\/difusioncultural\/#website","url":"https:\/\/blogs.uninter.edu.mx\/difusioncultural\/","name":"Difusi\u00f3n Cultural","description":"UNINTER","publisher":{"@id":"https:\/\/blogs.uninter.edu.mx\/difusioncultural\/#organization"},"potentialAction":[{"@type":"SearchAction","target":{"@type":"EntryPoint","urlTemplate":"https:\/\/blogs.uninter.edu.mx\/difusioncultural\/?s={search_term_string}"},"query-input":{"@type":"PropertyValueSpecification","valueRequired":true,"valueName":"search_term_string"}}],"inLanguage":"es"},{"@type":"Organization","@id":"https:\/\/blogs.uninter.edu.mx\/difusioncultural\/#organization","name":"Difusi\u00f3n Cultural","url":"https:\/\/blogs.uninter.edu.mx\/difusioncultural\/","logo":{"@type":"ImageObject","inLanguage":"es","@id":"https:\/\/blogs.uninter.edu.mx\/difusioncultural\/#\/schema\/logo\/image\/","url":"https:\/\/blogs.uninter.edu.mx\/difusioncultural\/wp-content\/uploads\/2022\/09\/uninter.jpg","contentUrl":"https:\/\/blogs.uninter.edu.mx\/difusioncultural\/wp-content\/uploads\/2022\/09\/uninter.jpg","width":2048,"height":2048,"caption":"Difusi\u00f3n Cultural"},"image":{"@id":"https:\/\/blogs.uninter.edu.mx\/difusioncultural\/#\/schema\/logo\/image\/"}},{"@type":"Person","@id":"https:\/\/blogs.uninter.edu.mx\/difusioncultural\/#\/schema\/person\/c710e37686022500827405824a08a18c","name":"Aslhey Alejandra Gonz\u00e1lez Castro","image":{"@type":"ImageObject","inLanguage":"es","@id":"https:\/\/blogs.uninter.edu.mx\/difusioncultural\/#\/schema\/person\/image\/","url":"https:\/\/secure.gravatar.com\/avatar\/1905d6ed47b47ccbfb53e4b64f72f2017309e25d96ef418088d4f998ecf6552e?s=96&d=mm&r=g","contentUrl":"https:\/\/secure.gravatar.com\/avatar\/1905d6ed47b47ccbfb53e4b64f72f2017309e25d96ef418088d4f998ecf6552e?s=96&d=mm&r=g","caption":"Aslhey Alejandra Gonz\u00e1lez Castro"},"url":"https:\/\/blogs.uninter.edu.mx\/difusioncultural\/?author=24"}]}},"jetpack_publicize_connections":[],"jetpack_featured_media_url":"https:\/\/blogs.uninter.edu.mx\/difusioncultural\/wp-content\/uploads\/2022\/10\/image-5.png","jetpack_sharing_enabled":true,"_links":{"self":[{"href":"https:\/\/blogs.uninter.edu.mx\/difusioncultural\/index.php?rest_route=\/wp\/v2\/posts\/9167","targetHints":{"allow":["GET"]}}],"collection":[{"href":"https:\/\/blogs.uninter.edu.mx\/difusioncultural\/index.php?rest_route=\/wp\/v2\/posts"}],"about":[{"href":"https:\/\/blogs.uninter.edu.mx\/difusioncultural\/index.php?rest_route=\/wp\/v2\/types\/post"}],"author":[{"embeddable":true,"href":"https:\/\/blogs.uninter.edu.mx\/difusioncultural\/index.php?rest_route=\/wp\/v2\/users\/24"}],"replies":[{"embeddable":true,"href":"https:\/\/blogs.uninter.edu.mx\/difusioncultural\/index.php?rest_route=%2Fwp%2Fv2%2Fcomments&post=9167"}],"version-history":[{"count":0,"href":"https:\/\/blogs.uninter.edu.mx\/difusioncultural\/index.php?rest_route=\/wp\/v2\/posts\/9167\/revisions"}],"wp:featuredmedia":[{"embeddable":true,"href":"https:\/\/blogs.uninter.edu.mx\/difusioncultural\/index.php?rest_route=\/wp\/v2\/media\/9169"}],"wp:attachment":[{"href":"https:\/\/blogs.uninter.edu.mx\/difusioncultural\/index.php?rest_route=%2Fwp%2Fv2%2Fmedia&parent=9167"}],"wp:term":[{"taxonomy":"category","embeddable":true,"href":"https:\/\/blogs.uninter.edu.mx\/difusioncultural\/index.php?rest_route=%2Fwp%2Fv2%2Fcategories&post=9167"},{"taxonomy":"post_tag","embeddable":true,"href":"https:\/\/blogs.uninter.edu.mx\/difusioncultural\/index.php?rest_route=%2Fwp%2Fv2%2Ftags&post=9167"}],"curies":[{"name":"wp","href":"https:\/\/api.w.org\/{rel}","templated":true}]}}