{"id":9251,"date":"2023-01-09T15:30:59","date_gmt":"2023-01-09T21:30:59","guid":{"rendered":"https:\/\/difusionculturaluninter.wordpress.com\/?p=9251"},"modified":"2023-01-09T15:30:59","modified_gmt":"2023-01-09T21:30:59","slug":"09-de-enero-nace-el-movimiento-internacional-mujeres-de-negro-contra-la-represion-israelita-sobre-los-palestinos","status":"publish","type":"post","link":"https:\/\/blogs.uninter.edu.mx\/difusioncultural\/?p=9251","title":{"rendered":"09 de Enero: Nace el movimiento internacional \u201cMujeres de Negro\u201d, contra la represi\u00f3n israelita sobre los palestinos"},"content":{"rendered":"\n<p>El movimiento internacional \u201cMujeres de Negro\u201d naci\u00f3 el 9 de enero de 1988 como resultado de la primera Intifada (revuelta) o &#8220;alzamiento de las piedras&#8221; palestina contra la ocupaci\u00f3n israelita de la regi\u00f3n. Cuando el ej\u00e9rcito de Israel respondi\u00f3 a las pedradas con disparos, una docena de mujeres israel\u00edes de Jerusal\u00e9n, vestidas de negro salieron a manifestarse en el centro de esa ciudad contra la ocupaci\u00f3n militar de los territorios palestinos. En sus im\u00e1genes, las televisoras mostraban a mujeres y ni\u00f1os palestinos sufriendo la represi\u00f3n: por ello, estas mujeres decidieron unirse y salieron a protestar contra su propio Gobierno. Sin embargo, su presencia llam\u00f3 la atenci\u00f3n y caus\u00f3 enojo a muchos ciudadanos israel\u00edes. Convencidas de la justicia de su causa, ellas no se amedrentaron y convocaron a una vigilia cada viernes al mediod\u00eda. Su ejemplo fue imitado por otras mujeres israel\u00edes que no se sent\u00edan identificadas con esa guerra. As\u00ed, cada viernes, durante ya m\u00e1s de 20 a\u00f1os, mujeres de diferentes ciudades de ese pa\u00eds se han unido a las manifestaciones bajo la consigna \u201cFin a la ocupaci\u00f3n\u201d.<\/p>\n\n\n\n<p>Desde el principio fueron bautizadas como Women in Black, Mujeres de Negro, y sin saber el impacto que tendr\u00eda, esto provoco que dieron a luz a un movimiento feminista, pacifista, antimilitarista a\u00fan presente y multiplicado por el planeta. En 1989, al a\u00f1o de su surgimiento y primera manifestaci\u00f3n, las Mujeres de Negro, acompa\u00f1adas por otras activistas europeas, hicieron una cadena humana alrededor del muro de Jerusal\u00e9n para pedir la paz. Posteriormente, en 1991 otro grupo de mujeres, en esta ocasi\u00f3n londinenses, acu\u00f1aron el nombre de Women in Black y se manifestaron contra la Guerra del Golfo. Ese mismo a\u00f1o imitaron el esfuerzo de las mujeres yugoslavas que ve\u00edan c\u00f3mo su pa\u00eds se desintegraba, y un grupo de espa\u00f1olas se solidariz\u00f3 con su causa, les brind\u00f3 refugio y comenz\u00f3 a visitarlas.<\/p>\n\n\n\n<p>Ada Bilu, una veterana de la organizaci\u00f3n nacida en Jerusal\u00e9n, mencion\u00f3 que su motivaci\u00f3n para concentrarse cada viernes es &#8220;recordar a la gente que existe un problema, que hay una ocupaci\u00f3n, que nada ha cambiado y la situaci\u00f3n s\u00f3lo empeora. Esto es eso, un recordatorio&#8221;.<\/p>\n\n\n\n<p>Desde aquel 9 de enero de 1988, mujeres pertenecientes a diversos movimientos antimilitaristas y feministas de pa\u00edses en conflicto b\u00e9lico o solidarias con sociedades en esta situaci\u00f3n, se han sumado a esta iniciativa hasta el punto de llegar a crear la Red Internacional de Mujeres de Negro contra la guerra, que en la actualidad re\u00fane a un sinn\u00famero de organizaciones de mujeres alrededor de todo el mundo<\/p>\n\n\n\n<figure class=\"wp-block-image size-large\"><a href=\"https:\/\/blogs.uninter.edu.mx\/difusioncultural\/wp-content\/uploads\/2023\/01\/image.png\"><img fetchpriority=\"high\" decoding=\"async\" width=\"218\" height=\"231\" src=\"https:\/\/blogs.uninter.edu.mx\/difusioncultural\/wp-content\/uploads\/2023\/01\/image.png?w=218\" alt=\"\" class=\"wp-image-9253\" \/><\/a><\/figure>\n","protected":false},"excerpt":{"rendered":"<p>El movimiento internacional \u201cMujeres de Negro\u201d naci\u00f3 el 9 de enero de 1988 como resultado de la primera Intifada (revuelta) o &#8220;alzamiento de las piedras&#8221; palestina contra la ocupaci\u00f3n israelita de la regi\u00f3n. Cuando el ej\u00e9rcito de Israel respondi\u00f3 a las pedradas con disparos, una docena de mujeres israel\u00edes de Jerusal\u00e9n, vestidas de negro salieron&hellip;<\/p>\n","protected":false},"author":24,"featured_media":9253,"comment_status":"closed","ping_status":"open","sticky":false,"template":"","format":"standard","meta":{"_jetpack_memberships_contains_paid_content":false,"footnotes":"","jetpack_publicize_message":"","jetpack_publicize_feature_enabled":true,"jetpack_social_post_already_shared":false,"jetpack_social_options":{"image_generator_settings":{"template":"highway","default_image_id":0,"font":"","enabled":false},"version":2}},"categories":[12,14],"tags":[],"class_list":["post-9251","post","type-post","status-publish","format-standard","has-post-thumbnail","hentry","category-noticias","category-un-dia-como-hoy"],"yoast_head":"<!-- This site is optimized with the Yoast SEO plugin v26.3 - https:\/\/yoast.com\/wordpress\/plugins\/seo\/ -->\r\n<title>09 de Enero: Nace el movimiento internacional \u201cMujeres de Negro\u201d, contra la represi\u00f3n israelita sobre los palestinos - Difusi\u00f3n Cultural<\/title>\r\n<meta name=\"robots\" content=\"index, follow, max-snippet:-1, max-image-preview:large, max-video-preview:-1\" \/>\r\n<link rel=\"canonical\" href=\"https:\/\/blogs.uninter.edu.mx\/difusioncultural\/?p=9251\" \/>\r\n<meta property=\"og:locale\" content=\"es_MX\" \/>\r\n<meta property=\"og:type\" content=\"article\" \/>\r\n<meta property=\"og:title\" content=\"09 de Enero: Nace el movimiento internacional \u201cMujeres de Negro\u201d, contra la represi\u00f3n israelita sobre los palestinos - Difusi\u00f3n Cultural\" \/>\r\n<meta property=\"og:description\" content=\"El movimiento internacional \u201cMujeres de Negro\u201d naci\u00f3 el 9 de enero de 1988 como resultado de la primera Intifada (revuelta) o &#8220;alzamiento de las piedras&#8221; palestina contra la ocupaci\u00f3n israelita de la regi\u00f3n. Cuando el ej\u00e9rcito de Israel respondi\u00f3 a las pedradas con disparos, una docena de mujeres israel\u00edes de Jerusal\u00e9n, vestidas de negro salieron&hellip;\" \/>\r\n<meta property=\"og:url\" content=\"https:\/\/blogs.uninter.edu.mx\/difusioncultural\/?p=9251\" \/>\r\n<meta property=\"og:site_name\" content=\"Difusi\u00f3n Cultural\" \/>\r\n<meta property=\"article:published_time\" content=\"2023-01-09T21:30:59+00:00\" \/>\r\n<meta property=\"og:image\" content=\"https:\/\/blogs.uninter.edu.mx\/difusioncultural\/wp-content\/uploads\/2023\/01\/image.png\" \/>\r\n\t<meta property=\"og:image:width\" content=\"218\" \/>\r\n\t<meta property=\"og:image:height\" content=\"231\" \/>\r\n\t<meta property=\"og:image:type\" content=\"image\/png\" \/>\r\n<meta name=\"author\" content=\"Aslhey Alejandra Gonz\u00e1lez Castro\" \/>\r\n<meta name=\"twitter:card\" content=\"summary_large_image\" \/>\r\n<meta name=\"twitter:label1\" content=\"Escrito por\" \/>\n\t<meta name=\"twitter:data1\" content=\"Aslhey Alejandra Gonz\u00e1lez Castro\" \/>\n\t<meta name=\"twitter:label2\" content=\"Tiempo de lectura\" \/>\n\t<meta name=\"twitter:data2\" content=\"2 minutos\" \/>\r\n<script type=\"application\/ld+json\" class=\"yoast-schema-graph\">{\"@context\":\"https:\/\/schema.org\",\"@graph\":[{\"@type\":\"Article\",\"@id\":\"https:\/\/blogs.uninter.edu.mx\/difusioncultural\/?p=9251#article\",\"isPartOf\":{\"@id\":\"https:\/\/blogs.uninter.edu.mx\/difusioncultural\/?p=9251\"},\"author\":{\"name\":\"Aslhey Alejandra Gonz\u00e1lez Castro\",\"@id\":\"https:\/\/blogs.uninter.edu.mx\/difusioncultural\/#\/schema\/person\/c710e37686022500827405824a08a18c\"},\"headline\":\"09 de Enero: Nace el movimiento internacional \u201cMujeres de Negro\u201d, contra la represi\u00f3n israelita sobre los palestinos\",\"datePublished\":\"2023-01-09T21:30:59+00:00\",\"mainEntityOfPage\":{\"@id\":\"https:\/\/blogs.uninter.edu.mx\/difusioncultural\/?p=9251\"},\"wordCount\":472,\"publisher\":{\"@id\":\"https:\/\/blogs.uninter.edu.mx\/difusioncultural\/#organization\"},\"image\":{\"@id\":\"https:\/\/blogs.uninter.edu.mx\/difusioncultural\/?p=9251#primaryimage\"},\"thumbnailUrl\":\"https:\/\/blogs.uninter.edu.mx\/difusioncultural\/wp-content\/uploads\/2023\/01\/image.png\",\"articleSection\":[\"noticias\",\"un dia como hoy\"],\"inLanguage\":\"es\"},{\"@type\":\"WebPage\",\"@id\":\"https:\/\/blogs.uninter.edu.mx\/difusioncultural\/?p=9251\",\"url\":\"https:\/\/blogs.uninter.edu.mx\/difusioncultural\/?p=9251\",\"name\":\"09 de Enero: Nace el movimiento internacional \u201cMujeres de Negro\u201d, contra la represi\u00f3n israelita sobre los palestinos - Difusi\u00f3n Cultural\",\"isPartOf\":{\"@id\":\"https:\/\/blogs.uninter.edu.mx\/difusioncultural\/#website\"},\"primaryImageOfPage\":{\"@id\":\"https:\/\/blogs.uninter.edu.mx\/difusioncultural\/?p=9251#primaryimage\"},\"image\":{\"@id\":\"https:\/\/blogs.uninter.edu.mx\/difusioncultural\/?p=9251#primaryimage\"},\"thumbnailUrl\":\"https:\/\/blogs.uninter.edu.mx\/difusioncultural\/wp-content\/uploads\/2023\/01\/image.png\",\"datePublished\":\"2023-01-09T21:30:59+00:00\",\"breadcrumb\":{\"@id\":\"https:\/\/blogs.uninter.edu.mx\/difusioncultural\/?p=9251#breadcrumb\"},\"inLanguage\":\"es\",\"potentialAction\":[{\"@type\":\"ReadAction\",\"target\":[\"https:\/\/blogs.uninter.edu.mx\/difusioncultural\/?p=9251\"]}]},{\"@type\":\"ImageObject\",\"inLanguage\":\"es\",\"@id\":\"https:\/\/blogs.uninter.edu.mx\/difusioncultural\/?p=9251#primaryimage\",\"url\":\"https:\/\/blogs.uninter.edu.mx\/difusioncultural\/wp-content\/uploads\/2023\/01\/image.png\",\"contentUrl\":\"https:\/\/blogs.uninter.edu.mx\/difusioncultural\/wp-content\/uploads\/2023\/01\/image.png\",\"width\":218,\"height\":231},{\"@type\":\"BreadcrumbList\",\"@id\":\"https:\/\/blogs.uninter.edu.mx\/difusioncultural\/?p=9251#breadcrumb\",\"itemListElement\":[{\"@type\":\"ListItem\",\"position\":1,\"name\":\"Inicio\",\"item\":\"https:\/\/blogs.uninter.edu.mx\/difusioncultural\/\"},{\"@type\":\"ListItem\",\"position\":2,\"name\":\"09 de Enero: Nace el movimiento internacional \u201cMujeres de Negro\u201d, contra la represi\u00f3n israelita sobre los palestinos\"}]},{\"@type\":\"WebSite\",\"@id\":\"https:\/\/blogs.uninter.edu.mx\/difusioncultural\/#website\",\"url\":\"https:\/\/blogs.uninter.edu.mx\/difusioncultural\/\",\"name\":\"Difusi\u00f3n Cultural\",\"description\":\"UNINTER\",\"publisher\":{\"@id\":\"https:\/\/blogs.uninter.edu.mx\/difusioncultural\/#organization\"},\"potentialAction\":[{\"@type\":\"SearchAction\",\"target\":{\"@type\":\"EntryPoint\",\"urlTemplate\":\"https:\/\/blogs.uninter.edu.mx\/difusioncultural\/?s={search_term_string}\"},\"query-input\":{\"@type\":\"PropertyValueSpecification\",\"valueRequired\":true,\"valueName\":\"search_term_string\"}}],\"inLanguage\":\"es\"},{\"@type\":\"Organization\",\"@id\":\"https:\/\/blogs.uninter.edu.mx\/difusioncultural\/#organization\",\"name\":\"Difusi\u00f3n Cultural\",\"url\":\"https:\/\/blogs.uninter.edu.mx\/difusioncultural\/\",\"logo\":{\"@type\":\"ImageObject\",\"inLanguage\":\"es\",\"@id\":\"https:\/\/blogs.uninter.edu.mx\/difusioncultural\/#\/schema\/logo\/image\/\",\"url\":\"https:\/\/blogs.uninter.edu.mx\/difusioncultural\/wp-content\/uploads\/2022\/09\/uninter.jpg\",\"contentUrl\":\"https:\/\/blogs.uninter.edu.mx\/difusioncultural\/wp-content\/uploads\/2022\/09\/uninter.jpg\",\"width\":2048,\"height\":2048,\"caption\":\"Difusi\u00f3n Cultural\"},\"image\":{\"@id\":\"https:\/\/blogs.uninter.edu.mx\/difusioncultural\/#\/schema\/logo\/image\/\"}},{\"@type\":\"Person\",\"@id\":\"https:\/\/blogs.uninter.edu.mx\/difusioncultural\/#\/schema\/person\/c710e37686022500827405824a08a18c\",\"name\":\"Aslhey Alejandra Gonz\u00e1lez Castro\",\"image\":{\"@type\":\"ImageObject\",\"inLanguage\":\"es\",\"@id\":\"https:\/\/blogs.uninter.edu.mx\/difusioncultural\/#\/schema\/person\/image\/\",\"url\":\"https:\/\/secure.gravatar.com\/avatar\/1905d6ed47b47ccbfb53e4b64f72f2017309e25d96ef418088d4f998ecf6552e?s=96&d=mm&r=g\",\"contentUrl\":\"https:\/\/secure.gravatar.com\/avatar\/1905d6ed47b47ccbfb53e4b64f72f2017309e25d96ef418088d4f998ecf6552e?s=96&d=mm&r=g\",\"caption\":\"Aslhey Alejandra Gonz\u00e1lez Castro\"},\"url\":\"https:\/\/blogs.uninter.edu.mx\/difusioncultural\/?author=24\"}]}<\/script>\r\n<!-- \/ Yoast SEO plugin. -->","yoast_head_json":{"title":"09 de Enero: Nace el movimiento internacional \u201cMujeres de Negro\u201d, contra la represi\u00f3n israelita sobre los palestinos - Difusi\u00f3n Cultural","robots":{"index":"index","follow":"follow","max-snippet":"max-snippet:-1","max-image-preview":"max-image-preview:large","max-video-preview":"max-video-preview:-1"},"canonical":"https:\/\/blogs.uninter.edu.mx\/difusioncultural\/?p=9251","og_locale":"es_MX","og_type":"article","og_title":"09 de Enero: Nace el movimiento internacional \u201cMujeres de Negro\u201d, contra la represi\u00f3n israelita sobre los palestinos - Difusi\u00f3n Cultural","og_description":"El movimiento internacional \u201cMujeres de Negro\u201d naci\u00f3 el 9 de enero de 1988 como resultado de la primera Intifada (revuelta) o &#8220;alzamiento de las piedras&#8221; palestina contra la ocupaci\u00f3n israelita de la regi\u00f3n. Cuando el ej\u00e9rcito de Israel respondi\u00f3 a las pedradas con disparos, una docena de mujeres israel\u00edes de Jerusal\u00e9n, vestidas de negro salieron&hellip;","og_url":"https:\/\/blogs.uninter.edu.mx\/difusioncultural\/?p=9251","og_site_name":"Difusi\u00f3n Cultural","article_published_time":"2023-01-09T21:30:59+00:00","og_image":[{"width":218,"height":231,"url":"https:\/\/blogs.uninter.edu.mx\/difusioncultural\/wp-content\/uploads\/2023\/01\/image.png","type":"image\/png"}],"author":"Aslhey Alejandra Gonz\u00e1lez Castro","twitter_card":"summary_large_image","twitter_misc":{"Escrito por":"Aslhey Alejandra Gonz\u00e1lez Castro","Tiempo de lectura":"2 minutos"},"schema":{"@context":"https:\/\/schema.org","@graph":[{"@type":"Article","@id":"https:\/\/blogs.uninter.edu.mx\/difusioncultural\/?p=9251#article","isPartOf":{"@id":"https:\/\/blogs.uninter.edu.mx\/difusioncultural\/?p=9251"},"author":{"name":"Aslhey Alejandra Gonz\u00e1lez Castro","@id":"https:\/\/blogs.uninter.edu.mx\/difusioncultural\/#\/schema\/person\/c710e37686022500827405824a08a18c"},"headline":"09 de Enero: Nace el movimiento internacional \u201cMujeres de Negro\u201d, contra la represi\u00f3n israelita sobre los palestinos","datePublished":"2023-01-09T21:30:59+00:00","mainEntityOfPage":{"@id":"https:\/\/blogs.uninter.edu.mx\/difusioncultural\/?p=9251"},"wordCount":472,"publisher":{"@id":"https:\/\/blogs.uninter.edu.mx\/difusioncultural\/#organization"},"image":{"@id":"https:\/\/blogs.uninter.edu.mx\/difusioncultural\/?p=9251#primaryimage"},"thumbnailUrl":"https:\/\/blogs.uninter.edu.mx\/difusioncultural\/wp-content\/uploads\/2023\/01\/image.png","articleSection":["noticias","un dia como hoy"],"inLanguage":"es"},{"@type":"WebPage","@id":"https:\/\/blogs.uninter.edu.mx\/difusioncultural\/?p=9251","url":"https:\/\/blogs.uninter.edu.mx\/difusioncultural\/?p=9251","name":"09 de Enero: Nace el movimiento internacional \u201cMujeres de Negro\u201d, contra la represi\u00f3n israelita sobre los palestinos - Difusi\u00f3n Cultural","isPartOf":{"@id":"https:\/\/blogs.uninter.edu.mx\/difusioncultural\/#website"},"primaryImageOfPage":{"@id":"https:\/\/blogs.uninter.edu.mx\/difusioncultural\/?p=9251#primaryimage"},"image":{"@id":"https:\/\/blogs.uninter.edu.mx\/difusioncultural\/?p=9251#primaryimage"},"thumbnailUrl":"https:\/\/blogs.uninter.edu.mx\/difusioncultural\/wp-content\/uploads\/2023\/01\/image.png","datePublished":"2023-01-09T21:30:59+00:00","breadcrumb":{"@id":"https:\/\/blogs.uninter.edu.mx\/difusioncultural\/?p=9251#breadcrumb"},"inLanguage":"es","potentialAction":[{"@type":"ReadAction","target":["https:\/\/blogs.uninter.edu.mx\/difusioncultural\/?p=9251"]}]},{"@type":"ImageObject","inLanguage":"es","@id":"https:\/\/blogs.uninter.edu.mx\/difusioncultural\/?p=9251#primaryimage","url":"https:\/\/blogs.uninter.edu.mx\/difusioncultural\/wp-content\/uploads\/2023\/01\/image.png","contentUrl":"https:\/\/blogs.uninter.edu.mx\/difusioncultural\/wp-content\/uploads\/2023\/01\/image.png","width":218,"height":231},{"@type":"BreadcrumbList","@id":"https:\/\/blogs.uninter.edu.mx\/difusioncultural\/?p=9251#breadcrumb","itemListElement":[{"@type":"ListItem","position":1,"name":"Inicio","item":"https:\/\/blogs.uninter.edu.mx\/difusioncultural\/"},{"@type":"ListItem","position":2,"name":"09 de Enero: Nace el movimiento internacional \u201cMujeres de Negro\u201d, contra la represi\u00f3n israelita sobre los palestinos"}]},{"@type":"WebSite","@id":"https:\/\/blogs.uninter.edu.mx\/difusioncultural\/#website","url":"https:\/\/blogs.uninter.edu.mx\/difusioncultural\/","name":"Difusi\u00f3n Cultural","description":"UNINTER","publisher":{"@id":"https:\/\/blogs.uninter.edu.mx\/difusioncultural\/#organization"},"potentialAction":[{"@type":"SearchAction","target":{"@type":"EntryPoint","urlTemplate":"https:\/\/blogs.uninter.edu.mx\/difusioncultural\/?s={search_term_string}"},"query-input":{"@type":"PropertyValueSpecification","valueRequired":true,"valueName":"search_term_string"}}],"inLanguage":"es"},{"@type":"Organization","@id":"https:\/\/blogs.uninter.edu.mx\/difusioncultural\/#organization","name":"Difusi\u00f3n Cultural","url":"https:\/\/blogs.uninter.edu.mx\/difusioncultural\/","logo":{"@type":"ImageObject","inLanguage":"es","@id":"https:\/\/blogs.uninter.edu.mx\/difusioncultural\/#\/schema\/logo\/image\/","url":"https:\/\/blogs.uninter.edu.mx\/difusioncultural\/wp-content\/uploads\/2022\/09\/uninter.jpg","contentUrl":"https:\/\/blogs.uninter.edu.mx\/difusioncultural\/wp-content\/uploads\/2022\/09\/uninter.jpg","width":2048,"height":2048,"caption":"Difusi\u00f3n Cultural"},"image":{"@id":"https:\/\/blogs.uninter.edu.mx\/difusioncultural\/#\/schema\/logo\/image\/"}},{"@type":"Person","@id":"https:\/\/blogs.uninter.edu.mx\/difusioncultural\/#\/schema\/person\/c710e37686022500827405824a08a18c","name":"Aslhey Alejandra Gonz\u00e1lez Castro","image":{"@type":"ImageObject","inLanguage":"es","@id":"https:\/\/blogs.uninter.edu.mx\/difusioncultural\/#\/schema\/person\/image\/","url":"https:\/\/secure.gravatar.com\/avatar\/1905d6ed47b47ccbfb53e4b64f72f2017309e25d96ef418088d4f998ecf6552e?s=96&d=mm&r=g","contentUrl":"https:\/\/secure.gravatar.com\/avatar\/1905d6ed47b47ccbfb53e4b64f72f2017309e25d96ef418088d4f998ecf6552e?s=96&d=mm&r=g","caption":"Aslhey Alejandra Gonz\u00e1lez Castro"},"url":"https:\/\/blogs.uninter.edu.mx\/difusioncultural\/?author=24"}]}},"jetpack_publicize_connections":[],"jetpack_featured_media_url":"https:\/\/blogs.uninter.edu.mx\/difusioncultural\/wp-content\/uploads\/2023\/01\/image.png","jetpack_sharing_enabled":true,"_links":{"self":[{"href":"https:\/\/blogs.uninter.edu.mx\/difusioncultural\/index.php?rest_route=\/wp\/v2\/posts\/9251","targetHints":{"allow":["GET"]}}],"collection":[{"href":"https:\/\/blogs.uninter.edu.mx\/difusioncultural\/index.php?rest_route=\/wp\/v2\/posts"}],"about":[{"href":"https:\/\/blogs.uninter.edu.mx\/difusioncultural\/index.php?rest_route=\/wp\/v2\/types\/post"}],"author":[{"embeddable":true,"href":"https:\/\/blogs.uninter.edu.mx\/difusioncultural\/index.php?rest_route=\/wp\/v2\/users\/24"}],"replies":[{"embeddable":true,"href":"https:\/\/blogs.uninter.edu.mx\/difusioncultural\/index.php?rest_route=%2Fwp%2Fv2%2Fcomments&post=9251"}],"version-history":[{"count":0,"href":"https:\/\/blogs.uninter.edu.mx\/difusioncultural\/index.php?rest_route=\/wp\/v2\/posts\/9251\/revisions"}],"wp:featuredmedia":[{"embeddable":true,"href":"https:\/\/blogs.uninter.edu.mx\/difusioncultural\/index.php?rest_route=\/wp\/v2\/media\/9253"}],"wp:attachment":[{"href":"https:\/\/blogs.uninter.edu.mx\/difusioncultural\/index.php?rest_route=%2Fwp%2Fv2%2Fmedia&parent=9251"}],"wp:term":[{"taxonomy":"category","embeddable":true,"href":"https:\/\/blogs.uninter.edu.mx\/difusioncultural\/index.php?rest_route=%2Fwp%2Fv2%2Fcategories&post=9251"},{"taxonomy":"post_tag","embeddable":true,"href":"https:\/\/blogs.uninter.edu.mx\/difusioncultural\/index.php?rest_route=%2Fwp%2Fv2%2Ftags&post=9251"}],"curies":[{"name":"wp","href":"https:\/\/api.w.org\/{rel}","templated":true}]}}