{"id":927,"date":"2012-11-17T18:05:21","date_gmt":"2012-11-17T18:05:21","guid":{"rendered":"http:\/\/difusionculturaluninter.wordpress.com\/?p=927"},"modified":"2012-11-17T18:05:21","modified_gmt":"2012-11-17T18:05:21","slug":"algunos-datos-de-la-revolucion","status":"publish","type":"post","link":"https:\/\/blogs.uninter.edu.mx\/difusioncultural\/?p=927","title":{"rendered":"Algunos Datos de La Revoluci\u00f3n"},"content":{"rendered":"<p><a href=\"https:\/\/blogs.uninter.edu.mx\/difusioncultural\/wp-content\/uploads\/2012\/11\/63285759_mexico_villa_g.jpg\"><img fetchpriority=\"high\" decoding=\"async\" src=\"https:\/\/blogs.uninter.edu.mx\/difusioncultural\/wp-content\/uploads\/2012\/11\/63285759_mexico_villa_g.jpg\" alt=\"\" title=\"_63285759_mexico_villa_g\" width=\"448\" height=\"249\" class=\"aligncenter size-full wp-image-930\" \/><\/a><\/p>\n<p>\n<strong>Incia <\/strong><br \/>\nLa guerra de la Revoluci\u00f3n Mexicana se inici\u00f3 el 20 de noviembre 1910<\/p>\n<p><strong>Fecha de finalizaci\u00f3n<\/strong><br \/>\nHay controversia sobre el fin de la Revoluci\u00f3n Mexicana. Algunas fuentes creen que est\u00e1 marcada por la proclamaci\u00f3n de la Constutuci\u00f3n de M\u00e9xico en 1917. Otras fuentes afirman que fue en 1924 cuando el presidente Plutarco El\u00edas Calles asumi\u00f3 el cargo.<\/p>\n<p><strong><strong>Objetivos-Objetivo<\/strong><\/strong><br \/>\nEl prop\u00f3sito inicial del movimiento revolucionario era derrocar el general Porfirio D\u00edaz, que hab\u00eda estado en el poder 30 a\u00f1os.<\/p>\n<p><strong>Fechas Importantes<\/strong><br \/>\n15 a 16 sept, 1910<\/p>\n<p>CRONOLIG\u00cdA<\/p>\n<p><strong>05 de octubre 1910<\/strong><br \/>\nFrancisco Madero, despu\u00e9s de huir a los Estados Unidos, proclama el Plan de San Luis, en donde pide a todos los mexicanos a levantarse contra el gobierno de Porfirio D\u00edaz.<br \/>\n18 de noviembre 1910<\/p>\n<p>A la fecha se fija para el domingo 10 de noviembre de 1910. Los Hermanos Serd\u00e1n junto con otros seguidores de Madero luchan contra la polic\u00eda en la ciudad de Puebla. Esto marca el inicio de la guerra armada.<br \/>\n11 de marzo 1911<\/p>\n<p>Emiliano Zapata y su ej\u00e9rcito tomaron las armas en Villa de Ayala Morelos.<br \/>\n25 de mayo 1911<\/p>\n<p>El presidente Porfirio D\u00edaz renuncia tras 30 a\u00f1os en el poder.<br \/>\n06 de noviembre 1911<\/p>\n<p>El presidente Francisco I. Madero asumi\u00f3 el poder tras ganar las elecciones de octubre de 1911.<\/p>\n<p>22 de febrero 1913<br \/>\nEl presidente Madero fue asesinado por \u00f3rdenes de Victoriano Huerta.<\/p>\n<p>Marzo 26,1913<br \/>\nSiguiendo el Plan de Guadalupe, un documento redactado el 23 de marzo de 1913 por Venustiano Carranza que anulaba cualquier pretensi\u00f3n de legitimidad del gobierno de Huerta, Carranza y Alvaro Obreg\u00f3n llamar a las armas contra el r\u00e9gimen de Huerta.<\/p>\n<p>29 de septiembre 1913<br \/>\nFrancisco Pancho Villa y la Divisi\u00f3n del Norte unirse a la revoluci\u00f3n constitucionalista.<\/p>\n<p>03 de abril 1914<br \/>\nDespu\u00e9s de tomar la ciudad de Torre\u00f3n, en Coahuila Pancho Villa y la Divisi\u00f3n del Norte est\u00e1n en camino de derrotar a las fuerzas del presidente Victoriano Huerta.<br \/>\nJulio 15, 1914<\/p>\n<p>Presidente Victoriano Huerta se resigna y sale del pa\u00eds.<br \/>\n06 de diciembre 1914<\/p>\n<p>Zapata y Villa ocupan la ciudad de M\u00e9xico y se marchan con una fuerza de 50 mil hombres.<br \/>\n05 de febrero 1917<\/p>\n<p>La Cosntituci\u00f3n mexicana es promulgada.<br \/>\n01 de mayo 1917<\/p>\n<p>Venustiano Carranza asume la Presidencia de M\u00e9xico.<br \/>\nCorazones de hierro<br \/>\nNo hay un n\u00famero exacto de v\u00edctimas debido a la guerra revolucionaria, pero se calcula<br \/>\nque entre 1 y 2 millones de personas murieron.<\/p>\n<p><strong>Consignas revolucionarias<\/strong><br \/>\n&#8220;Sufragio Efectivo No Reelecci\u00f3n&#8221;<br \/>\nFrancisco I. Madero<\/p>\n<p>&#8220;La Tierra es de Quien la Trabaja&#8221;<br \/>\nEmiliano Zapata<\/p>\n","protected":false},"excerpt":{"rendered":"<p>Incia La guerra de la Revoluci\u00f3n Mexicana se inici\u00f3 el 20 de noviembre 1910 Fecha de finalizaci\u00f3n Hay controversia sobre el fin de la Revoluci\u00f3n Mexicana. Algunas fuentes creen que est\u00e1 marcada por la proclamaci\u00f3n de la Constutuci\u00f3n de M\u00e9xico en 1917. Otras fuentes afirman que fue en 1924 cuando el presidente Plutarco El\u00edas Calles&hellip;<\/p>\n","protected":false},"author":24,"featured_media":0,"comment_status":"open","ping_status":"open","sticky":false,"template":"","format":"standard","meta":{"_jetpack_memberships_contains_paid_content":false,"footnotes":"","jetpack_publicize_message":"","jetpack_publicize_feature_enabled":true,"jetpack_social_post_already_shared":false,"jetpack_social_options":{"image_generator_settings":{"template":"highway","default_image_id":0,"font":"","enabled":false},"version":2}},"categories":[1],"tags":[],"class_list":["post-927","post","type-post","status-publish","format-standard","hentry","category-sin-categoria"],"yoast_head":"<!-- This site is optimized with the Yoast SEO plugin v26.3 - https:\/\/yoast.com\/wordpress\/plugins\/seo\/ -->\r\n<title>Algunos Datos de La Revoluci\u00f3n - Difusi\u00f3n Cultural<\/title>\r\n<meta name=\"robots\" content=\"index, follow, max-snippet:-1, max-image-preview:large, max-video-preview:-1\" \/>\r\n<link rel=\"canonical\" href=\"https:\/\/blogs.uninter.edu.mx\/difusioncultural\/?p=927\" \/>\r\n<meta property=\"og:locale\" content=\"es_MX\" \/>\r\n<meta property=\"og:type\" content=\"article\" \/>\r\n<meta property=\"og:title\" content=\"Algunos Datos de La Revoluci\u00f3n - Difusi\u00f3n Cultural\" \/>\r\n<meta property=\"og:description\" content=\"Incia La guerra de la Revoluci\u00f3n Mexicana se inici\u00f3 el 20 de noviembre 1910 Fecha de finalizaci\u00f3n Hay controversia sobre el fin de la Revoluci\u00f3n Mexicana. Algunas fuentes creen que est\u00e1 marcada por la proclamaci\u00f3n de la Constutuci\u00f3n de M\u00e9xico en 1917. Otras fuentes afirman que fue en 1924 cuando el presidente Plutarco El\u00edas Calles&hellip;\" \/>\r\n<meta property=\"og:url\" content=\"https:\/\/blogs.uninter.edu.mx\/difusioncultural\/?p=927\" \/>\r\n<meta property=\"og:site_name\" content=\"Difusi\u00f3n Cultural\" \/>\r\n<meta property=\"article:published_time\" content=\"2012-11-17T18:05:21+00:00\" \/>\r\n<meta property=\"og:image\" content=\"https:\/\/blogs.uninter.edu.mx\/difusioncultural\/wp-content\/uploads\/2012\/11\/63285759_mexico_villa_g.jpg\" \/>\r\n<meta name=\"author\" content=\"Aslhey Alejandra Gonz\u00e1lez Castro\" \/>\r\n<meta name=\"twitter:card\" content=\"summary_large_image\" \/>\r\n<meta name=\"twitter:label1\" content=\"Escrito por\" \/>\n\t<meta name=\"twitter:data1\" content=\"Aslhey Alejandra Gonz\u00e1lez Castro\" \/>\n\t<meta name=\"twitter:label2\" content=\"Tiempo de lectura\" \/>\n\t<meta name=\"twitter:data2\" content=\"2 minutos\" \/>\r\n<script type=\"application\/ld+json\" class=\"yoast-schema-graph\">{\"@context\":\"https:\/\/schema.org\",\"@graph\":[{\"@type\":\"Article\",\"@id\":\"https:\/\/blogs.uninter.edu.mx\/difusioncultural\/?p=927#article\",\"isPartOf\":{\"@id\":\"https:\/\/blogs.uninter.edu.mx\/difusioncultural\/?p=927\"},\"author\":{\"name\":\"Aslhey Alejandra Gonz\u00e1lez Castro\",\"@id\":\"https:\/\/blogs.uninter.edu.mx\/difusioncultural\/#\/schema\/person\/c710e37686022500827405824a08a18c\"},\"headline\":\"Algunos Datos de La Revoluci\u00f3n\",\"datePublished\":\"2012-11-17T18:05:21+00:00\",\"mainEntityOfPage\":{\"@id\":\"https:\/\/blogs.uninter.edu.mx\/difusioncultural\/?p=927\"},\"wordCount\":419,\"commentCount\":0,\"publisher\":{\"@id\":\"https:\/\/blogs.uninter.edu.mx\/difusioncultural\/#organization\"},\"image\":{\"@id\":\"https:\/\/blogs.uninter.edu.mx\/difusioncultural\/?p=927#primaryimage\"},\"thumbnailUrl\":\"https:\/\/blogs.uninter.edu.mx\/difusioncultural\/wp-content\/uploads\/2012\/11\/63285759_mexico_villa_g.jpg\",\"inLanguage\":\"es\",\"potentialAction\":[{\"@type\":\"CommentAction\",\"name\":\"Comment\",\"target\":[\"https:\/\/blogs.uninter.edu.mx\/difusioncultural\/?p=927#respond\"]}]},{\"@type\":\"WebPage\",\"@id\":\"https:\/\/blogs.uninter.edu.mx\/difusioncultural\/?p=927\",\"url\":\"https:\/\/blogs.uninter.edu.mx\/difusioncultural\/?p=927\",\"name\":\"Algunos Datos de La Revoluci\u00f3n - Difusi\u00f3n Cultural\",\"isPartOf\":{\"@id\":\"https:\/\/blogs.uninter.edu.mx\/difusioncultural\/#website\"},\"primaryImageOfPage\":{\"@id\":\"https:\/\/blogs.uninter.edu.mx\/difusioncultural\/?p=927#primaryimage\"},\"image\":{\"@id\":\"https:\/\/blogs.uninter.edu.mx\/difusioncultural\/?p=927#primaryimage\"},\"thumbnailUrl\":\"https:\/\/blogs.uninter.edu.mx\/difusioncultural\/wp-content\/uploads\/2012\/11\/63285759_mexico_villa_g.jpg\",\"datePublished\":\"2012-11-17T18:05:21+00:00\",\"breadcrumb\":{\"@id\":\"https:\/\/blogs.uninter.edu.mx\/difusioncultural\/?p=927#breadcrumb\"},\"inLanguage\":\"es\",\"potentialAction\":[{\"@type\":\"ReadAction\",\"target\":[\"https:\/\/blogs.uninter.edu.mx\/difusioncultural\/?p=927\"]}]},{\"@type\":\"ImageObject\",\"inLanguage\":\"es\",\"@id\":\"https:\/\/blogs.uninter.edu.mx\/difusioncultural\/?p=927#primaryimage\",\"url\":\"https:\/\/blogs.uninter.edu.mx\/difusioncultural\/wp-content\/uploads\/2012\/11\/63285759_mexico_villa_g.jpg\",\"contentUrl\":\"https:\/\/blogs.uninter.edu.mx\/difusioncultural\/wp-content\/uploads\/2012\/11\/63285759_mexico_villa_g.jpg\",\"width\":448,\"height\":249},{\"@type\":\"BreadcrumbList\",\"@id\":\"https:\/\/blogs.uninter.edu.mx\/difusioncultural\/?p=927#breadcrumb\",\"itemListElement\":[{\"@type\":\"ListItem\",\"position\":1,\"name\":\"Inicio\",\"item\":\"https:\/\/blogs.uninter.edu.mx\/difusioncultural\/\"},{\"@type\":\"ListItem\",\"position\":2,\"name\":\"Algunos Datos de La Revoluci\u00f3n\"}]},{\"@type\":\"WebSite\",\"@id\":\"https:\/\/blogs.uninter.edu.mx\/difusioncultural\/#website\",\"url\":\"https:\/\/blogs.uninter.edu.mx\/difusioncultural\/\",\"name\":\"Difusi\u00f3n Cultural\",\"description\":\"UNINTER\",\"publisher\":{\"@id\":\"https:\/\/blogs.uninter.edu.mx\/difusioncultural\/#organization\"},\"potentialAction\":[{\"@type\":\"SearchAction\",\"target\":{\"@type\":\"EntryPoint\",\"urlTemplate\":\"https:\/\/blogs.uninter.edu.mx\/difusioncultural\/?s={search_term_string}\"},\"query-input\":{\"@type\":\"PropertyValueSpecification\",\"valueRequired\":true,\"valueName\":\"search_term_string\"}}],\"inLanguage\":\"es\"},{\"@type\":\"Organization\",\"@id\":\"https:\/\/blogs.uninter.edu.mx\/difusioncultural\/#organization\",\"name\":\"Difusi\u00f3n Cultural\",\"url\":\"https:\/\/blogs.uninter.edu.mx\/difusioncultural\/\",\"logo\":{\"@type\":\"ImageObject\",\"inLanguage\":\"es\",\"@id\":\"https:\/\/blogs.uninter.edu.mx\/difusioncultural\/#\/schema\/logo\/image\/\",\"url\":\"https:\/\/blogs.uninter.edu.mx\/difusioncultural\/wp-content\/uploads\/2022\/09\/uninter.jpg\",\"contentUrl\":\"https:\/\/blogs.uninter.edu.mx\/difusioncultural\/wp-content\/uploads\/2022\/09\/uninter.jpg\",\"width\":2048,\"height\":2048,\"caption\":\"Difusi\u00f3n Cultural\"},\"image\":{\"@id\":\"https:\/\/blogs.uninter.edu.mx\/difusioncultural\/#\/schema\/logo\/image\/\"}},{\"@type\":\"Person\",\"@id\":\"https:\/\/blogs.uninter.edu.mx\/difusioncultural\/#\/schema\/person\/c710e37686022500827405824a08a18c\",\"name\":\"Aslhey Alejandra Gonz\u00e1lez Castro\",\"image\":{\"@type\":\"ImageObject\",\"inLanguage\":\"es\",\"@id\":\"https:\/\/blogs.uninter.edu.mx\/difusioncultural\/#\/schema\/person\/image\/\",\"url\":\"https:\/\/secure.gravatar.com\/avatar\/1905d6ed47b47ccbfb53e4b64f72f2017309e25d96ef418088d4f998ecf6552e?s=96&d=mm&r=g\",\"contentUrl\":\"https:\/\/secure.gravatar.com\/avatar\/1905d6ed47b47ccbfb53e4b64f72f2017309e25d96ef418088d4f998ecf6552e?s=96&d=mm&r=g\",\"caption\":\"Aslhey Alejandra Gonz\u00e1lez Castro\"},\"url\":\"https:\/\/blogs.uninter.edu.mx\/difusioncultural\/?author=24\"}]}<\/script>\r\n<!-- \/ Yoast SEO plugin. -->","yoast_head_json":{"title":"Algunos Datos de La Revoluci\u00f3n - Difusi\u00f3n Cultural","robots":{"index":"index","follow":"follow","max-snippet":"max-snippet:-1","max-image-preview":"max-image-preview:large","max-video-preview":"max-video-preview:-1"},"canonical":"https:\/\/blogs.uninter.edu.mx\/difusioncultural\/?p=927","og_locale":"es_MX","og_type":"article","og_title":"Algunos Datos de La Revoluci\u00f3n - Difusi\u00f3n Cultural","og_description":"Incia La guerra de la Revoluci\u00f3n Mexicana se inici\u00f3 el 20 de noviembre 1910 Fecha de finalizaci\u00f3n Hay controversia sobre el fin de la Revoluci\u00f3n Mexicana. Algunas fuentes creen que est\u00e1 marcada por la proclamaci\u00f3n de la Constutuci\u00f3n de M\u00e9xico en 1917. Otras fuentes afirman que fue en 1924 cuando el presidente Plutarco El\u00edas Calles&hellip;","og_url":"https:\/\/blogs.uninter.edu.mx\/difusioncultural\/?p=927","og_site_name":"Difusi\u00f3n Cultural","article_published_time":"2012-11-17T18:05:21+00:00","og_image":[{"url":"https:\/\/blogs.uninter.edu.mx\/difusioncultural\/wp-content\/uploads\/2012\/11\/63285759_mexico_villa_g.jpg","type":"","width":"","height":""}],"author":"Aslhey Alejandra Gonz\u00e1lez Castro","twitter_card":"summary_large_image","twitter_misc":{"Escrito por":"Aslhey Alejandra Gonz\u00e1lez Castro","Tiempo de lectura":"2 minutos"},"schema":{"@context":"https:\/\/schema.org","@graph":[{"@type":"Article","@id":"https:\/\/blogs.uninter.edu.mx\/difusioncultural\/?p=927#article","isPartOf":{"@id":"https:\/\/blogs.uninter.edu.mx\/difusioncultural\/?p=927"},"author":{"name":"Aslhey Alejandra Gonz\u00e1lez Castro","@id":"https:\/\/blogs.uninter.edu.mx\/difusioncultural\/#\/schema\/person\/c710e37686022500827405824a08a18c"},"headline":"Algunos Datos de La Revoluci\u00f3n","datePublished":"2012-11-17T18:05:21+00:00","mainEntityOfPage":{"@id":"https:\/\/blogs.uninter.edu.mx\/difusioncultural\/?p=927"},"wordCount":419,"commentCount":0,"publisher":{"@id":"https:\/\/blogs.uninter.edu.mx\/difusioncultural\/#organization"},"image":{"@id":"https:\/\/blogs.uninter.edu.mx\/difusioncultural\/?p=927#primaryimage"},"thumbnailUrl":"https:\/\/blogs.uninter.edu.mx\/difusioncultural\/wp-content\/uploads\/2012\/11\/63285759_mexico_villa_g.jpg","inLanguage":"es","potentialAction":[{"@type":"CommentAction","name":"Comment","target":["https:\/\/blogs.uninter.edu.mx\/difusioncultural\/?p=927#respond"]}]},{"@type":"WebPage","@id":"https:\/\/blogs.uninter.edu.mx\/difusioncultural\/?p=927","url":"https:\/\/blogs.uninter.edu.mx\/difusioncultural\/?p=927","name":"Algunos Datos de La Revoluci\u00f3n - Difusi\u00f3n Cultural","isPartOf":{"@id":"https:\/\/blogs.uninter.edu.mx\/difusioncultural\/#website"},"primaryImageOfPage":{"@id":"https:\/\/blogs.uninter.edu.mx\/difusioncultural\/?p=927#primaryimage"},"image":{"@id":"https:\/\/blogs.uninter.edu.mx\/difusioncultural\/?p=927#primaryimage"},"thumbnailUrl":"https:\/\/blogs.uninter.edu.mx\/difusioncultural\/wp-content\/uploads\/2012\/11\/63285759_mexico_villa_g.jpg","datePublished":"2012-11-17T18:05:21+00:00","breadcrumb":{"@id":"https:\/\/blogs.uninter.edu.mx\/difusioncultural\/?p=927#breadcrumb"},"inLanguage":"es","potentialAction":[{"@type":"ReadAction","target":["https:\/\/blogs.uninter.edu.mx\/difusioncultural\/?p=927"]}]},{"@type":"ImageObject","inLanguage":"es","@id":"https:\/\/blogs.uninter.edu.mx\/difusioncultural\/?p=927#primaryimage","url":"https:\/\/blogs.uninter.edu.mx\/difusioncultural\/wp-content\/uploads\/2012\/11\/63285759_mexico_villa_g.jpg","contentUrl":"https:\/\/blogs.uninter.edu.mx\/difusioncultural\/wp-content\/uploads\/2012\/11\/63285759_mexico_villa_g.jpg","width":448,"height":249},{"@type":"BreadcrumbList","@id":"https:\/\/blogs.uninter.edu.mx\/difusioncultural\/?p=927#breadcrumb","itemListElement":[{"@type":"ListItem","position":1,"name":"Inicio","item":"https:\/\/blogs.uninter.edu.mx\/difusioncultural\/"},{"@type":"ListItem","position":2,"name":"Algunos Datos de La Revoluci\u00f3n"}]},{"@type":"WebSite","@id":"https:\/\/blogs.uninter.edu.mx\/difusioncultural\/#website","url":"https:\/\/blogs.uninter.edu.mx\/difusioncultural\/","name":"Difusi\u00f3n Cultural","description":"UNINTER","publisher":{"@id":"https:\/\/blogs.uninter.edu.mx\/difusioncultural\/#organization"},"potentialAction":[{"@type":"SearchAction","target":{"@type":"EntryPoint","urlTemplate":"https:\/\/blogs.uninter.edu.mx\/difusioncultural\/?s={search_term_string}"},"query-input":{"@type":"PropertyValueSpecification","valueRequired":true,"valueName":"search_term_string"}}],"inLanguage":"es"},{"@type":"Organization","@id":"https:\/\/blogs.uninter.edu.mx\/difusioncultural\/#organization","name":"Difusi\u00f3n Cultural","url":"https:\/\/blogs.uninter.edu.mx\/difusioncultural\/","logo":{"@type":"ImageObject","inLanguage":"es","@id":"https:\/\/blogs.uninter.edu.mx\/difusioncultural\/#\/schema\/logo\/image\/","url":"https:\/\/blogs.uninter.edu.mx\/difusioncultural\/wp-content\/uploads\/2022\/09\/uninter.jpg","contentUrl":"https:\/\/blogs.uninter.edu.mx\/difusioncultural\/wp-content\/uploads\/2022\/09\/uninter.jpg","width":2048,"height":2048,"caption":"Difusi\u00f3n Cultural"},"image":{"@id":"https:\/\/blogs.uninter.edu.mx\/difusioncultural\/#\/schema\/logo\/image\/"}},{"@type":"Person","@id":"https:\/\/blogs.uninter.edu.mx\/difusioncultural\/#\/schema\/person\/c710e37686022500827405824a08a18c","name":"Aslhey Alejandra Gonz\u00e1lez Castro","image":{"@type":"ImageObject","inLanguage":"es","@id":"https:\/\/blogs.uninter.edu.mx\/difusioncultural\/#\/schema\/person\/image\/","url":"https:\/\/secure.gravatar.com\/avatar\/1905d6ed47b47ccbfb53e4b64f72f2017309e25d96ef418088d4f998ecf6552e?s=96&d=mm&r=g","contentUrl":"https:\/\/secure.gravatar.com\/avatar\/1905d6ed47b47ccbfb53e4b64f72f2017309e25d96ef418088d4f998ecf6552e?s=96&d=mm&r=g","caption":"Aslhey Alejandra Gonz\u00e1lez Castro"},"url":"https:\/\/blogs.uninter.edu.mx\/difusioncultural\/?author=24"}]}},"jetpack_publicize_connections":[],"jetpack_featured_media_url":"","jetpack_sharing_enabled":true,"_links":{"self":[{"href":"https:\/\/blogs.uninter.edu.mx\/difusioncultural\/index.php?rest_route=\/wp\/v2\/posts\/927","targetHints":{"allow":["GET"]}}],"collection":[{"href":"https:\/\/blogs.uninter.edu.mx\/difusioncultural\/index.php?rest_route=\/wp\/v2\/posts"}],"about":[{"href":"https:\/\/blogs.uninter.edu.mx\/difusioncultural\/index.php?rest_route=\/wp\/v2\/types\/post"}],"author":[{"embeddable":true,"href":"https:\/\/blogs.uninter.edu.mx\/difusioncultural\/index.php?rest_route=\/wp\/v2\/users\/24"}],"replies":[{"embeddable":true,"href":"https:\/\/blogs.uninter.edu.mx\/difusioncultural\/index.php?rest_route=%2Fwp%2Fv2%2Fcomments&post=927"}],"version-history":[{"count":0,"href":"https:\/\/blogs.uninter.edu.mx\/difusioncultural\/index.php?rest_route=\/wp\/v2\/posts\/927\/revisions"}],"wp:attachment":[{"href":"https:\/\/blogs.uninter.edu.mx\/difusioncultural\/index.php?rest_route=%2Fwp%2Fv2%2Fmedia&parent=927"}],"wp:term":[{"taxonomy":"category","embeddable":true,"href":"https:\/\/blogs.uninter.edu.mx\/difusioncultural\/index.php?rest_route=%2Fwp%2Fv2%2Fcategories&post=927"},{"taxonomy":"post_tag","embeddable":true,"href":"https:\/\/blogs.uninter.edu.mx\/difusioncultural\/index.php?rest_route=%2Fwp%2Fv2%2Ftags&post=927"}],"curies":[{"name":"wp","href":"https:\/\/api.w.org\/{rel}","templated":true}]}}