{"id":9288,"date":"2023-01-26T09:31:07","date_gmt":"2023-01-26T15:31:07","guid":{"rendered":"https:\/\/difusionculturaluninter.wordpress.com\/?p=9288"},"modified":"2023-01-26T09:31:07","modified_gmt":"2023-01-26T15:31:07","slug":"26-de-enero-dia-mundial-de-la-educacion-ambiental-2","status":"publish","type":"post","link":"https:\/\/blogs.uninter.edu.mx\/difusioncultural\/?p=9288","title":{"rendered":"26 de enero: D\u00eda Mundial de la Educaci\u00f3n Ambiental\u00a0"},"content":{"rendered":"\n<h2 class=\"wp-block-heading\">La educaci\u00f3n ambiental debe ser un proceso continuo y permanente que se debe ir adaptando a las necesidades de cada \u00e9poca dando respuesta a las crisis que afectan al planeta.<\/h2>\n\n\n\n<p><img decoding=\"async\" alt=\"Educaci\u00f3n ambiental\" src=\"https:\/\/www.gob.mx\/cms\/uploads\/article\/main_image\/117161\/Enero_2023_1_copia_4.jpg\">Educaci\u00f3n ambiental<\/p>\n\n\n\n<p>El prop\u00f3sito de celebrar el D\u00eda Mundial de la Educaci\u00f3n Ambiental es crear conciencia sobre la problem\u00e1tica, no \u00fanicamente a nivel global, sino tambi\u00e9n a nivel local.&nbsp;<\/p>\n\n\n\n<p>Los primeros indicios sobre la importancia de cuidar el medio ambiente surgen 1972, cuando en la Declaraci\u00f3n de la Conferencia de las Naciones Unidas sobre el Medio Ambiente en Estocolmo, Suecia expres\u00f3 su inter\u00e9s en crear conciencia e implementar principios que \u00fatiles a la sociedad como una gu\u00eda para preservar y mejorar el medio ambiente.&nbsp;<\/p>\n\n\n\n<p>Y no fue hasta 1975 durante el Seminario Internacional de Educaci\u00f3n Ambiental en el que participaron expertos de m\u00e1s de 70 naciones, que plasmaron sus objetivos b\u00e1sicos en la Carta de Belgrado. Definieron seis puntos capitales para ayudar a los grupos sociales y a las personas a involucrarse activamente en el logro de esos objetivos. A continuaci\u00f3n se presentan los objetivos principales de la Educaci\u00f3n Ambiental que se encuentran dentro de la Declaraci\u00f3n de Tbilisi:&nbsp;<\/p>\n\n\n\n<p>\u00b7 Consciencia y conocimiento: adquirir mayor sensibilidad, conciencia y comprensi\u00f3n b\u00e1sica del medio ambiente, adem\u00e1s de los problemas conexos, adem\u00e1s de la presencia y funci\u00f3n de la humanidad en \u00e9l.&nbsp;<\/p>\n\n\n\n<p>\u00b7 Actitudes y aptitudes: Ayudar a desarrollar valores, actitudes, compromiso y habilidades para proteger y mejorar el medio ambiente.&nbsp;<\/p>\n\n\n\n<p>\u00b7 Acci\u00f3n y participaci\u00f3n: Crear nuevos patrones de comportamiento desde la responsabilidad que ayuden al individuo y comunidad a cuidar de su entorno.&nbsp;<\/p>\n\n\n\n<p>En este sentido, la educaci\u00f3n ambiental debe ser un proceso continuo y permanente que se debe ir adaptando a las necesidades de cada \u00e9poca dando respuesta a las crisis que afectan al planeta. Esta conmemoraci\u00f3n busca que&nbsp;cada individuo identifique las problem\u00e1ticas ambientales que viven de manera cotidiana, buscando soluciones y tengan participaci\u00f3n activa.&nbsp;<\/p>\n\n\n\n<p>Para la PROFEPA la educaci\u00f3n ambiental es un pilar fundamental para lograr que las leyes ambientales se apliquen de manera correcta. La Procuradur\u00eda participa de manera activa en la capacitaci\u00f3n de los elementos de los Comit\u00e9s de Vigilancia Ambiental Participativa y promueve la educaci\u00f3n ambiental en ni\u00f1os y j\u00f3venes.&nbsp;<\/p>\n\n\n\n<p>Fuente:<\/p>\n\n\n\n<p>https:\/\/unesdoc.unesco.org\/ark:\/48223\/pf0000038550_spa<\/p>\n\n\n\n<p>https:\/\/www.gob.mx\/semarnat\/articulos\/dia-mundial-de-la-educacion-ambiental<\/p>\n\n\n\n<p>https:\/\/www.profepa.gob.mx\/innovaportal\/v\/6784\/1\/mx.wap\/promueve_profepa_educacion_ambiental_a_estudiantes_de_primaria_de_jalisco_y__nayarit.html<\/p>\n\n\n\n<p>https:\/\/www.gob.mx\/semarnat\/articulos\/dia-mundial-de-la-educacion-ambiental-2021<\/p>\n\n\n\n<p>https:\/\/sedema.cdmx.gob.mx\/comunicacion\/nota\/enero-26-dia-mundial-de-la-educacion-ambiental<\/p>\n","protected":false},"excerpt":{"rendered":"<p>La educaci\u00f3n ambiental debe ser un proceso continuo y permanente que se debe ir adaptando a las necesidades de cada \u00e9poca dando respuesta a las crisis que afectan al planeta. Educaci\u00f3n ambiental El prop\u00f3sito de celebrar el D\u00eda Mundial de la Educaci\u00f3n Ambiental es crear conciencia sobre la problem\u00e1tica, no \u00fanicamente a nivel global, sino&hellip;<\/p>\n","protected":false},"author":24,"featured_media":9290,"comment_status":"closed","ping_status":"open","sticky":false,"template":"","format":"standard","meta":{"_jetpack_memberships_contains_paid_content":false,"footnotes":"","jetpack_publicize_message":"","jetpack_publicize_feature_enabled":true,"jetpack_social_post_already_shared":false,"jetpack_social_options":{"image_generator_settings":{"template":"highway","default_image_id":0,"font":"","enabled":false},"version":2}},"categories":[12,14],"tags":[],"class_list":["post-9288","post","type-post","status-publish","format-standard","has-post-thumbnail","hentry","category-noticias","category-un-dia-como-hoy"],"yoast_head":"<!-- This site is optimized with the Yoast SEO plugin v26.3 - https:\/\/yoast.com\/wordpress\/plugins\/seo\/ -->\r\n<title>26 de enero: D\u00eda Mundial de la Educaci\u00f3n Ambiental\u00a0 - Difusi\u00f3n Cultural<\/title>\r\n<meta name=\"robots\" content=\"index, follow, max-snippet:-1, max-image-preview:large, max-video-preview:-1\" \/>\r\n<link rel=\"canonical\" href=\"https:\/\/blogs.uninter.edu.mx\/difusioncultural\/?p=9288\" \/>\r\n<meta property=\"og:locale\" content=\"es_MX\" \/>\r\n<meta property=\"og:type\" content=\"article\" \/>\r\n<meta property=\"og:title\" content=\"26 de enero: D\u00eda Mundial de la Educaci\u00f3n Ambiental\u00a0 - Difusi\u00f3n Cultural\" \/>\r\n<meta property=\"og:description\" content=\"La educaci\u00f3n ambiental debe ser un proceso continuo y permanente que se debe ir adaptando a las necesidades de cada \u00e9poca dando respuesta a las crisis que afectan al planeta. Educaci\u00f3n ambiental El prop\u00f3sito de celebrar el D\u00eda Mundial de la Educaci\u00f3n Ambiental es crear conciencia sobre la problem\u00e1tica, no \u00fanicamente a nivel global, sino&hellip;\" \/>\r\n<meta property=\"og:url\" content=\"https:\/\/blogs.uninter.edu.mx\/difusioncultural\/?p=9288\" \/>\r\n<meta property=\"og:site_name\" content=\"Difusi\u00f3n Cultural\" \/>\r\n<meta property=\"article:published_time\" content=\"2023-01-26T15:31:07+00:00\" \/>\r\n<meta property=\"og:image\" content=\"https:\/\/blogs.uninter.edu.mx\/difusioncultural\/wp-content\/uploads\/2023\/01\/26.jpg\" \/>\r\n\t<meta property=\"og:image:width\" content=\"700\" \/>\r\n\t<meta property=\"og:image:height\" content=\"700\" \/>\r\n\t<meta property=\"og:image:type\" content=\"image\/jpeg\" \/>\r\n<meta name=\"author\" content=\"Aslhey Alejandra Gonz\u00e1lez Castro\" \/>\r\n<meta name=\"twitter:card\" content=\"summary_large_image\" \/>\r\n<meta name=\"twitter:label1\" content=\"Escrito por\" \/>\n\t<meta name=\"twitter:data1\" content=\"Aslhey Alejandra Gonz\u00e1lez Castro\" \/>\n\t<meta name=\"twitter:label2\" content=\"Tiempo de lectura\" \/>\n\t<meta name=\"twitter:data2\" content=\"2 minutos\" \/>\r\n<script type=\"application\/ld+json\" class=\"yoast-schema-graph\">{\"@context\":\"https:\/\/schema.org\",\"@graph\":[{\"@type\":\"Article\",\"@id\":\"https:\/\/blogs.uninter.edu.mx\/difusioncultural\/?p=9288#article\",\"isPartOf\":{\"@id\":\"https:\/\/blogs.uninter.edu.mx\/difusioncultural\/?p=9288\"},\"author\":{\"name\":\"Aslhey Alejandra Gonz\u00e1lez Castro\",\"@id\":\"https:\/\/blogs.uninter.edu.mx\/difusioncultural\/#\/schema\/person\/c710e37686022500827405824a08a18c\"},\"headline\":\"26 de enero: D\u00eda Mundial de la Educaci\u00f3n Ambiental\u00a0\",\"datePublished\":\"2023-01-26T15:31:07+00:00\",\"mainEntityOfPage\":{\"@id\":\"https:\/\/blogs.uninter.edu.mx\/difusioncultural\/?p=9288\"},\"wordCount\":464,\"publisher\":{\"@id\":\"https:\/\/blogs.uninter.edu.mx\/difusioncultural\/#organization\"},\"image\":{\"@id\":\"https:\/\/blogs.uninter.edu.mx\/difusioncultural\/?p=9288#primaryimage\"},\"thumbnailUrl\":\"https:\/\/blogs.uninter.edu.mx\/difusioncultural\/wp-content\/uploads\/2023\/01\/26.jpg\",\"articleSection\":[\"noticias\",\"un dia como hoy\"],\"inLanguage\":\"es\"},{\"@type\":\"WebPage\",\"@id\":\"https:\/\/blogs.uninter.edu.mx\/difusioncultural\/?p=9288\",\"url\":\"https:\/\/blogs.uninter.edu.mx\/difusioncultural\/?p=9288\",\"name\":\"26 de enero: D\u00eda Mundial de la Educaci\u00f3n Ambiental\u00a0 - Difusi\u00f3n Cultural\",\"isPartOf\":{\"@id\":\"https:\/\/blogs.uninter.edu.mx\/difusioncultural\/#website\"},\"primaryImageOfPage\":{\"@id\":\"https:\/\/blogs.uninter.edu.mx\/difusioncultural\/?p=9288#primaryimage\"},\"image\":{\"@id\":\"https:\/\/blogs.uninter.edu.mx\/difusioncultural\/?p=9288#primaryimage\"},\"thumbnailUrl\":\"https:\/\/blogs.uninter.edu.mx\/difusioncultural\/wp-content\/uploads\/2023\/01\/26.jpg\",\"datePublished\":\"2023-01-26T15:31:07+00:00\",\"breadcrumb\":{\"@id\":\"https:\/\/blogs.uninter.edu.mx\/difusioncultural\/?p=9288#breadcrumb\"},\"inLanguage\":\"es\",\"potentialAction\":[{\"@type\":\"ReadAction\",\"target\":[\"https:\/\/blogs.uninter.edu.mx\/difusioncultural\/?p=9288\"]}]},{\"@type\":\"ImageObject\",\"inLanguage\":\"es\",\"@id\":\"https:\/\/blogs.uninter.edu.mx\/difusioncultural\/?p=9288#primaryimage\",\"url\":\"https:\/\/blogs.uninter.edu.mx\/difusioncultural\/wp-content\/uploads\/2023\/01\/26.jpg\",\"contentUrl\":\"https:\/\/blogs.uninter.edu.mx\/difusioncultural\/wp-content\/uploads\/2023\/01\/26.jpg\",\"width\":5000,\"height\":5001},{\"@type\":\"BreadcrumbList\",\"@id\":\"https:\/\/blogs.uninter.edu.mx\/difusioncultural\/?p=9288#breadcrumb\",\"itemListElement\":[{\"@type\":\"ListItem\",\"position\":1,\"name\":\"Inicio\",\"item\":\"https:\/\/blogs.uninter.edu.mx\/difusioncultural\/\"},{\"@type\":\"ListItem\",\"position\":2,\"name\":\"26 de enero: D\u00eda Mundial de la Educaci\u00f3n Ambiental\u00a0\"}]},{\"@type\":\"WebSite\",\"@id\":\"https:\/\/blogs.uninter.edu.mx\/difusioncultural\/#website\",\"url\":\"https:\/\/blogs.uninter.edu.mx\/difusioncultural\/\",\"name\":\"Difusi\u00f3n Cultural\",\"description\":\"UNINTER\",\"publisher\":{\"@id\":\"https:\/\/blogs.uninter.edu.mx\/difusioncultural\/#organization\"},\"potentialAction\":[{\"@type\":\"SearchAction\",\"target\":{\"@type\":\"EntryPoint\",\"urlTemplate\":\"https:\/\/blogs.uninter.edu.mx\/difusioncultural\/?s={search_term_string}\"},\"query-input\":{\"@type\":\"PropertyValueSpecification\",\"valueRequired\":true,\"valueName\":\"search_term_string\"}}],\"inLanguage\":\"es\"},{\"@type\":\"Organization\",\"@id\":\"https:\/\/blogs.uninter.edu.mx\/difusioncultural\/#organization\",\"name\":\"Difusi\u00f3n Cultural\",\"url\":\"https:\/\/blogs.uninter.edu.mx\/difusioncultural\/\",\"logo\":{\"@type\":\"ImageObject\",\"inLanguage\":\"es\",\"@id\":\"https:\/\/blogs.uninter.edu.mx\/difusioncultural\/#\/schema\/logo\/image\/\",\"url\":\"https:\/\/blogs.uninter.edu.mx\/difusioncultural\/wp-content\/uploads\/2022\/09\/uninter.jpg\",\"contentUrl\":\"https:\/\/blogs.uninter.edu.mx\/difusioncultural\/wp-content\/uploads\/2022\/09\/uninter.jpg\",\"width\":2048,\"height\":2048,\"caption\":\"Difusi\u00f3n Cultural\"},\"image\":{\"@id\":\"https:\/\/blogs.uninter.edu.mx\/difusioncultural\/#\/schema\/logo\/image\/\"}},{\"@type\":\"Person\",\"@id\":\"https:\/\/blogs.uninter.edu.mx\/difusioncultural\/#\/schema\/person\/c710e37686022500827405824a08a18c\",\"name\":\"Aslhey Alejandra Gonz\u00e1lez Castro\",\"image\":{\"@type\":\"ImageObject\",\"inLanguage\":\"es\",\"@id\":\"https:\/\/blogs.uninter.edu.mx\/difusioncultural\/#\/schema\/person\/image\/\",\"url\":\"https:\/\/secure.gravatar.com\/avatar\/1905d6ed47b47ccbfb53e4b64f72f2017309e25d96ef418088d4f998ecf6552e?s=96&d=mm&r=g\",\"contentUrl\":\"https:\/\/secure.gravatar.com\/avatar\/1905d6ed47b47ccbfb53e4b64f72f2017309e25d96ef418088d4f998ecf6552e?s=96&d=mm&r=g\",\"caption\":\"Aslhey Alejandra Gonz\u00e1lez Castro\"},\"url\":\"https:\/\/blogs.uninter.edu.mx\/difusioncultural\/?author=24\"}]}<\/script>\r\n<!-- \/ Yoast SEO plugin. -->","yoast_head_json":{"title":"26 de enero: D\u00eda Mundial de la Educaci\u00f3n Ambiental\u00a0 - Difusi\u00f3n Cultural","robots":{"index":"index","follow":"follow","max-snippet":"max-snippet:-1","max-image-preview":"max-image-preview:large","max-video-preview":"max-video-preview:-1"},"canonical":"https:\/\/blogs.uninter.edu.mx\/difusioncultural\/?p=9288","og_locale":"es_MX","og_type":"article","og_title":"26 de enero: D\u00eda Mundial de la Educaci\u00f3n Ambiental\u00a0 - Difusi\u00f3n Cultural","og_description":"La educaci\u00f3n ambiental debe ser un proceso continuo y permanente que se debe ir adaptando a las necesidades de cada \u00e9poca dando respuesta a las crisis que afectan al planeta. Educaci\u00f3n ambiental El prop\u00f3sito de celebrar el D\u00eda Mundial de la Educaci\u00f3n Ambiental es crear conciencia sobre la problem\u00e1tica, no \u00fanicamente a nivel global, sino&hellip;","og_url":"https:\/\/blogs.uninter.edu.mx\/difusioncultural\/?p=9288","og_site_name":"Difusi\u00f3n Cultural","article_published_time":"2023-01-26T15:31:07+00:00","og_image":[{"url":"https:\/\/blogs.uninter.edu.mx\/difusioncultural\/wp-content\/uploads\/2023\/01\/26.jpg","width":700,"height":700,"type":"image\/jpeg"}],"author":"Aslhey Alejandra Gonz\u00e1lez Castro","twitter_card":"summary_large_image","twitter_misc":{"Escrito por":"Aslhey Alejandra Gonz\u00e1lez Castro","Tiempo de lectura":"2 minutos"},"schema":{"@context":"https:\/\/schema.org","@graph":[{"@type":"Article","@id":"https:\/\/blogs.uninter.edu.mx\/difusioncultural\/?p=9288#article","isPartOf":{"@id":"https:\/\/blogs.uninter.edu.mx\/difusioncultural\/?p=9288"},"author":{"name":"Aslhey Alejandra Gonz\u00e1lez Castro","@id":"https:\/\/blogs.uninter.edu.mx\/difusioncultural\/#\/schema\/person\/c710e37686022500827405824a08a18c"},"headline":"26 de enero: D\u00eda Mundial de la Educaci\u00f3n Ambiental\u00a0","datePublished":"2023-01-26T15:31:07+00:00","mainEntityOfPage":{"@id":"https:\/\/blogs.uninter.edu.mx\/difusioncultural\/?p=9288"},"wordCount":464,"publisher":{"@id":"https:\/\/blogs.uninter.edu.mx\/difusioncultural\/#organization"},"image":{"@id":"https:\/\/blogs.uninter.edu.mx\/difusioncultural\/?p=9288#primaryimage"},"thumbnailUrl":"https:\/\/blogs.uninter.edu.mx\/difusioncultural\/wp-content\/uploads\/2023\/01\/26.jpg","articleSection":["noticias","un dia como hoy"],"inLanguage":"es"},{"@type":"WebPage","@id":"https:\/\/blogs.uninter.edu.mx\/difusioncultural\/?p=9288","url":"https:\/\/blogs.uninter.edu.mx\/difusioncultural\/?p=9288","name":"26 de enero: D\u00eda Mundial de la Educaci\u00f3n Ambiental\u00a0 - Difusi\u00f3n Cultural","isPartOf":{"@id":"https:\/\/blogs.uninter.edu.mx\/difusioncultural\/#website"},"primaryImageOfPage":{"@id":"https:\/\/blogs.uninter.edu.mx\/difusioncultural\/?p=9288#primaryimage"},"image":{"@id":"https:\/\/blogs.uninter.edu.mx\/difusioncultural\/?p=9288#primaryimage"},"thumbnailUrl":"https:\/\/blogs.uninter.edu.mx\/difusioncultural\/wp-content\/uploads\/2023\/01\/26.jpg","datePublished":"2023-01-26T15:31:07+00:00","breadcrumb":{"@id":"https:\/\/blogs.uninter.edu.mx\/difusioncultural\/?p=9288#breadcrumb"},"inLanguage":"es","potentialAction":[{"@type":"ReadAction","target":["https:\/\/blogs.uninter.edu.mx\/difusioncultural\/?p=9288"]}]},{"@type":"ImageObject","inLanguage":"es","@id":"https:\/\/blogs.uninter.edu.mx\/difusioncultural\/?p=9288#primaryimage","url":"https:\/\/blogs.uninter.edu.mx\/difusioncultural\/wp-content\/uploads\/2023\/01\/26.jpg","contentUrl":"https:\/\/blogs.uninter.edu.mx\/difusioncultural\/wp-content\/uploads\/2023\/01\/26.jpg","width":5000,"height":5001},{"@type":"BreadcrumbList","@id":"https:\/\/blogs.uninter.edu.mx\/difusioncultural\/?p=9288#breadcrumb","itemListElement":[{"@type":"ListItem","position":1,"name":"Inicio","item":"https:\/\/blogs.uninter.edu.mx\/difusioncultural\/"},{"@type":"ListItem","position":2,"name":"26 de enero: D\u00eda Mundial de la Educaci\u00f3n Ambiental\u00a0"}]},{"@type":"WebSite","@id":"https:\/\/blogs.uninter.edu.mx\/difusioncultural\/#website","url":"https:\/\/blogs.uninter.edu.mx\/difusioncultural\/","name":"Difusi\u00f3n Cultural","description":"UNINTER","publisher":{"@id":"https:\/\/blogs.uninter.edu.mx\/difusioncultural\/#organization"},"potentialAction":[{"@type":"SearchAction","target":{"@type":"EntryPoint","urlTemplate":"https:\/\/blogs.uninter.edu.mx\/difusioncultural\/?s={search_term_string}"},"query-input":{"@type":"PropertyValueSpecification","valueRequired":true,"valueName":"search_term_string"}}],"inLanguage":"es"},{"@type":"Organization","@id":"https:\/\/blogs.uninter.edu.mx\/difusioncultural\/#organization","name":"Difusi\u00f3n Cultural","url":"https:\/\/blogs.uninter.edu.mx\/difusioncultural\/","logo":{"@type":"ImageObject","inLanguage":"es","@id":"https:\/\/blogs.uninter.edu.mx\/difusioncultural\/#\/schema\/logo\/image\/","url":"https:\/\/blogs.uninter.edu.mx\/difusioncultural\/wp-content\/uploads\/2022\/09\/uninter.jpg","contentUrl":"https:\/\/blogs.uninter.edu.mx\/difusioncultural\/wp-content\/uploads\/2022\/09\/uninter.jpg","width":2048,"height":2048,"caption":"Difusi\u00f3n Cultural"},"image":{"@id":"https:\/\/blogs.uninter.edu.mx\/difusioncultural\/#\/schema\/logo\/image\/"}},{"@type":"Person","@id":"https:\/\/blogs.uninter.edu.mx\/difusioncultural\/#\/schema\/person\/c710e37686022500827405824a08a18c","name":"Aslhey Alejandra Gonz\u00e1lez Castro","image":{"@type":"ImageObject","inLanguage":"es","@id":"https:\/\/blogs.uninter.edu.mx\/difusioncultural\/#\/schema\/person\/image\/","url":"https:\/\/secure.gravatar.com\/avatar\/1905d6ed47b47ccbfb53e4b64f72f2017309e25d96ef418088d4f998ecf6552e?s=96&d=mm&r=g","contentUrl":"https:\/\/secure.gravatar.com\/avatar\/1905d6ed47b47ccbfb53e4b64f72f2017309e25d96ef418088d4f998ecf6552e?s=96&d=mm&r=g","caption":"Aslhey Alejandra Gonz\u00e1lez Castro"},"url":"https:\/\/blogs.uninter.edu.mx\/difusioncultural\/?author=24"}]}},"jetpack_publicize_connections":[],"jetpack_featured_media_url":"https:\/\/blogs.uninter.edu.mx\/difusioncultural\/wp-content\/uploads\/2023\/01\/26.jpg","jetpack_sharing_enabled":true,"_links":{"self":[{"href":"https:\/\/blogs.uninter.edu.mx\/difusioncultural\/index.php?rest_route=\/wp\/v2\/posts\/9288","targetHints":{"allow":["GET"]}}],"collection":[{"href":"https:\/\/blogs.uninter.edu.mx\/difusioncultural\/index.php?rest_route=\/wp\/v2\/posts"}],"about":[{"href":"https:\/\/blogs.uninter.edu.mx\/difusioncultural\/index.php?rest_route=\/wp\/v2\/types\/post"}],"author":[{"embeddable":true,"href":"https:\/\/blogs.uninter.edu.mx\/difusioncultural\/index.php?rest_route=\/wp\/v2\/users\/24"}],"replies":[{"embeddable":true,"href":"https:\/\/blogs.uninter.edu.mx\/difusioncultural\/index.php?rest_route=%2Fwp%2Fv2%2Fcomments&post=9288"}],"version-history":[{"count":0,"href":"https:\/\/blogs.uninter.edu.mx\/difusioncultural\/index.php?rest_route=\/wp\/v2\/posts\/9288\/revisions"}],"wp:featuredmedia":[{"embeddable":true,"href":"https:\/\/blogs.uninter.edu.mx\/difusioncultural\/index.php?rest_route=\/wp\/v2\/media\/9290"}],"wp:attachment":[{"href":"https:\/\/blogs.uninter.edu.mx\/difusioncultural\/index.php?rest_route=%2Fwp%2Fv2%2Fmedia&parent=9288"}],"wp:term":[{"taxonomy":"category","embeddable":true,"href":"https:\/\/blogs.uninter.edu.mx\/difusioncultural\/index.php?rest_route=%2Fwp%2Fv2%2Fcategories&post=9288"},{"taxonomy":"post_tag","embeddable":true,"href":"https:\/\/blogs.uninter.edu.mx\/difusioncultural\/index.php?rest_route=%2Fwp%2Fv2%2Ftags&post=9288"}],"curies":[{"name":"wp","href":"https:\/\/api.w.org\/{rel}","templated":true}]}}