{"id":9649,"date":"2023-08-21T16:00:00","date_gmt":"2023-08-21T16:00:00","guid":{"rendered":"https:\/\/blogs.uninter.edu.mx\/difusioncultural\/?p=9649"},"modified":"2023-08-28T19:10:40","modified_gmt":"2023-08-28T19:10:40","slug":"obed-calderon-inaugura-liberatura","status":"publish","type":"post","link":"https:\/\/blogs.uninter.edu.mx\/difusioncultural\/?p=9649","title":{"rendered":"Obed Calder\u00f3n inaugura &#8220;Liberatura&#8221;"},"content":{"rendered":"\n<p>El d\u00eda 18 de agosto Obed Calder\u00f3n, pintor y muralista, inauguro su sexto mural al cual le puso el nombre de &#8220;Liberatura&#8221;, esta obra fue hecha con una t\u00e9cnica de mosaico directo sobre muro. Tiene una altura de 7.55 metros de largo por 2.5 metros de alto. Este mural se encuentra en la preparatoria no. 13 (Isla pianosa 4575, jardines del sur)<\/p>\n\n\n\n<h2 class=\"wp-block-heading\">\u00bfcomo fue posible?<\/h2>\n\n\n\n<p>Este proyecto fue posible, ya que Obed fue ganador de la beca, repatriaci\u00f3n de talento edici\u00f3n 2022, la argumentaci\u00f3n para que este proyecto fuera llevado a cabo fue &#8220;Este proyecto aportara a la comunidad universitaria y a la comunidad jalisciense en el lado de las artes, con un proyecto con una t\u00e9cnica y concepto novedoso&#8221;.<\/p>\n\n\n\n<p>Para poder conformar su equipo obed lanzo una convocatoria a los estudiantes de la instituci\u00f3n para que se pudieran a integrar al taller &#8220;creaci\u00f3n de obra mural&#8221; donde en este les ense\u00f1ar\u00eda la t\u00e9cnica de mosaico desarrollada por el mismo.<\/p>\n\n\n\n<h2 class=\"wp-block-heading\">Equipo de trabajo<\/h2>\n\n\n\n<p>El equipo al final fue conformado con las estudiantes Elizabeth Ruelas Gonz\u00e1lez, Elizabeth Sotelo Cruz, Sof\u00eda Ver\u00f3nica Jim\u00e9nez Guerrero, Alejandra Judith Mart\u00ednez Nonato, Jennifer Andrea M\u00e9ndez Cuellar, \u00c1ngela Paulina Mendoza Mart\u00ednez, Alicia Ihazel Zerme\u00f1o Gonz\u00e1lez, Valeria Torres Farias, Karely Janette Cort\u00e9s Ibarra, Adriana Sof\u00eda Villa Moreno, Paola Irene Hern\u00e1ndez Gonz\u00e1lez. As\u00ed como Majo Guerra como asistente, tambi\u00e9n se conto con la participaci\u00f3n de la maestra de dibujo y pintura, Irene Mar\u00eda de Jes\u00fas Rivera Gonz\u00e1lez.<\/p>\n\n\n\n<h2 class=\"wp-block-heading\"> Concepto del mural <\/h2>\n\n\n\n<p>Para este proyecto Obed tuvo libertad creativa, algo que \u00e9l siempre pide al momento de iniciar un proyecto, entonces \u00e9l arranc\u00f3 pensando en el momento hist\u00f3rico en el que estamos porque tenemos una gran manipulaci\u00f3n en el sentido de la vigilancia, los poderes f\u00e1cticos y el mal uso de las tecnolog\u00edas de la informaci\u00f3n. Vemos que hay gente que se deprime, que pone expectativas y que incluso hay hasta una adicci\u00f3n sobre el poco control que se tiene de las redes sociales\u201d<\/p>\n\n\n\n<p>En otras palabras, esto se refiere a que el mural es una alegor\u00eda sobre el conocimiento que se transforma en la fuerza capaz de sacarnos adelante, es por ello que el libro abierto se vuelven caballos dejando atr\u00e1s al personaje grotesco que representa las fuerzas f\u00e1cticas que manipulan y enga\u00f1an, este personaje est\u00e1 formado por c\u00e1maras de videovigilancia, elementos propios de nuestra era de comunicaci\u00f3n y desechos pl\u00e1sticos.<\/p>\n\n\n\n<p>En el otro extremo del mural se muestra a un personaje sosteniendo el s\u00edmbolo de wifi y con la misma mano \u00e9l sostiene una lupa representando el s\u00edmbolo de la investigaci\u00f3n y la toma de conciencia.<\/p>\n\n\n\n<p>Este mural celebra el potencial del conocimiento y la ciencia<\/p>\n\n\n\n<figure class=\"wp-block-gallery has-nested-images columns-default is-cropped wp-block-gallery-1 is-layout-flex wp-block-gallery-is-layout-flex\">\n<figure class=\"wp-block-image size-large\"><img fetchpriority=\"high\" decoding=\"async\" width=\"770\" height=\"485\" data-id=\"9651\" src=\"https:\/\/blogs.uninter.edu.mx\/difusioncultural\/wp-content\/uploads\/2023\/08\/liberatura-1.webp\" alt=\"Imagen de el mural \" class=\"wp-image-9651\"\/><\/figure>\n<\/figure>\n\n\n\n<p class=\"has-small-font-size\">  <a href=\"https:\/\/www.informador.mx\/cultura\/Obed-Calderon-inaugurara-su-mural-Liberatura-en-la-Preparatoria-No.-13-20230817-0132.html\">Obed Calder\u00f3n inaugurar\u00e1 su mural \u201cLiberatura\u201d en la Preparatoria No. 13 (informador.mx)<\/a><\/p>\n\n\n\n<p><a href=\"https:\/\/blogs.uninter.edu.mx\/difusioncultural\/\">Difusi\u00f3n Cultural &#8211; UNINTER<\/a><\/p>\n","protected":false},"excerpt":{"rendered":"<p>El d\u00eda 18 de agosto Obed Calder\u00f3n, pintor y muralista, inauguro su sexto mural al cual le puso el nombre de &#8220;Liberatura&#8221;, esta obra fue hecha con una t\u00e9cnica de mosaico directo sobre muro. Tiene una altura de 7.55 metros de largo por 2.5 metros de alto. Este mural se encuentra en la preparatoria no.&hellip;<\/p>\n","protected":false},"author":24,"featured_media":9653,"comment_status":"open","ping_status":"open","sticky":false,"template":"","format":"standard","meta":{"_jetpack_memberships_contains_paid_content":false,"footnotes":"","jetpack_publicize_message":"","jetpack_publicize_feature_enabled":true,"jetpack_social_post_already_shared":false,"jetpack_social_options":{"image_generator_settings":{"template":"highway","default_image_id":0,"font":"","enabled":false},"version":2}},"categories":[2],"tags":[93,113],"class_list":["post-9649","post","type-post","status-publish","format-standard","has-post-thumbnail","hentry","category-actividades-artisticas-y-culturales","tag-cultura","tag-difusion-cultural"],"yoast_head":"<!-- This site is optimized with the Yoast SEO plugin v26.3 - https:\/\/yoast.com\/wordpress\/plugins\/seo\/ -->\r\n<title>Obed Calder\u00f3n inaugura &quot;Liberatura&quot; - Difusi\u00f3n Cultural<\/title>\r\n<meta name=\"description\" content=\"l d\u00eda 18 de agosto Obed Calder\u00f3n pintor y muralista inauguro su sexto mural al cual le puso el nombre de &quot;Liberatura&quot;\" \/>\r\n<meta name=\"robots\" content=\"index, follow, max-snippet:-1, max-image-preview:large, max-video-preview:-1\" \/>\r\n<link rel=\"canonical\" href=\"https:\/\/blogs.uninter.edu.mx\/difusioncultural\/?p=9649\" \/>\r\n<meta property=\"og:locale\" content=\"es_MX\" \/>\r\n<meta property=\"og:type\" content=\"article\" \/>\r\n<meta property=\"og:title\" content=\"Obed Calder\u00f3n inaugura &quot;Liberatura&quot; (Difusi\u00f3n cultural)\" \/>\r\n<meta property=\"og:description\" content=\"El d\u00eda 18 de agosto Obed Calder\u00f3n, pintor y muralista, inauguro su sexto mural al cual le puso el nombre de &quot;Liberatura&quot;\" \/>\r\n<meta property=\"og:url\" content=\"https:\/\/blogs.uninter.edu.mx\/difusioncultural\/?p=9649\" \/>\r\n<meta property=\"og:site_name\" content=\"Difusi\u00f3n Cultural\" \/>\r\n<meta property=\"article:published_time\" content=\"2023-08-21T16:00:00+00:00\" \/>\r\n<meta property=\"article:modified_time\" content=\"2023-08-28T19:10:40+00:00\" \/>\r\n<meta property=\"og:image\" content=\"https:\/\/blogs.uninter.edu.mx\/difusioncultural\/wp-content\/uploads\/2023\/08\/liberatura.png\" \/>\r\n\t<meta property=\"og:image:width\" content=\"770\" \/>\r\n\t<meta property=\"og:image:height\" content=\"485\" \/>\r\n\t<meta property=\"og:image:type\" content=\"image\/png\" \/>\r\n<meta name=\"author\" content=\"Aslhey Alejandra Gonz\u00e1lez Castro\" \/>\r\n<meta name=\"twitter:card\" content=\"summary_large_image\" \/>\r\n<meta name=\"twitter:label1\" content=\"Escrito por\" \/>\n\t<meta name=\"twitter:data1\" content=\"Aslhey Alejandra Gonz\u00e1lez Castro\" \/>\n\t<meta name=\"twitter:label2\" content=\"Tiempo de lectura\" \/>\n\t<meta name=\"twitter:data2\" content=\"3 minutos\" \/>\r\n<script type=\"application\/ld+json\" class=\"yoast-schema-graph\">{\"@context\":\"https:\/\/schema.org\",\"@graph\":[{\"@type\":\"Article\",\"@id\":\"https:\/\/blogs.uninter.edu.mx\/difusioncultural\/?p=9649#article\",\"isPartOf\":{\"@id\":\"https:\/\/blogs.uninter.edu.mx\/difusioncultural\/?p=9649\"},\"author\":{\"name\":\"Aslhey Alejandra Gonz\u00e1lez Castro\",\"@id\":\"https:\/\/blogs.uninter.edu.mx\/difusioncultural\/#\/schema\/person\/c710e37686022500827405824a08a18c\"},\"headline\":\"Obed Calder\u00f3n inaugura &#8220;Liberatura&#8221;\",\"datePublished\":\"2023-08-21T16:00:00+00:00\",\"dateModified\":\"2023-08-28T19:10:40+00:00\",\"mainEntityOfPage\":{\"@id\":\"https:\/\/blogs.uninter.edu.mx\/difusioncultural\/?p=9649\"},\"wordCount\":500,\"commentCount\":0,\"publisher\":{\"@id\":\"https:\/\/blogs.uninter.edu.mx\/difusioncultural\/#organization\"},\"image\":{\"@id\":\"https:\/\/blogs.uninter.edu.mx\/difusioncultural\/?p=9649#primaryimage\"},\"thumbnailUrl\":\"https:\/\/blogs.uninter.edu.mx\/difusioncultural\/wp-content\/uploads\/2023\/08\/liberatura.png\",\"keywords\":[\"cultura\",\"difusi\u00f3n cultural\"],\"articleSection\":[\"Actividades Art\u00edsticas y Culturales\"],\"inLanguage\":\"es\",\"potentialAction\":[{\"@type\":\"CommentAction\",\"name\":\"Comment\",\"target\":[\"https:\/\/blogs.uninter.edu.mx\/difusioncultural\/?p=9649#respond\"]}]},{\"@type\":\"WebPage\",\"@id\":\"https:\/\/blogs.uninter.edu.mx\/difusioncultural\/?p=9649\",\"url\":\"https:\/\/blogs.uninter.edu.mx\/difusioncultural\/?p=9649\",\"name\":\"Obed Calder\u00f3n inaugura \\\"Liberatura\\\" - Difusi\u00f3n Cultural\",\"isPartOf\":{\"@id\":\"https:\/\/blogs.uninter.edu.mx\/difusioncultural\/#website\"},\"primaryImageOfPage\":{\"@id\":\"https:\/\/blogs.uninter.edu.mx\/difusioncultural\/?p=9649#primaryimage\"},\"image\":{\"@id\":\"https:\/\/blogs.uninter.edu.mx\/difusioncultural\/?p=9649#primaryimage\"},\"thumbnailUrl\":\"https:\/\/blogs.uninter.edu.mx\/difusioncultural\/wp-content\/uploads\/2023\/08\/liberatura.png\",\"datePublished\":\"2023-08-21T16:00:00+00:00\",\"dateModified\":\"2023-08-28T19:10:40+00:00\",\"description\":\"l d\u00eda 18 de agosto Obed Calder\u00f3n pintor y muralista inauguro su sexto mural al cual le puso el nombre de \\\"Liberatura\\\"\",\"breadcrumb\":{\"@id\":\"https:\/\/blogs.uninter.edu.mx\/difusioncultural\/?p=9649#breadcrumb\"},\"inLanguage\":\"es\",\"potentialAction\":[{\"@type\":\"ReadAction\",\"target\":[\"https:\/\/blogs.uninter.edu.mx\/difusioncultural\/?p=9649\"]}]},{\"@type\":\"ImageObject\",\"inLanguage\":\"es\",\"@id\":\"https:\/\/blogs.uninter.edu.mx\/difusioncultural\/?p=9649#primaryimage\",\"url\":\"https:\/\/blogs.uninter.edu.mx\/difusioncultural\/wp-content\/uploads\/2023\/08\/liberatura.png\",\"contentUrl\":\"https:\/\/blogs.uninter.edu.mx\/difusioncultural\/wp-content\/uploads\/2023\/08\/liberatura.png\",\"width\":770,\"height\":485},{\"@type\":\"BreadcrumbList\",\"@id\":\"https:\/\/blogs.uninter.edu.mx\/difusioncultural\/?p=9649#breadcrumb\",\"itemListElement\":[{\"@type\":\"ListItem\",\"position\":1,\"name\":\"Inicio\",\"item\":\"https:\/\/blogs.uninter.edu.mx\/difusioncultural\/\"},{\"@type\":\"ListItem\",\"position\":2,\"name\":\"Obed Calder\u00f3n inaugura &#8220;Liberatura&#8221;\"}]},{\"@type\":\"WebSite\",\"@id\":\"https:\/\/blogs.uninter.edu.mx\/difusioncultural\/#website\",\"url\":\"https:\/\/blogs.uninter.edu.mx\/difusioncultural\/\",\"name\":\"Difusi\u00f3n Cultural\",\"description\":\"UNINTER\",\"publisher\":{\"@id\":\"https:\/\/blogs.uninter.edu.mx\/difusioncultural\/#organization\"},\"potentialAction\":[{\"@type\":\"SearchAction\",\"target\":{\"@type\":\"EntryPoint\",\"urlTemplate\":\"https:\/\/blogs.uninter.edu.mx\/difusioncultural\/?s={search_term_string}\"},\"query-input\":{\"@type\":\"PropertyValueSpecification\",\"valueRequired\":true,\"valueName\":\"search_term_string\"}}],\"inLanguage\":\"es\"},{\"@type\":\"Organization\",\"@id\":\"https:\/\/blogs.uninter.edu.mx\/difusioncultural\/#organization\",\"name\":\"Difusi\u00f3n Cultural\",\"url\":\"https:\/\/blogs.uninter.edu.mx\/difusioncultural\/\",\"logo\":{\"@type\":\"ImageObject\",\"inLanguage\":\"es\",\"@id\":\"https:\/\/blogs.uninter.edu.mx\/difusioncultural\/#\/schema\/logo\/image\/\",\"url\":\"https:\/\/blogs.uninter.edu.mx\/difusioncultural\/wp-content\/uploads\/2022\/09\/uninter.jpg\",\"contentUrl\":\"https:\/\/blogs.uninter.edu.mx\/difusioncultural\/wp-content\/uploads\/2022\/09\/uninter.jpg\",\"width\":2048,\"height\":2048,\"caption\":\"Difusi\u00f3n Cultural\"},\"image\":{\"@id\":\"https:\/\/blogs.uninter.edu.mx\/difusioncultural\/#\/schema\/logo\/image\/\"}},{\"@type\":\"Person\",\"@id\":\"https:\/\/blogs.uninter.edu.mx\/difusioncultural\/#\/schema\/person\/c710e37686022500827405824a08a18c\",\"name\":\"Aslhey Alejandra Gonz\u00e1lez Castro\",\"image\":{\"@type\":\"ImageObject\",\"inLanguage\":\"es\",\"@id\":\"https:\/\/blogs.uninter.edu.mx\/difusioncultural\/#\/schema\/person\/image\/\",\"url\":\"https:\/\/secure.gravatar.com\/avatar\/1905d6ed47b47ccbfb53e4b64f72f2017309e25d96ef418088d4f998ecf6552e?s=96&d=mm&r=g\",\"contentUrl\":\"https:\/\/secure.gravatar.com\/avatar\/1905d6ed47b47ccbfb53e4b64f72f2017309e25d96ef418088d4f998ecf6552e?s=96&d=mm&r=g\",\"caption\":\"Aslhey Alejandra Gonz\u00e1lez Castro\"},\"url\":\"https:\/\/blogs.uninter.edu.mx\/difusioncultural\/?author=24\"}]}<\/script>\r\n<!-- \/ Yoast SEO plugin. -->","yoast_head_json":{"title":"Obed Calder\u00f3n inaugura \"Liberatura\" - Difusi\u00f3n Cultural","description":"l d\u00eda 18 de agosto Obed Calder\u00f3n pintor y muralista inauguro su sexto mural al cual le puso el nombre de \"Liberatura\"","robots":{"index":"index","follow":"follow","max-snippet":"max-snippet:-1","max-image-preview":"max-image-preview:large","max-video-preview":"max-video-preview:-1"},"canonical":"https:\/\/blogs.uninter.edu.mx\/difusioncultural\/?p=9649","og_locale":"es_MX","og_type":"article","og_title":"Obed Calder\u00f3n inaugura \"Liberatura\" (Difusi\u00f3n cultural)","og_description":"El d\u00eda 18 de agosto Obed Calder\u00f3n, pintor y muralista, inauguro su sexto mural al cual le puso el nombre de \"Liberatura\"","og_url":"https:\/\/blogs.uninter.edu.mx\/difusioncultural\/?p=9649","og_site_name":"Difusi\u00f3n Cultural","article_published_time":"2023-08-21T16:00:00+00:00","article_modified_time":"2023-08-28T19:10:40+00:00","og_image":[{"width":770,"height":485,"url":"https:\/\/blogs.uninter.edu.mx\/difusioncultural\/wp-content\/uploads\/2023\/08\/liberatura.png","type":"image\/png"}],"author":"Aslhey Alejandra Gonz\u00e1lez Castro","twitter_card":"summary_large_image","twitter_misc":{"Escrito por":"Aslhey Alejandra Gonz\u00e1lez Castro","Tiempo de lectura":"3 minutos"},"schema":{"@context":"https:\/\/schema.org","@graph":[{"@type":"Article","@id":"https:\/\/blogs.uninter.edu.mx\/difusioncultural\/?p=9649#article","isPartOf":{"@id":"https:\/\/blogs.uninter.edu.mx\/difusioncultural\/?p=9649"},"author":{"name":"Aslhey Alejandra Gonz\u00e1lez Castro","@id":"https:\/\/blogs.uninter.edu.mx\/difusioncultural\/#\/schema\/person\/c710e37686022500827405824a08a18c"},"headline":"Obed Calder\u00f3n inaugura &#8220;Liberatura&#8221;","datePublished":"2023-08-21T16:00:00+00:00","dateModified":"2023-08-28T19:10:40+00:00","mainEntityOfPage":{"@id":"https:\/\/blogs.uninter.edu.mx\/difusioncultural\/?p=9649"},"wordCount":500,"commentCount":0,"publisher":{"@id":"https:\/\/blogs.uninter.edu.mx\/difusioncultural\/#organization"},"image":{"@id":"https:\/\/blogs.uninter.edu.mx\/difusioncultural\/?p=9649#primaryimage"},"thumbnailUrl":"https:\/\/blogs.uninter.edu.mx\/difusioncultural\/wp-content\/uploads\/2023\/08\/liberatura.png","keywords":["cultura","difusi\u00f3n cultural"],"articleSection":["Actividades Art\u00edsticas y Culturales"],"inLanguage":"es","potentialAction":[{"@type":"CommentAction","name":"Comment","target":["https:\/\/blogs.uninter.edu.mx\/difusioncultural\/?p=9649#respond"]}]},{"@type":"WebPage","@id":"https:\/\/blogs.uninter.edu.mx\/difusioncultural\/?p=9649","url":"https:\/\/blogs.uninter.edu.mx\/difusioncultural\/?p=9649","name":"Obed Calder\u00f3n inaugura \"Liberatura\" - Difusi\u00f3n Cultural","isPartOf":{"@id":"https:\/\/blogs.uninter.edu.mx\/difusioncultural\/#website"},"primaryImageOfPage":{"@id":"https:\/\/blogs.uninter.edu.mx\/difusioncultural\/?p=9649#primaryimage"},"image":{"@id":"https:\/\/blogs.uninter.edu.mx\/difusioncultural\/?p=9649#primaryimage"},"thumbnailUrl":"https:\/\/blogs.uninter.edu.mx\/difusioncultural\/wp-content\/uploads\/2023\/08\/liberatura.png","datePublished":"2023-08-21T16:00:00+00:00","dateModified":"2023-08-28T19:10:40+00:00","description":"l d\u00eda 18 de agosto Obed Calder\u00f3n pintor y muralista inauguro su sexto mural al cual le puso el nombre de \"Liberatura\"","breadcrumb":{"@id":"https:\/\/blogs.uninter.edu.mx\/difusioncultural\/?p=9649#breadcrumb"},"inLanguage":"es","potentialAction":[{"@type":"ReadAction","target":["https:\/\/blogs.uninter.edu.mx\/difusioncultural\/?p=9649"]}]},{"@type":"ImageObject","inLanguage":"es","@id":"https:\/\/blogs.uninter.edu.mx\/difusioncultural\/?p=9649#primaryimage","url":"https:\/\/blogs.uninter.edu.mx\/difusioncultural\/wp-content\/uploads\/2023\/08\/liberatura.png","contentUrl":"https:\/\/blogs.uninter.edu.mx\/difusioncultural\/wp-content\/uploads\/2023\/08\/liberatura.png","width":770,"height":485},{"@type":"BreadcrumbList","@id":"https:\/\/blogs.uninter.edu.mx\/difusioncultural\/?p=9649#breadcrumb","itemListElement":[{"@type":"ListItem","position":1,"name":"Inicio","item":"https:\/\/blogs.uninter.edu.mx\/difusioncultural\/"},{"@type":"ListItem","position":2,"name":"Obed Calder\u00f3n inaugura &#8220;Liberatura&#8221;"}]},{"@type":"WebSite","@id":"https:\/\/blogs.uninter.edu.mx\/difusioncultural\/#website","url":"https:\/\/blogs.uninter.edu.mx\/difusioncultural\/","name":"Difusi\u00f3n Cultural","description":"UNINTER","publisher":{"@id":"https:\/\/blogs.uninter.edu.mx\/difusioncultural\/#organization"},"potentialAction":[{"@type":"SearchAction","target":{"@type":"EntryPoint","urlTemplate":"https:\/\/blogs.uninter.edu.mx\/difusioncultural\/?s={search_term_string}"},"query-input":{"@type":"PropertyValueSpecification","valueRequired":true,"valueName":"search_term_string"}}],"inLanguage":"es"},{"@type":"Organization","@id":"https:\/\/blogs.uninter.edu.mx\/difusioncultural\/#organization","name":"Difusi\u00f3n Cultural","url":"https:\/\/blogs.uninter.edu.mx\/difusioncultural\/","logo":{"@type":"ImageObject","inLanguage":"es","@id":"https:\/\/blogs.uninter.edu.mx\/difusioncultural\/#\/schema\/logo\/image\/","url":"https:\/\/blogs.uninter.edu.mx\/difusioncultural\/wp-content\/uploads\/2022\/09\/uninter.jpg","contentUrl":"https:\/\/blogs.uninter.edu.mx\/difusioncultural\/wp-content\/uploads\/2022\/09\/uninter.jpg","width":2048,"height":2048,"caption":"Difusi\u00f3n Cultural"},"image":{"@id":"https:\/\/blogs.uninter.edu.mx\/difusioncultural\/#\/schema\/logo\/image\/"}},{"@type":"Person","@id":"https:\/\/blogs.uninter.edu.mx\/difusioncultural\/#\/schema\/person\/c710e37686022500827405824a08a18c","name":"Aslhey Alejandra Gonz\u00e1lez Castro","image":{"@type":"ImageObject","inLanguage":"es","@id":"https:\/\/blogs.uninter.edu.mx\/difusioncultural\/#\/schema\/person\/image\/","url":"https:\/\/secure.gravatar.com\/avatar\/1905d6ed47b47ccbfb53e4b64f72f2017309e25d96ef418088d4f998ecf6552e?s=96&d=mm&r=g","contentUrl":"https:\/\/secure.gravatar.com\/avatar\/1905d6ed47b47ccbfb53e4b64f72f2017309e25d96ef418088d4f998ecf6552e?s=96&d=mm&r=g","caption":"Aslhey Alejandra Gonz\u00e1lez Castro"},"url":"https:\/\/blogs.uninter.edu.mx\/difusioncultural\/?author=24"}]}},"jetpack_publicize_connections":[],"jetpack_featured_media_url":"https:\/\/blogs.uninter.edu.mx\/difusioncultural\/wp-content\/uploads\/2023\/08\/liberatura.png","jetpack_sharing_enabled":true,"_links":{"self":[{"href":"https:\/\/blogs.uninter.edu.mx\/difusioncultural\/index.php?rest_route=\/wp\/v2\/posts\/9649","targetHints":{"allow":["GET"]}}],"collection":[{"href":"https:\/\/blogs.uninter.edu.mx\/difusioncultural\/index.php?rest_route=\/wp\/v2\/posts"}],"about":[{"href":"https:\/\/blogs.uninter.edu.mx\/difusioncultural\/index.php?rest_route=\/wp\/v2\/types\/post"}],"author":[{"embeddable":true,"href":"https:\/\/blogs.uninter.edu.mx\/difusioncultural\/index.php?rest_route=\/wp\/v2\/users\/24"}],"replies":[{"embeddable":true,"href":"https:\/\/blogs.uninter.edu.mx\/difusioncultural\/index.php?rest_route=%2Fwp%2Fv2%2Fcomments&post=9649"}],"version-history":[{"count":1,"href":"https:\/\/blogs.uninter.edu.mx\/difusioncultural\/index.php?rest_route=\/wp\/v2\/posts\/9649\/revisions"}],"predecessor-version":[{"id":9652,"href":"https:\/\/blogs.uninter.edu.mx\/difusioncultural\/index.php?rest_route=\/wp\/v2\/posts\/9649\/revisions\/9652"}],"wp:featuredmedia":[{"embeddable":true,"href":"https:\/\/blogs.uninter.edu.mx\/difusioncultural\/index.php?rest_route=\/wp\/v2\/media\/9653"}],"wp:attachment":[{"href":"https:\/\/blogs.uninter.edu.mx\/difusioncultural\/index.php?rest_route=%2Fwp%2Fv2%2Fmedia&parent=9649"}],"wp:term":[{"taxonomy":"category","embeddable":true,"href":"https:\/\/blogs.uninter.edu.mx\/difusioncultural\/index.php?rest_route=%2Fwp%2Fv2%2Fcategories&post=9649"},{"taxonomy":"post_tag","embeddable":true,"href":"https:\/\/blogs.uninter.edu.mx\/difusioncultural\/index.php?rest_route=%2Fwp%2Fv2%2Ftags&post=9649"}],"curies":[{"name":"wp","href":"https:\/\/api.w.org\/{rel}","templated":true}]}}