{"id":9655,"date":"2023-08-23T17:00:00","date_gmt":"2023-08-23T17:00:00","guid":{"rendered":"https:\/\/blogs.uninter.edu.mx\/difusioncultural\/?p=9655"},"modified":"2023-08-28T19:11:21","modified_gmt":"2023-08-28T19:11:21","slug":"borrador-automaticor","status":"publish","type":"post","link":"https:\/\/blogs.uninter.edu.mx\/difusioncultural\/?p=9655","title":{"rendered":"El padre de la bomba at\u00f3mica"},"content":{"rendered":"\n<p>\u00bfQuien fue Robert Oppenheimer? <\/p>\n\n\n\n<p>Robert Oppenheimer fue un f\u00edsico te\u00f3rico jud\u00edo-estadounidense que lider\u00f3 el desarrollo de la bomba at\u00f3mica. Nacido en Nueva York en 1904, fue profesor de f\u00edsica en la Universidad de California, Berkeley. Considerado el padre de la bomba at\u00f3mica, Oppenheimer ayud\u00f3 a terminar la Segunda Guerra Mundial con el arma m\u00e1s destructiva que la humanidad jam\u00e1s haya visto. Sin embargo, despu\u00e9s de los bombardeos at\u00f3micos de Hiroshima y Nagasaki, se encontr\u00f3 con un dilema moral y fue acusado de ser comunista.<\/p>\n\n\n\n<h2 class=\"wp-block-heading\">Su gran dilema <\/h2>\n\n\n\n<p>Robert Oppenheimer, el hombre que desempe\u00f1\u00f3 un papel importante en el fin de la Segunda Guerra Mundial con el uso del arma m\u00e1s destructiva jam\u00e1s creada por la humanidad, la bomba at\u00f3mica, se vio envuelto en una crisis tras los bombardeos at\u00f3micos de Hiroshima y Nagasaki. Un verdadero dilema moral. Tambi\u00e9n tuvo que enfrentar el cargo de etiquetarlo como comunista y llevarlo ante la justicia por ello.<\/p>\n\n\n\n<p>Esta problem\u00e1tica se planteo en la nueva pel\u00edcula distribuida por universal estudios y dirigida por Christopher Edward Nolan. Con el concepto de \u00bfQu\u00e9 ocurre cuando un cient\u00edfico se termina arrepintiendo del conocimiento que ha develado?<\/p>\n\n\n\n<h2 class=\"wp-block-heading\">INICIO <\/h2>\n\n\n\n<p>En 1938, dos qu\u00edmicos alemanes, Otto Hann y Fritz Strassmann, hicieron un descubrimiento que cambiar\u00eda el curso de la historia: la fisi\u00f3n nuclear, un proceso nuclear reactivo que consiste en dividir \u00e1tomos para producir grandes cantidades de energ\u00eda. El descubrimiento de Hahn y Strassmann demostr\u00f3 que era posible, al menos en teor\u00eda, utilizar el principio de la fisi\u00f3n nuclear para crear una bomba, la bomba at\u00f3mica. Ante los peligros que representaba la construcci\u00f3n de una bomba con un poder tan destructivo, la mayor\u00eda de los pa\u00edses occidentales estaban preocupados de que la Alemania nazi liderara la construcci\u00f3n de un dispositivo tan peligroso, este acontecimiento fue el primero que dio paso a la creaci\u00f3n del &#8220;Proyecto manhattan&#8221;<\/p>\n\n\n\n<h2 class=\"wp-block-heading\">Proyecto manhattan <\/h2>\n\n\n\n<p>El Proyecto Manhattan fue el nombre en clave del programa de investigaci\u00f3n y desarrollo encargado de la investigaci\u00f3n, dise\u00f1o y producci\u00f3n de las primeras armas nucleares, en concreto de la primera bomba de fisi\u00f3n nuclear en el marco de la Segunda Guerra Mundial.<\/p>\n\n\n\n<p>Este proyecto fue dirigido por el Mayor General Leslie Groves, tambi\u00e9n miembro del Cuerpo de Ingenieros del Ej\u00e9rcito de los Estados Unidos y por el f\u00edsico Robert Oppenheimer quien fue el encargado de dirigir el laboratorio de los alamonos, que fue construido exclusivamente para el desarrollo de estas armas de destrucci\u00f3n masiva. <\/p>\n\n\n\n<figure class=\"wp-block-gallery has-nested-images columns-default is-cropped wp-block-gallery-1 is-layout-flex wp-block-gallery-is-layout-flex\">\n<figure class=\"wp-block-image size-large\"><img fetchpriority=\"high\" decoding=\"async\" width=\"474\" height=\"266\" data-id=\"9656\" src=\"https:\/\/blogs.uninter.edu.mx\/difusioncultural\/wp-content\/uploads\/2023\/08\/robert.jpeg\" alt=\"Imagen de Oppenheimer y la bomba at\u00f3mica \" class=\"wp-image-9656\"\/><\/figure>\n<\/figure>\n\n\n\n<p><a href=\"https:\/\/www.ngenespanol.com\/el-mundo\/quien-fue-oppenheimer-el-controversial-hombre-detras-de-la-bomba-atomica\/\">\u00bfQui\u00e9n fue Oppenheimer? El hombre detr\u00e1s de la bomba at\u00f3mica (ngenespanol.com)<\/a><\/p>\n\n\n\n<p><a href=\"https:\/\/blogs.uninter.edu.mx\/difusioncultural\/index.php\/category\/articulos-de-interes\/\">Art\u00edculos de Inter\u00e9s Archivos &#8211; Difusi\u00f3n Cultural (uninter.edu.mx)<\/a><\/p>\n","protected":false},"excerpt":{"rendered":"<p>\u00bfQuien fue Robert Oppenheimer? Robert Oppenheimer fue un f\u00edsico te\u00f3rico jud\u00edo-estadounidense que lider\u00f3 el desarrollo de la bomba at\u00f3mica. Nacido en Nueva York en 1904, fue profesor de f\u00edsica en la Universidad de California, Berkeley. Considerado el padre de la bomba at\u00f3mica, Oppenheimer ayud\u00f3 a terminar la Segunda Guerra Mundial con el arma m\u00e1s destructiva&hellip;<\/p>\n","protected":false},"author":24,"featured_media":9656,"comment_status":"open","ping_status":"open","sticky":false,"template":"","format":"standard","meta":{"_jetpack_memberships_contains_paid_content":false,"footnotes":"","jetpack_publicize_message":"","jetpack_publicize_feature_enabled":true,"jetpack_social_post_already_shared":true,"jetpack_social_options":{"image_generator_settings":{"template":"highway","default_image_id":0,"font":"","enabled":false},"version":2}},"categories":[1],"tags":[26,93,113],"class_list":["post-9655","post","type-post","status-publish","format-standard","has-post-thumbnail","hentry","category-sin-categoria","tag-acontecimientos","tag-cultura","tag-difusion-cultural"],"yoast_head":"<!-- This site is optimized with the Yoast SEO plugin v26.3 - https:\/\/yoast.com\/wordpress\/plugins\/seo\/ -->\r\n<title>El padre de la bomba at\u00f3mica - Difusi\u00f3n Cultural<\/title>\r\n<meta name=\"description\" content=\"Robert Oppenheimer fue un f\u00edsico te\u00f3rico jud\u00edo-estadounidense que lider\u00f3 el desarrollo de la bomba at\u00f3mica.\" \/>\r\n<meta name=\"robots\" content=\"index, follow, max-snippet:-1, max-image-preview:large, max-video-preview:-1\" \/>\r\n<link rel=\"canonical\" href=\"https:\/\/blogs.uninter.edu.mx\/difusioncultural\/?p=9655\" \/>\r\n<meta property=\"og:locale\" content=\"es_MX\" \/>\r\n<meta property=\"og:type\" content=\"article\" \/>\r\n<meta property=\"og:title\" content=\"El padre de la bomba at\u00f3mica (Difusi\u00f3n cultural)\" \/>\r\n<meta property=\"og:description\" content=\"Robert Oppenheimer fue un f\u00edsico te\u00f3rico jud\u00edo-estadounidense que lider\u00f3 el desarrollo de la bomba at\u00f3mica.\" \/>\r\n<meta property=\"og:url\" content=\"https:\/\/blogs.uninter.edu.mx\/difusioncultural\/?p=9655\" \/>\r\n<meta property=\"og:site_name\" content=\"Difusi\u00f3n Cultural\" \/>\r\n<meta property=\"article:published_time\" content=\"2023-08-23T17:00:00+00:00\" \/>\r\n<meta property=\"article:modified_time\" content=\"2023-08-28T19:11:21+00:00\" \/>\r\n<meta property=\"og:image\" content=\"https:\/\/blogs.uninter.edu.mx\/difusioncultural\/wp-content\/uploads\/2023\/08\/robert.jpeg\" \/>\r\n\t<meta property=\"og:image:width\" content=\"474\" \/>\r\n\t<meta property=\"og:image:height\" content=\"266\" \/>\r\n\t<meta property=\"og:image:type\" content=\"image\/jpeg\" \/>\r\n<meta name=\"author\" content=\"Aslhey Alejandra Gonz\u00e1lez Castro\" \/>\r\n<meta name=\"twitter:card\" content=\"summary_large_image\" \/>\r\n<meta name=\"twitter:label1\" content=\"Escrito por\" \/>\n\t<meta name=\"twitter:data1\" content=\"Aslhey Alejandra Gonz\u00e1lez Castro\" \/>\n\t<meta name=\"twitter:label2\" content=\"Tiempo de lectura\" \/>\n\t<meta name=\"twitter:data2\" content=\"3 minutos\" \/>\r\n<script type=\"application\/ld+json\" class=\"yoast-schema-graph\">{\"@context\":\"https:\/\/schema.org\",\"@graph\":[{\"@type\":\"Article\",\"@id\":\"https:\/\/blogs.uninter.edu.mx\/difusioncultural\/?p=9655#article\",\"isPartOf\":{\"@id\":\"https:\/\/blogs.uninter.edu.mx\/difusioncultural\/?p=9655\"},\"author\":{\"name\":\"Aslhey Alejandra Gonz\u00e1lez Castro\",\"@id\":\"https:\/\/blogs.uninter.edu.mx\/difusioncultural\/#\/schema\/person\/c710e37686022500827405824a08a18c\"},\"headline\":\"El padre de la bomba at\u00f3mica\",\"datePublished\":\"2023-08-23T17:00:00+00:00\",\"dateModified\":\"2023-08-28T19:11:21+00:00\",\"mainEntityOfPage\":{\"@id\":\"https:\/\/blogs.uninter.edu.mx\/difusioncultural\/?p=9655\"},\"wordCount\":475,\"commentCount\":0,\"publisher\":{\"@id\":\"https:\/\/blogs.uninter.edu.mx\/difusioncultural\/#organization\"},\"image\":{\"@id\":\"https:\/\/blogs.uninter.edu.mx\/difusioncultural\/?p=9655#primaryimage\"},\"thumbnailUrl\":\"https:\/\/blogs.uninter.edu.mx\/difusioncultural\/wp-content\/uploads\/2023\/08\/robert.jpeg\",\"keywords\":[\"acontecimientos\",\"cultura\",\"difusi\u00f3n cultural\"],\"inLanguage\":\"es\",\"potentialAction\":[{\"@type\":\"CommentAction\",\"name\":\"Comment\",\"target\":[\"https:\/\/blogs.uninter.edu.mx\/difusioncultural\/?p=9655#respond\"]}]},{\"@type\":\"WebPage\",\"@id\":\"https:\/\/blogs.uninter.edu.mx\/difusioncultural\/?p=9655\",\"url\":\"https:\/\/blogs.uninter.edu.mx\/difusioncultural\/?p=9655\",\"name\":\"El padre de la bomba at\u00f3mica - Difusi\u00f3n Cultural\",\"isPartOf\":{\"@id\":\"https:\/\/blogs.uninter.edu.mx\/difusioncultural\/#website\"},\"primaryImageOfPage\":{\"@id\":\"https:\/\/blogs.uninter.edu.mx\/difusioncultural\/?p=9655#primaryimage\"},\"image\":{\"@id\":\"https:\/\/blogs.uninter.edu.mx\/difusioncultural\/?p=9655#primaryimage\"},\"thumbnailUrl\":\"https:\/\/blogs.uninter.edu.mx\/difusioncultural\/wp-content\/uploads\/2023\/08\/robert.jpeg\",\"datePublished\":\"2023-08-23T17:00:00+00:00\",\"dateModified\":\"2023-08-28T19:11:21+00:00\",\"description\":\"Robert Oppenheimer fue un f\u00edsico te\u00f3rico jud\u00edo-estadounidense que lider\u00f3 el desarrollo de la bomba at\u00f3mica.\",\"breadcrumb\":{\"@id\":\"https:\/\/blogs.uninter.edu.mx\/difusioncultural\/?p=9655#breadcrumb\"},\"inLanguage\":\"es\",\"potentialAction\":[{\"@type\":\"ReadAction\",\"target\":[\"https:\/\/blogs.uninter.edu.mx\/difusioncultural\/?p=9655\"]}]},{\"@type\":\"ImageObject\",\"inLanguage\":\"es\",\"@id\":\"https:\/\/blogs.uninter.edu.mx\/difusioncultural\/?p=9655#primaryimage\",\"url\":\"https:\/\/blogs.uninter.edu.mx\/difusioncultural\/wp-content\/uploads\/2023\/08\/robert.jpeg\",\"contentUrl\":\"https:\/\/blogs.uninter.edu.mx\/difusioncultural\/wp-content\/uploads\/2023\/08\/robert.jpeg\",\"width\":474,\"height\":266},{\"@type\":\"BreadcrumbList\",\"@id\":\"https:\/\/blogs.uninter.edu.mx\/difusioncultural\/?p=9655#breadcrumb\",\"itemListElement\":[{\"@type\":\"ListItem\",\"position\":1,\"name\":\"Inicio\",\"item\":\"https:\/\/blogs.uninter.edu.mx\/difusioncultural\/\"},{\"@type\":\"ListItem\",\"position\":2,\"name\":\"El padre de la bomba at\u00f3mica\"}]},{\"@type\":\"WebSite\",\"@id\":\"https:\/\/blogs.uninter.edu.mx\/difusioncultural\/#website\",\"url\":\"https:\/\/blogs.uninter.edu.mx\/difusioncultural\/\",\"name\":\"Difusi\u00f3n Cultural\",\"description\":\"UNINTER\",\"publisher\":{\"@id\":\"https:\/\/blogs.uninter.edu.mx\/difusioncultural\/#organization\"},\"potentialAction\":[{\"@type\":\"SearchAction\",\"target\":{\"@type\":\"EntryPoint\",\"urlTemplate\":\"https:\/\/blogs.uninter.edu.mx\/difusioncultural\/?s={search_term_string}\"},\"query-input\":{\"@type\":\"PropertyValueSpecification\",\"valueRequired\":true,\"valueName\":\"search_term_string\"}}],\"inLanguage\":\"es\"},{\"@type\":\"Organization\",\"@id\":\"https:\/\/blogs.uninter.edu.mx\/difusioncultural\/#organization\",\"name\":\"Difusi\u00f3n Cultural\",\"url\":\"https:\/\/blogs.uninter.edu.mx\/difusioncultural\/\",\"logo\":{\"@type\":\"ImageObject\",\"inLanguage\":\"es\",\"@id\":\"https:\/\/blogs.uninter.edu.mx\/difusioncultural\/#\/schema\/logo\/image\/\",\"url\":\"https:\/\/blogs.uninter.edu.mx\/difusioncultural\/wp-content\/uploads\/2022\/09\/uninter.jpg\",\"contentUrl\":\"https:\/\/blogs.uninter.edu.mx\/difusioncultural\/wp-content\/uploads\/2022\/09\/uninter.jpg\",\"width\":2048,\"height\":2048,\"caption\":\"Difusi\u00f3n Cultural\"},\"image\":{\"@id\":\"https:\/\/blogs.uninter.edu.mx\/difusioncultural\/#\/schema\/logo\/image\/\"}},{\"@type\":\"Person\",\"@id\":\"https:\/\/blogs.uninter.edu.mx\/difusioncultural\/#\/schema\/person\/c710e37686022500827405824a08a18c\",\"name\":\"Aslhey Alejandra Gonz\u00e1lez Castro\",\"image\":{\"@type\":\"ImageObject\",\"inLanguage\":\"es\",\"@id\":\"https:\/\/blogs.uninter.edu.mx\/difusioncultural\/#\/schema\/person\/image\/\",\"url\":\"https:\/\/secure.gravatar.com\/avatar\/1905d6ed47b47ccbfb53e4b64f72f2017309e25d96ef418088d4f998ecf6552e?s=96&d=mm&r=g\",\"contentUrl\":\"https:\/\/secure.gravatar.com\/avatar\/1905d6ed47b47ccbfb53e4b64f72f2017309e25d96ef418088d4f998ecf6552e?s=96&d=mm&r=g\",\"caption\":\"Aslhey Alejandra Gonz\u00e1lez Castro\"},\"url\":\"https:\/\/blogs.uninter.edu.mx\/difusioncultural\/?author=24\"}]}<\/script>\r\n<!-- \/ Yoast SEO plugin. -->","yoast_head_json":{"title":"El padre de la bomba at\u00f3mica - Difusi\u00f3n Cultural","description":"Robert Oppenheimer fue un f\u00edsico te\u00f3rico jud\u00edo-estadounidense que lider\u00f3 el desarrollo de la bomba at\u00f3mica.","robots":{"index":"index","follow":"follow","max-snippet":"max-snippet:-1","max-image-preview":"max-image-preview:large","max-video-preview":"max-video-preview:-1"},"canonical":"https:\/\/blogs.uninter.edu.mx\/difusioncultural\/?p=9655","og_locale":"es_MX","og_type":"article","og_title":"El padre de la bomba at\u00f3mica (Difusi\u00f3n cultural)","og_description":"Robert Oppenheimer fue un f\u00edsico te\u00f3rico jud\u00edo-estadounidense que lider\u00f3 el desarrollo de la bomba at\u00f3mica.","og_url":"https:\/\/blogs.uninter.edu.mx\/difusioncultural\/?p=9655","og_site_name":"Difusi\u00f3n Cultural","article_published_time":"2023-08-23T17:00:00+00:00","article_modified_time":"2023-08-28T19:11:21+00:00","og_image":[{"width":474,"height":266,"url":"https:\/\/blogs.uninter.edu.mx\/difusioncultural\/wp-content\/uploads\/2023\/08\/robert.jpeg","type":"image\/jpeg"}],"author":"Aslhey Alejandra Gonz\u00e1lez Castro","twitter_card":"summary_large_image","twitter_misc":{"Escrito por":"Aslhey Alejandra Gonz\u00e1lez Castro","Tiempo de lectura":"3 minutos"},"schema":{"@context":"https:\/\/schema.org","@graph":[{"@type":"Article","@id":"https:\/\/blogs.uninter.edu.mx\/difusioncultural\/?p=9655#article","isPartOf":{"@id":"https:\/\/blogs.uninter.edu.mx\/difusioncultural\/?p=9655"},"author":{"name":"Aslhey Alejandra Gonz\u00e1lez Castro","@id":"https:\/\/blogs.uninter.edu.mx\/difusioncultural\/#\/schema\/person\/c710e37686022500827405824a08a18c"},"headline":"El padre de la bomba at\u00f3mica","datePublished":"2023-08-23T17:00:00+00:00","dateModified":"2023-08-28T19:11:21+00:00","mainEntityOfPage":{"@id":"https:\/\/blogs.uninter.edu.mx\/difusioncultural\/?p=9655"},"wordCount":475,"commentCount":0,"publisher":{"@id":"https:\/\/blogs.uninter.edu.mx\/difusioncultural\/#organization"},"image":{"@id":"https:\/\/blogs.uninter.edu.mx\/difusioncultural\/?p=9655#primaryimage"},"thumbnailUrl":"https:\/\/blogs.uninter.edu.mx\/difusioncultural\/wp-content\/uploads\/2023\/08\/robert.jpeg","keywords":["acontecimientos","cultura","difusi\u00f3n cultural"],"inLanguage":"es","potentialAction":[{"@type":"CommentAction","name":"Comment","target":["https:\/\/blogs.uninter.edu.mx\/difusioncultural\/?p=9655#respond"]}]},{"@type":"WebPage","@id":"https:\/\/blogs.uninter.edu.mx\/difusioncultural\/?p=9655","url":"https:\/\/blogs.uninter.edu.mx\/difusioncultural\/?p=9655","name":"El padre de la bomba at\u00f3mica - Difusi\u00f3n Cultural","isPartOf":{"@id":"https:\/\/blogs.uninter.edu.mx\/difusioncultural\/#website"},"primaryImageOfPage":{"@id":"https:\/\/blogs.uninter.edu.mx\/difusioncultural\/?p=9655#primaryimage"},"image":{"@id":"https:\/\/blogs.uninter.edu.mx\/difusioncultural\/?p=9655#primaryimage"},"thumbnailUrl":"https:\/\/blogs.uninter.edu.mx\/difusioncultural\/wp-content\/uploads\/2023\/08\/robert.jpeg","datePublished":"2023-08-23T17:00:00+00:00","dateModified":"2023-08-28T19:11:21+00:00","description":"Robert Oppenheimer fue un f\u00edsico te\u00f3rico jud\u00edo-estadounidense que lider\u00f3 el desarrollo de la bomba at\u00f3mica.","breadcrumb":{"@id":"https:\/\/blogs.uninter.edu.mx\/difusioncultural\/?p=9655#breadcrumb"},"inLanguage":"es","potentialAction":[{"@type":"ReadAction","target":["https:\/\/blogs.uninter.edu.mx\/difusioncultural\/?p=9655"]}]},{"@type":"ImageObject","inLanguage":"es","@id":"https:\/\/blogs.uninter.edu.mx\/difusioncultural\/?p=9655#primaryimage","url":"https:\/\/blogs.uninter.edu.mx\/difusioncultural\/wp-content\/uploads\/2023\/08\/robert.jpeg","contentUrl":"https:\/\/blogs.uninter.edu.mx\/difusioncultural\/wp-content\/uploads\/2023\/08\/robert.jpeg","width":474,"height":266},{"@type":"BreadcrumbList","@id":"https:\/\/blogs.uninter.edu.mx\/difusioncultural\/?p=9655#breadcrumb","itemListElement":[{"@type":"ListItem","position":1,"name":"Inicio","item":"https:\/\/blogs.uninter.edu.mx\/difusioncultural\/"},{"@type":"ListItem","position":2,"name":"El padre de la bomba at\u00f3mica"}]},{"@type":"WebSite","@id":"https:\/\/blogs.uninter.edu.mx\/difusioncultural\/#website","url":"https:\/\/blogs.uninter.edu.mx\/difusioncultural\/","name":"Difusi\u00f3n Cultural","description":"UNINTER","publisher":{"@id":"https:\/\/blogs.uninter.edu.mx\/difusioncultural\/#organization"},"potentialAction":[{"@type":"SearchAction","target":{"@type":"EntryPoint","urlTemplate":"https:\/\/blogs.uninter.edu.mx\/difusioncultural\/?s={search_term_string}"},"query-input":{"@type":"PropertyValueSpecification","valueRequired":true,"valueName":"search_term_string"}}],"inLanguage":"es"},{"@type":"Organization","@id":"https:\/\/blogs.uninter.edu.mx\/difusioncultural\/#organization","name":"Difusi\u00f3n Cultural","url":"https:\/\/blogs.uninter.edu.mx\/difusioncultural\/","logo":{"@type":"ImageObject","inLanguage":"es","@id":"https:\/\/blogs.uninter.edu.mx\/difusioncultural\/#\/schema\/logo\/image\/","url":"https:\/\/blogs.uninter.edu.mx\/difusioncultural\/wp-content\/uploads\/2022\/09\/uninter.jpg","contentUrl":"https:\/\/blogs.uninter.edu.mx\/difusioncultural\/wp-content\/uploads\/2022\/09\/uninter.jpg","width":2048,"height":2048,"caption":"Difusi\u00f3n Cultural"},"image":{"@id":"https:\/\/blogs.uninter.edu.mx\/difusioncultural\/#\/schema\/logo\/image\/"}},{"@type":"Person","@id":"https:\/\/blogs.uninter.edu.mx\/difusioncultural\/#\/schema\/person\/c710e37686022500827405824a08a18c","name":"Aslhey Alejandra Gonz\u00e1lez Castro","image":{"@type":"ImageObject","inLanguage":"es","@id":"https:\/\/blogs.uninter.edu.mx\/difusioncultural\/#\/schema\/person\/image\/","url":"https:\/\/secure.gravatar.com\/avatar\/1905d6ed47b47ccbfb53e4b64f72f2017309e25d96ef418088d4f998ecf6552e?s=96&d=mm&r=g","contentUrl":"https:\/\/secure.gravatar.com\/avatar\/1905d6ed47b47ccbfb53e4b64f72f2017309e25d96ef418088d4f998ecf6552e?s=96&d=mm&r=g","caption":"Aslhey Alejandra Gonz\u00e1lez Castro"},"url":"https:\/\/blogs.uninter.edu.mx\/difusioncultural\/?author=24"}]}},"jetpack_publicize_connections":[],"jetpack_featured_media_url":"https:\/\/blogs.uninter.edu.mx\/difusioncultural\/wp-content\/uploads\/2023\/08\/robert.jpeg","jetpack_sharing_enabled":true,"_links":{"self":[{"href":"https:\/\/blogs.uninter.edu.mx\/difusioncultural\/index.php?rest_route=\/wp\/v2\/posts\/9655","targetHints":{"allow":["GET"]}}],"collection":[{"href":"https:\/\/blogs.uninter.edu.mx\/difusioncultural\/index.php?rest_route=\/wp\/v2\/posts"}],"about":[{"href":"https:\/\/blogs.uninter.edu.mx\/difusioncultural\/index.php?rest_route=\/wp\/v2\/types\/post"}],"author":[{"embeddable":true,"href":"https:\/\/blogs.uninter.edu.mx\/difusioncultural\/index.php?rest_route=\/wp\/v2\/users\/24"}],"replies":[{"embeddable":true,"href":"https:\/\/blogs.uninter.edu.mx\/difusioncultural\/index.php?rest_route=%2Fwp%2Fv2%2Fcomments&post=9655"}],"version-history":[{"count":2,"href":"https:\/\/blogs.uninter.edu.mx\/difusioncultural\/index.php?rest_route=\/wp\/v2\/posts\/9655\/revisions"}],"predecessor-version":[{"id":9663,"href":"https:\/\/blogs.uninter.edu.mx\/difusioncultural\/index.php?rest_route=\/wp\/v2\/posts\/9655\/revisions\/9663"}],"wp:featuredmedia":[{"embeddable":true,"href":"https:\/\/blogs.uninter.edu.mx\/difusioncultural\/index.php?rest_route=\/wp\/v2\/media\/9656"}],"wp:attachment":[{"href":"https:\/\/blogs.uninter.edu.mx\/difusioncultural\/index.php?rest_route=%2Fwp%2Fv2%2Fmedia&parent=9655"}],"wp:term":[{"taxonomy":"category","embeddable":true,"href":"https:\/\/blogs.uninter.edu.mx\/difusioncultural\/index.php?rest_route=%2Fwp%2Fv2%2Fcategories&post=9655"},{"taxonomy":"post_tag","embeddable":true,"href":"https:\/\/blogs.uninter.edu.mx\/difusioncultural\/index.php?rest_route=%2Fwp%2Fv2%2Ftags&post=9655"}],"curies":[{"name":"wp","href":"https:\/\/api.w.org\/{rel}","templated":true}]}}