{"id":9784,"date":"2023-09-29T18:45:28","date_gmt":"2023-09-29T18:45:28","guid":{"rendered":"https:\/\/blogs.uninter.edu.mx\/difusioncultural\/?p=9784"},"modified":"2023-09-29T18:45:33","modified_gmt":"2023-09-29T18:45:33","slug":"el-cine-de-oro-mexicano","status":"publish","type":"post","link":"https:\/\/blogs.uninter.edu.mx\/difusioncultural\/?p=9784","title":{"rendered":"El cine de Oro mexicano"},"content":{"rendered":"<div class=\"wp-block-image\">\n<figure class=\"aligncenter size-full is-resized\"><img fetchpriority=\"high\" decoding=\"async\" src=\"https:\/\/blogs.uninter.edu.mx\/difusioncultural\/wp-content\/uploads\/2023\/09\/image-2.png\" alt=\"pel\u00edculas mexicanas del cine de oro\" class=\"wp-image-9785\" style=\"width:556px;height:417px\" width=\"556\" height=\"417\"\/><\/figure>\n<\/div>\n\n\n<p>El cine de oro, en su inicio, marca un hito con la primera pel\u00edcula mexicana sonorizada, &#8220;All\u00e1 en el rancho grande&#8221;, dirigida por Fernando de Fuentes. Esta comedia musical fue pionera en las historias con romances rurales y rancheras. Adem\u00e1s, abord\u00f3 temas como la pobreza, la marginaci\u00f3n social y las diferencias de clases.<\/p>\n\n\n\n<p>La fotograf\u00eda, la m\u00fasica y los escenarios utilizados en las grabaciones se convirtieron en elementos ic\u00f3nicos que enriquecieron la narrativa de las historias. As\u00ed mismo, surgieron estrellas de renombre como Pedro Infante, Jorge Negrete, Mar\u00eda F\u00e9lix, Dolores del R\u00edo y Cantinflas, quienes alcanzaron la fama internacional gracias a sus interpretaciones en la pantalla grande. Adem\u00e1s, directores como Emilio Fern\u00e1ndez, Fernando de Fuentes, Ismael Rodr\u00edguez y Julio Bracho tambi\u00e9n destacaron en esta \u00e9poca dorada del cine mexicano.<\/p>\n\n\n\n<p>Este fen\u00f3meno cinematogr\u00e1fico tuvo un impacto internacional significativo, como lo evidencia la pel\u00edcula &#8220;La perla&#8221; de Emilio Fern\u00e1ndez, que recibi\u00f3 elogios en festivales de cine internacionales. Muchas de estas pel\u00edculas se convirtieron en referentes culturales mexicanos y, a pesar de haber concluido en los a\u00f1os 60, siguen siendo tesoros en la historia del cine mexicano.<\/p>\n\n\n\n<p>Para conmemorar esta rica herencia cinematogr\u00e1fica, el Cine de Morelos, en colaboraci\u00f3n con la Cineteca Nacional, proyectar\u00e1 ocho pel\u00edculas cl\u00e1sicas bajo el t\u00edtulo &#8220;Cine mexicano de la \u00e9poca de oro II&#8221;, dirigidas por importantes cineastas como Gilberto Mart\u00ednez Solares, Alberto Gout, Roberto Gavald\u00f3n, Alejandro Galindo, Giovanni Korporaal y Rogelio A. Gonz\u00e1lez.<\/p>\n\n\n\n<p>El martes 26 de septiembre se presentar\u00e1 la <em>\u201csensualidad\u201d (1950) <\/em>del Dir. Alberto Gout, en un horario de 16:00 y 18:00<\/p>\n\n\n\n<p>Mi\u00e9rcoles 27 de septiembre, el <em>\u201cel reboso de la soledad\u201d (1952) <\/em>del Dir. Roberto Gabald\u00f3n en un horario de 18:00 a 20:00<\/p>\n\n\n\n<p>Jueves 28 de septiembre, <em>\u201cespaldas mojadas\u201d (1955) <\/em>del Dir. Alejandro Galindo, en un horario de 16:00 y 18:00<\/p>\n\n\n\n<p>Viernes 29 de septiembre, <em>\u201cuna cita de amor\u201d (1950) <\/em>del Dir. Emilio \u201cEl Indio\u201d Fern\u00e1ndez, en un horario de 18:30 y 20:00<\/p>\n\n\n\n<p>S\u00e1bado 30 de septiembre, <em>\u201cel brazo fuerte\u201d (1958)<\/em> del Dir. Giobanni Korporaal en un horario de 16:00 y 18:00<\/p>\n\n\n\n<p>Domingo 1 de octubre, <em>\u201cEl esqueleto de la se\u00f1ora Morales\u201d (1960)<\/em> del Dir. Rogelio A. Gonz\u00e1lez<\/p>\n\n\n\n<p><a href=\"https:\/\/www.ngenespanol.com\/el-mundo\/el-cine-de-oro-mexicano-asi-fueron-las-decadas-de-esplendor-para-las-artes-cinematograficas-en-mexico\/\">Cine de Oro mexicano: La \u00e9poca de esplendor el cine en M\u00e9xico (ngenespanol.com)<\/a><\/p>\n","protected":false},"excerpt":{"rendered":"<p>El cine de oro, en su inicio, marca un hito con la primera pel\u00edcula mexicana sonorizada, &#8220;All\u00e1 en el rancho grande&#8221;, dirigida por Fernando de Fuentes. Esta comedia musical fue pionera en las historias con romances rurales y rancheras. Adem\u00e1s, abord\u00f3 temas como la pobreza, la marginaci\u00f3n social y las diferencias de clases. La fotograf\u00eda,&hellip;<\/p>\n","protected":false},"author":24,"featured_media":9785,"comment_status":"open","ping_status":"open","sticky":false,"template":"","format":"standard","meta":{"_jetpack_memberships_contains_paid_content":false,"footnotes":"","jetpack_publicize_message":"","jetpack_publicize_feature_enabled":true,"jetpack_social_post_already_shared":true,"jetpack_social_options":{"image_generator_settings":{"template":"highway","default_image_id":0,"font":"","enabled":false},"version":2}},"categories":[1],"tags":[],"class_list":["post-9784","post","type-post","status-publish","format-standard","has-post-thumbnail","hentry","category-sin-categoria"],"yoast_head":"<!-- This site is optimized with the Yoast SEO plugin v26.3 - https:\/\/yoast.com\/wordpress\/plugins\/seo\/ -->\r\n<title>El cine de Oro mexicano - Difusi\u00f3n Cultural<\/title>\r\n<meta name=\"description\" content=\"El cine de oro empieza con la primera pel\u00edcula mexicana sonorizada, \u201call\u00e1 en el rancho grande\u201d del director Fernando de Fuentes,\" \/>\r\n<meta name=\"robots\" content=\"index, follow, max-snippet:-1, max-image-preview:large, max-video-preview:-1\" \/>\r\n<link rel=\"canonical\" href=\"https:\/\/blogs.uninter.edu.mx\/difusioncultural\/?p=9784\" \/>\r\n<meta property=\"og:locale\" content=\"es_MX\" \/>\r\n<meta property=\"og:type\" content=\"article\" \/>\r\n<meta property=\"og:title\" content=\"El cine de Oro mexicano (difusi\u00f3n cultural)\" \/>\r\n<meta property=\"og:description\" content=\"El cine de oro empieza con la primera pel\u00edcula mexicana sonorizada, \u201call\u00e1 en el rancho grande\u201d del director Fernando de Fuentes,\" \/>\r\n<meta property=\"og:url\" content=\"https:\/\/blogs.uninter.edu.mx\/difusioncultural\/?p=9784\" \/>\r\n<meta property=\"og:site_name\" content=\"Difusi\u00f3n Cultural\" \/>\r\n<meta property=\"article:published_time\" content=\"2023-09-29T18:45:28+00:00\" \/>\r\n<meta property=\"article:modified_time\" content=\"2023-09-29T18:45:33+00:00\" \/>\r\n<meta property=\"og:image\" content=\"https:\/\/blogs.uninter.edu.mx\/difusioncultural\/wp-content\/uploads\/2023\/09\/image-2.png\" \/>\r\n\t<meta property=\"og:image:width\" content=\"1024\" \/>\r\n\t<meta property=\"og:image:height\" content=\"768\" \/>\r\n\t<meta property=\"og:image:type\" content=\"image\/png\" \/>\r\n<meta name=\"author\" content=\"Aslhey Alejandra Gonz\u00e1lez Castro\" \/>\r\n<meta name=\"twitter:card\" content=\"summary_large_image\" \/>\r\n<meta name=\"twitter:label1\" content=\"Escrito por\" \/>\n\t<meta name=\"twitter:data1\" content=\"Aslhey Alejandra Gonz\u00e1lez Castro\" \/>\n\t<meta name=\"twitter:label2\" content=\"Tiempo de lectura\" \/>\n\t<meta name=\"twitter:data2\" content=\"2 minutos\" \/>\r\n<script type=\"application\/ld+json\" class=\"yoast-schema-graph\">{\"@context\":\"https:\/\/schema.org\",\"@graph\":[{\"@type\":\"Article\",\"@id\":\"https:\/\/blogs.uninter.edu.mx\/difusioncultural\/?p=9784#article\",\"isPartOf\":{\"@id\":\"https:\/\/blogs.uninter.edu.mx\/difusioncultural\/?p=9784\"},\"author\":{\"name\":\"Aslhey Alejandra Gonz\u00e1lez Castro\",\"@id\":\"https:\/\/blogs.uninter.edu.mx\/difusioncultural\/#\/schema\/person\/c710e37686022500827405824a08a18c\"},\"headline\":\"El cine de Oro mexicano\",\"datePublished\":\"2023-09-29T18:45:28+00:00\",\"dateModified\":\"2023-09-29T18:45:33+00:00\",\"mainEntityOfPage\":{\"@id\":\"https:\/\/blogs.uninter.edu.mx\/difusioncultural\/?p=9784\"},\"wordCount\":383,\"commentCount\":0,\"publisher\":{\"@id\":\"https:\/\/blogs.uninter.edu.mx\/difusioncultural\/#organization\"},\"image\":{\"@id\":\"https:\/\/blogs.uninter.edu.mx\/difusioncultural\/?p=9784#primaryimage\"},\"thumbnailUrl\":\"https:\/\/blogs.uninter.edu.mx\/difusioncultural\/wp-content\/uploads\/2023\/09\/image-2.png\",\"inLanguage\":\"es\",\"potentialAction\":[{\"@type\":\"CommentAction\",\"name\":\"Comment\",\"target\":[\"https:\/\/blogs.uninter.edu.mx\/difusioncultural\/?p=9784#respond\"]}]},{\"@type\":\"WebPage\",\"@id\":\"https:\/\/blogs.uninter.edu.mx\/difusioncultural\/?p=9784\",\"url\":\"https:\/\/blogs.uninter.edu.mx\/difusioncultural\/?p=9784\",\"name\":\"El cine de Oro mexicano - Difusi\u00f3n Cultural\",\"isPartOf\":{\"@id\":\"https:\/\/blogs.uninter.edu.mx\/difusioncultural\/#website\"},\"primaryImageOfPage\":{\"@id\":\"https:\/\/blogs.uninter.edu.mx\/difusioncultural\/?p=9784#primaryimage\"},\"image\":{\"@id\":\"https:\/\/blogs.uninter.edu.mx\/difusioncultural\/?p=9784#primaryimage\"},\"thumbnailUrl\":\"https:\/\/blogs.uninter.edu.mx\/difusioncultural\/wp-content\/uploads\/2023\/09\/image-2.png\",\"datePublished\":\"2023-09-29T18:45:28+00:00\",\"dateModified\":\"2023-09-29T18:45:33+00:00\",\"description\":\"El cine de oro empieza con la primera pel\u00edcula mexicana sonorizada, \u201call\u00e1 en el rancho grande\u201d del director Fernando de Fuentes,\",\"breadcrumb\":{\"@id\":\"https:\/\/blogs.uninter.edu.mx\/difusioncultural\/?p=9784#breadcrumb\"},\"inLanguage\":\"es\",\"potentialAction\":[{\"@type\":\"ReadAction\",\"target\":[\"https:\/\/blogs.uninter.edu.mx\/difusioncultural\/?p=9784\"]}]},{\"@type\":\"ImageObject\",\"inLanguage\":\"es\",\"@id\":\"https:\/\/blogs.uninter.edu.mx\/difusioncultural\/?p=9784#primaryimage\",\"url\":\"https:\/\/blogs.uninter.edu.mx\/difusioncultural\/wp-content\/uploads\/2023\/09\/image-2.png\",\"contentUrl\":\"https:\/\/blogs.uninter.edu.mx\/difusioncultural\/wp-content\/uploads\/2023\/09\/image-2.png\",\"width\":1024,\"height\":768},{\"@type\":\"BreadcrumbList\",\"@id\":\"https:\/\/blogs.uninter.edu.mx\/difusioncultural\/?p=9784#breadcrumb\",\"itemListElement\":[{\"@type\":\"ListItem\",\"position\":1,\"name\":\"Inicio\",\"item\":\"https:\/\/blogs.uninter.edu.mx\/difusioncultural\/\"},{\"@type\":\"ListItem\",\"position\":2,\"name\":\"El cine de Oro mexicano\"}]},{\"@type\":\"WebSite\",\"@id\":\"https:\/\/blogs.uninter.edu.mx\/difusioncultural\/#website\",\"url\":\"https:\/\/blogs.uninter.edu.mx\/difusioncultural\/\",\"name\":\"Difusi\u00f3n Cultural\",\"description\":\"UNINTER\",\"publisher\":{\"@id\":\"https:\/\/blogs.uninter.edu.mx\/difusioncultural\/#organization\"},\"potentialAction\":[{\"@type\":\"SearchAction\",\"target\":{\"@type\":\"EntryPoint\",\"urlTemplate\":\"https:\/\/blogs.uninter.edu.mx\/difusioncultural\/?s={search_term_string}\"},\"query-input\":{\"@type\":\"PropertyValueSpecification\",\"valueRequired\":true,\"valueName\":\"search_term_string\"}}],\"inLanguage\":\"es\"},{\"@type\":\"Organization\",\"@id\":\"https:\/\/blogs.uninter.edu.mx\/difusioncultural\/#organization\",\"name\":\"Difusi\u00f3n Cultural\",\"url\":\"https:\/\/blogs.uninter.edu.mx\/difusioncultural\/\",\"logo\":{\"@type\":\"ImageObject\",\"inLanguage\":\"es\",\"@id\":\"https:\/\/blogs.uninter.edu.mx\/difusioncultural\/#\/schema\/logo\/image\/\",\"url\":\"https:\/\/blogs.uninter.edu.mx\/difusioncultural\/wp-content\/uploads\/2022\/09\/uninter.jpg\",\"contentUrl\":\"https:\/\/blogs.uninter.edu.mx\/difusioncultural\/wp-content\/uploads\/2022\/09\/uninter.jpg\",\"width\":2048,\"height\":2048,\"caption\":\"Difusi\u00f3n Cultural\"},\"image\":{\"@id\":\"https:\/\/blogs.uninter.edu.mx\/difusioncultural\/#\/schema\/logo\/image\/\"}},{\"@type\":\"Person\",\"@id\":\"https:\/\/blogs.uninter.edu.mx\/difusioncultural\/#\/schema\/person\/c710e37686022500827405824a08a18c\",\"name\":\"Aslhey Alejandra Gonz\u00e1lez Castro\",\"image\":{\"@type\":\"ImageObject\",\"inLanguage\":\"es\",\"@id\":\"https:\/\/blogs.uninter.edu.mx\/difusioncultural\/#\/schema\/person\/image\/\",\"url\":\"https:\/\/secure.gravatar.com\/avatar\/1905d6ed47b47ccbfb53e4b64f72f2017309e25d96ef418088d4f998ecf6552e?s=96&d=mm&r=g\",\"contentUrl\":\"https:\/\/secure.gravatar.com\/avatar\/1905d6ed47b47ccbfb53e4b64f72f2017309e25d96ef418088d4f998ecf6552e?s=96&d=mm&r=g\",\"caption\":\"Aslhey Alejandra Gonz\u00e1lez Castro\"},\"url\":\"https:\/\/blogs.uninter.edu.mx\/difusioncultural\/?author=24\"}]}<\/script>\r\n<!-- \/ Yoast SEO plugin. -->","yoast_head_json":{"title":"El cine de Oro mexicano - Difusi\u00f3n Cultural","description":"El cine de oro empieza con la primera pel\u00edcula mexicana sonorizada, \u201call\u00e1 en el rancho grande\u201d del director Fernando de Fuentes,","robots":{"index":"index","follow":"follow","max-snippet":"max-snippet:-1","max-image-preview":"max-image-preview:large","max-video-preview":"max-video-preview:-1"},"canonical":"https:\/\/blogs.uninter.edu.mx\/difusioncultural\/?p=9784","og_locale":"es_MX","og_type":"article","og_title":"El cine de Oro mexicano (difusi\u00f3n cultural)","og_description":"El cine de oro empieza con la primera pel\u00edcula mexicana sonorizada, \u201call\u00e1 en el rancho grande\u201d del director Fernando de Fuentes,","og_url":"https:\/\/blogs.uninter.edu.mx\/difusioncultural\/?p=9784","og_site_name":"Difusi\u00f3n Cultural","article_published_time":"2023-09-29T18:45:28+00:00","article_modified_time":"2023-09-29T18:45:33+00:00","og_image":[{"width":1024,"height":768,"url":"https:\/\/blogs.uninter.edu.mx\/difusioncultural\/wp-content\/uploads\/2023\/09\/image-2.png","type":"image\/png"}],"author":"Aslhey Alejandra Gonz\u00e1lez Castro","twitter_card":"summary_large_image","twitter_misc":{"Escrito por":"Aslhey Alejandra Gonz\u00e1lez Castro","Tiempo de lectura":"2 minutos"},"schema":{"@context":"https:\/\/schema.org","@graph":[{"@type":"Article","@id":"https:\/\/blogs.uninter.edu.mx\/difusioncultural\/?p=9784#article","isPartOf":{"@id":"https:\/\/blogs.uninter.edu.mx\/difusioncultural\/?p=9784"},"author":{"name":"Aslhey Alejandra Gonz\u00e1lez Castro","@id":"https:\/\/blogs.uninter.edu.mx\/difusioncultural\/#\/schema\/person\/c710e37686022500827405824a08a18c"},"headline":"El cine de Oro mexicano","datePublished":"2023-09-29T18:45:28+00:00","dateModified":"2023-09-29T18:45:33+00:00","mainEntityOfPage":{"@id":"https:\/\/blogs.uninter.edu.mx\/difusioncultural\/?p=9784"},"wordCount":383,"commentCount":0,"publisher":{"@id":"https:\/\/blogs.uninter.edu.mx\/difusioncultural\/#organization"},"image":{"@id":"https:\/\/blogs.uninter.edu.mx\/difusioncultural\/?p=9784#primaryimage"},"thumbnailUrl":"https:\/\/blogs.uninter.edu.mx\/difusioncultural\/wp-content\/uploads\/2023\/09\/image-2.png","inLanguage":"es","potentialAction":[{"@type":"CommentAction","name":"Comment","target":["https:\/\/blogs.uninter.edu.mx\/difusioncultural\/?p=9784#respond"]}]},{"@type":"WebPage","@id":"https:\/\/blogs.uninter.edu.mx\/difusioncultural\/?p=9784","url":"https:\/\/blogs.uninter.edu.mx\/difusioncultural\/?p=9784","name":"El cine de Oro mexicano - Difusi\u00f3n Cultural","isPartOf":{"@id":"https:\/\/blogs.uninter.edu.mx\/difusioncultural\/#website"},"primaryImageOfPage":{"@id":"https:\/\/blogs.uninter.edu.mx\/difusioncultural\/?p=9784#primaryimage"},"image":{"@id":"https:\/\/blogs.uninter.edu.mx\/difusioncultural\/?p=9784#primaryimage"},"thumbnailUrl":"https:\/\/blogs.uninter.edu.mx\/difusioncultural\/wp-content\/uploads\/2023\/09\/image-2.png","datePublished":"2023-09-29T18:45:28+00:00","dateModified":"2023-09-29T18:45:33+00:00","description":"El cine de oro empieza con la primera pel\u00edcula mexicana sonorizada, \u201call\u00e1 en el rancho grande\u201d del director Fernando de Fuentes,","breadcrumb":{"@id":"https:\/\/blogs.uninter.edu.mx\/difusioncultural\/?p=9784#breadcrumb"},"inLanguage":"es","potentialAction":[{"@type":"ReadAction","target":["https:\/\/blogs.uninter.edu.mx\/difusioncultural\/?p=9784"]}]},{"@type":"ImageObject","inLanguage":"es","@id":"https:\/\/blogs.uninter.edu.mx\/difusioncultural\/?p=9784#primaryimage","url":"https:\/\/blogs.uninter.edu.mx\/difusioncultural\/wp-content\/uploads\/2023\/09\/image-2.png","contentUrl":"https:\/\/blogs.uninter.edu.mx\/difusioncultural\/wp-content\/uploads\/2023\/09\/image-2.png","width":1024,"height":768},{"@type":"BreadcrumbList","@id":"https:\/\/blogs.uninter.edu.mx\/difusioncultural\/?p=9784#breadcrumb","itemListElement":[{"@type":"ListItem","position":1,"name":"Inicio","item":"https:\/\/blogs.uninter.edu.mx\/difusioncultural\/"},{"@type":"ListItem","position":2,"name":"El cine de Oro mexicano"}]},{"@type":"WebSite","@id":"https:\/\/blogs.uninter.edu.mx\/difusioncultural\/#website","url":"https:\/\/blogs.uninter.edu.mx\/difusioncultural\/","name":"Difusi\u00f3n Cultural","description":"UNINTER","publisher":{"@id":"https:\/\/blogs.uninter.edu.mx\/difusioncultural\/#organization"},"potentialAction":[{"@type":"SearchAction","target":{"@type":"EntryPoint","urlTemplate":"https:\/\/blogs.uninter.edu.mx\/difusioncultural\/?s={search_term_string}"},"query-input":{"@type":"PropertyValueSpecification","valueRequired":true,"valueName":"search_term_string"}}],"inLanguage":"es"},{"@type":"Organization","@id":"https:\/\/blogs.uninter.edu.mx\/difusioncultural\/#organization","name":"Difusi\u00f3n Cultural","url":"https:\/\/blogs.uninter.edu.mx\/difusioncultural\/","logo":{"@type":"ImageObject","inLanguage":"es","@id":"https:\/\/blogs.uninter.edu.mx\/difusioncultural\/#\/schema\/logo\/image\/","url":"https:\/\/blogs.uninter.edu.mx\/difusioncultural\/wp-content\/uploads\/2022\/09\/uninter.jpg","contentUrl":"https:\/\/blogs.uninter.edu.mx\/difusioncultural\/wp-content\/uploads\/2022\/09\/uninter.jpg","width":2048,"height":2048,"caption":"Difusi\u00f3n Cultural"},"image":{"@id":"https:\/\/blogs.uninter.edu.mx\/difusioncultural\/#\/schema\/logo\/image\/"}},{"@type":"Person","@id":"https:\/\/blogs.uninter.edu.mx\/difusioncultural\/#\/schema\/person\/c710e37686022500827405824a08a18c","name":"Aslhey Alejandra Gonz\u00e1lez Castro","image":{"@type":"ImageObject","inLanguage":"es","@id":"https:\/\/blogs.uninter.edu.mx\/difusioncultural\/#\/schema\/person\/image\/","url":"https:\/\/secure.gravatar.com\/avatar\/1905d6ed47b47ccbfb53e4b64f72f2017309e25d96ef418088d4f998ecf6552e?s=96&d=mm&r=g","contentUrl":"https:\/\/secure.gravatar.com\/avatar\/1905d6ed47b47ccbfb53e4b64f72f2017309e25d96ef418088d4f998ecf6552e?s=96&d=mm&r=g","caption":"Aslhey Alejandra Gonz\u00e1lez Castro"},"url":"https:\/\/blogs.uninter.edu.mx\/difusioncultural\/?author=24"}]}},"jetpack_publicize_connections":[],"jetpack_featured_media_url":"https:\/\/blogs.uninter.edu.mx\/difusioncultural\/wp-content\/uploads\/2023\/09\/image-2.png","jetpack_sharing_enabled":true,"_links":{"self":[{"href":"https:\/\/blogs.uninter.edu.mx\/difusioncultural\/index.php?rest_route=\/wp\/v2\/posts\/9784","targetHints":{"allow":["GET"]}}],"collection":[{"href":"https:\/\/blogs.uninter.edu.mx\/difusioncultural\/index.php?rest_route=\/wp\/v2\/posts"}],"about":[{"href":"https:\/\/blogs.uninter.edu.mx\/difusioncultural\/index.php?rest_route=\/wp\/v2\/types\/post"}],"author":[{"embeddable":true,"href":"https:\/\/blogs.uninter.edu.mx\/difusioncultural\/index.php?rest_route=\/wp\/v2\/users\/24"}],"replies":[{"embeddable":true,"href":"https:\/\/blogs.uninter.edu.mx\/difusioncultural\/index.php?rest_route=%2Fwp%2Fv2%2Fcomments&post=9784"}],"version-history":[{"count":1,"href":"https:\/\/blogs.uninter.edu.mx\/difusioncultural\/index.php?rest_route=\/wp\/v2\/posts\/9784\/revisions"}],"predecessor-version":[{"id":9786,"href":"https:\/\/blogs.uninter.edu.mx\/difusioncultural\/index.php?rest_route=\/wp\/v2\/posts\/9784\/revisions\/9786"}],"wp:featuredmedia":[{"embeddable":true,"href":"https:\/\/blogs.uninter.edu.mx\/difusioncultural\/index.php?rest_route=\/wp\/v2\/media\/9785"}],"wp:attachment":[{"href":"https:\/\/blogs.uninter.edu.mx\/difusioncultural\/index.php?rest_route=%2Fwp%2Fv2%2Fmedia&parent=9784"}],"wp:term":[{"taxonomy":"category","embeddable":true,"href":"https:\/\/blogs.uninter.edu.mx\/difusioncultural\/index.php?rest_route=%2Fwp%2Fv2%2Fcategories&post=9784"},{"taxonomy":"post_tag","embeddable":true,"href":"https:\/\/blogs.uninter.edu.mx\/difusioncultural\/index.php?rest_route=%2Fwp%2Fv2%2Ftags&post=9784"}],"curies":[{"name":"wp","href":"https:\/\/api.w.org\/{rel}","templated":true}]}}