{"id":9810,"date":"2023-10-20T16:30:00","date_gmt":"2023-10-20T16:30:00","guid":{"rendered":"https:\/\/blogs.uninter.edu.mx\/difusioncultural\/?p=9810"},"modified":"2023-11-30T21:42:56","modified_gmt":"2023-11-30T21:42:56","slug":"dia-de-muertos","status":"publish","type":"post","link":"https:\/\/blogs.uninter.edu.mx\/difusioncultural\/?p=9810","title":{"rendered":"\u00bfQU\u00c9 ES EL D\u00cdA DE MUERTOS?"},"content":{"rendered":"\n<p>El D\u00eda de Muertos en M\u00e9xico es una de las celebraciones m\u00e1s reconocidas a nivel mundial, una festividad que conmemora a quienes han partido. Pero \u00bfpor qu\u00e9 se celebra en nuestro pa\u00eds?<\/p>\n\n\n\n<p>Esta tradici\u00f3n tiene profundas ra\u00edces en la \u00e9poca prehisp\u00e1nica de M\u00e9xico, antes de la llegada de los espa\u00f1oles. El principal objetivo del D\u00eda de Muertos es celebrar la muerte como una parte intr\u00ednseca de la vida, eliminando el temor, todo forma parte de un ciclo continuo.<\/p>\n\n\n\n<p>En M\u00e9xico, esta festividad es una manera de recordar y honrar a quienes amamos en vida y que siempre estar\u00e1n presentes en nuestros corazones. La cultura prehisp\u00e1nica ve\u00eda al D\u00eda de Muertos como un rito para guiar a los muertos al Mictl\u00e1n, su lugar de descanso eterno.<\/p>\n\n\n\n<p>Cuando alguien fallec\u00eda, se le envolv\u00eda en un petate y se realizaba una festividad por parte de familiares y amigos. Esta festividad ten\u00eda el prop\u00f3sito de guiar al difunto al Mictl\u00e1n, se le dejaba la comida que le gustaba para que, no sufra hambre.<\/p>\n\n\n\n<p>A lo largo de los a\u00f1os, el D\u00eda de Muertos en M\u00e9xico ha incorporado diversas tradiciones y creencias, en especial influencias de la religi\u00f3n cat\u00f3lica. Se cree que, una vez al a\u00f1o, los difuntos regresan al mundo de los vivos para acompa\u00f1ar a sus seres queridos y se nutren con la esencia de las ofrendas colocadas en altares en su honor.   <\/p>\n\n\n\n<p>Culturas ind\u00edgenas como los mexicas, mixtecas, texcocanos, zapotecas, tlaxcaltecas, totonacas y muchas m\u00e1s fueron quienes mantuvieron viva esta tradici\u00f3n que m\u00e1s tarde se conocer\u00eda como el D\u00eda de Muertos en M\u00e9xico.<\/p>\n\n\n\n<p>La llegada de los espa\u00f1oles fusion\u00f3 el D\u00eda de Muertos ind\u00edgena con el calendario cat\u00f3lico. En la actualidad, el D\u00eda de Muertos es una de las festividades m\u00e1s importantes en M\u00e9xico, celebrada el 1 y 2 de noviembre, coincidiendo con rituales religiosos tra\u00eddos por los espa\u00f1oles y dividida en dos partes:<\/p>\n\n\n\n<ol class=\"wp-block-list\" type=\"1\" start=\"1\">\n<li><strong>El D\u00eda de Todos los Santos<\/strong>, que se celebra el 1 de noviembre, se dedica a los muertos que fallecieron siendo ni\u00f1os o adolescentes. <\/li>\n\n\n\n<li><strong>El D\u00eda de los Fieles Difuntos<\/strong>, el 2 de noviembre, se conmemora a los adultos.<\/li>\n<\/ol>\n\n\n\n<p>En todo el pa\u00eds, las festividades var\u00edan de un estado a otro, todas tienen como prop\u00f3sito reunir a las familias para dar la bienvenida, una vez m\u00e1s a las almas de sus seres queridos que regresan desde el m\u00e1s all\u00e1. El D\u00eda de Muertos en M\u00e9xico es una celebraci\u00f3n \u00fanica y significativa que combina la riqueza de la tradici\u00f3n ind\u00edgena y la influencia cat\u00f3lica en un tributo a la vida y la muerte. <\/p>\n\n\n<div class=\"wp-block-image\">\n<figure class=\"aligncenter size-full is-resized\"><img fetchpriority=\"high\" decoding=\"async\" width=\"940\" height=\"788\" src=\"https:\/\/blogs.uninter.edu.mx\/difusioncultural\/wp-content\/uploads\/2023\/10\/Post-para-Facebook-Dia-de-Muertos-Floral-Negro.png\" alt=\"celebraci\u00f3n de d\u00eda de muertos \" class=\"wp-image-9811\" style=\"aspect-ratio:1.1928934010152283;width:596px;height:auto\"\/><\/figure>\n<\/div>\n\n\n<p>Fuente: <a href=\"https:\/\/www.sdpnoticias.com\/estilo-de-vida\/por-que-se-celebra-el-dia-de-muertos-en-mexico\/\">\u00bfPor qu\u00e9 se celebra el D\u00eda de Muertos en M\u00e9xico? (sdpnoticias.com)<\/a><\/p>\n","protected":false},"excerpt":{"rendered":"<p>El D\u00eda de Muertos en M\u00e9xico es una de las celebraciones m\u00e1s reconocidas a nivel mundial, una festividad que conmemora a quienes han partido. Pero \u00bfpor qu\u00e9 se celebra en nuestro pa\u00eds? Esta tradici\u00f3n tiene profundas ra\u00edces en la \u00e9poca prehisp\u00e1nica de M\u00e9xico, antes de la llegada de los espa\u00f1oles. El principal objetivo del D\u00eda&hellip;<\/p>\n","protected":false},"author":24,"featured_media":9823,"comment_status":"open","ping_status":"open","sticky":false,"template":"","format":"standard","meta":{"_jetpack_memberships_contains_paid_content":false,"footnotes":"","jetpack_publicize_message":"","jetpack_publicize_feature_enabled":true,"jetpack_social_post_already_shared":true,"jetpack_social_options":{"image_generator_settings":{"template":"highway","default_image_id":0,"font":"","enabled":false},"version":2}},"categories":[1],"tags":[],"class_list":["post-9810","post","type-post","status-publish","format-standard","has-post-thumbnail","hentry","category-sin-categoria"],"yoast_head":"<!-- This site is optimized with the Yoast SEO plugin v26.3 - https:\/\/yoast.com\/wordpress\/plugins\/seo\/ -->\r\n<title>\u00bfQU\u00c9 ES EL D\u00cdA DE MUERTOS? - Difusi\u00f3n Cultural<\/title>\r\n<meta name=\"description\" content=\"El D\u00eda de Muertos en M\u00e9xico es una de las celebraciones m\u00e1s reconocidas a nivel mundial, una festividad que conmemora a quienes han partido.\" \/>\r\n<meta name=\"robots\" content=\"index, follow, max-snippet:-1, max-image-preview:large, max-video-preview:-1\" \/>\r\n<link rel=\"canonical\" href=\"https:\/\/blogs.uninter.edu.mx\/difusioncultural\/?p=9810\" \/>\r\n<meta property=\"og:locale\" content=\"es_MX\" \/>\r\n<meta property=\"og:type\" content=\"article\" \/>\r\n<meta property=\"og:title\" content=\"\u00bfQue es el d\u00eda de muertos? - Difusi\u00f3n cultural)\" \/>\r\n<meta property=\"og:description\" content=\"El D\u00eda de Muertos en M\u00e9xico es una de las celebraciones m\u00e1s reconocidas a nivel mundial, una festividad que conmemora a quienes han partido.\" \/>\r\n<meta property=\"og:url\" content=\"https:\/\/blogs.uninter.edu.mx\/difusioncultural\/?p=9810\" \/>\r\n<meta property=\"og:site_name\" content=\"Difusi\u00f3n Cultural\" \/>\r\n<meta property=\"article:published_time\" content=\"2023-10-20T16:30:00+00:00\" \/>\r\n<meta property=\"article:modified_time\" content=\"2023-11-30T21:42:56+00:00\" \/>\r\n<meta property=\"og:image\" content=\"https:\/\/blogs.uninter.edu.mx\/difusioncultural\/wp-content\/uploads\/2023\/10\/Post-para-Facebook-Dia-de-Muertos-Floral-Negro.png\" \/>\r\n\t<meta property=\"og:image:width\" content=\"940\" \/>\r\n\t<meta property=\"og:image:height\" content=\"788\" \/>\r\n\t<meta property=\"og:image:type\" content=\"image\/png\" \/>\r\n<meta name=\"author\" content=\"Aslhey Alejandra Gonz\u00e1lez Castro\" \/>\r\n<meta name=\"twitter:card\" content=\"summary_large_image\" \/>\r\n<meta name=\"twitter:label1\" content=\"Escrito por\" \/>\n\t<meta name=\"twitter:data1\" content=\"Aslhey Alejandra Gonz\u00e1lez Castro\" \/>\n\t<meta name=\"twitter:label2\" content=\"Tiempo de lectura\" \/>\n\t<meta name=\"twitter:data2\" content=\"3 minutos\" \/>\r\n<script type=\"application\/ld+json\" class=\"yoast-schema-graph\">{\"@context\":\"https:\/\/schema.org\",\"@graph\":[{\"@type\":\"Article\",\"@id\":\"https:\/\/blogs.uninter.edu.mx\/difusioncultural\/?p=9810#article\",\"isPartOf\":{\"@id\":\"https:\/\/blogs.uninter.edu.mx\/difusioncultural\/?p=9810\"},\"author\":{\"name\":\"Aslhey Alejandra Gonz\u00e1lez Castro\",\"@id\":\"https:\/\/blogs.uninter.edu.mx\/difusioncultural\/#\/schema\/person\/c710e37686022500827405824a08a18c\"},\"headline\":\"\u00bfQU\u00c9 ES EL D\u00cdA DE MUERTOS?\",\"datePublished\":\"2023-10-20T16:30:00+00:00\",\"dateModified\":\"2023-11-30T21:42:56+00:00\",\"mainEntityOfPage\":{\"@id\":\"https:\/\/blogs.uninter.edu.mx\/difusioncultural\/?p=9810\"},\"wordCount\":501,\"commentCount\":0,\"publisher\":{\"@id\":\"https:\/\/blogs.uninter.edu.mx\/difusioncultural\/#organization\"},\"image\":{\"@id\":\"https:\/\/blogs.uninter.edu.mx\/difusioncultural\/?p=9810#primaryimage\"},\"thumbnailUrl\":\"https:\/\/blogs.uninter.edu.mx\/difusioncultural\/wp-content\/uploads\/2023\/10\/image-4.png\",\"inLanguage\":\"es\",\"potentialAction\":[{\"@type\":\"CommentAction\",\"name\":\"Comment\",\"target\":[\"https:\/\/blogs.uninter.edu.mx\/difusioncultural\/?p=9810#respond\"]}]},{\"@type\":\"WebPage\",\"@id\":\"https:\/\/blogs.uninter.edu.mx\/difusioncultural\/?p=9810\",\"url\":\"https:\/\/blogs.uninter.edu.mx\/difusioncultural\/?p=9810\",\"name\":\"\u00bfQU\u00c9 ES EL D\u00cdA DE MUERTOS? - Difusi\u00f3n Cultural\",\"isPartOf\":{\"@id\":\"https:\/\/blogs.uninter.edu.mx\/difusioncultural\/#website\"},\"primaryImageOfPage\":{\"@id\":\"https:\/\/blogs.uninter.edu.mx\/difusioncultural\/?p=9810#primaryimage\"},\"image\":{\"@id\":\"https:\/\/blogs.uninter.edu.mx\/difusioncultural\/?p=9810#primaryimage\"},\"thumbnailUrl\":\"https:\/\/blogs.uninter.edu.mx\/difusioncultural\/wp-content\/uploads\/2023\/10\/image-4.png\",\"datePublished\":\"2023-10-20T16:30:00+00:00\",\"dateModified\":\"2023-11-30T21:42:56+00:00\",\"description\":\"El D\u00eda de Muertos en M\u00e9xico es una de las celebraciones m\u00e1s reconocidas a nivel mundial, una festividad que conmemora a quienes han partido.\",\"breadcrumb\":{\"@id\":\"https:\/\/blogs.uninter.edu.mx\/difusioncultural\/?p=9810#breadcrumb\"},\"inLanguage\":\"es\",\"potentialAction\":[{\"@type\":\"ReadAction\",\"target\":[\"https:\/\/blogs.uninter.edu.mx\/difusioncultural\/?p=9810\"]}]},{\"@type\":\"ImageObject\",\"inLanguage\":\"es\",\"@id\":\"https:\/\/blogs.uninter.edu.mx\/difusioncultural\/?p=9810#primaryimage\",\"url\":\"https:\/\/blogs.uninter.edu.mx\/difusioncultural\/wp-content\/uploads\/2023\/10\/image-4.png\",\"contentUrl\":\"https:\/\/blogs.uninter.edu.mx\/difusioncultural\/wp-content\/uploads\/2023\/10\/image-4.png\",\"width\":824,\"height\":593},{\"@type\":\"BreadcrumbList\",\"@id\":\"https:\/\/blogs.uninter.edu.mx\/difusioncultural\/?p=9810#breadcrumb\",\"itemListElement\":[{\"@type\":\"ListItem\",\"position\":1,\"name\":\"Inicio\",\"item\":\"https:\/\/blogs.uninter.edu.mx\/difusioncultural\/\"},{\"@type\":\"ListItem\",\"position\":2,\"name\":\"\u00bfQU\u00c9 ES EL D\u00cdA DE MUERTOS?\"}]},{\"@type\":\"WebSite\",\"@id\":\"https:\/\/blogs.uninter.edu.mx\/difusioncultural\/#website\",\"url\":\"https:\/\/blogs.uninter.edu.mx\/difusioncultural\/\",\"name\":\"Difusi\u00f3n Cultural\",\"description\":\"UNINTER\",\"publisher\":{\"@id\":\"https:\/\/blogs.uninter.edu.mx\/difusioncultural\/#organization\"},\"potentialAction\":[{\"@type\":\"SearchAction\",\"target\":{\"@type\":\"EntryPoint\",\"urlTemplate\":\"https:\/\/blogs.uninter.edu.mx\/difusioncultural\/?s={search_term_string}\"},\"query-input\":{\"@type\":\"PropertyValueSpecification\",\"valueRequired\":true,\"valueName\":\"search_term_string\"}}],\"inLanguage\":\"es\"},{\"@type\":\"Organization\",\"@id\":\"https:\/\/blogs.uninter.edu.mx\/difusioncultural\/#organization\",\"name\":\"Difusi\u00f3n Cultural\",\"url\":\"https:\/\/blogs.uninter.edu.mx\/difusioncultural\/\",\"logo\":{\"@type\":\"ImageObject\",\"inLanguage\":\"es\",\"@id\":\"https:\/\/blogs.uninter.edu.mx\/difusioncultural\/#\/schema\/logo\/image\/\",\"url\":\"https:\/\/blogs.uninter.edu.mx\/difusioncultural\/wp-content\/uploads\/2022\/09\/uninter.jpg\",\"contentUrl\":\"https:\/\/blogs.uninter.edu.mx\/difusioncultural\/wp-content\/uploads\/2022\/09\/uninter.jpg\",\"width\":2048,\"height\":2048,\"caption\":\"Difusi\u00f3n Cultural\"},\"image\":{\"@id\":\"https:\/\/blogs.uninter.edu.mx\/difusioncultural\/#\/schema\/logo\/image\/\"}},{\"@type\":\"Person\",\"@id\":\"https:\/\/blogs.uninter.edu.mx\/difusioncultural\/#\/schema\/person\/c710e37686022500827405824a08a18c\",\"name\":\"Aslhey Alejandra Gonz\u00e1lez Castro\",\"image\":{\"@type\":\"ImageObject\",\"inLanguage\":\"es\",\"@id\":\"https:\/\/blogs.uninter.edu.mx\/difusioncultural\/#\/schema\/person\/image\/\",\"url\":\"https:\/\/secure.gravatar.com\/avatar\/1905d6ed47b47ccbfb53e4b64f72f2017309e25d96ef418088d4f998ecf6552e?s=96&d=mm&r=g\",\"contentUrl\":\"https:\/\/secure.gravatar.com\/avatar\/1905d6ed47b47ccbfb53e4b64f72f2017309e25d96ef418088d4f998ecf6552e?s=96&d=mm&r=g\",\"caption\":\"Aslhey Alejandra Gonz\u00e1lez Castro\"},\"url\":\"https:\/\/blogs.uninter.edu.mx\/difusioncultural\/?author=24\"}]}<\/script>\r\n<!-- \/ Yoast SEO plugin. -->","yoast_head_json":{"title":"\u00bfQU\u00c9 ES EL D\u00cdA DE MUERTOS? - Difusi\u00f3n Cultural","description":"El D\u00eda de Muertos en M\u00e9xico es una de las celebraciones m\u00e1s reconocidas a nivel mundial, una festividad que conmemora a quienes han partido.","robots":{"index":"index","follow":"follow","max-snippet":"max-snippet:-1","max-image-preview":"max-image-preview:large","max-video-preview":"max-video-preview:-1"},"canonical":"https:\/\/blogs.uninter.edu.mx\/difusioncultural\/?p=9810","og_locale":"es_MX","og_type":"article","og_title":"\u00bfQue es el d\u00eda de muertos? - Difusi\u00f3n cultural)","og_description":"El D\u00eda de Muertos en M\u00e9xico es una de las celebraciones m\u00e1s reconocidas a nivel mundial, una festividad que conmemora a quienes han partido.","og_url":"https:\/\/blogs.uninter.edu.mx\/difusioncultural\/?p=9810","og_site_name":"Difusi\u00f3n Cultural","article_published_time":"2023-10-20T16:30:00+00:00","article_modified_time":"2023-11-30T21:42:56+00:00","og_image":[{"width":940,"height":788,"url":"https:\/\/blogs.uninter.edu.mx\/difusioncultural\/wp-content\/uploads\/2023\/10\/Post-para-Facebook-Dia-de-Muertos-Floral-Negro.png","type":"image\/png"}],"author":"Aslhey Alejandra Gonz\u00e1lez Castro","twitter_card":"summary_large_image","twitter_misc":{"Escrito por":"Aslhey Alejandra Gonz\u00e1lez Castro","Tiempo de lectura":"3 minutos"},"schema":{"@context":"https:\/\/schema.org","@graph":[{"@type":"Article","@id":"https:\/\/blogs.uninter.edu.mx\/difusioncultural\/?p=9810#article","isPartOf":{"@id":"https:\/\/blogs.uninter.edu.mx\/difusioncultural\/?p=9810"},"author":{"name":"Aslhey Alejandra Gonz\u00e1lez Castro","@id":"https:\/\/blogs.uninter.edu.mx\/difusioncultural\/#\/schema\/person\/c710e37686022500827405824a08a18c"},"headline":"\u00bfQU\u00c9 ES EL D\u00cdA DE MUERTOS?","datePublished":"2023-10-20T16:30:00+00:00","dateModified":"2023-11-30T21:42:56+00:00","mainEntityOfPage":{"@id":"https:\/\/blogs.uninter.edu.mx\/difusioncultural\/?p=9810"},"wordCount":501,"commentCount":0,"publisher":{"@id":"https:\/\/blogs.uninter.edu.mx\/difusioncultural\/#organization"},"image":{"@id":"https:\/\/blogs.uninter.edu.mx\/difusioncultural\/?p=9810#primaryimage"},"thumbnailUrl":"https:\/\/blogs.uninter.edu.mx\/difusioncultural\/wp-content\/uploads\/2023\/10\/image-4.png","inLanguage":"es","potentialAction":[{"@type":"CommentAction","name":"Comment","target":["https:\/\/blogs.uninter.edu.mx\/difusioncultural\/?p=9810#respond"]}]},{"@type":"WebPage","@id":"https:\/\/blogs.uninter.edu.mx\/difusioncultural\/?p=9810","url":"https:\/\/blogs.uninter.edu.mx\/difusioncultural\/?p=9810","name":"\u00bfQU\u00c9 ES EL D\u00cdA DE MUERTOS? - Difusi\u00f3n Cultural","isPartOf":{"@id":"https:\/\/blogs.uninter.edu.mx\/difusioncultural\/#website"},"primaryImageOfPage":{"@id":"https:\/\/blogs.uninter.edu.mx\/difusioncultural\/?p=9810#primaryimage"},"image":{"@id":"https:\/\/blogs.uninter.edu.mx\/difusioncultural\/?p=9810#primaryimage"},"thumbnailUrl":"https:\/\/blogs.uninter.edu.mx\/difusioncultural\/wp-content\/uploads\/2023\/10\/image-4.png","datePublished":"2023-10-20T16:30:00+00:00","dateModified":"2023-11-30T21:42:56+00:00","description":"El D\u00eda de Muertos en M\u00e9xico es una de las celebraciones m\u00e1s reconocidas a nivel mundial, una festividad que conmemora a quienes han partido.","breadcrumb":{"@id":"https:\/\/blogs.uninter.edu.mx\/difusioncultural\/?p=9810#breadcrumb"},"inLanguage":"es","potentialAction":[{"@type":"ReadAction","target":["https:\/\/blogs.uninter.edu.mx\/difusioncultural\/?p=9810"]}]},{"@type":"ImageObject","inLanguage":"es","@id":"https:\/\/blogs.uninter.edu.mx\/difusioncultural\/?p=9810#primaryimage","url":"https:\/\/blogs.uninter.edu.mx\/difusioncultural\/wp-content\/uploads\/2023\/10\/image-4.png","contentUrl":"https:\/\/blogs.uninter.edu.mx\/difusioncultural\/wp-content\/uploads\/2023\/10\/image-4.png","width":824,"height":593},{"@type":"BreadcrumbList","@id":"https:\/\/blogs.uninter.edu.mx\/difusioncultural\/?p=9810#breadcrumb","itemListElement":[{"@type":"ListItem","position":1,"name":"Inicio","item":"https:\/\/blogs.uninter.edu.mx\/difusioncultural\/"},{"@type":"ListItem","position":2,"name":"\u00bfQU\u00c9 ES EL D\u00cdA DE MUERTOS?"}]},{"@type":"WebSite","@id":"https:\/\/blogs.uninter.edu.mx\/difusioncultural\/#website","url":"https:\/\/blogs.uninter.edu.mx\/difusioncultural\/","name":"Difusi\u00f3n Cultural","description":"UNINTER","publisher":{"@id":"https:\/\/blogs.uninter.edu.mx\/difusioncultural\/#organization"},"potentialAction":[{"@type":"SearchAction","target":{"@type":"EntryPoint","urlTemplate":"https:\/\/blogs.uninter.edu.mx\/difusioncultural\/?s={search_term_string}"},"query-input":{"@type":"PropertyValueSpecification","valueRequired":true,"valueName":"search_term_string"}}],"inLanguage":"es"},{"@type":"Organization","@id":"https:\/\/blogs.uninter.edu.mx\/difusioncultural\/#organization","name":"Difusi\u00f3n Cultural","url":"https:\/\/blogs.uninter.edu.mx\/difusioncultural\/","logo":{"@type":"ImageObject","inLanguage":"es","@id":"https:\/\/blogs.uninter.edu.mx\/difusioncultural\/#\/schema\/logo\/image\/","url":"https:\/\/blogs.uninter.edu.mx\/difusioncultural\/wp-content\/uploads\/2022\/09\/uninter.jpg","contentUrl":"https:\/\/blogs.uninter.edu.mx\/difusioncultural\/wp-content\/uploads\/2022\/09\/uninter.jpg","width":2048,"height":2048,"caption":"Difusi\u00f3n Cultural"},"image":{"@id":"https:\/\/blogs.uninter.edu.mx\/difusioncultural\/#\/schema\/logo\/image\/"}},{"@type":"Person","@id":"https:\/\/blogs.uninter.edu.mx\/difusioncultural\/#\/schema\/person\/c710e37686022500827405824a08a18c","name":"Aslhey Alejandra Gonz\u00e1lez Castro","image":{"@type":"ImageObject","inLanguage":"es","@id":"https:\/\/blogs.uninter.edu.mx\/difusioncultural\/#\/schema\/person\/image\/","url":"https:\/\/secure.gravatar.com\/avatar\/1905d6ed47b47ccbfb53e4b64f72f2017309e25d96ef418088d4f998ecf6552e?s=96&d=mm&r=g","contentUrl":"https:\/\/secure.gravatar.com\/avatar\/1905d6ed47b47ccbfb53e4b64f72f2017309e25d96ef418088d4f998ecf6552e?s=96&d=mm&r=g","caption":"Aslhey Alejandra Gonz\u00e1lez Castro"},"url":"https:\/\/blogs.uninter.edu.mx\/difusioncultural\/?author=24"}]}},"jetpack_publicize_connections":[],"jetpack_featured_media_url":"https:\/\/blogs.uninter.edu.mx\/difusioncultural\/wp-content\/uploads\/2023\/10\/image-4.png","jetpack_sharing_enabled":true,"_links":{"self":[{"href":"https:\/\/blogs.uninter.edu.mx\/difusioncultural\/index.php?rest_route=\/wp\/v2\/posts\/9810","targetHints":{"allow":["GET"]}}],"collection":[{"href":"https:\/\/blogs.uninter.edu.mx\/difusioncultural\/index.php?rest_route=\/wp\/v2\/posts"}],"about":[{"href":"https:\/\/blogs.uninter.edu.mx\/difusioncultural\/index.php?rest_route=\/wp\/v2\/types\/post"}],"author":[{"embeddable":true,"href":"https:\/\/blogs.uninter.edu.mx\/difusioncultural\/index.php?rest_route=\/wp\/v2\/users\/24"}],"replies":[{"embeddable":true,"href":"https:\/\/blogs.uninter.edu.mx\/difusioncultural\/index.php?rest_route=%2Fwp%2Fv2%2Fcomments&post=9810"}],"version-history":[{"count":2,"href":"https:\/\/blogs.uninter.edu.mx\/difusioncultural\/index.php?rest_route=\/wp\/v2\/posts\/9810\/revisions"}],"predecessor-version":[{"id":9818,"href":"https:\/\/blogs.uninter.edu.mx\/difusioncultural\/index.php?rest_route=\/wp\/v2\/posts\/9810\/revisions\/9818"}],"wp:featuredmedia":[{"embeddable":true,"href":"https:\/\/blogs.uninter.edu.mx\/difusioncultural\/index.php?rest_route=\/wp\/v2\/media\/9823"}],"wp:attachment":[{"href":"https:\/\/blogs.uninter.edu.mx\/difusioncultural\/index.php?rest_route=%2Fwp%2Fv2%2Fmedia&parent=9810"}],"wp:term":[{"taxonomy":"category","embeddable":true,"href":"https:\/\/blogs.uninter.edu.mx\/difusioncultural\/index.php?rest_route=%2Fwp%2Fv2%2Fcategories&post=9810"},{"taxonomy":"post_tag","embeddable":true,"href":"https:\/\/blogs.uninter.edu.mx\/difusioncultural\/index.php?rest_route=%2Fwp%2Fv2%2Ftags&post=9810"}],"curies":[{"name":"wp","href":"https:\/\/api.w.org\/{rel}","templated":true}]}}