{"id":9826,"date":"2023-11-02T04:03:53","date_gmt":"2023-11-02T04:03:53","guid":{"rendered":"https:\/\/blogs.uninter.edu.mx\/difusioncultural\/?p=9826"},"modified":"2023-11-02T04:04:01","modified_gmt":"2023-11-02T04:04:01","slug":"cual-es-el-origen-de-la-ofrenda-del-dia-de-muertos","status":"publish","type":"post","link":"https:\/\/blogs.uninter.edu.mx\/difusioncultural\/?p=9826","title":{"rendered":"\u00bfCual es el origen de la ofrenda del d\u00eda de muertos?"},"content":{"rendered":"\n<p><a href=\"https:\/\/blogs.uninter.edu.mx\/difusioncultural\/\">Difusi\u00f3n Cultural &#8211; UNINTER<\/a><\/p>\n\n\n\n<p>Las ofrendas tienen su origen en la \u00e9poca prehisp\u00e1nica, ya que los antiguos consideraban la muerte como una celebraci\u00f3n de la vida. Un rito de gran importancia que involucraba numerosos elementos m\u00edsticos que han perdurado.<\/p>\n\n\n\n<p>En el conjunto de rituales, dos festividades diferentes exist\u00edan: la festividad peque\u00f1a y la festividad grande. La festividad peque\u00f1a comenzaba 20 d\u00edas antes que la festividad grande. La primera estaba dirigida a los ni\u00f1os, mientras que la segunda estaba destinada a los adultos, como ocurre en la actualidad. <\/p>\n\n\n\n<p><mark class=\"annotation-text annotation-text-yoast\" id=\"annotation-text-6dc7bf07-eaf6-428c-ac3e-29a9deb10442\">No obstante, debido a la fusi\u00f3n de culturas durante la \u00e9poca de la Colonia se aline\u00f3 el inicio de la celebraci\u00f3n de los difuntos adultos con la cat\u00f3lica de los fieles difuntos.<\/mark> <\/p>\n\n\n<div class=\"wp-block-image\">\n<figure class=\"aligncenter size-full is-resized\"><img fetchpriority=\"high\" decoding=\"async\" width=\"1280\" height=\"720\" src=\"https:\/\/blogs.uninter.edu.mx\/difusioncultural\/wp-content\/uploads\/2023\/11\/image-1.png\" alt=\"ofrenda prehisp\u00e1nica del d\u00eda de muertos \" class=\"wp-image-9828\" style=\"aspect-ratio:1.7777777777777777;width:578px;height:auto\"\/><\/figure>\n<\/div>\n\n\n<p>Diversas culturas llevaban a cabo rituales en honor a la muerte, ya que consideraban esta como un s\u00edmbolo de la vida y de trascendencia popular.<\/p>\n\n\n\n<p>Quienes mor\u00edan ahogados, ni\u00f1os sacrificados a Tl\u00e1loc o muertos por un rayo durante una tormenta, habitaban Tlalocan, el para\u00edso del dios de la lluvia.<\/p>\n\n\n\n<p>Omeyacan, el para\u00edso del Sol, era el destino de quienes mor\u00edan en combate, prisioneros que eran sacrificados y mujeres que fallec\u00edan al dar a luz.<\/p>\n\n\n\n<p>En Chichihuacuauhco, un para\u00edso en el que crec\u00eda un \u00e1rbol cuyas ramas derramaban leche, iban los ni\u00f1os.<\/p>\n\n\n\n<p>Mictl\u00e1n, a donde iban aquellos que mor\u00edan de forma natural, era un lugar de dif\u00edcil acceso, por lo que necesitaban la ayuda de un perro que los guiara al cruzar el r\u00edo que los separaba de la tierra de los muertos.<\/p>\n\n\n\n<p>A pesar de la influencia espa\u00f1ola y de la evangelizaci\u00f3n, esta tradici\u00f3n se adapt\u00f3 los espa\u00f1oles intentaron convertir a la poblaci\u00f3n al catolicismo modificando las festividades ind\u00edgenas. Los mexicanos adaptaron sus celebraciones de los muertos para evitar que las consideraran como paganas.<\/p>\n\n\n\n<p>El D\u00eda de los Muertos se ha convertido en una aut\u00e9ntica festividad nacional, donde el dolor, la tristeza y las l\u00e1grimas por los seres queridos que han fallecido y han cruzado al mundo de los muertos se mezclan con la vivacidad, la celebraci\u00f3n y la alegr\u00eda que son caracter\u00edsticas de la cultura mexicana. Esta veneraci\u00f3n a los muertos presenta similitudes con festividades en otros pa\u00edses.<\/p>\n\n\n\n<p>fuente: <a href=\"https:\/\/selecciones.com.mx\/origen-del-dia-de-muertos-y-la-ofrenda\/\">Origen del D\u00eda de Muertos y el significado de la ofrenda (selecciones.com.mx)<\/a><\/p>\n","protected":false},"excerpt":{"rendered":"<p>Difusi\u00f3n Cultural &#8211; UNINTER Las ofrendas tienen su origen en la \u00e9poca prehisp\u00e1nica, ya que los antiguos consideraban la muerte como una celebraci\u00f3n de la vida. Un rito de gran importancia que involucraba numerosos elementos m\u00edsticos que han perdurado. En el conjunto de rituales, dos festividades diferentes exist\u00edan: la festividad peque\u00f1a y la festividad grande.&hellip;<\/p>\n","protected":false},"author":24,"featured_media":9828,"comment_status":"open","ping_status":"open","sticky":false,"template":"","format":"standard","meta":{"_jetpack_memberships_contains_paid_content":false,"footnotes":"","jetpack_publicize_message":"","jetpack_publicize_feature_enabled":true,"jetpack_social_post_already_shared":true,"jetpack_social_options":{"image_generator_settings":{"template":"highway","default_image_id":0,"font":"","enabled":false},"version":2}},"categories":[1],"tags":[113],"class_list":["post-9826","post","type-post","status-publish","format-standard","has-post-thumbnail","hentry","category-sin-categoria","tag-difusion-cultural"],"yoast_head":"<!-- This site is optimized with the Yoast SEO plugin v26.3 - https:\/\/yoast.com\/wordpress\/plugins\/seo\/ -->\r\n<title>\u00bfCual es el origen de la ofrenda del d\u00eda de muertos? -<\/title>\r\n<meta name=\"description\" content=\"Las ofrendas tienen su origen en la \u00e9poca prehisp\u00e1nica, ya que los antiguos consideraban la muerte como una celebraci\u00f3n de la vida.\" \/>\r\n<meta name=\"robots\" content=\"index, follow, max-snippet:-1, max-image-preview:large, max-video-preview:-1\" \/>\r\n<link rel=\"canonical\" href=\"https:\/\/blogs.uninter.edu.mx\/difusioncultural\/?p=9826\" \/>\r\n<meta property=\"og:locale\" content=\"es_MX\" \/>\r\n<meta property=\"og:type\" content=\"article\" \/>\r\n<meta property=\"og:title\" content=\"\u00bfCual es el origen de la ofrenda del d\u00eda de muertos?- Difunsi\u00f3n cultural\" \/>\r\n<meta property=\"og:description\" content=\"Las ofrendas tienen su origen en la \u00e9poca prehisp\u00e1nica, ya que los antiguos consideraban la muerte como una celebraci\u00f3n de la vida.\" \/>\r\n<meta property=\"og:url\" content=\"https:\/\/blogs.uninter.edu.mx\/difusioncultural\/?p=9826\" \/>\r\n<meta property=\"og:site_name\" content=\"Difusi\u00f3n Cultural\" \/>\r\n<meta property=\"article:published_time\" content=\"2023-11-02T04:03:53+00:00\" \/>\r\n<meta property=\"article:modified_time\" content=\"2023-11-02T04:04:01+00:00\" \/>\r\n<meta property=\"og:image\" content=\"https:\/\/blogs.uninter.edu.mx\/difusioncultural\/wp-content\/uploads\/2023\/11\/image-1.png\" \/>\r\n\t<meta property=\"og:image:width\" content=\"700\" \/>\r\n\t<meta property=\"og:image:height\" content=\"394\" \/>\r\n\t<meta property=\"og:image:type\" content=\"image\/png\" \/>\r\n<meta name=\"author\" content=\"Aslhey Alejandra Gonz\u00e1lez Castro\" \/>\r\n<meta name=\"twitter:card\" content=\"summary_large_image\" \/>\r\n<meta name=\"twitter:label1\" content=\"Escrito por\" \/>\n\t<meta name=\"twitter:data1\" content=\"Aslhey Alejandra Gonz\u00e1lez Castro\" \/>\n\t<meta name=\"twitter:label2\" content=\"Tiempo de lectura\" \/>\n\t<meta name=\"twitter:data2\" content=\"2 minutos\" \/>\r\n<script type=\"application\/ld+json\" class=\"yoast-schema-graph\">{\"@context\":\"https:\/\/schema.org\",\"@graph\":[{\"@type\":\"Article\",\"@id\":\"https:\/\/blogs.uninter.edu.mx\/difusioncultural\/?p=9826#article\",\"isPartOf\":{\"@id\":\"https:\/\/blogs.uninter.edu.mx\/difusioncultural\/?p=9826\"},\"author\":{\"name\":\"Aslhey Alejandra Gonz\u00e1lez Castro\",\"@id\":\"https:\/\/blogs.uninter.edu.mx\/difusioncultural\/#\/schema\/person\/c710e37686022500827405824a08a18c\"},\"headline\":\"\u00bfCual es el origen de la ofrenda del d\u00eda de muertos?\",\"datePublished\":\"2023-11-02T04:03:53+00:00\",\"dateModified\":\"2023-11-02T04:04:01+00:00\",\"mainEntityOfPage\":{\"@id\":\"https:\/\/blogs.uninter.edu.mx\/difusioncultural\/?p=9826\"},\"wordCount\":426,\"commentCount\":0,\"publisher\":{\"@id\":\"https:\/\/blogs.uninter.edu.mx\/difusioncultural\/#organization\"},\"image\":{\"@id\":\"https:\/\/blogs.uninter.edu.mx\/difusioncultural\/?p=9826#primaryimage\"},\"thumbnailUrl\":\"https:\/\/blogs.uninter.edu.mx\/difusioncultural\/wp-content\/uploads\/2023\/11\/image-1.png\",\"keywords\":[\"difusi\u00f3n cultural\"],\"inLanguage\":\"es\",\"potentialAction\":[{\"@type\":\"CommentAction\",\"name\":\"Comment\",\"target\":[\"https:\/\/blogs.uninter.edu.mx\/difusioncultural\/?p=9826#respond\"]}]},{\"@type\":\"WebPage\",\"@id\":\"https:\/\/blogs.uninter.edu.mx\/difusioncultural\/?p=9826\",\"url\":\"https:\/\/blogs.uninter.edu.mx\/difusioncultural\/?p=9826\",\"name\":\"\u00bfCual es el origen de la ofrenda del d\u00eda de muertos? -\",\"isPartOf\":{\"@id\":\"https:\/\/blogs.uninter.edu.mx\/difusioncultural\/#website\"},\"primaryImageOfPage\":{\"@id\":\"https:\/\/blogs.uninter.edu.mx\/difusioncultural\/?p=9826#primaryimage\"},\"image\":{\"@id\":\"https:\/\/blogs.uninter.edu.mx\/difusioncultural\/?p=9826#primaryimage\"},\"thumbnailUrl\":\"https:\/\/blogs.uninter.edu.mx\/difusioncultural\/wp-content\/uploads\/2023\/11\/image-1.png\",\"datePublished\":\"2023-11-02T04:03:53+00:00\",\"dateModified\":\"2023-11-02T04:04:01+00:00\",\"description\":\"Las ofrendas tienen su origen en la \u00e9poca prehisp\u00e1nica, ya que los antiguos consideraban la muerte como una celebraci\u00f3n de la vida.\",\"breadcrumb\":{\"@id\":\"https:\/\/blogs.uninter.edu.mx\/difusioncultural\/?p=9826#breadcrumb\"},\"inLanguage\":\"es\",\"potentialAction\":[{\"@type\":\"ReadAction\",\"target\":[\"https:\/\/blogs.uninter.edu.mx\/difusioncultural\/?p=9826\"]}]},{\"@type\":\"ImageObject\",\"inLanguage\":\"es\",\"@id\":\"https:\/\/blogs.uninter.edu.mx\/difusioncultural\/?p=9826#primaryimage\",\"url\":\"https:\/\/blogs.uninter.edu.mx\/difusioncultural\/wp-content\/uploads\/2023\/11\/image-1.png\",\"contentUrl\":\"https:\/\/blogs.uninter.edu.mx\/difusioncultural\/wp-content\/uploads\/2023\/11\/image-1.png\",\"width\":1280,\"height\":720},{\"@type\":\"BreadcrumbList\",\"@id\":\"https:\/\/blogs.uninter.edu.mx\/difusioncultural\/?p=9826#breadcrumb\",\"itemListElement\":[{\"@type\":\"ListItem\",\"position\":1,\"name\":\"Inicio\",\"item\":\"https:\/\/blogs.uninter.edu.mx\/difusioncultural\/\"},{\"@type\":\"ListItem\",\"position\":2,\"name\":\"\u00bfCual es el origen de la ofrenda del d\u00eda de muertos?\"}]},{\"@type\":\"WebSite\",\"@id\":\"https:\/\/blogs.uninter.edu.mx\/difusioncultural\/#website\",\"url\":\"https:\/\/blogs.uninter.edu.mx\/difusioncultural\/\",\"name\":\"Difusi\u00f3n Cultural\",\"description\":\"UNINTER\",\"publisher\":{\"@id\":\"https:\/\/blogs.uninter.edu.mx\/difusioncultural\/#organization\"},\"potentialAction\":[{\"@type\":\"SearchAction\",\"target\":{\"@type\":\"EntryPoint\",\"urlTemplate\":\"https:\/\/blogs.uninter.edu.mx\/difusioncultural\/?s={search_term_string}\"},\"query-input\":{\"@type\":\"PropertyValueSpecification\",\"valueRequired\":true,\"valueName\":\"search_term_string\"}}],\"inLanguage\":\"es\"},{\"@type\":\"Organization\",\"@id\":\"https:\/\/blogs.uninter.edu.mx\/difusioncultural\/#organization\",\"name\":\"Difusi\u00f3n Cultural\",\"url\":\"https:\/\/blogs.uninter.edu.mx\/difusioncultural\/\",\"logo\":{\"@type\":\"ImageObject\",\"inLanguage\":\"es\",\"@id\":\"https:\/\/blogs.uninter.edu.mx\/difusioncultural\/#\/schema\/logo\/image\/\",\"url\":\"https:\/\/blogs.uninter.edu.mx\/difusioncultural\/wp-content\/uploads\/2022\/09\/uninter.jpg\",\"contentUrl\":\"https:\/\/blogs.uninter.edu.mx\/difusioncultural\/wp-content\/uploads\/2022\/09\/uninter.jpg\",\"width\":2048,\"height\":2048,\"caption\":\"Difusi\u00f3n Cultural\"},\"image\":{\"@id\":\"https:\/\/blogs.uninter.edu.mx\/difusioncultural\/#\/schema\/logo\/image\/\"}},{\"@type\":\"Person\",\"@id\":\"https:\/\/blogs.uninter.edu.mx\/difusioncultural\/#\/schema\/person\/c710e37686022500827405824a08a18c\",\"name\":\"Aslhey Alejandra Gonz\u00e1lez Castro\",\"image\":{\"@type\":\"ImageObject\",\"inLanguage\":\"es\",\"@id\":\"https:\/\/blogs.uninter.edu.mx\/difusioncultural\/#\/schema\/person\/image\/\",\"url\":\"https:\/\/secure.gravatar.com\/avatar\/1905d6ed47b47ccbfb53e4b64f72f2017309e25d96ef418088d4f998ecf6552e?s=96&d=mm&r=g\",\"contentUrl\":\"https:\/\/secure.gravatar.com\/avatar\/1905d6ed47b47ccbfb53e4b64f72f2017309e25d96ef418088d4f998ecf6552e?s=96&d=mm&r=g\",\"caption\":\"Aslhey Alejandra Gonz\u00e1lez Castro\"},\"url\":\"https:\/\/blogs.uninter.edu.mx\/difusioncultural\/?author=24\"}]}<\/script>\r\n<!-- \/ Yoast SEO plugin. -->","yoast_head_json":{"title":"\u00bfCual es el origen de la ofrenda del d\u00eda de muertos? -","description":"Las ofrendas tienen su origen en la \u00e9poca prehisp\u00e1nica, ya que los antiguos consideraban la muerte como una celebraci\u00f3n de la vida.","robots":{"index":"index","follow":"follow","max-snippet":"max-snippet:-1","max-image-preview":"max-image-preview:large","max-video-preview":"max-video-preview:-1"},"canonical":"https:\/\/blogs.uninter.edu.mx\/difusioncultural\/?p=9826","og_locale":"es_MX","og_type":"article","og_title":"\u00bfCual es el origen de la ofrenda del d\u00eda de muertos?- Difunsi\u00f3n cultural","og_description":"Las ofrendas tienen su origen en la \u00e9poca prehisp\u00e1nica, ya que los antiguos consideraban la muerte como una celebraci\u00f3n de la vida.","og_url":"https:\/\/blogs.uninter.edu.mx\/difusioncultural\/?p=9826","og_site_name":"Difusi\u00f3n Cultural","article_published_time":"2023-11-02T04:03:53+00:00","article_modified_time":"2023-11-02T04:04:01+00:00","og_image":[{"url":"https:\/\/blogs.uninter.edu.mx\/difusioncultural\/wp-content\/uploads\/2023\/11\/image-1.png","width":700,"height":394,"type":"image\/png"}],"author":"Aslhey Alejandra Gonz\u00e1lez Castro","twitter_card":"summary_large_image","twitter_misc":{"Escrito por":"Aslhey Alejandra Gonz\u00e1lez Castro","Tiempo de lectura":"2 minutos"},"schema":{"@context":"https:\/\/schema.org","@graph":[{"@type":"Article","@id":"https:\/\/blogs.uninter.edu.mx\/difusioncultural\/?p=9826#article","isPartOf":{"@id":"https:\/\/blogs.uninter.edu.mx\/difusioncultural\/?p=9826"},"author":{"name":"Aslhey Alejandra Gonz\u00e1lez Castro","@id":"https:\/\/blogs.uninter.edu.mx\/difusioncultural\/#\/schema\/person\/c710e37686022500827405824a08a18c"},"headline":"\u00bfCual es el origen de la ofrenda del d\u00eda de muertos?","datePublished":"2023-11-02T04:03:53+00:00","dateModified":"2023-11-02T04:04:01+00:00","mainEntityOfPage":{"@id":"https:\/\/blogs.uninter.edu.mx\/difusioncultural\/?p=9826"},"wordCount":426,"commentCount":0,"publisher":{"@id":"https:\/\/blogs.uninter.edu.mx\/difusioncultural\/#organization"},"image":{"@id":"https:\/\/blogs.uninter.edu.mx\/difusioncultural\/?p=9826#primaryimage"},"thumbnailUrl":"https:\/\/blogs.uninter.edu.mx\/difusioncultural\/wp-content\/uploads\/2023\/11\/image-1.png","keywords":["difusi\u00f3n cultural"],"inLanguage":"es","potentialAction":[{"@type":"CommentAction","name":"Comment","target":["https:\/\/blogs.uninter.edu.mx\/difusioncultural\/?p=9826#respond"]}]},{"@type":"WebPage","@id":"https:\/\/blogs.uninter.edu.mx\/difusioncultural\/?p=9826","url":"https:\/\/blogs.uninter.edu.mx\/difusioncultural\/?p=9826","name":"\u00bfCual es el origen de la ofrenda del d\u00eda de muertos? -","isPartOf":{"@id":"https:\/\/blogs.uninter.edu.mx\/difusioncultural\/#website"},"primaryImageOfPage":{"@id":"https:\/\/blogs.uninter.edu.mx\/difusioncultural\/?p=9826#primaryimage"},"image":{"@id":"https:\/\/blogs.uninter.edu.mx\/difusioncultural\/?p=9826#primaryimage"},"thumbnailUrl":"https:\/\/blogs.uninter.edu.mx\/difusioncultural\/wp-content\/uploads\/2023\/11\/image-1.png","datePublished":"2023-11-02T04:03:53+00:00","dateModified":"2023-11-02T04:04:01+00:00","description":"Las ofrendas tienen su origen en la \u00e9poca prehisp\u00e1nica, ya que los antiguos consideraban la muerte como una celebraci\u00f3n de la vida.","breadcrumb":{"@id":"https:\/\/blogs.uninter.edu.mx\/difusioncultural\/?p=9826#breadcrumb"},"inLanguage":"es","potentialAction":[{"@type":"ReadAction","target":["https:\/\/blogs.uninter.edu.mx\/difusioncultural\/?p=9826"]}]},{"@type":"ImageObject","inLanguage":"es","@id":"https:\/\/blogs.uninter.edu.mx\/difusioncultural\/?p=9826#primaryimage","url":"https:\/\/blogs.uninter.edu.mx\/difusioncultural\/wp-content\/uploads\/2023\/11\/image-1.png","contentUrl":"https:\/\/blogs.uninter.edu.mx\/difusioncultural\/wp-content\/uploads\/2023\/11\/image-1.png","width":1280,"height":720},{"@type":"BreadcrumbList","@id":"https:\/\/blogs.uninter.edu.mx\/difusioncultural\/?p=9826#breadcrumb","itemListElement":[{"@type":"ListItem","position":1,"name":"Inicio","item":"https:\/\/blogs.uninter.edu.mx\/difusioncultural\/"},{"@type":"ListItem","position":2,"name":"\u00bfCual es el origen de la ofrenda del d\u00eda de muertos?"}]},{"@type":"WebSite","@id":"https:\/\/blogs.uninter.edu.mx\/difusioncultural\/#website","url":"https:\/\/blogs.uninter.edu.mx\/difusioncultural\/","name":"Difusi\u00f3n Cultural","description":"UNINTER","publisher":{"@id":"https:\/\/blogs.uninter.edu.mx\/difusioncultural\/#organization"},"potentialAction":[{"@type":"SearchAction","target":{"@type":"EntryPoint","urlTemplate":"https:\/\/blogs.uninter.edu.mx\/difusioncultural\/?s={search_term_string}"},"query-input":{"@type":"PropertyValueSpecification","valueRequired":true,"valueName":"search_term_string"}}],"inLanguage":"es"},{"@type":"Organization","@id":"https:\/\/blogs.uninter.edu.mx\/difusioncultural\/#organization","name":"Difusi\u00f3n Cultural","url":"https:\/\/blogs.uninter.edu.mx\/difusioncultural\/","logo":{"@type":"ImageObject","inLanguage":"es","@id":"https:\/\/blogs.uninter.edu.mx\/difusioncultural\/#\/schema\/logo\/image\/","url":"https:\/\/blogs.uninter.edu.mx\/difusioncultural\/wp-content\/uploads\/2022\/09\/uninter.jpg","contentUrl":"https:\/\/blogs.uninter.edu.mx\/difusioncultural\/wp-content\/uploads\/2022\/09\/uninter.jpg","width":2048,"height":2048,"caption":"Difusi\u00f3n Cultural"},"image":{"@id":"https:\/\/blogs.uninter.edu.mx\/difusioncultural\/#\/schema\/logo\/image\/"}},{"@type":"Person","@id":"https:\/\/blogs.uninter.edu.mx\/difusioncultural\/#\/schema\/person\/c710e37686022500827405824a08a18c","name":"Aslhey Alejandra Gonz\u00e1lez Castro","image":{"@type":"ImageObject","inLanguage":"es","@id":"https:\/\/blogs.uninter.edu.mx\/difusioncultural\/#\/schema\/person\/image\/","url":"https:\/\/secure.gravatar.com\/avatar\/1905d6ed47b47ccbfb53e4b64f72f2017309e25d96ef418088d4f998ecf6552e?s=96&d=mm&r=g","contentUrl":"https:\/\/secure.gravatar.com\/avatar\/1905d6ed47b47ccbfb53e4b64f72f2017309e25d96ef418088d4f998ecf6552e?s=96&d=mm&r=g","caption":"Aslhey Alejandra Gonz\u00e1lez Castro"},"url":"https:\/\/blogs.uninter.edu.mx\/difusioncultural\/?author=24"}]}},"jetpack_publicize_connections":[],"jetpack_featured_media_url":"https:\/\/blogs.uninter.edu.mx\/difusioncultural\/wp-content\/uploads\/2023\/11\/image-1.png","jetpack_sharing_enabled":true,"_links":{"self":[{"href":"https:\/\/blogs.uninter.edu.mx\/difusioncultural\/index.php?rest_route=\/wp\/v2\/posts\/9826","targetHints":{"allow":["GET"]}}],"collection":[{"href":"https:\/\/blogs.uninter.edu.mx\/difusioncultural\/index.php?rest_route=\/wp\/v2\/posts"}],"about":[{"href":"https:\/\/blogs.uninter.edu.mx\/difusioncultural\/index.php?rest_route=\/wp\/v2\/types\/post"}],"author":[{"embeddable":true,"href":"https:\/\/blogs.uninter.edu.mx\/difusioncultural\/index.php?rest_route=\/wp\/v2\/users\/24"}],"replies":[{"embeddable":true,"href":"https:\/\/blogs.uninter.edu.mx\/difusioncultural\/index.php?rest_route=%2Fwp%2Fv2%2Fcomments&post=9826"}],"version-history":[{"count":1,"href":"https:\/\/blogs.uninter.edu.mx\/difusioncultural\/index.php?rest_route=\/wp\/v2\/posts\/9826\/revisions"}],"predecessor-version":[{"id":9829,"href":"https:\/\/blogs.uninter.edu.mx\/difusioncultural\/index.php?rest_route=\/wp\/v2\/posts\/9826\/revisions\/9829"}],"wp:featuredmedia":[{"embeddable":true,"href":"https:\/\/blogs.uninter.edu.mx\/difusioncultural\/index.php?rest_route=\/wp\/v2\/media\/9828"}],"wp:attachment":[{"href":"https:\/\/blogs.uninter.edu.mx\/difusioncultural\/index.php?rest_route=%2Fwp%2Fv2%2Fmedia&parent=9826"}],"wp:term":[{"taxonomy":"category","embeddable":true,"href":"https:\/\/blogs.uninter.edu.mx\/difusioncultural\/index.php?rest_route=%2Fwp%2Fv2%2Fcategories&post=9826"},{"taxonomy":"post_tag","embeddable":true,"href":"https:\/\/blogs.uninter.edu.mx\/difusioncultural\/index.php?rest_route=%2Fwp%2Fv2%2Ftags&post=9826"}],"curies":[{"name":"wp","href":"https:\/\/api.w.org\/{rel}","templated":true}]}}