{"id":10626,"date":"2024-10-08T16:42:00","date_gmt":"2024-10-08T16:42:00","guid":{"rendered":"https:\/\/blogs.uninter.edu.mx\/ehli\/?p=10626"},"modified":"2024-10-08T22:26:21","modified_gmt":"2024-10-08T22:26:21","slug":"teoria-de-la-espiral-del-silencio-historia-elementos-y-ejemplos","status":"publish","type":"post","link":"https:\/\/blogs.uninter.edu.mx\/ehli\/index.php\/2024\/10\/08\/teoria-de-la-espiral-del-silencio-historia-elementos-y-ejemplos\/","title":{"rendered":"Teor\u00eda de la Espiral del Silencio: Historia, elementos y ejemplos"},"content":{"rendered":"\n<p>\u00bfQu\u00e9 es la teor\u00eda de la espiral del silencio?<\/p>\n\n\n\n<figure class=\"wp-block-gallery has-nested-images columns-default is-cropped wp-block-gallery-1 is-layout-flex wp-block-gallery-is-layout-flex\">\n<figure class=\"wp-block-image size-large\"><img loading=\"lazy\" decoding=\"async\" width=\"1200\" height=\"630\" data-id=\"10627\" src=\"https:\/\/blogs.uninter.edu.mx\/ehli\/wp-content\/uploads\/2024\/10\/espiral-silencio-social.jpg\" alt=\"\" class=\"wp-image-10627\"\/><\/figure>\n<\/figure>\n\n\n\n<p><\/p>\n\n\n\n<p>La&nbsp;<strong>teor\u00eda de la espiral del silencio<\/strong>&nbsp;de&nbsp;<a href=\"https:\/\/estudyando.com\/teoria-de-la-espiral-del-silencio-historia-elementos-y-ejemplos\/#\">&nbsp;la comunicaci\u00f3n<\/a>&nbsp;social fue propuesta por&nbsp;<strong>Elisabeth Noelle-Neumann<\/strong>, investigadora alemana de la&nbsp;<a href=\"https:\/\/estudyando.com\/teoria-de-la-espiral-del-silencio-historia-elementos-y-ejemplos\/#\">&nbsp;comunicaci\u00f3n<\/a>. A partir de la d\u00e9cada de 1960, Noelle-Neumann examin\u00f3 la disposici\u00f3n de los individuos a expresar sus opiniones personales y c\u00f3mo las personas moderaban la expresi\u00f3n de sus puntos de vista bas\u00e1ndose en el lenguaje corporal y la retroalimentaci\u00f3n verbal recibida de otros miembros de sus grupos sociales. Descubri\u00f3 que la expresi\u00f3n de opiniones percibidas como populares o impopulares se ve\u00eda alentada o inhibida por la forma en que reaccionaban sus compa\u00f1eros.<\/p>\n\n\n\n<p>Si bien la espiral de silencio que rodea la expresi\u00f3n de las opiniones de un individuo afecta la disposici\u00f3n de esa persona a hablar, tambi\u00e9n afecta al grupo en su conjunto, que adapta su comunicaci\u00f3n para reflejar la opini\u00f3n de la mayor\u00eda. Esto fomenta la cohesi\u00f3n entre los miembros del grupo pero tambi\u00e9n impide que se compartan puntos de vista alternativos.<\/p>\n\n\n\n<h2 class=\"wp-block-heading\" id=\"section---HistoryOfTheSpiralOfSilenceTheory\">Historia de la teor\u00eda de la espiral del silencio<\/h2>\n\n\n\n<p>La teor\u00eda de Noelle-Neumann sobre la espiral del silencio se origin\u00f3 a partir de datos de encuestas recopilados durante las campa\u00f1as electorales federales alemanas en 1965. Noelle-Neumann y los investigadores del Instituto Allensbach para la Investigaci\u00f3n de la Opini\u00f3n P\u00fablica encuestaron a los votantes para predecir si el partido Uni\u00f3n Dem\u00f3crata Cristiana-Uni\u00f3n Social Cristiana o el Partido Socialdem\u00f3crata ganar\u00eda las pr\u00f3ximas elecciones. A lo largo de la campa\u00f1a, las cifras de las encuestas se mantuvieron constantes y ninguno de los partidos pol\u00edticos obtuvo mejores resultados. Sin embargo, en las \u00faltimas semanas de la campa\u00f1a, la reina Isabel II de Inglaterra visit\u00f3 Alemania, acompa\u00f1ada por el canciller de la Uni\u00f3n Dem\u00f3crata Cristiana, Ludwig Erhard. Los investigadores cre\u00edan que debido a que los votantes percibieron la visita de la reina Isabel como un respaldo, se disuadi\u00f3 a los miembros del opositor Partido Socialdem\u00f3crata de expresar sus puntos de vista. El aislamiento social que sent\u00edan llev\u00f3 a la victoria del otro partido en las elecciones.<\/p>\n\n\n\n<h3 class=\"wp-block-heading\" id=\"section---SignificanceOfSpiralOfSilence\">Importancia de la espiral del silencio<\/h3>\n\n\n\n<p>En el siglo XXI, existe una gama m\u00e1s amplia de influencia social sobre el individuo que en cualquier otro momento de la historia de la humanidad. El consumo de medios impresos y audiovisuales y de las redes sociales permite a las personas unirse a grandes grupos sociales que respaldan y amplifican sus opiniones personales. Si bien el capital social se obtiene hablando en voz alta sobre temas controvertidos, tambi\u00e9n existe la capacidad de monetizar las propias opiniones, capitalizando as\u00ed los recursos financieros de un individuo y de un grupo social, lo que fomenta la pertenencia a un grupo en particular.<\/p>\n\n\n\n<p>Los \u00e1mbitos en los que puede ocurrir la espiral del silencio incluyen:<\/p>\n\n\n\n<ul class=\"wp-block-list\">\n<li>YouTube<\/li>\n\n\n\n<li>Facebook<\/li>\n\n\n\n<li>Instagram<\/li>\n\n\n\n<li>Reddit<\/li>\n\n\n\n<li>Grupos de redes sociales pol\u00edticamente partidistas, como Parler y Gettr.<\/li>\n<\/ul>\n\n\n\n<p>Cuando los l\u00edderes abiertos de grupos como partidos pol\u00edticos y organizaciones laborales unen a sus miembros a trav\u00e9s de su ret\u00f3rica, obtienen apoyo monetario a trav\u00e9s de donaciones para la campa\u00f1a de su partido y trabajo voluntario para difundir su mensaje. Los miembros del partido que no apoyan las opiniones de la mayor\u00eda son silenciados por el miedo a no ser aceptados por sus pares dentro del grupo. Quienes tienen opiniones minoritarias suelen ser avergonzados, ridiculizados o atacados por la mayor\u00eda y, por tanto, obligados a guardar silencio.<\/p>\n\n\n\n<p>Pertenecer a una comunidad basada en una plataforma de redes sociales refuerza la espiral de silencio cuando los \u201camigos\u201d expresan opiniones. Aquellos que tienen opiniones diferentes, o expresan puntos de vista diferentes a los de la mayor\u00eda, a menudo se sienten atacados por comentarios desaprobadores o amenazantes de otros miembros de su grupo. De esta manera, los individuos aprenden a no expresar opiniones que no est\u00e9n alineadas con la opini\u00f3n de la mayor\u00eda.<\/p>\n\n\n\n<p>La espiral del silencio suele desencadenarse por cuestiones muy controvertidas, como por ejemplo:<\/p>\n\n\n\n<ul class=\"wp-block-list\">\n<li>Opiniones pol\u00edticas conservadoras o liberales<\/li>\n\n\n\n<li>Problemas de inmigraci\u00f3n<\/li>\n\n\n\n<li>Programas sociales, como asistencia alimentaria y cobertura m\u00e9dica.<\/li>\n\n\n\n<li>G\u00e9nero y sexualidad, como orientaci\u00f3n sexual, reasignaci\u00f3n de g\u00e9nero y matrimonio entre personas del mismo sexo.<\/li>\n\n\n\n<li>Cuestiones medioambientales, como la protecci\u00f3n de especies en peligro de extinci\u00f3n y el cambio clim\u00e1tico.<\/li>\n\n\n\n<li>Censura de opiniones contrarias y prohibici\u00f3n de libros.<\/li>\n<\/ul>\n\n\n\n<h2 class=\"wp-block-heading\" id=\"section---ElementsOfTheSpiralOfSilenceTheory\">Elementos de la teor\u00eda de la espiral del silencio<\/h2>\n\n\n\n<p>La teor\u00eda de la espiral del silencio puede entenderse examinando los elementos psicol\u00f3gicos y sociol\u00f3gicos que entran en juego, entre ellos:<\/p>\n\n\n\n<ul class=\"wp-block-list\">\n<li>La mayor\u00eda de las personas tienen miedo al&nbsp;<strong>aislamiento social<\/strong>, a ser excluidas de su grupo social por la desaprobaci\u00f3n de sus pares.<\/li>\n\n\n\n<li>Para ser aceptado por sus pares, las personas&nbsp;<strong>observan<\/strong>&nbsp;el comportamiento de quienes los rodean, observando el lenguaje corporal de los miembros de su grupo de pares para ver si sonr\u00eden o fruncen el ce\u00f1o, se dan la vuelta o se abren en su expresi\u00f3n f\u00edsica.<\/li>\n\n\n\n<li>Luego, las personas&nbsp;<strong>alinean<\/strong>&nbsp;sus acciones y opiniones para encajar, reflejando su grupo social.<\/li>\n\n\n\n<li>Quienes tienen opiniones personales contrarias a las de su grupo social tienden a ocultarlas por temor a la desaprobaci\u00f3n.<\/li>\n\n\n\n<li>Las personas que sienten apoyo p\u00fablico expresan sus opiniones sin temor a ser condenadas al ostracismo.<\/li>\n\n\n\n<li>La espiral de silencio suele ser el resultado de cuestiones emocionales o morales de gran peso.<\/li>\n\n\n\n<li>Cuando todo el grupo est\u00e1 de acuerdo en un tema, la espiral del silencio no suele entrar en juego.<\/li>\n<\/ul>\n\n\n\n<p>La teor\u00eda de Elisabeth Noelle-Neumann se basa en la observaci\u00f3n de que la mayor\u00eda de las personas necesitan pertenecer a un grupo social para sentirse validadas y aceptadas. Alinear\u00e1n sus opiniones con las de la mayor\u00eda para \u201cpertenecer\u201d. Las personas que expresan opiniones contrarias a las de la mayor\u00eda de su grupo social experimentan una presi\u00f3n de aislamiento, que afecta su sentido de pertenencia.<\/p>\n\n\n\n<h2 class=\"wp-block-heading\" id=\"section---SpiralOfSilenceTheoryExamples\">Ejemplos de teor\u00eda de la espiral del silencio<\/h2>\n\n\n\n<p>Cuando los miembros de un grupo de redes sociales publican una opini\u00f3n o comparten un enlace, son validados por la cantidad de \u201cme gusta\u201d y \u201ccompartidos\u201d que pueden obtener de sus pares. Al publicar opiniones favorecidas por la mayor\u00eda de su grupo, ganan credibilidad y aceptaci\u00f3n y se sienten empoderados para continuar compartiendo sus opiniones. Cuando otros en su grupo de pares lo desaprueban comentando negativamente, discutiendo o amenazando, la persona aprende a permanecer en silencio o a alejarse de ese grupo y buscar otro al que pertenece.<\/p>\n\n\n\n<p>Un ejemplo de la espiral de silencio en una plataforma de redes sociales puede ser el de un grupo de madres. Un miembro del grupo comparte un art\u00edculo que expresa la opini\u00f3n de que la lactancia materna no siempre es la mejor opci\u00f3n para las madres trabajadoras porque ese miembro del grupo no puede amamantar. Otros en el grupo son vehementes en sus creencias de que los beb\u00e9s siempre son m\u00e1s saludables cuando son amamantados, y el miembro que public\u00f3 el art\u00edculo puede recibir comentarios negativos o emojis de enojo. R\u00e1pidamente aprende a no compartir su opini\u00f3n o abandonar\u00e1 el grupo para buscar aceptaci\u00f3n en otra parte. La espiral de silencio ahoga su opini\u00f3n.<\/p>\n\n\n\n<p>En un grupo pol\u00edtico-social, una persona que comparte las opiniones de la mayor\u00eda encontrar\u00e1 aprobaci\u00f3n y aceptaci\u00f3n. En el entorno pol\u00edtico actual, las opiniones radicales obtienen aprobaci\u00f3n m\u00e1s r\u00e1pidamente, mientras que las opiniones mesuradas quedan dejadas de lado. La desaprobaci\u00f3n de opiniones que sopesan varios factores o analizan m\u00faltiples puntos de vista refuerza una espiral de silencio que impide que esas opiniones se expresen. De esta manera, un grupo pol\u00edtico-social refuerza la visi\u00f3n mayoritaria sin dejar espacio para expresar otras opiniones si un miembro busca ser aceptado.<\/p>\n\n\n\n<p>En una reuni\u00f3n municipal que aborda la inclusi\u00f3n de ciertos tipos de literatura en la biblioteca p\u00fablica, un grupo puede manifestarse para prohibir los libros. Es posible que no hayan le\u00eddo los libros o no est\u00e9n de acuerdo con las opiniones expresadas en ellos; solo tienen opiniones que se alinean con su grupo social. Como expresan sus opiniones en voz alta, rechazando a gritos sus puntos de vista opuestos, incitan a una espiral de silencio que elimina la oposici\u00f3n. Otros tienen miedo de expresar sus opiniones, temiendo la desaprobaci\u00f3n de sus vecinos y amigos, y abandonan la reuni\u00f3n del ayuntamiento sin expresar sus opiniones.<\/p>\n\n\n\n<figure class=\"wp-block-embed is-type-video is-provider-youtube wp-block-embed-youtube wp-embed-aspect-16-9 wp-has-aspect-ratio\"><div class=\"wp-block-embed__wrapper\">\n<iframe loading=\"lazy\" title=\"El Espiral del silencio y el peligro de la opini\u00f3n p\u00fablica.\" width=\"700\" height=\"394\" src=\"https:\/\/www.youtube.com\/embed\/RZVS_1GpZ4U?feature=oembed\" frameborder=\"0\" allow=\"accelerometer; autoplay; clipboard-write; encrypted-media; gyroscope; picture-in-picture; web-share\" referrerpolicy=\"strict-origin-when-cross-origin\" allowfullscreen><\/iframe>\n<\/div><\/figure>\n\n\n\n<p>FUENTE: <a href=\"https:\/\/estudyando.com\/\">Estudyando | Siempre se puede ser mejor<\/a><\/p>\n","protected":false},"excerpt":{"rendered":"<p>La\u00a0teor\u00eda de la espiral del silencio\u00a0de\u00a0\u00a0la comunicaci\u00f3n\u00a0social fue propuesta por\u00a0Elisabeth Noelle-Neumann, investigadora alemana de la\u00a0\u00a0comunicaci\u00f3n. A partir de la d\u00e9cada de 1960, Noelle-Neumann examin\u00f3 la disposici\u00f3n de los individuos a expresar sus opiniones personales y c\u00f3mo las personas moderaban la expresi\u00f3n de sus puntos de vista bas\u00e1ndose en el lenguaje corporal y la retroalimentaci\u00f3n verbal recibida de otros miembros de sus grupos sociales. Descubri\u00f3 que la expresi\u00f3n de opiniones percibidas como populares o impopulares se ve\u00eda alentada o inhibida por la forma en que reaccionaban sus compa\u00f1eros.<\/p>\n","protected":false},"author":28,"featured_media":10627,"comment_status":"open","ping_status":"open","sticky":true,"template":"","format":"standard","meta":{"rop_custom_images_group":[],"rop_custom_messages_group":[],"rop_publish_now":"initial","rop_publish_now_accounts":[],"rop_publish_now_history":[],"rop_publish_now_status":"pending","footnotes":""},"categories":[312,3,110,4,111],"tags":[60],"class_list":["post-10626","post","type-post","status-publish","format-standard","has-post-thumbnail","hentry","category-comunicacion","category-lco","category-lic-en-comunicacion","category-corp","category-lic-en-comunicacion-y-relaciones-publicas","tag-ehli"],"yoast_head":"<!-- This site is optimized with the Yoast SEO plugin v27.4 - https:\/\/yoast.com\/product\/yoast-seo-wordpress\/ -->\r\n<title>Teor\u00eda de la Espiral del Silencio: Historia, elementos y ejemplos - EHLI<\/title>\r\n<meta name=\"description\" content=\"En el siglo XXI, existe una gama m\u00e1s amplia de influencia social sobre el individuo que en cualquier otro momento de la historia de la humanidad. El consumo de medios impresos y audiovisuales y de las redes sociales permite a las personas unirse a grandes grupos sociales que respaldan y amplifican sus opiniones personales. Si bien el capital social se obtiene hablando en voz alta sobre temas controvertidos, tambi\u00e9n existe la capacidad de monetizar las propias opiniones, capitalizando as\u00ed los recursos financieros de un individuo y de un grupo social, lo que fomenta la pertenencia a un grupo en particular.\" \/>\r\n<meta name=\"robots\" content=\"index, follow, max-snippet:-1, max-image-preview:large, max-video-preview:-1\" \/>\r\n<link rel=\"canonical\" href=\"https:\/\/blogs.uninter.edu.mx\/ehli\/index.php\/2024\/10\/08\/teoria-de-la-espiral-del-silencio-historia-elementos-y-ejemplos\/\" \/>\r\n<meta property=\"og:locale\" content=\"es_MX\" \/>\r\n<meta property=\"og:type\" content=\"article\" \/>\r\n<meta property=\"og:title\" content=\"Teor\u00eda de la Espiral del Silencio: Historia, elementos y ejemplos - EHLI\" \/>\r\n<meta property=\"og:description\" content=\"En el siglo XXI, existe una gama m\u00e1s amplia de influencia social sobre el individuo que en cualquier otro momento de la historia de la humanidad. El consumo de medios impresos y audiovisuales y de las redes sociales permite a las personas unirse a grandes grupos sociales que respaldan y amplifican sus opiniones personales. Si bien el capital social se obtiene hablando en voz alta sobre temas controvertidos, tambi\u00e9n existe la capacidad de monetizar las propias opiniones, capitalizando as\u00ed los recursos financieros de un individuo y de un grupo social, lo que fomenta la pertenencia a un grupo en particular.\" \/>\r\n<meta property=\"og:url\" content=\"https:\/\/blogs.uninter.edu.mx\/ehli\/index.php\/2024\/10\/08\/teoria-de-la-espiral-del-silencio-historia-elementos-y-ejemplos\/\" \/>\r\n<meta property=\"og:site_name\" content=\"EHLI\" \/>\r\n<meta property=\"article:published_time\" content=\"2024-10-08T16:42:00+00:00\" \/>\r\n<meta property=\"article:modified_time\" content=\"2024-10-08T22:26:21+00:00\" \/>\r\n<meta property=\"og:image\" content=\"https:\/\/blogs.uninter.edu.mx\/ehli\/wp-content\/uploads\/2024\/10\/espiral-silencio-social.jpg\" \/>\r\n\t<meta property=\"og:image:width\" content=\"1200\" \/>\r\n\t<meta property=\"og:image:height\" content=\"630\" \/>\r\n\t<meta property=\"og:image:type\" content=\"image\/jpeg\" \/>\r\n<meta name=\"author\" content=\"mocampo\" \/>\r\n<meta name=\"twitter:card\" content=\"summary_large_image\" \/>\r\n<meta name=\"twitter:label1\" content=\"Escrito por\" \/>\n\t<meta name=\"twitter:data1\" content=\"mocampo\" \/>\n\t<meta name=\"twitter:label2\" content=\"Tiempo de lectura\" \/>\n\t<meta name=\"twitter:data2\" content=\"7 minutos\" \/>\r\n<script type=\"application\/ld+json\" class=\"yoast-schema-graph\">{\"@context\":\"https:\\\/\\\/schema.org\",\"@graph\":[{\"@type\":\"Article\",\"@id\":\"https:\\\/\\\/blogs.uninter.edu.mx\\\/ehli\\\/index.php\\\/2024\\\/10\\\/08\\\/teoria-de-la-espiral-del-silencio-historia-elementos-y-ejemplos\\\/#article\",\"isPartOf\":{\"@id\":\"https:\\\/\\\/blogs.uninter.edu.mx\\\/ehli\\\/index.php\\\/2024\\\/10\\\/08\\\/teoria-de-la-espiral-del-silencio-historia-elementos-y-ejemplos\\\/\"},\"author\":{\"name\":\"mocampo\",\"@id\":\"https:\\\/\\\/blogs.uninter.edu.mx\\\/ehli\\\/#\\\/schema\\\/person\\\/f9426d100dd7db1b2a0be67166f80826\"},\"headline\":\"Teor\u00eda de la Espiral del Silencio: Historia, elementos y ejemplos\",\"datePublished\":\"2024-10-08T16:42:00+00:00\",\"dateModified\":\"2024-10-08T22:26:21+00:00\",\"mainEntityOfPage\":{\"@id\":\"https:\\\/\\\/blogs.uninter.edu.mx\\\/ehli\\\/index.php\\\/2024\\\/10\\\/08\\\/teoria-de-la-espiral-del-silencio-historia-elementos-y-ejemplos\\\/\"},\"wordCount\":1506,\"commentCount\":0,\"image\":{\"@id\":\"https:\\\/\\\/blogs.uninter.edu.mx\\\/ehli\\\/index.php\\\/2024\\\/10\\\/08\\\/teoria-de-la-espiral-del-silencio-historia-elementos-y-ejemplos\\\/#primaryimage\"},\"thumbnailUrl\":\"https:\\\/\\\/blogs.uninter.edu.mx\\\/ehli\\\/wp-content\\\/uploads\\\/2024\\\/10\\\/espiral-silencio-social.jpg\",\"keywords\":[\"EHLI\"],\"articleSection\":[\"Comunicaci\u00f3n\",\"Lic. en Comunicaci\u00f3n\",\"Lic. en Comunicaci\u00f3n\",\"Lic. en Comunicaci\u00f3n y Relaciones P\u00fablicas\",\"Lic. en Comunicaci\u00f3n y Relaciones P\u00fablicas\"],\"inLanguage\":\"es\",\"potentialAction\":[{\"@type\":\"CommentAction\",\"name\":\"Comment\",\"target\":[\"https:\\\/\\\/blogs.uninter.edu.mx\\\/ehli\\\/index.php\\\/2024\\\/10\\\/08\\\/teoria-de-la-espiral-del-silencio-historia-elementos-y-ejemplos\\\/#respond\"]}]},{\"@type\":\"WebPage\",\"@id\":\"https:\\\/\\\/blogs.uninter.edu.mx\\\/ehli\\\/index.php\\\/2024\\\/10\\\/08\\\/teoria-de-la-espiral-del-silencio-historia-elementos-y-ejemplos\\\/\",\"url\":\"https:\\\/\\\/blogs.uninter.edu.mx\\\/ehli\\\/index.php\\\/2024\\\/10\\\/08\\\/teoria-de-la-espiral-del-silencio-historia-elementos-y-ejemplos\\\/\",\"name\":\"Teor\u00eda de la Espiral del Silencio: Historia, elementos y ejemplos - EHLI\",\"isPartOf\":{\"@id\":\"https:\\\/\\\/blogs.uninter.edu.mx\\\/ehli\\\/#website\"},\"primaryImageOfPage\":{\"@id\":\"https:\\\/\\\/blogs.uninter.edu.mx\\\/ehli\\\/index.php\\\/2024\\\/10\\\/08\\\/teoria-de-la-espiral-del-silencio-historia-elementos-y-ejemplos\\\/#primaryimage\"},\"image\":{\"@id\":\"https:\\\/\\\/blogs.uninter.edu.mx\\\/ehli\\\/index.php\\\/2024\\\/10\\\/08\\\/teoria-de-la-espiral-del-silencio-historia-elementos-y-ejemplos\\\/#primaryimage\"},\"thumbnailUrl\":\"https:\\\/\\\/blogs.uninter.edu.mx\\\/ehli\\\/wp-content\\\/uploads\\\/2024\\\/10\\\/espiral-silencio-social.jpg\",\"datePublished\":\"2024-10-08T16:42:00+00:00\",\"dateModified\":\"2024-10-08T22:26:21+00:00\",\"author\":{\"@id\":\"https:\\\/\\\/blogs.uninter.edu.mx\\\/ehli\\\/#\\\/schema\\\/person\\\/f9426d100dd7db1b2a0be67166f80826\"},\"description\":\"En el siglo XXI, existe una gama m\u00e1s amplia de influencia social sobre el individuo que en cualquier otro momento de la historia de la humanidad. El consumo de medios impresos y audiovisuales y de las redes sociales permite a las personas unirse a grandes grupos sociales que respaldan y amplifican sus opiniones personales. Si bien el capital social se obtiene hablando en voz alta sobre temas controvertidos, tambi\u00e9n existe la capacidad de monetizar las propias opiniones, capitalizando as\u00ed los recursos financieros de un individuo y de un grupo social, lo que fomenta la pertenencia a un grupo en particular.\",\"breadcrumb\":{\"@id\":\"https:\\\/\\\/blogs.uninter.edu.mx\\\/ehli\\\/index.php\\\/2024\\\/10\\\/08\\\/teoria-de-la-espiral-del-silencio-historia-elementos-y-ejemplos\\\/#breadcrumb\"},\"inLanguage\":\"es\",\"potentialAction\":[{\"@type\":\"ReadAction\",\"target\":[\"https:\\\/\\\/blogs.uninter.edu.mx\\\/ehli\\\/index.php\\\/2024\\\/10\\\/08\\\/teoria-de-la-espiral-del-silencio-historia-elementos-y-ejemplos\\\/\"]}]},{\"@type\":\"ImageObject\",\"inLanguage\":\"es\",\"@id\":\"https:\\\/\\\/blogs.uninter.edu.mx\\\/ehli\\\/index.php\\\/2024\\\/10\\\/08\\\/teoria-de-la-espiral-del-silencio-historia-elementos-y-ejemplos\\\/#primaryimage\",\"url\":\"https:\\\/\\\/blogs.uninter.edu.mx\\\/ehli\\\/wp-content\\\/uploads\\\/2024\\\/10\\\/espiral-silencio-social.jpg\",\"contentUrl\":\"https:\\\/\\\/blogs.uninter.edu.mx\\\/ehli\\\/wp-content\\\/uploads\\\/2024\\\/10\\\/espiral-silencio-social.jpg\",\"width\":1200,\"height\":630},{\"@type\":\"BreadcrumbList\",\"@id\":\"https:\\\/\\\/blogs.uninter.edu.mx\\\/ehli\\\/index.php\\\/2024\\\/10\\\/08\\\/teoria-de-la-espiral-del-silencio-historia-elementos-y-ejemplos\\\/#breadcrumb\",\"itemListElement\":[{\"@type\":\"ListItem\",\"position\":1,\"name\":\"Inicio\",\"item\":\"https:\\\/\\\/blogs.uninter.edu.mx\\\/ehli\\\/\"},{\"@type\":\"ListItem\",\"position\":2,\"name\":\"Teor\u00eda de la Espiral del Silencio: Historia, elementos y ejemplos\"}]},{\"@type\":\"WebSite\",\"@id\":\"https:\\\/\\\/blogs.uninter.edu.mx\\\/ehli\\\/#website\",\"url\":\"https:\\\/\\\/blogs.uninter.edu.mx\\\/ehli\\\/\",\"name\":\"EHLI\",\"description\":\"UNINTER\",\"potentialAction\":[{\"@type\":\"SearchAction\",\"target\":{\"@type\":\"EntryPoint\",\"urlTemplate\":\"https:\\\/\\\/blogs.uninter.edu.mx\\\/ehli\\\/?s={search_term_string}\"},\"query-input\":{\"@type\":\"PropertyValueSpecification\",\"valueRequired\":true,\"valueName\":\"search_term_string\"}}],\"inLanguage\":\"es\"},{\"@type\":\"Person\",\"@id\":\"https:\\\/\\\/blogs.uninter.edu.mx\\\/ehli\\\/#\\\/schema\\\/person\\\/f9426d100dd7db1b2a0be67166f80826\",\"name\":\"mocampo\",\"image\":{\"@type\":\"ImageObject\",\"inLanguage\":\"es\",\"@id\":\"https:\\\/\\\/secure.gravatar.com\\\/avatar\\\/486a87ae86777f2d04f69759eb0a12f435703bd96e4bccfcbe628cd8a4b836c9?s=96&d=mm&r=g\",\"url\":\"https:\\\/\\\/secure.gravatar.com\\\/avatar\\\/486a87ae86777f2d04f69759eb0a12f435703bd96e4bccfcbe628cd8a4b836c9?s=96&d=mm&r=g\",\"contentUrl\":\"https:\\\/\\\/secure.gravatar.com\\\/avatar\\\/486a87ae86777f2d04f69759eb0a12f435703bd96e4bccfcbe628cd8a4b836c9?s=96&d=mm&r=g\",\"caption\":\"mocampo\"},\"url\":\"https:\\\/\\\/blogs.uninter.edu.mx\\\/ehli\\\/index.php\\\/author\\\/mocampo\\\/\"}]}<\/script>\r\n<!-- \/ Yoast SEO plugin. -->","yoast_head_json":{"title":"Teor\u00eda de la Espiral del Silencio: Historia, elementos y ejemplos - EHLI","description":"En el siglo XXI, existe una gama m\u00e1s amplia de influencia social sobre el individuo que en cualquier otro momento de la historia de la humanidad. El consumo de medios impresos y audiovisuales y de las redes sociales permite a las personas unirse a grandes grupos sociales que respaldan y amplifican sus opiniones personales. Si bien el capital social se obtiene hablando en voz alta sobre temas controvertidos, tambi\u00e9n existe la capacidad de monetizar las propias opiniones, capitalizando as\u00ed los recursos financieros de un individuo y de un grupo social, lo que fomenta la pertenencia a un grupo en particular.","robots":{"index":"index","follow":"follow","max-snippet":"max-snippet:-1","max-image-preview":"max-image-preview:large","max-video-preview":"max-video-preview:-1"},"canonical":"https:\/\/blogs.uninter.edu.mx\/ehli\/index.php\/2024\/10\/08\/teoria-de-la-espiral-del-silencio-historia-elementos-y-ejemplos\/","og_locale":"es_MX","og_type":"article","og_title":"Teor\u00eda de la Espiral del Silencio: Historia, elementos y ejemplos - EHLI","og_description":"En el siglo XXI, existe una gama m\u00e1s amplia de influencia social sobre el individuo que en cualquier otro momento de la historia de la humanidad. El consumo de medios impresos y audiovisuales y de las redes sociales permite a las personas unirse a grandes grupos sociales que respaldan y amplifican sus opiniones personales. Si bien el capital social se obtiene hablando en voz alta sobre temas controvertidos, tambi\u00e9n existe la capacidad de monetizar las propias opiniones, capitalizando as\u00ed los recursos financieros de un individuo y de un grupo social, lo que fomenta la pertenencia a un grupo en particular.","og_url":"https:\/\/blogs.uninter.edu.mx\/ehli\/index.php\/2024\/10\/08\/teoria-de-la-espiral-del-silencio-historia-elementos-y-ejemplos\/","og_site_name":"EHLI","article_published_time":"2024-10-08T16:42:00+00:00","article_modified_time":"2024-10-08T22:26:21+00:00","og_image":[{"width":1200,"height":630,"url":"https:\/\/blogs.uninter.edu.mx\/ehli\/wp-content\/uploads\/2024\/10\/espiral-silencio-social.jpg","type":"image\/jpeg"}],"author":"mocampo","twitter_card":"summary_large_image","twitter_misc":{"Escrito por":"mocampo","Tiempo de lectura":"7 minutos"},"schema":{"@context":"https:\/\/schema.org","@graph":[{"@type":"Article","@id":"https:\/\/blogs.uninter.edu.mx\/ehli\/index.php\/2024\/10\/08\/teoria-de-la-espiral-del-silencio-historia-elementos-y-ejemplos\/#article","isPartOf":{"@id":"https:\/\/blogs.uninter.edu.mx\/ehli\/index.php\/2024\/10\/08\/teoria-de-la-espiral-del-silencio-historia-elementos-y-ejemplos\/"},"author":{"name":"mocampo","@id":"https:\/\/blogs.uninter.edu.mx\/ehli\/#\/schema\/person\/f9426d100dd7db1b2a0be67166f80826"},"headline":"Teor\u00eda de la Espiral del Silencio: Historia, elementos y ejemplos","datePublished":"2024-10-08T16:42:00+00:00","dateModified":"2024-10-08T22:26:21+00:00","mainEntityOfPage":{"@id":"https:\/\/blogs.uninter.edu.mx\/ehli\/index.php\/2024\/10\/08\/teoria-de-la-espiral-del-silencio-historia-elementos-y-ejemplos\/"},"wordCount":1506,"commentCount":0,"image":{"@id":"https:\/\/blogs.uninter.edu.mx\/ehli\/index.php\/2024\/10\/08\/teoria-de-la-espiral-del-silencio-historia-elementos-y-ejemplos\/#primaryimage"},"thumbnailUrl":"https:\/\/blogs.uninter.edu.mx\/ehli\/wp-content\/uploads\/2024\/10\/espiral-silencio-social.jpg","keywords":["EHLI"],"articleSection":["Comunicaci\u00f3n","Lic. en Comunicaci\u00f3n","Lic. en Comunicaci\u00f3n","Lic. en Comunicaci\u00f3n y Relaciones P\u00fablicas","Lic. en Comunicaci\u00f3n y Relaciones P\u00fablicas"],"inLanguage":"es","potentialAction":[{"@type":"CommentAction","name":"Comment","target":["https:\/\/blogs.uninter.edu.mx\/ehli\/index.php\/2024\/10\/08\/teoria-de-la-espiral-del-silencio-historia-elementos-y-ejemplos\/#respond"]}]},{"@type":"WebPage","@id":"https:\/\/blogs.uninter.edu.mx\/ehli\/index.php\/2024\/10\/08\/teoria-de-la-espiral-del-silencio-historia-elementos-y-ejemplos\/","url":"https:\/\/blogs.uninter.edu.mx\/ehli\/index.php\/2024\/10\/08\/teoria-de-la-espiral-del-silencio-historia-elementos-y-ejemplos\/","name":"Teor\u00eda de la Espiral del Silencio: Historia, elementos y ejemplos - EHLI","isPartOf":{"@id":"https:\/\/blogs.uninter.edu.mx\/ehli\/#website"},"primaryImageOfPage":{"@id":"https:\/\/blogs.uninter.edu.mx\/ehli\/index.php\/2024\/10\/08\/teoria-de-la-espiral-del-silencio-historia-elementos-y-ejemplos\/#primaryimage"},"image":{"@id":"https:\/\/blogs.uninter.edu.mx\/ehli\/index.php\/2024\/10\/08\/teoria-de-la-espiral-del-silencio-historia-elementos-y-ejemplos\/#primaryimage"},"thumbnailUrl":"https:\/\/blogs.uninter.edu.mx\/ehli\/wp-content\/uploads\/2024\/10\/espiral-silencio-social.jpg","datePublished":"2024-10-08T16:42:00+00:00","dateModified":"2024-10-08T22:26:21+00:00","author":{"@id":"https:\/\/blogs.uninter.edu.mx\/ehli\/#\/schema\/person\/f9426d100dd7db1b2a0be67166f80826"},"description":"En el siglo XXI, existe una gama m\u00e1s amplia de influencia social sobre el individuo que en cualquier otro momento de la historia de la humanidad. El consumo de medios impresos y audiovisuales y de las redes sociales permite a las personas unirse a grandes grupos sociales que respaldan y amplifican sus opiniones personales. Si bien el capital social se obtiene hablando en voz alta sobre temas controvertidos, tambi\u00e9n existe la capacidad de monetizar las propias opiniones, capitalizando as\u00ed los recursos financieros de un individuo y de un grupo social, lo que fomenta la pertenencia a un grupo en particular.","breadcrumb":{"@id":"https:\/\/blogs.uninter.edu.mx\/ehli\/index.php\/2024\/10\/08\/teoria-de-la-espiral-del-silencio-historia-elementos-y-ejemplos\/#breadcrumb"},"inLanguage":"es","potentialAction":[{"@type":"ReadAction","target":["https:\/\/blogs.uninter.edu.mx\/ehli\/index.php\/2024\/10\/08\/teoria-de-la-espiral-del-silencio-historia-elementos-y-ejemplos\/"]}]},{"@type":"ImageObject","inLanguage":"es","@id":"https:\/\/blogs.uninter.edu.mx\/ehli\/index.php\/2024\/10\/08\/teoria-de-la-espiral-del-silencio-historia-elementos-y-ejemplos\/#primaryimage","url":"https:\/\/blogs.uninter.edu.mx\/ehli\/wp-content\/uploads\/2024\/10\/espiral-silencio-social.jpg","contentUrl":"https:\/\/blogs.uninter.edu.mx\/ehli\/wp-content\/uploads\/2024\/10\/espiral-silencio-social.jpg","width":1200,"height":630},{"@type":"BreadcrumbList","@id":"https:\/\/blogs.uninter.edu.mx\/ehli\/index.php\/2024\/10\/08\/teoria-de-la-espiral-del-silencio-historia-elementos-y-ejemplos\/#breadcrumb","itemListElement":[{"@type":"ListItem","position":1,"name":"Inicio","item":"https:\/\/blogs.uninter.edu.mx\/ehli\/"},{"@type":"ListItem","position":2,"name":"Teor\u00eda de la Espiral del Silencio: Historia, elementos y ejemplos"}]},{"@type":"WebSite","@id":"https:\/\/blogs.uninter.edu.mx\/ehli\/#website","url":"https:\/\/blogs.uninter.edu.mx\/ehli\/","name":"EHLI","description":"UNINTER","potentialAction":[{"@type":"SearchAction","target":{"@type":"EntryPoint","urlTemplate":"https:\/\/blogs.uninter.edu.mx\/ehli\/?s={search_term_string}"},"query-input":{"@type":"PropertyValueSpecification","valueRequired":true,"valueName":"search_term_string"}}],"inLanguage":"es"},{"@type":"Person","@id":"https:\/\/blogs.uninter.edu.mx\/ehli\/#\/schema\/person\/f9426d100dd7db1b2a0be67166f80826","name":"mocampo","image":{"@type":"ImageObject","inLanguage":"es","@id":"https:\/\/secure.gravatar.com\/avatar\/486a87ae86777f2d04f69759eb0a12f435703bd96e4bccfcbe628cd8a4b836c9?s=96&d=mm&r=g","url":"https:\/\/secure.gravatar.com\/avatar\/486a87ae86777f2d04f69759eb0a12f435703bd96e4bccfcbe628cd8a4b836c9?s=96&d=mm&r=g","contentUrl":"https:\/\/secure.gravatar.com\/avatar\/486a87ae86777f2d04f69759eb0a12f435703bd96e4bccfcbe628cd8a4b836c9?s=96&d=mm&r=g","caption":"mocampo"},"url":"https:\/\/blogs.uninter.edu.mx\/ehli\/index.php\/author\/mocampo\/"}]}},"jetpack_featured_media_url":"https:\/\/blogs.uninter.edu.mx\/ehli\/wp-content\/uploads\/2024\/10\/espiral-silencio-social.jpg","_links":{"self":[{"href":"https:\/\/blogs.uninter.edu.mx\/ehli\/index.php\/wp-json\/wp\/v2\/posts\/10626","targetHints":{"allow":["GET"]}}],"collection":[{"href":"https:\/\/blogs.uninter.edu.mx\/ehli\/index.php\/wp-json\/wp\/v2\/posts"}],"about":[{"href":"https:\/\/blogs.uninter.edu.mx\/ehli\/index.php\/wp-json\/wp\/v2\/types\/post"}],"author":[{"embeddable":true,"href":"https:\/\/blogs.uninter.edu.mx\/ehli\/index.php\/wp-json\/wp\/v2\/users\/28"}],"replies":[{"embeddable":true,"href":"https:\/\/blogs.uninter.edu.mx\/ehli\/index.php\/wp-json\/wp\/v2\/comments?post=10626"}],"version-history":[{"count":2,"href":"https:\/\/blogs.uninter.edu.mx\/ehli\/index.php\/wp-json\/wp\/v2\/posts\/10626\/revisions"}],"predecessor-version":[{"id":10630,"href":"https:\/\/blogs.uninter.edu.mx\/ehli\/index.php\/wp-json\/wp\/v2\/posts\/10626\/revisions\/10630"}],"wp:featuredmedia":[{"embeddable":true,"href":"https:\/\/blogs.uninter.edu.mx\/ehli\/index.php\/wp-json\/wp\/v2\/media\/10627"}],"wp:attachment":[{"href":"https:\/\/blogs.uninter.edu.mx\/ehli\/index.php\/wp-json\/wp\/v2\/media?parent=10626"}],"wp:term":[{"taxonomy":"category","embeddable":true,"href":"https:\/\/blogs.uninter.edu.mx\/ehli\/index.php\/wp-json\/wp\/v2\/categories?post=10626"},{"taxonomy":"post_tag","embeddable":true,"href":"https:\/\/blogs.uninter.edu.mx\/ehli\/index.php\/wp-json\/wp\/v2\/tags?post=10626"}],"curies":[{"name":"wp","href":"https:\/\/api.w.org\/{rel}","templated":true}]}}