{"id":11373,"date":"2025-11-20T08:00:00","date_gmt":"2025-11-20T08:00:00","guid":{"rendered":"https:\/\/blogs.uninter.edu.mx\/ehli\/?p=11373"},"modified":"2025-06-10T21:43:00","modified_gmt":"2025-06-10T21:43:00","slug":"pourquoi-dit-on-la-langue-de-moliere","status":"publish","type":"post","link":"https:\/\/blogs.uninter.edu.mx\/ehli\/index.php\/2025\/11\/20\/pourquoi-dit-on-la-langue-de-moliere\/","title":{"rendered":"Pourquoi dit-on \u00ab la langue de Moli\u00e8re \u00bb ?"},"content":{"rendered":"\n<h2 class=\"wp-block-heading\">Quand un \u00e9crivain devient l\u2019embl\u00e8me d\u2019une langue.<\/h2>\n\n\n\n<p>Le fran\u00e7ais est souvent surnomm\u00e9 \u00ab la langue de Moli\u00e8re \u00bb, une expression qui intrigue ceux qui apprennent cette langue. Ce surnom rend hommage \u00e0 Jean-Baptiste Poquelin, dit Moli\u00e8re, dramaturge du XVIIe si\u00e8cle, consid\u00e9r\u00e9 comme l\u2019un des plus grands auteurs de la litt\u00e9rature fran\u00e7aise.<\/p>\n\n\n<div class=\"wp-block-image\">\n<figure class=\"alignleft size-full is-resized\"><img loading=\"lazy\" decoding=\"async\" src=\"https:\/\/blogs.uninter.edu.mx\/ehli\/wp-content\/uploads\/2025\/06\/699ca4a61820590378337b97b80948a2.jpg\" alt=\"\" class=\"wp-image-11374\" width=\"263\" height=\"341\"\/><figcaption class=\"wp-element-caption\"><em>Dramaturge du XVIIe si\u00e8cle<\/em><\/figcaption><\/figure>\n<\/div>\n\n\n<p>Moli\u00e8re n\u2019a pas seulement \u00e9crit des com\u00e9dies c\u00e9l\u00e8bres comme Le Misanthrope, Tartuffe ou L\u2019Avare. Il a aussi profond\u00e9ment marqu\u00e9 la langue fran\u00e7aise par son style, son sens de la satire sociale et son art du dialogue. Ses pi\u00e8ces, \u00e9crites dans un fran\u00e7ais clair, rythm\u00e9 et expressif, sont encore jou\u00e9es et \u00e9tudi\u00e9es aujourd\u2019hui.<\/p>\n\n\n\n<p>Son \u0153uvre t\u00e9moigne de la richesse du vocabulaire, de la musicalit\u00e9 du fran\u00e7ais classique et de sa capacit\u00e9 \u00e0 peindre les travers humains avec finesse. Ses personnages, comme Harpagon ou Alceste, sont devenus des arch\u00e9types.<\/p>\n\n\n\n<p>C\u2019est pourquoi Moli\u00e8re est souvent associ\u00e9 \u00e0 la langue fran\u00e7aise comme Shakespeare \u00e0 l\u2019anglais ou Dante \u00e0 l\u2019italien. Dire \u00ab la langue de Moli\u00e8re \u00bb, c\u2019est reconna\u00eetre le r\u00f4le fondamental de la litt\u00e9rature dans la construction d\u2019une langue nationale et culturelle.<\/p>\n\n\n\n<p>Aujourd\u2019hui encore, Moli\u00e8re inspire le th\u00e9\u00e2tre, l\u2019\u00e9ducation et m\u00eame les discours politiques. En faisant vivre la langue sur sc\u00e8ne, il a contribu\u00e9 \u00e0 la fixer, \u00e0 la populariser et \u00e0 la transmettre. La formule \u00ab langue de Moli\u00e8re \u00bb n\u2019est donc pas qu\u2019une expression po\u00e9tique : elle c\u00e9l\u00e8bre un auteur dont les mots r\u00e9sonnent encore quatre si\u00e8cles plus tard.<\/p>\n\n\n\n<p><a href=\"https:\/\/blogs.uninter.edu.mx\/ehli\/\" target=\"_blank\" rel=\"noreferrer noopener\">Blog EHLI<\/a><\/p>\n\n\n\n<p><a href=\"https:\/\/www.instagram.com\/ehli.uninter\/\" target=\"_blank\" rel=\"noreferrer noopener\">Instagram EHLI<\/a><\/p>\n\n\n\n<p><a href=\"https:\/\/www.facebook.com\/dheiuninter\" target=\"_blank\" rel=\"noreferrer noopener\">Facebook EHLI<\/a><\/p>\n","protected":false},"excerpt":{"rendered":"<p>Quand un \u00e9crivain devient l\u2019embl\u00e8me d\u2019une langue. Le fran\u00e7ais est souvent surnomm\u00e9 \u00ab la langue de Moli\u00e8re \u00bb, une expression qui intrigue ceux qui apprennent cette langue. Ce surnom rend hommage \u00e0 Jean-Baptiste Poquelin, dit Moli\u00e8re, dramaturge du XVIIe si\u00e8cle, consid\u00e9r\u00e9 comme l\u2019un des plus grands auteurs de la litt\u00e9rature fran\u00e7aise. Moli\u00e8re n\u2019a pas seulement&hellip;<\/p>\n","protected":false},"author":14,"featured_media":0,"comment_status":"open","ping_status":"open","sticky":false,"template":"","format":"standard","meta":{"rop_custom_images_group":[],"rop_custom_messages_group":[],"rop_publish_now":"initial","rop_publish_now_accounts":[],"rop_publish_now_history":[],"rop_publish_now_status":"pending","footnotes":""},"categories":[753,564,242,241,11],"tags":[277,60,283,182,25,26],"class_list":["post-11373","post","type-post","status-publish","format-standard","hentry","category-753","category-ehli","category-frances","category-lenguas-extranjeras","category-lid","tag-departamento-de-lenguas-extranjeras","tag-ehli","tag-frances","tag-lenguas-extranjeras","tag-uninter","tag-universidad-internacional"],"yoast_head":"<!-- This site is optimized with the Yoast SEO plugin v27.4 - https:\/\/yoast.com\/product\/yoast-seo-wordpress\/ -->\r\n<title>Pourquoi dit-on \u00ab la langue de Moli\u00e8re \u00bb ? - EHLI<\/title>\r\n<meta name=\"description\" content=\"Le fran\u00e7ais est souvent surnomm\u00e9 \u00ab la langue de Moli\u00e8re \u00bb, une expression qui intrigue ceux qui apprennent cette langue.\" \/>\r\n<meta name=\"robots\" content=\"index, follow, max-snippet:-1, max-image-preview:large, max-video-preview:-1\" \/>\r\n<link rel=\"canonical\" href=\"https:\/\/blogs.uninter.edu.mx\/ehli\/index.php\/2025\/11\/20\/pourquoi-dit-on-la-langue-de-moliere\/\" \/>\r\n<meta property=\"og:locale\" content=\"es_MX\" \/>\r\n<meta property=\"og:type\" content=\"article\" \/>\r\n<meta property=\"og:title\" content=\"Pourquoi dit-on \u00ab la langue de Moli\u00e8re \u00bb ? - EHLI\" \/>\r\n<meta property=\"og:description\" content=\"Le fran\u00e7ais est souvent surnomm\u00e9 \u00ab la langue de Moli\u00e8re \u00bb, une expression qui intrigue ceux qui apprennent cette langue.\" \/>\r\n<meta property=\"og:url\" content=\"https:\/\/blogs.uninter.edu.mx\/ehli\/index.php\/2025\/11\/20\/pourquoi-dit-on-la-langue-de-moliere\/\" \/>\r\n<meta property=\"og:site_name\" content=\"EHLI\" \/>\r\n<meta property=\"article:published_time\" content=\"2025-11-20T08:00:00+00:00\" \/>\r\n<meta property=\"og:image\" content=\"https:\/\/blogs.uninter.edu.mx\/ehli\/wp-content\/uploads\/2025\/06\/699ca4a61820590378337b97b80948a2.jpg\" \/>\r\n\t<meta property=\"og:image:width\" content=\"501\" \/>\r\n\t<meta property=\"og:image:height\" content=\"650\" \/>\r\n\t<meta property=\"og:image:type\" content=\"image\/jpeg\" \/>\r\n<meta name=\"author\" content=\"Claudia Gal\u00e1n\" \/>\r\n<meta name=\"twitter:card\" content=\"summary_large_image\" \/>\r\n<meta name=\"twitter:label1\" content=\"Escrito por\" \/>\n\t<meta name=\"twitter:data1\" content=\"Claudia Gal\u00e1n\" \/>\n\t<meta name=\"twitter:label2\" content=\"Tiempo de lectura\" \/>\n\t<meta name=\"twitter:data2\" content=\"2 minutos\" \/>\r\n<script type=\"application\/ld+json\" class=\"yoast-schema-graph\">{\"@context\":\"https:\\\/\\\/schema.org\",\"@graph\":[{\"@type\":\"Article\",\"@id\":\"https:\\\/\\\/blogs.uninter.edu.mx\\\/ehli\\\/index.php\\\/2025\\\/11\\\/20\\\/pourquoi-dit-on-la-langue-de-moliere\\\/#article\",\"isPartOf\":{\"@id\":\"https:\\\/\\\/blogs.uninter.edu.mx\\\/ehli\\\/index.php\\\/2025\\\/11\\\/20\\\/pourquoi-dit-on-la-langue-de-moliere\\\/\"},\"author\":{\"name\":\"Claudia Gal\u00e1n\",\"@id\":\"https:\\\/\\\/blogs.uninter.edu.mx\\\/ehli\\\/#\\\/schema\\\/person\\\/a1789b6f3e9150e996ddd6b13f71a91f\"},\"headline\":\"Pourquoi dit-on \u00ab la langue de Moli\u00e8re \u00bb ?\",\"datePublished\":\"2025-11-20T08:00:00+00:00\",\"mainEntityOfPage\":{\"@id\":\"https:\\\/\\\/blogs.uninter.edu.mx\\\/ehli\\\/index.php\\\/2025\\\/11\\\/20\\\/pourquoi-dit-on-la-langue-de-moliere\\\/\"},\"wordCount\":293,\"commentCount\":0,\"image\":{\"@id\":\"https:\\\/\\\/blogs.uninter.edu.mx\\\/ehli\\\/index.php\\\/2025\\\/11\\\/20\\\/pourquoi-dit-on-la-langue-de-moliere\\\/#primaryimage\"},\"thumbnailUrl\":\"https:\\\/\\\/blogs.uninter.edu.mx\\\/ehli\\\/wp-content\\\/uploads\\\/2025\\\/06\\\/699ca4a61820590378337b97b80948a2.jpg\",\"keywords\":[\"Departamento de Lenguas Extranjeras\",\"EHLI\",\"Franc\u00e9s\",\"Lenguas Extranjeras\",\"UNINTER\",\"UNIVERSIDAD INTERNACIONAL\"],\"articleSection\":[\"2025\",\"EHLI\",\"Franc\u00e9s\",\"Lenguas Extranjeras\",\"Lic. en Idiomas\"],\"inLanguage\":\"es\",\"potentialAction\":[{\"@type\":\"CommentAction\",\"name\":\"Comment\",\"target\":[\"https:\\\/\\\/blogs.uninter.edu.mx\\\/ehli\\\/index.php\\\/2025\\\/11\\\/20\\\/pourquoi-dit-on-la-langue-de-moliere\\\/#respond\"]}]},{\"@type\":\"WebPage\",\"@id\":\"https:\\\/\\\/blogs.uninter.edu.mx\\\/ehli\\\/index.php\\\/2025\\\/11\\\/20\\\/pourquoi-dit-on-la-langue-de-moliere\\\/\",\"url\":\"https:\\\/\\\/blogs.uninter.edu.mx\\\/ehli\\\/index.php\\\/2025\\\/11\\\/20\\\/pourquoi-dit-on-la-langue-de-moliere\\\/\",\"name\":\"Pourquoi dit-on \u00ab la langue de Moli\u00e8re \u00bb ? - EHLI\",\"isPartOf\":{\"@id\":\"https:\\\/\\\/blogs.uninter.edu.mx\\\/ehli\\\/#website\"},\"primaryImageOfPage\":{\"@id\":\"https:\\\/\\\/blogs.uninter.edu.mx\\\/ehli\\\/index.php\\\/2025\\\/11\\\/20\\\/pourquoi-dit-on-la-langue-de-moliere\\\/#primaryimage\"},\"image\":{\"@id\":\"https:\\\/\\\/blogs.uninter.edu.mx\\\/ehli\\\/index.php\\\/2025\\\/11\\\/20\\\/pourquoi-dit-on-la-langue-de-moliere\\\/#primaryimage\"},\"thumbnailUrl\":\"https:\\\/\\\/blogs.uninter.edu.mx\\\/ehli\\\/wp-content\\\/uploads\\\/2025\\\/06\\\/699ca4a61820590378337b97b80948a2.jpg\",\"datePublished\":\"2025-11-20T08:00:00+00:00\",\"author\":{\"@id\":\"https:\\\/\\\/blogs.uninter.edu.mx\\\/ehli\\\/#\\\/schema\\\/person\\\/a1789b6f3e9150e996ddd6b13f71a91f\"},\"description\":\"Le fran\u00e7ais est souvent surnomm\u00e9 \u00ab la langue de Moli\u00e8re \u00bb, une expression qui intrigue ceux qui apprennent cette langue.\",\"breadcrumb\":{\"@id\":\"https:\\\/\\\/blogs.uninter.edu.mx\\\/ehli\\\/index.php\\\/2025\\\/11\\\/20\\\/pourquoi-dit-on-la-langue-de-moliere\\\/#breadcrumb\"},\"inLanguage\":\"es\",\"potentialAction\":[{\"@type\":\"ReadAction\",\"target\":[\"https:\\\/\\\/blogs.uninter.edu.mx\\\/ehli\\\/index.php\\\/2025\\\/11\\\/20\\\/pourquoi-dit-on-la-langue-de-moliere\\\/\"]}]},{\"@type\":\"ImageObject\",\"inLanguage\":\"es\",\"@id\":\"https:\\\/\\\/blogs.uninter.edu.mx\\\/ehli\\\/index.php\\\/2025\\\/11\\\/20\\\/pourquoi-dit-on-la-langue-de-moliere\\\/#primaryimage\",\"url\":\"https:\\\/\\\/blogs.uninter.edu.mx\\\/ehli\\\/wp-content\\\/uploads\\\/2025\\\/06\\\/699ca4a61820590378337b97b80948a2.jpg\",\"contentUrl\":\"https:\\\/\\\/blogs.uninter.edu.mx\\\/ehli\\\/wp-content\\\/uploads\\\/2025\\\/06\\\/699ca4a61820590378337b97b80948a2.jpg\",\"width\":501,\"height\":650},{\"@type\":\"BreadcrumbList\",\"@id\":\"https:\\\/\\\/blogs.uninter.edu.mx\\\/ehli\\\/index.php\\\/2025\\\/11\\\/20\\\/pourquoi-dit-on-la-langue-de-moliere\\\/#breadcrumb\",\"itemListElement\":[{\"@type\":\"ListItem\",\"position\":1,\"name\":\"Inicio\",\"item\":\"https:\\\/\\\/blogs.uninter.edu.mx\\\/ehli\\\/\"},{\"@type\":\"ListItem\",\"position\":2,\"name\":\"Pourquoi dit-on \u00ab la langue de Moli\u00e8re \u00bb ?\"}]},{\"@type\":\"WebSite\",\"@id\":\"https:\\\/\\\/blogs.uninter.edu.mx\\\/ehli\\\/#website\",\"url\":\"https:\\\/\\\/blogs.uninter.edu.mx\\\/ehli\\\/\",\"name\":\"EHLI\",\"description\":\"UNINTER\",\"potentialAction\":[{\"@type\":\"SearchAction\",\"target\":{\"@type\":\"EntryPoint\",\"urlTemplate\":\"https:\\\/\\\/blogs.uninter.edu.mx\\\/ehli\\\/?s={search_term_string}\"},\"query-input\":{\"@type\":\"PropertyValueSpecification\",\"valueRequired\":true,\"valueName\":\"search_term_string\"}}],\"inLanguage\":\"es\"},{\"@type\":\"Person\",\"@id\":\"https:\\\/\\\/blogs.uninter.edu.mx\\\/ehli\\\/#\\\/schema\\\/person\\\/a1789b6f3e9150e996ddd6b13f71a91f\",\"name\":\"Claudia Gal\u00e1n\",\"image\":{\"@type\":\"ImageObject\",\"inLanguage\":\"es\",\"@id\":\"https:\\\/\\\/secure.gravatar.com\\\/avatar\\\/b3f20a310d3902521a587ab846aa4769a72215a79334d25f5d3323ae0db4c36f?s=96&d=mm&r=g\",\"url\":\"https:\\\/\\\/secure.gravatar.com\\\/avatar\\\/b3f20a310d3902521a587ab846aa4769a72215a79334d25f5d3323ae0db4c36f?s=96&d=mm&r=g\",\"contentUrl\":\"https:\\\/\\\/secure.gravatar.com\\\/avatar\\\/b3f20a310d3902521a587ab846aa4769a72215a79334d25f5d3323ae0db4c36f?s=96&d=mm&r=g\",\"caption\":\"Claudia Gal\u00e1n\"},\"url\":\"https:\\\/\\\/blogs.uninter.edu.mx\\\/ehli\\\/index.php\\\/author\\\/cgalan\\\/\"}]}<\/script>\r\n<!-- \/ Yoast SEO plugin. -->","yoast_head_json":{"title":"Pourquoi dit-on \u00ab la langue de Moli\u00e8re \u00bb ? - EHLI","description":"Le fran\u00e7ais est souvent surnomm\u00e9 \u00ab la langue de Moli\u00e8re \u00bb, une expression qui intrigue ceux qui apprennent cette langue.","robots":{"index":"index","follow":"follow","max-snippet":"max-snippet:-1","max-image-preview":"max-image-preview:large","max-video-preview":"max-video-preview:-1"},"canonical":"https:\/\/blogs.uninter.edu.mx\/ehli\/index.php\/2025\/11\/20\/pourquoi-dit-on-la-langue-de-moliere\/","og_locale":"es_MX","og_type":"article","og_title":"Pourquoi dit-on \u00ab la langue de Moli\u00e8re \u00bb ? - EHLI","og_description":"Le fran\u00e7ais est souvent surnomm\u00e9 \u00ab la langue de Moli\u00e8re \u00bb, une expression qui intrigue ceux qui apprennent cette langue.","og_url":"https:\/\/blogs.uninter.edu.mx\/ehli\/index.php\/2025\/11\/20\/pourquoi-dit-on-la-langue-de-moliere\/","og_site_name":"EHLI","article_published_time":"2025-11-20T08:00:00+00:00","og_image":[{"width":501,"height":650,"url":"https:\/\/blogs.uninter.edu.mx\/ehli\/wp-content\/uploads\/2025\/06\/699ca4a61820590378337b97b80948a2.jpg","type":"image\/jpeg"}],"author":"Claudia Gal\u00e1n","twitter_card":"summary_large_image","twitter_misc":{"Escrito por":"Claudia Gal\u00e1n","Tiempo de lectura":"2 minutos"},"schema":{"@context":"https:\/\/schema.org","@graph":[{"@type":"Article","@id":"https:\/\/blogs.uninter.edu.mx\/ehli\/index.php\/2025\/11\/20\/pourquoi-dit-on-la-langue-de-moliere\/#article","isPartOf":{"@id":"https:\/\/blogs.uninter.edu.mx\/ehli\/index.php\/2025\/11\/20\/pourquoi-dit-on-la-langue-de-moliere\/"},"author":{"name":"Claudia Gal\u00e1n","@id":"https:\/\/blogs.uninter.edu.mx\/ehli\/#\/schema\/person\/a1789b6f3e9150e996ddd6b13f71a91f"},"headline":"Pourquoi dit-on \u00ab la langue de Moli\u00e8re \u00bb ?","datePublished":"2025-11-20T08:00:00+00:00","mainEntityOfPage":{"@id":"https:\/\/blogs.uninter.edu.mx\/ehli\/index.php\/2025\/11\/20\/pourquoi-dit-on-la-langue-de-moliere\/"},"wordCount":293,"commentCount":0,"image":{"@id":"https:\/\/blogs.uninter.edu.mx\/ehli\/index.php\/2025\/11\/20\/pourquoi-dit-on-la-langue-de-moliere\/#primaryimage"},"thumbnailUrl":"https:\/\/blogs.uninter.edu.mx\/ehli\/wp-content\/uploads\/2025\/06\/699ca4a61820590378337b97b80948a2.jpg","keywords":["Departamento de Lenguas Extranjeras","EHLI","Franc\u00e9s","Lenguas Extranjeras","UNINTER","UNIVERSIDAD INTERNACIONAL"],"articleSection":["2025","EHLI","Franc\u00e9s","Lenguas Extranjeras","Lic. en Idiomas"],"inLanguage":"es","potentialAction":[{"@type":"CommentAction","name":"Comment","target":["https:\/\/blogs.uninter.edu.mx\/ehli\/index.php\/2025\/11\/20\/pourquoi-dit-on-la-langue-de-moliere\/#respond"]}]},{"@type":"WebPage","@id":"https:\/\/blogs.uninter.edu.mx\/ehli\/index.php\/2025\/11\/20\/pourquoi-dit-on-la-langue-de-moliere\/","url":"https:\/\/blogs.uninter.edu.mx\/ehli\/index.php\/2025\/11\/20\/pourquoi-dit-on-la-langue-de-moliere\/","name":"Pourquoi dit-on \u00ab la langue de Moli\u00e8re \u00bb ? - EHLI","isPartOf":{"@id":"https:\/\/blogs.uninter.edu.mx\/ehli\/#website"},"primaryImageOfPage":{"@id":"https:\/\/blogs.uninter.edu.mx\/ehli\/index.php\/2025\/11\/20\/pourquoi-dit-on-la-langue-de-moliere\/#primaryimage"},"image":{"@id":"https:\/\/blogs.uninter.edu.mx\/ehli\/index.php\/2025\/11\/20\/pourquoi-dit-on-la-langue-de-moliere\/#primaryimage"},"thumbnailUrl":"https:\/\/blogs.uninter.edu.mx\/ehli\/wp-content\/uploads\/2025\/06\/699ca4a61820590378337b97b80948a2.jpg","datePublished":"2025-11-20T08:00:00+00:00","author":{"@id":"https:\/\/blogs.uninter.edu.mx\/ehli\/#\/schema\/person\/a1789b6f3e9150e996ddd6b13f71a91f"},"description":"Le fran\u00e7ais est souvent surnomm\u00e9 \u00ab la langue de Moli\u00e8re \u00bb, une expression qui intrigue ceux qui apprennent cette langue.","breadcrumb":{"@id":"https:\/\/blogs.uninter.edu.mx\/ehli\/index.php\/2025\/11\/20\/pourquoi-dit-on-la-langue-de-moliere\/#breadcrumb"},"inLanguage":"es","potentialAction":[{"@type":"ReadAction","target":["https:\/\/blogs.uninter.edu.mx\/ehli\/index.php\/2025\/11\/20\/pourquoi-dit-on-la-langue-de-moliere\/"]}]},{"@type":"ImageObject","inLanguage":"es","@id":"https:\/\/blogs.uninter.edu.mx\/ehli\/index.php\/2025\/11\/20\/pourquoi-dit-on-la-langue-de-moliere\/#primaryimage","url":"https:\/\/blogs.uninter.edu.mx\/ehli\/wp-content\/uploads\/2025\/06\/699ca4a61820590378337b97b80948a2.jpg","contentUrl":"https:\/\/blogs.uninter.edu.mx\/ehli\/wp-content\/uploads\/2025\/06\/699ca4a61820590378337b97b80948a2.jpg","width":501,"height":650},{"@type":"BreadcrumbList","@id":"https:\/\/blogs.uninter.edu.mx\/ehli\/index.php\/2025\/11\/20\/pourquoi-dit-on-la-langue-de-moliere\/#breadcrumb","itemListElement":[{"@type":"ListItem","position":1,"name":"Inicio","item":"https:\/\/blogs.uninter.edu.mx\/ehli\/"},{"@type":"ListItem","position":2,"name":"Pourquoi dit-on \u00ab la langue de Moli\u00e8re \u00bb ?"}]},{"@type":"WebSite","@id":"https:\/\/blogs.uninter.edu.mx\/ehli\/#website","url":"https:\/\/blogs.uninter.edu.mx\/ehli\/","name":"EHLI","description":"UNINTER","potentialAction":[{"@type":"SearchAction","target":{"@type":"EntryPoint","urlTemplate":"https:\/\/blogs.uninter.edu.mx\/ehli\/?s={search_term_string}"},"query-input":{"@type":"PropertyValueSpecification","valueRequired":true,"valueName":"search_term_string"}}],"inLanguage":"es"},{"@type":"Person","@id":"https:\/\/blogs.uninter.edu.mx\/ehli\/#\/schema\/person\/a1789b6f3e9150e996ddd6b13f71a91f","name":"Claudia Gal\u00e1n","image":{"@type":"ImageObject","inLanguage":"es","@id":"https:\/\/secure.gravatar.com\/avatar\/b3f20a310d3902521a587ab846aa4769a72215a79334d25f5d3323ae0db4c36f?s=96&d=mm&r=g","url":"https:\/\/secure.gravatar.com\/avatar\/b3f20a310d3902521a587ab846aa4769a72215a79334d25f5d3323ae0db4c36f?s=96&d=mm&r=g","contentUrl":"https:\/\/secure.gravatar.com\/avatar\/b3f20a310d3902521a587ab846aa4769a72215a79334d25f5d3323ae0db4c36f?s=96&d=mm&r=g","caption":"Claudia Gal\u00e1n"},"url":"https:\/\/blogs.uninter.edu.mx\/ehli\/index.php\/author\/cgalan\/"}]}},"jetpack_featured_media_url":"","_links":{"self":[{"href":"https:\/\/blogs.uninter.edu.mx\/ehli\/index.php\/wp-json\/wp\/v2\/posts\/11373","targetHints":{"allow":["GET"]}}],"collection":[{"href":"https:\/\/blogs.uninter.edu.mx\/ehli\/index.php\/wp-json\/wp\/v2\/posts"}],"about":[{"href":"https:\/\/blogs.uninter.edu.mx\/ehli\/index.php\/wp-json\/wp\/v2\/types\/post"}],"author":[{"embeddable":true,"href":"https:\/\/blogs.uninter.edu.mx\/ehli\/index.php\/wp-json\/wp\/v2\/users\/14"}],"replies":[{"embeddable":true,"href":"https:\/\/blogs.uninter.edu.mx\/ehli\/index.php\/wp-json\/wp\/v2\/comments?post=11373"}],"version-history":[{"count":1,"href":"https:\/\/blogs.uninter.edu.mx\/ehli\/index.php\/wp-json\/wp\/v2\/posts\/11373\/revisions"}],"predecessor-version":[{"id":11375,"href":"https:\/\/blogs.uninter.edu.mx\/ehli\/index.php\/wp-json\/wp\/v2\/posts\/11373\/revisions\/11375"}],"wp:attachment":[{"href":"https:\/\/blogs.uninter.edu.mx\/ehli\/index.php\/wp-json\/wp\/v2\/media?parent=11373"}],"wp:term":[{"taxonomy":"category","embeddable":true,"href":"https:\/\/blogs.uninter.edu.mx\/ehli\/index.php\/wp-json\/wp\/v2\/categories?post=11373"},{"taxonomy":"post_tag","embeddable":true,"href":"https:\/\/blogs.uninter.edu.mx\/ehli\/index.php\/wp-json\/wp\/v2\/tags?post=11373"}],"curies":[{"name":"wp","href":"https:\/\/api.w.org\/{rel}","templated":true}]}}