{"id":11400,"date":"2025-06-23T09:00:00","date_gmt":"2025-06-23T09:00:00","guid":{"rendered":"https:\/\/blogs.uninter.edu.mx\/ehli\/?p=11400"},"modified":"2025-06-18T20:09:43","modified_gmt":"2025-06-18T20:09:43","slug":"protestas-contra-el-ice","status":"publish","type":"post","link":"https:\/\/blogs.uninter.edu.mx\/ehli\/index.php\/2025\/06\/23\/protestas-contra-el-ice\/","title":{"rendered":"Protestas Contra el ICE \u00bfInsurrecci\u00f3n o Identidad?"},"content":{"rendered":"\n<p>Las protestas contra el ICE comenzaron en Los \u00c1ngeles; posteriormente, se extendieron a ciudades como Nueva York, San Francisco, Chicago, Filadelfia, Texas, Boston y Washington.<\/p>\n\n\n\n<p>Adem\u00e1s, otras ciudades como Dallas, Atlanta, Houston, Santa Ana, San Antonio, Austin y Seattle tambi\u00e9n registraron movilizaciones masivas en rechazo a las pol\u00edticas migratorias actuales.<\/p>\n\n\n\n<p>Como respuesta inicial, el gobierno despleg\u00f3 2000 soldados de la Guardia Nacional en Los \u00c1ngeles apenas en el segundo d\u00eda, buscando &#8220;restaurar la ley y el orden&#8221;.<\/p>\n\n\n\n<p>Aunque l\u00edderes calificaban las protestas como una \u201crebeli\u00f3n contra el gobierno\u201d y una supuesta \u201cinvasi\u00f3n extranjera\u201d.<\/p>\n\n\n\n<p>De igual forma, en Paramount, California, tambi\u00e9n se realizaron manifestaciones con el lema: \u201cParamount lo construyeron los migrantes\u201d, resaltando el valor hist\u00f3rico del trabajo migrante.<\/p>\n\n\n\n<p>A ra\u00edz de eso, comenzaron a verse numerosas banderas mexicanas durante las marchas, que medios nacionales describieron como \u201cs\u00edmbolos de protesta\u201d y &#8220;<a href=\"https:\/\/x.com\/DHSgov\/status\/1932058969322774645\">crim\u00ednales extranjeros<\/a>&#8220;.<\/p>\n\n\n\n<figure class=\"wp-block-image size-full is-resized is-style-default\"><img loading=\"lazy\" decoding=\"async\" src=\"https:\/\/blogs.uninter.edu.mx\/ehli\/wp-content\/uploads\/2025\/06\/image-43.png\" alt=\"Protestas contra el ICE. Paramount, California.\" class=\"wp-image-11401\" width=\"841\" height=\"474\"\/><figcaption class=\"wp-element-caption\"><em>Fotograf\u00eda tomada en Paramount, California. Extra\u00edda de BBC News.<\/em><\/figcaption><\/figure>\n\n\n\n<p>En consecuencia, Ronal Johnson, embajador de EE.UU. en M\u00e9xico, escribi\u00f3 en X: \u201cNuestras banderas representan identidad, orgullo y valores, no divisi\u00f3n ni ilegalidad\u201d.<\/p>\n\n\n\n<h2 class=\"wp-block-heading\">Protestas contra el ICE, una divisi\u00f3n de opiniones.<\/h2>\n\n\n\n<p>Muchos ciudadanos en Estados Unidos expresaron preocupaci\u00f3n, argumentando que exhibir banderas extranjeras \u201calimenta la narrativa de invasi\u00f3n\u201d en un contexto pol\u00edticamente polarizado.<\/p>\n\n\n\n<p>Por el contrario, un estudiante con ascendencia mexicana dijo: \u201cCuando veo una bandera de M\u00e9xico en una protesta me siento menos solo\u201d.<\/p>\n\n\n\n<p>Tambi\u00e9n se dijo por la plataforma TikTok: &#8220;Expresamos nuestra identidad y nos resistimos a la idea de que debemos esconder qui\u00e9nes somos para pertenecer&#8221;.<\/p>\n\n\n\n<p>Pero, debido al aumento de las protestas, las autoridades desplegaron 700 marines y 4000 soldados adicionales de la Guardia Nacional para controlar posibles disturbios mayores.<\/p>\n\n\n\n<p>Desde M\u00e9xico, la presidenta Claudia Sheinbaum declar\u00f3 p\u00fablicamente: \u201cEstados Unidos no ser\u00eda lo que es sin las mexicanas y mexicanos que trabajan del otro lado\u201d.<\/p>\n\n\n\n<p>En contraste, Stephen Miller, asesor en la Casa Blanca, declar\u00f3 que las protestas eran una \u201cinsurrecci\u00f3n\u201d.<\/p>\n\n\n\n<h2 class=\"wp-block-heading\">Igualmente, J.D. Vance, vicepresidente de EE.UU, expres\u00f3 su opini\u00f3n a trav\u00e9s de la plataforma X.<\/h2>\n\n\n\n<blockquote class=\"wp-block-quote is-layout-flow wp-block-quote-is-layout-flow\">\n<p><em>&#8220;Los insurrectos que portan banderas extranjeras est\u00e1n atacando a los agentes de inmigraci\u00f3n, mientras la mitad del liderazgo pol\u00edtico de Estados Unidos ha decidido que vigilar la frontera es malvado.&#8221;<\/em><\/p>\n<\/blockquote>\n\n\n\n<p>Ante estas declaraciones, el analista Alexandro J. Gradillo coment\u00f3: \u201cApelan a una audiencia ignorante, echando le\u00f1a al fuego de quienes no entienden su verdadero significado\u201d.<\/p>\n\n\n\n<p>Poco despu\u00e9s, Kristi Noem, secretaria de Seguridad Nacional, acus\u00f3 a Claudia Sheinbaum de alentar las protestas en Los \u00c1ngeles, generando una respuesta diplom\u00e1tica inmediata.<\/p>\n\n\n\n<p>Adicionalmente, Noem dijo: &#8220;Tienen derecho a protestar pac\u00edficamente, pero la violencia que estamos viendo no es aceptable y no va a suceder en E.E.U.U.&#8221;.<\/p>\n\n\n\n<p>No obstante, Sheinbaum rechaz\u00f3 esas acusaciones, reafirmando su compromiso con una pol\u00edtica exterior basada en respeto mutuo, di\u00e1logo diplom\u00e1tico y defensa de los derechos humanos.<\/p>\n\n\n\n<p>Por ello, las protestas contra el ICE revelan profundas divisiones sobre inmigraci\u00f3n, ciudadan\u00eda y el papel de los s\u00edmbolos culturales en el espacio p\u00fablico estadounidense contempor\u00e1neo.<\/p>\n\n\n\n<p>En definitiva, las distintas banderas siguen ondeando en estas protestas, como s\u00edmbolo de resistencia, dignidad y pertenencia de millones de personas en los Estados Unidos.<\/p>\n\n\n\n<hr class=\"wp-block-separator has-alpha-channel-opacity\"\/>\n\n\n\n<p>Mira nuestra publicaci\u00f3n anterior: <a href=\"https:\/\/blogs.uninter.edu.mx\/ehli\/index.php\/2025\/06\/16\/jornadas-migratorias-nicolas-escalante-2025\/\">Jornadas Migratorias Nicol\u00e1s Escalante 2025<\/a>.<\/p>\n","protected":false},"excerpt":{"rendered":"<p>Las protestas contra el ICE comenzaron en Los \u00c1ngeles; posteriormente, se extendieron a ciudades como Nueva York, San Francisco, Chicago, Filadelfia, Texas, Boston y Washington. Adem\u00e1s, otras ciudades como Dallas, Atlanta, Houston, Santa Ana, San Antonio, Austin y Seattle tambi\u00e9n registraron movilizaciones masivas en rechazo a las pol\u00edticas migratorias actuales. Como respuesta inicial, el gobierno&hellip;<\/p>\n","protected":false},"author":39,"featured_media":11401,"comment_status":"open","ping_status":"open","sticky":false,"template":"","format":"standard","meta":{"rop_custom_images_group":[],"rop_custom_messages_group":[],"rop_publish_now":"initial","rop_publish_now_accounts":[],"rop_publish_now_history":[],"rop_publish_now_status":"pending","footnotes":""},"categories":[564,6,118,7,120,8,311],"tags":[],"class_list":["post-11400","post","type-post","status-publish","format-standard","has-post-thumbnail","hentry","category-ehli","category-lri","category-lic-en-relaciones-internacionales","category-ricp","category-lic-en-relaciones-internacionales-y-ciencias-politicas","category-riec","category-relaciones-internacionales"],"yoast_head":"<!-- This site is optimized with the Yoast SEO plugin v27.4 - https:\/\/yoast.com\/product\/yoast-seo-wordpress\/ -->\r\n<title>Protestas Contra el ICE \u00bfInsurrecci\u00f3n o Identidad? - EHLI<\/title>\r\n<meta name=\"description\" content=\"Protestas contra el ICE se extienden por Estados Unidos. Lo que empez\u00f3 en Los \u00c1ngeles se ha convertido en una ola de manifestaciones.\" \/>\r\n<meta name=\"robots\" content=\"index, follow, max-snippet:-1, max-image-preview:large, max-video-preview:-1\" \/>\r\n<link rel=\"canonical\" href=\"https:\/\/blogs.uninter.edu.mx\/ehli\/index.php\/2025\/06\/23\/protestas-contra-el-ice\/\" \/>\r\n<meta property=\"og:locale\" content=\"es_MX\" \/>\r\n<meta property=\"og:type\" content=\"article\" \/>\r\n<meta property=\"og:title\" content=\"Protestas Contra el ICE \u00bfInsurrecci\u00f3n o Identidad? - EHLI\" \/>\r\n<meta property=\"og:description\" content=\"Protestas contra el ICE se extienden por Estados Unidos. Lo que empez\u00f3 en Los \u00c1ngeles se ha convertido en una ola de manifestaciones.\" \/>\r\n<meta property=\"og:url\" content=\"https:\/\/blogs.uninter.edu.mx\/ehli\/index.php\/2025\/06\/23\/protestas-contra-el-ice\/\" \/>\r\n<meta property=\"og:site_name\" content=\"EHLI\" \/>\r\n<meta property=\"article:published_time\" content=\"2025-06-23T09:00:00+00:00\" \/>\r\n<meta property=\"og:image\" content=\"https:\/\/blogs.uninter.edu.mx\/ehli\/wp-content\/uploads\/2025\/06\/image-43.png\" \/>\r\n\t<meta property=\"og:image:width\" content=\"800\" \/>\r\n\t<meta property=\"og:image:height\" content=\"450\" \/>\r\n\t<meta property=\"og:image:type\" content=\"image\/png\" \/>\r\n<meta name=\"author\" content=\"Jorge Arturo de Jes\u00fas Lop\u00e9z Curiel\" \/>\r\n<meta name=\"twitter:card\" content=\"summary_large_image\" \/>\r\n<meta name=\"twitter:label1\" content=\"Escrito por\" \/>\n\t<meta name=\"twitter:data1\" content=\"Jorge Arturo de Jes\u00fas Lop\u00e9z Curiel\" \/>\n\t<meta name=\"twitter:label2\" content=\"Tiempo de lectura\" \/>\n\t<meta name=\"twitter:data2\" content=\"3 minutos\" \/>\r\n<script type=\"application\/ld+json\" class=\"yoast-schema-graph\">{\"@context\":\"https:\\\/\\\/schema.org\",\"@graph\":[{\"@type\":\"Article\",\"@id\":\"https:\\\/\\\/blogs.uninter.edu.mx\\\/ehli\\\/index.php\\\/2025\\\/06\\\/23\\\/protestas-contra-el-ice\\\/#article\",\"isPartOf\":{\"@id\":\"https:\\\/\\\/blogs.uninter.edu.mx\\\/ehli\\\/index.php\\\/2025\\\/06\\\/23\\\/protestas-contra-el-ice\\\/\"},\"author\":{\"name\":\"Jorge Arturo de Jes\u00fas Lop\u00e9z Curiel\",\"@id\":\"https:\\\/\\\/blogs.uninter.edu.mx\\\/ehli\\\/#\\\/schema\\\/person\\\/10f2b6807da288729db3a7c1145ce539\"},\"headline\":\"Protestas Contra el ICE \u00bfInsurrecci\u00f3n o Identidad?\",\"datePublished\":\"2025-06-23T09:00:00+00:00\",\"mainEntityOfPage\":{\"@id\":\"https:\\\/\\\/blogs.uninter.edu.mx\\\/ehli\\\/index.php\\\/2025\\\/06\\\/23\\\/protestas-contra-el-ice\\\/\"},\"wordCount\":576,\"commentCount\":0,\"image\":{\"@id\":\"https:\\\/\\\/blogs.uninter.edu.mx\\\/ehli\\\/index.php\\\/2025\\\/06\\\/23\\\/protestas-contra-el-ice\\\/#primaryimage\"},\"thumbnailUrl\":\"https:\\\/\\\/blogs.uninter.edu.mx\\\/ehli\\\/wp-content\\\/uploads\\\/2025\\\/06\\\/image-43.png\",\"articleSection\":[\"EHLI\",\"Lic. en Relaciones Internacionales\",\"Lic. en Relaciones Internacionales\",\"Lic. en Relaciones Internacionales y Ciencias Pol\u00edticas\",\"Lic. en Relaciones Internacionales y Ciencias Polit\u00edcas\",\"Lic. en Relaciones Internacionales y Econom\u00eda\",\"Relaciones Internacionales\"],\"inLanguage\":\"es\",\"potentialAction\":[{\"@type\":\"CommentAction\",\"name\":\"Comment\",\"target\":[\"https:\\\/\\\/blogs.uninter.edu.mx\\\/ehli\\\/index.php\\\/2025\\\/06\\\/23\\\/protestas-contra-el-ice\\\/#respond\"]}]},{\"@type\":\"WebPage\",\"@id\":\"https:\\\/\\\/blogs.uninter.edu.mx\\\/ehli\\\/index.php\\\/2025\\\/06\\\/23\\\/protestas-contra-el-ice\\\/\",\"url\":\"https:\\\/\\\/blogs.uninter.edu.mx\\\/ehli\\\/index.php\\\/2025\\\/06\\\/23\\\/protestas-contra-el-ice\\\/\",\"name\":\"Protestas Contra el ICE \u00bfInsurrecci\u00f3n o Identidad? - EHLI\",\"isPartOf\":{\"@id\":\"https:\\\/\\\/blogs.uninter.edu.mx\\\/ehli\\\/#website\"},\"primaryImageOfPage\":{\"@id\":\"https:\\\/\\\/blogs.uninter.edu.mx\\\/ehli\\\/index.php\\\/2025\\\/06\\\/23\\\/protestas-contra-el-ice\\\/#primaryimage\"},\"image\":{\"@id\":\"https:\\\/\\\/blogs.uninter.edu.mx\\\/ehli\\\/index.php\\\/2025\\\/06\\\/23\\\/protestas-contra-el-ice\\\/#primaryimage\"},\"thumbnailUrl\":\"https:\\\/\\\/blogs.uninter.edu.mx\\\/ehli\\\/wp-content\\\/uploads\\\/2025\\\/06\\\/image-43.png\",\"datePublished\":\"2025-06-23T09:00:00+00:00\",\"author\":{\"@id\":\"https:\\\/\\\/blogs.uninter.edu.mx\\\/ehli\\\/#\\\/schema\\\/person\\\/10f2b6807da288729db3a7c1145ce539\"},\"description\":\"Protestas contra el ICE se extienden por Estados Unidos. Lo que empez\u00f3 en Los \u00c1ngeles se ha convertido en una ola de manifestaciones.\",\"breadcrumb\":{\"@id\":\"https:\\\/\\\/blogs.uninter.edu.mx\\\/ehli\\\/index.php\\\/2025\\\/06\\\/23\\\/protestas-contra-el-ice\\\/#breadcrumb\"},\"inLanguage\":\"es\",\"potentialAction\":[{\"@type\":\"ReadAction\",\"target\":[\"https:\\\/\\\/blogs.uninter.edu.mx\\\/ehli\\\/index.php\\\/2025\\\/06\\\/23\\\/protestas-contra-el-ice\\\/\"]}]},{\"@type\":\"ImageObject\",\"inLanguage\":\"es\",\"@id\":\"https:\\\/\\\/blogs.uninter.edu.mx\\\/ehli\\\/index.php\\\/2025\\\/06\\\/23\\\/protestas-contra-el-ice\\\/#primaryimage\",\"url\":\"https:\\\/\\\/blogs.uninter.edu.mx\\\/ehli\\\/wp-content\\\/uploads\\\/2025\\\/06\\\/image-43.png\",\"contentUrl\":\"https:\\\/\\\/blogs.uninter.edu.mx\\\/ehli\\\/wp-content\\\/uploads\\\/2025\\\/06\\\/image-43.png\",\"width\":800,\"height\":450},{\"@type\":\"BreadcrumbList\",\"@id\":\"https:\\\/\\\/blogs.uninter.edu.mx\\\/ehli\\\/index.php\\\/2025\\\/06\\\/23\\\/protestas-contra-el-ice\\\/#breadcrumb\",\"itemListElement\":[{\"@type\":\"ListItem\",\"position\":1,\"name\":\"Inicio\",\"item\":\"https:\\\/\\\/blogs.uninter.edu.mx\\\/ehli\\\/\"},{\"@type\":\"ListItem\",\"position\":2,\"name\":\"Protestas Contra el ICE \u00bfInsurrecci\u00f3n o Identidad?\"}]},{\"@type\":\"WebSite\",\"@id\":\"https:\\\/\\\/blogs.uninter.edu.mx\\\/ehli\\\/#website\",\"url\":\"https:\\\/\\\/blogs.uninter.edu.mx\\\/ehli\\\/\",\"name\":\"EHLI\",\"description\":\"UNINTER\",\"potentialAction\":[{\"@type\":\"SearchAction\",\"target\":{\"@type\":\"EntryPoint\",\"urlTemplate\":\"https:\\\/\\\/blogs.uninter.edu.mx\\\/ehli\\\/?s={search_term_string}\"},\"query-input\":{\"@type\":\"PropertyValueSpecification\",\"valueRequired\":true,\"valueName\":\"search_term_string\"}}],\"inLanguage\":\"es\"},{\"@type\":\"Person\",\"@id\":\"https:\\\/\\\/blogs.uninter.edu.mx\\\/ehli\\\/#\\\/schema\\\/person\\\/10f2b6807da288729db3a7c1145ce539\",\"name\":\"Jorge Arturo de Jes\u00fas Lop\u00e9z Curiel\",\"image\":{\"@type\":\"ImageObject\",\"inLanguage\":\"es\",\"@id\":\"https:\\\/\\\/secure.gravatar.com\\\/avatar\\\/a8d9ac9618894bd63fa62cfe531cb48a06a06767aa4c6d7e1f30b3e6fe229c91?s=96&d=mm&r=g\",\"url\":\"https:\\\/\\\/secure.gravatar.com\\\/avatar\\\/a8d9ac9618894bd63fa62cfe531cb48a06a06767aa4c6d7e1f30b3e6fe229c91?s=96&d=mm&r=g\",\"contentUrl\":\"https:\\\/\\\/secure.gravatar.com\\\/avatar\\\/a8d9ac9618894bd63fa62cfe531cb48a06a06767aa4c6d7e1f30b3e6fe229c91?s=96&d=mm&r=g\",\"caption\":\"Jorge Arturo de Jes\u00fas Lop\u00e9z Curiel\"},\"url\":\"https:\\\/\\\/blogs.uninter.edu.mx\\\/ehli\\\/index.php\\\/author\\\/jdejesus\\\/\"}]}<\/script>\r\n<!-- \/ Yoast SEO plugin. -->","yoast_head_json":{"title":"Protestas Contra el ICE \u00bfInsurrecci\u00f3n o Identidad? - EHLI","description":"Protestas contra el ICE se extienden por Estados Unidos. Lo que empez\u00f3 en Los \u00c1ngeles se ha convertido en una ola de manifestaciones.","robots":{"index":"index","follow":"follow","max-snippet":"max-snippet:-1","max-image-preview":"max-image-preview:large","max-video-preview":"max-video-preview:-1"},"canonical":"https:\/\/blogs.uninter.edu.mx\/ehli\/index.php\/2025\/06\/23\/protestas-contra-el-ice\/","og_locale":"es_MX","og_type":"article","og_title":"Protestas Contra el ICE \u00bfInsurrecci\u00f3n o Identidad? - EHLI","og_description":"Protestas contra el ICE se extienden por Estados Unidos. Lo que empez\u00f3 en Los \u00c1ngeles se ha convertido en una ola de manifestaciones.","og_url":"https:\/\/blogs.uninter.edu.mx\/ehli\/index.php\/2025\/06\/23\/protestas-contra-el-ice\/","og_site_name":"EHLI","article_published_time":"2025-06-23T09:00:00+00:00","og_image":[{"width":800,"height":450,"url":"https:\/\/blogs.uninter.edu.mx\/ehli\/wp-content\/uploads\/2025\/06\/image-43.png","type":"image\/png"}],"author":"Jorge Arturo de Jes\u00fas Lop\u00e9z Curiel","twitter_card":"summary_large_image","twitter_misc":{"Escrito por":"Jorge Arturo de Jes\u00fas Lop\u00e9z Curiel","Tiempo de lectura":"3 minutos"},"schema":{"@context":"https:\/\/schema.org","@graph":[{"@type":"Article","@id":"https:\/\/blogs.uninter.edu.mx\/ehli\/index.php\/2025\/06\/23\/protestas-contra-el-ice\/#article","isPartOf":{"@id":"https:\/\/blogs.uninter.edu.mx\/ehli\/index.php\/2025\/06\/23\/protestas-contra-el-ice\/"},"author":{"name":"Jorge Arturo de Jes\u00fas Lop\u00e9z Curiel","@id":"https:\/\/blogs.uninter.edu.mx\/ehli\/#\/schema\/person\/10f2b6807da288729db3a7c1145ce539"},"headline":"Protestas Contra el ICE \u00bfInsurrecci\u00f3n o Identidad?","datePublished":"2025-06-23T09:00:00+00:00","mainEntityOfPage":{"@id":"https:\/\/blogs.uninter.edu.mx\/ehli\/index.php\/2025\/06\/23\/protestas-contra-el-ice\/"},"wordCount":576,"commentCount":0,"image":{"@id":"https:\/\/blogs.uninter.edu.mx\/ehli\/index.php\/2025\/06\/23\/protestas-contra-el-ice\/#primaryimage"},"thumbnailUrl":"https:\/\/blogs.uninter.edu.mx\/ehli\/wp-content\/uploads\/2025\/06\/image-43.png","articleSection":["EHLI","Lic. en Relaciones Internacionales","Lic. en Relaciones Internacionales","Lic. en Relaciones Internacionales y Ciencias Pol\u00edticas","Lic. en Relaciones Internacionales y Ciencias Polit\u00edcas","Lic. en Relaciones Internacionales y Econom\u00eda","Relaciones Internacionales"],"inLanguage":"es","potentialAction":[{"@type":"CommentAction","name":"Comment","target":["https:\/\/blogs.uninter.edu.mx\/ehli\/index.php\/2025\/06\/23\/protestas-contra-el-ice\/#respond"]}]},{"@type":"WebPage","@id":"https:\/\/blogs.uninter.edu.mx\/ehli\/index.php\/2025\/06\/23\/protestas-contra-el-ice\/","url":"https:\/\/blogs.uninter.edu.mx\/ehli\/index.php\/2025\/06\/23\/protestas-contra-el-ice\/","name":"Protestas Contra el ICE \u00bfInsurrecci\u00f3n o Identidad? - EHLI","isPartOf":{"@id":"https:\/\/blogs.uninter.edu.mx\/ehli\/#website"},"primaryImageOfPage":{"@id":"https:\/\/blogs.uninter.edu.mx\/ehli\/index.php\/2025\/06\/23\/protestas-contra-el-ice\/#primaryimage"},"image":{"@id":"https:\/\/blogs.uninter.edu.mx\/ehli\/index.php\/2025\/06\/23\/protestas-contra-el-ice\/#primaryimage"},"thumbnailUrl":"https:\/\/blogs.uninter.edu.mx\/ehli\/wp-content\/uploads\/2025\/06\/image-43.png","datePublished":"2025-06-23T09:00:00+00:00","author":{"@id":"https:\/\/blogs.uninter.edu.mx\/ehli\/#\/schema\/person\/10f2b6807da288729db3a7c1145ce539"},"description":"Protestas contra el ICE se extienden por Estados Unidos. Lo que empez\u00f3 en Los \u00c1ngeles se ha convertido en una ola de manifestaciones.","breadcrumb":{"@id":"https:\/\/blogs.uninter.edu.mx\/ehli\/index.php\/2025\/06\/23\/protestas-contra-el-ice\/#breadcrumb"},"inLanguage":"es","potentialAction":[{"@type":"ReadAction","target":["https:\/\/blogs.uninter.edu.mx\/ehli\/index.php\/2025\/06\/23\/protestas-contra-el-ice\/"]}]},{"@type":"ImageObject","inLanguage":"es","@id":"https:\/\/blogs.uninter.edu.mx\/ehli\/index.php\/2025\/06\/23\/protestas-contra-el-ice\/#primaryimage","url":"https:\/\/blogs.uninter.edu.mx\/ehli\/wp-content\/uploads\/2025\/06\/image-43.png","contentUrl":"https:\/\/blogs.uninter.edu.mx\/ehli\/wp-content\/uploads\/2025\/06\/image-43.png","width":800,"height":450},{"@type":"BreadcrumbList","@id":"https:\/\/blogs.uninter.edu.mx\/ehli\/index.php\/2025\/06\/23\/protestas-contra-el-ice\/#breadcrumb","itemListElement":[{"@type":"ListItem","position":1,"name":"Inicio","item":"https:\/\/blogs.uninter.edu.mx\/ehli\/"},{"@type":"ListItem","position":2,"name":"Protestas Contra el ICE \u00bfInsurrecci\u00f3n o Identidad?"}]},{"@type":"WebSite","@id":"https:\/\/blogs.uninter.edu.mx\/ehli\/#website","url":"https:\/\/blogs.uninter.edu.mx\/ehli\/","name":"EHLI","description":"UNINTER","potentialAction":[{"@type":"SearchAction","target":{"@type":"EntryPoint","urlTemplate":"https:\/\/blogs.uninter.edu.mx\/ehli\/?s={search_term_string}"},"query-input":{"@type":"PropertyValueSpecification","valueRequired":true,"valueName":"search_term_string"}}],"inLanguage":"es"},{"@type":"Person","@id":"https:\/\/blogs.uninter.edu.mx\/ehli\/#\/schema\/person\/10f2b6807da288729db3a7c1145ce539","name":"Jorge Arturo de Jes\u00fas Lop\u00e9z Curiel","image":{"@type":"ImageObject","inLanguage":"es","@id":"https:\/\/secure.gravatar.com\/avatar\/a8d9ac9618894bd63fa62cfe531cb48a06a06767aa4c6d7e1f30b3e6fe229c91?s=96&d=mm&r=g","url":"https:\/\/secure.gravatar.com\/avatar\/a8d9ac9618894bd63fa62cfe531cb48a06a06767aa4c6d7e1f30b3e6fe229c91?s=96&d=mm&r=g","contentUrl":"https:\/\/secure.gravatar.com\/avatar\/a8d9ac9618894bd63fa62cfe531cb48a06a06767aa4c6d7e1f30b3e6fe229c91?s=96&d=mm&r=g","caption":"Jorge Arturo de Jes\u00fas Lop\u00e9z Curiel"},"url":"https:\/\/blogs.uninter.edu.mx\/ehli\/index.php\/author\/jdejesus\/"}]}},"jetpack_featured_media_url":"https:\/\/blogs.uninter.edu.mx\/ehli\/wp-content\/uploads\/2025\/06\/image-43.png","_links":{"self":[{"href":"https:\/\/blogs.uninter.edu.mx\/ehli\/index.php\/wp-json\/wp\/v2\/posts\/11400","targetHints":{"allow":["GET"]}}],"collection":[{"href":"https:\/\/blogs.uninter.edu.mx\/ehli\/index.php\/wp-json\/wp\/v2\/posts"}],"about":[{"href":"https:\/\/blogs.uninter.edu.mx\/ehli\/index.php\/wp-json\/wp\/v2\/types\/post"}],"author":[{"embeddable":true,"href":"https:\/\/blogs.uninter.edu.mx\/ehli\/index.php\/wp-json\/wp\/v2\/users\/39"}],"replies":[{"embeddable":true,"href":"https:\/\/blogs.uninter.edu.mx\/ehli\/index.php\/wp-json\/wp\/v2\/comments?post=11400"}],"version-history":[{"count":3,"href":"https:\/\/blogs.uninter.edu.mx\/ehli\/index.php\/wp-json\/wp\/v2\/posts\/11400\/revisions"}],"predecessor-version":[{"id":11416,"href":"https:\/\/blogs.uninter.edu.mx\/ehli\/index.php\/wp-json\/wp\/v2\/posts\/11400\/revisions\/11416"}],"wp:featuredmedia":[{"embeddable":true,"href":"https:\/\/blogs.uninter.edu.mx\/ehli\/index.php\/wp-json\/wp\/v2\/media\/11401"}],"wp:attachment":[{"href":"https:\/\/blogs.uninter.edu.mx\/ehli\/index.php\/wp-json\/wp\/v2\/media?parent=11400"}],"wp:term":[{"taxonomy":"category","embeddable":true,"href":"https:\/\/blogs.uninter.edu.mx\/ehli\/index.php\/wp-json\/wp\/v2\/categories?post=11400"},{"taxonomy":"post_tag","embeddable":true,"href":"https:\/\/blogs.uninter.edu.mx\/ehli\/index.php\/wp-json\/wp\/v2\/tags?post=11400"}],"curies":[{"name":"wp","href":"https:\/\/api.w.org\/{rel}","templated":true}]}}