{"id":11425,"date":"2025-06-24T18:00:44","date_gmt":"2025-06-24T18:00:44","guid":{"rendered":"https:\/\/blogs.uninter.edu.mx\/ehli\/?p=11425"},"modified":"2025-06-24T18:00:52","modified_gmt":"2025-06-24T18:00:52","slug":"es-tu-adolescente-en-realidad-el-problema","status":"publish","type":"post","link":"https:\/\/blogs.uninter.edu.mx\/ehli\/index.php\/2025\/06\/24\/es-tu-adolescente-en-realidad-el-problema\/","title":{"rendered":"\u00bfEs tu adolescente en realidad el problema?"},"content":{"rendered":"\n<h2 class=\"wp-block-heading\">Algunas veces, los problemas familiares pueden ser injustamente adjudicados a los hijos.<\/h2>\n\n\n\n<h2 class=\"wp-block-heading\">Mientras que los adolescentes pueden ser dif\u00edciles en momentos, no son siempre ellos los causantes de los problemas.<\/h2>\n\n\n\n<h2 class=\"wp-block-heading\">Los hijos escuchan lo que sucede entre sus padres y pueden ser jalados a sus problemas.<\/h2>\n\n\n\n<h2 class=\"wp-block-heading\">Los adolescentes pueden abrumarse emocionalmente por los problemas de sus pap\u00e1s.<\/h2>\n\n\n\n<figure class=\"wp-block-image size-full\"><img loading=\"lazy\" decoding=\"async\" width=\"1000\" height=\"1000\" src=\"https:\/\/blogs.uninter.edu.mx\/ehli\/wp-content\/uploads\/2025\/06\/que-hacer-para-no-discutir-con-tus-hijos-adolescentes-y-evitar-conflictos-lg.jpg\" alt=\"\" class=\"wp-image-11426\"\/><\/figure>\n\n\n\n<p>La l\u00ednea de fondo es que los adolescentes pueden ser dif\u00edciles. Cualquier padre con un adolescente te podr\u00eda decir eso. Los adolescentes cuestionan nuestra autoridad. Muy seguido ellos sienten que tienen una mejor forma de resolver las cosas y eso puede ser muy frustrante a veces. Es por eso, que cuando los conflictos surgen en la familia, muchos padres culpan a sus adolescentes por sus dificultades. Despu\u00e9s de todo, si los adolescentes no fueran tan contrarios y\/o argumentativos, no habr\u00eda tanta tensi\u00f3n en la familia.<\/p>\n\n\n\n<p>Mientras que no podemos negar que los adolescentes pueden ser dif\u00edciles para los padres, no son siempre ellos los causantes de los problemas que surgen. Mientras que sus problemas conductuales suelen ser catalogados como el origen de los problemas que est\u00e1n alterando a la familia, frecuentemente son otros factores en casa los que contribuyen a dichas dificultades.<\/p>\n\n\n\n<figure class=\"wp-block-embed is-type-wp-embed is-provider-ehli wp-block-embed-ehli\"><div class=\"wp-block-embed__wrapper\">\n<blockquote class=\"wp-embedded-content\" data-secret=\"Vb5guFdyjN\"><a href=\"https:\/\/blogs.uninter.edu.mx\/ehli\/index.php\/2023\/03\/21\/como-enviar-a-tu-hijo-ansioso-a-un-campamento\/\">C\u00f3mo enviar a tu hijo ansioso a un campamento<\/a><\/blockquote><iframe loading=\"lazy\" class=\"wp-embedded-content\" sandbox=\"allow-scripts\" security=\"restricted\" style=\"position: absolute; clip: rect(1px, 1px, 1px, 1px);\" title=\"&#8220;C\u00f3mo enviar a tu hijo ansioso a un campamento&#8221; &#8212; EHLI\" src=\"https:\/\/blogs.uninter.edu.mx\/ehli\/index.php\/2023\/03\/21\/como-enviar-a-tu-hijo-ansioso-a-un-campamento\/embed\/#?secret=pist3BuIsz#?secret=Vb5guFdyjN\" data-secret=\"Vb5guFdyjN\" width=\"600\" height=\"338\" frameborder=\"0\" marginwidth=\"0\" marginheight=\"0\" scrolling=\"no\"><\/iframe>\n<\/div><\/figure>\n\n\n\n<p>En mi pr\u00e1ctica, he visto numerosos casos de padres que llevan a sus hijos a terapia porque son desafiantes o tienen problemas de adaptaci\u00f3n. Mientras que cuando hablo con los adolescentes, muy seguido descubro que el hijo se est\u00e1 manifestando ante los eventos en casa. Muy seguido, es porque los padres no logran comprender los cambios que los adolescentes est\u00e1n atravesando mientras que tratan de explorar lo que ellos son. Otras veces, los padres pueden poner sus propios conflictos en los hijos. Algunas veces ellos le ponen mucha presi\u00f3n a los hijos al grado que el hijo se siente abrumado y deja de ser capaz de lidiar con lo que est\u00e1 sucediendo en la familia.<\/p>\n\n\n<div class=\"wp-block-image\">\n<figure class=\"alignleft size-full\"><img loading=\"lazy\" decoding=\"async\" width=\"2000\" height=\"1250\" src=\"https:\/\/blogs.uninter.edu.mx\/ehli\/wp-content\/uploads\/2025\/06\/f141ad19-da0e-4e2b-b459-1dc3c7087332_source-aspect-ratio_default_0.jpg\" alt=\"\" class=\"wp-image-11427\"\/><\/figure>\n<\/div>\n\n\n<h2 class=\"wp-block-heading\">Cuando los adolescentes son mediadores de los padres<\/h2>\n\n\n\n<p>Los adolescentes podr\u00edan ser arrastrados a los conflictos emocionales entre los padres. Los adolescentes no son lo suficiente maduros para mediar las dificultades de sus padres. Algunas veces el hijo se convierte en el confidente de uno de los padres que le pide mantener secretos de su otro padre. Esto puede ser abrumador para el sentido de lealtad del hijo y para la estabilidad al interior de la familia. En su extremo, los adolescentes podr\u00edan tener que lidiar con padres en guerra que no se llevan bien.<\/p>\n\n\n\n<p>Estas situaciones pueden ser abrumadoras para los adolescentes y llevarlos a actuar de forma inapropiada. Cuando los hijos sienten que ellos tienen que cuidar a sus padres, su sentido de responsabilidad para ser un adulto en esa situaci\u00f3n puede ser elevado. Esto lo puede hacer m\u00e1s dif\u00edcil para ellos el aceptar la autoridad de los padres.<\/p>\n\n\n\n<p>Los adolescentes ven todo lo que sucede en el hogar, quieran o no. Cuando ellos se sienten emocionalmente abrumados por los problemas familiares, pueden convertirse en personas m\u00e1s exaltadas o tener menor habilidad para mantener un enfoque y suelen renunciar. Esto puede ser el resultado de bajas calificaciones, actitudes desafiantes o el desinter\u00e9s en su futuro. Los padres podr\u00edan de forma inadvertida llevar a los hijos por este camino al negarse a asumir su responsabilidad como padres o al no proteger a sus hijos de los problemas adultos que los padres podr\u00edan estar enfrentando.<\/p>\n\n\n\n<figure class=\"wp-block-embed is-type-wp-embed is-provider-ehli wp-block-embed-ehli\"><div class=\"wp-block-embed__wrapper\">\n<blockquote class=\"wp-embedded-content\" data-secret=\"BDdlv2B3w3\"><a href=\"https:\/\/blogs.uninter.edu.mx\/ehli\/index.php\/2024\/02\/06\/un-emoji-vale-lo-que-mil-palabras\/\">Un EMOJI vale lo que mil palabras<\/a><\/blockquote><iframe loading=\"lazy\" class=\"wp-embedded-content\" sandbox=\"allow-scripts\" security=\"restricted\" style=\"position: absolute; clip: rect(1px, 1px, 1px, 1px);\" title=\"&#8220;Un EMOJI vale lo que mil palabras&#8221; &#8212; EHLI\" src=\"https:\/\/blogs.uninter.edu.mx\/ehli\/index.php\/2024\/02\/06\/un-emoji-vale-lo-que-mil-palabras\/embed\/#?secret=iu4HEt4Gic#?secret=BDdlv2B3w3\" data-secret=\"BDdlv2B3w3\" width=\"600\" height=\"338\" frameborder=\"0\" marginwidth=\"0\" marginheight=\"0\" scrolling=\"no\"><\/iframe>\n<\/div><\/figure>\n\n\n\n<h2 class=\"wp-block-heading\">Tu adolescente podr\u00eda no tener la culpa<\/h2>\n\n\n\n<p>La psicolog\u00eda tiene un t\u00e9rmino para los hijos que son culpados de los problemas dentro de la familia. Se le llama ser el \u201cpaciente identificado\u201d. Cuando uno de los hijos es visto como el problema, es una forma f\u00e1cil para los padres de poner el problema en otro lugar que no sea ellos. Es una forma que tienen los adultos de evadir la aceptaci\u00f3n de su propia responsabilidad en las dificultades que est\u00e1n sucediendo.<\/p>\n\n\n\n<p>Es importante que los padres le den un buen vistazo a todo lo que est\u00e1 sucediendo en su hogares antes de saltar a conclusiones donde toda la culpa recaiga en los hijos. Esto no significa que los adolescentes no sean dif\u00edciles. Todos sabemos que lo pueden ser. Como sea, si un hijo que le estaba yendo bien y ahora tiene problemas de conducta, lo mejor para todos ser\u00eda que los padres exploraran todos los factores involucrados y no solo culpar a los hijos.<\/p>\n\n\n\n<figure class=\"wp-block-embed is-type-wp-embed is-provider-ehli wp-block-embed-ehli\"><div class=\"wp-block-embed__wrapper\">\n<blockquote class=\"wp-embedded-content\" data-secret=\"sONsBeWdEG\"><a href=\"https:\/\/blogs.uninter.edu.mx\/ehli\/index.php\/2023\/09\/05\/5-pasos-para-lograr-una-conexion-emocional-con-tu-hijo-de-primaria\/\">5 pasos para lograr una conexi\u00f3n emocional con tu hijo de primaria<\/a><\/blockquote><iframe loading=\"lazy\" class=\"wp-embedded-content\" sandbox=\"allow-scripts\" security=\"restricted\" style=\"position: absolute; clip: rect(1px, 1px, 1px, 1px);\" title=\"&#8220;5 pasos para lograr una conexi\u00f3n emocional con tu hijo de primaria&#8221; &#8212; EHLI\" src=\"https:\/\/blogs.uninter.edu.mx\/ehli\/index.php\/2023\/09\/05\/5-pasos-para-lograr-una-conexion-emocional-con-tu-hijo-de-primaria\/embed\/#?secret=VifUyzGWGo#?secret=sONsBeWdEG\" data-secret=\"sONsBeWdEG\" width=\"600\" height=\"338\" frameborder=\"0\" marginwidth=\"0\" marginheight=\"0\" scrolling=\"no\"><\/iframe>\n<\/div><\/figure>\n\n\n\n<p><a href=\"https:\/\/www.psychologytoday.com\/us\/contributors\/david-schwartz-lmft\"><\/a><\/p>\n\n\n\n<p>David Schwartz, LMFT,\u00a0is a licensed Marriage and Family Therapist who works with adolescents, adults, couples, and families in Westlake Village, California.<\/p>\n\n\n\n<p><a href=\"https:\/\/www.psychologytoday.com\/us\/blog\/adolescents-explained\/202505\/is-your-teen-really-the-problem\">https:\/\/www.psychologytoday.com\/us\/blog\/adolescents-explained\/202505\/is-your-teen-really-the-problem<\/a><\/p>\n","protected":false},"excerpt":{"rendered":"<p>Algunas veces, los problemas familiares pueden ser injustamente adjudicados a los hijos. Mientras que los adolescentes pueden ser dif\u00edciles en momentos, no son siempre ellos los causantes de los problemas. Los hijos escuchan lo que sucede entre sus padres y pueden ser jalados a sus problemas. Los adolescentes pueden abrumarse emocionalmente por los problemas de&hellip;<\/p>\n","protected":false},"author":9,"featured_media":11427,"comment_status":"open","ping_status":"open","sticky":false,"template":"","format":"standard","meta":{"rop_custom_images_group":[],"rop_custom_messages_group":[],"rop_publish_now":"initial","rop_publish_now_accounts":[],"rop_publish_now_history":[],"rop_publish_now_status":"pending","footnotes":""},"categories":[9,119,10,116,310],"tags":[271,29,774],"class_list":["post-11425","post","type-post","status-publish","format-standard","has-post-thumbnail","hentry","category-lps","category-lic-en-psicologia","category-lpo","category-lic-en-psicologia-organizacional","category-psicologia","tag-adolescentes","tag-licenciatura-en-psicologia","tag-padres-y-adolescentes"],"yoast_head":"<!-- This site is optimized with the Yoast SEO plugin v27.4 - https:\/\/yoast.com\/product\/yoast-seo-wordpress\/ -->\r\n<title>\u00bfEs tu adolescente en realidad el problema? - EHLI<\/title>\r\n<meta name=\"robots\" content=\"index, follow, max-snippet:-1, max-image-preview:large, max-video-preview:-1\" \/>\r\n<link rel=\"canonical\" href=\"https:\/\/blogs.uninter.edu.mx\/ehli\/index.php\/2025\/06\/24\/es-tu-adolescente-en-realidad-el-problema\/\" \/>\r\n<meta property=\"og:locale\" content=\"es_MX\" \/>\r\n<meta property=\"og:type\" content=\"article\" \/>\r\n<meta property=\"og:title\" content=\"\u00bfEs tu adolescente en realidad el problema? - EHLI\" \/>\r\n<meta property=\"og:description\" content=\"Algunas veces, los problemas familiares pueden ser injustamente adjudicados a los hijos. Mientras que los adolescentes pueden ser dif\u00edciles en momentos, no son siempre ellos los causantes de los problemas. Los hijos escuchan lo que sucede entre sus padres y pueden ser jalados a sus problemas. Los adolescentes pueden abrumarse emocionalmente por los problemas de&hellip;\" \/>\r\n<meta property=\"og:url\" content=\"https:\/\/blogs.uninter.edu.mx\/ehli\/index.php\/2025\/06\/24\/es-tu-adolescente-en-realidad-el-problema\/\" \/>\r\n<meta property=\"og:site_name\" content=\"EHLI\" \/>\r\n<meta property=\"article:published_time\" content=\"2025-06-24T18:00:44+00:00\" \/>\r\n<meta property=\"article:modified_time\" content=\"2025-06-24T18:00:52+00:00\" \/>\r\n<meta property=\"og:image\" content=\"https:\/\/blogs.uninter.edu.mx\/ehli\/wp-content\/uploads\/2025\/06\/f141ad19-da0e-4e2b-b459-1dc3c7087332_source-aspect-ratio_default_0.jpg\" \/>\r\n\t<meta property=\"og:image:width\" content=\"2000\" \/>\r\n\t<meta property=\"og:image:height\" content=\"1250\" \/>\r\n\t<meta property=\"og:image:type\" content=\"image\/jpeg\" \/>\r\n<meta name=\"author\" content=\"Ayushi Hern\u00e1ndez\" \/>\r\n<meta name=\"twitter:card\" content=\"summary_large_image\" \/>\r\n<meta name=\"twitter:label1\" content=\"Escrito por\" \/>\n\t<meta name=\"twitter:data1\" content=\"Ayushi Hern\u00e1ndez\" \/>\n\t<meta name=\"twitter:label2\" content=\"Tiempo de lectura\" \/>\n\t<meta name=\"twitter:data2\" content=\"4 minutos\" \/>\r\n<script type=\"application\/ld+json\" class=\"yoast-schema-graph\">{\"@context\":\"https:\\\/\\\/schema.org\",\"@graph\":[{\"@type\":\"Article\",\"@id\":\"https:\\\/\\\/blogs.uninter.edu.mx\\\/ehli\\\/index.php\\\/2025\\\/06\\\/24\\\/es-tu-adolescente-en-realidad-el-problema\\\/#article\",\"isPartOf\":{\"@id\":\"https:\\\/\\\/blogs.uninter.edu.mx\\\/ehli\\\/index.php\\\/2025\\\/06\\\/24\\\/es-tu-adolescente-en-realidad-el-problema\\\/\"},\"author\":{\"name\":\"Ayushi Hern\u00e1ndez\",\"@id\":\"https:\\\/\\\/blogs.uninter.edu.mx\\\/ehli\\\/#\\\/schema\\\/person\\\/35e202367c5f76f73c8c26d090ca8c8e\"},\"headline\":\"\u00bfEs tu adolescente en realidad el problema?\",\"datePublished\":\"2025-06-24T18:00:44+00:00\",\"dateModified\":\"2025-06-24T18:00:52+00:00\",\"mainEntityOfPage\":{\"@id\":\"https:\\\/\\\/blogs.uninter.edu.mx\\\/ehli\\\/index.php\\\/2025\\\/06\\\/24\\\/es-tu-adolescente-en-realidad-el-problema\\\/\"},\"wordCount\":819,\"commentCount\":0,\"image\":{\"@id\":\"https:\\\/\\\/blogs.uninter.edu.mx\\\/ehli\\\/index.php\\\/2025\\\/06\\\/24\\\/es-tu-adolescente-en-realidad-el-problema\\\/#primaryimage\"},\"thumbnailUrl\":\"https:\\\/\\\/blogs.uninter.edu.mx\\\/ehli\\\/wp-content\\\/uploads\\\/2025\\\/06\\\/f141ad19-da0e-4e2b-b459-1dc3c7087332_source-aspect-ratio_default_0.jpg\",\"keywords\":[\"Adolescentes\",\"Licenciatura en Psicolog\u00eda\",\"padres y adolescentes\"],\"articleSection\":[\"Lic. en Psicolog\u00eda\",\"Lic. en Psicolog\u00eda\",\"Lic. en Psicolog\u00eda Organizacional\",\"Lic. en Psicolog\u00eda Organizacional\",\"Psicolog\u00eda\"],\"inLanguage\":\"es\",\"potentialAction\":[{\"@type\":\"CommentAction\",\"name\":\"Comment\",\"target\":[\"https:\\\/\\\/blogs.uninter.edu.mx\\\/ehli\\\/index.php\\\/2025\\\/06\\\/24\\\/es-tu-adolescente-en-realidad-el-problema\\\/#respond\"]}]},{\"@type\":\"WebPage\",\"@id\":\"https:\\\/\\\/blogs.uninter.edu.mx\\\/ehli\\\/index.php\\\/2025\\\/06\\\/24\\\/es-tu-adolescente-en-realidad-el-problema\\\/\",\"url\":\"https:\\\/\\\/blogs.uninter.edu.mx\\\/ehli\\\/index.php\\\/2025\\\/06\\\/24\\\/es-tu-adolescente-en-realidad-el-problema\\\/\",\"name\":\"\u00bfEs tu adolescente en realidad el problema? - EHLI\",\"isPartOf\":{\"@id\":\"https:\\\/\\\/blogs.uninter.edu.mx\\\/ehli\\\/#website\"},\"primaryImageOfPage\":{\"@id\":\"https:\\\/\\\/blogs.uninter.edu.mx\\\/ehli\\\/index.php\\\/2025\\\/06\\\/24\\\/es-tu-adolescente-en-realidad-el-problema\\\/#primaryimage\"},\"image\":{\"@id\":\"https:\\\/\\\/blogs.uninter.edu.mx\\\/ehli\\\/index.php\\\/2025\\\/06\\\/24\\\/es-tu-adolescente-en-realidad-el-problema\\\/#primaryimage\"},\"thumbnailUrl\":\"https:\\\/\\\/blogs.uninter.edu.mx\\\/ehli\\\/wp-content\\\/uploads\\\/2025\\\/06\\\/f141ad19-da0e-4e2b-b459-1dc3c7087332_source-aspect-ratio_default_0.jpg\",\"datePublished\":\"2025-06-24T18:00:44+00:00\",\"dateModified\":\"2025-06-24T18:00:52+00:00\",\"author\":{\"@id\":\"https:\\\/\\\/blogs.uninter.edu.mx\\\/ehli\\\/#\\\/schema\\\/person\\\/35e202367c5f76f73c8c26d090ca8c8e\"},\"breadcrumb\":{\"@id\":\"https:\\\/\\\/blogs.uninter.edu.mx\\\/ehli\\\/index.php\\\/2025\\\/06\\\/24\\\/es-tu-adolescente-en-realidad-el-problema\\\/#breadcrumb\"},\"inLanguage\":\"es\",\"potentialAction\":[{\"@type\":\"ReadAction\",\"target\":[\"https:\\\/\\\/blogs.uninter.edu.mx\\\/ehli\\\/index.php\\\/2025\\\/06\\\/24\\\/es-tu-adolescente-en-realidad-el-problema\\\/\"]}]},{\"@type\":\"ImageObject\",\"inLanguage\":\"es\",\"@id\":\"https:\\\/\\\/blogs.uninter.edu.mx\\\/ehli\\\/index.php\\\/2025\\\/06\\\/24\\\/es-tu-adolescente-en-realidad-el-problema\\\/#primaryimage\",\"url\":\"https:\\\/\\\/blogs.uninter.edu.mx\\\/ehli\\\/wp-content\\\/uploads\\\/2025\\\/06\\\/f141ad19-da0e-4e2b-b459-1dc3c7087332_source-aspect-ratio_default_0.jpg\",\"contentUrl\":\"https:\\\/\\\/blogs.uninter.edu.mx\\\/ehli\\\/wp-content\\\/uploads\\\/2025\\\/06\\\/f141ad19-da0e-4e2b-b459-1dc3c7087332_source-aspect-ratio_default_0.jpg\",\"width\":2000,\"height\":1250},{\"@type\":\"BreadcrumbList\",\"@id\":\"https:\\\/\\\/blogs.uninter.edu.mx\\\/ehli\\\/index.php\\\/2025\\\/06\\\/24\\\/es-tu-adolescente-en-realidad-el-problema\\\/#breadcrumb\",\"itemListElement\":[{\"@type\":\"ListItem\",\"position\":1,\"name\":\"Inicio\",\"item\":\"https:\\\/\\\/blogs.uninter.edu.mx\\\/ehli\\\/\"},{\"@type\":\"ListItem\",\"position\":2,\"name\":\"\u00bfEs tu adolescente en realidad el problema?\"}]},{\"@type\":\"WebSite\",\"@id\":\"https:\\\/\\\/blogs.uninter.edu.mx\\\/ehli\\\/#website\",\"url\":\"https:\\\/\\\/blogs.uninter.edu.mx\\\/ehli\\\/\",\"name\":\"EHLI\",\"description\":\"UNINTER\",\"potentialAction\":[{\"@type\":\"SearchAction\",\"target\":{\"@type\":\"EntryPoint\",\"urlTemplate\":\"https:\\\/\\\/blogs.uninter.edu.mx\\\/ehli\\\/?s={search_term_string}\"},\"query-input\":{\"@type\":\"PropertyValueSpecification\",\"valueRequired\":true,\"valueName\":\"search_term_string\"}}],\"inLanguage\":\"es\"},{\"@type\":\"Person\",\"@id\":\"https:\\\/\\\/blogs.uninter.edu.mx\\\/ehli\\\/#\\\/schema\\\/person\\\/35e202367c5f76f73c8c26d090ca8c8e\",\"name\":\"Ayushi Hern\u00e1ndez\",\"image\":{\"@type\":\"ImageObject\",\"inLanguage\":\"es\",\"@id\":\"https:\\\/\\\/secure.gravatar.com\\\/avatar\\\/d0f0d5e9bf542e61a8e4e2861899392d3d4f0b30b1c0efa9066a43efe1c7a702?s=96&d=mm&r=g\",\"url\":\"https:\\\/\\\/secure.gravatar.com\\\/avatar\\\/d0f0d5e9bf542e61a8e4e2861899392d3d4f0b30b1c0efa9066a43efe1c7a702?s=96&d=mm&r=g\",\"contentUrl\":\"https:\\\/\\\/secure.gravatar.com\\\/avatar\\\/d0f0d5e9bf542e61a8e4e2861899392d3d4f0b30b1c0efa9066a43efe1c7a702?s=96&d=mm&r=g\",\"caption\":\"Ayushi Hern\u00e1ndez\"},\"url\":\"https:\\\/\\\/blogs.uninter.edu.mx\\\/ehli\\\/index.php\\\/author\\\/ahernandez\\\/\"}]}<\/script>\r\n<!-- \/ Yoast SEO plugin. -->","yoast_head_json":{"title":"\u00bfEs tu adolescente en realidad el problema? - EHLI","robots":{"index":"index","follow":"follow","max-snippet":"max-snippet:-1","max-image-preview":"max-image-preview:large","max-video-preview":"max-video-preview:-1"},"canonical":"https:\/\/blogs.uninter.edu.mx\/ehli\/index.php\/2025\/06\/24\/es-tu-adolescente-en-realidad-el-problema\/","og_locale":"es_MX","og_type":"article","og_title":"\u00bfEs tu adolescente en realidad el problema? - EHLI","og_description":"Algunas veces, los problemas familiares pueden ser injustamente adjudicados a los hijos. Mientras que los adolescentes pueden ser dif\u00edciles en momentos, no son siempre ellos los causantes de los problemas. Los hijos escuchan lo que sucede entre sus padres y pueden ser jalados a sus problemas. Los adolescentes pueden abrumarse emocionalmente por los problemas de&hellip;","og_url":"https:\/\/blogs.uninter.edu.mx\/ehli\/index.php\/2025\/06\/24\/es-tu-adolescente-en-realidad-el-problema\/","og_site_name":"EHLI","article_published_time":"2025-06-24T18:00:44+00:00","article_modified_time":"2025-06-24T18:00:52+00:00","og_image":[{"width":2000,"height":1250,"url":"https:\/\/blogs.uninter.edu.mx\/ehli\/wp-content\/uploads\/2025\/06\/f141ad19-da0e-4e2b-b459-1dc3c7087332_source-aspect-ratio_default_0.jpg","type":"image\/jpeg"}],"author":"Ayushi Hern\u00e1ndez","twitter_card":"summary_large_image","twitter_misc":{"Escrito por":"Ayushi Hern\u00e1ndez","Tiempo de lectura":"4 minutos"},"schema":{"@context":"https:\/\/schema.org","@graph":[{"@type":"Article","@id":"https:\/\/blogs.uninter.edu.mx\/ehli\/index.php\/2025\/06\/24\/es-tu-adolescente-en-realidad-el-problema\/#article","isPartOf":{"@id":"https:\/\/blogs.uninter.edu.mx\/ehli\/index.php\/2025\/06\/24\/es-tu-adolescente-en-realidad-el-problema\/"},"author":{"name":"Ayushi Hern\u00e1ndez","@id":"https:\/\/blogs.uninter.edu.mx\/ehli\/#\/schema\/person\/35e202367c5f76f73c8c26d090ca8c8e"},"headline":"\u00bfEs tu adolescente en realidad el problema?","datePublished":"2025-06-24T18:00:44+00:00","dateModified":"2025-06-24T18:00:52+00:00","mainEntityOfPage":{"@id":"https:\/\/blogs.uninter.edu.mx\/ehli\/index.php\/2025\/06\/24\/es-tu-adolescente-en-realidad-el-problema\/"},"wordCount":819,"commentCount":0,"image":{"@id":"https:\/\/blogs.uninter.edu.mx\/ehli\/index.php\/2025\/06\/24\/es-tu-adolescente-en-realidad-el-problema\/#primaryimage"},"thumbnailUrl":"https:\/\/blogs.uninter.edu.mx\/ehli\/wp-content\/uploads\/2025\/06\/f141ad19-da0e-4e2b-b459-1dc3c7087332_source-aspect-ratio_default_0.jpg","keywords":["Adolescentes","Licenciatura en Psicolog\u00eda","padres y adolescentes"],"articleSection":["Lic. en Psicolog\u00eda","Lic. en Psicolog\u00eda","Lic. en Psicolog\u00eda Organizacional","Lic. en Psicolog\u00eda Organizacional","Psicolog\u00eda"],"inLanguage":"es","potentialAction":[{"@type":"CommentAction","name":"Comment","target":["https:\/\/blogs.uninter.edu.mx\/ehli\/index.php\/2025\/06\/24\/es-tu-adolescente-en-realidad-el-problema\/#respond"]}]},{"@type":"WebPage","@id":"https:\/\/blogs.uninter.edu.mx\/ehli\/index.php\/2025\/06\/24\/es-tu-adolescente-en-realidad-el-problema\/","url":"https:\/\/blogs.uninter.edu.mx\/ehli\/index.php\/2025\/06\/24\/es-tu-adolescente-en-realidad-el-problema\/","name":"\u00bfEs tu adolescente en realidad el problema? - EHLI","isPartOf":{"@id":"https:\/\/blogs.uninter.edu.mx\/ehli\/#website"},"primaryImageOfPage":{"@id":"https:\/\/blogs.uninter.edu.mx\/ehli\/index.php\/2025\/06\/24\/es-tu-adolescente-en-realidad-el-problema\/#primaryimage"},"image":{"@id":"https:\/\/blogs.uninter.edu.mx\/ehli\/index.php\/2025\/06\/24\/es-tu-adolescente-en-realidad-el-problema\/#primaryimage"},"thumbnailUrl":"https:\/\/blogs.uninter.edu.mx\/ehli\/wp-content\/uploads\/2025\/06\/f141ad19-da0e-4e2b-b459-1dc3c7087332_source-aspect-ratio_default_0.jpg","datePublished":"2025-06-24T18:00:44+00:00","dateModified":"2025-06-24T18:00:52+00:00","author":{"@id":"https:\/\/blogs.uninter.edu.mx\/ehli\/#\/schema\/person\/35e202367c5f76f73c8c26d090ca8c8e"},"breadcrumb":{"@id":"https:\/\/blogs.uninter.edu.mx\/ehli\/index.php\/2025\/06\/24\/es-tu-adolescente-en-realidad-el-problema\/#breadcrumb"},"inLanguage":"es","potentialAction":[{"@type":"ReadAction","target":["https:\/\/blogs.uninter.edu.mx\/ehli\/index.php\/2025\/06\/24\/es-tu-adolescente-en-realidad-el-problema\/"]}]},{"@type":"ImageObject","inLanguage":"es","@id":"https:\/\/blogs.uninter.edu.mx\/ehli\/index.php\/2025\/06\/24\/es-tu-adolescente-en-realidad-el-problema\/#primaryimage","url":"https:\/\/blogs.uninter.edu.mx\/ehli\/wp-content\/uploads\/2025\/06\/f141ad19-da0e-4e2b-b459-1dc3c7087332_source-aspect-ratio_default_0.jpg","contentUrl":"https:\/\/blogs.uninter.edu.mx\/ehli\/wp-content\/uploads\/2025\/06\/f141ad19-da0e-4e2b-b459-1dc3c7087332_source-aspect-ratio_default_0.jpg","width":2000,"height":1250},{"@type":"BreadcrumbList","@id":"https:\/\/blogs.uninter.edu.mx\/ehli\/index.php\/2025\/06\/24\/es-tu-adolescente-en-realidad-el-problema\/#breadcrumb","itemListElement":[{"@type":"ListItem","position":1,"name":"Inicio","item":"https:\/\/blogs.uninter.edu.mx\/ehli\/"},{"@type":"ListItem","position":2,"name":"\u00bfEs tu adolescente en realidad el problema?"}]},{"@type":"WebSite","@id":"https:\/\/blogs.uninter.edu.mx\/ehli\/#website","url":"https:\/\/blogs.uninter.edu.mx\/ehli\/","name":"EHLI","description":"UNINTER","potentialAction":[{"@type":"SearchAction","target":{"@type":"EntryPoint","urlTemplate":"https:\/\/blogs.uninter.edu.mx\/ehli\/?s={search_term_string}"},"query-input":{"@type":"PropertyValueSpecification","valueRequired":true,"valueName":"search_term_string"}}],"inLanguage":"es"},{"@type":"Person","@id":"https:\/\/blogs.uninter.edu.mx\/ehli\/#\/schema\/person\/35e202367c5f76f73c8c26d090ca8c8e","name":"Ayushi Hern\u00e1ndez","image":{"@type":"ImageObject","inLanguage":"es","@id":"https:\/\/secure.gravatar.com\/avatar\/d0f0d5e9bf542e61a8e4e2861899392d3d4f0b30b1c0efa9066a43efe1c7a702?s=96&d=mm&r=g","url":"https:\/\/secure.gravatar.com\/avatar\/d0f0d5e9bf542e61a8e4e2861899392d3d4f0b30b1c0efa9066a43efe1c7a702?s=96&d=mm&r=g","contentUrl":"https:\/\/secure.gravatar.com\/avatar\/d0f0d5e9bf542e61a8e4e2861899392d3d4f0b30b1c0efa9066a43efe1c7a702?s=96&d=mm&r=g","caption":"Ayushi Hern\u00e1ndez"},"url":"https:\/\/blogs.uninter.edu.mx\/ehli\/index.php\/author\/ahernandez\/"}]}},"jetpack_featured_media_url":"https:\/\/blogs.uninter.edu.mx\/ehli\/wp-content\/uploads\/2025\/06\/f141ad19-da0e-4e2b-b459-1dc3c7087332_source-aspect-ratio_default_0.jpg","_links":{"self":[{"href":"https:\/\/blogs.uninter.edu.mx\/ehli\/index.php\/wp-json\/wp\/v2\/posts\/11425","targetHints":{"allow":["GET"]}}],"collection":[{"href":"https:\/\/blogs.uninter.edu.mx\/ehli\/index.php\/wp-json\/wp\/v2\/posts"}],"about":[{"href":"https:\/\/blogs.uninter.edu.mx\/ehli\/index.php\/wp-json\/wp\/v2\/types\/post"}],"author":[{"embeddable":true,"href":"https:\/\/blogs.uninter.edu.mx\/ehli\/index.php\/wp-json\/wp\/v2\/users\/9"}],"replies":[{"embeddable":true,"href":"https:\/\/blogs.uninter.edu.mx\/ehli\/index.php\/wp-json\/wp\/v2\/comments?post=11425"}],"version-history":[{"count":1,"href":"https:\/\/blogs.uninter.edu.mx\/ehli\/index.php\/wp-json\/wp\/v2\/posts\/11425\/revisions"}],"predecessor-version":[{"id":11428,"href":"https:\/\/blogs.uninter.edu.mx\/ehli\/index.php\/wp-json\/wp\/v2\/posts\/11425\/revisions\/11428"}],"wp:featuredmedia":[{"embeddable":true,"href":"https:\/\/blogs.uninter.edu.mx\/ehli\/index.php\/wp-json\/wp\/v2\/media\/11427"}],"wp:attachment":[{"href":"https:\/\/blogs.uninter.edu.mx\/ehli\/index.php\/wp-json\/wp\/v2\/media?parent=11425"}],"wp:term":[{"taxonomy":"category","embeddable":true,"href":"https:\/\/blogs.uninter.edu.mx\/ehli\/index.php\/wp-json\/wp\/v2\/categories?post=11425"},{"taxonomy":"post_tag","embeddable":true,"href":"https:\/\/blogs.uninter.edu.mx\/ehli\/index.php\/wp-json\/wp\/v2\/tags?post=11425"}],"curies":[{"name":"wp","href":"https:\/\/api.w.org\/{rel}","templated":true}]}}