{"id":11658,"date":"2025-09-15T16:29:36","date_gmt":"2025-09-15T16:29:36","guid":{"rendered":"https:\/\/blogs.uninter.edu.mx\/ehli\/?p=11658"},"modified":"2025-09-15T16:30:21","modified_gmt":"2025-09-15T16:30:21","slug":"la-inmediatez-concepto-clave-del-periodismo","status":"publish","type":"post","link":"https:\/\/blogs.uninter.edu.mx\/ehli\/index.php\/2025\/09\/15\/la-inmediatez-concepto-clave-del-periodismo\/","title":{"rendered":"La inmediatez, concepto clave del Periodismo"},"content":{"rendered":"\n<p><\/p>\n\n\n\n<figure class=\"wp-block-gallery has-nested-images columns-default is-cropped wp-block-gallery-1 is-layout-flex wp-block-gallery-is-layout-flex\">\n<figure class=\"wp-block-image size-large\"><img loading=\"lazy\" decoding=\"async\" width=\"1280\" height=\"700\" data-id=\"11661\" src=\"https:\/\/blogs.uninter.edu.mx\/ehli\/wp-content\/uploads\/2025\/09\/periodismo-multimedia-investigacion1.jpg\" alt=\"\" class=\"wp-image-11661\"\/><\/figure>\n<\/figure>\n\n\n\n<p><\/p>\n\n\n\n<p><a href=\"https:\/\/blogotomia.com\/aulaenred-accion\/category\/interactividad\/visibilizacion\/\" target=\"_blank\" rel=\"noreferrer noopener\">La importancia de la inmediatez en el periodismo radica en la necesidad de proporcionar informaci\u00f3n oportuna y relevante a la audiencia en un mundo cada vez m\u00e1s r\u00e1pido y digitalizado.<\/a>&nbsp;El papel de los periodistas deriva en su capacidad de ofrecer noticias en tiempo real, ya sea a trav\u00e9s de medios tradicionales como peri\u00f3dicos y televisi\u00f3n, o mediante plataformas digitales. La inmediatez en el periodismo es fundamental para satisfacer la necesidad de informaci\u00f3n actualizada, informar en tiempo real, competir en un entorno medi\u00e1tico saturado y fomentar la interacci\u00f3n con la audiencia. Es un elemento esencial en el periodismo contempor\u00e1neo, siempre y cuando se mantenga el compromiso con la precisi\u00f3n y la \u00e9tica period\u00edstica.<\/p>\n\n\n\n<h4 class=\"wp-block-heading\">Estrategias de comunicaci\u00f3n<\/h4>\n\n\n\n<p><a href=\"https:\/\/raco.cat\/index.php\/Hipertext\/article\/download\/10.31009-hipertext.net.2018.i16.11\/428630\/\" target=\"_blank\" rel=\"noreferrer noopener\">Las estrategias de comunicaci\u00f3n<\/a>&nbsp;ayudan a visibilizar y difundir las noticias y el contenido period\u00edstico. Los periodistas y los medios de comunicaci\u00f3n deben utilizar diversas t\u00e1cticas para asegurarse de que sus noticias lleguen al p\u00fablico objetivo de manera efectiva. Esto incluye la promoci\u00f3n a trav\u00e9s de diferentes canales, como redes sociales o medios tradicionales.<\/p>\n\n\n\n<p><a href=\"https:\/\/www.becas-santander.com\/es\/blog\/estrategias-de-comunicacion.html\" target=\"_blank\" rel=\"noreferrer noopener\">Las estrategias m\u00e1s utilizadas por los medios de comunicaci\u00f3n<\/a>&nbsp;son, entre muchos, los titulares impactantes, el uso de im\u00e1genes y multimedia, el uso de las redes sociales, las colaboraciones y entrevistas o la optimizaci\u00f3n para motores de b\u00fasqueda (<a href=\"https:\/\/rockcontent.com\/es\/blog\/que-es-seo\/#:~:text=SEO%20significa%20Search%20Engine%20Optimization,como%20Google%2C%20Yahoo%20o%20Youtube.\" target=\"_blank\" rel=\"noreferrer noopener\">SEO<\/a>).<\/p>\n\n\n\n<p>La periodista&nbsp;<a href=\"https:\/\/aragondigital.es\/author\/marta-gracia\/\" target=\"_blank\" rel=\"noreferrer noopener\">Marta Gracia Huerta<\/a>&nbsp;nos cuenta tras su experiencia laboral, cual es la estrategia de comunicaci\u00f3n que m\u00e1s resalta y los problemas que se desarrollan tras ellas.<\/p>\n\n\n\n<p><a href=\"https:\/\/soundcloud.com\/cristina-algarate\" target=\"_blank\" rel=\"noreferrer noopener\">Cristina Alg\u00e1rate<\/a> \u00b7 <a href=\"https:\/\/soundcloud.com\/cristina-algarate\/pregunta-1-marta\" target=\"_blank\" rel=\"noreferrer noopener\">&#8220;La estrategia de comunicaci\u00f3n m\u00e1s importante siempre es llegar a las personas&#8221;<\/a><\/p>\n\n\n\n<p>Adem\u00e1s, la periodista relaciona su conclusi\u00f3n sobre las estrategias de comunicaci\u00f3n con el famoso t\u00e9rmino \u00ab<a href=\"https:\/\/blog.hubspot.es\/website\/clickbait\" target=\"_blank\" rel=\"noreferrer noopener\">Clickbait<\/a>\u00ab. \u00abSe confunden las estrategias con titulares que den muchos \u00abclicks\u00bb y visitas. Aunque a veces esto es contradictorio, en muchas ocasiones es desde arriba donde te piden esos titulares jugosos. Al final esto repercute en noticias de baja calidad cortadas por el mismo patr\u00f3n. Se juega mucho con los n\u00fameros y con las especulaciones, sobre todo en noticias de sucesos. Se intenta exprimir para muchas veces para sacar un morbo que realmente no existe.\u00bb<\/p>\n\n\n\n<h4 class=\"wp-block-heading\">El papel de las redes sociales<\/h4>\n\n\n\n<p><a href=\"https:\/\/fundaciongabo.org\/es\/consultorio-etico\/consulta\/1571#:~:text=Las%20redes%20sociales%20permiten%20contactos,pueden%20cambiar%20el%20ejercicio%20profesional.\" target=\"_blank\" rel=\"noreferrer noopener\">Las redes sociales han tenido un impacto significativo en la visibilizaci\u00f3n en el periodismo. Su papel ha sido un punto clave para tener un mayor alcance, dar accesibilidad y llegar a audiencias mucho m\u00e1s amplias y diversas en comparaci\u00f3n con los medios tradicionales<\/a>. Los periodistas y los medios de comunicaci\u00f3n pueden compartir noticias y contenido en tiempo real a trav\u00e9s de plataformas como&nbsp;<a href=\"https:\/\/www.scielo.cl\/scielo.php?script=sci_arttext&amp;pid=S0719-367X2016000200016\" target=\"_blank\" rel=\"noreferrer noopener\">Twitter<\/a>,&nbsp;<a href=\"https:\/\/dialnet.unirioja.es\/servlet\/articulo?codigo=7694205\" target=\"_blank\" rel=\"noreferrer noopener\">Facebook<\/a>,&nbsp;<a href=\"https:\/\/compromiso.atresmedia.com\/levanta-la-cabeza\/actualidad\/periodismo-tiktok-como-plataforma-acorta-distancia-informacion-generaciones-mas-jovenes_202303066405c23258a0980001977915.html\" target=\"_blank\" rel=\"noreferrer noopener\">TikTok<\/a>,&nbsp;<a href=\"https:\/\/www.periodismociudadano.com\/el-uso-de-instagram-en-el-periodismo-profesional\/\" target=\"_blank\" rel=\"noreferrer noopener\">Instagram<\/a>&nbsp;o&nbsp;<a href=\"https:\/\/es.ejo-online.eu\/recent\/periodismo-a-traves-de-youtube\/\" target=\"_blank\" rel=\"noreferrer noopener\">YouTube<\/a>. Esto facilita la visibilizaci\u00f3n de informaci\u00f3n de manera r\u00e1pida y masiva.<\/p>\n\n\n\n<p>La periodista y graduada en comunicaci\u00f3n audiovisual,&nbsp;<a href=\"https:\/\/es.linkedin.com\/in\/lidia-pinilla-villuendas-810982258\" target=\"_blank\" rel=\"noreferrer noopener\">Lidia Pinilla Villuendas<\/a>, habla acerca de c\u00f3mo afecta el papel de las redes sociales en la informaci\u00f3n.<\/p>\n\n\n\n<p><a href=\"https:\/\/soundcloud.com\/cristina-algarate\/pregunta-2-lidia?utm_source=clipboard&amp;utm_campaign=wtshare&amp;utm_medium=widget&amp;utm_content=https%253A%252F%252Fsoundcloud.com%252Fcristina-algarate%252Fpregunta-2-lidia\">https:\/\/soundcloud.com\/cristina-algarate\/pregunta-2-lidia?utm_source=clipboard&amp;utm_campaign=wtshare&amp;utm_medium=widget&amp;utm_content=https%253A%252F%252Fsoundcloud.com%252Fcristina-algarate%252Fpregunta-2-lidia<\/a><\/p>\n\n\n\n<p class=\"has-medium-font-size\"><strong>La desinformaci\u00f3n<\/strong><\/p>\n\n\n\n<p>La inmediatez no debe comprometer la precisi\u00f3n y la veracidad de la informaci\u00f3n. Aunque la velocidad es crucial, los periodistas deben asegurar la verificar la informaci\u00f3n antes de publicarla. Adem\u00e1s de ser conscientes de la responsabilidad que conlleva el periodismo en tiempo real.<\/p>\n\n\n\n<p>Factores como las redes sociales han planteado desaf\u00edos en t\u00e9rminos de veracidad y desinformaci\u00f3n. Esto requiere una gesti\u00f3n cuidadosa y un enfoque responsable por parte de los periodistas y los usuarios.<\/p>\n\n\n\n<p>La periodista Marta Gracia nos explica la cuerda floja en la que se encuentran los periodistas en relaci\u00f3n con la inmediatez y la veracidad.<\/p>\n\n\n\n<p><a href=\"https:\/\/soundcloud.com\/cristina-algarate\/a-veces-te-quedas-solo-con-una-version-porque?utm_source=clipboard&amp;utm_campaign=wtshare&amp;utm_medium=widget&amp;utm_content=https%253A%252F%252Fsoundcloud.com%252Fcristina-algarate%252Fa-veces-te-quedas-solo-con-una-version-porque\">https:\/\/soundcloud.com\/cristina-algarate\/a-veces-te-quedas-solo-con-una-version-porque?utm_source=clipboard&amp;utm_campaign=wtshare&amp;utm_medium=widget&amp;utm_content=https%253A%252F%252Fsoundcloud.com%252Fcristina-algarate%252Fa-veces-te-quedas-solo-con-una-version-porque<\/a><\/p>\n\n\n\n<p>Por otro lado, nos invita a la reflexi\u00f3n a nivel de sociedad. \u00abVivimos en una sociedad en la que queremos todo ya, en el \u00e1mbito period\u00edstico, como en nuestro d\u00eda a d\u00eda. A veces no puede ser todo para ahora. Cometemos el error de dar por hecho noticias y datos cuando no deber\u00edamos hacerlo, y esto es precisamente bajo la responsabilidad de la inmediatez\u00bb<\/p>\n\n\n\n<h4 class=\"wp-block-heading\">El algoritmo y posicionamiento<\/h4>\n\n\n\n<p>En el contexto del periodismo digital, el algoritmo y el posicionamiento se refieren a c\u00f3mo los motores de b\u00fasqueda. Las plataformas de las redes sociales determinan qu\u00e9 noticias se muestran y en qu\u00e9 orden se presentan a los usuarios.<\/p>\n\n\n\n<p><a href=\"https:\/\/ude.edu.uy\/que-son-algoritmos\/\" target=\"_blank\" rel=\"noreferrer noopener\">Los algoritmos son conjuntos de reglas y procesos matem\u00e1ticos utilizados por los motores de b\u00fasqueda.<\/a>&nbsp;Por otro lado, las plataformas de redes sociales clasifican y filtran la informaci\u00f3n. Estos algoritmos analizan una variedad de factores, como la relevancia, la calidad, la autoridad y la popularidad. Este an\u00e1lisis determina qu\u00e9 noticias se muestran a los usuarios.<\/p>\n\n\n\n<p><a href=\"https:\/\/www.epsilontec.com\/algoritmos-en-redes-sociales-que-importancia-tienen\/\" target=\"_blank\" rel=\"noreferrer noopener\">En las plataformas de redes sociales los algoritmos utilizan se\u00f1ales como la interacci\u00f3n del usuario, la viralidad y las preferencias pasadas para determinar qu\u00e9 noticias se muestran en el feed de cada usuario.&nbsp;<\/a>Mientras que, en los motores de b\u00fasqueda como Google, analizan diferentes se\u00f1ales. Se\u00f1ales como palabras clave, enlaces entrantes y calidad del contenido que sirven para clasificar las noticias y presentar los resultados de b\u00fasqueda m\u00e1s \u00fatiles y relevantes para los usuarios.<\/p>\n\n\n\n<p>El posicionamiento se refiere a la ubicaci\u00f3n y visibilidad de las noticias en los resultados de b\u00fasqueda o en los feeds de las redes sociales. Esto puede verse afectado por diferentes factores, como la calidad del contenido, la optimizaci\u00f3n para motores de b\u00fasqueda (SEO), la autoridad del sitio web y la relevancia del contenido para las palabras clave buscadas.<\/p>\n\n\n\n<p>Es importante tener en cuenta los algoritmos y el posicionamiento en el periodismo, aunque pueden plantear desaf\u00edos y controversias. La periodista&nbsp;<a href=\"https:\/\/es.linkedin.com\/in\/lidia-pinilla-villuendas-810982258\" target=\"_blank\" rel=\"noreferrer noopener\">Lidia Pinilla<\/a>&nbsp;habla acerca de la importancia de esto en el mundo laboral period\u00edstico y la utilizaci\u00f3n de las t\u00e9cnicas SEO.<\/p>\n\n\n\n<p><a href=\"https:\/\/soundcloud.com\/cristina-algarate\/es-imprescindible-que-los-periodistas-utilicemos-las-tecnicas-seo?utm_source=clipboard&amp;utm_campaign=wtshare&amp;utm_medium=widget&amp;utm_content=https%253A%252F%252Fsoundcloud.com%252Fcristina-algarate%252Fes-imprescindible-que-los-periodistas-utilicemos-las-tecnicas-seo\">https:\/\/soundcloud.com\/cristina-algarate\/es-imprescindible-que-los-periodistas-utilicemos-las-tecnicas-seo?utm_source=clipboard&amp;utm_campaign=wtshare&amp;utm_medium=widget&amp;utm_content=https%253A%252F%252Fsoundcloud.com%252Fcristina-algarate%252Fes-imprescindible-que-los-periodistas-utilicemos-las-tecnicas-seo<\/a><\/p>\n\n\n\n<p>FUENTE: <a href=\"https:\/\/blogotomia.com\/aulaenred-accion\/\">Inicio &#8211; Aula en Red-Acci\u00f3n<\/a> <\/p>\n","protected":false},"excerpt":{"rendered":"<p>La importancia de la inmediatez en el periodismo radica en la necesidad de proporcionar informaci\u00f3n oportuna y relevante a la audiencia en un mundo cada vez m\u00e1s r\u00e1pido y digitalizado. El papel de los periodistas deriva en su capacidad de ofrecer noticias en tiempo real, ya sea a trav\u00e9s de medios tradicionales como peri\u00f3dicos y televisi\u00f3n, o mediante plataformas digitales. La inmediatez en el periodismo es fundamental para satisfacer la necesidad de informaci\u00f3n actualizada, informar en tiempo real, competir en un entorno medi\u00e1tico saturado y fomentar la interacci\u00f3n con la audiencia. Es un elemento esencial en el periodismo contempor\u00e1neo, siempre y cuando se mantenga el compromiso con la precisi\u00f3n y la \u00e9tica period\u00edstica.<\/p>\n","protected":false},"author":28,"featured_media":11661,"comment_status":"open","ping_status":"open","sticky":true,"template":"","format":"standard","meta":{"rop_custom_images_group":[],"rop_custom_messages_group":[],"rop_publish_now":"initial","rop_publish_now_accounts":[],"rop_publish_now_history":[],"rop_publish_now_status":"pending","footnotes":""},"categories":[312,564,3,110,4,111],"tags":[60],"class_list":["post-11658","post","type-post","status-publish","format-standard","has-post-thumbnail","hentry","category-comunicacion","category-ehli","category-lco","category-lic-en-comunicacion","category-corp","category-lic-en-comunicacion-y-relaciones-publicas","tag-ehli"],"yoast_head":"<!-- This site is optimized with the Yoast SEO plugin v27.4 - https:\/\/yoast.com\/product\/yoast-seo-wordpress\/ -->\r\n<title>La inmediatez, concepto clave del Periodismo - EHLI<\/title>\r\n<meta name=\"description\" content=\"Las redes sociales han tenido un impacto significativo en la visibilizaci\u00f3n en el periodismo. Su papel ha sido un punto clave para tener un mayor alcance, dar accesibilidad y llegar a audiencias mucho m\u00e1s amplias y diversas en comparaci\u00f3n con los medios tradicionales. Los periodistas y los medios de comunicaci\u00f3n pueden compartir noticias y contenido en tiempo real a trav\u00e9s de plataformas como Twitter, Facebook, TikTok, Instagram o YouTube. Esto facilita la visibilizaci\u00f3n de informaci\u00f3n de manera r\u00e1pida y masiva.\" \/>\r\n<meta name=\"robots\" content=\"index, follow, max-snippet:-1, max-image-preview:large, max-video-preview:-1\" \/>\r\n<link rel=\"canonical\" href=\"https:\/\/blogs.uninter.edu.mx\/ehli\/index.php\/2025\/09\/15\/la-inmediatez-concepto-clave-del-periodismo\/\" \/>\r\n<meta property=\"og:locale\" content=\"es_MX\" \/>\r\n<meta property=\"og:type\" content=\"article\" \/>\r\n<meta property=\"og:title\" content=\"La inmediatez, concepto clave del Periodismo - EHLI\" \/>\r\n<meta property=\"og:description\" content=\"Las redes sociales han tenido un impacto significativo en la visibilizaci\u00f3n en el periodismo. Su papel ha sido un punto clave para tener un mayor alcance, dar accesibilidad y llegar a audiencias mucho m\u00e1s amplias y diversas en comparaci\u00f3n con los medios tradicionales. Los periodistas y los medios de comunicaci\u00f3n pueden compartir noticias y contenido en tiempo real a trav\u00e9s de plataformas como Twitter, Facebook, TikTok, Instagram o YouTube. Esto facilita la visibilizaci\u00f3n de informaci\u00f3n de manera r\u00e1pida y masiva.\" \/>\r\n<meta property=\"og:url\" content=\"https:\/\/blogs.uninter.edu.mx\/ehli\/index.php\/2025\/09\/15\/la-inmediatez-concepto-clave-del-periodismo\/\" \/>\r\n<meta property=\"og:site_name\" content=\"EHLI\" \/>\r\n<meta property=\"article:published_time\" content=\"2025-09-15T16:29:36+00:00\" \/>\r\n<meta property=\"article:modified_time\" content=\"2025-09-15T16:30:21+00:00\" \/>\r\n<meta property=\"og:image\" content=\"https:\/\/blogs.uninter.edu.mx\/ehli\/wp-content\/uploads\/2025\/09\/periodismo-multimedia-investigacion1.jpg\" \/>\r\n\t<meta property=\"og:image:width\" content=\"1280\" \/>\r\n\t<meta property=\"og:image:height\" content=\"700\" \/>\r\n\t<meta property=\"og:image:type\" content=\"image\/jpeg\" \/>\r\n<meta name=\"author\" content=\"mocampo\" \/>\r\n<meta name=\"twitter:card\" content=\"summary_large_image\" \/>\r\n<meta name=\"twitter:label1\" content=\"Escrito por\" \/>\n\t<meta name=\"twitter:data1\" content=\"mocampo\" \/>\n\t<meta name=\"twitter:label2\" content=\"Tiempo de lectura\" \/>\n\t<meta name=\"twitter:data2\" content=\"5 minutos\" \/>\r\n<script type=\"application\/ld+json\" class=\"yoast-schema-graph\">{\"@context\":\"https:\\\/\\\/schema.org\",\"@graph\":[{\"@type\":\"Article\",\"@id\":\"https:\\\/\\\/blogs.uninter.edu.mx\\\/ehli\\\/index.php\\\/2025\\\/09\\\/15\\\/la-inmediatez-concepto-clave-del-periodismo\\\/#article\",\"isPartOf\":{\"@id\":\"https:\\\/\\\/blogs.uninter.edu.mx\\\/ehli\\\/index.php\\\/2025\\\/09\\\/15\\\/la-inmediatez-concepto-clave-del-periodismo\\\/\"},\"author\":{\"name\":\"mocampo\",\"@id\":\"https:\\\/\\\/blogs.uninter.edu.mx\\\/ehli\\\/#\\\/schema\\\/person\\\/f9426d100dd7db1b2a0be67166f80826\"},\"headline\":\"La inmediatez, concepto clave del Periodismo\",\"datePublished\":\"2025-09-15T16:29:36+00:00\",\"dateModified\":\"2025-09-15T16:30:21+00:00\",\"mainEntityOfPage\":{\"@id\":\"https:\\\/\\\/blogs.uninter.edu.mx\\\/ehli\\\/index.php\\\/2025\\\/09\\\/15\\\/la-inmediatez-concepto-clave-del-periodismo\\\/\"},\"wordCount\":1080,\"commentCount\":0,\"image\":{\"@id\":\"https:\\\/\\\/blogs.uninter.edu.mx\\\/ehli\\\/index.php\\\/2025\\\/09\\\/15\\\/la-inmediatez-concepto-clave-del-periodismo\\\/#primaryimage\"},\"thumbnailUrl\":\"https:\\\/\\\/blogs.uninter.edu.mx\\\/ehli\\\/wp-content\\\/uploads\\\/2025\\\/09\\\/periodismo-multimedia-investigacion1.jpg\",\"keywords\":[\"EHLI\"],\"articleSection\":[\"Comunicaci\u00f3n\",\"EHLI\",\"Lic. en Comunicaci\u00f3n\",\"Lic. en Comunicaci\u00f3n\",\"Lic. en Comunicaci\u00f3n y Relaciones P\u00fablicas\",\"Lic. en Comunicaci\u00f3n y Relaciones P\u00fablicas\"],\"inLanguage\":\"es\",\"potentialAction\":[{\"@type\":\"CommentAction\",\"name\":\"Comment\",\"target\":[\"https:\\\/\\\/blogs.uninter.edu.mx\\\/ehli\\\/index.php\\\/2025\\\/09\\\/15\\\/la-inmediatez-concepto-clave-del-periodismo\\\/#respond\"]}]},{\"@type\":\"WebPage\",\"@id\":\"https:\\\/\\\/blogs.uninter.edu.mx\\\/ehli\\\/index.php\\\/2025\\\/09\\\/15\\\/la-inmediatez-concepto-clave-del-periodismo\\\/\",\"url\":\"https:\\\/\\\/blogs.uninter.edu.mx\\\/ehli\\\/index.php\\\/2025\\\/09\\\/15\\\/la-inmediatez-concepto-clave-del-periodismo\\\/\",\"name\":\"La inmediatez, concepto clave del Periodismo - EHLI\",\"isPartOf\":{\"@id\":\"https:\\\/\\\/blogs.uninter.edu.mx\\\/ehli\\\/#website\"},\"primaryImageOfPage\":{\"@id\":\"https:\\\/\\\/blogs.uninter.edu.mx\\\/ehli\\\/index.php\\\/2025\\\/09\\\/15\\\/la-inmediatez-concepto-clave-del-periodismo\\\/#primaryimage\"},\"image\":{\"@id\":\"https:\\\/\\\/blogs.uninter.edu.mx\\\/ehli\\\/index.php\\\/2025\\\/09\\\/15\\\/la-inmediatez-concepto-clave-del-periodismo\\\/#primaryimage\"},\"thumbnailUrl\":\"https:\\\/\\\/blogs.uninter.edu.mx\\\/ehli\\\/wp-content\\\/uploads\\\/2025\\\/09\\\/periodismo-multimedia-investigacion1.jpg\",\"datePublished\":\"2025-09-15T16:29:36+00:00\",\"dateModified\":\"2025-09-15T16:30:21+00:00\",\"author\":{\"@id\":\"https:\\\/\\\/blogs.uninter.edu.mx\\\/ehli\\\/#\\\/schema\\\/person\\\/f9426d100dd7db1b2a0be67166f80826\"},\"description\":\"Las redes sociales han tenido un impacto significativo en la visibilizaci\u00f3n en el periodismo. Su papel ha sido un punto clave para tener un mayor alcance, dar accesibilidad y llegar a audiencias mucho m\u00e1s amplias y diversas en comparaci\u00f3n con los medios tradicionales. Los periodistas y los medios de comunicaci\u00f3n pueden compartir noticias y contenido en tiempo real a trav\u00e9s de plataformas como Twitter, Facebook, TikTok, Instagram o YouTube. Esto facilita la visibilizaci\u00f3n de informaci\u00f3n de manera r\u00e1pida y masiva.\",\"breadcrumb\":{\"@id\":\"https:\\\/\\\/blogs.uninter.edu.mx\\\/ehli\\\/index.php\\\/2025\\\/09\\\/15\\\/la-inmediatez-concepto-clave-del-periodismo\\\/#breadcrumb\"},\"inLanguage\":\"es\",\"potentialAction\":[{\"@type\":\"ReadAction\",\"target\":[\"https:\\\/\\\/blogs.uninter.edu.mx\\\/ehli\\\/index.php\\\/2025\\\/09\\\/15\\\/la-inmediatez-concepto-clave-del-periodismo\\\/\"]}]},{\"@type\":\"ImageObject\",\"inLanguage\":\"es\",\"@id\":\"https:\\\/\\\/blogs.uninter.edu.mx\\\/ehli\\\/index.php\\\/2025\\\/09\\\/15\\\/la-inmediatez-concepto-clave-del-periodismo\\\/#primaryimage\",\"url\":\"https:\\\/\\\/blogs.uninter.edu.mx\\\/ehli\\\/wp-content\\\/uploads\\\/2025\\\/09\\\/periodismo-multimedia-investigacion1.jpg\",\"contentUrl\":\"https:\\\/\\\/blogs.uninter.edu.mx\\\/ehli\\\/wp-content\\\/uploads\\\/2025\\\/09\\\/periodismo-multimedia-investigacion1.jpg\",\"width\":1280,\"height\":700},{\"@type\":\"BreadcrumbList\",\"@id\":\"https:\\\/\\\/blogs.uninter.edu.mx\\\/ehli\\\/index.php\\\/2025\\\/09\\\/15\\\/la-inmediatez-concepto-clave-del-periodismo\\\/#breadcrumb\",\"itemListElement\":[{\"@type\":\"ListItem\",\"position\":1,\"name\":\"Inicio\",\"item\":\"https:\\\/\\\/blogs.uninter.edu.mx\\\/ehli\\\/\"},{\"@type\":\"ListItem\",\"position\":2,\"name\":\"La inmediatez, concepto clave del Periodismo\"}]},{\"@type\":\"WebSite\",\"@id\":\"https:\\\/\\\/blogs.uninter.edu.mx\\\/ehli\\\/#website\",\"url\":\"https:\\\/\\\/blogs.uninter.edu.mx\\\/ehli\\\/\",\"name\":\"EHLI\",\"description\":\"UNINTER\",\"potentialAction\":[{\"@type\":\"SearchAction\",\"target\":{\"@type\":\"EntryPoint\",\"urlTemplate\":\"https:\\\/\\\/blogs.uninter.edu.mx\\\/ehli\\\/?s={search_term_string}\"},\"query-input\":{\"@type\":\"PropertyValueSpecification\",\"valueRequired\":true,\"valueName\":\"search_term_string\"}}],\"inLanguage\":\"es\"},{\"@type\":\"Person\",\"@id\":\"https:\\\/\\\/blogs.uninter.edu.mx\\\/ehli\\\/#\\\/schema\\\/person\\\/f9426d100dd7db1b2a0be67166f80826\",\"name\":\"mocampo\",\"image\":{\"@type\":\"ImageObject\",\"inLanguage\":\"es\",\"@id\":\"https:\\\/\\\/secure.gravatar.com\\\/avatar\\\/486a87ae86777f2d04f69759eb0a12f435703bd96e4bccfcbe628cd8a4b836c9?s=96&d=mm&r=g\",\"url\":\"https:\\\/\\\/secure.gravatar.com\\\/avatar\\\/486a87ae86777f2d04f69759eb0a12f435703bd96e4bccfcbe628cd8a4b836c9?s=96&d=mm&r=g\",\"contentUrl\":\"https:\\\/\\\/secure.gravatar.com\\\/avatar\\\/486a87ae86777f2d04f69759eb0a12f435703bd96e4bccfcbe628cd8a4b836c9?s=96&d=mm&r=g\",\"caption\":\"mocampo\"},\"url\":\"https:\\\/\\\/blogs.uninter.edu.mx\\\/ehli\\\/index.php\\\/author\\\/mocampo\\\/\"}]}<\/script>\r\n<!-- \/ Yoast SEO plugin. -->","yoast_head_json":{"title":"La inmediatez, concepto clave del Periodismo - EHLI","description":"Las redes sociales han tenido un impacto significativo en la visibilizaci\u00f3n en el periodismo. Su papel ha sido un punto clave para tener un mayor alcance, dar accesibilidad y llegar a audiencias mucho m\u00e1s amplias y diversas en comparaci\u00f3n con los medios tradicionales. Los periodistas y los medios de comunicaci\u00f3n pueden compartir noticias y contenido en tiempo real a trav\u00e9s de plataformas como Twitter, Facebook, TikTok, Instagram o YouTube. Esto facilita la visibilizaci\u00f3n de informaci\u00f3n de manera r\u00e1pida y masiva.","robots":{"index":"index","follow":"follow","max-snippet":"max-snippet:-1","max-image-preview":"max-image-preview:large","max-video-preview":"max-video-preview:-1"},"canonical":"https:\/\/blogs.uninter.edu.mx\/ehli\/index.php\/2025\/09\/15\/la-inmediatez-concepto-clave-del-periodismo\/","og_locale":"es_MX","og_type":"article","og_title":"La inmediatez, concepto clave del Periodismo - EHLI","og_description":"Las redes sociales han tenido un impacto significativo en la visibilizaci\u00f3n en el periodismo. Su papel ha sido un punto clave para tener un mayor alcance, dar accesibilidad y llegar a audiencias mucho m\u00e1s amplias y diversas en comparaci\u00f3n con los medios tradicionales. Los periodistas y los medios de comunicaci\u00f3n pueden compartir noticias y contenido en tiempo real a trav\u00e9s de plataformas como Twitter, Facebook, TikTok, Instagram o YouTube. Esto facilita la visibilizaci\u00f3n de informaci\u00f3n de manera r\u00e1pida y masiva.","og_url":"https:\/\/blogs.uninter.edu.mx\/ehli\/index.php\/2025\/09\/15\/la-inmediatez-concepto-clave-del-periodismo\/","og_site_name":"EHLI","article_published_time":"2025-09-15T16:29:36+00:00","article_modified_time":"2025-09-15T16:30:21+00:00","og_image":[{"width":1280,"height":700,"url":"https:\/\/blogs.uninter.edu.mx\/ehli\/wp-content\/uploads\/2025\/09\/periodismo-multimedia-investigacion1.jpg","type":"image\/jpeg"}],"author":"mocampo","twitter_card":"summary_large_image","twitter_misc":{"Escrito por":"mocampo","Tiempo de lectura":"5 minutos"},"schema":{"@context":"https:\/\/schema.org","@graph":[{"@type":"Article","@id":"https:\/\/blogs.uninter.edu.mx\/ehli\/index.php\/2025\/09\/15\/la-inmediatez-concepto-clave-del-periodismo\/#article","isPartOf":{"@id":"https:\/\/blogs.uninter.edu.mx\/ehli\/index.php\/2025\/09\/15\/la-inmediatez-concepto-clave-del-periodismo\/"},"author":{"name":"mocampo","@id":"https:\/\/blogs.uninter.edu.mx\/ehli\/#\/schema\/person\/f9426d100dd7db1b2a0be67166f80826"},"headline":"La inmediatez, concepto clave del Periodismo","datePublished":"2025-09-15T16:29:36+00:00","dateModified":"2025-09-15T16:30:21+00:00","mainEntityOfPage":{"@id":"https:\/\/blogs.uninter.edu.mx\/ehli\/index.php\/2025\/09\/15\/la-inmediatez-concepto-clave-del-periodismo\/"},"wordCount":1080,"commentCount":0,"image":{"@id":"https:\/\/blogs.uninter.edu.mx\/ehli\/index.php\/2025\/09\/15\/la-inmediatez-concepto-clave-del-periodismo\/#primaryimage"},"thumbnailUrl":"https:\/\/blogs.uninter.edu.mx\/ehli\/wp-content\/uploads\/2025\/09\/periodismo-multimedia-investigacion1.jpg","keywords":["EHLI"],"articleSection":["Comunicaci\u00f3n","EHLI","Lic. en Comunicaci\u00f3n","Lic. en Comunicaci\u00f3n","Lic. en Comunicaci\u00f3n y Relaciones P\u00fablicas","Lic. en Comunicaci\u00f3n y Relaciones P\u00fablicas"],"inLanguage":"es","potentialAction":[{"@type":"CommentAction","name":"Comment","target":["https:\/\/blogs.uninter.edu.mx\/ehli\/index.php\/2025\/09\/15\/la-inmediatez-concepto-clave-del-periodismo\/#respond"]}]},{"@type":"WebPage","@id":"https:\/\/blogs.uninter.edu.mx\/ehli\/index.php\/2025\/09\/15\/la-inmediatez-concepto-clave-del-periodismo\/","url":"https:\/\/blogs.uninter.edu.mx\/ehli\/index.php\/2025\/09\/15\/la-inmediatez-concepto-clave-del-periodismo\/","name":"La inmediatez, concepto clave del Periodismo - EHLI","isPartOf":{"@id":"https:\/\/blogs.uninter.edu.mx\/ehli\/#website"},"primaryImageOfPage":{"@id":"https:\/\/blogs.uninter.edu.mx\/ehli\/index.php\/2025\/09\/15\/la-inmediatez-concepto-clave-del-periodismo\/#primaryimage"},"image":{"@id":"https:\/\/blogs.uninter.edu.mx\/ehli\/index.php\/2025\/09\/15\/la-inmediatez-concepto-clave-del-periodismo\/#primaryimage"},"thumbnailUrl":"https:\/\/blogs.uninter.edu.mx\/ehli\/wp-content\/uploads\/2025\/09\/periodismo-multimedia-investigacion1.jpg","datePublished":"2025-09-15T16:29:36+00:00","dateModified":"2025-09-15T16:30:21+00:00","author":{"@id":"https:\/\/blogs.uninter.edu.mx\/ehli\/#\/schema\/person\/f9426d100dd7db1b2a0be67166f80826"},"description":"Las redes sociales han tenido un impacto significativo en la visibilizaci\u00f3n en el periodismo. Su papel ha sido un punto clave para tener un mayor alcance, dar accesibilidad y llegar a audiencias mucho m\u00e1s amplias y diversas en comparaci\u00f3n con los medios tradicionales. Los periodistas y los medios de comunicaci\u00f3n pueden compartir noticias y contenido en tiempo real a trav\u00e9s de plataformas como Twitter, Facebook, TikTok, Instagram o YouTube. Esto facilita la visibilizaci\u00f3n de informaci\u00f3n de manera r\u00e1pida y masiva.","breadcrumb":{"@id":"https:\/\/blogs.uninter.edu.mx\/ehli\/index.php\/2025\/09\/15\/la-inmediatez-concepto-clave-del-periodismo\/#breadcrumb"},"inLanguage":"es","potentialAction":[{"@type":"ReadAction","target":["https:\/\/blogs.uninter.edu.mx\/ehli\/index.php\/2025\/09\/15\/la-inmediatez-concepto-clave-del-periodismo\/"]}]},{"@type":"ImageObject","inLanguage":"es","@id":"https:\/\/blogs.uninter.edu.mx\/ehli\/index.php\/2025\/09\/15\/la-inmediatez-concepto-clave-del-periodismo\/#primaryimage","url":"https:\/\/blogs.uninter.edu.mx\/ehli\/wp-content\/uploads\/2025\/09\/periodismo-multimedia-investigacion1.jpg","contentUrl":"https:\/\/blogs.uninter.edu.mx\/ehli\/wp-content\/uploads\/2025\/09\/periodismo-multimedia-investigacion1.jpg","width":1280,"height":700},{"@type":"BreadcrumbList","@id":"https:\/\/blogs.uninter.edu.mx\/ehli\/index.php\/2025\/09\/15\/la-inmediatez-concepto-clave-del-periodismo\/#breadcrumb","itemListElement":[{"@type":"ListItem","position":1,"name":"Inicio","item":"https:\/\/blogs.uninter.edu.mx\/ehli\/"},{"@type":"ListItem","position":2,"name":"La inmediatez, concepto clave del Periodismo"}]},{"@type":"WebSite","@id":"https:\/\/blogs.uninter.edu.mx\/ehli\/#website","url":"https:\/\/blogs.uninter.edu.mx\/ehli\/","name":"EHLI","description":"UNINTER","potentialAction":[{"@type":"SearchAction","target":{"@type":"EntryPoint","urlTemplate":"https:\/\/blogs.uninter.edu.mx\/ehli\/?s={search_term_string}"},"query-input":{"@type":"PropertyValueSpecification","valueRequired":true,"valueName":"search_term_string"}}],"inLanguage":"es"},{"@type":"Person","@id":"https:\/\/blogs.uninter.edu.mx\/ehli\/#\/schema\/person\/f9426d100dd7db1b2a0be67166f80826","name":"mocampo","image":{"@type":"ImageObject","inLanguage":"es","@id":"https:\/\/secure.gravatar.com\/avatar\/486a87ae86777f2d04f69759eb0a12f435703bd96e4bccfcbe628cd8a4b836c9?s=96&d=mm&r=g","url":"https:\/\/secure.gravatar.com\/avatar\/486a87ae86777f2d04f69759eb0a12f435703bd96e4bccfcbe628cd8a4b836c9?s=96&d=mm&r=g","contentUrl":"https:\/\/secure.gravatar.com\/avatar\/486a87ae86777f2d04f69759eb0a12f435703bd96e4bccfcbe628cd8a4b836c9?s=96&d=mm&r=g","caption":"mocampo"},"url":"https:\/\/blogs.uninter.edu.mx\/ehli\/index.php\/author\/mocampo\/"}]}},"jetpack_featured_media_url":"https:\/\/blogs.uninter.edu.mx\/ehli\/wp-content\/uploads\/2025\/09\/periodismo-multimedia-investigacion1.jpg","_links":{"self":[{"href":"https:\/\/blogs.uninter.edu.mx\/ehli\/index.php\/wp-json\/wp\/v2\/posts\/11658","targetHints":{"allow":["GET"]}}],"collection":[{"href":"https:\/\/blogs.uninter.edu.mx\/ehli\/index.php\/wp-json\/wp\/v2\/posts"}],"about":[{"href":"https:\/\/blogs.uninter.edu.mx\/ehli\/index.php\/wp-json\/wp\/v2\/types\/post"}],"author":[{"embeddable":true,"href":"https:\/\/blogs.uninter.edu.mx\/ehli\/index.php\/wp-json\/wp\/v2\/users\/28"}],"replies":[{"embeddable":true,"href":"https:\/\/blogs.uninter.edu.mx\/ehli\/index.php\/wp-json\/wp\/v2\/comments?post=11658"}],"version-history":[{"count":2,"href":"https:\/\/blogs.uninter.edu.mx\/ehli\/index.php\/wp-json\/wp\/v2\/posts\/11658\/revisions"}],"predecessor-version":[{"id":11663,"href":"https:\/\/blogs.uninter.edu.mx\/ehli\/index.php\/wp-json\/wp\/v2\/posts\/11658\/revisions\/11663"}],"wp:featuredmedia":[{"embeddable":true,"href":"https:\/\/blogs.uninter.edu.mx\/ehli\/index.php\/wp-json\/wp\/v2\/media\/11661"}],"wp:attachment":[{"href":"https:\/\/blogs.uninter.edu.mx\/ehli\/index.php\/wp-json\/wp\/v2\/media?parent=11658"}],"wp:term":[{"taxonomy":"category","embeddable":true,"href":"https:\/\/blogs.uninter.edu.mx\/ehli\/index.php\/wp-json\/wp\/v2\/categories?post=11658"},{"taxonomy":"post_tag","embeddable":true,"href":"https:\/\/blogs.uninter.edu.mx\/ehli\/index.php\/wp-json\/wp\/v2\/tags?post=11658"}],"curies":[{"name":"wp","href":"https:\/\/api.w.org\/{rel}","templated":true}]}}