{"id":11685,"date":"2025-09-19T16:19:35","date_gmt":"2025-09-19T16:19:35","guid":{"rendered":"https:\/\/blogs.uninter.edu.mx\/ehli\/?p=11685"},"modified":"2025-09-19T16:20:21","modified_gmt":"2025-09-19T16:20:21","slug":"asesinato-charlie-kirk-utah","status":"publish","type":"post","link":"https:\/\/blogs.uninter.edu.mx\/ehli\/index.php\/2025\/09\/19\/asesinato-charlie-kirk-utah\/","title":{"rendered":"Asesinato de Charlie Kirk: impacto pol\u00edtico y medi\u00e1tico"},"content":{"rendered":"\n<p>El pasado 10 de septiembre de este a\u00f1o, el joven de 31 a\u00f1os\u00a0<strong>Charlie Kirk<\/strong>\u00a0fue asesinado mediante un disparo que impacto en su cuello, en medio de un debate en la universidad del Valle, en Utah.\u00a0<strong>Charlie<\/strong>\u00a0fue trasladado a un hospital de forma inmediata y, aproximadamente una 1 hora despu\u00e9s, se dio la noticia de su fallecimiento. Al instante del\u00a0<strong>ataque,<\/strong>\u00a0la noticia invadi\u00f3 cada red social posible en los diferentes medios de comunicaci\u00f3n. Incluso el mismo presidente de los\u00a0<strong>Estados Unidos<\/strong>, Donald\u00a0<strong>Trump<\/strong>, se pronunci\u00f3 sobre lo ocurrido, pidiendo que se orara por\u00a0<strong>Charlie<\/strong>\u00a0y poco despu\u00e9s dando la noticia de su muerte.\u00a0<\/p>\n\n\n\n<figure class=\"wp-block-image size-full\"><img loading=\"lazy\" decoding=\"async\" width=\"1920\" height=\"1080\" src=\"https:\/\/blogs.uninter.edu.mx\/ehli\/wp-content\/uploads\/2025\/09\/17793647_AP25253717077317.jpg\" alt=\"\" class=\"wp-image-11686\"\/><figcaption class=\"wp-element-caption\">Charlie Kirk, director general y cofundador de la organizaci\u00f3n juvenil conservadora Turning Point USA, habla antes de recibir un disparo durante un evento p\u00fablico en a la Universidad del Valle de Utah, en Orem, Utah, el mi\u00e9rcoles 10 de septiembre de 2025. (Tess Crowley\/The Deseret News v\u00eda AP)<\/figcaption><\/figure>\n\n\n\n<h2 class=\"wp-block-heading\"><strong>La Reacci\u00f3n Pol\u00edtica y las Acusaciones Inmediatas<\/strong><\/h2>\n\n\n\n<p>Las investigaciones sobre el asesinato fueron casi instant\u00e1neas, el FBI se present\u00f3 en la zona. Mientras las investigaciones avanzaban, en las redes surgi\u00f3 un fuerte debate sobre el posible asesino. Personas del Partido Republicano y afiliados a este, culpaban directamente a la \u201cizquierda\u201d del ataque, mencionando que posiblemente el asesino ten\u00eda una ideolog\u00eda progresista o dem\u00f3crata (partido de la oposici\u00f3n). Una vez m\u00e1s el presidente\u00a0<strong>Trump<\/strong>, publico un mensaje en donde se\u00f1alaba a este sector poblacional.<\/p>\n\n\n\n<h2 class=\"wp-block-heading\"><strong>La Sorpresa tras la Identidad del Atacante<\/strong><\/h2>\n\n\n\n<p>Sin embargo, el atacante,\u00a0Tyler\u00a0Robinson, de 22 a\u00f1os, no encajaba en el perfil.\u00a0Tyler\u00a0era un chico criado en una familia mormona, sus padres est\u00e1n registrados como republicanos, en redes sociales se viralizaron im\u00e1genes de cuando\u00a0Tyler\u00a0era joven y se le observaba con armas de alto calibre, todo lo contrario, a lo que se esperar\u00eda de un joven de izquierda.<\/p>\n\n\n\n<p>Su padre fue de las primeras personas en saber de lo ocurrido luego de ver las fotos publicadas por el FBI del sospechoso.\u00a0Tyler\u00a0confeso a su padre luego de ser confrontado, pero se neg\u00f3 a entregarse a la polic\u00eda, su padre acudi\u00f3 con un pastor amigo de la familia y confeso lo que sabia, el pastor fue quien llam\u00f3 al Servicio de Alguaciles de\u00a0<strong>Estados Unidos<\/strong>.\u00a0<\/p>\n\n\n\n<figure class=\"wp-block-image size-full\"><img loading=\"lazy\" decoding=\"async\" width=\"1110\" height=\"744\" src=\"https:\/\/blogs.uninter.edu.mx\/ehli\/wp-content\/uploads\/2025\/09\/cox.jpeg\" alt=\"\" class=\"wp-image-11687\"\/><\/figure>\n\n\n\n<p>Tyler\u00a0fue arrestado el jueves 11 de septiembre. Su madre menciono que\u00a0Tyler\u00a0se hab\u00eda vuelto m\u00e1s pol\u00edtico y con ideales mas de izquierda, tomando en cuenta los derechos de las personas de la comunidad LGBTQ+. <\/p>\n\n\n\n<p>La pareja de\u00a0Tyler, con quien viv\u00eda era una persona en medio de una transici\u00f3n de hombre a mujer, se\u00f1alo la fiscal\u00eda. Entre los mensajes de la pareja,\u00a0Tyler\u00a0confesa su crimen y poco despu\u00e9s menciona: \u201cEstaba harto de su odio. Hay odio que no se puede negociar\u201d, seguido de una imagen del rifle cerca del lugar de los hechos. Los fiscales encontraron diversos mensajes en las balas del rifle como: \u201c\u00a1Eh, fascista! \u00a1Atrapa!\u201d en un cartucho disparado y \u201cSi lees esto, eres GAY, Lmao\u201d.\u00a0<\/p>\n\n\n\n<h2 class=\"wp-block-heading\"><strong>La Relevancia Internacional de la V\u00edctima<\/strong><\/h2>\n\n\n\n<p>La muerte de una persona a manos de un disparo es terrible \u00bfPor qu\u00e9 el asesinato de un joven activista de derecha fue una gran noticia a nivel internacional? Considerando los tantos casos similares que surgen en los&nbsp;<strong>Estados Unidos<\/strong>.&nbsp;<\/p>\n\n\n\n<p>Charlie<strong>\u00a0<\/strong>Kirk, era una persona con gran actividad en las redes sociales, usualmente debatiendo y defendiendo sus ideales. Se le consideraba una persona de extrema derecha y muchos de los discursos que sol\u00eda utilizar eran considerados extremos y que vulneraban los derechos de las personas de ciertas minor\u00edas.\u00a0<\/p>\n\n\n\n<h2 class=\"wp-block-heading\"><strong>Los Ideales y Pol\u00e9micas de Charlie Kirk<\/strong><\/h2>\n\n\n\n<p>Tambi\u00e9n, expresaba un fuerte apoyo a el derecho de la adquisici\u00f3n de armas de fuego y la protecci\u00f3n de la segunda enmienda, expresando que \u201cVale la pena asumir el costo de, lamentablemente, algunas muertes por arma de fuego, cada a\u00f1o para que podamos tener la Segunda Enmienda y proteger nuestros otros derechos dados por Dios.\u201d&nbsp;<\/p>\n\n\n\n<p>Un hombre de f\u00e9 cristiana protestante, que apoyaba mucho al actual presidente de los Estados Unidos y a todas sus pol\u00edticas.&nbsp;<strong>Charlie<\/strong>&nbsp;se pronunciaba en contra de las personas homosexuales y transexuales, expreso que el matrimonio solo debe de ser entre un hombre y una mujer.&nbsp;<\/p>\n\n\n\n<p>El mismo d\u00eda que fue asesinado, una de las ultimas preguntas que se le hizo fue: \u201c\u00bfCu\u00e1ntas personas transexuales estadounidenses han sido tiradores en los \u00faltimos 10 a\u00f1os?\u201d su respuesta fue \u201cdemasiados\u201d cuando en realidad acorde a un estudio de Violence Prevention Project de la Universidad de Hamline, menos del 1% de los tiroteos escolares en&nbsp;<strong>Estados Unidos<\/strong>&nbsp;fueron causados por personas transexuales.&nbsp;<\/p>\n\n\n\n<figure class=\"wp-block-image size-full\"><img loading=\"lazy\" decoding=\"async\" width=\"710\" height=\"399\" src=\"https:\/\/blogs.uninter.edu.mx\/ehli\/wp-content\/uploads\/2025\/09\/file_20250910181859.jpg\" alt=\"\" class=\"wp-image-11688\"\/><\/figure>\n\n\n\n<h2 class=\"wp-block-heading\"><strong>El Asesinato en el Contexto Global<\/strong><\/h2>\n\n\n\n<p>En el escenario internacional actual, en donde discursos como los de\u00a0<strong>Charlie<\/strong>\u00a0Kirk hacen cada vez m\u00e1s ruido, su muerte fue interpretada como un ataque directo a la extrema derecha, una corriente ideol\u00f3gica que cada vez se caracteriza m\u00e1s por la violaci\u00f3n y suspensi\u00f3n de derechos de las minor\u00edas y la instauraci\u00f3n de los valores \u201ctradicionales\u201d.\u00a0<\/p>\n\n\n\n<p><\/p>\n\n\n\n<p><a href=\"https:\/\/x.com\/radarinter?s=21&amp;t=Zp9WH2nQTHSjYBn_fS8trA\">Radar Internacional en X<\/a><\/p>\n\n\n\n<p><a href=\"https:\/\/blogs.uninter.edu.mx\/ehli\/index.php\/2025\/09\/17\/exclusion-indigena-mexico-independiente\/\">Nuestra entrada anterior <\/a><\/p>\n\n\n\n<p>Priscila Garc\u00eda Ortega<\/p>\n\n\n\n<p>Redacci\u00f3n. (2025, 13 septiembre).\u00a0<em>Qu\u00e9 se sabe de Tyler Robinson, el joven de 22 a\u00f1os sospechoso del asesinato de Charlie Kirk (y c\u00f3mo fue su captura)<\/em>. BBC News Mundo.\u00a0<a href=\"https:\/\/www.bbc.com\/mundo\/articles\/c07vz1r0j3ro#:~:text=El%20FBI%20identific%C3%B3%20a%20Tyler,gobernador%20de%20Utah%2C%20Spencer%20Cox\">https:\/\/www.bbc.com\/mundo\/articles\/c07vz1r0j3ro#:~:text=El%20FBI%20identific%C3%B3%20a%20Tyler,gobernador%20de%20Utah%2C%20Spencer%20Cox<\/a>.<\/p>\n\n\n\n<p>Rosas, P. (2025, 13 septiembre).&nbsp;<em>Por qu\u00e9 Charlie Kirk, el joven comentarista conservador asesinado, era tan importante para Donald Trump<\/em>. BBC News Mundo.&nbsp;<a href=\"https:\/\/www.bbc.com\/mundo\/articles\/cvgjnlln91vo\">https:\/\/www.bbc.com\/mundo\/articles\/cvgjnlln91vo<\/a><\/p>\n","protected":false},"excerpt":{"rendered":"<p>El pasado 10 de septiembre de este a\u00f1o, el joven de 31 a\u00f1os\u00a0Charlie Kirk\u00a0fue asesinado mediante un disparo que impacto en su cuello, en medio de un debate en la universidad del Valle, en Utah.\u00a0Charlie\u00a0fue trasladado a un hospital de forma inmediata y, aproximadamente una 1 hora despu\u00e9s, se dio la noticia de su fallecimiento.&hellip;<\/p>\n","protected":false},"author":39,"featured_media":0,"comment_status":"open","ping_status":"open","sticky":false,"template":"","format":"standard","meta":{"rop_custom_images_group":[],"rop_custom_messages_group":[],"rop_publish_now":"initial","rop_publish_now_accounts":[],"rop_publish_now_history":[],"rop_publish_now_status":"pending","footnotes":""},"categories":[1],"tags":[],"class_list":["post-11685","post","type-post","status-publish","format-standard","hentry","category-sin-categoria"],"yoast_head":"<!-- This site is optimized with the Yoast SEO plugin v27.4 - https:\/\/yoast.com\/product\/yoast-seo-wordpress\/ -->\r\n<title>Asesinato de Charlie Kirk: impacto pol\u00edtico y medi\u00e1tico<\/title>\r\n<meta name=\"description\" content=\"El asesinato de Charlie Kirk conmocion\u00f3 a EE. UU. y desat\u00f3 un debate sobre la extrema derecha, la violencia pol\u00edtica y la polarizaci\u00f3n social.\" \/>\r\n<meta name=\"robots\" content=\"index, follow, max-snippet:-1, max-image-preview:large, max-video-preview:-1\" \/>\r\n<link rel=\"canonical\" href=\"https:\/\/blogs.uninter.edu.mx\/ehli\/index.php\/2025\/09\/19\/asesinato-charlie-kirk-utah\/\" \/>\r\n<meta property=\"og:locale\" content=\"es_MX\" \/>\r\n<meta property=\"og:type\" content=\"article\" \/>\r\n<meta property=\"og:title\" content=\"Asesinato de Charlie Kirk: impacto pol\u00edtico y medi\u00e1tico\" \/>\r\n<meta property=\"og:description\" content=\"El asesinato de Charlie Kirk conmocion\u00f3 a EE. UU. y desat\u00f3 un debate sobre la extrema derecha, la violencia pol\u00edtica y la polarizaci\u00f3n social.\" \/>\r\n<meta property=\"og:url\" content=\"https:\/\/blogs.uninter.edu.mx\/ehli\/index.php\/2025\/09\/19\/asesinato-charlie-kirk-utah\/\" \/>\r\n<meta property=\"og:site_name\" content=\"EHLI\" \/>\r\n<meta property=\"article:published_time\" content=\"2025-09-19T16:19:35+00:00\" \/>\r\n<meta property=\"article:modified_time\" content=\"2025-09-19T16:20:21+00:00\" \/>\r\n<meta property=\"og:image\" content=\"https:\/\/blogs.uninter.edu.mx\/ehli\/wp-content\/uploads\/2025\/09\/17793647_AP25253717077317.jpg\" \/>\r\n<meta name=\"author\" content=\"Jorge Arturo de Jes\u00fas Lop\u00e9z Curiel\" \/>\r\n<meta name=\"twitter:card\" content=\"summary_large_image\" \/>\r\n<meta name=\"twitter:label1\" content=\"Escrito por\" \/>\n\t<meta name=\"twitter:data1\" content=\"Jorge Arturo de Jes\u00fas Lop\u00e9z Curiel\" \/>\n\t<meta name=\"twitter:label2\" content=\"Tiempo de lectura\" \/>\n\t<meta name=\"twitter:data2\" content=\"5 minutos\" \/>\r\n<script type=\"application\/ld+json\" class=\"yoast-schema-graph\">{\"@context\":\"https:\\\/\\\/schema.org\",\"@graph\":[{\"@type\":\"Article\",\"@id\":\"https:\\\/\\\/blogs.uninter.edu.mx\\\/ehli\\\/index.php\\\/2025\\\/09\\\/19\\\/asesinato-charlie-kirk-utah\\\/#article\",\"isPartOf\":{\"@id\":\"https:\\\/\\\/blogs.uninter.edu.mx\\\/ehli\\\/index.php\\\/2025\\\/09\\\/19\\\/asesinato-charlie-kirk-utah\\\/\"},\"author\":{\"name\":\"Jorge Arturo de Jes\u00fas Lop\u00e9z Curiel\",\"@id\":\"https:\\\/\\\/blogs.uninter.edu.mx\\\/ehli\\\/#\\\/schema\\\/person\\\/10f2b6807da288729db3a7c1145ce539\"},\"headline\":\"Asesinato de Charlie Kirk: impacto pol\u00edtico y medi\u00e1tico\",\"datePublished\":\"2025-09-19T16:19:35+00:00\",\"dateModified\":\"2025-09-19T16:20:21+00:00\",\"mainEntityOfPage\":{\"@id\":\"https:\\\/\\\/blogs.uninter.edu.mx\\\/ehli\\\/index.php\\\/2025\\\/09\\\/19\\\/asesinato-charlie-kirk-utah\\\/\"},\"wordCount\":978,\"commentCount\":0,\"image\":{\"@id\":\"https:\\\/\\\/blogs.uninter.edu.mx\\\/ehli\\\/index.php\\\/2025\\\/09\\\/19\\\/asesinato-charlie-kirk-utah\\\/#primaryimage\"},\"thumbnailUrl\":\"https:\\\/\\\/blogs.uninter.edu.mx\\\/ehli\\\/wp-content\\\/uploads\\\/2025\\\/09\\\/17793647_AP25253717077317.jpg\",\"inLanguage\":\"es\",\"potentialAction\":[{\"@type\":\"CommentAction\",\"name\":\"Comment\",\"target\":[\"https:\\\/\\\/blogs.uninter.edu.mx\\\/ehli\\\/index.php\\\/2025\\\/09\\\/19\\\/asesinato-charlie-kirk-utah\\\/#respond\"]}]},{\"@type\":\"WebPage\",\"@id\":\"https:\\\/\\\/blogs.uninter.edu.mx\\\/ehli\\\/index.php\\\/2025\\\/09\\\/19\\\/asesinato-charlie-kirk-utah\\\/\",\"url\":\"https:\\\/\\\/blogs.uninter.edu.mx\\\/ehli\\\/index.php\\\/2025\\\/09\\\/19\\\/asesinato-charlie-kirk-utah\\\/\",\"name\":\"Asesinato de Charlie Kirk: impacto pol\u00edtico y medi\u00e1tico\",\"isPartOf\":{\"@id\":\"https:\\\/\\\/blogs.uninter.edu.mx\\\/ehli\\\/#website\"},\"primaryImageOfPage\":{\"@id\":\"https:\\\/\\\/blogs.uninter.edu.mx\\\/ehli\\\/index.php\\\/2025\\\/09\\\/19\\\/asesinato-charlie-kirk-utah\\\/#primaryimage\"},\"image\":{\"@id\":\"https:\\\/\\\/blogs.uninter.edu.mx\\\/ehli\\\/index.php\\\/2025\\\/09\\\/19\\\/asesinato-charlie-kirk-utah\\\/#primaryimage\"},\"thumbnailUrl\":\"https:\\\/\\\/blogs.uninter.edu.mx\\\/ehli\\\/wp-content\\\/uploads\\\/2025\\\/09\\\/17793647_AP25253717077317.jpg\",\"datePublished\":\"2025-09-19T16:19:35+00:00\",\"dateModified\":\"2025-09-19T16:20:21+00:00\",\"author\":{\"@id\":\"https:\\\/\\\/blogs.uninter.edu.mx\\\/ehli\\\/#\\\/schema\\\/person\\\/10f2b6807da288729db3a7c1145ce539\"},\"description\":\"El asesinato de Charlie Kirk conmocion\u00f3 a EE. UU. y desat\u00f3 un debate sobre la extrema derecha, la violencia pol\u00edtica y la polarizaci\u00f3n social.\",\"breadcrumb\":{\"@id\":\"https:\\\/\\\/blogs.uninter.edu.mx\\\/ehli\\\/index.php\\\/2025\\\/09\\\/19\\\/asesinato-charlie-kirk-utah\\\/#breadcrumb\"},\"inLanguage\":\"es\",\"potentialAction\":[{\"@type\":\"ReadAction\",\"target\":[\"https:\\\/\\\/blogs.uninter.edu.mx\\\/ehli\\\/index.php\\\/2025\\\/09\\\/19\\\/asesinato-charlie-kirk-utah\\\/\"]}]},{\"@type\":\"ImageObject\",\"inLanguage\":\"es\",\"@id\":\"https:\\\/\\\/blogs.uninter.edu.mx\\\/ehli\\\/index.php\\\/2025\\\/09\\\/19\\\/asesinato-charlie-kirk-utah\\\/#primaryimage\",\"url\":\"https:\\\/\\\/blogs.uninter.edu.mx\\\/ehli\\\/wp-content\\\/uploads\\\/2025\\\/09\\\/17793647_AP25253717077317.jpg\",\"contentUrl\":\"https:\\\/\\\/blogs.uninter.edu.mx\\\/ehli\\\/wp-content\\\/uploads\\\/2025\\\/09\\\/17793647_AP25253717077317.jpg\",\"width\":1920,\"height\":1080,\"caption\":\"Charlie Kirk, director general y cofundador de la organizaci\u00f3n juvenil conservadora Turning Point USA, habla antes de recibir un disparo durante un evento p\u00fablico en a la Universidad del Valle de Utah, en Orem, Utah, el mi\u00e9rcoles 10 de septiembre de 2025. (Tess Crowley\\\/The Deseret News v\u00eda AP)\"},{\"@type\":\"BreadcrumbList\",\"@id\":\"https:\\\/\\\/blogs.uninter.edu.mx\\\/ehli\\\/index.php\\\/2025\\\/09\\\/19\\\/asesinato-charlie-kirk-utah\\\/#breadcrumb\",\"itemListElement\":[{\"@type\":\"ListItem\",\"position\":1,\"name\":\"Inicio\",\"item\":\"https:\\\/\\\/blogs.uninter.edu.mx\\\/ehli\\\/\"},{\"@type\":\"ListItem\",\"position\":2,\"name\":\"Asesinato de Charlie Kirk: impacto pol\u00edtico y medi\u00e1tico\"}]},{\"@type\":\"WebSite\",\"@id\":\"https:\\\/\\\/blogs.uninter.edu.mx\\\/ehli\\\/#website\",\"url\":\"https:\\\/\\\/blogs.uninter.edu.mx\\\/ehli\\\/\",\"name\":\"EHLI\",\"description\":\"UNINTER\",\"potentialAction\":[{\"@type\":\"SearchAction\",\"target\":{\"@type\":\"EntryPoint\",\"urlTemplate\":\"https:\\\/\\\/blogs.uninter.edu.mx\\\/ehli\\\/?s={search_term_string}\"},\"query-input\":{\"@type\":\"PropertyValueSpecification\",\"valueRequired\":true,\"valueName\":\"search_term_string\"}}],\"inLanguage\":\"es\"},{\"@type\":\"Person\",\"@id\":\"https:\\\/\\\/blogs.uninter.edu.mx\\\/ehli\\\/#\\\/schema\\\/person\\\/10f2b6807da288729db3a7c1145ce539\",\"name\":\"Jorge Arturo de Jes\u00fas Lop\u00e9z Curiel\",\"image\":{\"@type\":\"ImageObject\",\"inLanguage\":\"es\",\"@id\":\"https:\\\/\\\/secure.gravatar.com\\\/avatar\\\/a8d9ac9618894bd63fa62cfe531cb48a06a06767aa4c6d7e1f30b3e6fe229c91?s=96&d=mm&r=g\",\"url\":\"https:\\\/\\\/secure.gravatar.com\\\/avatar\\\/a8d9ac9618894bd63fa62cfe531cb48a06a06767aa4c6d7e1f30b3e6fe229c91?s=96&d=mm&r=g\",\"contentUrl\":\"https:\\\/\\\/secure.gravatar.com\\\/avatar\\\/a8d9ac9618894bd63fa62cfe531cb48a06a06767aa4c6d7e1f30b3e6fe229c91?s=96&d=mm&r=g\",\"caption\":\"Jorge Arturo de Jes\u00fas Lop\u00e9z Curiel\"},\"url\":\"https:\\\/\\\/blogs.uninter.edu.mx\\\/ehli\\\/index.php\\\/author\\\/jdejesus\\\/\"}]}<\/script>\r\n<!-- \/ Yoast SEO plugin. -->","yoast_head_json":{"title":"Asesinato de Charlie Kirk: impacto pol\u00edtico y medi\u00e1tico","description":"El asesinato de Charlie Kirk conmocion\u00f3 a EE. UU. y desat\u00f3 un debate sobre la extrema derecha, la violencia pol\u00edtica y la polarizaci\u00f3n social.","robots":{"index":"index","follow":"follow","max-snippet":"max-snippet:-1","max-image-preview":"max-image-preview:large","max-video-preview":"max-video-preview:-1"},"canonical":"https:\/\/blogs.uninter.edu.mx\/ehli\/index.php\/2025\/09\/19\/asesinato-charlie-kirk-utah\/","og_locale":"es_MX","og_type":"article","og_title":"Asesinato de Charlie Kirk: impacto pol\u00edtico y medi\u00e1tico","og_description":"El asesinato de Charlie Kirk conmocion\u00f3 a EE. UU. y desat\u00f3 un debate sobre la extrema derecha, la violencia pol\u00edtica y la polarizaci\u00f3n social.","og_url":"https:\/\/blogs.uninter.edu.mx\/ehli\/index.php\/2025\/09\/19\/asesinato-charlie-kirk-utah\/","og_site_name":"EHLI","article_published_time":"2025-09-19T16:19:35+00:00","article_modified_time":"2025-09-19T16:20:21+00:00","og_image":[{"url":"https:\/\/blogs.uninter.edu.mx\/ehli\/wp-content\/uploads\/2025\/09\/17793647_AP25253717077317.jpg","type":"","width":"","height":""}],"author":"Jorge Arturo de Jes\u00fas Lop\u00e9z Curiel","twitter_card":"summary_large_image","twitter_misc":{"Escrito por":"Jorge Arturo de Jes\u00fas Lop\u00e9z Curiel","Tiempo de lectura":"5 minutos"},"schema":{"@context":"https:\/\/schema.org","@graph":[{"@type":"Article","@id":"https:\/\/blogs.uninter.edu.mx\/ehli\/index.php\/2025\/09\/19\/asesinato-charlie-kirk-utah\/#article","isPartOf":{"@id":"https:\/\/blogs.uninter.edu.mx\/ehli\/index.php\/2025\/09\/19\/asesinato-charlie-kirk-utah\/"},"author":{"name":"Jorge Arturo de Jes\u00fas Lop\u00e9z Curiel","@id":"https:\/\/blogs.uninter.edu.mx\/ehli\/#\/schema\/person\/10f2b6807da288729db3a7c1145ce539"},"headline":"Asesinato de Charlie Kirk: impacto pol\u00edtico y medi\u00e1tico","datePublished":"2025-09-19T16:19:35+00:00","dateModified":"2025-09-19T16:20:21+00:00","mainEntityOfPage":{"@id":"https:\/\/blogs.uninter.edu.mx\/ehli\/index.php\/2025\/09\/19\/asesinato-charlie-kirk-utah\/"},"wordCount":978,"commentCount":0,"image":{"@id":"https:\/\/blogs.uninter.edu.mx\/ehli\/index.php\/2025\/09\/19\/asesinato-charlie-kirk-utah\/#primaryimage"},"thumbnailUrl":"https:\/\/blogs.uninter.edu.mx\/ehli\/wp-content\/uploads\/2025\/09\/17793647_AP25253717077317.jpg","inLanguage":"es","potentialAction":[{"@type":"CommentAction","name":"Comment","target":["https:\/\/blogs.uninter.edu.mx\/ehli\/index.php\/2025\/09\/19\/asesinato-charlie-kirk-utah\/#respond"]}]},{"@type":"WebPage","@id":"https:\/\/blogs.uninter.edu.mx\/ehli\/index.php\/2025\/09\/19\/asesinato-charlie-kirk-utah\/","url":"https:\/\/blogs.uninter.edu.mx\/ehli\/index.php\/2025\/09\/19\/asesinato-charlie-kirk-utah\/","name":"Asesinato de Charlie Kirk: impacto pol\u00edtico y medi\u00e1tico","isPartOf":{"@id":"https:\/\/blogs.uninter.edu.mx\/ehli\/#website"},"primaryImageOfPage":{"@id":"https:\/\/blogs.uninter.edu.mx\/ehli\/index.php\/2025\/09\/19\/asesinato-charlie-kirk-utah\/#primaryimage"},"image":{"@id":"https:\/\/blogs.uninter.edu.mx\/ehli\/index.php\/2025\/09\/19\/asesinato-charlie-kirk-utah\/#primaryimage"},"thumbnailUrl":"https:\/\/blogs.uninter.edu.mx\/ehli\/wp-content\/uploads\/2025\/09\/17793647_AP25253717077317.jpg","datePublished":"2025-09-19T16:19:35+00:00","dateModified":"2025-09-19T16:20:21+00:00","author":{"@id":"https:\/\/blogs.uninter.edu.mx\/ehli\/#\/schema\/person\/10f2b6807da288729db3a7c1145ce539"},"description":"El asesinato de Charlie Kirk conmocion\u00f3 a EE. UU. y desat\u00f3 un debate sobre la extrema derecha, la violencia pol\u00edtica y la polarizaci\u00f3n social.","breadcrumb":{"@id":"https:\/\/blogs.uninter.edu.mx\/ehli\/index.php\/2025\/09\/19\/asesinato-charlie-kirk-utah\/#breadcrumb"},"inLanguage":"es","potentialAction":[{"@type":"ReadAction","target":["https:\/\/blogs.uninter.edu.mx\/ehli\/index.php\/2025\/09\/19\/asesinato-charlie-kirk-utah\/"]}]},{"@type":"ImageObject","inLanguage":"es","@id":"https:\/\/blogs.uninter.edu.mx\/ehli\/index.php\/2025\/09\/19\/asesinato-charlie-kirk-utah\/#primaryimage","url":"https:\/\/blogs.uninter.edu.mx\/ehli\/wp-content\/uploads\/2025\/09\/17793647_AP25253717077317.jpg","contentUrl":"https:\/\/blogs.uninter.edu.mx\/ehli\/wp-content\/uploads\/2025\/09\/17793647_AP25253717077317.jpg","width":1920,"height":1080,"caption":"Charlie Kirk, director general y cofundador de la organizaci\u00f3n juvenil conservadora Turning Point USA, habla antes de recibir un disparo durante un evento p\u00fablico en a la Universidad del Valle de Utah, en Orem, Utah, el mi\u00e9rcoles 10 de septiembre de 2025. (Tess Crowley\/The Deseret News v\u00eda AP)"},{"@type":"BreadcrumbList","@id":"https:\/\/blogs.uninter.edu.mx\/ehli\/index.php\/2025\/09\/19\/asesinato-charlie-kirk-utah\/#breadcrumb","itemListElement":[{"@type":"ListItem","position":1,"name":"Inicio","item":"https:\/\/blogs.uninter.edu.mx\/ehli\/"},{"@type":"ListItem","position":2,"name":"Asesinato de Charlie Kirk: impacto pol\u00edtico y medi\u00e1tico"}]},{"@type":"WebSite","@id":"https:\/\/blogs.uninter.edu.mx\/ehli\/#website","url":"https:\/\/blogs.uninter.edu.mx\/ehli\/","name":"EHLI","description":"UNINTER","potentialAction":[{"@type":"SearchAction","target":{"@type":"EntryPoint","urlTemplate":"https:\/\/blogs.uninter.edu.mx\/ehli\/?s={search_term_string}"},"query-input":{"@type":"PropertyValueSpecification","valueRequired":true,"valueName":"search_term_string"}}],"inLanguage":"es"},{"@type":"Person","@id":"https:\/\/blogs.uninter.edu.mx\/ehli\/#\/schema\/person\/10f2b6807da288729db3a7c1145ce539","name":"Jorge Arturo de Jes\u00fas Lop\u00e9z Curiel","image":{"@type":"ImageObject","inLanguage":"es","@id":"https:\/\/secure.gravatar.com\/avatar\/a8d9ac9618894bd63fa62cfe531cb48a06a06767aa4c6d7e1f30b3e6fe229c91?s=96&d=mm&r=g","url":"https:\/\/secure.gravatar.com\/avatar\/a8d9ac9618894bd63fa62cfe531cb48a06a06767aa4c6d7e1f30b3e6fe229c91?s=96&d=mm&r=g","contentUrl":"https:\/\/secure.gravatar.com\/avatar\/a8d9ac9618894bd63fa62cfe531cb48a06a06767aa4c6d7e1f30b3e6fe229c91?s=96&d=mm&r=g","caption":"Jorge Arturo de Jes\u00fas Lop\u00e9z Curiel"},"url":"https:\/\/blogs.uninter.edu.mx\/ehli\/index.php\/author\/jdejesus\/"}]}},"jetpack_featured_media_url":"","_links":{"self":[{"href":"https:\/\/blogs.uninter.edu.mx\/ehli\/index.php\/wp-json\/wp\/v2\/posts\/11685","targetHints":{"allow":["GET"]}}],"collection":[{"href":"https:\/\/blogs.uninter.edu.mx\/ehli\/index.php\/wp-json\/wp\/v2\/posts"}],"about":[{"href":"https:\/\/blogs.uninter.edu.mx\/ehli\/index.php\/wp-json\/wp\/v2\/types\/post"}],"author":[{"embeddable":true,"href":"https:\/\/blogs.uninter.edu.mx\/ehli\/index.php\/wp-json\/wp\/v2\/users\/39"}],"replies":[{"embeddable":true,"href":"https:\/\/blogs.uninter.edu.mx\/ehli\/index.php\/wp-json\/wp\/v2\/comments?post=11685"}],"version-history":[{"count":2,"href":"https:\/\/blogs.uninter.edu.mx\/ehli\/index.php\/wp-json\/wp\/v2\/posts\/11685\/revisions"}],"predecessor-version":[{"id":11698,"href":"https:\/\/blogs.uninter.edu.mx\/ehli\/index.php\/wp-json\/wp\/v2\/posts\/11685\/revisions\/11698"}],"wp:attachment":[{"href":"https:\/\/blogs.uninter.edu.mx\/ehli\/index.php\/wp-json\/wp\/v2\/media?parent=11685"}],"wp:term":[{"taxonomy":"category","embeddable":true,"href":"https:\/\/blogs.uninter.edu.mx\/ehli\/index.php\/wp-json\/wp\/v2\/categories?post=11685"},{"taxonomy":"post_tag","embeddable":true,"href":"https:\/\/blogs.uninter.edu.mx\/ehli\/index.php\/wp-json\/wp\/v2\/tags?post=11685"}],"curies":[{"name":"wp","href":"https:\/\/api.w.org\/{rel}","templated":true}]}}