{"id":11878,"date":"2025-11-03T20:41:35","date_gmt":"2025-11-03T20:41:35","guid":{"rendered":"https:\/\/blogs.uninter.edu.mx\/ehli\/?p=11878"},"modified":"2025-11-03T20:41:42","modified_gmt":"2025-11-03T20:41:42","slug":"violencia-religiosa-en-nigeria-2025","status":"publish","type":"post","link":"https:\/\/blogs.uninter.edu.mx\/ehli\/index.php\/2025\/11\/03\/violencia-religiosa-en-nigeria-2025\/","title":{"rendered":"Crisis en Nigeria: violencia religiosa y tensi\u00f3n internacional"},"content":{"rendered":"\n<p>En los \u00faltimos meses, Nigeria ha sido escenario de numerosos ataques contra comunidades cristianas, lo que ha generado preocupaci\u00f3n internacional. Ante esta situaci\u00f3n, el expresidente estadounidense Donald Trump ha advertido sobre una posible intervenci\u00f3n para \u201cdefender\u201d a los cristianos del pa\u00eds, se\u00f1alando a los responsables como \u201cterroristas isl\u00e1micos\u201d. A continuaci\u00f3n, te explicamos el contexto y los actores detr\u00e1s de esta creciente ola de violencia.<\/p>\n\n\n\n<figure class=\"wp-block-image size-full\"><img loading=\"lazy\" decoding=\"async\" width=\"800\" height=\"558\" src=\"https:\/\/blogs.uninter.edu.mx\/ehli\/wp-content\/uploads\/2025\/11\/lga-persecution-in-nigeria-1.jpg\" alt=\"\" class=\"wp-image-11879\"\/><\/figure>\n\n\n\n<p>En Nigeria, est\u00e1n ocurriendo ataques violentos que afectan tanto a cristianos como a musulmanes, pero en los \u00faltimos meses han crecido las acusaciones de asesinatos masivos dirigidos espec\u00edficamente contra cristianos. Grupos extremistas isl\u00e1micos como Boko Haram y el Estado Isl\u00e1mico en \u00c1frica Occidental (ISWAP), adem\u00e1s de militantes fulani, han perpetrado ataques brutales contra comunidades cristianas, incluyendo asesinatos, destrucci\u00f3n de iglesias y desplazamientos masivos. En 2025, seg\u00fan informes, se estima que miles de cristianos han sido asesinados, con un promedio de decenas de muertes diarias, generando acusaciones de genocidio y persecuci\u00f3n religiosa por parte de algunos en Estados Unidos y otros pa\u00edses.<\/p>\n\n\n\n<h2 class=\"wp-block-heading\">Los ataques\u00a0<\/h2>\n\n\n\n<p>Los ataques incluyen masacres a comunidades cristianas rurales, como la ocurrida en septiembre de 2025 en la aldea de Wagga Mongoro, en el estado de Adamawa, donde murieron varios cristianos y se destruyeron casas y una iglesia. La falta de presencia efectiva de fuerzas de seguridad ha dejado vulnerables a estas comunidades. Esta situaci\u00f3n refleja un aumento de la violencia y el extremismo en Nigeria, con complejas ra\u00edces \u00e9tnicas, religiosas y regionales que alimentan este conflicto persistente.<\/p>\n\n\n\n<h2 class=\"wp-block-heading\"><strong>Respuesta de <\/strong><a href=\"http:\/\/ee.uu\/\"><strong>EE.UU<\/strong><\/a><\/h2>\n\n\n\n<p>Donald Trump calific\u00f3 esta violencia como una amenaza existencial para los cristianos en Nigeria y design\u00f3 al pa\u00eds como &#8220;Pa\u00eds de Preocupaci\u00f3n Particular&#8221; por la persecuci\u00f3n religiosa, adem\u00e1s de amenazar con acciones militares contra los grupos terroristas. Sin embargo, el gobierno nigeriano, liderado por el presidente Bola Ahmed Tinubu, ha rechazado estas acusaciones como una representaci\u00f3n falsa y ha afirmado que Nigeria protege la libertad religiosa y rechaza la persecuci\u00f3n, resaltando que las v\u00edctimas de la violencia son tanto cristianos como musulmanes. El gobierno tambi\u00e9n ha mostrado disposici\u00f3n a cooperar con Estados Unidos para mejorar la seguridad, pero ha pedido que se respete la integridad territorial de Nigeria en cualquier tipo de ayuda o intervenci\u00f3n.<\/p>\n\n\n\n<h2 class=\"wp-block-heading\"><strong>Grupos armados involucrados&nbsp;<\/strong><\/h2>\n\n\n\n<p>Estos tres principales grupos extremistas armados son responsables de la mayor\u00eda de los ataques mortales y la destrucci\u00f3n en comunidades cristianas en Nigeria en 2025, contribuyendo al aumento de la violencia religiosa en el pa\u00eds: Boko Haram, ISWAP Y Milicias Fulani.&nbsp;<\/p>\n\n\n\n<p>Boko Haram, un grupo islamista extremista, ha sido responsable de numerosos ataques brutales. En septiembre de 2025, por ejemplo, asaltaron la aldea de Wagga Mongoro, donde asesinaron a varios civiles y destruyeron una iglesia. Este grupo rechaza la educaci\u00f3n occidental y busca imponer la ley isl\u00e1mica (sharia), atacando iglesias, fieles y todo aquello que consideran \u201cno isl\u00e1mico\u201d.<\/p>\n\n\n\n<figure class=\"wp-block-image size-full\"><img loading=\"lazy\" decoding=\"async\" width=\"1024\" height=\"506\" src=\"https:\/\/blogs.uninter.edu.mx\/ehli\/wp-content\/uploads\/2025\/11\/44012-chad.jpg\" alt=\"\" class=\"wp-image-11880\"\/><\/figure>\n\n\n\n<p>Por su parte, las milicias de pastores fulani radicales han atacado repetidamente aldeas cristianas, sobre todo en el estado de Plateau. Sus incursiones han dejado decenas de muertos y provocado desplazamientos masivos. Se les atribuyen agresiones sangrientas con armas blancas y de fuego contra civiles. Asimismo, el grupo ISWAP (Estado Isl\u00e1mico en \u00c1frica Occidental), vinculado al Estado Isl\u00e1mico, ha perpetrado atentados con bombas y asesinatos dirigidos a cristianos y sus lugares de culto, especialmente en los estados del norte y del centro del pa\u00eds.<\/p>\n\n\n\n<p><a href=\"https:\/\/x.com\/radarinter?s=21&amp;t=Zp9WH2nQTHSjYBn_fS8trA\">Radar Internacional en X <\/a><\/p>\n\n\n\n<p><a href=\"https:\/\/blogs.uninter.edu.mx\/ehli\/index.php\/2025\/10\/30\/cese-al-fuego-gaza-violaciones-2025\/\">Nuestra Entrada Anterior<\/a><\/p>\n\n\n\n<p>Por: Sof\u00eda Rodr\u00edguez Ocampo<\/p>\n\n\n\n<p>BBC News. (2022, octubre 13). <em>Nigeria\u2019s new religious-freedom watch list entry<\/em>. Recuperado de <a href=\"https:\/\/www.bbc.com\/news\/61719973\">https:\/\/www.bbc.com\/news\/61719973<\/a><\/p>\n\n\n\n<p>Deutsche Welle. (2025, noviembre 3). <em>Trump amenaza con acci\u00f3n militar en Nigeria por asesinato de cristianos<\/em>. Recuperado de <a href=\"https:\/\/www.dw.com\/es\/trump-amenaza-con-acci%C3%B3n-militar-en-nigeria-por-asesinato-de-cristianos\/a-74587985\">https:\/\/www.dw.com\/es\/trump-amenaza-con-acci\u00f3n-militar-en-nigeria-por-asesinato-de-cristianos\/a-74587985<\/a><\/p>\n\n\n\n<p>International Christian Concern. (2025, octubre 2). <em>Boko Haram kills 4 Christians, destroys church in Nigeria<\/em>. Recuperado de <a href=\"https:\/\/persecution.org\/2025\/10\/02\/boko-haram-kills-4-christians-destroys-church-in-nigeria\/?utm_source=chatgpt.com\">https:\/\/persecution.org\/2025\/10\/02\/boko-haram-kills-4-christians-destroys-church-in-nigeria\/<\/a><\/p>\n\n\n\n<p>Voice of the Martyrs Canada. (2025, septiembre 11). <em>Over 7,000 Christians killed thus far in 2025<\/em>. Recuperado de <a href=\"https:\/\/www.vomcanada.com\/ng-2025-09-11.htm?utm_source=chatgpt.com\">https:\/\/www.vomcanada.com\/ng-2025-09-11.htm<\/a><\/p>\n\n\n\n<p>Zenn, J. (2023, mayo 12). <em>Brief: ISWAP attacks northern Nigerian state of Jigawa for first time; Terrorism Monitor Vol. 21 Issue 10<\/em>. Jamestown Foundation. Recuperado de <a href=\"https:\/\/www.ecoi.net\/de\/dokument\/2098066.html?utm_source=chatgpt.com\">https:\/\/www.ecoi.net\/de\/dokument\/2098066.html<\/a><\/p>\n","protected":false},"excerpt":{"rendered":"<p>En los \u00faltimos meses, Nigeria ha sido escenario de numerosos ataques contra comunidades cristianas, lo que ha generado preocupaci\u00f3n internacional. Ante esta situaci\u00f3n, el expresidente estadounidense Donald Trump ha advertido sobre una posible intervenci\u00f3n para \u201cdefender\u201d a los cristianos del pa\u00eds, se\u00f1alando a los responsables como \u201cterroristas isl\u00e1micos\u201d. A continuaci\u00f3n, te explicamos el contexto y&hellip;<\/p>\n","protected":false},"author":39,"featured_media":0,"comment_status":"open","ping_status":"open","sticky":false,"template":"","format":"standard","meta":{"rop_custom_images_group":[],"rop_custom_messages_group":[],"rop_publish_now":"yes","rop_publish_now_accounts":[],"rop_publish_now_history":[],"rop_publish_now_status":"pending","footnotes":""},"categories":[1],"tags":[],"class_list":["post-11878","post","type-post","status-publish","format-standard","hentry","category-sin-categoria"],"yoast_head":"<!-- This site is optimized with the Yoast SEO plugin v27.4 - https:\/\/yoast.com\/product\/yoast-seo-wordpress\/ -->\r\n<title>Crisis en Nigeria: violencia religiosa y tensi\u00f3n internacional<\/title>\r\n<meta name=\"description\" content=\"Nigeria enfrenta una ola de violencia religiosa en 2025. Grupos extremistas atacan comunidades cristianas y crece la tensi\u00f3n con EE.UU.\" \/>\r\n<meta name=\"robots\" content=\"index, follow, max-snippet:-1, max-image-preview:large, max-video-preview:-1\" \/>\r\n<link rel=\"canonical\" href=\"https:\/\/blogs.uninter.edu.mx\/ehli\/index.php\/2025\/11\/03\/violencia-religiosa-en-nigeria-2025\/\" \/>\r\n<meta property=\"og:locale\" content=\"es_MX\" \/>\r\n<meta property=\"og:type\" content=\"article\" \/>\r\n<meta property=\"og:title\" content=\"Crisis en Nigeria: violencia religiosa y tensi\u00f3n internacional\" \/>\r\n<meta property=\"og:description\" content=\"Nigeria enfrenta una ola de violencia religiosa en 2025. Grupos extremistas atacan comunidades cristianas y crece la tensi\u00f3n con EE.UU.\" \/>\r\n<meta property=\"og:url\" content=\"https:\/\/blogs.uninter.edu.mx\/ehli\/index.php\/2025\/11\/03\/violencia-religiosa-en-nigeria-2025\/\" \/>\r\n<meta property=\"og:site_name\" content=\"EHLI\" \/>\r\n<meta property=\"article:published_time\" content=\"2025-11-03T20:41:35+00:00\" \/>\r\n<meta property=\"article:modified_time\" content=\"2025-11-03T20:41:42+00:00\" \/>\r\n<meta property=\"og:image\" content=\"https:\/\/blogs.uninter.edu.mx\/ehli\/wp-content\/uploads\/2025\/11\/lga-persecution-in-nigeria-1.jpg\" \/>\r\n\t<meta property=\"og:image:width\" content=\"800\" \/>\r\n\t<meta property=\"og:image:height\" content=\"558\" \/>\r\n\t<meta property=\"og:image:type\" content=\"image\/jpeg\" \/>\r\n<meta name=\"author\" content=\"Jorge Arturo de Jes\u00fas Lop\u00e9z Curiel\" \/>\r\n<meta name=\"twitter:card\" content=\"summary_large_image\" \/>\r\n<meta name=\"twitter:label1\" content=\"Escrito por\" \/>\n\t<meta name=\"twitter:data1\" content=\"Jorge Arturo de Jes\u00fas Lop\u00e9z Curiel\" \/>\n\t<meta name=\"twitter:label2\" content=\"Tiempo de lectura\" \/>\n\t<meta name=\"twitter:data2\" content=\"4 minutos\" \/>\r\n<script type=\"application\/ld+json\" class=\"yoast-schema-graph\">{\"@context\":\"https:\\\/\\\/schema.org\",\"@graph\":[{\"@type\":\"Article\",\"@id\":\"https:\\\/\\\/blogs.uninter.edu.mx\\\/ehli\\\/index.php\\\/2025\\\/11\\\/03\\\/violencia-religiosa-en-nigeria-2025\\\/#article\",\"isPartOf\":{\"@id\":\"https:\\\/\\\/blogs.uninter.edu.mx\\\/ehli\\\/index.php\\\/2025\\\/11\\\/03\\\/violencia-religiosa-en-nigeria-2025\\\/\"},\"author\":{\"name\":\"Jorge Arturo de Jes\u00fas Lop\u00e9z Curiel\",\"@id\":\"https:\\\/\\\/blogs.uninter.edu.mx\\\/ehli\\\/#\\\/schema\\\/person\\\/10f2b6807da288729db3a7c1145ce539\"},\"headline\":\"Crisis en Nigeria: violencia religiosa y tensi\u00f3n internacional\",\"datePublished\":\"2025-11-03T20:41:35+00:00\",\"dateModified\":\"2025-11-03T20:41:42+00:00\",\"mainEntityOfPage\":{\"@id\":\"https:\\\/\\\/blogs.uninter.edu.mx\\\/ehli\\\/index.php\\\/2025\\\/11\\\/03\\\/violencia-religiosa-en-nigeria-2025\\\/\"},\"wordCount\":719,\"commentCount\":0,\"image\":{\"@id\":\"https:\\\/\\\/blogs.uninter.edu.mx\\\/ehli\\\/index.php\\\/2025\\\/11\\\/03\\\/violencia-religiosa-en-nigeria-2025\\\/#primaryimage\"},\"thumbnailUrl\":\"https:\\\/\\\/blogs.uninter.edu.mx\\\/ehli\\\/wp-content\\\/uploads\\\/2025\\\/11\\\/lga-persecution-in-nigeria-1.jpg\",\"inLanguage\":\"es\",\"potentialAction\":[{\"@type\":\"CommentAction\",\"name\":\"Comment\",\"target\":[\"https:\\\/\\\/blogs.uninter.edu.mx\\\/ehli\\\/index.php\\\/2025\\\/11\\\/03\\\/violencia-religiosa-en-nigeria-2025\\\/#respond\"]}]},{\"@type\":\"WebPage\",\"@id\":\"https:\\\/\\\/blogs.uninter.edu.mx\\\/ehli\\\/index.php\\\/2025\\\/11\\\/03\\\/violencia-religiosa-en-nigeria-2025\\\/\",\"url\":\"https:\\\/\\\/blogs.uninter.edu.mx\\\/ehli\\\/index.php\\\/2025\\\/11\\\/03\\\/violencia-religiosa-en-nigeria-2025\\\/\",\"name\":\"Crisis en Nigeria: violencia religiosa y tensi\u00f3n internacional\",\"isPartOf\":{\"@id\":\"https:\\\/\\\/blogs.uninter.edu.mx\\\/ehli\\\/#website\"},\"primaryImageOfPage\":{\"@id\":\"https:\\\/\\\/blogs.uninter.edu.mx\\\/ehli\\\/index.php\\\/2025\\\/11\\\/03\\\/violencia-religiosa-en-nigeria-2025\\\/#primaryimage\"},\"image\":{\"@id\":\"https:\\\/\\\/blogs.uninter.edu.mx\\\/ehli\\\/index.php\\\/2025\\\/11\\\/03\\\/violencia-religiosa-en-nigeria-2025\\\/#primaryimage\"},\"thumbnailUrl\":\"https:\\\/\\\/blogs.uninter.edu.mx\\\/ehli\\\/wp-content\\\/uploads\\\/2025\\\/11\\\/lga-persecution-in-nigeria-1.jpg\",\"datePublished\":\"2025-11-03T20:41:35+00:00\",\"dateModified\":\"2025-11-03T20:41:42+00:00\",\"author\":{\"@id\":\"https:\\\/\\\/blogs.uninter.edu.mx\\\/ehli\\\/#\\\/schema\\\/person\\\/10f2b6807da288729db3a7c1145ce539\"},\"description\":\"Nigeria enfrenta una ola de violencia religiosa en 2025. Grupos extremistas atacan comunidades cristianas y crece la tensi\u00f3n con EE.UU.\",\"breadcrumb\":{\"@id\":\"https:\\\/\\\/blogs.uninter.edu.mx\\\/ehli\\\/index.php\\\/2025\\\/11\\\/03\\\/violencia-religiosa-en-nigeria-2025\\\/#breadcrumb\"},\"inLanguage\":\"es\",\"potentialAction\":[{\"@type\":\"ReadAction\",\"target\":[\"https:\\\/\\\/blogs.uninter.edu.mx\\\/ehli\\\/index.php\\\/2025\\\/11\\\/03\\\/violencia-religiosa-en-nigeria-2025\\\/\"]}]},{\"@type\":\"ImageObject\",\"inLanguage\":\"es\",\"@id\":\"https:\\\/\\\/blogs.uninter.edu.mx\\\/ehli\\\/index.php\\\/2025\\\/11\\\/03\\\/violencia-religiosa-en-nigeria-2025\\\/#primaryimage\",\"url\":\"https:\\\/\\\/blogs.uninter.edu.mx\\\/ehli\\\/wp-content\\\/uploads\\\/2025\\\/11\\\/lga-persecution-in-nigeria-1.jpg\",\"contentUrl\":\"https:\\\/\\\/blogs.uninter.edu.mx\\\/ehli\\\/wp-content\\\/uploads\\\/2025\\\/11\\\/lga-persecution-in-nigeria-1.jpg\",\"width\":800,\"height\":558},{\"@type\":\"BreadcrumbList\",\"@id\":\"https:\\\/\\\/blogs.uninter.edu.mx\\\/ehli\\\/index.php\\\/2025\\\/11\\\/03\\\/violencia-religiosa-en-nigeria-2025\\\/#breadcrumb\",\"itemListElement\":[{\"@type\":\"ListItem\",\"position\":1,\"name\":\"Inicio\",\"item\":\"https:\\\/\\\/blogs.uninter.edu.mx\\\/ehli\\\/\"},{\"@type\":\"ListItem\",\"position\":2,\"name\":\"Crisis en Nigeria: violencia religiosa y tensi\u00f3n internacional\"}]},{\"@type\":\"WebSite\",\"@id\":\"https:\\\/\\\/blogs.uninter.edu.mx\\\/ehli\\\/#website\",\"url\":\"https:\\\/\\\/blogs.uninter.edu.mx\\\/ehli\\\/\",\"name\":\"EHLI\",\"description\":\"UNINTER\",\"potentialAction\":[{\"@type\":\"SearchAction\",\"target\":{\"@type\":\"EntryPoint\",\"urlTemplate\":\"https:\\\/\\\/blogs.uninter.edu.mx\\\/ehli\\\/?s={search_term_string}\"},\"query-input\":{\"@type\":\"PropertyValueSpecification\",\"valueRequired\":true,\"valueName\":\"search_term_string\"}}],\"inLanguage\":\"es\"},{\"@type\":\"Person\",\"@id\":\"https:\\\/\\\/blogs.uninter.edu.mx\\\/ehli\\\/#\\\/schema\\\/person\\\/10f2b6807da288729db3a7c1145ce539\",\"name\":\"Jorge Arturo de Jes\u00fas Lop\u00e9z Curiel\",\"image\":{\"@type\":\"ImageObject\",\"inLanguage\":\"es\",\"@id\":\"https:\\\/\\\/secure.gravatar.com\\\/avatar\\\/a8d9ac9618894bd63fa62cfe531cb48a06a06767aa4c6d7e1f30b3e6fe229c91?s=96&d=mm&r=g\",\"url\":\"https:\\\/\\\/secure.gravatar.com\\\/avatar\\\/a8d9ac9618894bd63fa62cfe531cb48a06a06767aa4c6d7e1f30b3e6fe229c91?s=96&d=mm&r=g\",\"contentUrl\":\"https:\\\/\\\/secure.gravatar.com\\\/avatar\\\/a8d9ac9618894bd63fa62cfe531cb48a06a06767aa4c6d7e1f30b3e6fe229c91?s=96&d=mm&r=g\",\"caption\":\"Jorge Arturo de Jes\u00fas Lop\u00e9z Curiel\"},\"url\":\"https:\\\/\\\/blogs.uninter.edu.mx\\\/ehli\\\/index.php\\\/author\\\/jdejesus\\\/\"}]}<\/script>\r\n<!-- \/ Yoast SEO plugin. -->","yoast_head_json":{"title":"Crisis en Nigeria: violencia religiosa y tensi\u00f3n internacional","description":"Nigeria enfrenta una ola de violencia religiosa en 2025. Grupos extremistas atacan comunidades cristianas y crece la tensi\u00f3n con EE.UU.","robots":{"index":"index","follow":"follow","max-snippet":"max-snippet:-1","max-image-preview":"max-image-preview:large","max-video-preview":"max-video-preview:-1"},"canonical":"https:\/\/blogs.uninter.edu.mx\/ehli\/index.php\/2025\/11\/03\/violencia-religiosa-en-nigeria-2025\/","og_locale":"es_MX","og_type":"article","og_title":"Crisis en Nigeria: violencia religiosa y tensi\u00f3n internacional","og_description":"Nigeria enfrenta una ola de violencia religiosa en 2025. Grupos extremistas atacan comunidades cristianas y crece la tensi\u00f3n con EE.UU.","og_url":"https:\/\/blogs.uninter.edu.mx\/ehli\/index.php\/2025\/11\/03\/violencia-religiosa-en-nigeria-2025\/","og_site_name":"EHLI","article_published_time":"2025-11-03T20:41:35+00:00","article_modified_time":"2025-11-03T20:41:42+00:00","og_image":[{"width":800,"height":558,"url":"https:\/\/blogs.uninter.edu.mx\/ehli\/wp-content\/uploads\/2025\/11\/lga-persecution-in-nigeria-1.jpg","type":"image\/jpeg"}],"author":"Jorge Arturo de Jes\u00fas Lop\u00e9z Curiel","twitter_card":"summary_large_image","twitter_misc":{"Escrito por":"Jorge Arturo de Jes\u00fas Lop\u00e9z Curiel","Tiempo de lectura":"4 minutos"},"schema":{"@context":"https:\/\/schema.org","@graph":[{"@type":"Article","@id":"https:\/\/blogs.uninter.edu.mx\/ehli\/index.php\/2025\/11\/03\/violencia-religiosa-en-nigeria-2025\/#article","isPartOf":{"@id":"https:\/\/blogs.uninter.edu.mx\/ehli\/index.php\/2025\/11\/03\/violencia-religiosa-en-nigeria-2025\/"},"author":{"name":"Jorge Arturo de Jes\u00fas Lop\u00e9z Curiel","@id":"https:\/\/blogs.uninter.edu.mx\/ehli\/#\/schema\/person\/10f2b6807da288729db3a7c1145ce539"},"headline":"Crisis en Nigeria: violencia religiosa y tensi\u00f3n internacional","datePublished":"2025-11-03T20:41:35+00:00","dateModified":"2025-11-03T20:41:42+00:00","mainEntityOfPage":{"@id":"https:\/\/blogs.uninter.edu.mx\/ehli\/index.php\/2025\/11\/03\/violencia-religiosa-en-nigeria-2025\/"},"wordCount":719,"commentCount":0,"image":{"@id":"https:\/\/blogs.uninter.edu.mx\/ehli\/index.php\/2025\/11\/03\/violencia-religiosa-en-nigeria-2025\/#primaryimage"},"thumbnailUrl":"https:\/\/blogs.uninter.edu.mx\/ehli\/wp-content\/uploads\/2025\/11\/lga-persecution-in-nigeria-1.jpg","inLanguage":"es","potentialAction":[{"@type":"CommentAction","name":"Comment","target":["https:\/\/blogs.uninter.edu.mx\/ehli\/index.php\/2025\/11\/03\/violencia-religiosa-en-nigeria-2025\/#respond"]}]},{"@type":"WebPage","@id":"https:\/\/blogs.uninter.edu.mx\/ehli\/index.php\/2025\/11\/03\/violencia-religiosa-en-nigeria-2025\/","url":"https:\/\/blogs.uninter.edu.mx\/ehli\/index.php\/2025\/11\/03\/violencia-religiosa-en-nigeria-2025\/","name":"Crisis en Nigeria: violencia religiosa y tensi\u00f3n internacional","isPartOf":{"@id":"https:\/\/blogs.uninter.edu.mx\/ehli\/#website"},"primaryImageOfPage":{"@id":"https:\/\/blogs.uninter.edu.mx\/ehli\/index.php\/2025\/11\/03\/violencia-religiosa-en-nigeria-2025\/#primaryimage"},"image":{"@id":"https:\/\/blogs.uninter.edu.mx\/ehli\/index.php\/2025\/11\/03\/violencia-religiosa-en-nigeria-2025\/#primaryimage"},"thumbnailUrl":"https:\/\/blogs.uninter.edu.mx\/ehli\/wp-content\/uploads\/2025\/11\/lga-persecution-in-nigeria-1.jpg","datePublished":"2025-11-03T20:41:35+00:00","dateModified":"2025-11-03T20:41:42+00:00","author":{"@id":"https:\/\/blogs.uninter.edu.mx\/ehli\/#\/schema\/person\/10f2b6807da288729db3a7c1145ce539"},"description":"Nigeria enfrenta una ola de violencia religiosa en 2025. Grupos extremistas atacan comunidades cristianas y crece la tensi\u00f3n con EE.UU.","breadcrumb":{"@id":"https:\/\/blogs.uninter.edu.mx\/ehli\/index.php\/2025\/11\/03\/violencia-religiosa-en-nigeria-2025\/#breadcrumb"},"inLanguage":"es","potentialAction":[{"@type":"ReadAction","target":["https:\/\/blogs.uninter.edu.mx\/ehli\/index.php\/2025\/11\/03\/violencia-religiosa-en-nigeria-2025\/"]}]},{"@type":"ImageObject","inLanguage":"es","@id":"https:\/\/blogs.uninter.edu.mx\/ehli\/index.php\/2025\/11\/03\/violencia-religiosa-en-nigeria-2025\/#primaryimage","url":"https:\/\/blogs.uninter.edu.mx\/ehli\/wp-content\/uploads\/2025\/11\/lga-persecution-in-nigeria-1.jpg","contentUrl":"https:\/\/blogs.uninter.edu.mx\/ehli\/wp-content\/uploads\/2025\/11\/lga-persecution-in-nigeria-1.jpg","width":800,"height":558},{"@type":"BreadcrumbList","@id":"https:\/\/blogs.uninter.edu.mx\/ehli\/index.php\/2025\/11\/03\/violencia-religiosa-en-nigeria-2025\/#breadcrumb","itemListElement":[{"@type":"ListItem","position":1,"name":"Inicio","item":"https:\/\/blogs.uninter.edu.mx\/ehli\/"},{"@type":"ListItem","position":2,"name":"Crisis en Nigeria: violencia religiosa y tensi\u00f3n internacional"}]},{"@type":"WebSite","@id":"https:\/\/blogs.uninter.edu.mx\/ehli\/#website","url":"https:\/\/blogs.uninter.edu.mx\/ehli\/","name":"EHLI","description":"UNINTER","potentialAction":[{"@type":"SearchAction","target":{"@type":"EntryPoint","urlTemplate":"https:\/\/blogs.uninter.edu.mx\/ehli\/?s={search_term_string}"},"query-input":{"@type":"PropertyValueSpecification","valueRequired":true,"valueName":"search_term_string"}}],"inLanguage":"es"},{"@type":"Person","@id":"https:\/\/blogs.uninter.edu.mx\/ehli\/#\/schema\/person\/10f2b6807da288729db3a7c1145ce539","name":"Jorge Arturo de Jes\u00fas Lop\u00e9z Curiel","image":{"@type":"ImageObject","inLanguage":"es","@id":"https:\/\/secure.gravatar.com\/avatar\/a8d9ac9618894bd63fa62cfe531cb48a06a06767aa4c6d7e1f30b3e6fe229c91?s=96&d=mm&r=g","url":"https:\/\/secure.gravatar.com\/avatar\/a8d9ac9618894bd63fa62cfe531cb48a06a06767aa4c6d7e1f30b3e6fe229c91?s=96&d=mm&r=g","contentUrl":"https:\/\/secure.gravatar.com\/avatar\/a8d9ac9618894bd63fa62cfe531cb48a06a06767aa4c6d7e1f30b3e6fe229c91?s=96&d=mm&r=g","caption":"Jorge Arturo de Jes\u00fas Lop\u00e9z Curiel"},"url":"https:\/\/blogs.uninter.edu.mx\/ehli\/index.php\/author\/jdejesus\/"}]}},"jetpack_featured_media_url":"","_links":{"self":[{"href":"https:\/\/blogs.uninter.edu.mx\/ehli\/index.php\/wp-json\/wp\/v2\/posts\/11878","targetHints":{"allow":["GET"]}}],"collection":[{"href":"https:\/\/blogs.uninter.edu.mx\/ehli\/index.php\/wp-json\/wp\/v2\/posts"}],"about":[{"href":"https:\/\/blogs.uninter.edu.mx\/ehli\/index.php\/wp-json\/wp\/v2\/types\/post"}],"author":[{"embeddable":true,"href":"https:\/\/blogs.uninter.edu.mx\/ehli\/index.php\/wp-json\/wp\/v2\/users\/39"}],"replies":[{"embeddable":true,"href":"https:\/\/blogs.uninter.edu.mx\/ehli\/index.php\/wp-json\/wp\/v2\/comments?post=11878"}],"version-history":[{"count":1,"href":"https:\/\/blogs.uninter.edu.mx\/ehli\/index.php\/wp-json\/wp\/v2\/posts\/11878\/revisions"}],"predecessor-version":[{"id":11881,"href":"https:\/\/blogs.uninter.edu.mx\/ehli\/index.php\/wp-json\/wp\/v2\/posts\/11878\/revisions\/11881"}],"wp:attachment":[{"href":"https:\/\/blogs.uninter.edu.mx\/ehli\/index.php\/wp-json\/wp\/v2\/media?parent=11878"}],"wp:term":[{"taxonomy":"category","embeddable":true,"href":"https:\/\/blogs.uninter.edu.mx\/ehli\/index.php\/wp-json\/wp\/v2\/categories?post=11878"},{"taxonomy":"post_tag","embeddable":true,"href":"https:\/\/blogs.uninter.edu.mx\/ehli\/index.php\/wp-json\/wp\/v2\/tags?post=11878"}],"curies":[{"name":"wp","href":"https:\/\/api.w.org\/{rel}","templated":true}]}}