{"id":11999,"date":"2026-02-17T08:00:00","date_gmt":"2026-02-17T08:00:00","guid":{"rendered":"https:\/\/blogs.uninter.edu.mx\/ehli\/?p=11999"},"modified":"2025-12-17T15:52:06","modified_gmt":"2025-12-17T15:52:06","slug":"francophonie-diplomatie-internationale","status":"publish","type":"post","link":"https:\/\/blogs.uninter.edu.mx\/ehli\/index.php\/2026\/02\/17\/francophonie-diplomatie-internationale\/","title":{"rendered":"La francophonie et la diplomatie internationale"},"content":{"rendered":"\n<p>La francophonie et la diplomatie internationale entretiennent une relation \u00e9troite et strat\u00e9gique. Le fran\u00e7ais, langue officielle ou de travail dans de nombreuses institutions internationales, joue un r\u00f4le central dans les \u00e9changes diplomatiques, la coop\u00e9ration multilat\u00e9rale et la d\u00e9fense du dialogue interculturel. La francophonie ne se limite pas \u00e0 un espace linguistique : elle constitue \u00e9galement un <strong>outil d\u2019influence politique et diplomatique<\/strong> \u00e0 l\u2019\u00e9chelle mondiale.<\/p>\n\n\n\n<h3 class=\"wp-block-heading\">La francophonie : un espace politique et institutionnel<\/h3>\n\n\n\n<p>La francophonie regroupe plus de <strong>300 millions de locuteurs<\/strong> r\u00e9partis sur les cinq continents. Elle s\u2019organise autour de l\u2019<strong>Organisation internationale de la Francophonie (OIF)<\/strong>, qui rassemble 88 \u00c9tats et gouvernements membres ou observateurs.<br>Au-del\u00e0 de la langue, la francophonie promeut des valeurs communes telles que la <strong>paix<\/strong>, la <strong>d\u00e9mocratie<\/strong>, les <strong>droits humains<\/strong> et le <strong>d\u00e9veloppement durable<\/strong>.<\/p>\n\n\n\n<h4 class=\"wp-block-heading\">Le fran\u00e7ais dans les institutions internationales<\/h4>\n\n\n\n<p>Le fran\u00e7ais demeure une <strong>langue diplomatique majeure<\/strong>. Il est langue officielle ou de travail dans des institutions cl\u00e9s comme :<\/p>\n\n\n\n<ul class=\"wp-block-list\">\n<li>l\u2019ONU,<\/li>\n\n\n\n<li>l\u2019Union europ\u00e9enne,<\/li>\n\n\n\n<li>l\u2019UNESCO,<\/li>\n\n\n\n<li>le Comit\u00e9 international de la Croix-Rouge,<\/li>\n\n\n\n<li>la Cour internationale de justice.<\/li>\n<\/ul>\n\n\n\n<p>Dans ces contextes, la ma\u00eetrise du fran\u00e7ais est un <strong>atout professionnel important<\/strong> pour les diplomates, juristes et fonctionnaires internationaux.<\/p>\n\n\n\n<h3 class=\"wp-block-heading\">Diplomatie culturelle et soft power francophone<\/h3>\n\n\n\n<p>La francophonie est \u00e9galement un instrument de <strong>soft power<\/strong>. \u00c0 travers la diffusion de la langue fran\u00e7aise, de la culture, de l\u2019\u00e9ducation et des m\u00e9dias, les \u00c9tats francophones renforcent leur influence internationale.<br>Les instituts culturels, les alliances fran\u00e7aises et les programmes universitaires participent activement \u00e0 cette diplomatie culturelle.<\/p>\n\n\n\n<h4 class=\"wp-block-heading\">Enjeux contemporains de la francophonie diplomatique<\/h4>\n\n\n\n<p>Dans un monde domin\u00e9 par l\u2019anglais, la francophonie fait face \u00e0 plusieurs d\u00e9fis :<\/p>\n\n\n\n<ul class=\"wp-block-list\">\n<li>la concurrence linguistique,<\/li>\n\n\n\n<li>la diversit\u00e9 des vari\u00e9t\u00e9s du fran\u00e7ais,<\/li>\n\n\n\n<li>la place du multilinguisme dans les organisations internationales.<\/li>\n<\/ul>\n\n\n\n<p>Cependant, elle repr\u00e9sente aussi une <strong>alternative linguistique et culturelle<\/strong>, favorisant le pluralisme et l\u2019\u00e9quilibre des \u00e9changes internationaux. Aussi l&#8217;Int\u00e9r\u00eat acad\u00e9mique et professionnel, pour les \u00e9tudiants en relations internationales, sciences politiques ou langues \u00e9trang\u00e8res, la francophonie constitue un <strong>champ d\u2019\u00e9tude essentiel<\/strong>. Elle permet d\u2019analyser : les dynamiques culturelles globales, les politiques linguistiques, les relations internationales, la diplomatie multilat\u00e9rale.<\/p>\n\n\n\n<p><a href=\"https:\/\/blogs.uninter.edu.mx\/ehli\/\" target=\"_blank\" rel=\"noreferrer noopener\">Blog EHLI<\/a><\/p>\n\n\n\n<p><a href=\"https:\/\/www.instagram.com\/ehli.uninter\/\" target=\"_blank\" rel=\"noreferrer noopener\">Instagram EHLI<\/a><\/p>\n\n\n\n<p><a href=\"https:\/\/www.facebook.com\/dheiuninter\" target=\"_blank\" rel=\"noreferrer noopener\">Facebook EHLI<\/a><\/p>\n\n\n\n<p><\/p>\n","protected":false},"excerpt":{"rendered":"<p>La francophonie et la diplomatie internationale entretiennent une relation \u00e9troite et strat\u00e9gique. Le fran\u00e7ais, langue officielle ou de travail dans de nombreuses institutions internationales, joue un r\u00f4le central dans les \u00e9changes diplomatiques, la coop\u00e9ration multilat\u00e9rale et la d\u00e9fense du dialogue interculturel. La francophonie ne se limite pas \u00e0 un espace linguistique : elle constitue \u00e9galement&hellip;<\/p>\n","protected":false},"author":14,"featured_media":0,"comment_status":"open","ping_status":"open","sticky":false,"template":"","format":"standard","meta":{"rop_custom_images_group":[],"rop_custom_messages_group":[],"rop_publish_now":"yes","rop_publish_now_accounts":[],"rop_publish_now_history":[],"rop_publish_now_status":"pending","footnotes":""},"categories":[564,242,241,11],"tags":[277,60,283,182,25,26],"class_list":["post-11999","post","type-post","status-publish","format-standard","hentry","category-ehli","category-frances","category-lenguas-extranjeras","category-lid","tag-departamento-de-lenguas-extranjeras","tag-ehli","tag-frances","tag-lenguas-extranjeras","tag-uninter","tag-universidad-internacional"],"yoast_head":"<!-- This site is optimized with the Yoast SEO plugin v27.4 - https:\/\/yoast.com\/product\/yoast-seo-wordpress\/ -->\r\n<title>La francophonie et la diplomatie internationale - EHLI<\/title>\r\n<meta name=\"description\" content=\"Comprendre le r\u00f4le de la francophonie dans la diplomatie internationale et son importance politique, culturelle et linguistique.\" \/>\r\n<meta name=\"robots\" content=\"index, follow, max-snippet:-1, max-image-preview:large, max-video-preview:-1\" \/>\r\n<link rel=\"canonical\" href=\"https:\/\/blogs.uninter.edu.mx\/ehli\/index.php\/2026\/02\/17\/francophonie-diplomatie-internationale\/\" \/>\r\n<meta property=\"og:locale\" content=\"es_MX\" \/>\r\n<meta property=\"og:type\" content=\"article\" \/>\r\n<meta property=\"og:title\" content=\"La francophonie et la diplomatie internationale - EHLI\" \/>\r\n<meta property=\"og:description\" content=\"Comprendre le r\u00f4le de la francophonie dans la diplomatie internationale et son importance politique, culturelle et linguistique.\" \/>\r\n<meta property=\"og:url\" content=\"https:\/\/blogs.uninter.edu.mx\/ehli\/index.php\/2026\/02\/17\/francophonie-diplomatie-internationale\/\" \/>\r\n<meta property=\"og:site_name\" content=\"EHLI\" \/>\r\n<meta property=\"article:published_time\" content=\"2026-02-17T08:00:00+00:00\" \/>\r\n<meta name=\"author\" content=\"Claudia Gal\u00e1n\" \/>\r\n<meta name=\"twitter:card\" content=\"summary_large_image\" \/>\r\n<meta name=\"twitter:label1\" content=\"Escrito por\" \/>\n\t<meta name=\"twitter:data1\" content=\"Claudia Gal\u00e1n\" \/>\n\t<meta name=\"twitter:label2\" content=\"Tiempo de lectura\" \/>\n\t<meta name=\"twitter:data2\" content=\"2 minutos\" \/>\r\n<script type=\"application\/ld+json\" class=\"yoast-schema-graph\">{\"@context\":\"https:\\\/\\\/schema.org\",\"@graph\":[{\"@type\":\"Article\",\"@id\":\"https:\\\/\\\/blogs.uninter.edu.mx\\\/ehli\\\/index.php\\\/2026\\\/02\\\/17\\\/francophonie-diplomatie-internationale\\\/#article\",\"isPartOf\":{\"@id\":\"https:\\\/\\\/blogs.uninter.edu.mx\\\/ehli\\\/index.php\\\/2026\\\/02\\\/17\\\/francophonie-diplomatie-internationale\\\/\"},\"author\":{\"name\":\"Claudia Gal\u00e1n\",\"@id\":\"https:\\\/\\\/blogs.uninter.edu.mx\\\/ehli\\\/#\\\/schema\\\/person\\\/a1789b6f3e9150e996ddd6b13f71a91f\"},\"headline\":\"La francophonie et la diplomatie internationale\",\"datePublished\":\"2026-02-17T08:00:00+00:00\",\"mainEntityOfPage\":{\"@id\":\"https:\\\/\\\/blogs.uninter.edu.mx\\\/ehli\\\/index.php\\\/2026\\\/02\\\/17\\\/francophonie-diplomatie-internationale\\\/\"},\"wordCount\":377,\"commentCount\":0,\"keywords\":[\"Departamento de Lenguas Extranjeras\",\"EHLI\",\"Franc\u00e9s\",\"Lenguas Extranjeras\",\"UNINTER\",\"UNIVERSIDAD INTERNACIONAL\"],\"articleSection\":[\"EHLI\",\"Franc\u00e9s\",\"Lenguas Extranjeras\",\"Lic. en Idiomas\"],\"inLanguage\":\"es\",\"potentialAction\":[{\"@type\":\"CommentAction\",\"name\":\"Comment\",\"target\":[\"https:\\\/\\\/blogs.uninter.edu.mx\\\/ehli\\\/index.php\\\/2026\\\/02\\\/17\\\/francophonie-diplomatie-internationale\\\/#respond\"]}]},{\"@type\":\"WebPage\",\"@id\":\"https:\\\/\\\/blogs.uninter.edu.mx\\\/ehli\\\/index.php\\\/2026\\\/02\\\/17\\\/francophonie-diplomatie-internationale\\\/\",\"url\":\"https:\\\/\\\/blogs.uninter.edu.mx\\\/ehli\\\/index.php\\\/2026\\\/02\\\/17\\\/francophonie-diplomatie-internationale\\\/\",\"name\":\"La francophonie et la diplomatie internationale - EHLI\",\"isPartOf\":{\"@id\":\"https:\\\/\\\/blogs.uninter.edu.mx\\\/ehli\\\/#website\"},\"datePublished\":\"2026-02-17T08:00:00+00:00\",\"author\":{\"@id\":\"https:\\\/\\\/blogs.uninter.edu.mx\\\/ehli\\\/#\\\/schema\\\/person\\\/a1789b6f3e9150e996ddd6b13f71a91f\"},\"description\":\"Comprendre le r\u00f4le de la francophonie dans la diplomatie internationale et son importance politique, culturelle et linguistique.\",\"breadcrumb\":{\"@id\":\"https:\\\/\\\/blogs.uninter.edu.mx\\\/ehli\\\/index.php\\\/2026\\\/02\\\/17\\\/francophonie-diplomatie-internationale\\\/#breadcrumb\"},\"inLanguage\":\"es\",\"potentialAction\":[{\"@type\":\"ReadAction\",\"target\":[\"https:\\\/\\\/blogs.uninter.edu.mx\\\/ehli\\\/index.php\\\/2026\\\/02\\\/17\\\/francophonie-diplomatie-internationale\\\/\"]}]},{\"@type\":\"BreadcrumbList\",\"@id\":\"https:\\\/\\\/blogs.uninter.edu.mx\\\/ehli\\\/index.php\\\/2026\\\/02\\\/17\\\/francophonie-diplomatie-internationale\\\/#breadcrumb\",\"itemListElement\":[{\"@type\":\"ListItem\",\"position\":1,\"name\":\"Inicio\",\"item\":\"https:\\\/\\\/blogs.uninter.edu.mx\\\/ehli\\\/\"},{\"@type\":\"ListItem\",\"position\":2,\"name\":\"La francophonie et la diplomatie internationale\"}]},{\"@type\":\"WebSite\",\"@id\":\"https:\\\/\\\/blogs.uninter.edu.mx\\\/ehli\\\/#website\",\"url\":\"https:\\\/\\\/blogs.uninter.edu.mx\\\/ehli\\\/\",\"name\":\"EHLI\",\"description\":\"UNINTER\",\"potentialAction\":[{\"@type\":\"SearchAction\",\"target\":{\"@type\":\"EntryPoint\",\"urlTemplate\":\"https:\\\/\\\/blogs.uninter.edu.mx\\\/ehli\\\/?s={search_term_string}\"},\"query-input\":{\"@type\":\"PropertyValueSpecification\",\"valueRequired\":true,\"valueName\":\"search_term_string\"}}],\"inLanguage\":\"es\"},{\"@type\":\"Person\",\"@id\":\"https:\\\/\\\/blogs.uninter.edu.mx\\\/ehli\\\/#\\\/schema\\\/person\\\/a1789b6f3e9150e996ddd6b13f71a91f\",\"name\":\"Claudia Gal\u00e1n\",\"image\":{\"@type\":\"ImageObject\",\"inLanguage\":\"es\",\"@id\":\"https:\\\/\\\/secure.gravatar.com\\\/avatar\\\/b3f20a310d3902521a587ab846aa4769a72215a79334d25f5d3323ae0db4c36f?s=96&d=mm&r=g\",\"url\":\"https:\\\/\\\/secure.gravatar.com\\\/avatar\\\/b3f20a310d3902521a587ab846aa4769a72215a79334d25f5d3323ae0db4c36f?s=96&d=mm&r=g\",\"contentUrl\":\"https:\\\/\\\/secure.gravatar.com\\\/avatar\\\/b3f20a310d3902521a587ab846aa4769a72215a79334d25f5d3323ae0db4c36f?s=96&d=mm&r=g\",\"caption\":\"Claudia Gal\u00e1n\"},\"url\":\"https:\\\/\\\/blogs.uninter.edu.mx\\\/ehli\\\/index.php\\\/author\\\/cgalan\\\/\"}]}<\/script>\r\n<!-- \/ Yoast SEO plugin. -->","yoast_head_json":{"title":"La francophonie et la diplomatie internationale - EHLI","description":"Comprendre le r\u00f4le de la francophonie dans la diplomatie internationale et son importance politique, culturelle et linguistique.","robots":{"index":"index","follow":"follow","max-snippet":"max-snippet:-1","max-image-preview":"max-image-preview:large","max-video-preview":"max-video-preview:-1"},"canonical":"https:\/\/blogs.uninter.edu.mx\/ehli\/index.php\/2026\/02\/17\/francophonie-diplomatie-internationale\/","og_locale":"es_MX","og_type":"article","og_title":"La francophonie et la diplomatie internationale - EHLI","og_description":"Comprendre le r\u00f4le de la francophonie dans la diplomatie internationale et son importance politique, culturelle et linguistique.","og_url":"https:\/\/blogs.uninter.edu.mx\/ehli\/index.php\/2026\/02\/17\/francophonie-diplomatie-internationale\/","og_site_name":"EHLI","article_published_time":"2026-02-17T08:00:00+00:00","author":"Claudia Gal\u00e1n","twitter_card":"summary_large_image","twitter_misc":{"Escrito por":"Claudia Gal\u00e1n","Tiempo de lectura":"2 minutos"},"schema":{"@context":"https:\/\/schema.org","@graph":[{"@type":"Article","@id":"https:\/\/blogs.uninter.edu.mx\/ehli\/index.php\/2026\/02\/17\/francophonie-diplomatie-internationale\/#article","isPartOf":{"@id":"https:\/\/blogs.uninter.edu.mx\/ehli\/index.php\/2026\/02\/17\/francophonie-diplomatie-internationale\/"},"author":{"name":"Claudia Gal\u00e1n","@id":"https:\/\/blogs.uninter.edu.mx\/ehli\/#\/schema\/person\/a1789b6f3e9150e996ddd6b13f71a91f"},"headline":"La francophonie et la diplomatie internationale","datePublished":"2026-02-17T08:00:00+00:00","mainEntityOfPage":{"@id":"https:\/\/blogs.uninter.edu.mx\/ehli\/index.php\/2026\/02\/17\/francophonie-diplomatie-internationale\/"},"wordCount":377,"commentCount":0,"keywords":["Departamento de Lenguas Extranjeras","EHLI","Franc\u00e9s","Lenguas Extranjeras","UNINTER","UNIVERSIDAD INTERNACIONAL"],"articleSection":["EHLI","Franc\u00e9s","Lenguas Extranjeras","Lic. en Idiomas"],"inLanguage":"es","potentialAction":[{"@type":"CommentAction","name":"Comment","target":["https:\/\/blogs.uninter.edu.mx\/ehli\/index.php\/2026\/02\/17\/francophonie-diplomatie-internationale\/#respond"]}]},{"@type":"WebPage","@id":"https:\/\/blogs.uninter.edu.mx\/ehli\/index.php\/2026\/02\/17\/francophonie-diplomatie-internationale\/","url":"https:\/\/blogs.uninter.edu.mx\/ehli\/index.php\/2026\/02\/17\/francophonie-diplomatie-internationale\/","name":"La francophonie et la diplomatie internationale - EHLI","isPartOf":{"@id":"https:\/\/blogs.uninter.edu.mx\/ehli\/#website"},"datePublished":"2026-02-17T08:00:00+00:00","author":{"@id":"https:\/\/blogs.uninter.edu.mx\/ehli\/#\/schema\/person\/a1789b6f3e9150e996ddd6b13f71a91f"},"description":"Comprendre le r\u00f4le de la francophonie dans la diplomatie internationale et son importance politique, culturelle et linguistique.","breadcrumb":{"@id":"https:\/\/blogs.uninter.edu.mx\/ehli\/index.php\/2026\/02\/17\/francophonie-diplomatie-internationale\/#breadcrumb"},"inLanguage":"es","potentialAction":[{"@type":"ReadAction","target":["https:\/\/blogs.uninter.edu.mx\/ehli\/index.php\/2026\/02\/17\/francophonie-diplomatie-internationale\/"]}]},{"@type":"BreadcrumbList","@id":"https:\/\/blogs.uninter.edu.mx\/ehli\/index.php\/2026\/02\/17\/francophonie-diplomatie-internationale\/#breadcrumb","itemListElement":[{"@type":"ListItem","position":1,"name":"Inicio","item":"https:\/\/blogs.uninter.edu.mx\/ehli\/"},{"@type":"ListItem","position":2,"name":"La francophonie et la diplomatie internationale"}]},{"@type":"WebSite","@id":"https:\/\/blogs.uninter.edu.mx\/ehli\/#website","url":"https:\/\/blogs.uninter.edu.mx\/ehli\/","name":"EHLI","description":"UNINTER","potentialAction":[{"@type":"SearchAction","target":{"@type":"EntryPoint","urlTemplate":"https:\/\/blogs.uninter.edu.mx\/ehli\/?s={search_term_string}"},"query-input":{"@type":"PropertyValueSpecification","valueRequired":true,"valueName":"search_term_string"}}],"inLanguage":"es"},{"@type":"Person","@id":"https:\/\/blogs.uninter.edu.mx\/ehli\/#\/schema\/person\/a1789b6f3e9150e996ddd6b13f71a91f","name":"Claudia Gal\u00e1n","image":{"@type":"ImageObject","inLanguage":"es","@id":"https:\/\/secure.gravatar.com\/avatar\/b3f20a310d3902521a587ab846aa4769a72215a79334d25f5d3323ae0db4c36f?s=96&d=mm&r=g","url":"https:\/\/secure.gravatar.com\/avatar\/b3f20a310d3902521a587ab846aa4769a72215a79334d25f5d3323ae0db4c36f?s=96&d=mm&r=g","contentUrl":"https:\/\/secure.gravatar.com\/avatar\/b3f20a310d3902521a587ab846aa4769a72215a79334d25f5d3323ae0db4c36f?s=96&d=mm&r=g","caption":"Claudia Gal\u00e1n"},"url":"https:\/\/blogs.uninter.edu.mx\/ehli\/index.php\/author\/cgalan\/"}]}},"jetpack_featured_media_url":"","_links":{"self":[{"href":"https:\/\/blogs.uninter.edu.mx\/ehli\/index.php\/wp-json\/wp\/v2\/posts\/11999","targetHints":{"allow":["GET"]}}],"collection":[{"href":"https:\/\/blogs.uninter.edu.mx\/ehli\/index.php\/wp-json\/wp\/v2\/posts"}],"about":[{"href":"https:\/\/blogs.uninter.edu.mx\/ehli\/index.php\/wp-json\/wp\/v2\/types\/post"}],"author":[{"embeddable":true,"href":"https:\/\/blogs.uninter.edu.mx\/ehli\/index.php\/wp-json\/wp\/v2\/users\/14"}],"replies":[{"embeddable":true,"href":"https:\/\/blogs.uninter.edu.mx\/ehli\/index.php\/wp-json\/wp\/v2\/comments?post=11999"}],"version-history":[{"count":1,"href":"https:\/\/blogs.uninter.edu.mx\/ehli\/index.php\/wp-json\/wp\/v2\/posts\/11999\/revisions"}],"predecessor-version":[{"id":12000,"href":"https:\/\/blogs.uninter.edu.mx\/ehli\/index.php\/wp-json\/wp\/v2\/posts\/11999\/revisions\/12000"}],"wp:attachment":[{"href":"https:\/\/blogs.uninter.edu.mx\/ehli\/index.php\/wp-json\/wp\/v2\/media?parent=11999"}],"wp:term":[{"taxonomy":"category","embeddable":true,"href":"https:\/\/blogs.uninter.edu.mx\/ehli\/index.php\/wp-json\/wp\/v2\/categories?post=11999"},{"taxonomy":"post_tag","embeddable":true,"href":"https:\/\/blogs.uninter.edu.mx\/ehli\/index.php\/wp-json\/wp\/v2\/tags?post=11999"}],"curies":[{"name":"wp","href":"https:\/\/api.w.org\/{rel}","templated":true}]}}