{"id":12462,"date":"2026-04-27T17:51:57","date_gmt":"2026-04-27T17:51:57","guid":{"rendered":"https:\/\/blogs.uninter.edu.mx\/ehli\/?p=12462"},"modified":"2026-04-27T17:52:04","modified_gmt":"2026-04-27T17:52:04","slug":"confrontacion-geoeconomica-y-desinformacion-elevan-el-riesgo-global-en-2026-advierte-el-wef","status":"publish","type":"post","link":"https:\/\/blogs.uninter.edu.mx\/ehli\/index.php\/2026\/04\/27\/confrontacion-geoeconomica-y-desinformacion-elevan-el-riesgo-global-en-2026-advierte-el-wef\/","title":{"rendered":"Confrontaci\u00f3n geoecon\u00f3mica y desinformaci\u00f3n elevan el riesgo global en 2026, advierte el WEF"},"content":{"rendered":"\n<p>El Foro Econ\u00f3mico Mundial advierte que el planeta entra en una \u201cera de competencia\u201d, marcada por fragmentaci\u00f3n, tensiones comerciales y presi\u00f3n tecnol\u00f3gica. A 10 a\u00f1os, el foco cambia: los riesgos ambientales dominan el horizonte<\/p>\n\n\n\n<figure class=\"wp-block-image size-full\"><img loading=\"lazy\" decoding=\"async\" width=\"1100\" height=\"619\" src=\"https:\/\/blogs.uninter.edu.mx\/ehli\/wp-content\/uploads\/2026\/04\/230115180542-foro-economico-mundial-super-169.jpg\" alt=\"\" class=\"wp-image-12463\"\/><\/figure>\n\n\n\n<p>El mundo se mueve hacia una \u201cera de competencia\u201d, en la que la confrontaci\u00f3n sustituye a la cooperaci\u00f3n como motor de la relaci\u00f3n entre pa\u00edses.<\/p>\n\n\n\n<p>As\u00ed lo plantea el Informe de Riesgos Globales 2026 del Foro Econ\u00f3mico Mundial (<a href=\"https:\/\/x.com\/wef?s=20\" rel=\"noreferrer noopener\" target=\"_blank\">WEF<\/a><a rel=\"noreferrer noopener\" target=\"_blank\">&nbsp;por sus siglas en ingl\u00e9s<\/a>), basado en una&nbsp;<strong>encuesta a m\u00e1s de mil 300 l\u00edderes globales y consultas con especialistas<\/strong>, en un contexto de&nbsp;<strong>turbulencia geopol\u00edtica, transformaci\u00f3n tecnol\u00f3gica y presiones sobre el multilateralismo<\/strong>.<\/p>\n\n\n\n<p>El reporte advierte que&nbsp;<strong>la incertidumbre seguir\u00e1 siendo el sello del futuro cercano<\/strong>: la mitad de las personas encuestadas considera que 2026 ser\u00e1 un a\u00f1o \u201cturbulento\u201d o \u201ctormentoso\u201d.<\/p>\n\n\n\n<p>Pero el panorama se vuelve m\u00e1s complejo en el largo plazo:\u00a0<strong>57% anticipa un escenario similar a 10 a\u00f1os<\/strong>, mientras que casi\u00a0<strong>una quinta parte prev\u00e9 riesgos \u201ccatastr\u00f3ficos\u201d en el futuro pr\u00f3ximo<\/strong>.<\/p>\n\n\n\n<h2 class=\"wp-block-heading\">Confrontaci\u00f3n geoecon\u00f3mica: el riesgo n\u00famero uno<\/h2>\n\n\n\n<p>En el corto plazo, el informe coloca a&nbsp;<strong>la confrontaci\u00f3n geoecon\u00f3mica como el principal riesgo global<\/strong>. Este fen\u00f3meno incluye&nbsp;<strong>tensiones que impactan el comercio, la inversi\u00f3n, las cadenas de suministro y el acceso a recursos naturales<\/strong>,&nbsp;<strong>desplazando al \u201cconflicto armado estatal\u201d<\/strong>, que hab\u00eda encabezado la clasificaci\u00f3n en el reporte anterior.<\/p>\n\n\n\n<p>El WEF alerta que, aunque&nbsp;<strong>los aranceles ya son parte del paisaje, existe el riesgo de que el choque geoecon\u00f3mico escale a una guerra econ\u00f3mica<\/strong>&nbsp;con medidas como bloqueos de puertos, restricciones a exportaciones de bienes estrat\u00e9gicos, contratos cancelados y controles de capital.<\/p>\n\n\n\n<p>En este escenario,&nbsp;<strong>la desinformaci\u00f3n y la polarizaci\u00f3n social completan el \u201ctop 3\u201d de amenazas inmediatas<\/strong>, configurando un c\u00f3ctel que presiona la estabilidad pol\u00edtica y la cohesi\u00f3n interna de distintos pa\u00edses.<\/p>\n\n\n\n<h2 class=\"wp-block-heading\">Riesgos ambientales dominan la d\u00e9cada, mientras crecen los temores por la IA<\/h2>\n\n\n\n<p>El documento apunta que, aunque&nbsp;<strong>los riesgos ambientales pierden peso relativo en el corto plazo frente a amenazas no ambientales<\/strong>, el panorama cambia radicalmente hacia el futuro:&nbsp;<strong>en una perspectiva de 10 a\u00f1os, el ranking es encabezado por los impactos del cambio clim\u00e1tico, con fen\u00f3menos meteorol\u00f3gicos extremos<\/strong>, p\u00e9rdida de biodiversidad y cambios cr\u00edticos en sistemas terrestres.<\/p>\n\n\n\n<p>Entre los riesgos de largo plazo<strong>&nbsp;tambi\u00e9n se mantiene la desinformaci\u00f3n como amenaza estructural<\/strong>, mientras que los resultados adversos de&nbsp;<strong>la inteligencia artificial suben con fuerza hasta colocarse dentro de las mayores preocupaciones<\/strong>.<\/p>\n\n\n\n<p>El informe advierte que&nbsp;<strong>la r\u00e1pida evoluci\u00f3n de tecnolog\u00edas como la IA y la computaci\u00f3n cu\u00e1ntica abre oportunidades de crecimiento<\/strong>, pero tambi\u00e9n riesgos que van desde impactos laborales y sociales, hasta amenazas a la integridad de la informaci\u00f3n y la automatizaci\u00f3n de sistemas militares.<\/p>\n\n\n\n<p>En paralelo,&nbsp;<strong>los riesgos econ\u00f3micos muestran un avance acelerado: recesi\u00f3n e inflaci\u00f3n suben de manera relevante en la clasificaci\u00f3n para los pr\u00f3ximos dos a\u00f1os<\/strong>, junto con el riesgo de estallido de burbujas de activos, una combinaci\u00f3n que podr\u00eda desestabilizar econom\u00edas y sociedades enteras en un entorno de alta incertidumbre.<\/p>\n\n\n\n<p>FUENTE: <a href=\"https:\/\/www.reporteindigo.com\/\">Reporte Indigo: Noticias de M\u00e9xico y el mundo en tiempo real<\/a><\/p>\n","protected":false},"excerpt":{"rendered":"<p>El Foro Econ\u00f3mico Mundial advierte que el planeta entra en una \u201cera de competencia\u201d, marcada por fragmentaci\u00f3n, tensiones comerciales y presi\u00f3n tecnol\u00f3gica. A 10 a\u00f1os, el foco cambia: los riesgos ambientales dominan el horizonte El mundo se mueve hacia una \u201cera de competencia\u201d, en la que la confrontaci\u00f3n sustituye a la cooperaci\u00f3n como motor de&hellip;<\/p>\n","protected":false},"author":28,"featured_media":12463,"comment_status":"open","ping_status":"open","sticky":true,"template":"","format":"standard","meta":{"rop_custom_images_group":[],"rop_custom_messages_group":[],"rop_publish_now":"yes","rop_publish_now_accounts":[],"rop_publish_now_history":[],"rop_publish_now_status":"pending","footnotes":""},"categories":[312,564,15,122,3,110,4,111],"tags":[60],"class_list":["post-12462","post","type-post","status-publish","format-standard","has-post-thumbnail","hentry","category-comunicacion","category-ehli","category-epu","category-especialidad-en-publicidad","category-lco","category-lic-en-comunicacion","category-corp","category-lic-en-comunicacion-y-relaciones-publicas","tag-ehli"],"yoast_head":"<!-- This site is optimized with the Yoast SEO plugin v27.4 - https:\/\/yoast.com\/product\/yoast-seo-wordpress\/ -->\r\n<title>Confrontaci\u00f3n geoecon\u00f3mica y desinformaci\u00f3n elevan el riesgo global en 2026, advierte el WEF - EHLI<\/title>\r\n<meta name=\"description\" content=\"Entre los riesgos de largo plazo\u00a0tambi\u00e9n se mantiene la desinformaci\u00f3n como amenaza estructural, mientras que los resultados adversos de\u00a0la inteligencia artificial suben con fuerza hasta colocarse dentro de las mayores preocupaciones.\" \/>\r\n<meta name=\"robots\" content=\"index, follow, max-snippet:-1, max-image-preview:large, max-video-preview:-1\" \/>\r\n<link rel=\"canonical\" href=\"https:\/\/blogs.uninter.edu.mx\/ehli\/index.php\/2026\/04\/27\/confrontacion-geoeconomica-y-desinformacion-elevan-el-riesgo-global-en-2026-advierte-el-wef\/\" \/>\r\n<meta property=\"og:locale\" content=\"es_MX\" \/>\r\n<meta property=\"og:type\" content=\"article\" \/>\r\n<meta property=\"og:title\" content=\"Confrontaci\u00f3n geoecon\u00f3mica y desinformaci\u00f3n elevan el riesgo global en 2026, advierte el WEF - EHLI\" \/>\r\n<meta property=\"og:description\" content=\"Entre los riesgos de largo plazo\u00a0tambi\u00e9n se mantiene la desinformaci\u00f3n como amenaza estructural, mientras que los resultados adversos de\u00a0la inteligencia artificial suben con fuerza hasta colocarse dentro de las mayores preocupaciones.\" \/>\r\n<meta property=\"og:url\" content=\"https:\/\/blogs.uninter.edu.mx\/ehli\/index.php\/2026\/04\/27\/confrontacion-geoeconomica-y-desinformacion-elevan-el-riesgo-global-en-2026-advierte-el-wef\/\" \/>\r\n<meta property=\"og:site_name\" content=\"EHLI\" \/>\r\n<meta property=\"article:published_time\" content=\"2026-04-27T17:51:57+00:00\" \/>\r\n<meta property=\"article:modified_time\" content=\"2026-04-27T17:52:04+00:00\" \/>\r\n<meta property=\"og:image\" content=\"https:\/\/blogs.uninter.edu.mx\/ehli\/wp-content\/uploads\/2026\/04\/230115180542-foro-economico-mundial-super-169.jpg\" \/>\r\n\t<meta property=\"og:image:width\" content=\"1100\" \/>\r\n\t<meta property=\"og:image:height\" content=\"619\" \/>\r\n\t<meta property=\"og:image:type\" content=\"image\/jpeg\" \/>\r\n<meta name=\"author\" content=\"mocampo\" \/>\r\n<meta name=\"twitter:card\" content=\"summary_large_image\" \/>\r\n<meta name=\"twitter:label1\" content=\"Escrito por\" \/>\n\t<meta name=\"twitter:data1\" content=\"mocampo\" \/>\n\t<meta name=\"twitter:label2\" content=\"Tiempo de lectura\" \/>\n\t<meta name=\"twitter:data2\" content=\"3 minutos\" \/>\r\n<script type=\"application\/ld+json\" class=\"yoast-schema-graph\">{\"@context\":\"https:\\\/\\\/schema.org\",\"@graph\":[{\"@type\":\"Article\",\"@id\":\"https:\\\/\\\/blogs.uninter.edu.mx\\\/ehli\\\/index.php\\\/2026\\\/04\\\/27\\\/confrontacion-geoeconomica-y-desinformacion-elevan-el-riesgo-global-en-2026-advierte-el-wef\\\/#article\",\"isPartOf\":{\"@id\":\"https:\\\/\\\/blogs.uninter.edu.mx\\\/ehli\\\/index.php\\\/2026\\\/04\\\/27\\\/confrontacion-geoeconomica-y-desinformacion-elevan-el-riesgo-global-en-2026-advierte-el-wef\\\/\"},\"author\":{\"name\":\"mocampo\",\"@id\":\"https:\\\/\\\/blogs.uninter.edu.mx\\\/ehli\\\/#\\\/schema\\\/person\\\/f9426d100dd7db1b2a0be67166f80826\"},\"headline\":\"Confrontaci\u00f3n geoecon\u00f3mica y desinformaci\u00f3n elevan el riesgo global en 2026, advierte el WEF\",\"datePublished\":\"2026-04-27T17:51:57+00:00\",\"dateModified\":\"2026-04-27T17:52:04+00:00\",\"mainEntityOfPage\":{\"@id\":\"https:\\\/\\\/blogs.uninter.edu.mx\\\/ehli\\\/index.php\\\/2026\\\/04\\\/27\\\/confrontacion-geoeconomica-y-desinformacion-elevan-el-riesgo-global-en-2026-advierte-el-wef\\\/\"},\"wordCount\":591,\"commentCount\":0,\"image\":{\"@id\":\"https:\\\/\\\/blogs.uninter.edu.mx\\\/ehli\\\/index.php\\\/2026\\\/04\\\/27\\\/confrontacion-geoeconomica-y-desinformacion-elevan-el-riesgo-global-en-2026-advierte-el-wef\\\/#primaryimage\"},\"thumbnailUrl\":\"https:\\\/\\\/blogs.uninter.edu.mx\\\/ehli\\\/wp-content\\\/uploads\\\/2026\\\/04\\\/230115180542-foro-economico-mundial-super-169.jpg\",\"keywords\":[\"EHLI\"],\"articleSection\":[\"Comunicaci\u00f3n\",\"EHLI\",\"Especialidad en Publicidad\",\"Especialidad en Publicidad\",\"Lic. en Comunicaci\u00f3n\",\"Lic. en Comunicaci\u00f3n\",\"Lic. en Comunicaci\u00f3n y Relaciones P\u00fablicas\",\"Lic. en Comunicaci\u00f3n y Relaciones P\u00fablicas\"],\"inLanguage\":\"es\",\"potentialAction\":[{\"@type\":\"CommentAction\",\"name\":\"Comment\",\"target\":[\"https:\\\/\\\/blogs.uninter.edu.mx\\\/ehli\\\/index.php\\\/2026\\\/04\\\/27\\\/confrontacion-geoeconomica-y-desinformacion-elevan-el-riesgo-global-en-2026-advierte-el-wef\\\/#respond\"]}]},{\"@type\":\"WebPage\",\"@id\":\"https:\\\/\\\/blogs.uninter.edu.mx\\\/ehli\\\/index.php\\\/2026\\\/04\\\/27\\\/confrontacion-geoeconomica-y-desinformacion-elevan-el-riesgo-global-en-2026-advierte-el-wef\\\/\",\"url\":\"https:\\\/\\\/blogs.uninter.edu.mx\\\/ehli\\\/index.php\\\/2026\\\/04\\\/27\\\/confrontacion-geoeconomica-y-desinformacion-elevan-el-riesgo-global-en-2026-advierte-el-wef\\\/\",\"name\":\"Confrontaci\u00f3n geoecon\u00f3mica y desinformaci\u00f3n elevan el riesgo global en 2026, advierte el WEF - EHLI\",\"isPartOf\":{\"@id\":\"https:\\\/\\\/blogs.uninter.edu.mx\\\/ehli\\\/#website\"},\"primaryImageOfPage\":{\"@id\":\"https:\\\/\\\/blogs.uninter.edu.mx\\\/ehli\\\/index.php\\\/2026\\\/04\\\/27\\\/confrontacion-geoeconomica-y-desinformacion-elevan-el-riesgo-global-en-2026-advierte-el-wef\\\/#primaryimage\"},\"image\":{\"@id\":\"https:\\\/\\\/blogs.uninter.edu.mx\\\/ehli\\\/index.php\\\/2026\\\/04\\\/27\\\/confrontacion-geoeconomica-y-desinformacion-elevan-el-riesgo-global-en-2026-advierte-el-wef\\\/#primaryimage\"},\"thumbnailUrl\":\"https:\\\/\\\/blogs.uninter.edu.mx\\\/ehli\\\/wp-content\\\/uploads\\\/2026\\\/04\\\/230115180542-foro-economico-mundial-super-169.jpg\",\"datePublished\":\"2026-04-27T17:51:57+00:00\",\"dateModified\":\"2026-04-27T17:52:04+00:00\",\"author\":{\"@id\":\"https:\\\/\\\/blogs.uninter.edu.mx\\\/ehli\\\/#\\\/schema\\\/person\\\/f9426d100dd7db1b2a0be67166f80826\"},\"description\":\"Entre los riesgos de largo plazo\u00a0tambi\u00e9n se mantiene la desinformaci\u00f3n como amenaza estructural, mientras que los resultados adversos de\u00a0la inteligencia artificial suben con fuerza hasta colocarse dentro de las mayores preocupaciones.\",\"breadcrumb\":{\"@id\":\"https:\\\/\\\/blogs.uninter.edu.mx\\\/ehli\\\/index.php\\\/2026\\\/04\\\/27\\\/confrontacion-geoeconomica-y-desinformacion-elevan-el-riesgo-global-en-2026-advierte-el-wef\\\/#breadcrumb\"},\"inLanguage\":\"es\",\"potentialAction\":[{\"@type\":\"ReadAction\",\"target\":[\"https:\\\/\\\/blogs.uninter.edu.mx\\\/ehli\\\/index.php\\\/2026\\\/04\\\/27\\\/confrontacion-geoeconomica-y-desinformacion-elevan-el-riesgo-global-en-2026-advierte-el-wef\\\/\"]}]},{\"@type\":\"ImageObject\",\"inLanguage\":\"es\",\"@id\":\"https:\\\/\\\/blogs.uninter.edu.mx\\\/ehli\\\/index.php\\\/2026\\\/04\\\/27\\\/confrontacion-geoeconomica-y-desinformacion-elevan-el-riesgo-global-en-2026-advierte-el-wef\\\/#primaryimage\",\"url\":\"https:\\\/\\\/blogs.uninter.edu.mx\\\/ehli\\\/wp-content\\\/uploads\\\/2026\\\/04\\\/230115180542-foro-economico-mundial-super-169.jpg\",\"contentUrl\":\"https:\\\/\\\/blogs.uninter.edu.mx\\\/ehli\\\/wp-content\\\/uploads\\\/2026\\\/04\\\/230115180542-foro-economico-mundial-super-169.jpg\",\"width\":1100,\"height\":619},{\"@type\":\"BreadcrumbList\",\"@id\":\"https:\\\/\\\/blogs.uninter.edu.mx\\\/ehli\\\/index.php\\\/2026\\\/04\\\/27\\\/confrontacion-geoeconomica-y-desinformacion-elevan-el-riesgo-global-en-2026-advierte-el-wef\\\/#breadcrumb\",\"itemListElement\":[{\"@type\":\"ListItem\",\"position\":1,\"name\":\"Inicio\",\"item\":\"https:\\\/\\\/blogs.uninter.edu.mx\\\/ehli\\\/\"},{\"@type\":\"ListItem\",\"position\":2,\"name\":\"Confrontaci\u00f3n geoecon\u00f3mica y desinformaci\u00f3n elevan el riesgo global en 2026, advierte el WEF\"}]},{\"@type\":\"WebSite\",\"@id\":\"https:\\\/\\\/blogs.uninter.edu.mx\\\/ehli\\\/#website\",\"url\":\"https:\\\/\\\/blogs.uninter.edu.mx\\\/ehli\\\/\",\"name\":\"EHLI\",\"description\":\"UNINTER\",\"potentialAction\":[{\"@type\":\"SearchAction\",\"target\":{\"@type\":\"EntryPoint\",\"urlTemplate\":\"https:\\\/\\\/blogs.uninter.edu.mx\\\/ehli\\\/?s={search_term_string}\"},\"query-input\":{\"@type\":\"PropertyValueSpecification\",\"valueRequired\":true,\"valueName\":\"search_term_string\"}}],\"inLanguage\":\"es\"},{\"@type\":\"Person\",\"@id\":\"https:\\\/\\\/blogs.uninter.edu.mx\\\/ehli\\\/#\\\/schema\\\/person\\\/f9426d100dd7db1b2a0be67166f80826\",\"name\":\"mocampo\",\"image\":{\"@type\":\"ImageObject\",\"inLanguage\":\"es\",\"@id\":\"https:\\\/\\\/secure.gravatar.com\\\/avatar\\\/486a87ae86777f2d04f69759eb0a12f435703bd96e4bccfcbe628cd8a4b836c9?s=96&d=mm&r=g\",\"url\":\"https:\\\/\\\/secure.gravatar.com\\\/avatar\\\/486a87ae86777f2d04f69759eb0a12f435703bd96e4bccfcbe628cd8a4b836c9?s=96&d=mm&r=g\",\"contentUrl\":\"https:\\\/\\\/secure.gravatar.com\\\/avatar\\\/486a87ae86777f2d04f69759eb0a12f435703bd96e4bccfcbe628cd8a4b836c9?s=96&d=mm&r=g\",\"caption\":\"mocampo\"},\"url\":\"https:\\\/\\\/blogs.uninter.edu.mx\\\/ehli\\\/index.php\\\/author\\\/mocampo\\\/\"}]}<\/script>\r\n<!-- \/ Yoast SEO plugin. -->","yoast_head_json":{"title":"Confrontaci\u00f3n geoecon\u00f3mica y desinformaci\u00f3n elevan el riesgo global en 2026, advierte el WEF - EHLI","description":"Entre los riesgos de largo plazo\u00a0tambi\u00e9n se mantiene la desinformaci\u00f3n como amenaza estructural, mientras que los resultados adversos de\u00a0la inteligencia artificial suben con fuerza hasta colocarse dentro de las mayores preocupaciones.","robots":{"index":"index","follow":"follow","max-snippet":"max-snippet:-1","max-image-preview":"max-image-preview:large","max-video-preview":"max-video-preview:-1"},"canonical":"https:\/\/blogs.uninter.edu.mx\/ehli\/index.php\/2026\/04\/27\/confrontacion-geoeconomica-y-desinformacion-elevan-el-riesgo-global-en-2026-advierte-el-wef\/","og_locale":"es_MX","og_type":"article","og_title":"Confrontaci\u00f3n geoecon\u00f3mica y desinformaci\u00f3n elevan el riesgo global en 2026, advierte el WEF - EHLI","og_description":"Entre los riesgos de largo plazo\u00a0tambi\u00e9n se mantiene la desinformaci\u00f3n como amenaza estructural, mientras que los resultados adversos de\u00a0la inteligencia artificial suben con fuerza hasta colocarse dentro de las mayores preocupaciones.","og_url":"https:\/\/blogs.uninter.edu.mx\/ehli\/index.php\/2026\/04\/27\/confrontacion-geoeconomica-y-desinformacion-elevan-el-riesgo-global-en-2026-advierte-el-wef\/","og_site_name":"EHLI","article_published_time":"2026-04-27T17:51:57+00:00","article_modified_time":"2026-04-27T17:52:04+00:00","og_image":[{"width":1100,"height":619,"url":"https:\/\/blogs.uninter.edu.mx\/ehli\/wp-content\/uploads\/2026\/04\/230115180542-foro-economico-mundial-super-169.jpg","type":"image\/jpeg"}],"author":"mocampo","twitter_card":"summary_large_image","twitter_misc":{"Escrito por":"mocampo","Tiempo de lectura":"3 minutos"},"schema":{"@context":"https:\/\/schema.org","@graph":[{"@type":"Article","@id":"https:\/\/blogs.uninter.edu.mx\/ehli\/index.php\/2026\/04\/27\/confrontacion-geoeconomica-y-desinformacion-elevan-el-riesgo-global-en-2026-advierte-el-wef\/#article","isPartOf":{"@id":"https:\/\/blogs.uninter.edu.mx\/ehli\/index.php\/2026\/04\/27\/confrontacion-geoeconomica-y-desinformacion-elevan-el-riesgo-global-en-2026-advierte-el-wef\/"},"author":{"name":"mocampo","@id":"https:\/\/blogs.uninter.edu.mx\/ehli\/#\/schema\/person\/f9426d100dd7db1b2a0be67166f80826"},"headline":"Confrontaci\u00f3n geoecon\u00f3mica y desinformaci\u00f3n elevan el riesgo global en 2026, advierte el WEF","datePublished":"2026-04-27T17:51:57+00:00","dateModified":"2026-04-27T17:52:04+00:00","mainEntityOfPage":{"@id":"https:\/\/blogs.uninter.edu.mx\/ehli\/index.php\/2026\/04\/27\/confrontacion-geoeconomica-y-desinformacion-elevan-el-riesgo-global-en-2026-advierte-el-wef\/"},"wordCount":591,"commentCount":0,"image":{"@id":"https:\/\/blogs.uninter.edu.mx\/ehli\/index.php\/2026\/04\/27\/confrontacion-geoeconomica-y-desinformacion-elevan-el-riesgo-global-en-2026-advierte-el-wef\/#primaryimage"},"thumbnailUrl":"https:\/\/blogs.uninter.edu.mx\/ehli\/wp-content\/uploads\/2026\/04\/230115180542-foro-economico-mundial-super-169.jpg","keywords":["EHLI"],"articleSection":["Comunicaci\u00f3n","EHLI","Especialidad en Publicidad","Especialidad en Publicidad","Lic. en Comunicaci\u00f3n","Lic. en Comunicaci\u00f3n","Lic. en Comunicaci\u00f3n y Relaciones P\u00fablicas","Lic. en Comunicaci\u00f3n y Relaciones P\u00fablicas"],"inLanguage":"es","potentialAction":[{"@type":"CommentAction","name":"Comment","target":["https:\/\/blogs.uninter.edu.mx\/ehli\/index.php\/2026\/04\/27\/confrontacion-geoeconomica-y-desinformacion-elevan-el-riesgo-global-en-2026-advierte-el-wef\/#respond"]}]},{"@type":"WebPage","@id":"https:\/\/blogs.uninter.edu.mx\/ehli\/index.php\/2026\/04\/27\/confrontacion-geoeconomica-y-desinformacion-elevan-el-riesgo-global-en-2026-advierte-el-wef\/","url":"https:\/\/blogs.uninter.edu.mx\/ehli\/index.php\/2026\/04\/27\/confrontacion-geoeconomica-y-desinformacion-elevan-el-riesgo-global-en-2026-advierte-el-wef\/","name":"Confrontaci\u00f3n geoecon\u00f3mica y desinformaci\u00f3n elevan el riesgo global en 2026, advierte el WEF - EHLI","isPartOf":{"@id":"https:\/\/blogs.uninter.edu.mx\/ehli\/#website"},"primaryImageOfPage":{"@id":"https:\/\/blogs.uninter.edu.mx\/ehli\/index.php\/2026\/04\/27\/confrontacion-geoeconomica-y-desinformacion-elevan-el-riesgo-global-en-2026-advierte-el-wef\/#primaryimage"},"image":{"@id":"https:\/\/blogs.uninter.edu.mx\/ehli\/index.php\/2026\/04\/27\/confrontacion-geoeconomica-y-desinformacion-elevan-el-riesgo-global-en-2026-advierte-el-wef\/#primaryimage"},"thumbnailUrl":"https:\/\/blogs.uninter.edu.mx\/ehli\/wp-content\/uploads\/2026\/04\/230115180542-foro-economico-mundial-super-169.jpg","datePublished":"2026-04-27T17:51:57+00:00","dateModified":"2026-04-27T17:52:04+00:00","author":{"@id":"https:\/\/blogs.uninter.edu.mx\/ehli\/#\/schema\/person\/f9426d100dd7db1b2a0be67166f80826"},"description":"Entre los riesgos de largo plazo\u00a0tambi\u00e9n se mantiene la desinformaci\u00f3n como amenaza estructural, mientras que los resultados adversos de\u00a0la inteligencia artificial suben con fuerza hasta colocarse dentro de las mayores preocupaciones.","breadcrumb":{"@id":"https:\/\/blogs.uninter.edu.mx\/ehli\/index.php\/2026\/04\/27\/confrontacion-geoeconomica-y-desinformacion-elevan-el-riesgo-global-en-2026-advierte-el-wef\/#breadcrumb"},"inLanguage":"es","potentialAction":[{"@type":"ReadAction","target":["https:\/\/blogs.uninter.edu.mx\/ehli\/index.php\/2026\/04\/27\/confrontacion-geoeconomica-y-desinformacion-elevan-el-riesgo-global-en-2026-advierte-el-wef\/"]}]},{"@type":"ImageObject","inLanguage":"es","@id":"https:\/\/blogs.uninter.edu.mx\/ehli\/index.php\/2026\/04\/27\/confrontacion-geoeconomica-y-desinformacion-elevan-el-riesgo-global-en-2026-advierte-el-wef\/#primaryimage","url":"https:\/\/blogs.uninter.edu.mx\/ehli\/wp-content\/uploads\/2026\/04\/230115180542-foro-economico-mundial-super-169.jpg","contentUrl":"https:\/\/blogs.uninter.edu.mx\/ehli\/wp-content\/uploads\/2026\/04\/230115180542-foro-economico-mundial-super-169.jpg","width":1100,"height":619},{"@type":"BreadcrumbList","@id":"https:\/\/blogs.uninter.edu.mx\/ehli\/index.php\/2026\/04\/27\/confrontacion-geoeconomica-y-desinformacion-elevan-el-riesgo-global-en-2026-advierte-el-wef\/#breadcrumb","itemListElement":[{"@type":"ListItem","position":1,"name":"Inicio","item":"https:\/\/blogs.uninter.edu.mx\/ehli\/"},{"@type":"ListItem","position":2,"name":"Confrontaci\u00f3n geoecon\u00f3mica y desinformaci\u00f3n elevan el riesgo global en 2026, advierte el WEF"}]},{"@type":"WebSite","@id":"https:\/\/blogs.uninter.edu.mx\/ehli\/#website","url":"https:\/\/blogs.uninter.edu.mx\/ehli\/","name":"EHLI","description":"UNINTER","potentialAction":[{"@type":"SearchAction","target":{"@type":"EntryPoint","urlTemplate":"https:\/\/blogs.uninter.edu.mx\/ehli\/?s={search_term_string}"},"query-input":{"@type":"PropertyValueSpecification","valueRequired":true,"valueName":"search_term_string"}}],"inLanguage":"es"},{"@type":"Person","@id":"https:\/\/blogs.uninter.edu.mx\/ehli\/#\/schema\/person\/f9426d100dd7db1b2a0be67166f80826","name":"mocampo","image":{"@type":"ImageObject","inLanguage":"es","@id":"https:\/\/secure.gravatar.com\/avatar\/486a87ae86777f2d04f69759eb0a12f435703bd96e4bccfcbe628cd8a4b836c9?s=96&d=mm&r=g","url":"https:\/\/secure.gravatar.com\/avatar\/486a87ae86777f2d04f69759eb0a12f435703bd96e4bccfcbe628cd8a4b836c9?s=96&d=mm&r=g","contentUrl":"https:\/\/secure.gravatar.com\/avatar\/486a87ae86777f2d04f69759eb0a12f435703bd96e4bccfcbe628cd8a4b836c9?s=96&d=mm&r=g","caption":"mocampo"},"url":"https:\/\/blogs.uninter.edu.mx\/ehli\/index.php\/author\/mocampo\/"}]}},"jetpack_featured_media_url":"https:\/\/blogs.uninter.edu.mx\/ehli\/wp-content\/uploads\/2026\/04\/230115180542-foro-economico-mundial-super-169.jpg","_links":{"self":[{"href":"https:\/\/blogs.uninter.edu.mx\/ehli\/index.php\/wp-json\/wp\/v2\/posts\/12462","targetHints":{"allow":["GET"]}}],"collection":[{"href":"https:\/\/blogs.uninter.edu.mx\/ehli\/index.php\/wp-json\/wp\/v2\/posts"}],"about":[{"href":"https:\/\/blogs.uninter.edu.mx\/ehli\/index.php\/wp-json\/wp\/v2\/types\/post"}],"author":[{"embeddable":true,"href":"https:\/\/blogs.uninter.edu.mx\/ehli\/index.php\/wp-json\/wp\/v2\/users\/28"}],"replies":[{"embeddable":true,"href":"https:\/\/blogs.uninter.edu.mx\/ehli\/index.php\/wp-json\/wp\/v2\/comments?post=12462"}],"version-history":[{"count":1,"href":"https:\/\/blogs.uninter.edu.mx\/ehli\/index.php\/wp-json\/wp\/v2\/posts\/12462\/revisions"}],"predecessor-version":[{"id":12464,"href":"https:\/\/blogs.uninter.edu.mx\/ehli\/index.php\/wp-json\/wp\/v2\/posts\/12462\/revisions\/12464"}],"wp:featuredmedia":[{"embeddable":true,"href":"https:\/\/blogs.uninter.edu.mx\/ehli\/index.php\/wp-json\/wp\/v2\/media\/12463"}],"wp:attachment":[{"href":"https:\/\/blogs.uninter.edu.mx\/ehli\/index.php\/wp-json\/wp\/v2\/media?parent=12462"}],"wp:term":[{"taxonomy":"category","embeddable":true,"href":"https:\/\/blogs.uninter.edu.mx\/ehli\/index.php\/wp-json\/wp\/v2\/categories?post=12462"},{"taxonomy":"post_tag","embeddable":true,"href":"https:\/\/blogs.uninter.edu.mx\/ehli\/index.php\/wp-json\/wp\/v2\/tags?post=12462"}],"curies":[{"name":"wp","href":"https:\/\/api.w.org\/{rel}","templated":true}]}}