{"id":3300,"date":"2018-06-11T13:21:58","date_gmt":"2018-06-11T13:21:58","guid":{"rendered":"https:\/\/dheiuninter.wordpress.com\/?p=3300"},"modified":"2018-06-11T13:21:58","modified_gmt":"2018-06-11T13:21:58","slug":"sigue-creciendo-la-lista-de-orgullouninter-ehli-lco","status":"publish","type":"post","link":"https:\/\/blogs.uninter.edu.mx\/ehli\/index.php\/2018\/06\/11\/sigue-creciendo-la-lista-de-orgullouninter-ehli-lco\/","title":{"rendered":"Ella es Anah\u00ed Pe\u00f1a #OrgulloUNINTER #OrgulloEHLI #LCO"},"content":{"rendered":"<div>\n<div align=\"justify\"><span style=\"font-family:Calibri, sans-serif;font-size:small;\">Hola, Soy Anahi Pe\u00f1a locutora de La Comadre 101.7 FM en Cuautla, Morelos.<\/span><\/div>\n<div align=\"justify\"><\/div>\n<div align=\"justify\"><span style=\"font-family:Calibri, sans-serif;font-size:small;\">Inici\u00e9 est\u00e1 aventura hace un a\u00f1o y dos meses, me puedes sintonizar de Lunes a Viernes en la promoci\u00f3n terrestre de 16:00 a 18:00 hrs. Y en Los Parranderos de la Comadre en un horario de 18:00 a 19:00 hrs.<\/span><\/div>\n<div align=\"justify\"><\/div>\n<div align=\"justify\"><span style=\"font-family:Calibri, sans-serif;font-size:small;\">Me he enfrentado a demasiados retos, mi amor por la radio inici\u00f3 en el a\u00f1o 2013 cuando cursaba segundo semestre de Carrera y gracias a UNINTER y las vinculaciones se me abrieron las puertas en EXA F.M. en d\u00f3nde estuve m\u00e1s de un a\u00f1o, en promoci\u00f3n terrestre y produciendo el programa Exa Neteando y el Exa Night show con Alma Sure\u00f1a. Ah\u00ed\u00a0 tuve la fortuna de participar en el \u00faltimo Concierto EXA que se realiz\u00f3 en Cuernavaca,\u00a0 fui encargada de artistas y prensa; conoc\u00ed a Artistas como Cal\u00f3, Marco Di Mauro,\u00a0 Kaay, Playa Limbo, Paty Cant\u00fa. \u00c9sta experiencia realmente \u00a0me ayudo a iniciar un curr\u00edculum.<\/span><\/div>\n<div align=\"justify\"><\/div>\n<div align=\"justify\"><span style=\"font-family:Calibri, sans-serif;font-size:small;\">Posteriormente, al salir de Exa, fui\u00a0 requerida para el concierto &#8220;<em>EL MACRO&#8221;<\/em> de LA MEJOR F.M. cada a\u00f1o, as\u00ed logr\u00e9 asistir 4 a\u00f1os consecutivos a este importante evento, d\u00f3nde tambi\u00e9n conoc\u00ed a artistas del g\u00e9nero regional mexicano como: Banda el Recodo, Edwin Luna y\u00a0 La Trakalosa\u00a0 de Monterry, La Adictiva, El Bebeto y Juli\u00f3n \u00c1lvarez.<\/span><\/div>\n<div align=\"justify\"><\/div>\n<div align=\"justify\"><span style=\"font-family:Calibri, sans-serif;font-size:small;\">Finalic\u00e9 la carrera en el a\u00f1o 2016 y en septiembre \u00a0de ese mismo a\u00f1o me contrataron en el Grupo Radiorama de Morelos, entrando como operadora de Cabina y Locutora en las estaciones de radio La M\u00e1s Picuda 94.9 F.M. y La Mexicana 90.3 F.M. Permanec\u00ed solo una corta temporada en la empresa y pude disfrutar del Evento 40 y tuve la oportunidad de realizar mi primera entrevista con el Canta autor Juan Solo, adem\u00e1s me estren\u00e9 como locutora y posteriormente participe en el Baile de a Kilo del \u00c1rbol de la Esperanza conociendo a La Poderosa Banda San Juan, Banda Estrellas de Sinaloa, Chayin Rubio, entre otros. \u00a0<\/span><\/div>\n<div align=\"justify\"><\/div>\n<div align=\"justify\"><span style=\"font-family:Calibri, sans-serif;font-size:small;\">En Abril de 2017 me sum\u00e9 a las filas de Grupo ACIR Diario de Morelos y La comadre 101.7 F.M., inici\u00e9 en el programa &#8220;<em>Que show Compa&#8221;<\/em>, promoci\u00f3n terrestre, y despu\u00e9s en &#8220;<em>El Morning&#8221;,<\/em> \u201cEl Pachangon grupero\u201d, y actualmente formo de <em>\u201cLos Parranderos de La Comadre\u201d. <\/em>He\u00a0participado\u00a0 en diferentes eventos de la estaci\u00f3n como el festejo del 15 de septiembre, d\u00eda de muertos, Navidad, D\u00eda de Reyes, D\u00eda del Ni\u00f1o, D\u00eda de la Madre, D\u00eda del Padre y por supuesto tuve la fortuna de conducir <em>\u201cLa fiesta del pueblo y para el pueblo\u201d,\u00a0<\/em>una fiesta para celebrar el 24 aniversario de la estaci\u00f3n de Radio, con m\u00e1s de 20 artistas en 2 escenarios diferentes y con una asistencia de m\u00e1s de 22 mil personas.<\/span><\/div>\n<div align=\"justify\"><\/div>\n<div align=\"justify\"><span style=\"font-family:Calibri, sans-serif;font-size:small;\">Adem\u00e1s,\u00a0 trabajo a la par de la Radio para un <em>Network<\/em> en internet hermana de la famosa plataforma Badabum y realizo voz en off pol\u00edticos, culturales e informativos, teniendo m\u00e1s de 200 mil reproducciones con mi voz.<\/span><\/div>\n<div align=\"justify\"><span style=\"font-family:Calibri, sans-serif;font-size:small;\">UNINTER me abri\u00f3 las puertas para enamorarme de lo que hoy es mi pasi\u00f3n, no lo puedo llamar trabajo porque lo disfruto demasiado, soy feliz por haber tomado la mejor decisi\u00f3n al inscribirme a la universidad, haber realizado mis vinculaciones y que gracias a eso hoy me desarrollo en un ambiente que me encanta, sigo luchando por mi sue\u00f1os, \u00a0no s\u00e9 tal vez en un futuro no muy lejano les escriba para contarles que estoy en Televisa Radio o Radio Disney. \u00a0<\/span><\/div>\n<div align=\"justify\"><span style=\"font-family:Calibri, sans-serif;font-size:small;\">\u00a1Gracias UNINTER!<\/span><\/div>\n<div align=\"justify\"><span style=\"font-family:Calibri, sans-serif;font-size:small;\">\u00a1Gracias JJ!<\/span><\/div>\n<\/div>\n<div align=\"justify\"><\/div>\n<div><\/div>\n<p>&nbsp;<\/p>\n<div>\n<div>\n<div align=\"center\"><span style=\"color:black;font-family:verdana, sans-serif;\">Anah\u00ed Pe\u00f1a<\/span><\/div>\n<div align=\"center\"><span style=\"color:black;font-family:verdana, sans-serif;\">Lic. en Comunicaci\u00f3n\u00a0<\/span><\/div>\n<div align=\"center\"><\/div>\n<\/div>\n<div align=\"center\"><\/div>\n<\/div>\n<p>&nbsp;<\/p>\n<p><iframe loading=\"lazy\" title=\"#OrgulloUNINTER Anah\u00ed Pe\u00f1a\" width=\"700\" height=\"394\" src=\"https:\/\/www.youtube.com\/embed\/a30nn_2zyuw?feature=oembed\" frameborder=\"0\" allow=\"accelerometer; autoplay; encrypted-media; gyroscope; picture-in-picture\" allowfullscreen><\/iframe><\/p>\n<p>&nbsp;<\/p>\n<p>&nbsp;<\/p>\n","protected":false},"excerpt":{"rendered":"<p>Hola, Soy Anahi Pe\u00f1a locutora de La Comadre 101.7 FM en Cuautla, Morelos. Inici\u00e9 est\u00e1 aventura hace un a\u00f1o y dos meses, me puedes sintonizar de Lunes a Viernes en la promoci\u00f3n terrestre de 16:00 a 18:00 hrs. Y en Los Parranderos de la Comadre en un horario de 18:00 a 19:00 hrs. Me he&hellip;<\/p>\n","protected":false},"author":5,"featured_media":3317,"comment_status":"open","ping_status":"open","sticky":false,"template":"","format":"standard","meta":{"rop_custom_images_group":[],"rop_custom_messages_group":[],"rop_publish_now":"initial","rop_publish_now_accounts":[],"rop_publish_now_history":[],"rop_publish_now_status":"pending","footnotes":""},"categories":[5,110,111,108,1],"tags":[],"class_list":["post-3300","post","type-post","status-publish","format-standard","has-post-thumbnail","hentry","category-cmart","category-lic-en-comunicacion","category-lic-en-comunicacion-y-relaciones-publicas","category-orgullo-dhei","category-sin-categoria"],"yoast_head":"<!-- This site is optimized with the Yoast SEO plugin v27.4 - https:\/\/yoast.com\/product\/yoast-seo-wordpress\/ -->\r\n<title>Ella es Anah\u00ed Pe\u00f1a #OrgulloUNINTER #OrgulloEHLI #LCO - EHLI<\/title>\r\n<meta name=\"robots\" content=\"index, follow, max-snippet:-1, max-image-preview:large, max-video-preview:-1\" \/>\r\n<link rel=\"canonical\" href=\"https:\/\/blogs.uninter.edu.mx\/ehli\/index.php\/2018\/06\/11\/sigue-creciendo-la-lista-de-orgullouninter-ehli-lco\/\" \/>\r\n<meta property=\"og:locale\" content=\"es_MX\" \/>\r\n<meta property=\"og:type\" content=\"article\" \/>\r\n<meta property=\"og:title\" content=\"Ella es Anah\u00ed Pe\u00f1a #OrgulloUNINTER #OrgulloEHLI #LCO - EHLI\" \/>\r\n<meta property=\"og:description\" content=\"Hola, Soy Anahi Pe\u00f1a locutora de La Comadre 101.7 FM en Cuautla, Morelos. Inici\u00e9 est\u00e1 aventura hace un a\u00f1o y dos meses, me puedes sintonizar de Lunes a Viernes en la promoci\u00f3n terrestre de 16:00 a 18:00 hrs. Y en Los Parranderos de la Comadre en un horario de 18:00 a 19:00 hrs. Me he&hellip;\" \/>\r\n<meta property=\"og:url\" content=\"https:\/\/blogs.uninter.edu.mx\/ehli\/index.php\/2018\/06\/11\/sigue-creciendo-la-lista-de-orgullouninter-ehli-lco\/\" \/>\r\n<meta property=\"og:site_name\" content=\"EHLI\" \/>\r\n<meta property=\"article:published_time\" content=\"2018-06-11T13:21:58+00:00\" \/>\r\n<meta property=\"og:image\" content=\"https:\/\/blogs.uninter.edu.mx\/ehli\/wp-content\/uploads\/2018\/06\/anahc3ad-pec3b1a.png\" \/>\r\n\t<meta property=\"og:image:width\" content=\"1920\" \/>\r\n\t<meta property=\"og:image:height\" content=\"1080\" \/>\r\n\t<meta property=\"og:image:type\" content=\"image\/png\" \/>\r\n<meta name=\"author\" content=\"Alvaro Vergara Villanueva\" \/>\r\n<meta name=\"twitter:card\" content=\"summary_large_image\" \/>\r\n<meta name=\"twitter:label1\" content=\"Escrito por\" \/>\n\t<meta name=\"twitter:data1\" content=\"Alvaro Vergara Villanueva\" \/>\n\t<meta name=\"twitter:label2\" content=\"Tiempo de lectura\" \/>\n\t<meta name=\"twitter:data2\" content=\"3 minutos\" \/>\r\n<script type=\"application\/ld+json\" class=\"yoast-schema-graph\">{\"@context\":\"https:\\\/\\\/schema.org\",\"@graph\":[{\"@type\":\"Article\",\"@id\":\"https:\\\/\\\/blogs.uninter.edu.mx\\\/ehli\\\/index.php\\\/2018\\\/06\\\/11\\\/sigue-creciendo-la-lista-de-orgullouninter-ehli-lco\\\/#article\",\"isPartOf\":{\"@id\":\"https:\\\/\\\/blogs.uninter.edu.mx\\\/ehli\\\/index.php\\\/2018\\\/06\\\/11\\\/sigue-creciendo-la-lista-de-orgullouninter-ehli-lco\\\/\"},\"author\":{\"name\":\"Alvaro Vergara Villanueva\",\"@id\":\"https:\\\/\\\/blogs.uninter.edu.mx\\\/ehli\\\/#\\\/schema\\\/person\\\/acba32de687beb125841e046665a587f\"},\"headline\":\"Ella es Anah\u00ed Pe\u00f1a #OrgulloUNINTER #OrgulloEHLI #LCO\",\"datePublished\":\"2018-06-11T13:21:58+00:00\",\"mainEntityOfPage\":{\"@id\":\"https:\\\/\\\/blogs.uninter.edu.mx\\\/ehli\\\/index.php\\\/2018\\\/06\\\/11\\\/sigue-creciendo-la-lista-de-orgullouninter-ehli-lco\\\/\"},\"wordCount\":616,\"commentCount\":0,\"image\":{\"@id\":\"https:\\\/\\\/blogs.uninter.edu.mx\\\/ehli\\\/index.php\\\/2018\\\/06\\\/11\\\/sigue-creciendo-la-lista-de-orgullouninter-ehli-lco\\\/#primaryimage\"},\"thumbnailUrl\":\"https:\\\/\\\/blogs.uninter.edu.mx\\\/ehli\\\/wp-content\\\/uploads\\\/2018\\\/06\\\/anahc3ad-pec3b1a.png\",\"articleSection\":[\"Centro de Medios Audiovisuales, Radio y Televisi\u00f3n (CMART)\",\"Lic. en Comunicaci\u00f3n\",\"Lic. en Comunicaci\u00f3n y Relaciones P\u00fablicas\",\"Orgullo EHLI\"],\"inLanguage\":\"es\",\"potentialAction\":[{\"@type\":\"CommentAction\",\"name\":\"Comment\",\"target\":[\"https:\\\/\\\/blogs.uninter.edu.mx\\\/ehli\\\/index.php\\\/2018\\\/06\\\/11\\\/sigue-creciendo-la-lista-de-orgullouninter-ehli-lco\\\/#respond\"]}]},{\"@type\":\"WebPage\",\"@id\":\"https:\\\/\\\/blogs.uninter.edu.mx\\\/ehli\\\/index.php\\\/2018\\\/06\\\/11\\\/sigue-creciendo-la-lista-de-orgullouninter-ehli-lco\\\/\",\"url\":\"https:\\\/\\\/blogs.uninter.edu.mx\\\/ehli\\\/index.php\\\/2018\\\/06\\\/11\\\/sigue-creciendo-la-lista-de-orgullouninter-ehli-lco\\\/\",\"name\":\"Ella es Anah\u00ed Pe\u00f1a #OrgulloUNINTER #OrgulloEHLI #LCO - EHLI\",\"isPartOf\":{\"@id\":\"https:\\\/\\\/blogs.uninter.edu.mx\\\/ehli\\\/#website\"},\"primaryImageOfPage\":{\"@id\":\"https:\\\/\\\/blogs.uninter.edu.mx\\\/ehli\\\/index.php\\\/2018\\\/06\\\/11\\\/sigue-creciendo-la-lista-de-orgullouninter-ehli-lco\\\/#primaryimage\"},\"image\":{\"@id\":\"https:\\\/\\\/blogs.uninter.edu.mx\\\/ehli\\\/index.php\\\/2018\\\/06\\\/11\\\/sigue-creciendo-la-lista-de-orgullouninter-ehli-lco\\\/#primaryimage\"},\"thumbnailUrl\":\"https:\\\/\\\/blogs.uninter.edu.mx\\\/ehli\\\/wp-content\\\/uploads\\\/2018\\\/06\\\/anahc3ad-pec3b1a.png\",\"datePublished\":\"2018-06-11T13:21:58+00:00\",\"author\":{\"@id\":\"https:\\\/\\\/blogs.uninter.edu.mx\\\/ehli\\\/#\\\/schema\\\/person\\\/acba32de687beb125841e046665a587f\"},\"breadcrumb\":{\"@id\":\"https:\\\/\\\/blogs.uninter.edu.mx\\\/ehli\\\/index.php\\\/2018\\\/06\\\/11\\\/sigue-creciendo-la-lista-de-orgullouninter-ehli-lco\\\/#breadcrumb\"},\"inLanguage\":\"es\",\"potentialAction\":[{\"@type\":\"ReadAction\",\"target\":[\"https:\\\/\\\/blogs.uninter.edu.mx\\\/ehli\\\/index.php\\\/2018\\\/06\\\/11\\\/sigue-creciendo-la-lista-de-orgullouninter-ehli-lco\\\/\"]}]},{\"@type\":\"ImageObject\",\"inLanguage\":\"es\",\"@id\":\"https:\\\/\\\/blogs.uninter.edu.mx\\\/ehli\\\/index.php\\\/2018\\\/06\\\/11\\\/sigue-creciendo-la-lista-de-orgullouninter-ehli-lco\\\/#primaryimage\",\"url\":\"https:\\\/\\\/blogs.uninter.edu.mx\\\/ehli\\\/wp-content\\\/uploads\\\/2018\\\/06\\\/anahc3ad-pec3b1a.png\",\"contentUrl\":\"https:\\\/\\\/blogs.uninter.edu.mx\\\/ehli\\\/wp-content\\\/uploads\\\/2018\\\/06\\\/anahc3ad-pec3b1a.png\",\"width\":1920,\"height\":1080},{\"@type\":\"BreadcrumbList\",\"@id\":\"https:\\\/\\\/blogs.uninter.edu.mx\\\/ehli\\\/index.php\\\/2018\\\/06\\\/11\\\/sigue-creciendo-la-lista-de-orgullouninter-ehli-lco\\\/#breadcrumb\",\"itemListElement\":[{\"@type\":\"ListItem\",\"position\":1,\"name\":\"Inicio\",\"item\":\"https:\\\/\\\/blogs.uninter.edu.mx\\\/ehli\\\/\"},{\"@type\":\"ListItem\",\"position\":2,\"name\":\"Ella es Anah\u00ed Pe\u00f1a #OrgulloUNINTER #OrgulloEHLI #LCO\"}]},{\"@type\":\"WebSite\",\"@id\":\"https:\\\/\\\/blogs.uninter.edu.mx\\\/ehli\\\/#website\",\"url\":\"https:\\\/\\\/blogs.uninter.edu.mx\\\/ehli\\\/\",\"name\":\"EHLI\",\"description\":\"UNINTER\",\"potentialAction\":[{\"@type\":\"SearchAction\",\"target\":{\"@type\":\"EntryPoint\",\"urlTemplate\":\"https:\\\/\\\/blogs.uninter.edu.mx\\\/ehli\\\/?s={search_term_string}\"},\"query-input\":{\"@type\":\"PropertyValueSpecification\",\"valueRequired\":true,\"valueName\":\"search_term_string\"}}],\"inLanguage\":\"es\"},{\"@type\":\"Person\",\"@id\":\"https:\\\/\\\/blogs.uninter.edu.mx\\\/ehli\\\/#\\\/schema\\\/person\\\/acba32de687beb125841e046665a587f\",\"name\":\"Alvaro Vergara Villanueva\",\"image\":{\"@type\":\"ImageObject\",\"inLanguage\":\"es\",\"@id\":\"https:\\\/\\\/secure.gravatar.com\\\/avatar\\\/a92518eaffc8d6688193c1097403a68f4affa202b8de3448474f864e1ae1e7c3?s=96&d=mm&r=g\",\"url\":\"https:\\\/\\\/secure.gravatar.com\\\/avatar\\\/a92518eaffc8d6688193c1097403a68f4affa202b8de3448474f864e1ae1e7c3?s=96&d=mm&r=g\",\"contentUrl\":\"https:\\\/\\\/secure.gravatar.com\\\/avatar\\\/a92518eaffc8d6688193c1097403a68f4affa202b8de3448474f864e1ae1e7c3?s=96&d=mm&r=g\",\"caption\":\"Alvaro Vergara Villanueva\"},\"url\":\"https:\\\/\\\/blogs.uninter.edu.mx\\\/ehli\\\/index.php\\\/author\\\/avergara\\\/\"}]}<\/script>\r\n<!-- \/ Yoast SEO plugin. -->","yoast_head_json":{"title":"Ella es Anah\u00ed Pe\u00f1a #OrgulloUNINTER #OrgulloEHLI #LCO - EHLI","robots":{"index":"index","follow":"follow","max-snippet":"max-snippet:-1","max-image-preview":"max-image-preview:large","max-video-preview":"max-video-preview:-1"},"canonical":"https:\/\/blogs.uninter.edu.mx\/ehli\/index.php\/2018\/06\/11\/sigue-creciendo-la-lista-de-orgullouninter-ehli-lco\/","og_locale":"es_MX","og_type":"article","og_title":"Ella es Anah\u00ed Pe\u00f1a #OrgulloUNINTER #OrgulloEHLI #LCO - EHLI","og_description":"Hola, Soy Anahi Pe\u00f1a locutora de La Comadre 101.7 FM en Cuautla, Morelos. Inici\u00e9 est\u00e1 aventura hace un a\u00f1o y dos meses, me puedes sintonizar de Lunes a Viernes en la promoci\u00f3n terrestre de 16:00 a 18:00 hrs. Y en Los Parranderos de la Comadre en un horario de 18:00 a 19:00 hrs. Me he&hellip;","og_url":"https:\/\/blogs.uninter.edu.mx\/ehli\/index.php\/2018\/06\/11\/sigue-creciendo-la-lista-de-orgullouninter-ehli-lco\/","og_site_name":"EHLI","article_published_time":"2018-06-11T13:21:58+00:00","og_image":[{"width":1920,"height":1080,"url":"https:\/\/blogs.uninter.edu.mx\/ehli\/wp-content\/uploads\/2018\/06\/anahc3ad-pec3b1a.png","type":"image\/png"}],"author":"Alvaro Vergara Villanueva","twitter_card":"summary_large_image","twitter_misc":{"Escrito por":"Alvaro Vergara Villanueva","Tiempo de lectura":"3 minutos"},"schema":{"@context":"https:\/\/schema.org","@graph":[{"@type":"Article","@id":"https:\/\/blogs.uninter.edu.mx\/ehli\/index.php\/2018\/06\/11\/sigue-creciendo-la-lista-de-orgullouninter-ehli-lco\/#article","isPartOf":{"@id":"https:\/\/blogs.uninter.edu.mx\/ehli\/index.php\/2018\/06\/11\/sigue-creciendo-la-lista-de-orgullouninter-ehli-lco\/"},"author":{"name":"Alvaro Vergara Villanueva","@id":"https:\/\/blogs.uninter.edu.mx\/ehli\/#\/schema\/person\/acba32de687beb125841e046665a587f"},"headline":"Ella es Anah\u00ed Pe\u00f1a #OrgulloUNINTER #OrgulloEHLI #LCO","datePublished":"2018-06-11T13:21:58+00:00","mainEntityOfPage":{"@id":"https:\/\/blogs.uninter.edu.mx\/ehli\/index.php\/2018\/06\/11\/sigue-creciendo-la-lista-de-orgullouninter-ehli-lco\/"},"wordCount":616,"commentCount":0,"image":{"@id":"https:\/\/blogs.uninter.edu.mx\/ehli\/index.php\/2018\/06\/11\/sigue-creciendo-la-lista-de-orgullouninter-ehli-lco\/#primaryimage"},"thumbnailUrl":"https:\/\/blogs.uninter.edu.mx\/ehli\/wp-content\/uploads\/2018\/06\/anahc3ad-pec3b1a.png","articleSection":["Centro de Medios Audiovisuales, Radio y Televisi\u00f3n (CMART)","Lic. en Comunicaci\u00f3n","Lic. en Comunicaci\u00f3n y Relaciones P\u00fablicas","Orgullo EHLI"],"inLanguage":"es","potentialAction":[{"@type":"CommentAction","name":"Comment","target":["https:\/\/blogs.uninter.edu.mx\/ehli\/index.php\/2018\/06\/11\/sigue-creciendo-la-lista-de-orgullouninter-ehli-lco\/#respond"]}]},{"@type":"WebPage","@id":"https:\/\/blogs.uninter.edu.mx\/ehli\/index.php\/2018\/06\/11\/sigue-creciendo-la-lista-de-orgullouninter-ehli-lco\/","url":"https:\/\/blogs.uninter.edu.mx\/ehli\/index.php\/2018\/06\/11\/sigue-creciendo-la-lista-de-orgullouninter-ehli-lco\/","name":"Ella es Anah\u00ed Pe\u00f1a #OrgulloUNINTER #OrgulloEHLI #LCO - EHLI","isPartOf":{"@id":"https:\/\/blogs.uninter.edu.mx\/ehli\/#website"},"primaryImageOfPage":{"@id":"https:\/\/blogs.uninter.edu.mx\/ehli\/index.php\/2018\/06\/11\/sigue-creciendo-la-lista-de-orgullouninter-ehli-lco\/#primaryimage"},"image":{"@id":"https:\/\/blogs.uninter.edu.mx\/ehli\/index.php\/2018\/06\/11\/sigue-creciendo-la-lista-de-orgullouninter-ehli-lco\/#primaryimage"},"thumbnailUrl":"https:\/\/blogs.uninter.edu.mx\/ehli\/wp-content\/uploads\/2018\/06\/anahc3ad-pec3b1a.png","datePublished":"2018-06-11T13:21:58+00:00","author":{"@id":"https:\/\/blogs.uninter.edu.mx\/ehli\/#\/schema\/person\/acba32de687beb125841e046665a587f"},"breadcrumb":{"@id":"https:\/\/blogs.uninter.edu.mx\/ehli\/index.php\/2018\/06\/11\/sigue-creciendo-la-lista-de-orgullouninter-ehli-lco\/#breadcrumb"},"inLanguage":"es","potentialAction":[{"@type":"ReadAction","target":["https:\/\/blogs.uninter.edu.mx\/ehli\/index.php\/2018\/06\/11\/sigue-creciendo-la-lista-de-orgullouninter-ehli-lco\/"]}]},{"@type":"ImageObject","inLanguage":"es","@id":"https:\/\/blogs.uninter.edu.mx\/ehli\/index.php\/2018\/06\/11\/sigue-creciendo-la-lista-de-orgullouninter-ehli-lco\/#primaryimage","url":"https:\/\/blogs.uninter.edu.mx\/ehli\/wp-content\/uploads\/2018\/06\/anahc3ad-pec3b1a.png","contentUrl":"https:\/\/blogs.uninter.edu.mx\/ehli\/wp-content\/uploads\/2018\/06\/anahc3ad-pec3b1a.png","width":1920,"height":1080},{"@type":"BreadcrumbList","@id":"https:\/\/blogs.uninter.edu.mx\/ehli\/index.php\/2018\/06\/11\/sigue-creciendo-la-lista-de-orgullouninter-ehli-lco\/#breadcrumb","itemListElement":[{"@type":"ListItem","position":1,"name":"Inicio","item":"https:\/\/blogs.uninter.edu.mx\/ehli\/"},{"@type":"ListItem","position":2,"name":"Ella es Anah\u00ed Pe\u00f1a #OrgulloUNINTER #OrgulloEHLI #LCO"}]},{"@type":"WebSite","@id":"https:\/\/blogs.uninter.edu.mx\/ehli\/#website","url":"https:\/\/blogs.uninter.edu.mx\/ehli\/","name":"EHLI","description":"UNINTER","potentialAction":[{"@type":"SearchAction","target":{"@type":"EntryPoint","urlTemplate":"https:\/\/blogs.uninter.edu.mx\/ehli\/?s={search_term_string}"},"query-input":{"@type":"PropertyValueSpecification","valueRequired":true,"valueName":"search_term_string"}}],"inLanguage":"es"},{"@type":"Person","@id":"https:\/\/blogs.uninter.edu.mx\/ehli\/#\/schema\/person\/acba32de687beb125841e046665a587f","name":"Alvaro Vergara Villanueva","image":{"@type":"ImageObject","inLanguage":"es","@id":"https:\/\/secure.gravatar.com\/avatar\/a92518eaffc8d6688193c1097403a68f4affa202b8de3448474f864e1ae1e7c3?s=96&d=mm&r=g","url":"https:\/\/secure.gravatar.com\/avatar\/a92518eaffc8d6688193c1097403a68f4affa202b8de3448474f864e1ae1e7c3?s=96&d=mm&r=g","contentUrl":"https:\/\/secure.gravatar.com\/avatar\/a92518eaffc8d6688193c1097403a68f4affa202b8de3448474f864e1ae1e7c3?s=96&d=mm&r=g","caption":"Alvaro Vergara Villanueva"},"url":"https:\/\/blogs.uninter.edu.mx\/ehli\/index.php\/author\/avergara\/"}]}},"jetpack_featured_media_url":"https:\/\/blogs.uninter.edu.mx\/ehli\/wp-content\/uploads\/2018\/06\/anahc3ad-pec3b1a.png","_links":{"self":[{"href":"https:\/\/blogs.uninter.edu.mx\/ehli\/index.php\/wp-json\/wp\/v2\/posts\/3300","targetHints":{"allow":["GET"]}}],"collection":[{"href":"https:\/\/blogs.uninter.edu.mx\/ehli\/index.php\/wp-json\/wp\/v2\/posts"}],"about":[{"href":"https:\/\/blogs.uninter.edu.mx\/ehli\/index.php\/wp-json\/wp\/v2\/types\/post"}],"author":[{"embeddable":true,"href":"https:\/\/blogs.uninter.edu.mx\/ehli\/index.php\/wp-json\/wp\/v2\/users\/5"}],"replies":[{"embeddable":true,"href":"https:\/\/blogs.uninter.edu.mx\/ehli\/index.php\/wp-json\/wp\/v2\/comments?post=3300"}],"version-history":[{"count":0,"href":"https:\/\/blogs.uninter.edu.mx\/ehli\/index.php\/wp-json\/wp\/v2\/posts\/3300\/revisions"}],"wp:featuredmedia":[{"embeddable":true,"href":"https:\/\/blogs.uninter.edu.mx\/ehli\/index.php\/wp-json\/wp\/v2\/media\/3317"}],"wp:attachment":[{"href":"https:\/\/blogs.uninter.edu.mx\/ehli\/index.php\/wp-json\/wp\/v2\/media?parent=3300"}],"wp:term":[{"taxonomy":"category","embeddable":true,"href":"https:\/\/blogs.uninter.edu.mx\/ehli\/index.php\/wp-json\/wp\/v2\/categories?post=3300"},{"taxonomy":"post_tag","embeddable":true,"href":"https:\/\/blogs.uninter.edu.mx\/ehli\/index.php\/wp-json\/wp\/v2\/tags?post=3300"}],"curies":[{"name":"wp","href":"https:\/\/api.w.org\/{rel}","templated":true}]}}