{"id":3405,"date":"2018-08-01T14:19:51","date_gmt":"2018-08-01T14:19:51","guid":{"rendered":"https:\/\/dheiuninter.wordpress.com\/?p=3405"},"modified":"2018-08-01T14:19:51","modified_gmt":"2018-08-01T14:19:51","slug":"andrea-ortega-es-orgullouninter-lri-y-orgulloehli","status":"publish","type":"post","link":"https:\/\/blogs.uninter.edu.mx\/ehli\/index.php\/2018\/08\/01\/andrea-ortega-es-orgullouninter-lri-y-orgulloehli\/","title":{"rendered":"Andrea Ortega es #OrgulloUninter, #LRI y #OrgulloEHLI"},"content":{"rendered":"<p>&nbsp;<\/p>\n<p>Egresada de la carrera de Relaciones Internacionales, Andrea Ortega agrace a Uninter por los conocimientos y herramientas brindadas para desarrollar su vida profesional. Actualmente trabaja en el \u00e1rea de relaciones p\u00fablicas internacionales de un centro de investigaci\u00f3n cl\u00ednica, donde ha puesto en pr\u00e1ctica sus habilidades de gesti\u00f3n y administraci\u00f3n con gente de otros pa\u00edses.<\/p>\n<p>Andrea recomienda estudiar en Uninter por el alto nivel acad\u00e9mico y los eficaces planes de estudio, que son de aplicaci\u00f3n inmediata en el campo laboral, te invitamos a ver el siguiente v\u00eddeo en el que nos comparte su experiencia.<\/p>\n<p><iframe loading=\"lazy\" title=\"#OrgulloUNINTER Andrea Ortega\" width=\"700\" height=\"394\" src=\"https:\/\/www.youtube.com\/embed\/SDBeH8DXaM4?feature=oembed\" frameborder=\"0\" allow=\"accelerometer; autoplay; encrypted-media; gyroscope; picture-in-picture\" allowfullscreen><\/iframe><\/p>\n","protected":false},"excerpt":{"rendered":"<p>&nbsp; Egresada de la carrera de Relaciones Internacionales, Andrea Ortega agrace a Uninter por los conocimientos y herramientas brindadas para desarrollar su vida profesional. Actualmente trabaja en el \u00e1rea de relaciones p\u00fablicas internacionales de un centro de investigaci\u00f3n cl\u00ednica, donde ha puesto en pr\u00e1ctica sus habilidades de gesti\u00f3n y administraci\u00f3n con gente de otros pa\u00edses.&hellip;<\/p>\n","protected":false},"author":5,"featured_media":4145,"comment_status":"open","ping_status":"open","sticky":false,"template":"","format":"standard","meta":{"rop_custom_images_group":[],"rop_custom_messages_group":[],"rop_publish_now":"initial","rop_publish_now_accounts":[],"rop_publish_now_history":[],"rop_publish_now_status":"pending","footnotes":""},"categories":[5,118,108,1],"tags":[],"class_list":["post-3405","post","type-post","status-publish","format-standard","has-post-thumbnail","hentry","category-cmart","category-lic-en-relaciones-internacionales","category-orgullo-dhei","category-sin-categoria"],"yoast_head":"<!-- This site is optimized with the Yoast SEO plugin v27.4 - https:\/\/yoast.com\/product\/yoast-seo-wordpress\/ -->\r\n<title>Andrea Ortega es #OrgulloUninter, #LRI y #OrgulloEHLI - EHLI<\/title>\r\n<meta name=\"robots\" content=\"index, follow, max-snippet:-1, max-image-preview:large, max-video-preview:-1\" \/>\r\n<link rel=\"canonical\" href=\"https:\/\/blogs.uninter.edu.mx\/ehli\/index.php\/2018\/08\/01\/andrea-ortega-es-orgullouninter-lri-y-orgulloehli\/\" \/>\r\n<meta property=\"og:locale\" content=\"es_MX\" \/>\r\n<meta property=\"og:type\" content=\"article\" \/>\r\n<meta property=\"og:title\" content=\"Andrea Ortega es #OrgulloUninter, #LRI y #OrgulloEHLI - EHLI\" \/>\r\n<meta property=\"og:description\" content=\"&nbsp; Egresada de la carrera de Relaciones Internacionales, Andrea Ortega agrace a Uninter por los conocimientos y herramientas brindadas para desarrollar su vida profesional. Actualmente trabaja en el \u00e1rea de relaciones p\u00fablicas internacionales de un centro de investigaci\u00f3n cl\u00ednica, donde ha puesto en pr\u00e1ctica sus habilidades de gesti\u00f3n y administraci\u00f3n con gente de otros pa\u00edses.&hellip;\" \/>\r\n<meta property=\"og:url\" content=\"https:\/\/blogs.uninter.edu.mx\/ehli\/index.php\/2018\/08\/01\/andrea-ortega-es-orgullouninter-lri-y-orgulloehli\/\" \/>\r\n<meta property=\"og:site_name\" content=\"EHLI\" \/>\r\n<meta property=\"article:published_time\" content=\"2018-08-01T14:19:51+00:00\" \/>\r\n<meta property=\"og:image\" content=\"https:\/\/blogs.uninter.edu.mx\/ehli\/wp-content\/uploads\/2018\/08\/andrea-ortega.jpg\" \/>\r\n\t<meta property=\"og:image:width\" content=\"1280\" \/>\r\n\t<meta property=\"og:image:height\" content=\"720\" \/>\r\n\t<meta property=\"og:image:type\" content=\"image\/jpeg\" \/>\r\n<meta name=\"author\" content=\"Alvaro Vergara Villanueva\" \/>\r\n<meta name=\"twitter:card\" content=\"summary_large_image\" \/>\r\n<meta name=\"twitter:label1\" content=\"Escrito por\" \/>\n\t<meta name=\"twitter:data1\" content=\"Alvaro Vergara Villanueva\" \/>\n\t<meta name=\"twitter:label2\" content=\"Tiempo de lectura\" \/>\n\t<meta name=\"twitter:data2\" content=\"1 minuto\" \/>\r\n<script type=\"application\/ld+json\" class=\"yoast-schema-graph\">{\"@context\":\"https:\\\/\\\/schema.org\",\"@graph\":[{\"@type\":\"Article\",\"@id\":\"https:\\\/\\\/blogs.uninter.edu.mx\\\/ehli\\\/index.php\\\/2018\\\/08\\\/01\\\/andrea-ortega-es-orgullouninter-lri-y-orgulloehli\\\/#article\",\"isPartOf\":{\"@id\":\"https:\\\/\\\/blogs.uninter.edu.mx\\\/ehli\\\/index.php\\\/2018\\\/08\\\/01\\\/andrea-ortega-es-orgullouninter-lri-y-orgulloehli\\\/\"},\"author\":{\"name\":\"Alvaro Vergara Villanueva\",\"@id\":\"https:\\\/\\\/blogs.uninter.edu.mx\\\/ehli\\\/#\\\/schema\\\/person\\\/acba32de687beb125841e046665a587f\"},\"headline\":\"Andrea Ortega es #OrgulloUninter, #LRI y #OrgulloEHLI\",\"datePublished\":\"2018-08-01T14:19:51+00:00\",\"mainEntityOfPage\":{\"@id\":\"https:\\\/\\\/blogs.uninter.edu.mx\\\/ehli\\\/index.php\\\/2018\\\/08\\\/01\\\/andrea-ortega-es-orgullouninter-lri-y-orgulloehli\\\/\"},\"wordCount\":116,\"commentCount\":0,\"image\":{\"@id\":\"https:\\\/\\\/blogs.uninter.edu.mx\\\/ehli\\\/index.php\\\/2018\\\/08\\\/01\\\/andrea-ortega-es-orgullouninter-lri-y-orgulloehli\\\/#primaryimage\"},\"thumbnailUrl\":\"https:\\\/\\\/blogs.uninter.edu.mx\\\/ehli\\\/wp-content\\\/uploads\\\/2018\\\/08\\\/andrea-ortega.jpg\",\"articleSection\":[\"Centro de Medios Audiovisuales, Radio y Televisi\u00f3n (CMART)\",\"Lic. en Relaciones Internacionales\",\"Orgullo EHLI\"],\"inLanguage\":\"es\",\"potentialAction\":[{\"@type\":\"CommentAction\",\"name\":\"Comment\",\"target\":[\"https:\\\/\\\/blogs.uninter.edu.mx\\\/ehli\\\/index.php\\\/2018\\\/08\\\/01\\\/andrea-ortega-es-orgullouninter-lri-y-orgulloehli\\\/#respond\"]}]},{\"@type\":\"WebPage\",\"@id\":\"https:\\\/\\\/blogs.uninter.edu.mx\\\/ehli\\\/index.php\\\/2018\\\/08\\\/01\\\/andrea-ortega-es-orgullouninter-lri-y-orgulloehli\\\/\",\"url\":\"https:\\\/\\\/blogs.uninter.edu.mx\\\/ehli\\\/index.php\\\/2018\\\/08\\\/01\\\/andrea-ortega-es-orgullouninter-lri-y-orgulloehli\\\/\",\"name\":\"Andrea Ortega es #OrgulloUninter, #LRI y #OrgulloEHLI - EHLI\",\"isPartOf\":{\"@id\":\"https:\\\/\\\/blogs.uninter.edu.mx\\\/ehli\\\/#website\"},\"primaryImageOfPage\":{\"@id\":\"https:\\\/\\\/blogs.uninter.edu.mx\\\/ehli\\\/index.php\\\/2018\\\/08\\\/01\\\/andrea-ortega-es-orgullouninter-lri-y-orgulloehli\\\/#primaryimage\"},\"image\":{\"@id\":\"https:\\\/\\\/blogs.uninter.edu.mx\\\/ehli\\\/index.php\\\/2018\\\/08\\\/01\\\/andrea-ortega-es-orgullouninter-lri-y-orgulloehli\\\/#primaryimage\"},\"thumbnailUrl\":\"https:\\\/\\\/blogs.uninter.edu.mx\\\/ehli\\\/wp-content\\\/uploads\\\/2018\\\/08\\\/andrea-ortega.jpg\",\"datePublished\":\"2018-08-01T14:19:51+00:00\",\"author\":{\"@id\":\"https:\\\/\\\/blogs.uninter.edu.mx\\\/ehli\\\/#\\\/schema\\\/person\\\/acba32de687beb125841e046665a587f\"},\"breadcrumb\":{\"@id\":\"https:\\\/\\\/blogs.uninter.edu.mx\\\/ehli\\\/index.php\\\/2018\\\/08\\\/01\\\/andrea-ortega-es-orgullouninter-lri-y-orgulloehli\\\/#breadcrumb\"},\"inLanguage\":\"es\",\"potentialAction\":[{\"@type\":\"ReadAction\",\"target\":[\"https:\\\/\\\/blogs.uninter.edu.mx\\\/ehli\\\/index.php\\\/2018\\\/08\\\/01\\\/andrea-ortega-es-orgullouninter-lri-y-orgulloehli\\\/\"]}]},{\"@type\":\"ImageObject\",\"inLanguage\":\"es\",\"@id\":\"https:\\\/\\\/blogs.uninter.edu.mx\\\/ehli\\\/index.php\\\/2018\\\/08\\\/01\\\/andrea-ortega-es-orgullouninter-lri-y-orgulloehli\\\/#primaryimage\",\"url\":\"https:\\\/\\\/blogs.uninter.edu.mx\\\/ehli\\\/wp-content\\\/uploads\\\/2018\\\/08\\\/andrea-ortega.jpg\",\"contentUrl\":\"https:\\\/\\\/blogs.uninter.edu.mx\\\/ehli\\\/wp-content\\\/uploads\\\/2018\\\/08\\\/andrea-ortega.jpg\",\"width\":1280,\"height\":720},{\"@type\":\"BreadcrumbList\",\"@id\":\"https:\\\/\\\/blogs.uninter.edu.mx\\\/ehli\\\/index.php\\\/2018\\\/08\\\/01\\\/andrea-ortega-es-orgullouninter-lri-y-orgulloehli\\\/#breadcrumb\",\"itemListElement\":[{\"@type\":\"ListItem\",\"position\":1,\"name\":\"Inicio\",\"item\":\"https:\\\/\\\/blogs.uninter.edu.mx\\\/ehli\\\/\"},{\"@type\":\"ListItem\",\"position\":2,\"name\":\"Andrea Ortega es #OrgulloUninter, #LRI y #OrgulloEHLI\"}]},{\"@type\":\"WebSite\",\"@id\":\"https:\\\/\\\/blogs.uninter.edu.mx\\\/ehli\\\/#website\",\"url\":\"https:\\\/\\\/blogs.uninter.edu.mx\\\/ehli\\\/\",\"name\":\"EHLI\",\"description\":\"UNINTER\",\"potentialAction\":[{\"@type\":\"SearchAction\",\"target\":{\"@type\":\"EntryPoint\",\"urlTemplate\":\"https:\\\/\\\/blogs.uninter.edu.mx\\\/ehli\\\/?s={search_term_string}\"},\"query-input\":{\"@type\":\"PropertyValueSpecification\",\"valueRequired\":true,\"valueName\":\"search_term_string\"}}],\"inLanguage\":\"es\"},{\"@type\":\"Person\",\"@id\":\"https:\\\/\\\/blogs.uninter.edu.mx\\\/ehli\\\/#\\\/schema\\\/person\\\/acba32de687beb125841e046665a587f\",\"name\":\"Alvaro Vergara Villanueva\",\"image\":{\"@type\":\"ImageObject\",\"inLanguage\":\"es\",\"@id\":\"https:\\\/\\\/secure.gravatar.com\\\/avatar\\\/a92518eaffc8d6688193c1097403a68f4affa202b8de3448474f864e1ae1e7c3?s=96&d=mm&r=g\",\"url\":\"https:\\\/\\\/secure.gravatar.com\\\/avatar\\\/a92518eaffc8d6688193c1097403a68f4affa202b8de3448474f864e1ae1e7c3?s=96&d=mm&r=g\",\"contentUrl\":\"https:\\\/\\\/secure.gravatar.com\\\/avatar\\\/a92518eaffc8d6688193c1097403a68f4affa202b8de3448474f864e1ae1e7c3?s=96&d=mm&r=g\",\"caption\":\"Alvaro Vergara Villanueva\"},\"url\":\"https:\\\/\\\/blogs.uninter.edu.mx\\\/ehli\\\/index.php\\\/author\\\/avergara\\\/\"}]}<\/script>\r\n<!-- \/ Yoast SEO plugin. -->","yoast_head_json":{"title":"Andrea Ortega es #OrgulloUninter, #LRI y #OrgulloEHLI - EHLI","robots":{"index":"index","follow":"follow","max-snippet":"max-snippet:-1","max-image-preview":"max-image-preview:large","max-video-preview":"max-video-preview:-1"},"canonical":"https:\/\/blogs.uninter.edu.mx\/ehli\/index.php\/2018\/08\/01\/andrea-ortega-es-orgullouninter-lri-y-orgulloehli\/","og_locale":"es_MX","og_type":"article","og_title":"Andrea Ortega es #OrgulloUninter, #LRI y #OrgulloEHLI - EHLI","og_description":"&nbsp; Egresada de la carrera de Relaciones Internacionales, Andrea Ortega agrace a Uninter por los conocimientos y herramientas brindadas para desarrollar su vida profesional. Actualmente trabaja en el \u00e1rea de relaciones p\u00fablicas internacionales de un centro de investigaci\u00f3n cl\u00ednica, donde ha puesto en pr\u00e1ctica sus habilidades de gesti\u00f3n y administraci\u00f3n con gente de otros pa\u00edses.&hellip;","og_url":"https:\/\/blogs.uninter.edu.mx\/ehli\/index.php\/2018\/08\/01\/andrea-ortega-es-orgullouninter-lri-y-orgulloehli\/","og_site_name":"EHLI","article_published_time":"2018-08-01T14:19:51+00:00","og_image":[{"width":1280,"height":720,"url":"https:\/\/blogs.uninter.edu.mx\/ehli\/wp-content\/uploads\/2018\/08\/andrea-ortega.jpg","type":"image\/jpeg"}],"author":"Alvaro Vergara Villanueva","twitter_card":"summary_large_image","twitter_misc":{"Escrito por":"Alvaro Vergara Villanueva","Tiempo de lectura":"1 minuto"},"schema":{"@context":"https:\/\/schema.org","@graph":[{"@type":"Article","@id":"https:\/\/blogs.uninter.edu.mx\/ehli\/index.php\/2018\/08\/01\/andrea-ortega-es-orgullouninter-lri-y-orgulloehli\/#article","isPartOf":{"@id":"https:\/\/blogs.uninter.edu.mx\/ehli\/index.php\/2018\/08\/01\/andrea-ortega-es-orgullouninter-lri-y-orgulloehli\/"},"author":{"name":"Alvaro Vergara Villanueva","@id":"https:\/\/blogs.uninter.edu.mx\/ehli\/#\/schema\/person\/acba32de687beb125841e046665a587f"},"headline":"Andrea Ortega es #OrgulloUninter, #LRI y #OrgulloEHLI","datePublished":"2018-08-01T14:19:51+00:00","mainEntityOfPage":{"@id":"https:\/\/blogs.uninter.edu.mx\/ehli\/index.php\/2018\/08\/01\/andrea-ortega-es-orgullouninter-lri-y-orgulloehli\/"},"wordCount":116,"commentCount":0,"image":{"@id":"https:\/\/blogs.uninter.edu.mx\/ehli\/index.php\/2018\/08\/01\/andrea-ortega-es-orgullouninter-lri-y-orgulloehli\/#primaryimage"},"thumbnailUrl":"https:\/\/blogs.uninter.edu.mx\/ehli\/wp-content\/uploads\/2018\/08\/andrea-ortega.jpg","articleSection":["Centro de Medios Audiovisuales, Radio y Televisi\u00f3n (CMART)","Lic. en Relaciones Internacionales","Orgullo EHLI"],"inLanguage":"es","potentialAction":[{"@type":"CommentAction","name":"Comment","target":["https:\/\/blogs.uninter.edu.mx\/ehli\/index.php\/2018\/08\/01\/andrea-ortega-es-orgullouninter-lri-y-orgulloehli\/#respond"]}]},{"@type":"WebPage","@id":"https:\/\/blogs.uninter.edu.mx\/ehli\/index.php\/2018\/08\/01\/andrea-ortega-es-orgullouninter-lri-y-orgulloehli\/","url":"https:\/\/blogs.uninter.edu.mx\/ehli\/index.php\/2018\/08\/01\/andrea-ortega-es-orgullouninter-lri-y-orgulloehli\/","name":"Andrea Ortega es #OrgulloUninter, #LRI y #OrgulloEHLI - EHLI","isPartOf":{"@id":"https:\/\/blogs.uninter.edu.mx\/ehli\/#website"},"primaryImageOfPage":{"@id":"https:\/\/blogs.uninter.edu.mx\/ehli\/index.php\/2018\/08\/01\/andrea-ortega-es-orgullouninter-lri-y-orgulloehli\/#primaryimage"},"image":{"@id":"https:\/\/blogs.uninter.edu.mx\/ehli\/index.php\/2018\/08\/01\/andrea-ortega-es-orgullouninter-lri-y-orgulloehli\/#primaryimage"},"thumbnailUrl":"https:\/\/blogs.uninter.edu.mx\/ehli\/wp-content\/uploads\/2018\/08\/andrea-ortega.jpg","datePublished":"2018-08-01T14:19:51+00:00","author":{"@id":"https:\/\/blogs.uninter.edu.mx\/ehli\/#\/schema\/person\/acba32de687beb125841e046665a587f"},"breadcrumb":{"@id":"https:\/\/blogs.uninter.edu.mx\/ehli\/index.php\/2018\/08\/01\/andrea-ortega-es-orgullouninter-lri-y-orgulloehli\/#breadcrumb"},"inLanguage":"es","potentialAction":[{"@type":"ReadAction","target":["https:\/\/blogs.uninter.edu.mx\/ehli\/index.php\/2018\/08\/01\/andrea-ortega-es-orgullouninter-lri-y-orgulloehli\/"]}]},{"@type":"ImageObject","inLanguage":"es","@id":"https:\/\/blogs.uninter.edu.mx\/ehli\/index.php\/2018\/08\/01\/andrea-ortega-es-orgullouninter-lri-y-orgulloehli\/#primaryimage","url":"https:\/\/blogs.uninter.edu.mx\/ehli\/wp-content\/uploads\/2018\/08\/andrea-ortega.jpg","contentUrl":"https:\/\/blogs.uninter.edu.mx\/ehli\/wp-content\/uploads\/2018\/08\/andrea-ortega.jpg","width":1280,"height":720},{"@type":"BreadcrumbList","@id":"https:\/\/blogs.uninter.edu.mx\/ehli\/index.php\/2018\/08\/01\/andrea-ortega-es-orgullouninter-lri-y-orgulloehli\/#breadcrumb","itemListElement":[{"@type":"ListItem","position":1,"name":"Inicio","item":"https:\/\/blogs.uninter.edu.mx\/ehli\/"},{"@type":"ListItem","position":2,"name":"Andrea Ortega es #OrgulloUninter, #LRI y #OrgulloEHLI"}]},{"@type":"WebSite","@id":"https:\/\/blogs.uninter.edu.mx\/ehli\/#website","url":"https:\/\/blogs.uninter.edu.mx\/ehli\/","name":"EHLI","description":"UNINTER","potentialAction":[{"@type":"SearchAction","target":{"@type":"EntryPoint","urlTemplate":"https:\/\/blogs.uninter.edu.mx\/ehli\/?s={search_term_string}"},"query-input":{"@type":"PropertyValueSpecification","valueRequired":true,"valueName":"search_term_string"}}],"inLanguage":"es"},{"@type":"Person","@id":"https:\/\/blogs.uninter.edu.mx\/ehli\/#\/schema\/person\/acba32de687beb125841e046665a587f","name":"Alvaro Vergara Villanueva","image":{"@type":"ImageObject","inLanguage":"es","@id":"https:\/\/secure.gravatar.com\/avatar\/a92518eaffc8d6688193c1097403a68f4affa202b8de3448474f864e1ae1e7c3?s=96&d=mm&r=g","url":"https:\/\/secure.gravatar.com\/avatar\/a92518eaffc8d6688193c1097403a68f4affa202b8de3448474f864e1ae1e7c3?s=96&d=mm&r=g","contentUrl":"https:\/\/secure.gravatar.com\/avatar\/a92518eaffc8d6688193c1097403a68f4affa202b8de3448474f864e1ae1e7c3?s=96&d=mm&r=g","caption":"Alvaro Vergara Villanueva"},"url":"https:\/\/blogs.uninter.edu.mx\/ehli\/index.php\/author\/avergara\/"}]}},"jetpack_featured_media_url":"https:\/\/blogs.uninter.edu.mx\/ehli\/wp-content\/uploads\/2018\/08\/andrea-ortega.jpg","_links":{"self":[{"href":"https:\/\/blogs.uninter.edu.mx\/ehli\/index.php\/wp-json\/wp\/v2\/posts\/3405","targetHints":{"allow":["GET"]}}],"collection":[{"href":"https:\/\/blogs.uninter.edu.mx\/ehli\/index.php\/wp-json\/wp\/v2\/posts"}],"about":[{"href":"https:\/\/blogs.uninter.edu.mx\/ehli\/index.php\/wp-json\/wp\/v2\/types\/post"}],"author":[{"embeddable":true,"href":"https:\/\/blogs.uninter.edu.mx\/ehli\/index.php\/wp-json\/wp\/v2\/users\/5"}],"replies":[{"embeddable":true,"href":"https:\/\/blogs.uninter.edu.mx\/ehli\/index.php\/wp-json\/wp\/v2\/comments?post=3405"}],"version-history":[{"count":0,"href":"https:\/\/blogs.uninter.edu.mx\/ehli\/index.php\/wp-json\/wp\/v2\/posts\/3405\/revisions"}],"wp:featuredmedia":[{"embeddable":true,"href":"https:\/\/blogs.uninter.edu.mx\/ehli\/index.php\/wp-json\/wp\/v2\/media\/4145"}],"wp:attachment":[{"href":"https:\/\/blogs.uninter.edu.mx\/ehli\/index.php\/wp-json\/wp\/v2\/media?parent=3405"}],"wp:term":[{"taxonomy":"category","embeddable":true,"href":"https:\/\/blogs.uninter.edu.mx\/ehli\/index.php\/wp-json\/wp\/v2\/categories?post=3405"},{"taxonomy":"post_tag","embeddable":true,"href":"https:\/\/blogs.uninter.edu.mx\/ehli\/index.php\/wp-json\/wp\/v2\/tags?post=3405"}],"curies":[{"name":"wp","href":"https:\/\/api.w.org\/{rel}","templated":true}]}}