{"id":3891,"date":"2019-07-17T20:12:27","date_gmt":"2019-07-17T20:12:27","guid":{"rendered":"https:\/\/dheiuninter.wordpress.com\/?p=3891"},"modified":"2021-08-30T17:30:57","modified_gmt":"2021-08-30T17:30:57","slug":"la-egresada-de-uninter-comunicacion-nan-fraga-es-locutora-de-frecuenciamagica-en-la-riviera-maya","status":"publish","type":"post","link":"https:\/\/blogs.uninter.edu.mx\/ehli\/index.php\/2019\/07\/17\/la-egresada-de-uninter-comunicacion-nan-fraga-es-locutora-de-frecuenciamagica-en-la-riviera-maya\/","title":{"rendered":"La egresada de #UNINTER #Comunicaci\u00f3n Nan Fraga es locutora de #Frecuenciam\u00e1gica en la Riviera Maya"},"content":{"rendered":"<p>Conoce a trav\u00e9s del video a Nan Fraga, ex alumna de Comunicaci\u00f3n de Uninter y locutora de Frecuencia M\u00e1gica.<\/p>\n<p><iframe loading=\"lazy\" title=\"Orgullo UNINTER Nancy Fraga\" width=\"700\" height=\"394\" src=\"https:\/\/www.youtube.com\/embed\/ZJhqjwq3Yew?feature=oembed\" frameborder=\"0\" allow=\"accelerometer; autoplay; clipboard-write; encrypted-media; gyroscope; picture-in-picture\" allowfullscreen><\/iframe><\/p>\n<p>Nan se ha hecho tan popular en Quintana Roo, que hasta la revista Puerto Morelos le ha dedicado una entrevista.<\/p>\n<p><img loading=\"lazy\" decoding=\"async\" class=\"alignnone size-full wp-image-3894\" src=\"https:\/\/blogs.uninter.edu.mx\/ehli\/wp-content\/uploads\/2019\/07\/nan-fraga-revista-1.jpg\" alt=\"nan fraga revista\" width=\"720\" height=\"960\" srcset=\"https:\/\/blogs.uninter.edu.mx\/ehli\/wp-content\/uploads\/2019\/07\/nan-fraga-revista-1.jpg 720w, https:\/\/blogs.uninter.edu.mx\/ehli\/wp-content\/uploads\/2019\/07\/nan-fraga-revista-1-225x300.jpg 225w\" sizes=\"auto, (max-width: 720px) 100vw, 720px\" \/><\/p>\n<p>Puedes escuchar a Nan Fraga todos los d\u00edas en: https:\/\/www.891magica.mx\/<\/p>\n<p>\u00a1\u00a1 Nan Fraga es #OrgulloEHLI&nbsp; #OrgulloUNINTER !!<\/p>\n<p>&nbsp;<\/p>\n","protected":false},"excerpt":{"rendered":"<p>Conoce a trav\u00e9s del video a Nan Fraga, ex alumna de Comunicaci\u00f3n de Uninter y locutora de Frecuencia M\u00e1gica. Nan se ha hecho tan popular en Quintana Roo, que hasta la revista Puerto Morelos le ha dedicado una entrevista. Puedes escuchar a Nan Fraga todos los d\u00edas en: https:\/\/www.891magica.mx\/ \u00a1\u00a1 Nan Fraga es #OrgulloEHLI&nbsp; #OrgulloUNINTER&hellip;<\/p>\n","protected":false},"author":5,"featured_media":3893,"comment_status":"open","ping_status":"open","sticky":false,"template":"","format":"standard","meta":{"rop_custom_images_group":[],"rop_custom_messages_group":[],"rop_publish_now":"initial","rop_publish_now_accounts":[],"rop_publish_now_history":[],"rop_publish_now_status":"pending","footnotes":""},"categories":[5,135,122,20,110,111,137,117,119,116,118,120,8,17,18,140,22,108,1],"tags":[104,146,129,25,26,147],"class_list":["post-3891","post","type-post","status-publish","format-standard","has-post-thumbnail","hentry","category-cmart","category-especialidad-en-animacion-y-post-produccion-digital","category-especialidad-en-publicidad","category-ermi","category-lic-en-comunicacion","category-lic-en-comunicacion-y-relaciones-publicas","category-lic-en-ensenanza-del-espanol-y-literatura","category-lic-en-indiomas","category-lic-en-psicologia","category-lic-en-psicologia-organizacional","category-lic-en-relaciones-internacionales","category-lic-en-relaciones-internacionales-y-ciencias-politicas","category-riec","category-mefd","category-met","category-maestria-en-ensenanza-de-lenguas","category-maestrias-tesis-tesina","category-orgullo-dhei","category-sin-categoria","tag-orgullouninter","tag-radio","tag-uninter-uninterlco-universidadinternacional","tag-uninter","tag-universidad-internacional","tag-universidadinternacional"],"yoast_head":"<!-- This site is optimized with the Yoast SEO plugin v27.4 - https:\/\/yoast.com\/product\/yoast-seo-wordpress\/ -->\r\n<title>La egresada de #UNINTER #Comunicaci\u00f3n Nan Fraga es locutora de #Frecuenciam\u00e1gica en la Riviera Maya - EHLI<\/title>\r\n<meta name=\"robots\" content=\"index, follow, max-snippet:-1, max-image-preview:large, max-video-preview:-1\" \/>\r\n<link rel=\"canonical\" href=\"https:\/\/blogs.uninter.edu.mx\/ehli\/index.php\/2019\/07\/17\/la-egresada-de-uninter-comunicacion-nan-fraga-es-locutora-de-frecuenciamagica-en-la-riviera-maya\/\" \/>\r\n<meta property=\"og:locale\" content=\"es_MX\" \/>\r\n<meta property=\"og:type\" content=\"article\" \/>\r\n<meta property=\"og:title\" content=\"La egresada de #UNINTER #Comunicaci\u00f3n Nan Fraga es locutora de #Frecuenciam\u00e1gica en la Riviera Maya - EHLI\" \/>\r\n<meta property=\"og:description\" content=\"Conoce a trav\u00e9s del video a Nan Fraga, ex alumna de Comunicaci\u00f3n de Uninter y locutora de Frecuencia M\u00e1gica. Nan se ha hecho tan popular en Quintana Roo, que hasta la revista Puerto Morelos le ha dedicado una entrevista. Puedes escuchar a Nan Fraga todos los d\u00edas en: https:\/\/www.891magica.mx\/ \u00a1\u00a1 Nan Fraga es #OrgulloEHLI&nbsp; #OrgulloUNINTER&hellip;\" \/>\r\n<meta property=\"og:url\" content=\"https:\/\/blogs.uninter.edu.mx\/ehli\/index.php\/2019\/07\/17\/la-egresada-de-uninter-comunicacion-nan-fraga-es-locutora-de-frecuenciamagica-en-la-riviera-maya\/\" \/>\r\n<meta property=\"og:site_name\" content=\"EHLI\" \/>\r\n<meta property=\"article:published_time\" content=\"2019-07-17T20:12:27+00:00\" \/>\r\n<meta property=\"article:modified_time\" content=\"2021-08-30T17:30:57+00:00\" \/>\r\n<meta property=\"og:image\" content=\"https:\/\/blogs.uninter.edu.mx\/ehli\/wp-content\/uploads\/2019\/07\/nan-fraga.jpg\" \/>\r\n\t<meta property=\"og:image:width\" content=\"720\" \/>\r\n\t<meta property=\"og:image:height\" content=\"960\" \/>\r\n\t<meta property=\"og:image:type\" content=\"image\/jpeg\" \/>\r\n<meta name=\"author\" content=\"Alvaro Vergara Villanueva\" \/>\r\n<meta name=\"twitter:card\" content=\"summary_large_image\" \/>\r\n<meta name=\"twitter:label1\" content=\"Escrito por\" \/>\n\t<meta name=\"twitter:data1\" content=\"Alvaro Vergara Villanueva\" \/>\n\t<meta name=\"twitter:label2\" content=\"Tiempo de lectura\" \/>\n\t<meta name=\"twitter:data2\" content=\"1 minuto\" \/>\r\n<script type=\"application\/ld+json\" class=\"yoast-schema-graph\">{\"@context\":\"https:\\\/\\\/schema.org\",\"@graph\":[{\"@type\":\"Article\",\"@id\":\"https:\\\/\\\/blogs.uninter.edu.mx\\\/ehli\\\/index.php\\\/2019\\\/07\\\/17\\\/la-egresada-de-uninter-comunicacion-nan-fraga-es-locutora-de-frecuenciamagica-en-la-riviera-maya\\\/#article\",\"isPartOf\":{\"@id\":\"https:\\\/\\\/blogs.uninter.edu.mx\\\/ehli\\\/index.php\\\/2019\\\/07\\\/17\\\/la-egresada-de-uninter-comunicacion-nan-fraga-es-locutora-de-frecuenciamagica-en-la-riviera-maya\\\/\"},\"author\":{\"name\":\"Alvaro Vergara Villanueva\",\"@id\":\"https:\\\/\\\/blogs.uninter.edu.mx\\\/ehli\\\/#\\\/schema\\\/person\\\/acba32de687beb125841e046665a587f\"},\"headline\":\"La egresada de #UNINTER #Comunicaci\u00f3n Nan Fraga es locutora de #Frecuenciam\u00e1gica en la Riviera Maya\",\"datePublished\":\"2019-07-17T20:12:27+00:00\",\"dateModified\":\"2021-08-30T17:30:57+00:00\",\"mainEntityOfPage\":{\"@id\":\"https:\\\/\\\/blogs.uninter.edu.mx\\\/ehli\\\/index.php\\\/2019\\\/07\\\/17\\\/la-egresada-de-uninter-comunicacion-nan-fraga-es-locutora-de-frecuenciamagica-en-la-riviera-maya\\\/\"},\"wordCount\":92,\"commentCount\":0,\"image\":{\"@id\":\"https:\\\/\\\/blogs.uninter.edu.mx\\\/ehli\\\/index.php\\\/2019\\\/07\\\/17\\\/la-egresada-de-uninter-comunicacion-nan-fraga-es-locutora-de-frecuenciamagica-en-la-riviera-maya\\\/#primaryimage\"},\"thumbnailUrl\":\"https:\\\/\\\/blogs.uninter.edu.mx\\\/ehli\\\/wp-content\\\/uploads\\\/2019\\\/07\\\/nan-fraga.jpg\",\"keywords\":[\"#orgulloUNINTER\",\"#radio\",\"#UNINTER @UninterLCO #UniversidadInternacional\",\"UNINTER\",\"UNIVERSIDAD INTERNACIONAL\",\"universidadinternacional\"],\"articleSection\":[\"Centro de Medios Audiovisuales, Radio y Televisi\u00f3n (CMART)\",\"Especialidad en Animaci\u00f3n y Post-producci\u00f3n Digital\",\"Especialidad en Publicidad\",\"Especialidad en Relaciones Mercantiles Internacionales\",\"Lic. en Comunicaci\u00f3n\",\"Lic. en Comunicaci\u00f3n y Relaciones P\u00fablicas\",\"Lic. en Ense\u00f1anza del Espa\u00f1ol y Literatura\",\"Lic. en Indiomas\",\"Lic. en Psicolog\u00eda\",\"Lic. en Psicolog\u00eda Organizacional\",\"Lic. en Relaciones Internacionales\",\"Lic. en Relaciones Internacionales y Ciencias Polit\u00edcas\",\"Lic. en Relaciones Internacionales y Econom\u00eda\",\"Maestr\u00eda en Educaci\u00f3n en Formaci\u00f3n Docente\",\"Maestr\u00eda en Educaci\u00f3n y Tecnolog\u00eda Educativa\",\"Maestr\u00eda en Ense\u00f1anza de Lenguas\",\"Maestr\u00edas (Tesis\\\/Tesina)\",\"Orgullo EHLI\"],\"inLanguage\":\"es\",\"potentialAction\":[{\"@type\":\"CommentAction\",\"name\":\"Comment\",\"target\":[\"https:\\\/\\\/blogs.uninter.edu.mx\\\/ehli\\\/index.php\\\/2019\\\/07\\\/17\\\/la-egresada-de-uninter-comunicacion-nan-fraga-es-locutora-de-frecuenciamagica-en-la-riviera-maya\\\/#respond\"]}]},{\"@type\":\"WebPage\",\"@id\":\"https:\\\/\\\/blogs.uninter.edu.mx\\\/ehli\\\/index.php\\\/2019\\\/07\\\/17\\\/la-egresada-de-uninter-comunicacion-nan-fraga-es-locutora-de-frecuenciamagica-en-la-riviera-maya\\\/\",\"url\":\"https:\\\/\\\/blogs.uninter.edu.mx\\\/ehli\\\/index.php\\\/2019\\\/07\\\/17\\\/la-egresada-de-uninter-comunicacion-nan-fraga-es-locutora-de-frecuenciamagica-en-la-riviera-maya\\\/\",\"name\":\"La egresada de #UNINTER #Comunicaci\u00f3n Nan Fraga es locutora de #Frecuenciam\u00e1gica en la Riviera Maya - EHLI\",\"isPartOf\":{\"@id\":\"https:\\\/\\\/blogs.uninter.edu.mx\\\/ehli\\\/#website\"},\"primaryImageOfPage\":{\"@id\":\"https:\\\/\\\/blogs.uninter.edu.mx\\\/ehli\\\/index.php\\\/2019\\\/07\\\/17\\\/la-egresada-de-uninter-comunicacion-nan-fraga-es-locutora-de-frecuenciamagica-en-la-riviera-maya\\\/#primaryimage\"},\"image\":{\"@id\":\"https:\\\/\\\/blogs.uninter.edu.mx\\\/ehli\\\/index.php\\\/2019\\\/07\\\/17\\\/la-egresada-de-uninter-comunicacion-nan-fraga-es-locutora-de-frecuenciamagica-en-la-riviera-maya\\\/#primaryimage\"},\"thumbnailUrl\":\"https:\\\/\\\/blogs.uninter.edu.mx\\\/ehli\\\/wp-content\\\/uploads\\\/2019\\\/07\\\/nan-fraga.jpg\",\"datePublished\":\"2019-07-17T20:12:27+00:00\",\"dateModified\":\"2021-08-30T17:30:57+00:00\",\"author\":{\"@id\":\"https:\\\/\\\/blogs.uninter.edu.mx\\\/ehli\\\/#\\\/schema\\\/person\\\/acba32de687beb125841e046665a587f\"},\"breadcrumb\":{\"@id\":\"https:\\\/\\\/blogs.uninter.edu.mx\\\/ehli\\\/index.php\\\/2019\\\/07\\\/17\\\/la-egresada-de-uninter-comunicacion-nan-fraga-es-locutora-de-frecuenciamagica-en-la-riviera-maya\\\/#breadcrumb\"},\"inLanguage\":\"es\",\"potentialAction\":[{\"@type\":\"ReadAction\",\"target\":[\"https:\\\/\\\/blogs.uninter.edu.mx\\\/ehli\\\/index.php\\\/2019\\\/07\\\/17\\\/la-egresada-de-uninter-comunicacion-nan-fraga-es-locutora-de-frecuenciamagica-en-la-riviera-maya\\\/\"]}]},{\"@type\":\"ImageObject\",\"inLanguage\":\"es\",\"@id\":\"https:\\\/\\\/blogs.uninter.edu.mx\\\/ehli\\\/index.php\\\/2019\\\/07\\\/17\\\/la-egresada-de-uninter-comunicacion-nan-fraga-es-locutora-de-frecuenciamagica-en-la-riviera-maya\\\/#primaryimage\",\"url\":\"https:\\\/\\\/blogs.uninter.edu.mx\\\/ehli\\\/wp-content\\\/uploads\\\/2019\\\/07\\\/nan-fraga.jpg\",\"contentUrl\":\"https:\\\/\\\/blogs.uninter.edu.mx\\\/ehli\\\/wp-content\\\/uploads\\\/2019\\\/07\\\/nan-fraga.jpg\",\"width\":720,\"height\":960},{\"@type\":\"BreadcrumbList\",\"@id\":\"https:\\\/\\\/blogs.uninter.edu.mx\\\/ehli\\\/index.php\\\/2019\\\/07\\\/17\\\/la-egresada-de-uninter-comunicacion-nan-fraga-es-locutora-de-frecuenciamagica-en-la-riviera-maya\\\/#breadcrumb\",\"itemListElement\":[{\"@type\":\"ListItem\",\"position\":1,\"name\":\"Inicio\",\"item\":\"https:\\\/\\\/blogs.uninter.edu.mx\\\/ehli\\\/\"},{\"@type\":\"ListItem\",\"position\":2,\"name\":\"La egresada de #UNINTER #Comunicaci\u00f3n Nan Fraga es locutora de #Frecuenciam\u00e1gica en la Riviera Maya\"}]},{\"@type\":\"WebSite\",\"@id\":\"https:\\\/\\\/blogs.uninter.edu.mx\\\/ehli\\\/#website\",\"url\":\"https:\\\/\\\/blogs.uninter.edu.mx\\\/ehli\\\/\",\"name\":\"EHLI\",\"description\":\"UNINTER\",\"potentialAction\":[{\"@type\":\"SearchAction\",\"target\":{\"@type\":\"EntryPoint\",\"urlTemplate\":\"https:\\\/\\\/blogs.uninter.edu.mx\\\/ehli\\\/?s={search_term_string}\"},\"query-input\":{\"@type\":\"PropertyValueSpecification\",\"valueRequired\":true,\"valueName\":\"search_term_string\"}}],\"inLanguage\":\"es\"},{\"@type\":\"Person\",\"@id\":\"https:\\\/\\\/blogs.uninter.edu.mx\\\/ehli\\\/#\\\/schema\\\/person\\\/acba32de687beb125841e046665a587f\",\"name\":\"Alvaro Vergara Villanueva\",\"image\":{\"@type\":\"ImageObject\",\"inLanguage\":\"es\",\"@id\":\"https:\\\/\\\/secure.gravatar.com\\\/avatar\\\/a92518eaffc8d6688193c1097403a68f4affa202b8de3448474f864e1ae1e7c3?s=96&d=mm&r=g\",\"url\":\"https:\\\/\\\/secure.gravatar.com\\\/avatar\\\/a92518eaffc8d6688193c1097403a68f4affa202b8de3448474f864e1ae1e7c3?s=96&d=mm&r=g\",\"contentUrl\":\"https:\\\/\\\/secure.gravatar.com\\\/avatar\\\/a92518eaffc8d6688193c1097403a68f4affa202b8de3448474f864e1ae1e7c3?s=96&d=mm&r=g\",\"caption\":\"Alvaro Vergara Villanueva\"},\"url\":\"https:\\\/\\\/blogs.uninter.edu.mx\\\/ehli\\\/index.php\\\/author\\\/avergara\\\/\"}]}<\/script>\r\n<!-- \/ Yoast SEO plugin. -->","yoast_head_json":{"title":"La egresada de #UNINTER #Comunicaci\u00f3n Nan Fraga es locutora de #Frecuenciam\u00e1gica en la Riviera Maya - EHLI","robots":{"index":"index","follow":"follow","max-snippet":"max-snippet:-1","max-image-preview":"max-image-preview:large","max-video-preview":"max-video-preview:-1"},"canonical":"https:\/\/blogs.uninter.edu.mx\/ehli\/index.php\/2019\/07\/17\/la-egresada-de-uninter-comunicacion-nan-fraga-es-locutora-de-frecuenciamagica-en-la-riviera-maya\/","og_locale":"es_MX","og_type":"article","og_title":"La egresada de #UNINTER #Comunicaci\u00f3n Nan Fraga es locutora de #Frecuenciam\u00e1gica en la Riviera Maya - EHLI","og_description":"Conoce a trav\u00e9s del video a Nan Fraga, ex alumna de Comunicaci\u00f3n de Uninter y locutora de Frecuencia M\u00e1gica. Nan se ha hecho tan popular en Quintana Roo, que hasta la revista Puerto Morelos le ha dedicado una entrevista. Puedes escuchar a Nan Fraga todos los d\u00edas en: https:\/\/www.891magica.mx\/ \u00a1\u00a1 Nan Fraga es #OrgulloEHLI&nbsp; #OrgulloUNINTER&hellip;","og_url":"https:\/\/blogs.uninter.edu.mx\/ehli\/index.php\/2019\/07\/17\/la-egresada-de-uninter-comunicacion-nan-fraga-es-locutora-de-frecuenciamagica-en-la-riviera-maya\/","og_site_name":"EHLI","article_published_time":"2019-07-17T20:12:27+00:00","article_modified_time":"2021-08-30T17:30:57+00:00","og_image":[{"width":720,"height":960,"url":"https:\/\/blogs.uninter.edu.mx\/ehli\/wp-content\/uploads\/2019\/07\/nan-fraga.jpg","type":"image\/jpeg"}],"author":"Alvaro Vergara Villanueva","twitter_card":"summary_large_image","twitter_misc":{"Escrito por":"Alvaro Vergara Villanueva","Tiempo de lectura":"1 minuto"},"schema":{"@context":"https:\/\/schema.org","@graph":[{"@type":"Article","@id":"https:\/\/blogs.uninter.edu.mx\/ehli\/index.php\/2019\/07\/17\/la-egresada-de-uninter-comunicacion-nan-fraga-es-locutora-de-frecuenciamagica-en-la-riviera-maya\/#article","isPartOf":{"@id":"https:\/\/blogs.uninter.edu.mx\/ehli\/index.php\/2019\/07\/17\/la-egresada-de-uninter-comunicacion-nan-fraga-es-locutora-de-frecuenciamagica-en-la-riviera-maya\/"},"author":{"name":"Alvaro Vergara Villanueva","@id":"https:\/\/blogs.uninter.edu.mx\/ehli\/#\/schema\/person\/acba32de687beb125841e046665a587f"},"headline":"La egresada de #UNINTER #Comunicaci\u00f3n Nan Fraga es locutora de #Frecuenciam\u00e1gica en la Riviera Maya","datePublished":"2019-07-17T20:12:27+00:00","dateModified":"2021-08-30T17:30:57+00:00","mainEntityOfPage":{"@id":"https:\/\/blogs.uninter.edu.mx\/ehli\/index.php\/2019\/07\/17\/la-egresada-de-uninter-comunicacion-nan-fraga-es-locutora-de-frecuenciamagica-en-la-riviera-maya\/"},"wordCount":92,"commentCount":0,"image":{"@id":"https:\/\/blogs.uninter.edu.mx\/ehli\/index.php\/2019\/07\/17\/la-egresada-de-uninter-comunicacion-nan-fraga-es-locutora-de-frecuenciamagica-en-la-riviera-maya\/#primaryimage"},"thumbnailUrl":"https:\/\/blogs.uninter.edu.mx\/ehli\/wp-content\/uploads\/2019\/07\/nan-fraga.jpg","keywords":["#orgulloUNINTER","#radio","#UNINTER @UninterLCO #UniversidadInternacional","UNINTER","UNIVERSIDAD INTERNACIONAL","universidadinternacional"],"articleSection":["Centro de Medios Audiovisuales, Radio y Televisi\u00f3n (CMART)","Especialidad en Animaci\u00f3n y Post-producci\u00f3n Digital","Especialidad en Publicidad","Especialidad en Relaciones Mercantiles Internacionales","Lic. en Comunicaci\u00f3n","Lic. en Comunicaci\u00f3n y Relaciones P\u00fablicas","Lic. en Ense\u00f1anza del Espa\u00f1ol y Literatura","Lic. en Indiomas","Lic. en Psicolog\u00eda","Lic. en Psicolog\u00eda Organizacional","Lic. en Relaciones Internacionales","Lic. en Relaciones Internacionales y Ciencias Polit\u00edcas","Lic. en Relaciones Internacionales y Econom\u00eda","Maestr\u00eda en Educaci\u00f3n en Formaci\u00f3n Docente","Maestr\u00eda en Educaci\u00f3n y Tecnolog\u00eda Educativa","Maestr\u00eda en Ense\u00f1anza de Lenguas","Maestr\u00edas (Tesis\/Tesina)","Orgullo EHLI"],"inLanguage":"es","potentialAction":[{"@type":"CommentAction","name":"Comment","target":["https:\/\/blogs.uninter.edu.mx\/ehli\/index.php\/2019\/07\/17\/la-egresada-de-uninter-comunicacion-nan-fraga-es-locutora-de-frecuenciamagica-en-la-riviera-maya\/#respond"]}]},{"@type":"WebPage","@id":"https:\/\/blogs.uninter.edu.mx\/ehli\/index.php\/2019\/07\/17\/la-egresada-de-uninter-comunicacion-nan-fraga-es-locutora-de-frecuenciamagica-en-la-riviera-maya\/","url":"https:\/\/blogs.uninter.edu.mx\/ehli\/index.php\/2019\/07\/17\/la-egresada-de-uninter-comunicacion-nan-fraga-es-locutora-de-frecuenciamagica-en-la-riviera-maya\/","name":"La egresada de #UNINTER #Comunicaci\u00f3n Nan Fraga es locutora de #Frecuenciam\u00e1gica en la Riviera Maya - EHLI","isPartOf":{"@id":"https:\/\/blogs.uninter.edu.mx\/ehli\/#website"},"primaryImageOfPage":{"@id":"https:\/\/blogs.uninter.edu.mx\/ehli\/index.php\/2019\/07\/17\/la-egresada-de-uninter-comunicacion-nan-fraga-es-locutora-de-frecuenciamagica-en-la-riviera-maya\/#primaryimage"},"image":{"@id":"https:\/\/blogs.uninter.edu.mx\/ehli\/index.php\/2019\/07\/17\/la-egresada-de-uninter-comunicacion-nan-fraga-es-locutora-de-frecuenciamagica-en-la-riviera-maya\/#primaryimage"},"thumbnailUrl":"https:\/\/blogs.uninter.edu.mx\/ehli\/wp-content\/uploads\/2019\/07\/nan-fraga.jpg","datePublished":"2019-07-17T20:12:27+00:00","dateModified":"2021-08-30T17:30:57+00:00","author":{"@id":"https:\/\/blogs.uninter.edu.mx\/ehli\/#\/schema\/person\/acba32de687beb125841e046665a587f"},"breadcrumb":{"@id":"https:\/\/blogs.uninter.edu.mx\/ehli\/index.php\/2019\/07\/17\/la-egresada-de-uninter-comunicacion-nan-fraga-es-locutora-de-frecuenciamagica-en-la-riviera-maya\/#breadcrumb"},"inLanguage":"es","potentialAction":[{"@type":"ReadAction","target":["https:\/\/blogs.uninter.edu.mx\/ehli\/index.php\/2019\/07\/17\/la-egresada-de-uninter-comunicacion-nan-fraga-es-locutora-de-frecuenciamagica-en-la-riviera-maya\/"]}]},{"@type":"ImageObject","inLanguage":"es","@id":"https:\/\/blogs.uninter.edu.mx\/ehli\/index.php\/2019\/07\/17\/la-egresada-de-uninter-comunicacion-nan-fraga-es-locutora-de-frecuenciamagica-en-la-riviera-maya\/#primaryimage","url":"https:\/\/blogs.uninter.edu.mx\/ehli\/wp-content\/uploads\/2019\/07\/nan-fraga.jpg","contentUrl":"https:\/\/blogs.uninter.edu.mx\/ehli\/wp-content\/uploads\/2019\/07\/nan-fraga.jpg","width":720,"height":960},{"@type":"BreadcrumbList","@id":"https:\/\/blogs.uninter.edu.mx\/ehli\/index.php\/2019\/07\/17\/la-egresada-de-uninter-comunicacion-nan-fraga-es-locutora-de-frecuenciamagica-en-la-riviera-maya\/#breadcrumb","itemListElement":[{"@type":"ListItem","position":1,"name":"Inicio","item":"https:\/\/blogs.uninter.edu.mx\/ehli\/"},{"@type":"ListItem","position":2,"name":"La egresada de #UNINTER #Comunicaci\u00f3n Nan Fraga es locutora de #Frecuenciam\u00e1gica en la Riviera Maya"}]},{"@type":"WebSite","@id":"https:\/\/blogs.uninter.edu.mx\/ehli\/#website","url":"https:\/\/blogs.uninter.edu.mx\/ehli\/","name":"EHLI","description":"UNINTER","potentialAction":[{"@type":"SearchAction","target":{"@type":"EntryPoint","urlTemplate":"https:\/\/blogs.uninter.edu.mx\/ehli\/?s={search_term_string}"},"query-input":{"@type":"PropertyValueSpecification","valueRequired":true,"valueName":"search_term_string"}}],"inLanguage":"es"},{"@type":"Person","@id":"https:\/\/blogs.uninter.edu.mx\/ehli\/#\/schema\/person\/acba32de687beb125841e046665a587f","name":"Alvaro Vergara Villanueva","image":{"@type":"ImageObject","inLanguage":"es","@id":"https:\/\/secure.gravatar.com\/avatar\/a92518eaffc8d6688193c1097403a68f4affa202b8de3448474f864e1ae1e7c3?s=96&d=mm&r=g","url":"https:\/\/secure.gravatar.com\/avatar\/a92518eaffc8d6688193c1097403a68f4affa202b8de3448474f864e1ae1e7c3?s=96&d=mm&r=g","contentUrl":"https:\/\/secure.gravatar.com\/avatar\/a92518eaffc8d6688193c1097403a68f4affa202b8de3448474f864e1ae1e7c3?s=96&d=mm&r=g","caption":"Alvaro Vergara Villanueva"},"url":"https:\/\/blogs.uninter.edu.mx\/ehli\/index.php\/author\/avergara\/"}]}},"jetpack_featured_media_url":"https:\/\/blogs.uninter.edu.mx\/ehli\/wp-content\/uploads\/2019\/07\/nan-fraga.jpg","_links":{"self":[{"href":"https:\/\/blogs.uninter.edu.mx\/ehli\/index.php\/wp-json\/wp\/v2\/posts\/3891","targetHints":{"allow":["GET"]}}],"collection":[{"href":"https:\/\/blogs.uninter.edu.mx\/ehli\/index.php\/wp-json\/wp\/v2\/posts"}],"about":[{"href":"https:\/\/blogs.uninter.edu.mx\/ehli\/index.php\/wp-json\/wp\/v2\/types\/post"}],"author":[{"embeddable":true,"href":"https:\/\/blogs.uninter.edu.mx\/ehli\/index.php\/wp-json\/wp\/v2\/users\/5"}],"replies":[{"embeddable":true,"href":"https:\/\/blogs.uninter.edu.mx\/ehli\/index.php\/wp-json\/wp\/v2\/comments?post=3891"}],"version-history":[{"count":1,"href":"https:\/\/blogs.uninter.edu.mx\/ehli\/index.php\/wp-json\/wp\/v2\/posts\/3891\/revisions"}],"predecessor-version":[{"id":5484,"href":"https:\/\/blogs.uninter.edu.mx\/ehli\/index.php\/wp-json\/wp\/v2\/posts\/3891\/revisions\/5484"}],"wp:featuredmedia":[{"embeddable":true,"href":"https:\/\/blogs.uninter.edu.mx\/ehli\/index.php\/wp-json\/wp\/v2\/media\/3893"}],"wp:attachment":[{"href":"https:\/\/blogs.uninter.edu.mx\/ehli\/index.php\/wp-json\/wp\/v2\/media?parent=3891"}],"wp:term":[{"taxonomy":"category","embeddable":true,"href":"https:\/\/blogs.uninter.edu.mx\/ehli\/index.php\/wp-json\/wp\/v2\/categories?post=3891"},{"taxonomy":"post_tag","embeddable":true,"href":"https:\/\/blogs.uninter.edu.mx\/ehli\/index.php\/wp-json\/wp\/v2\/tags?post=3891"}],"curies":[{"name":"wp","href":"https:\/\/api.w.org\/{rel}","templated":true}]}}